{"id":9955,"date":"2026-02-25T14:18:35","date_gmt":"2026-02-25T14:18:35","guid":{"rendered":"https:\/\/fcctp.usmp.edu.pe\/noticias\/?p=9955"},"modified":"2026-02-25T14:44:48","modified_gmt":"2026-02-25T14:44:48","slug":"fcctp-da-la-bienvenida-a-estudiantes-internacionales-de-colombia-y-mexico","status":"publish","type":"post","link":"https:\/\/fcctp.usmp.edu.pe\/noticias\/actividades-destacadas\/fcctp-da-la-bienvenida-a-estudiantes-internacionales-de-colombia-y-mexico\/","title":{"rendered":"FCCTP da la bienvenida a estudiantes internacionales de Colombia y M\u00e9xico"},"content":{"rendered":"<p>La Facultad de Ciencias de la Comunicaci\u00f3n, Turismo y Psicolog\u00eda (FCCTP) de la USMP recibi\u00f3 este 24 de febrero a dos estudiantes de intercambio: Andrea Monsalve R\u00edos, de la carrera de Psicolog\u00eda de la Universidad Aut\u00f3noma de Bucaramanga (Colombia), y Naomi Flores Castro, de Turismo y Hoteler\u00eda de la Benem\u00e9rita Universidad Aut\u00f3noma de Puebla (M\u00e9xico), en el marco de los convenios acad\u00e9micos internacionales vigentes.<\/p>\n<p>Esta incorporaci\u00f3n se enmarca en la estrategia de internacionalizaci\u00f3n de la Facultad, orientada a fortalecer la movilidad estudiantil, el intercambio de saberes y el di\u00e1logo intercultural con universidades aliadas.<\/p>\n<p>Durante la bienvenida, la Dra. Amybel S\u00e1nchez de Walther, decana de la FCCTP, destac\u00f3 que su presencia representa una valiosa oportunidad para enriquecer la experiencia acad\u00e9mica, promoviendo el aprendizaje colaborativo y el intercambio de perspectivas entre estudiantes y docentes.<\/p>\n<p>Asimismo, expres\u00f3 su confianza en que su estancia en el Per\u00fa ser\u00e1 una experiencia formativa e integral, tanto en el \u00e1mbito acad\u00e9mico como en el personal. Desde el Decanato, se reafirm\u00f3 el compromiso de acompa\u00f1arlas en su proceso de integraci\u00f3n y adaptaci\u00f3n.<\/p>\n<p>Con esta iniciativa, la FCCTP fortalece su proyecci\u00f3n internacional y consolida su compromiso con una formaci\u00f3n de alcance global.<\/p>\n<div id='gallery-1' class='gallery galleryid-9955 gallery-columns-1 gallery-size-full'><figure class='gallery-item'>\n\t\t\t<div class='gallery-icon landscape'>\n\t\t\t\t<img loading=\"lazy\" decoding=\"async\" width=\"1024\" height=\"683\" src=\"https:\/\/fcctp.usmp.edu.pe\/noticias\/wp-content\/uploads\/2026\/02\/nota-20260225-01.jpg\" class=\"attachment-full size-full\" alt=\"\" \/>\n\t\t\t<\/div><\/figure><figure class='gallery-item'>\n\t\t\t<div class='gallery-icon landscape'>\n\t\t\t\t<img loading=\"lazy\" decoding=\"async\" width=\"1024\" height=\"683\" src=\"https:\/\/fcctp.usmp.edu.pe\/noticias\/wp-content\/uploads\/2026\/02\/nota-20260225-02.jpg\" class=\"attachment-full size-full\" alt=\"\" \/>\n\t\t\t<\/div><\/figure>\n\t\t<\/div>\n\n<div id='gallery-2' class='gallery galleryid-9955 gallery-columns-2 gallery-size-full'><figure class='gallery-item'>\n\t\t\t<div class='gallery-icon portrait'>\n\t\t\t\t<img loading=\"lazy\" decoding=\"async\" width=\"800\" height=\"1200\" src=\"https:\/\/fcctp.usmp.edu.pe\/noticias\/wp-content\/uploads\/2026\/02\/nota-20260225-03.jpg\" class=\"attachment-full size-full\" alt=\"\" \/>\n\t\t\t<\/div><\/figure><figure class='gallery-item'>\n\t\t\t<div class='gallery-icon portrait'>\n\t\t\t\t<img loading=\"lazy\" decoding=\"async\" width=\"800\" height=\"1200\" src=\"https:\/\/fcctp.usmp.edu.pe\/noticias\/wp-content\/uploads\/2026\/02\/nota-20260225-04.jpg\" class=\"attachment-full size-full\" alt=\"\" \/>\n\t\t\t<\/div><\/figure>\n\t\t<\/div>\n\n","protected":false},"excerpt":{"rendered":"<p>La Facultad de Ciencias de la Comunicaci\u00f3n, Turismo y Psicolog\u00eda (FCCTP) de la USMP recibi\u00f3 este 24 de febrero a dos estudiantes de intercambio: Andrea Monsalve R\u00edos, de la carrera de Psicolog\u00eda de la Universidad Aut\u00f3noma de Bucaramanga (Colombia), y Naomi Flores Castro, de Turismo y Hoteler\u00eda de la Benem\u00e9rita Universidad Aut\u00f3noma de Puebla (M\u00e9xico), &#8230; <a title=\"FCCTP da la bienvenida a estudiantes internacionales de Colombia y M\u00e9xico\" class=\"read-more\" href=\"https:\/\/fcctp.usmp.edu.pe\/noticias\/actividades-destacadas\/fcctp-da-la-bienvenida-a-estudiantes-internacionales-de-colombia-y-mexico\/\" aria-label=\"More on FCCTP da la bienvenida a estudiantes internacionales de Colombia y M\u00e9xico\">Read more<\/a><\/p>\n","protected":false},"author":2,"featured_media":9962,"comment_status":"closed","ping_status":"closed","sticky":false,"template":"","format":"standard","meta":{"footnotes":""},"categories":[31,34],"tags":[148,118,147,47,122,46,119,116,98,103],"class_list":["post-9955","post","type-post","status-publish","format-standard","has-post-thumbnail","hentry","category-actividades-destacadas","category-internacional","tag-ciencias-de-la-comunicacion","tag-colombia","tag-fcctp","tag-home-fcctp","tag-intercambio-academico","tag-lo-mas-destacado","tag-mexico","tag-oficina-de-internacional","tag-psicologia","tag-turismo-y-hoteleria"],"yoast_head":"<!-- This site is optimized with the Yoast SEO plugin v28.3 - https:\/\/yoast.com\/product\/yoast-seo-wordpress\/ -->\n<title>FCCTP da la bienvenida a estudiantes internacionales de Colombia y M\u00e9xico - Noticias<\/title>\n<meta name=\"robots\" content=\"index, follow, max-snippet:-1, max-image-preview:large, max-video-preview:-1\" \/>\n<link rel=\"canonical\" href=\"https:\/\/fcctp.usmp.edu.pe\/noticias\/actividades-destacadas\/fcctp-da-la-bienvenida-a-estudiantes-internacionales-de-colombia-y-mexico\/\" \/>\n<meta property=\"og:locale\" content=\"es_ES\" \/>\n<meta property=\"og:type\" content=\"article\" \/>\n<meta property=\"og:title\" content=\"FCCTP da la bienvenida a estudiantes internacionales de Colombia y M\u00e9xico - Noticias\" \/>\n<meta property=\"og:description\" content=\"La Facultad de Ciencias de la Comunicaci\u00f3n, Turismo y Psicolog\u00eda (FCCTP) de la USMP recibi\u00f3 este 24 de febrero a dos estudiantes de intercambio: Andrea Monsalve R\u00edos, de la carrera de Psicolog\u00eda de la Universidad Aut\u00f3noma de Bucaramanga (Colombia), y Naomi Flores Castro, de Turismo y Hoteler\u00eda de la Benem\u00e9rita Universidad Aut\u00f3noma de Puebla (M\u00e9xico), ... Read more\" \/>\n<meta property=\"og:url\" content=\"https:\/\/fcctp.usmp.edu.pe\/noticias\/actividades-destacadas\/fcctp-da-la-bienvenida-a-estudiantes-internacionales-de-colombia-y-mexico\/\" \/>\n<meta property=\"og:site_name\" content=\"Noticias\" \/>\n<meta property=\"article:publisher\" content=\"https:\/\/www.facebook.com\/fcctp\" \/>\n<meta property=\"article:published_time\" content=\"2026-02-25T14:18:35+00:00\" \/>\n<meta property=\"article:modified_time\" content=\"2026-02-25T14:44:48+00:00\" \/>\n<meta property=\"og:image\" content=\"https:\/\/fcctp.usmp.edu.pe\/noticias\/wp-content\/uploads\/2026\/02\/cover-nota-20260225-1.png\" \/>\n\t<meta property=\"og:image:width\" content=\"720\" \/>\n\t<meta property=\"og:image:height\" content=\"450\" \/>\n\t<meta property=\"og:image:type\" content=\"image\/png\" \/>\n<meta name=\"author\" content=\"Omar Huaman\" \/>\n<meta name=\"twitter:card\" content=\"summary_large_image\" \/>\n<meta name=\"twitter:creator\" content=\"@fcctp_usmp\" \/>\n<meta name=\"twitter:site\" content=\"@fcctp_usmp\" \/>\n<meta name=\"twitter:label1\" content=\"Written by\" \/>\n\t<meta name=\"twitter:data1\" content=\"Omar Huaman\" \/>\n\t<meta name=\"twitter:label2\" content=\"Est. reading time\" \/>\n\t<meta name=\"twitter:data2\" content=\"1 minuto\" \/>\n<script type=\"application\/ld+json\" class=\"yoast-schema-graph\">{\"@context\":\"https:\\\/\\\/schema.org\",\"@graph\":[{\"@type\":\"Article\",\"@id\":\"https:\\\/\\\/fcctp.usmp.edu.pe\\\/noticias\\\/actividades-destacadas\\\/fcctp-da-la-bienvenida-a-estudiantes-internacionales-de-colombia-y-mexico\\\/#article\",\"isPartOf\":{\"@id\":\"https:\\\/\\\/fcctp.usmp.edu.pe\\\/noticias\\\/actividades-destacadas\\\/fcctp-da-la-bienvenida-a-estudiantes-internacionales-de-colombia-y-mexico\\\/\"},\"author\":{\"name\":\"Omar Huaman\",\"@id\":\"https:\\\/\\\/fcctp.usmp.edu.pe\\\/noticias\\\/#\\\/schema\\\/person\\\/4fdff53bd44bf6f645fe381e079e1252\"},\"headline\":\"FCCTP da la bienvenida a estudiantes internacionales de Colombia y M\u00e9xico\",\"datePublished\":\"2026-02-25T14:18:35+00:00\",\"dateModified\":\"2026-02-25T14:44:48+00:00\",\"mainEntityOfPage\":{\"@id\":\"https:\\\/\\\/fcctp.usmp.edu.pe\\\/noticias\\\/actividades-destacadas\\\/fcctp-da-la-bienvenida-a-estudiantes-internacionales-de-colombia-y-mexico\\\/\"},\"wordCount\":239,\"publisher\":{\"@id\":\"https:\\\/\\\/fcctp.usmp.edu.pe\\\/noticias\\\/#organization\"},\"image\":{\"@id\":\"https:\\\/\\\/fcctp.usmp.edu.pe\\\/noticias\\\/actividades-destacadas\\\/fcctp-da-la-bienvenida-a-estudiantes-internacionales-de-colombia-y-mexico\\\/#primaryimage\"},\"thumbnailUrl\":\"https:\\\/\\\/fcctp.usmp.edu.pe\\\/noticias\\\/wp-content\\\/uploads\\\/2026\\\/02\\\/cover-nota-20260225-1.png\",\"keywords\":[\"ciencias de la comunicaci\u00f3n\",\"Colombia\",\"FCCTP\",\"Home FCCTP\",\"Intercambio acad\u00e9mico\",\"Lo mas destacado\",\"M\u00e9xico\",\"Oficina de Internacional\",\"Psicolog\u00eda\",\"Turismo y Hoteler\u00eda\"],\"articleSection\":[\"Actividades destacadas\",\"Internacional\"],\"inLanguage\":\"es-PE\"},{\"@type\":\"WebPage\",\"@id\":\"https:\\\/\\\/fcctp.usmp.edu.pe\\\/noticias\\\/actividades-destacadas\\\/fcctp-da-la-bienvenida-a-estudiantes-internacionales-de-colombia-y-mexico\\\/\",\"url\":\"https:\\\/\\\/fcctp.usmp.edu.pe\\\/noticias\\\/actividades-destacadas\\\/fcctp-da-la-bienvenida-a-estudiantes-internacionales-de-colombia-y-mexico\\\/\",\"name\":\"FCCTP da la bienvenida a estudiantes internacionales de Colombia y M\u00e9xico - Noticias\",\"isPartOf\":{\"@id\":\"https:\\\/\\\/fcctp.usmp.edu.pe\\\/noticias\\\/#website\"},\"primaryImageOfPage\":{\"@id\":\"https:\\\/\\\/fcctp.usmp.edu.pe\\\/noticias\\\/actividades-destacadas\\\/fcctp-da-la-bienvenida-a-estudiantes-internacionales-de-colombia-y-mexico\\\/#primaryimage\"},\"image\":{\"@id\":\"https:\\\/\\\/fcctp.usmp.edu.pe\\\/noticias\\\/actividades-destacadas\\\/fcctp-da-la-bienvenida-a-estudiantes-internacionales-de-colombia-y-mexico\\\/#primaryimage\"},\"thumbnailUrl\":\"https:\\\/\\\/fcctp.usmp.edu.pe\\\/noticias\\\/wp-content\\\/uploads\\\/2026\\\/02\\\/cover-nota-20260225-1.png\",\"datePublished\":\"2026-02-25T14:18:35+00:00\",\"dateModified\":\"2026-02-25T14:44:48+00:00\",\"breadcrumb\":{\"@id\":\"https:\\\/\\\/fcctp.usmp.edu.pe\\\/noticias\\\/actividades-destacadas\\\/fcctp-da-la-bienvenida-a-estudiantes-internacionales-de-colombia-y-mexico\\\/#breadcrumb\"},\"inLanguage\":\"es-PE\",\"potentialAction\":[{\"@type\":\"ReadAction\",\"target\":[\"https:\\\/\\\/fcctp.usmp.edu.pe\\\/noticias\\\/actividades-destacadas\\\/fcctp-da-la-bienvenida-a-estudiantes-internacionales-de-colombia-y-mexico\\\/\"]}]},{\"@type\":\"ImageObject\",\"inLanguage\":\"es-PE\",\"@id\":\"https:\\\/\\\/fcctp.usmp.edu.pe\\\/noticias\\\/actividades-destacadas\\\/fcctp-da-la-bienvenida-a-estudiantes-internacionales-de-colombia-y-mexico\\\/#primaryimage\",\"url\":\"https:\\\/\\\/fcctp.usmp.edu.pe\\\/noticias\\\/wp-content\\\/uploads\\\/2026\\\/02\\\/cover-nota-20260225-1.png\",\"contentUrl\":\"https:\\\/\\\/fcctp.usmp.edu.pe\\\/noticias\\\/wp-content\\\/uploads\\\/2026\\\/02\\\/cover-nota-20260225-1.png\",\"width\":720,\"height\":450},{\"@type\":\"BreadcrumbList\",\"@id\":\"https:\\\/\\\/fcctp.usmp.edu.pe\\\/noticias\\\/actividades-destacadas\\\/fcctp-da-la-bienvenida-a-estudiantes-internacionales-de-colombia-y-mexico\\\/#breadcrumb\",\"itemListElement\":[{\"@type\":\"ListItem\",\"position\":1,\"name\":\"Portada\",\"item\":\"https:\\\/\\\/fcctp.usmp.edu.pe\\\/noticias\\\/\"},{\"@type\":\"ListItem\",\"position\":2,\"name\":\"FCCTP da la bienvenida a estudiantes internacionales de Colombia y M\u00e9xico\"}]},{\"@type\":\"WebSite\",\"@id\":\"https:\\\/\\\/fcctp.usmp.edu.pe\\\/noticias\\\/#website\",\"url\":\"https:\\\/\\\/fcctp.usmp.edu.pe\\\/noticias\\\/\",\"name\":\"Noticias FCCTP\",\"description\":\"Facultad de Ciencias de la Comunicaci\u00f3n, Turismo y Psicolog\u00eda\",\"publisher\":{\"@id\":\"https:\\\/\\\/fcctp.usmp.edu.pe\\\/noticias\\\/#organization\"},\"potentialAction\":[{\"@type\":\"SearchAction\",\"target\":{\"@type\":\"EntryPoint\",\"urlTemplate\":\"https:\\\/\\\/fcctp.usmp.edu.pe\\\/noticias\\\/?s={search_term_string}\"},\"query-input\":{\"@type\":\"PropertyValueSpecification\",\"valueRequired\":true,\"valueName\":\"search_term_string\"}}],\"inLanguage\":\"es-PE\"},{\"@type\":\"Organization\",\"@id\":\"https:\\\/\\\/fcctp.usmp.edu.pe\\\/noticias\\\/#organization\",\"name\":\"Facultad de Ciencias de la Comunicaci\u00f3n, Turismo y Psicolog\u00eda\",\"url\":\"https:\\\/\\\/fcctp.usmp.edu.pe\\\/noticias\\\/\",\"logo\":{\"@type\":\"ImageObject\",\"inLanguage\":\"es-PE\",\"@id\":\"https:\\\/\\\/fcctp.usmp.edu.pe\\\/noticias\\\/#\\\/schema\\\/logo\\\/image\\\/\",\"url\":\"https:\\\/\\\/fcctp.usmp.edu.pe\\\/noticias\\\/wp-content\\\/uploads\\\/2022\\\/03\\\/logoFCCTP_60.svg\",\"contentUrl\":\"https:\\\/\\\/fcctp.usmp.edu.pe\\\/noticias\\\/wp-content\\\/uploads\\\/2022\\\/03\\\/logoFCCTP_60.svg\",\"width\":347,\"height\":66,\"caption\":\"Facultad de Ciencias de la Comunicaci\u00f3n, Turismo y Psicolog\u00eda\"},\"image\":{\"@id\":\"https:\\\/\\\/fcctp.usmp.edu.pe\\\/noticias\\\/#\\\/schema\\\/logo\\\/image\\\/\"},\"sameAs\":[\"https:\\\/\\\/www.facebook.com\\\/fcctp\",\"https:\\\/\\\/x.com\\\/fcctp_usmp\",\"https:\\\/\\\/www.instagram.com\\\/fcctp_usmp\\\/\"]},{\"@type\":\"Person\",\"@id\":\"https:\\\/\\\/fcctp.usmp.edu.pe\\\/noticias\\\/#\\\/schema\\\/person\\\/4fdff53bd44bf6f645fe381e079e1252\",\"name\":\"Omar Huaman\",\"image\":{\"@type\":\"ImageObject\",\"inLanguage\":\"es-PE\",\"@id\":\"https:\\\/\\\/secure.gravatar.com\\\/avatar\\\/1ec290616e6e3dc043e286f62b87c0f992c4889ead141b3e3dfc70d018a983e0?s=96&d=mm&r=g\",\"url\":\"https:\\\/\\\/secure.gravatar.com\\\/avatar\\\/1ec290616e6e3dc043e286f62b87c0f992c4889ead141b3e3dfc70d018a983e0?s=96&d=mm&r=g\",\"contentUrl\":\"https:\\\/\\\/secure.gravatar.com\\\/avatar\\\/1ec290616e6e3dc043e286f62b87c0f992c4889ead141b3e3dfc70d018a983e0?s=96&d=mm&r=g\",\"caption\":\"Omar Huaman\"},\"url\":\"https:\\\/\\\/fcctp.usmp.edu.pe\\\/noticias\\\/author\\\/notieditor\\\/\"}]}<\/script>\n<!-- \/ Yoast SEO plugin. -->","yoast_head_json":{"title":"FCCTP da la bienvenida a estudiantes internacionales de Colombia y M\u00e9xico - Noticias","robots":{"index":"index","follow":"follow","max-snippet":"max-snippet:-1","max-image-preview":"max-image-preview:large","max-video-preview":"max-video-preview:-1"},"canonical":"https:\/\/fcctp.usmp.edu.pe\/noticias\/actividades-destacadas\/fcctp-da-la-bienvenida-a-estudiantes-internacionales-de-colombia-y-mexico\/","og_locale":"es_ES","og_type":"article","og_title":"FCCTP da la bienvenida a estudiantes internacionales de Colombia y M\u00e9xico - Noticias","og_description":"La Facultad de Ciencias de la Comunicaci\u00f3n, Turismo y Psicolog\u00eda (FCCTP) de la USMP recibi\u00f3 este 24 de febrero a dos estudiantes de intercambio: Andrea Monsalve R\u00edos, de la carrera de Psicolog\u00eda de la Universidad Aut\u00f3noma de Bucaramanga (Colombia), y Naomi Flores Castro, de Turismo y Hoteler\u00eda de la Benem\u00e9rita Universidad Aut\u00f3noma de Puebla (M\u00e9xico), ... Read more","og_url":"https:\/\/fcctp.usmp.edu.pe\/noticias\/actividades-destacadas\/fcctp-da-la-bienvenida-a-estudiantes-internacionales-de-colombia-y-mexico\/","og_site_name":"Noticias","article_publisher":"https:\/\/www.facebook.com\/fcctp","article_published_time":"2026-02-25T14:18:35+00:00","article_modified_time":"2026-02-25T14:44:48+00:00","og_image":[{"width":720,"height":450,"url":"https:\/\/fcctp.usmp.edu.pe\/noticias\/wp-content\/uploads\/2026\/02\/cover-nota-20260225-1.png","type":"image\/png"}],"author":"Omar Huaman","twitter_card":"summary_large_image","twitter_creator":"@fcctp_usmp","twitter_site":"@fcctp_usmp","twitter_misc":{"Written by":"Omar Huaman","Est. reading time":"1 minuto"},"schema":{"@context":"https:\/\/schema.org","@graph":[{"@type":"Article","@id":"https:\/\/fcctp.usmp.edu.pe\/noticias\/actividades-destacadas\/fcctp-da-la-bienvenida-a-estudiantes-internacionales-de-colombia-y-mexico\/#article","isPartOf":{"@id":"https:\/\/fcctp.usmp.edu.pe\/noticias\/actividades-destacadas\/fcctp-da-la-bienvenida-a-estudiantes-internacionales-de-colombia-y-mexico\/"},"author":{"name":"Omar Huaman","@id":"https:\/\/fcctp.usmp.edu.pe\/noticias\/#\/schema\/person\/4fdff53bd44bf6f645fe381e079e1252"},"headline":"FCCTP da la bienvenida a estudiantes internacionales de Colombia y M\u00e9xico","datePublished":"2026-02-25T14:18:35+00:00","dateModified":"2026-02-25T14:44:48+00:00","mainEntityOfPage":{"@id":"https:\/\/fcctp.usmp.edu.pe\/noticias\/actividades-destacadas\/fcctp-da-la-bienvenida-a-estudiantes-internacionales-de-colombia-y-mexico\/"},"wordCount":239,"publisher":{"@id":"https:\/\/fcctp.usmp.edu.pe\/noticias\/#organization"},"image":{"@id":"https:\/\/fcctp.usmp.edu.pe\/noticias\/actividades-destacadas\/fcctp-da-la-bienvenida-a-estudiantes-internacionales-de-colombia-y-mexico\/#primaryimage"},"thumbnailUrl":"https:\/\/fcctp.usmp.edu.pe\/noticias\/wp-content\/uploads\/2026\/02\/cover-nota-20260225-1.png","keywords":["ciencias de la comunicaci\u00f3n","Colombia","FCCTP","Home FCCTP","Intercambio acad\u00e9mico","Lo mas destacado","M\u00e9xico","Oficina de Internacional","Psicolog\u00eda","Turismo y Hoteler\u00eda"],"articleSection":["Actividades destacadas","Internacional"],"inLanguage":"es-PE"},{"@type":"WebPage","@id":"https:\/\/fcctp.usmp.edu.pe\/noticias\/actividades-destacadas\/fcctp-da-la-bienvenida-a-estudiantes-internacionales-de-colombia-y-mexico\/","url":"https:\/\/fcctp.usmp.edu.pe\/noticias\/actividades-destacadas\/fcctp-da-la-bienvenida-a-estudiantes-internacionales-de-colombia-y-mexico\/","name":"FCCTP da la bienvenida a estudiantes internacionales de Colombia y M\u00e9xico - Noticias","isPartOf":{"@id":"https:\/\/fcctp.usmp.edu.pe\/noticias\/#website"},"primaryImageOfPage":{"@id":"https:\/\/fcctp.usmp.edu.pe\/noticias\/actividades-destacadas\/fcctp-da-la-bienvenida-a-estudiantes-internacionales-de-colombia-y-mexico\/#primaryimage"},"image":{"@id":"https:\/\/fcctp.usmp.edu.pe\/noticias\/actividades-destacadas\/fcctp-da-la-bienvenida-a-estudiantes-internacionales-de-colombia-y-mexico\/#primaryimage"},"thumbnailUrl":"https:\/\/fcctp.usmp.edu.pe\/noticias\/wp-content\/uploads\/2026\/02\/cover-nota-20260225-1.png","datePublished":"2026-02-25T14:18:35+00:00","dateModified":"2026-02-25T14:44:48+00:00","breadcrumb":{"@id":"https:\/\/fcctp.usmp.edu.pe\/noticias\/actividades-destacadas\/fcctp-da-la-bienvenida-a-estudiantes-internacionales-de-colombia-y-mexico\/#breadcrumb"},"inLanguage":"es-PE","potentialAction":[{"@type":"ReadAction","target":["https:\/\/fcctp.usmp.edu.pe\/noticias\/actividades-destacadas\/fcctp-da-la-bienvenida-a-estudiantes-internacionales-de-colombia-y-mexico\/"]}]},{"@type":"ImageObject","inLanguage":"es-PE","@id":"https:\/\/fcctp.usmp.edu.pe\/noticias\/actividades-destacadas\/fcctp-da-la-bienvenida-a-estudiantes-internacionales-de-colombia-y-mexico\/#primaryimage","url":"https:\/\/fcctp.usmp.edu.pe\/noticias\/wp-content\/uploads\/2026\/02\/cover-nota-20260225-1.png","contentUrl":"https:\/\/fcctp.usmp.edu.pe\/noticias\/wp-content\/uploads\/2026\/02\/cover-nota-20260225-1.png","width":720,"height":450},{"@type":"BreadcrumbList","@id":"https:\/\/fcctp.usmp.edu.pe\/noticias\/actividades-destacadas\/fcctp-da-la-bienvenida-a-estudiantes-internacionales-de-colombia-y-mexico\/#breadcrumb","itemListElement":[{"@type":"ListItem","position":1,"name":"Portada","item":"https:\/\/fcctp.usmp.edu.pe\/noticias\/"},{"@type":"ListItem","position":2,"name":"FCCTP da la bienvenida a estudiantes internacionales de Colombia y M\u00e9xico"}]},{"@type":"WebSite","@id":"https:\/\/fcctp.usmp.edu.pe\/noticias\/#website","url":"https:\/\/fcctp.usmp.edu.pe\/noticias\/","name":"Noticias FCCTP","description":"Facultad de Ciencias de la Comunicaci\u00f3n, Turismo y Psicolog\u00eda","publisher":{"@id":"https:\/\/fcctp.usmp.edu.pe\/noticias\/#organization"},"potentialAction":[{"@type":"SearchAction","target":{"@type":"EntryPoint","urlTemplate":"https:\/\/fcctp.usmp.edu.pe\/noticias\/?s={search_term_string}"},"query-input":{"@type":"PropertyValueSpecification","valueRequired":true,"valueName":"search_term_string"}}],"inLanguage":"es-PE"},{"@type":"Organization","@id":"https:\/\/fcctp.usmp.edu.pe\/noticias\/#organization","name":"Facultad de Ciencias de la Comunicaci\u00f3n, Turismo y Psicolog\u00eda","url":"https:\/\/fcctp.usmp.edu.pe\/noticias\/","logo":{"@type":"ImageObject","inLanguage":"es-PE","@id":"https:\/\/fcctp.usmp.edu.pe\/noticias\/#\/schema\/logo\/image\/","url":"https:\/\/fcctp.usmp.edu.pe\/noticias\/wp-content\/uploads\/2022\/03\/logoFCCTP_60.svg","contentUrl":"https:\/\/fcctp.usmp.edu.pe\/noticias\/wp-content\/uploads\/2022\/03\/logoFCCTP_60.svg","width":347,"height":66,"caption":"Facultad de Ciencias de la Comunicaci\u00f3n, Turismo y Psicolog\u00eda"},"image":{"@id":"https:\/\/fcctp.usmp.edu.pe\/noticias\/#\/schema\/logo\/image\/"},"sameAs":["https:\/\/www.facebook.com\/fcctp","https:\/\/x.com\/fcctp_usmp","https:\/\/www.instagram.com\/fcctp_usmp\/"]},{"@type":"Person","@id":"https:\/\/fcctp.usmp.edu.pe\/noticias\/#\/schema\/person\/4fdff53bd44bf6f645fe381e079e1252","name":"Omar Huaman","image":{"@type":"ImageObject","inLanguage":"es-PE","@id":"https:\/\/secure.gravatar.com\/avatar\/1ec290616e6e3dc043e286f62b87c0f992c4889ead141b3e3dfc70d018a983e0?s=96&d=mm&r=g","url":"https:\/\/secure.gravatar.com\/avatar\/1ec290616e6e3dc043e286f62b87c0f992c4889ead141b3e3dfc70d018a983e0?s=96&d=mm&r=g","contentUrl":"https:\/\/secure.gravatar.com\/avatar\/1ec290616e6e3dc043e286f62b87c0f992c4889ead141b3e3dfc70d018a983e0?s=96&d=mm&r=g","caption":"Omar Huaman"},"url":"https:\/\/fcctp.usmp.edu.pe\/noticias\/author\/notieditor\/"}]}},"_links":{"self":[{"href":"https:\/\/fcctp.usmp.edu.pe\/noticias\/wp-json\/wp\/v2\/posts\/9955","targetHints":{"allow":["GET"]}}],"collection":[{"href":"https:\/\/fcctp.usmp.edu.pe\/noticias\/wp-json\/wp\/v2\/posts"}],"about":[{"href":"https:\/\/fcctp.usmp.edu.pe\/noticias\/wp-json\/wp\/v2\/types\/post"}],"author":[{"embeddable":true,"href":"https:\/\/fcctp.usmp.edu.pe\/noticias\/wp-json\/wp\/v2\/users\/2"}],"replies":[{"embeddable":true,"href":"https:\/\/fcctp.usmp.edu.pe\/noticias\/wp-json\/wp\/v2\/comments?post=9955"}],"version-history":[{"count":1,"href":"https:\/\/fcctp.usmp.edu.pe\/noticias\/wp-json\/wp\/v2\/posts\/9955\/revisions"}],"predecessor-version":[{"id":9961,"href":"https:\/\/fcctp.usmp.edu.pe\/noticias\/wp-json\/wp\/v2\/posts\/9955\/revisions\/9961"}],"wp:featuredmedia":[{"embeddable":true,"href":"https:\/\/fcctp.usmp.edu.pe\/noticias\/wp-json\/wp\/v2\/media\/9962"}],"wp:attachment":[{"href":"https:\/\/fcctp.usmp.edu.pe\/noticias\/wp-json\/wp\/v2\/media?parent=9955"}],"wp:term":[{"taxonomy":"category","embeddable":true,"href":"https:\/\/fcctp.usmp.edu.pe\/noticias\/wp-json\/wp\/v2\/categories?post=9955"},{"taxonomy":"post_tag","embeddable":true,"href":"https:\/\/fcctp.usmp.edu.pe\/noticias\/wp-json\/wp\/v2\/tags?post=9955"}],"curies":[{"name":"wp","href":"https:\/\/api.w.org\/{rel}","templated":true}]}}