{"id":9929,"date":"2025-11-03T21:12:35","date_gmt":"2025-11-03T21:12:35","guid":{"rendered":"https:\/\/fcctp.usmp.edu.pe\/noticias\/?p=9929"},"modified":"2026-02-10T15:10:53","modified_gmt":"2026-02-10T15:10:53","slug":"la-fcctp-fortalece-la-cooperacion-academica-internacional-en-turismo-cultural-y-gestion-del-patrimonio","status":"publish","type":"post","link":"https:\/\/fcctp.usmp.edu.pe\/noticias\/turismo-y-hoteleria\/la-fcctp-fortalece-la-cooperacion-academica-internacional-en-turismo-cultural-y-gestion-del-patrimonio\/","title":{"rendered":"La FCCTP fortalece la cooperaci\u00f3n acad\u00e9mica internacional en turismo cultural y gesti\u00f3n del patrimonio"},"content":{"rendered":"<p><span data-contrast=\"auto\">La Universidad de San Mart\u00edn de Porres recibi\u00f3 a la\u00a0Dra.\u00a0Maria\u00a0Dolors Vidal\u00a0Casellas\u00a0y a la\u00a0Dra. S\u00edlvia Aulet\u00a0Serralonga, investigadoras de la Universidad de Girona (Espa\u00f1a), en el marco de una visita acad\u00e9mica\u00a0orientada a fortalecer la cooperaci\u00f3n internacional y el intercambio de conocimientos en los \u00e1mbitos del turismo cultural y la gesti\u00f3n del patrimonio.<\/span><span data-ccp-props=\"{&quot;201341983&quot;:0,&quot;335551550&quot;:6,&quot;335551620&quot;:6,&quot;335559739&quot;:0,&quot;335559740&quot;:240}\">\u00a0<\/span><\/p>\n<p><span data-contrast=\"auto\">Durante su estancia, las especialistas participaron en actividades acad\u00e9micas y espacios de di\u00e1logo con docentes y autoridades universitarias, abordando temas vinculados al turismo cultural, la gesti\u00f3n del patrimonio y la investigaci\u00f3n acad\u00e9mica en estos campos.<\/span><span data-ccp-props=\"{&quot;201341983&quot;:0,&quot;335551550&quot;:6,&quot;335551620&quot;:6,&quot;335559739&quot;:0,&quot;335559740&quot;:240}\">\u00a0<\/span><\/p>\n<p><span data-contrast=\"auto\">La visita reafirma el compromiso de la Universidad de San Mart\u00edn de Porres con la internacionalizaci\u00f3n acad\u00e9mica, la generaci\u00f3n de redes de colaboraci\u00f3n y el impulso de iniciativas que promuevan una formaci\u00f3n integral, alineada con los desaf\u00edos actuales del turismo y la preservaci\u00f3n del patrimonio cultural.<\/span><span data-ccp-props=\"{&quot;201341983&quot;:0,&quot;335551550&quot;:6,&quot;335551620&quot;:6,&quot;335559739&quot;:0,&quot;335559740&quot;:240}\">\u00a0<\/span><\/p>\n<div id='gallery-1' class='gallery galleryid-9929 gallery-columns-2 gallery-size-full'><figure class='gallery-item'>\n\t\t\t<div class='gallery-icon portrait'>\n\t\t\t\t<img loading=\"lazy\" decoding=\"async\" width=\"1080\" height=\"1350\" src=\"https:\/\/fcctp.usmp.edu.pe\/noticias\/wp-content\/uploads\/2026\/02\/41.png\" class=\"attachment-full size-full\" alt=\"\" \/>\n\t\t\t<\/div><\/figure><figure class='gallery-item'>\n\t\t\t<div class='gallery-icon portrait'>\n\t\t\t\t<img loading=\"lazy\" decoding=\"async\" width=\"1080\" height=\"1350\" src=\"https:\/\/fcctp.usmp.edu.pe\/noticias\/wp-content\/uploads\/2026\/02\/42.png\" class=\"attachment-full size-full\" alt=\"\" \/>\n\t\t\t<\/div><\/figure>\n\t\t<\/div>\n\n<div id='gallery-2' class='gallery galleryid-9929 gallery-columns-3 gallery-size-full'><figure class='gallery-item'>\n\t\t\t<div class='gallery-icon portrait'>\n\t\t\t\t<img loading=\"lazy\" decoding=\"async\" width=\"1080\" height=\"1350\" src=\"https:\/\/fcctp.usmp.edu.pe\/noticias\/wp-content\/uploads\/2026\/02\/43.png\" class=\"attachment-full size-full\" alt=\"\" \/>\n\t\t\t<\/div><\/figure><figure class='gallery-item'>\n\t\t\t<div class='gallery-icon portrait'>\n\t\t\t\t<img loading=\"lazy\" decoding=\"async\" width=\"1080\" height=\"1350\" src=\"https:\/\/fcctp.usmp.edu.pe\/noticias\/wp-content\/uploads\/2026\/02\/44.png\" class=\"attachment-full size-full\" alt=\"\" \/>\n\t\t\t<\/div><\/figure><figure class='gallery-item'>\n\t\t\t<div class='gallery-icon portrait'>\n\t\t\t\t<img loading=\"lazy\" decoding=\"async\" width=\"1080\" height=\"1350\" src=\"https:\/\/fcctp.usmp.edu.pe\/noticias\/wp-content\/uploads\/2026\/02\/45.png\" class=\"attachment-full size-full\" alt=\"\" \/>\n\t\t\t<\/div><\/figure>\n\t\t<\/div>\n\n","protected":false},"excerpt":{"rendered":"<p>La Universidad de San Mart\u00edn de Porres recibi\u00f3 a la\u00a0Dra.\u00a0Maria\u00a0Dolors Vidal\u00a0Casellas\u00a0y a la\u00a0Dra. S\u00edlvia Aulet\u00a0Serralonga, investigadoras de la Universidad de Girona (Espa\u00f1a), en el marco de una visita acad\u00e9mica\u00a0orientada a fortalecer la cooperaci\u00f3n internacional y el intercambio de conocimientos en los \u00e1mbitos del turismo cultural y la gesti\u00f3n del patrimonio.\u00a0 Durante su estancia, las especialistas &#8230; <a title=\"La FCCTP fortalece la cooperaci\u00f3n acad\u00e9mica internacional en turismo cultural y gesti\u00f3n del patrimonio\" class=\"read-more\" href=\"https:\/\/fcctp.usmp.edu.pe\/noticias\/turismo-y-hoteleria\/la-fcctp-fortalece-la-cooperacion-academica-internacional-en-turismo-cultural-y-gestion-del-patrimonio\/\" aria-label=\"More on La FCCTP fortalece la cooperaci\u00f3n acad\u00e9mica internacional en turismo cultural y gesti\u00f3n del patrimonio\">Read more<\/a><\/p>\n","protected":false},"author":2,"featured_media":9930,"comment_status":"closed","ping_status":"closed","sticky":false,"template":"","format":"standard","meta":{"footnotes":""},"categories":[31,35,22],"tags":[47,46],"class_list":["post-9929","post","type-post","status-publish","format-standard","has-post-thumbnail","hentry","category-actividades-destacadas","category-actualidad","category-turismo-y-hoteleria","tag-home-fcctp","tag-lo-mas-destacado"],"yoast_head":"<!-- This site is optimized with the Yoast SEO plugin v28.3 - https:\/\/yoast.com\/product\/yoast-seo-wordpress\/ -->\n<title>La FCCTP fortalece la cooperaci\u00f3n acad\u00e9mica internacional en turismo cultural y gesti\u00f3n del patrimonio - Noticias<\/title>\n<meta name=\"robots\" content=\"index, follow, max-snippet:-1, max-image-preview:large, max-video-preview:-1\" \/>\n<link rel=\"canonical\" href=\"https:\/\/fcctp.usmp.edu.pe\/noticias\/turismo-y-hoteleria\/la-fcctp-fortalece-la-cooperacion-academica-internacional-en-turismo-cultural-y-gestion-del-patrimonio\/\" \/>\n<meta property=\"og:locale\" content=\"es_ES\" \/>\n<meta property=\"og:type\" content=\"article\" \/>\n<meta property=\"og:title\" content=\"La FCCTP fortalece la cooperaci\u00f3n acad\u00e9mica internacional en turismo cultural y gesti\u00f3n del patrimonio - Noticias\" \/>\n<meta property=\"og:description\" content=\"La Universidad de San Mart\u00edn de Porres recibi\u00f3 a la\u00a0Dra.\u00a0Maria\u00a0Dolors Vidal\u00a0Casellas\u00a0y a la\u00a0Dra. S\u00edlvia Aulet\u00a0Serralonga, investigadoras de la Universidad de Girona (Espa\u00f1a), en el marco de una visita acad\u00e9mica\u00a0orientada a fortalecer la cooperaci\u00f3n internacional y el intercambio de conocimientos en los \u00e1mbitos del turismo cultural y la gesti\u00f3n del patrimonio.\u00a0 Durante su estancia, las especialistas ... Read more\" \/>\n<meta property=\"og:url\" content=\"https:\/\/fcctp.usmp.edu.pe\/noticias\/turismo-y-hoteleria\/la-fcctp-fortalece-la-cooperacion-academica-internacional-en-turismo-cultural-y-gestion-del-patrimonio\/\" \/>\n<meta property=\"og:site_name\" content=\"Noticias\" \/>\n<meta property=\"article:publisher\" content=\"https:\/\/www.facebook.com\/fcctp\" \/>\n<meta property=\"article:published_time\" content=\"2025-11-03T21:12:35+00:00\" \/>\n<meta property=\"article:modified_time\" content=\"2026-02-10T15:10:53+00:00\" \/>\n<meta property=\"og:image\" content=\"https:\/\/fcctp.usmp.edu.pe\/noticias\/wp-content\/uploads\/2026\/02\/cover-girona.jpg\" \/>\n\t<meta property=\"og:image:width\" content=\"720\" \/>\n\t<meta property=\"og:image:height\" content=\"450\" \/>\n\t<meta property=\"og:image:type\" content=\"image\/jpeg\" \/>\n<meta name=\"author\" content=\"Omar Huaman\" \/>\n<meta name=\"twitter:card\" content=\"summary_large_image\" \/>\n<meta name=\"twitter:creator\" content=\"@fcctp_usmp\" \/>\n<meta name=\"twitter:site\" content=\"@fcctp_usmp\" \/>\n<meta name=\"twitter:label1\" content=\"Written by\" \/>\n\t<meta name=\"twitter:data1\" content=\"Omar Huaman\" \/>\n\t<meta name=\"twitter:label2\" content=\"Est. reading time\" \/>\n\t<meta name=\"twitter:data2\" content=\"1 minuto\" \/>\n<script type=\"application\/ld+json\" class=\"yoast-schema-graph\">{\"@context\":\"https:\\\/\\\/schema.org\",\"@graph\":[{\"@type\":\"Article\",\"@id\":\"https:\\\/\\\/fcctp.usmp.edu.pe\\\/noticias\\\/turismo-y-hoteleria\\\/la-fcctp-fortalece-la-cooperacion-academica-internacional-en-turismo-cultural-y-gestion-del-patrimonio\\\/#article\",\"isPartOf\":{\"@id\":\"https:\\\/\\\/fcctp.usmp.edu.pe\\\/noticias\\\/turismo-y-hoteleria\\\/la-fcctp-fortalece-la-cooperacion-academica-internacional-en-turismo-cultural-y-gestion-del-patrimonio\\\/\"},\"author\":{\"name\":\"Omar Huaman\",\"@id\":\"https:\\\/\\\/fcctp.usmp.edu.pe\\\/noticias\\\/#\\\/schema\\\/person\\\/4fdff53bd44bf6f645fe381e079e1252\"},\"headline\":\"La FCCTP fortalece la cooperaci\u00f3n acad\u00e9mica internacional en turismo cultural y gesti\u00f3n del patrimonio\",\"datePublished\":\"2025-11-03T21:12:35+00:00\",\"dateModified\":\"2026-02-10T15:10:53+00:00\",\"mainEntityOfPage\":{\"@id\":\"https:\\\/\\\/fcctp.usmp.edu.pe\\\/noticias\\\/turismo-y-hoteleria\\\/la-fcctp-fortalece-la-cooperacion-academica-internacional-en-turismo-cultural-y-gestion-del-patrimonio\\\/\"},\"wordCount\":188,\"publisher\":{\"@id\":\"https:\\\/\\\/fcctp.usmp.edu.pe\\\/noticias\\\/#organization\"},\"image\":{\"@id\":\"https:\\\/\\\/fcctp.usmp.edu.pe\\\/noticias\\\/turismo-y-hoteleria\\\/la-fcctp-fortalece-la-cooperacion-academica-internacional-en-turismo-cultural-y-gestion-del-patrimonio\\\/#primaryimage\"},\"thumbnailUrl\":\"https:\\\/\\\/fcctp.usmp.edu.pe\\\/noticias\\\/wp-content\\\/uploads\\\/2026\\\/02\\\/cover-girona.jpg\",\"keywords\":[\"Home FCCTP\",\"Lo mas destacado\"],\"articleSection\":[\"Actividades destacadas\",\"Actualidad\",\"Turismo y Hoteler\u00eda\"],\"inLanguage\":\"es-PE\"},{\"@type\":\"WebPage\",\"@id\":\"https:\\\/\\\/fcctp.usmp.edu.pe\\\/noticias\\\/turismo-y-hoteleria\\\/la-fcctp-fortalece-la-cooperacion-academica-internacional-en-turismo-cultural-y-gestion-del-patrimonio\\\/\",\"url\":\"https:\\\/\\\/fcctp.usmp.edu.pe\\\/noticias\\\/turismo-y-hoteleria\\\/la-fcctp-fortalece-la-cooperacion-academica-internacional-en-turismo-cultural-y-gestion-del-patrimonio\\\/\",\"name\":\"La FCCTP fortalece la cooperaci\u00f3n acad\u00e9mica internacional en turismo cultural y gesti\u00f3n del patrimonio - Noticias\",\"isPartOf\":{\"@id\":\"https:\\\/\\\/fcctp.usmp.edu.pe\\\/noticias\\\/#website\"},\"primaryImageOfPage\":{\"@id\":\"https:\\\/\\\/fcctp.usmp.edu.pe\\\/noticias\\\/turismo-y-hoteleria\\\/la-fcctp-fortalece-la-cooperacion-academica-internacional-en-turismo-cultural-y-gestion-del-patrimonio\\\/#primaryimage\"},\"image\":{\"@id\":\"https:\\\/\\\/fcctp.usmp.edu.pe\\\/noticias\\\/turismo-y-hoteleria\\\/la-fcctp-fortalece-la-cooperacion-academica-internacional-en-turismo-cultural-y-gestion-del-patrimonio\\\/#primaryimage\"},\"thumbnailUrl\":\"https:\\\/\\\/fcctp.usmp.edu.pe\\\/noticias\\\/wp-content\\\/uploads\\\/2026\\\/02\\\/cover-girona.jpg\",\"datePublished\":\"2025-11-03T21:12:35+00:00\",\"dateModified\":\"2026-02-10T15:10:53+00:00\",\"breadcrumb\":{\"@id\":\"https:\\\/\\\/fcctp.usmp.edu.pe\\\/noticias\\\/turismo-y-hoteleria\\\/la-fcctp-fortalece-la-cooperacion-academica-internacional-en-turismo-cultural-y-gestion-del-patrimonio\\\/#breadcrumb\"},\"inLanguage\":\"es-PE\",\"potentialAction\":[{\"@type\":\"ReadAction\",\"target\":[\"https:\\\/\\\/fcctp.usmp.edu.pe\\\/noticias\\\/turismo-y-hoteleria\\\/la-fcctp-fortalece-la-cooperacion-academica-internacional-en-turismo-cultural-y-gestion-del-patrimonio\\\/\"]}]},{\"@type\":\"ImageObject\",\"inLanguage\":\"es-PE\",\"@id\":\"https:\\\/\\\/fcctp.usmp.edu.pe\\\/noticias\\\/turismo-y-hoteleria\\\/la-fcctp-fortalece-la-cooperacion-academica-internacional-en-turismo-cultural-y-gestion-del-patrimonio\\\/#primaryimage\",\"url\":\"https:\\\/\\\/fcctp.usmp.edu.pe\\\/noticias\\\/wp-content\\\/uploads\\\/2026\\\/02\\\/cover-girona.jpg\",\"contentUrl\":\"https:\\\/\\\/fcctp.usmp.edu.pe\\\/noticias\\\/wp-content\\\/uploads\\\/2026\\\/02\\\/cover-girona.jpg\",\"width\":720,\"height\":450},{\"@type\":\"BreadcrumbList\",\"@id\":\"https:\\\/\\\/fcctp.usmp.edu.pe\\\/noticias\\\/turismo-y-hoteleria\\\/la-fcctp-fortalece-la-cooperacion-academica-internacional-en-turismo-cultural-y-gestion-del-patrimonio\\\/#breadcrumb\",\"itemListElement\":[{\"@type\":\"ListItem\",\"position\":1,\"name\":\"Portada\",\"item\":\"https:\\\/\\\/fcctp.usmp.edu.pe\\\/noticias\\\/\"},{\"@type\":\"ListItem\",\"position\":2,\"name\":\"La FCCTP fortalece la cooperaci\u00f3n acad\u00e9mica internacional en turismo cultural y gesti\u00f3n del patrimonio\"}]},{\"@type\":\"WebSite\",\"@id\":\"https:\\\/\\\/fcctp.usmp.edu.pe\\\/noticias\\\/#website\",\"url\":\"https:\\\/\\\/fcctp.usmp.edu.pe\\\/noticias\\\/\",\"name\":\"Noticias FCCTP\",\"description\":\"Facultad de Ciencias de la Comunicaci\u00f3n, Turismo y Psicolog\u00eda\",\"publisher\":{\"@id\":\"https:\\\/\\\/fcctp.usmp.edu.pe\\\/noticias\\\/#organization\"},\"potentialAction\":[{\"@type\":\"SearchAction\",\"target\":{\"@type\":\"EntryPoint\",\"urlTemplate\":\"https:\\\/\\\/fcctp.usmp.edu.pe\\\/noticias\\\/?s={search_term_string}\"},\"query-input\":{\"@type\":\"PropertyValueSpecification\",\"valueRequired\":true,\"valueName\":\"search_term_string\"}}],\"inLanguage\":\"es-PE\"},{\"@type\":\"Organization\",\"@id\":\"https:\\\/\\\/fcctp.usmp.edu.pe\\\/noticias\\\/#organization\",\"name\":\"Facultad de Ciencias de la Comunicaci\u00f3n, Turismo y Psicolog\u00eda\",\"url\":\"https:\\\/\\\/fcctp.usmp.edu.pe\\\/noticias\\\/\",\"logo\":{\"@type\":\"ImageObject\",\"inLanguage\":\"es-PE\",\"@id\":\"https:\\\/\\\/fcctp.usmp.edu.pe\\\/noticias\\\/#\\\/schema\\\/logo\\\/image\\\/\",\"url\":\"https:\\\/\\\/fcctp.usmp.edu.pe\\\/noticias\\\/wp-content\\\/uploads\\\/2022\\\/03\\\/logoFCCTP_60.svg\",\"contentUrl\":\"https:\\\/\\\/fcctp.usmp.edu.pe\\\/noticias\\\/wp-content\\\/uploads\\\/2022\\\/03\\\/logoFCCTP_60.svg\",\"width\":347,\"height\":66,\"caption\":\"Facultad de Ciencias de la Comunicaci\u00f3n, Turismo y Psicolog\u00eda\"},\"image\":{\"@id\":\"https:\\\/\\\/fcctp.usmp.edu.pe\\\/noticias\\\/#\\\/schema\\\/logo\\\/image\\\/\"},\"sameAs\":[\"https:\\\/\\\/www.facebook.com\\\/fcctp\",\"https:\\\/\\\/x.com\\\/fcctp_usmp\",\"https:\\\/\\\/www.instagram.com\\\/fcctp_usmp\\\/\"]},{\"@type\":\"Person\",\"@id\":\"https:\\\/\\\/fcctp.usmp.edu.pe\\\/noticias\\\/#\\\/schema\\\/person\\\/4fdff53bd44bf6f645fe381e079e1252\",\"name\":\"Omar Huaman\",\"image\":{\"@type\":\"ImageObject\",\"inLanguage\":\"es-PE\",\"@id\":\"https:\\\/\\\/secure.gravatar.com\\\/avatar\\\/1ec290616e6e3dc043e286f62b87c0f992c4889ead141b3e3dfc70d018a983e0?s=96&d=mm&r=g\",\"url\":\"https:\\\/\\\/secure.gravatar.com\\\/avatar\\\/1ec290616e6e3dc043e286f62b87c0f992c4889ead141b3e3dfc70d018a983e0?s=96&d=mm&r=g\",\"contentUrl\":\"https:\\\/\\\/secure.gravatar.com\\\/avatar\\\/1ec290616e6e3dc043e286f62b87c0f992c4889ead141b3e3dfc70d018a983e0?s=96&d=mm&r=g\",\"caption\":\"Omar Huaman\"},\"url\":\"https:\\\/\\\/fcctp.usmp.edu.pe\\\/noticias\\\/author\\\/notieditor\\\/\"}]}<\/script>\n<!-- \/ Yoast SEO plugin. -->","yoast_head_json":{"title":"La FCCTP fortalece la cooperaci\u00f3n acad\u00e9mica internacional en turismo cultural y gesti\u00f3n del patrimonio - Noticias","robots":{"index":"index","follow":"follow","max-snippet":"max-snippet:-1","max-image-preview":"max-image-preview:large","max-video-preview":"max-video-preview:-1"},"canonical":"https:\/\/fcctp.usmp.edu.pe\/noticias\/turismo-y-hoteleria\/la-fcctp-fortalece-la-cooperacion-academica-internacional-en-turismo-cultural-y-gestion-del-patrimonio\/","og_locale":"es_ES","og_type":"article","og_title":"La FCCTP fortalece la cooperaci\u00f3n acad\u00e9mica internacional en turismo cultural y gesti\u00f3n del patrimonio - Noticias","og_description":"La Universidad de San Mart\u00edn de Porres recibi\u00f3 a la\u00a0Dra.\u00a0Maria\u00a0Dolors Vidal\u00a0Casellas\u00a0y a la\u00a0Dra. S\u00edlvia Aulet\u00a0Serralonga, investigadoras de la Universidad de Girona (Espa\u00f1a), en el marco de una visita acad\u00e9mica\u00a0orientada a fortalecer la cooperaci\u00f3n internacional y el intercambio de conocimientos en los \u00e1mbitos del turismo cultural y la gesti\u00f3n del patrimonio.\u00a0 Durante su estancia, las especialistas ... Read more","og_url":"https:\/\/fcctp.usmp.edu.pe\/noticias\/turismo-y-hoteleria\/la-fcctp-fortalece-la-cooperacion-academica-internacional-en-turismo-cultural-y-gestion-del-patrimonio\/","og_site_name":"Noticias","article_publisher":"https:\/\/www.facebook.com\/fcctp","article_published_time":"2025-11-03T21:12:35+00:00","article_modified_time":"2026-02-10T15:10:53+00:00","og_image":[{"width":720,"height":450,"url":"https:\/\/fcctp.usmp.edu.pe\/noticias\/wp-content\/uploads\/2026\/02\/cover-girona.jpg","type":"image\/jpeg"}],"author":"Omar Huaman","twitter_card":"summary_large_image","twitter_creator":"@fcctp_usmp","twitter_site":"@fcctp_usmp","twitter_misc":{"Written by":"Omar Huaman","Est. reading time":"1 minuto"},"schema":{"@context":"https:\/\/schema.org","@graph":[{"@type":"Article","@id":"https:\/\/fcctp.usmp.edu.pe\/noticias\/turismo-y-hoteleria\/la-fcctp-fortalece-la-cooperacion-academica-internacional-en-turismo-cultural-y-gestion-del-patrimonio\/#article","isPartOf":{"@id":"https:\/\/fcctp.usmp.edu.pe\/noticias\/turismo-y-hoteleria\/la-fcctp-fortalece-la-cooperacion-academica-internacional-en-turismo-cultural-y-gestion-del-patrimonio\/"},"author":{"name":"Omar Huaman","@id":"https:\/\/fcctp.usmp.edu.pe\/noticias\/#\/schema\/person\/4fdff53bd44bf6f645fe381e079e1252"},"headline":"La FCCTP fortalece la cooperaci\u00f3n acad\u00e9mica internacional en turismo cultural y gesti\u00f3n del patrimonio","datePublished":"2025-11-03T21:12:35+00:00","dateModified":"2026-02-10T15:10:53+00:00","mainEntityOfPage":{"@id":"https:\/\/fcctp.usmp.edu.pe\/noticias\/turismo-y-hoteleria\/la-fcctp-fortalece-la-cooperacion-academica-internacional-en-turismo-cultural-y-gestion-del-patrimonio\/"},"wordCount":188,"publisher":{"@id":"https:\/\/fcctp.usmp.edu.pe\/noticias\/#organization"},"image":{"@id":"https:\/\/fcctp.usmp.edu.pe\/noticias\/turismo-y-hoteleria\/la-fcctp-fortalece-la-cooperacion-academica-internacional-en-turismo-cultural-y-gestion-del-patrimonio\/#primaryimage"},"thumbnailUrl":"https:\/\/fcctp.usmp.edu.pe\/noticias\/wp-content\/uploads\/2026\/02\/cover-girona.jpg","keywords":["Home FCCTP","Lo mas destacado"],"articleSection":["Actividades destacadas","Actualidad","Turismo y Hoteler\u00eda"],"inLanguage":"es-PE"},{"@type":"WebPage","@id":"https:\/\/fcctp.usmp.edu.pe\/noticias\/turismo-y-hoteleria\/la-fcctp-fortalece-la-cooperacion-academica-internacional-en-turismo-cultural-y-gestion-del-patrimonio\/","url":"https:\/\/fcctp.usmp.edu.pe\/noticias\/turismo-y-hoteleria\/la-fcctp-fortalece-la-cooperacion-academica-internacional-en-turismo-cultural-y-gestion-del-patrimonio\/","name":"La FCCTP fortalece la cooperaci\u00f3n acad\u00e9mica internacional en turismo cultural y gesti\u00f3n del patrimonio - Noticias","isPartOf":{"@id":"https:\/\/fcctp.usmp.edu.pe\/noticias\/#website"},"primaryImageOfPage":{"@id":"https:\/\/fcctp.usmp.edu.pe\/noticias\/turismo-y-hoteleria\/la-fcctp-fortalece-la-cooperacion-academica-internacional-en-turismo-cultural-y-gestion-del-patrimonio\/#primaryimage"},"image":{"@id":"https:\/\/fcctp.usmp.edu.pe\/noticias\/turismo-y-hoteleria\/la-fcctp-fortalece-la-cooperacion-academica-internacional-en-turismo-cultural-y-gestion-del-patrimonio\/#primaryimage"},"thumbnailUrl":"https:\/\/fcctp.usmp.edu.pe\/noticias\/wp-content\/uploads\/2026\/02\/cover-girona.jpg","datePublished":"2025-11-03T21:12:35+00:00","dateModified":"2026-02-10T15:10:53+00:00","breadcrumb":{"@id":"https:\/\/fcctp.usmp.edu.pe\/noticias\/turismo-y-hoteleria\/la-fcctp-fortalece-la-cooperacion-academica-internacional-en-turismo-cultural-y-gestion-del-patrimonio\/#breadcrumb"},"inLanguage":"es-PE","potentialAction":[{"@type":"ReadAction","target":["https:\/\/fcctp.usmp.edu.pe\/noticias\/turismo-y-hoteleria\/la-fcctp-fortalece-la-cooperacion-academica-internacional-en-turismo-cultural-y-gestion-del-patrimonio\/"]}]},{"@type":"ImageObject","inLanguage":"es-PE","@id":"https:\/\/fcctp.usmp.edu.pe\/noticias\/turismo-y-hoteleria\/la-fcctp-fortalece-la-cooperacion-academica-internacional-en-turismo-cultural-y-gestion-del-patrimonio\/#primaryimage","url":"https:\/\/fcctp.usmp.edu.pe\/noticias\/wp-content\/uploads\/2026\/02\/cover-girona.jpg","contentUrl":"https:\/\/fcctp.usmp.edu.pe\/noticias\/wp-content\/uploads\/2026\/02\/cover-girona.jpg","width":720,"height":450},{"@type":"BreadcrumbList","@id":"https:\/\/fcctp.usmp.edu.pe\/noticias\/turismo-y-hoteleria\/la-fcctp-fortalece-la-cooperacion-academica-internacional-en-turismo-cultural-y-gestion-del-patrimonio\/#breadcrumb","itemListElement":[{"@type":"ListItem","position":1,"name":"Portada","item":"https:\/\/fcctp.usmp.edu.pe\/noticias\/"},{"@type":"ListItem","position":2,"name":"La FCCTP fortalece la cooperaci\u00f3n acad\u00e9mica internacional en turismo cultural y gesti\u00f3n del patrimonio"}]},{"@type":"WebSite","@id":"https:\/\/fcctp.usmp.edu.pe\/noticias\/#website","url":"https:\/\/fcctp.usmp.edu.pe\/noticias\/","name":"Noticias FCCTP","description":"Facultad de Ciencias de la Comunicaci\u00f3n, Turismo y Psicolog\u00eda","publisher":{"@id":"https:\/\/fcctp.usmp.edu.pe\/noticias\/#organization"},"potentialAction":[{"@type":"SearchAction","target":{"@type":"EntryPoint","urlTemplate":"https:\/\/fcctp.usmp.edu.pe\/noticias\/?s={search_term_string}"},"query-input":{"@type":"PropertyValueSpecification","valueRequired":true,"valueName":"search_term_string"}}],"inLanguage":"es-PE"},{"@type":"Organization","@id":"https:\/\/fcctp.usmp.edu.pe\/noticias\/#organization","name":"Facultad de Ciencias de la Comunicaci\u00f3n, Turismo y Psicolog\u00eda","url":"https:\/\/fcctp.usmp.edu.pe\/noticias\/","logo":{"@type":"ImageObject","inLanguage":"es-PE","@id":"https:\/\/fcctp.usmp.edu.pe\/noticias\/#\/schema\/logo\/image\/","url":"https:\/\/fcctp.usmp.edu.pe\/noticias\/wp-content\/uploads\/2022\/03\/logoFCCTP_60.svg","contentUrl":"https:\/\/fcctp.usmp.edu.pe\/noticias\/wp-content\/uploads\/2022\/03\/logoFCCTP_60.svg","width":347,"height":66,"caption":"Facultad de Ciencias de la Comunicaci\u00f3n, Turismo y Psicolog\u00eda"},"image":{"@id":"https:\/\/fcctp.usmp.edu.pe\/noticias\/#\/schema\/logo\/image\/"},"sameAs":["https:\/\/www.facebook.com\/fcctp","https:\/\/x.com\/fcctp_usmp","https:\/\/www.instagram.com\/fcctp_usmp\/"]},{"@type":"Person","@id":"https:\/\/fcctp.usmp.edu.pe\/noticias\/#\/schema\/person\/4fdff53bd44bf6f645fe381e079e1252","name":"Omar Huaman","image":{"@type":"ImageObject","inLanguage":"es-PE","@id":"https:\/\/secure.gravatar.com\/avatar\/1ec290616e6e3dc043e286f62b87c0f992c4889ead141b3e3dfc70d018a983e0?s=96&d=mm&r=g","url":"https:\/\/secure.gravatar.com\/avatar\/1ec290616e6e3dc043e286f62b87c0f992c4889ead141b3e3dfc70d018a983e0?s=96&d=mm&r=g","contentUrl":"https:\/\/secure.gravatar.com\/avatar\/1ec290616e6e3dc043e286f62b87c0f992c4889ead141b3e3dfc70d018a983e0?s=96&d=mm&r=g","caption":"Omar Huaman"},"url":"https:\/\/fcctp.usmp.edu.pe\/noticias\/author\/notieditor\/"}]}},"_links":{"self":[{"href":"https:\/\/fcctp.usmp.edu.pe\/noticias\/wp-json\/wp\/v2\/posts\/9929","targetHints":{"allow":["GET"]}}],"collection":[{"href":"https:\/\/fcctp.usmp.edu.pe\/noticias\/wp-json\/wp\/v2\/posts"}],"about":[{"href":"https:\/\/fcctp.usmp.edu.pe\/noticias\/wp-json\/wp\/v2\/types\/post"}],"author":[{"embeddable":true,"href":"https:\/\/fcctp.usmp.edu.pe\/noticias\/wp-json\/wp\/v2\/users\/2"}],"replies":[{"embeddable":true,"href":"https:\/\/fcctp.usmp.edu.pe\/noticias\/wp-json\/wp\/v2\/comments?post=9929"}],"version-history":[{"count":3,"href":"https:\/\/fcctp.usmp.edu.pe\/noticias\/wp-json\/wp\/v2\/posts\/9929\/revisions"}],"predecessor-version":[{"id":9944,"href":"https:\/\/fcctp.usmp.edu.pe\/noticias\/wp-json\/wp\/v2\/posts\/9929\/revisions\/9944"}],"wp:featuredmedia":[{"embeddable":true,"href":"https:\/\/fcctp.usmp.edu.pe\/noticias\/wp-json\/wp\/v2\/media\/9930"}],"wp:attachment":[{"href":"https:\/\/fcctp.usmp.edu.pe\/noticias\/wp-json\/wp\/v2\/media?parent=9929"}],"wp:term":[{"taxonomy":"category","embeddable":true,"href":"https:\/\/fcctp.usmp.edu.pe\/noticias\/wp-json\/wp\/v2\/categories?post=9929"},{"taxonomy":"post_tag","embeddable":true,"href":"https:\/\/fcctp.usmp.edu.pe\/noticias\/wp-json\/wp\/v2\/tags?post=9929"}],"curies":[{"name":"wp","href":"https:\/\/api.w.org\/{rel}","templated":true}]}}