{"id":9909,"date":"2026-01-28T20:04:23","date_gmt":"2026-01-28T20:04:23","guid":{"rendered":"https:\/\/fcctp.usmp.edu.pe\/noticias\/?p=9909"},"modified":"2026-02-10T15:42:27","modified_gmt":"2026-02-10T15:42:27","slug":"la-fcctp-realizo-la-ceremonia-de-graduacion-de-la-promocion-2025-ii-de-psicologia","status":"publish","type":"post","link":"https:\/\/fcctp.usmp.edu.pe\/noticias\/psicologia\/la-fcctp-realizo-la-ceremonia-de-graduacion-de-la-promocion-2025-ii-de-psicologia\/","title":{"rendered":"La FCCTP realiz\u00f3 la ceremonia de graduaci\u00f3n de la Promoci\u00f3n 2025-II de Psicolog\u00eda"},"content":{"rendered":"<p>El viernes 23 de enero de 2026, la Facultad de Ciencias de la Comunicaci\u00f3n, Turismo y Psicolog\u00eda (FCCTP) de la Universidad de San Mart\u00edn de Porres realiz\u00f3 la ceremonia de graduaci\u00f3n de la Promoci\u00f3n 2025-II de la Escuela Profesional de Psicolog\u00eda, acto acad\u00e9mico que reuni\u00f3 a autoridades universitarias, graduados y familiares.<\/p>\n<p>Durante la ceremonia, se reconoci\u00f3 el camino recorrido por 147 egresados, quienes culminaron su formaci\u00f3n universitaria tras un proceso sostenido de estudio, esfuerzo y compromiso acad\u00e9mico, acompa\u00f1ados por sus familias y por la comunidad universitaria.<\/p>\n<p>La ceremonia fue presidida por la Dra. Amybel S\u00e1nchez de Walther, decana de la FCCTP, quien en su discurso destac\u00f3 que culminar la formaci\u00f3n universitaria no se limita a la obtenci\u00f3n de un grado acad\u00e9mico, sino que representa un proceso de decisiones, perseverancia y crecimiento personal, desarrollado en un contexto social en el que las demandas vinculadas a la salud mental son cada vez m\u00e1s evidentes.<\/p>\n<p>Asimismo, subray\u00f3 que el ejercicio de la Psicolog\u00eda exige una formaci\u00f3n cient\u00edfica rigurosa, sustentada en la investigaci\u00f3n, la escucha genuina y el cuidado del propio bienestar, como condiciones necesarias para comprender y cuidar al ser humano en su complejidad, y para intervenir de manera responsable en los distintos \u00e1mbitos del ejercicio profesional.<\/p>\n<p>Finalmente, la Decana reafirm\u00f3 a la Universidad de San Mart\u00edn de Porres como alma mater y comunidad acad\u00e9mica permanente para sus egresados, expresando su confianza en que los nuevos profesionales contribuir\u00e1n positivamente al bienestar de las personas y de la sociedad.<\/p>\n<p>Con esta ceremonia, la FCCTP reafirma su compromiso con la formaci\u00f3n de profesionales de la Psicolog\u00eda con s\u00f3lida preparaci\u00f3n acad\u00e9mica, criterio profesional y sentido humano.<\/p>\n<div id='gallery-1' class='gallery galleryid-9909 gallery-columns-2 gallery-size-full'><figure class='gallery-item'>\n\t\t\t<div class='gallery-icon portrait'>\n\t\t\t\t<img loading=\"lazy\" decoding=\"async\" width=\"1080\" height=\"1350\" src=\"https:\/\/fcctp.usmp.edu.pe\/noticias\/wp-content\/uploads\/2026\/01\/ceremonia-psico-01-1.jpg\" class=\"attachment-full size-full\" alt=\"\" \/>\n\t\t\t<\/div><\/figure><figure class='gallery-item'>\n\t\t\t<div class='gallery-icon portrait'>\n\t\t\t\t<img loading=\"lazy\" decoding=\"async\" width=\"1080\" height=\"1350\" src=\"https:\/\/fcctp.usmp.edu.pe\/noticias\/wp-content\/uploads\/2026\/01\/ceremonia-psico-02-1.jpg\" class=\"attachment-full size-full\" alt=\"\" \/>\n\t\t\t<\/div><\/figure>\n\t\t<\/div>\n\n<div id='gallery-2' class='gallery galleryid-9909 gallery-columns-2 gallery-size-full'><figure class='gallery-item'>\n\t\t\t<div class='gallery-icon portrait'>\n\t\t\t\t<img loading=\"lazy\" decoding=\"async\" width=\"1080\" height=\"1350\" src=\"https:\/\/fcctp.usmp.edu.pe\/noticias\/wp-content\/uploads\/2026\/01\/ceremonia-psico-04-1.jpg\" class=\"attachment-full size-full\" alt=\"\" \/>\n\t\t\t<\/div><\/figure><figure class='gallery-item'>\n\t\t\t<div class='gallery-icon portrait'>\n\t\t\t\t<img loading=\"lazy\" decoding=\"async\" width=\"1080\" height=\"1350\" src=\"https:\/\/fcctp.usmp.edu.pe\/noticias\/wp-content\/uploads\/2026\/01\/ceremonia-psico-03-1.jpg\" class=\"attachment-full size-full\" alt=\"\" \/>\n\t\t\t<\/div><\/figure>\n\t\t<\/div>\n\n<div id='gallery-3' class='gallery galleryid-9909 gallery-columns-2 gallery-size-full'><figure class='gallery-item'>\n\t\t\t<div class='gallery-icon portrait'>\n\t\t\t\t<img loading=\"lazy\" decoding=\"async\" width=\"1080\" height=\"1350\" src=\"https:\/\/fcctp.usmp.edu.pe\/noticias\/wp-content\/uploads\/2026\/01\/ceremonia-psico-05-1.jpg\" class=\"attachment-full size-full\" alt=\"\" \/>\n\t\t\t<\/div><\/figure><figure class='gallery-item'>\n\t\t\t<div class='gallery-icon portrait'>\n\t\t\t\t<img loading=\"lazy\" decoding=\"async\" width=\"1080\" height=\"1350\" src=\"https:\/\/fcctp.usmp.edu.pe\/noticias\/wp-content\/uploads\/2026\/01\/ceremonia-psico-06-1.jpg\" class=\"attachment-full size-full\" alt=\"\" \/>\n\t\t\t<\/div><\/figure>\n\t\t<\/div>\n\n<div id='gallery-4' class='gallery galleryid-9909 gallery-columns-2 gallery-size-full'><figure class='gallery-item'>\n\t\t\t<div class='gallery-icon portrait'>\n\t\t\t\t<img loading=\"lazy\" decoding=\"async\" width=\"1080\" height=\"1350\" src=\"https:\/\/fcctp.usmp.edu.pe\/noticias\/wp-content\/uploads\/2026\/01\/ceremonia-psico-07.jpg\" class=\"attachment-full size-full\" alt=\"\" \/>\n\t\t\t<\/div><\/figure><figure class='gallery-item'>\n\t\t\t<div class='gallery-icon portrait'>\n\t\t\t\t<img loading=\"lazy\" decoding=\"async\" width=\"1080\" height=\"1350\" src=\"https:\/\/fcctp.usmp.edu.pe\/noticias\/wp-content\/uploads\/2026\/01\/ceremonia-psico-08.jpg\" class=\"attachment-full size-full\" alt=\"\" \/>\n\t\t\t<\/div><\/figure>\n\t\t<\/div>\n\n<p>&nbsp;<\/p>\n","protected":false},"excerpt":{"rendered":"<p>El viernes 23 de enero de 2026, la Facultad de Ciencias de la Comunicaci\u00f3n, Turismo y Psicolog\u00eda (FCCTP) de la Universidad de San Mart\u00edn de Porres realiz\u00f3 la ceremonia de graduaci\u00f3n de la Promoci\u00f3n 2025-II de la Escuela Profesional de Psicolog\u00eda, acto acad\u00e9mico que reuni\u00f3 a autoridades universitarias, graduados y familiares. Durante la ceremonia, se &#8230; <a title=\"La FCCTP realiz\u00f3 la ceremonia de graduaci\u00f3n de la Promoci\u00f3n 2025-II de Psicolog\u00eda\" class=\"read-more\" href=\"https:\/\/fcctp.usmp.edu.pe\/noticias\/psicologia\/la-fcctp-realizo-la-ceremonia-de-graduacion-de-la-promocion-2025-ii-de-psicologia\/\" aria-label=\"More on La FCCTP realiz\u00f3 la ceremonia de graduaci\u00f3n de la Promoci\u00f3n 2025-II de Psicolog\u00eda\">Read more<\/a><\/p>\n","protected":false},"author":2,"featured_media":9910,"comment_status":"closed","ping_status":"closed","sticky":false,"template":"","format":"standard","meta":{"footnotes":""},"categories":[31,23],"tags":[148,147,149,47,46,98,103],"class_list":["post-9909","post","type-post","status-publish","format-standard","has-post-thumbnail","hentry","category-actividades-destacadas","category-psicologia","tag-ciencias-de-la-comunicacion","tag-fcctp","tag-graduacion-fcctp","tag-home-fcctp","tag-lo-mas-destacado","tag-psicologia","tag-turismo-y-hoteleria"],"yoast_head":"<!-- This site is optimized with the Yoast SEO plugin v28.3 - https:\/\/yoast.com\/product\/yoast-seo-wordpress\/ -->\n<title>La FCCTP realiz\u00f3 la ceremonia de graduaci\u00f3n de la Promoci\u00f3n 2025-II de Psicolog\u00eda - Noticias<\/title>\n<meta name=\"robots\" content=\"index, follow, max-snippet:-1, max-image-preview:large, max-video-preview:-1\" \/>\n<link rel=\"canonical\" href=\"https:\/\/fcctp.usmp.edu.pe\/noticias\/psicologia\/la-fcctp-realizo-la-ceremonia-de-graduacion-de-la-promocion-2025-ii-de-psicologia\/\" \/>\n<meta property=\"og:locale\" content=\"es_ES\" \/>\n<meta property=\"og:type\" content=\"article\" \/>\n<meta property=\"og:title\" content=\"La FCCTP realiz\u00f3 la ceremonia de graduaci\u00f3n de la Promoci\u00f3n 2025-II de Psicolog\u00eda - Noticias\" \/>\n<meta property=\"og:description\" content=\"El viernes 23 de enero de 2026, la Facultad de Ciencias de la Comunicaci\u00f3n, Turismo y Psicolog\u00eda (FCCTP) de la Universidad de San Mart\u00edn de Porres realiz\u00f3 la ceremonia de graduaci\u00f3n de la Promoci\u00f3n 2025-II de la Escuela Profesional de Psicolog\u00eda, acto acad\u00e9mico que reuni\u00f3 a autoridades universitarias, graduados y familiares. Durante la ceremonia, se ... Read more\" \/>\n<meta property=\"og:url\" content=\"https:\/\/fcctp.usmp.edu.pe\/noticias\/psicologia\/la-fcctp-realizo-la-ceremonia-de-graduacion-de-la-promocion-2025-ii-de-psicologia\/\" \/>\n<meta property=\"og:site_name\" content=\"Noticias\" \/>\n<meta property=\"article:publisher\" content=\"https:\/\/www.facebook.com\/fcctp\" \/>\n<meta property=\"article:published_time\" content=\"2026-01-28T20:04:23+00:00\" \/>\n<meta property=\"article:modified_time\" content=\"2026-02-10T15:42:27+00:00\" \/>\n<meta property=\"og:image\" content=\"https:\/\/fcctp.usmp.edu.pe\/noticias\/wp-content\/uploads\/2026\/01\/cover-graduacion-psicologia.png\" \/>\n\t<meta property=\"og:image:width\" content=\"720\" \/>\n\t<meta property=\"og:image:height\" content=\"450\" \/>\n\t<meta property=\"og:image:type\" content=\"image\/png\" \/>\n<meta name=\"author\" content=\"Omar Huaman\" \/>\n<meta name=\"twitter:card\" content=\"summary_large_image\" \/>\n<meta name=\"twitter:creator\" content=\"@fcctp_usmp\" \/>\n<meta name=\"twitter:site\" content=\"@fcctp_usmp\" \/>\n<meta name=\"twitter:label1\" content=\"Written by\" \/>\n\t<meta name=\"twitter:data1\" content=\"Omar Huaman\" \/>\n\t<meta name=\"twitter:label2\" content=\"Est. reading time\" \/>\n\t<meta name=\"twitter:data2\" content=\"2 minutos\" \/>\n<script type=\"application\/ld+json\" class=\"yoast-schema-graph\">{\"@context\":\"https:\\\/\\\/schema.org\",\"@graph\":[{\"@type\":\"Article\",\"@id\":\"https:\\\/\\\/fcctp.usmp.edu.pe\\\/noticias\\\/psicologia\\\/la-fcctp-realizo-la-ceremonia-de-graduacion-de-la-promocion-2025-ii-de-psicologia\\\/#article\",\"isPartOf\":{\"@id\":\"https:\\\/\\\/fcctp.usmp.edu.pe\\\/noticias\\\/psicologia\\\/la-fcctp-realizo-la-ceremonia-de-graduacion-de-la-promocion-2025-ii-de-psicologia\\\/\"},\"author\":{\"name\":\"Omar Huaman\",\"@id\":\"https:\\\/\\\/fcctp.usmp.edu.pe\\\/noticias\\\/#\\\/schema\\\/person\\\/4fdff53bd44bf6f645fe381e079e1252\"},\"headline\":\"La FCCTP realiz\u00f3 la ceremonia de graduaci\u00f3n de la Promoci\u00f3n 2025-II de Psicolog\u00eda\",\"datePublished\":\"2026-01-28T20:04:23+00:00\",\"dateModified\":\"2026-02-10T15:42:27+00:00\",\"mainEntityOfPage\":{\"@id\":\"https:\\\/\\\/fcctp.usmp.edu.pe\\\/noticias\\\/psicologia\\\/la-fcctp-realizo-la-ceremonia-de-graduacion-de-la-promocion-2025-ii-de-psicologia\\\/\"},\"wordCount\":339,\"publisher\":{\"@id\":\"https:\\\/\\\/fcctp.usmp.edu.pe\\\/noticias\\\/#organization\"},\"image\":{\"@id\":\"https:\\\/\\\/fcctp.usmp.edu.pe\\\/noticias\\\/psicologia\\\/la-fcctp-realizo-la-ceremonia-de-graduacion-de-la-promocion-2025-ii-de-psicologia\\\/#primaryimage\"},\"thumbnailUrl\":\"https:\\\/\\\/fcctp.usmp.edu.pe\\\/noticias\\\/wp-content\\\/uploads\\\/2026\\\/01\\\/cover-graduacion-psicologia.png\",\"keywords\":[\"ciencias de la comunicaci\u00f3n\",\"FCCTP\",\"graduaci\u00f3n fcctp\",\"Home FCCTP\",\"Lo mas destacado\",\"Psicolog\u00eda\",\"Turismo y Hoteler\u00eda\"],\"articleSection\":[\"Actividades destacadas\",\"Psicolog\u00eda\"],\"inLanguage\":\"es-PE\"},{\"@type\":\"WebPage\",\"@id\":\"https:\\\/\\\/fcctp.usmp.edu.pe\\\/noticias\\\/psicologia\\\/la-fcctp-realizo-la-ceremonia-de-graduacion-de-la-promocion-2025-ii-de-psicologia\\\/\",\"url\":\"https:\\\/\\\/fcctp.usmp.edu.pe\\\/noticias\\\/psicologia\\\/la-fcctp-realizo-la-ceremonia-de-graduacion-de-la-promocion-2025-ii-de-psicologia\\\/\",\"name\":\"La FCCTP realiz\u00f3 la ceremonia de graduaci\u00f3n de la Promoci\u00f3n 2025-II de Psicolog\u00eda - Noticias\",\"isPartOf\":{\"@id\":\"https:\\\/\\\/fcctp.usmp.edu.pe\\\/noticias\\\/#website\"},\"primaryImageOfPage\":{\"@id\":\"https:\\\/\\\/fcctp.usmp.edu.pe\\\/noticias\\\/psicologia\\\/la-fcctp-realizo-la-ceremonia-de-graduacion-de-la-promocion-2025-ii-de-psicologia\\\/#primaryimage\"},\"image\":{\"@id\":\"https:\\\/\\\/fcctp.usmp.edu.pe\\\/noticias\\\/psicologia\\\/la-fcctp-realizo-la-ceremonia-de-graduacion-de-la-promocion-2025-ii-de-psicologia\\\/#primaryimage\"},\"thumbnailUrl\":\"https:\\\/\\\/fcctp.usmp.edu.pe\\\/noticias\\\/wp-content\\\/uploads\\\/2026\\\/01\\\/cover-graduacion-psicologia.png\",\"datePublished\":\"2026-01-28T20:04:23+00:00\",\"dateModified\":\"2026-02-10T15:42:27+00:00\",\"breadcrumb\":{\"@id\":\"https:\\\/\\\/fcctp.usmp.edu.pe\\\/noticias\\\/psicologia\\\/la-fcctp-realizo-la-ceremonia-de-graduacion-de-la-promocion-2025-ii-de-psicologia\\\/#breadcrumb\"},\"inLanguage\":\"es-PE\",\"potentialAction\":[{\"@type\":\"ReadAction\",\"target\":[\"https:\\\/\\\/fcctp.usmp.edu.pe\\\/noticias\\\/psicologia\\\/la-fcctp-realizo-la-ceremonia-de-graduacion-de-la-promocion-2025-ii-de-psicologia\\\/\"]}]},{\"@type\":\"ImageObject\",\"inLanguage\":\"es-PE\",\"@id\":\"https:\\\/\\\/fcctp.usmp.edu.pe\\\/noticias\\\/psicologia\\\/la-fcctp-realizo-la-ceremonia-de-graduacion-de-la-promocion-2025-ii-de-psicologia\\\/#primaryimage\",\"url\":\"https:\\\/\\\/fcctp.usmp.edu.pe\\\/noticias\\\/wp-content\\\/uploads\\\/2026\\\/01\\\/cover-graduacion-psicologia.png\",\"contentUrl\":\"https:\\\/\\\/fcctp.usmp.edu.pe\\\/noticias\\\/wp-content\\\/uploads\\\/2026\\\/01\\\/cover-graduacion-psicologia.png\",\"width\":720,\"height\":450},{\"@type\":\"BreadcrumbList\",\"@id\":\"https:\\\/\\\/fcctp.usmp.edu.pe\\\/noticias\\\/psicologia\\\/la-fcctp-realizo-la-ceremonia-de-graduacion-de-la-promocion-2025-ii-de-psicologia\\\/#breadcrumb\",\"itemListElement\":[{\"@type\":\"ListItem\",\"position\":1,\"name\":\"Portada\",\"item\":\"https:\\\/\\\/fcctp.usmp.edu.pe\\\/noticias\\\/\"},{\"@type\":\"ListItem\",\"position\":2,\"name\":\"La FCCTP realiz\u00f3 la ceremonia de graduaci\u00f3n de la Promoci\u00f3n 2025-II de Psicolog\u00eda\"}]},{\"@type\":\"WebSite\",\"@id\":\"https:\\\/\\\/fcctp.usmp.edu.pe\\\/noticias\\\/#website\",\"url\":\"https:\\\/\\\/fcctp.usmp.edu.pe\\\/noticias\\\/\",\"name\":\"Noticias FCCTP\",\"description\":\"Facultad de Ciencias de la Comunicaci\u00f3n, Turismo y Psicolog\u00eda\",\"publisher\":{\"@id\":\"https:\\\/\\\/fcctp.usmp.edu.pe\\\/noticias\\\/#organization\"},\"potentialAction\":[{\"@type\":\"SearchAction\",\"target\":{\"@type\":\"EntryPoint\",\"urlTemplate\":\"https:\\\/\\\/fcctp.usmp.edu.pe\\\/noticias\\\/?s={search_term_string}\"},\"query-input\":{\"@type\":\"PropertyValueSpecification\",\"valueRequired\":true,\"valueName\":\"search_term_string\"}}],\"inLanguage\":\"es-PE\"},{\"@type\":\"Organization\",\"@id\":\"https:\\\/\\\/fcctp.usmp.edu.pe\\\/noticias\\\/#organization\",\"name\":\"Facultad de Ciencias de la Comunicaci\u00f3n, Turismo y Psicolog\u00eda\",\"url\":\"https:\\\/\\\/fcctp.usmp.edu.pe\\\/noticias\\\/\",\"logo\":{\"@type\":\"ImageObject\",\"inLanguage\":\"es-PE\",\"@id\":\"https:\\\/\\\/fcctp.usmp.edu.pe\\\/noticias\\\/#\\\/schema\\\/logo\\\/image\\\/\",\"url\":\"https:\\\/\\\/fcctp.usmp.edu.pe\\\/noticias\\\/wp-content\\\/uploads\\\/2022\\\/03\\\/logoFCCTP_60.svg\",\"contentUrl\":\"https:\\\/\\\/fcctp.usmp.edu.pe\\\/noticias\\\/wp-content\\\/uploads\\\/2022\\\/03\\\/logoFCCTP_60.svg\",\"width\":347,\"height\":66,\"caption\":\"Facultad de Ciencias de la Comunicaci\u00f3n, Turismo y Psicolog\u00eda\"},\"image\":{\"@id\":\"https:\\\/\\\/fcctp.usmp.edu.pe\\\/noticias\\\/#\\\/schema\\\/logo\\\/image\\\/\"},\"sameAs\":[\"https:\\\/\\\/www.facebook.com\\\/fcctp\",\"https:\\\/\\\/x.com\\\/fcctp_usmp\",\"https:\\\/\\\/www.instagram.com\\\/fcctp_usmp\\\/\"]},{\"@type\":\"Person\",\"@id\":\"https:\\\/\\\/fcctp.usmp.edu.pe\\\/noticias\\\/#\\\/schema\\\/person\\\/4fdff53bd44bf6f645fe381e079e1252\",\"name\":\"Omar Huaman\",\"image\":{\"@type\":\"ImageObject\",\"inLanguage\":\"es-PE\",\"@id\":\"https:\\\/\\\/secure.gravatar.com\\\/avatar\\\/1ec290616e6e3dc043e286f62b87c0f992c4889ead141b3e3dfc70d018a983e0?s=96&d=mm&r=g\",\"url\":\"https:\\\/\\\/secure.gravatar.com\\\/avatar\\\/1ec290616e6e3dc043e286f62b87c0f992c4889ead141b3e3dfc70d018a983e0?s=96&d=mm&r=g\",\"contentUrl\":\"https:\\\/\\\/secure.gravatar.com\\\/avatar\\\/1ec290616e6e3dc043e286f62b87c0f992c4889ead141b3e3dfc70d018a983e0?s=96&d=mm&r=g\",\"caption\":\"Omar Huaman\"},\"url\":\"https:\\\/\\\/fcctp.usmp.edu.pe\\\/noticias\\\/author\\\/notieditor\\\/\"}]}<\/script>\n<!-- \/ Yoast SEO plugin. -->","yoast_head_json":{"title":"La FCCTP realiz\u00f3 la ceremonia de graduaci\u00f3n de la Promoci\u00f3n 2025-II de Psicolog\u00eda - Noticias","robots":{"index":"index","follow":"follow","max-snippet":"max-snippet:-1","max-image-preview":"max-image-preview:large","max-video-preview":"max-video-preview:-1"},"canonical":"https:\/\/fcctp.usmp.edu.pe\/noticias\/psicologia\/la-fcctp-realizo-la-ceremonia-de-graduacion-de-la-promocion-2025-ii-de-psicologia\/","og_locale":"es_ES","og_type":"article","og_title":"La FCCTP realiz\u00f3 la ceremonia de graduaci\u00f3n de la Promoci\u00f3n 2025-II de Psicolog\u00eda - Noticias","og_description":"El viernes 23 de enero de 2026, la Facultad de Ciencias de la Comunicaci\u00f3n, Turismo y Psicolog\u00eda (FCCTP) de la Universidad de San Mart\u00edn de Porres realiz\u00f3 la ceremonia de graduaci\u00f3n de la Promoci\u00f3n 2025-II de la Escuela Profesional de Psicolog\u00eda, acto acad\u00e9mico que reuni\u00f3 a autoridades universitarias, graduados y familiares. Durante la ceremonia, se ... Read more","og_url":"https:\/\/fcctp.usmp.edu.pe\/noticias\/psicologia\/la-fcctp-realizo-la-ceremonia-de-graduacion-de-la-promocion-2025-ii-de-psicologia\/","og_site_name":"Noticias","article_publisher":"https:\/\/www.facebook.com\/fcctp","article_published_time":"2026-01-28T20:04:23+00:00","article_modified_time":"2026-02-10T15:42:27+00:00","og_image":[{"width":720,"height":450,"url":"https:\/\/fcctp.usmp.edu.pe\/noticias\/wp-content\/uploads\/2026\/01\/cover-graduacion-psicologia.png","type":"image\/png"}],"author":"Omar Huaman","twitter_card":"summary_large_image","twitter_creator":"@fcctp_usmp","twitter_site":"@fcctp_usmp","twitter_misc":{"Written by":"Omar Huaman","Est. reading time":"2 minutos"},"schema":{"@context":"https:\/\/schema.org","@graph":[{"@type":"Article","@id":"https:\/\/fcctp.usmp.edu.pe\/noticias\/psicologia\/la-fcctp-realizo-la-ceremonia-de-graduacion-de-la-promocion-2025-ii-de-psicologia\/#article","isPartOf":{"@id":"https:\/\/fcctp.usmp.edu.pe\/noticias\/psicologia\/la-fcctp-realizo-la-ceremonia-de-graduacion-de-la-promocion-2025-ii-de-psicologia\/"},"author":{"name":"Omar Huaman","@id":"https:\/\/fcctp.usmp.edu.pe\/noticias\/#\/schema\/person\/4fdff53bd44bf6f645fe381e079e1252"},"headline":"La FCCTP realiz\u00f3 la ceremonia de graduaci\u00f3n de la Promoci\u00f3n 2025-II de Psicolog\u00eda","datePublished":"2026-01-28T20:04:23+00:00","dateModified":"2026-02-10T15:42:27+00:00","mainEntityOfPage":{"@id":"https:\/\/fcctp.usmp.edu.pe\/noticias\/psicologia\/la-fcctp-realizo-la-ceremonia-de-graduacion-de-la-promocion-2025-ii-de-psicologia\/"},"wordCount":339,"publisher":{"@id":"https:\/\/fcctp.usmp.edu.pe\/noticias\/#organization"},"image":{"@id":"https:\/\/fcctp.usmp.edu.pe\/noticias\/psicologia\/la-fcctp-realizo-la-ceremonia-de-graduacion-de-la-promocion-2025-ii-de-psicologia\/#primaryimage"},"thumbnailUrl":"https:\/\/fcctp.usmp.edu.pe\/noticias\/wp-content\/uploads\/2026\/01\/cover-graduacion-psicologia.png","keywords":["ciencias de la comunicaci\u00f3n","FCCTP","graduaci\u00f3n fcctp","Home FCCTP","Lo mas destacado","Psicolog\u00eda","Turismo y Hoteler\u00eda"],"articleSection":["Actividades destacadas","Psicolog\u00eda"],"inLanguage":"es-PE"},{"@type":"WebPage","@id":"https:\/\/fcctp.usmp.edu.pe\/noticias\/psicologia\/la-fcctp-realizo-la-ceremonia-de-graduacion-de-la-promocion-2025-ii-de-psicologia\/","url":"https:\/\/fcctp.usmp.edu.pe\/noticias\/psicologia\/la-fcctp-realizo-la-ceremonia-de-graduacion-de-la-promocion-2025-ii-de-psicologia\/","name":"La FCCTP realiz\u00f3 la ceremonia de graduaci\u00f3n de la Promoci\u00f3n 2025-II de Psicolog\u00eda - Noticias","isPartOf":{"@id":"https:\/\/fcctp.usmp.edu.pe\/noticias\/#website"},"primaryImageOfPage":{"@id":"https:\/\/fcctp.usmp.edu.pe\/noticias\/psicologia\/la-fcctp-realizo-la-ceremonia-de-graduacion-de-la-promocion-2025-ii-de-psicologia\/#primaryimage"},"image":{"@id":"https:\/\/fcctp.usmp.edu.pe\/noticias\/psicologia\/la-fcctp-realizo-la-ceremonia-de-graduacion-de-la-promocion-2025-ii-de-psicologia\/#primaryimage"},"thumbnailUrl":"https:\/\/fcctp.usmp.edu.pe\/noticias\/wp-content\/uploads\/2026\/01\/cover-graduacion-psicologia.png","datePublished":"2026-01-28T20:04:23+00:00","dateModified":"2026-02-10T15:42:27+00:00","breadcrumb":{"@id":"https:\/\/fcctp.usmp.edu.pe\/noticias\/psicologia\/la-fcctp-realizo-la-ceremonia-de-graduacion-de-la-promocion-2025-ii-de-psicologia\/#breadcrumb"},"inLanguage":"es-PE","potentialAction":[{"@type":"ReadAction","target":["https:\/\/fcctp.usmp.edu.pe\/noticias\/psicologia\/la-fcctp-realizo-la-ceremonia-de-graduacion-de-la-promocion-2025-ii-de-psicologia\/"]}]},{"@type":"ImageObject","inLanguage":"es-PE","@id":"https:\/\/fcctp.usmp.edu.pe\/noticias\/psicologia\/la-fcctp-realizo-la-ceremonia-de-graduacion-de-la-promocion-2025-ii-de-psicologia\/#primaryimage","url":"https:\/\/fcctp.usmp.edu.pe\/noticias\/wp-content\/uploads\/2026\/01\/cover-graduacion-psicologia.png","contentUrl":"https:\/\/fcctp.usmp.edu.pe\/noticias\/wp-content\/uploads\/2026\/01\/cover-graduacion-psicologia.png","width":720,"height":450},{"@type":"BreadcrumbList","@id":"https:\/\/fcctp.usmp.edu.pe\/noticias\/psicologia\/la-fcctp-realizo-la-ceremonia-de-graduacion-de-la-promocion-2025-ii-de-psicologia\/#breadcrumb","itemListElement":[{"@type":"ListItem","position":1,"name":"Portada","item":"https:\/\/fcctp.usmp.edu.pe\/noticias\/"},{"@type":"ListItem","position":2,"name":"La FCCTP realiz\u00f3 la ceremonia de graduaci\u00f3n de la Promoci\u00f3n 2025-II de Psicolog\u00eda"}]},{"@type":"WebSite","@id":"https:\/\/fcctp.usmp.edu.pe\/noticias\/#website","url":"https:\/\/fcctp.usmp.edu.pe\/noticias\/","name":"Noticias FCCTP","description":"Facultad de Ciencias de la Comunicaci\u00f3n, Turismo y Psicolog\u00eda","publisher":{"@id":"https:\/\/fcctp.usmp.edu.pe\/noticias\/#organization"},"potentialAction":[{"@type":"SearchAction","target":{"@type":"EntryPoint","urlTemplate":"https:\/\/fcctp.usmp.edu.pe\/noticias\/?s={search_term_string}"},"query-input":{"@type":"PropertyValueSpecification","valueRequired":true,"valueName":"search_term_string"}}],"inLanguage":"es-PE"},{"@type":"Organization","@id":"https:\/\/fcctp.usmp.edu.pe\/noticias\/#organization","name":"Facultad de Ciencias de la Comunicaci\u00f3n, Turismo y Psicolog\u00eda","url":"https:\/\/fcctp.usmp.edu.pe\/noticias\/","logo":{"@type":"ImageObject","inLanguage":"es-PE","@id":"https:\/\/fcctp.usmp.edu.pe\/noticias\/#\/schema\/logo\/image\/","url":"https:\/\/fcctp.usmp.edu.pe\/noticias\/wp-content\/uploads\/2022\/03\/logoFCCTP_60.svg","contentUrl":"https:\/\/fcctp.usmp.edu.pe\/noticias\/wp-content\/uploads\/2022\/03\/logoFCCTP_60.svg","width":347,"height":66,"caption":"Facultad de Ciencias de la Comunicaci\u00f3n, Turismo y Psicolog\u00eda"},"image":{"@id":"https:\/\/fcctp.usmp.edu.pe\/noticias\/#\/schema\/logo\/image\/"},"sameAs":["https:\/\/www.facebook.com\/fcctp","https:\/\/x.com\/fcctp_usmp","https:\/\/www.instagram.com\/fcctp_usmp\/"]},{"@type":"Person","@id":"https:\/\/fcctp.usmp.edu.pe\/noticias\/#\/schema\/person\/4fdff53bd44bf6f645fe381e079e1252","name":"Omar Huaman","image":{"@type":"ImageObject","inLanguage":"es-PE","@id":"https:\/\/secure.gravatar.com\/avatar\/1ec290616e6e3dc043e286f62b87c0f992c4889ead141b3e3dfc70d018a983e0?s=96&d=mm&r=g","url":"https:\/\/secure.gravatar.com\/avatar\/1ec290616e6e3dc043e286f62b87c0f992c4889ead141b3e3dfc70d018a983e0?s=96&d=mm&r=g","contentUrl":"https:\/\/secure.gravatar.com\/avatar\/1ec290616e6e3dc043e286f62b87c0f992c4889ead141b3e3dfc70d018a983e0?s=96&d=mm&r=g","caption":"Omar Huaman"},"url":"https:\/\/fcctp.usmp.edu.pe\/noticias\/author\/notieditor\/"}]}},"_links":{"self":[{"href":"https:\/\/fcctp.usmp.edu.pe\/noticias\/wp-json\/wp\/v2\/posts\/9909","targetHints":{"allow":["GET"]}}],"collection":[{"href":"https:\/\/fcctp.usmp.edu.pe\/noticias\/wp-json\/wp\/v2\/posts"}],"about":[{"href":"https:\/\/fcctp.usmp.edu.pe\/noticias\/wp-json\/wp\/v2\/types\/post"}],"author":[{"embeddable":true,"href":"https:\/\/fcctp.usmp.edu.pe\/noticias\/wp-json\/wp\/v2\/users\/2"}],"replies":[{"embeddable":true,"href":"https:\/\/fcctp.usmp.edu.pe\/noticias\/wp-json\/wp\/v2\/comments?post=9909"}],"version-history":[{"count":4,"href":"https:\/\/fcctp.usmp.edu.pe\/noticias\/wp-json\/wp\/v2\/posts\/9909\/revisions"}],"predecessor-version":[{"id":9928,"href":"https:\/\/fcctp.usmp.edu.pe\/noticias\/wp-json\/wp\/v2\/posts\/9909\/revisions\/9928"}],"wp:featuredmedia":[{"embeddable":true,"href":"https:\/\/fcctp.usmp.edu.pe\/noticias\/wp-json\/wp\/v2\/media\/9910"}],"wp:attachment":[{"href":"https:\/\/fcctp.usmp.edu.pe\/noticias\/wp-json\/wp\/v2\/media?parent=9909"}],"wp:term":[{"taxonomy":"category","embeddable":true,"href":"https:\/\/fcctp.usmp.edu.pe\/noticias\/wp-json\/wp\/v2\/categories?post=9909"},{"taxonomy":"post_tag","embeddable":true,"href":"https:\/\/fcctp.usmp.edu.pe\/noticias\/wp-json\/wp\/v2\/tags?post=9909"}],"curies":[{"name":"wp","href":"https:\/\/api.w.org\/{rel}","templated":true}]}}