{"id":9885,"date":"2025-05-30T14:43:20","date_gmt":"2025-05-30T14:43:20","guid":{"rendered":"https:\/\/fcctp.usmp.edu.pe\/noticias\/?p=9885"},"modified":"2025-08-04T16:27:13","modified_gmt":"2025-08-04T16:27:13","slug":"comweek-2025-una-semana-para-imaginar-crear-y-transformar-la-comunicacion","status":"publish","type":"post","link":"https:\/\/fcctp.usmp.edu.pe\/noticias\/comunicaciones\/comweek-2025-una-semana-para-imaginar-crear-y-transformar-la-comunicacion\/","title":{"rendered":"COMWEEK 2025: Una semana para imaginar, crear y transformar la comunicaci\u00f3n"},"content":{"rendered":"<p>Del lunes al viernes, vivimos una experiencia inolvidable en la <strong>COMWEEK 2025<\/strong>, la Semana de las Comunicaciones organizada por la <strong>Escuela Profesional de Ciencias de la Comunicaci\u00f3n de la Universidad de San Mart\u00edn de Porres<\/strong>. Fue una edici\u00f3n que destac\u00f3 por su innovaci\u00f3n, diversidad de actividades y la energ\u00eda creativa que nos inspir\u00f3 a todos.<\/p>\n<p>Durante cinco d\u00edas intensos, estudiantes, docentes, profesionales y especialistas se sumergieron en talleres especializados, ponencias inspiradoras, exhibiciones interactivas y experiencias inmersivas que nos conectaron con las tendencias m\u00e1s relevantes del mundo de la comunicaci\u00f3n y la creatividad.<\/p>\n<p>Entre las actividades m\u00e1s destacadas se realiz\u00f3 la <strong>cuarta edici\u00f3n del concurso universitario de publicidad CRANIUM \u201cEl Desaf\u00edo\u201d \u2013 2025<\/strong>, una experiencia formativa \u00fanica que reta a los estudiantes a desarrollar campa\u00f1as creativas para <strong>marcas reales<\/strong>, evaluadas por reconocidos creativos de agencias y representantes del sector empresarial.<\/p>\n<p>Durante ocho semanas, los estudiantes de la EPCC trabajaron con marcas como <strong>Bitel, Indie Spirit y Aero Regional Quito<\/strong>, enfrentando un proceso exigente de presentaci\u00f3n, retroalimentaci\u00f3n y defensa de ideas. En la ceremonia final, realizada el <strong>27 de mayo<\/strong>, se premi\u00f3 al equipo que desarroll\u00f3 la campa\u00f1a para Aero Regional Quito, quienes recibieron un <strong>pasaje ida y vuelta Lima\u2013Quito<\/strong>. Adem\u00e1s, se sorte\u00f3 un segundo pasaje entre los equipos ganadores de Bitel e Indie Spirit como muestra del compromiso de las marcas con el talento emergente.<\/p>\n<p>El evento incluy\u00f3 una charla magistral a cargo del reconocido creativo <strong>Aldo Canchaya<\/strong>, quien comparti\u00f3 su visi\u00f3n sobre el impacto de la creatividad en el ADN de las campa\u00f1as digitales actuales.<\/p>\n<p>Tambi\u00e9n se celebr\u00f3 el concurso de cr\u00f3nicas narrativas <strong>\u201cNarra una Historia\u201d<\/strong>, que visibiliz\u00f3 las voces creativas y reflexivas de nuestros estudiantes a trav\u00e9s de relatos poderosos, \u00edntimos y socialmente conectados.<\/p>\n<p><strong>COMWEEK 2025 reafirma nuestro compromiso con la formaci\u00f3n integral de comunicadores capaces de innovar, transformar y liderar en el cambiante entorno profesional.<\/strong><\/p>\n","protected":false},"excerpt":{"rendered":"<p>Del lunes al viernes, vivimos una experiencia inolvidable en la COMWEEK 2025, la Semana de las Comunicaciones organizada por la Escuela Profesional de Ciencias de la Comunicaci\u00f3n de la Universidad de San Mart\u00edn de Porres. Fue una edici\u00f3n que destac\u00f3 por su innovaci\u00f3n, diversidad de actividades y la energ\u00eda creativa que nos inspir\u00f3 a todos. &#8230; <a title=\"COMWEEK 2025: Una semana para imaginar, crear y transformar la comunicaci\u00f3n\" class=\"read-more\" href=\"https:\/\/fcctp.usmp.edu.pe\/noticias\/comunicaciones\/comweek-2025-una-semana-para-imaginar-crear-y-transformar-la-comunicacion\/\" aria-label=\"More on COMWEEK 2025: Una semana para imaginar, crear y transformar la comunicaci\u00f3n\">Read more<\/a><\/p>\n","protected":false},"author":2,"featured_media":9886,"comment_status":"closed","ping_status":"closed","sticky":false,"template":"","format":"standard","meta":{"footnotes":""},"categories":[21],"tags":[47,46],"class_list":["post-9885","post","type-post","status-publish","format-standard","has-post-thumbnail","hentry","category-comunicaciones","tag-home-fcctp","tag-lo-mas-destacado"],"_links":{"self":[{"href":"https:\/\/fcctp.usmp.edu.pe\/noticias\/wp-json\/wp\/v2\/posts\/9885","targetHints":{"allow":["GET"]}}],"collection":[{"href":"https:\/\/fcctp.usmp.edu.pe\/noticias\/wp-json\/wp\/v2\/posts"}],"about":[{"href":"https:\/\/fcctp.usmp.edu.pe\/noticias\/wp-json\/wp\/v2\/types\/post"}],"author":[{"embeddable":true,"href":"https:\/\/fcctp.usmp.edu.pe\/noticias\/wp-json\/wp\/v2\/users\/2"}],"replies":[{"embeddable":true,"href":"https:\/\/fcctp.usmp.edu.pe\/noticias\/wp-json\/wp\/v2\/comments?post=9885"}],"version-history":[{"count":1,"href":"https:\/\/fcctp.usmp.edu.pe\/noticias\/wp-json\/wp\/v2\/posts\/9885\/revisions"}],"predecessor-version":[{"id":9887,"href":"https:\/\/fcctp.usmp.edu.pe\/noticias\/wp-json\/wp\/v2\/posts\/9885\/revisions\/9887"}],"wp:featuredmedia":[{"embeddable":true,"href":"https:\/\/fcctp.usmp.edu.pe\/noticias\/wp-json\/wp\/v2\/media\/9886"}],"wp:attachment":[{"href":"https:\/\/fcctp.usmp.edu.pe\/noticias\/wp-json\/wp\/v2\/media?parent=9885"}],"wp:term":[{"taxonomy":"category","embeddable":true,"href":"https:\/\/fcctp.usmp.edu.pe\/noticias\/wp-json\/wp\/v2\/categories?post=9885"},{"taxonomy":"post_tag","embeddable":true,"href":"https:\/\/fcctp.usmp.edu.pe\/noticias\/wp-json\/wp\/v2\/tags?post=9885"}],"curies":[{"name":"wp","href":"https:\/\/api.w.org\/{rel}","templated":true}]}}