{"id":9879,"date":"2025-06-05T14:34:41","date_gmt":"2025-06-05T14:34:41","guid":{"rendered":"https:\/\/fcctp.usmp.edu.pe\/noticias\/?p=9879"},"modified":"2025-08-04T16:28:41","modified_gmt":"2025-08-04T16:28:41","slug":"impulsando-el-turismo-sostenible-desde-la-conservacion-y-el-dialogo","status":"publish","type":"post","link":"https:\/\/fcctp.usmp.edu.pe\/noticias\/turismo-y-hoteleria\/impulsando-el-turismo-sostenible-desde-la-conservacion-y-el-dialogo\/","title":{"rendered":"Impulsando el Turismo Sostenible desde la conservaci\u00f3n y el di\u00e1logo"},"content":{"rendered":"<p>En el marco del <strong>D\u00eda Mundial del Medio Ambiente<\/strong>, la <strong>Escuela Profesional de Turismo y Hoteler\u00eda<\/strong> de la <strong>Universidad de San Mart\u00edn de Porres<\/strong>, junto con la <strong>C\u00e1tedra UNESCO Patrimonio Cultural y Turismo Sostenible<\/strong>, organiz\u00f3 una conferencia a cargo del <a href=\"https:\/\/www.linkedin.com\/company\/sernanpoficial\/\" target=\"_blank\" rel=\"noopener\"><strong>Servicio Nacional de \u00c1reas Naturales Protegidas por el Estado (Sernanp<\/strong><\/a><strong>)<\/strong> y un coloquio para dialogar sobre las oportunidades y retos del turismo de naturaleza y aventura en nuestro pa\u00eds.<\/p>\n<p>El evento cont\u00f3 con la participaci\u00f3n de Marcos Luis Pastor, Director de la Oficina de Desarrollo Estrat\u00e9gico del Servicio Nacional de \u00c1reas Naturales Protegidas por el Estado (SERNANP) como conferencista, y de destacados panelistas como Francisco Basili, Juan Carlos Heaton, Guillermo Rea\u00f1o y Jorge Moller, quienes abordaron temas prioritarios para impulsar un turismo m\u00e1s sostenible. Adem\u00e1s, se destac\u00f3 la importancia de convertir el turismo en una pol\u00edtica de Estado, fortalecer la infraestructura y conectividad, diversificar la oferta tur\u00edstica, y alinear la formaci\u00f3n acad\u00e9mica con las nuevas demandas del mercado.<\/p>\n<p>Este espacio de di\u00e1logo permiti\u00f3 descubrir oportunidades, conectar con iniciativas sostenibles y reafirmar la necesidad de una gobernanza efectiva que articule esfuerzos entre sectores. Desde la <strong>FCCTP,<\/strong> renovamos nuestro compromiso de seguir promoviendo iniciativas que contribuyan al desarrollo responsable y competitivo del turismo en el Per\u00fa.<\/p>\n","protected":false},"excerpt":{"rendered":"<p>En el marco del D\u00eda Mundial del Medio Ambiente, la Escuela Profesional de Turismo y Hoteler\u00eda de la Universidad de San Mart\u00edn de Porres, junto con la C\u00e1tedra UNESCO Patrimonio Cultural y Turismo Sostenible, organiz\u00f3 una conferencia a cargo del Servicio Nacional de \u00c1reas Naturales Protegidas por el Estado (Sernanp) y un coloquio para dialogar &#8230; <a title=\"Impulsando el Turismo Sostenible desde la conservaci\u00f3n y el di\u00e1logo\" class=\"read-more\" href=\"https:\/\/fcctp.usmp.edu.pe\/noticias\/turismo-y-hoteleria\/impulsando-el-turismo-sostenible-desde-la-conservacion-y-el-dialogo\/\" aria-label=\"More on Impulsando el Turismo Sostenible desde la conservaci\u00f3n y el di\u00e1logo\">Read more<\/a><\/p>\n","protected":false},"author":2,"featured_media":9880,"comment_status":"closed","ping_status":"closed","sticky":false,"template":"","format":"standard","meta":{"footnotes":""},"categories":[22],"tags":[47,46],"class_list":["post-9879","post","type-post","status-publish","format-standard","has-post-thumbnail","hentry","category-turismo-y-hoteleria","tag-home-fcctp","tag-lo-mas-destacado"],"yoast_head":"<!-- This site is optimized with the Yoast SEO plugin v28.3 - https:\/\/yoast.com\/product\/yoast-seo-wordpress\/ -->\n<title>Impulsando el Turismo Sostenible desde la conservaci\u00f3n y el di\u00e1logo - Noticias<\/title>\n<meta name=\"robots\" content=\"index, follow, max-snippet:-1, max-image-preview:large, max-video-preview:-1\" \/>\n<link rel=\"canonical\" href=\"https:\/\/fcctp.usmp.edu.pe\/noticias\/turismo-y-hoteleria\/impulsando-el-turismo-sostenible-desde-la-conservacion-y-el-dialogo\/\" \/>\n<meta property=\"og:locale\" content=\"es_ES\" \/>\n<meta property=\"og:type\" content=\"article\" \/>\n<meta property=\"og:title\" content=\"Impulsando el Turismo Sostenible desde la conservaci\u00f3n y el di\u00e1logo - Noticias\" \/>\n<meta property=\"og:description\" content=\"En el marco del D\u00eda Mundial del Medio Ambiente, la Escuela Profesional de Turismo y Hoteler\u00eda de la Universidad de San Mart\u00edn de Porres, junto con la C\u00e1tedra UNESCO Patrimonio Cultural y Turismo Sostenible, organiz\u00f3 una conferencia a cargo del Servicio Nacional de \u00c1reas Naturales Protegidas por el Estado (Sernanp) y un coloquio para dialogar ... Read more\" \/>\n<meta property=\"og:url\" content=\"https:\/\/fcctp.usmp.edu.pe\/noticias\/turismo-y-hoteleria\/impulsando-el-turismo-sostenible-desde-la-conservacion-y-el-dialogo\/\" \/>\n<meta property=\"og:site_name\" content=\"Noticias\" \/>\n<meta property=\"article:publisher\" content=\"https:\/\/www.facebook.com\/fcctp\" \/>\n<meta property=\"article:published_time\" content=\"2025-06-05T14:34:41+00:00\" \/>\n<meta property=\"article:modified_time\" content=\"2025-08-04T16:28:41+00:00\" \/>\n<meta property=\"og:image\" content=\"https:\/\/fcctp.usmp.edu.pe\/noticias\/wp-content\/uploads\/2025\/08\/turismo-sostenible-featured-image.jpg\" \/>\n\t<meta property=\"og:image:width\" content=\"1024\" \/>\n\t<meta property=\"og:image:height\" content=\"640\" \/>\n\t<meta property=\"og:image:type\" content=\"image\/jpeg\" \/>\n<meta name=\"author\" content=\"Omar Huaman\" \/>\n<meta name=\"twitter:card\" content=\"summary_large_image\" \/>\n<meta name=\"twitter:creator\" content=\"@fcctp_usmp\" \/>\n<meta name=\"twitter:site\" content=\"@fcctp_usmp\" \/>\n<meta name=\"twitter:label1\" content=\"Written by\" \/>\n\t<meta name=\"twitter:data1\" content=\"Omar Huaman\" \/>\n\t<meta name=\"twitter:label2\" content=\"Est. reading time\" \/>\n\t<meta name=\"twitter:data2\" content=\"1 minuto\" \/>\n<script type=\"application\/ld+json\" class=\"yoast-schema-graph\">{\"@context\":\"https:\\\/\\\/schema.org\",\"@graph\":[{\"@type\":\"Article\",\"@id\":\"https:\\\/\\\/fcctp.usmp.edu.pe\\\/noticias\\\/turismo-y-hoteleria\\\/impulsando-el-turismo-sostenible-desde-la-conservacion-y-el-dialogo\\\/#article\",\"isPartOf\":{\"@id\":\"https:\\\/\\\/fcctp.usmp.edu.pe\\\/noticias\\\/turismo-y-hoteleria\\\/impulsando-el-turismo-sostenible-desde-la-conservacion-y-el-dialogo\\\/\"},\"author\":{\"name\":\"Omar Huaman\",\"@id\":\"https:\\\/\\\/fcctp.usmp.edu.pe\\\/noticias\\\/#\\\/schema\\\/person\\\/4fdff53bd44bf6f645fe381e079e1252\"},\"headline\":\"Impulsando el Turismo Sostenible desde la conservaci\u00f3n y el di\u00e1logo\",\"datePublished\":\"2025-06-05T14:34:41+00:00\",\"dateModified\":\"2025-08-04T16:28:41+00:00\",\"mainEntityOfPage\":{\"@id\":\"https:\\\/\\\/fcctp.usmp.edu.pe\\\/noticias\\\/turismo-y-hoteleria\\\/impulsando-el-turismo-sostenible-desde-la-conservacion-y-el-dialogo\\\/\"},\"wordCount\":231,\"publisher\":{\"@id\":\"https:\\\/\\\/fcctp.usmp.edu.pe\\\/noticias\\\/#organization\"},\"image\":{\"@id\":\"https:\\\/\\\/fcctp.usmp.edu.pe\\\/noticias\\\/turismo-y-hoteleria\\\/impulsando-el-turismo-sostenible-desde-la-conservacion-y-el-dialogo\\\/#primaryimage\"},\"thumbnailUrl\":\"https:\\\/\\\/fcctp.usmp.edu.pe\\\/noticias\\\/wp-content\\\/uploads\\\/2025\\\/08\\\/turismo-sostenible-featured-image.jpg\",\"keywords\":[\"Home FCCTP\",\"Lo mas destacado\"],\"articleSection\":[\"Turismo y Hoteler\u00eda\"],\"inLanguage\":\"es-PE\"},{\"@type\":\"WebPage\",\"@id\":\"https:\\\/\\\/fcctp.usmp.edu.pe\\\/noticias\\\/turismo-y-hoteleria\\\/impulsando-el-turismo-sostenible-desde-la-conservacion-y-el-dialogo\\\/\",\"url\":\"https:\\\/\\\/fcctp.usmp.edu.pe\\\/noticias\\\/turismo-y-hoteleria\\\/impulsando-el-turismo-sostenible-desde-la-conservacion-y-el-dialogo\\\/\",\"name\":\"Impulsando el Turismo Sostenible desde la conservaci\u00f3n y el di\u00e1logo - Noticias\",\"isPartOf\":{\"@id\":\"https:\\\/\\\/fcctp.usmp.edu.pe\\\/noticias\\\/#website\"},\"primaryImageOfPage\":{\"@id\":\"https:\\\/\\\/fcctp.usmp.edu.pe\\\/noticias\\\/turismo-y-hoteleria\\\/impulsando-el-turismo-sostenible-desde-la-conservacion-y-el-dialogo\\\/#primaryimage\"},\"image\":{\"@id\":\"https:\\\/\\\/fcctp.usmp.edu.pe\\\/noticias\\\/turismo-y-hoteleria\\\/impulsando-el-turismo-sostenible-desde-la-conservacion-y-el-dialogo\\\/#primaryimage\"},\"thumbnailUrl\":\"https:\\\/\\\/fcctp.usmp.edu.pe\\\/noticias\\\/wp-content\\\/uploads\\\/2025\\\/08\\\/turismo-sostenible-featured-image.jpg\",\"datePublished\":\"2025-06-05T14:34:41+00:00\",\"dateModified\":\"2025-08-04T16:28:41+00:00\",\"breadcrumb\":{\"@id\":\"https:\\\/\\\/fcctp.usmp.edu.pe\\\/noticias\\\/turismo-y-hoteleria\\\/impulsando-el-turismo-sostenible-desde-la-conservacion-y-el-dialogo\\\/#breadcrumb\"},\"inLanguage\":\"es-PE\",\"potentialAction\":[{\"@type\":\"ReadAction\",\"target\":[\"https:\\\/\\\/fcctp.usmp.edu.pe\\\/noticias\\\/turismo-y-hoteleria\\\/impulsando-el-turismo-sostenible-desde-la-conservacion-y-el-dialogo\\\/\"]}]},{\"@type\":\"ImageObject\",\"inLanguage\":\"es-PE\",\"@id\":\"https:\\\/\\\/fcctp.usmp.edu.pe\\\/noticias\\\/turismo-y-hoteleria\\\/impulsando-el-turismo-sostenible-desde-la-conservacion-y-el-dialogo\\\/#primaryimage\",\"url\":\"https:\\\/\\\/fcctp.usmp.edu.pe\\\/noticias\\\/wp-content\\\/uploads\\\/2025\\\/08\\\/turismo-sostenible-featured-image.jpg\",\"contentUrl\":\"https:\\\/\\\/fcctp.usmp.edu.pe\\\/noticias\\\/wp-content\\\/uploads\\\/2025\\\/08\\\/turismo-sostenible-featured-image.jpg\",\"width\":1024,\"height\":640,\"caption\":\"Impulsando el Turismo Sostenible desde la conservaci\u00f3n y el di\u00e1logo\"},{\"@type\":\"BreadcrumbList\",\"@id\":\"https:\\\/\\\/fcctp.usmp.edu.pe\\\/noticias\\\/turismo-y-hoteleria\\\/impulsando-el-turismo-sostenible-desde-la-conservacion-y-el-dialogo\\\/#breadcrumb\",\"itemListElement\":[{\"@type\":\"ListItem\",\"position\":1,\"name\":\"Portada\",\"item\":\"https:\\\/\\\/fcctp.usmp.edu.pe\\\/noticias\\\/\"},{\"@type\":\"ListItem\",\"position\":2,\"name\":\"Impulsando el Turismo Sostenible desde la conservaci\u00f3n y el di\u00e1logo\"}]},{\"@type\":\"WebSite\",\"@id\":\"https:\\\/\\\/fcctp.usmp.edu.pe\\\/noticias\\\/#website\",\"url\":\"https:\\\/\\\/fcctp.usmp.edu.pe\\\/noticias\\\/\",\"name\":\"Noticias FCCTP\",\"description\":\"Facultad de Ciencias de la Comunicaci\u00f3n, Turismo y Psicolog\u00eda\",\"publisher\":{\"@id\":\"https:\\\/\\\/fcctp.usmp.edu.pe\\\/noticias\\\/#organization\"},\"potentialAction\":[{\"@type\":\"SearchAction\",\"target\":{\"@type\":\"EntryPoint\",\"urlTemplate\":\"https:\\\/\\\/fcctp.usmp.edu.pe\\\/noticias\\\/?s={search_term_string}\"},\"query-input\":{\"@type\":\"PropertyValueSpecification\",\"valueRequired\":true,\"valueName\":\"search_term_string\"}}],\"inLanguage\":\"es-PE\"},{\"@type\":\"Organization\",\"@id\":\"https:\\\/\\\/fcctp.usmp.edu.pe\\\/noticias\\\/#organization\",\"name\":\"Facultad de Ciencias de la Comunicaci\u00f3n, Turismo y Psicolog\u00eda\",\"url\":\"https:\\\/\\\/fcctp.usmp.edu.pe\\\/noticias\\\/\",\"logo\":{\"@type\":\"ImageObject\",\"inLanguage\":\"es-PE\",\"@id\":\"https:\\\/\\\/fcctp.usmp.edu.pe\\\/noticias\\\/#\\\/schema\\\/logo\\\/image\\\/\",\"url\":\"https:\\\/\\\/fcctp.usmp.edu.pe\\\/noticias\\\/wp-content\\\/uploads\\\/2022\\\/03\\\/logoFCCTP_60.svg\",\"contentUrl\":\"https:\\\/\\\/fcctp.usmp.edu.pe\\\/noticias\\\/wp-content\\\/uploads\\\/2022\\\/03\\\/logoFCCTP_60.svg\",\"width\":347,\"height\":66,\"caption\":\"Facultad de Ciencias de la Comunicaci\u00f3n, Turismo y Psicolog\u00eda\"},\"image\":{\"@id\":\"https:\\\/\\\/fcctp.usmp.edu.pe\\\/noticias\\\/#\\\/schema\\\/logo\\\/image\\\/\"},\"sameAs\":[\"https:\\\/\\\/www.facebook.com\\\/fcctp\",\"https:\\\/\\\/x.com\\\/fcctp_usmp\",\"https:\\\/\\\/www.instagram.com\\\/fcctp_usmp\\\/\"]},{\"@type\":\"Person\",\"@id\":\"https:\\\/\\\/fcctp.usmp.edu.pe\\\/noticias\\\/#\\\/schema\\\/person\\\/4fdff53bd44bf6f645fe381e079e1252\",\"name\":\"Omar Huaman\",\"image\":{\"@type\":\"ImageObject\",\"inLanguage\":\"es-PE\",\"@id\":\"https:\\\/\\\/secure.gravatar.com\\\/avatar\\\/1ec290616e6e3dc043e286f62b87c0f992c4889ead141b3e3dfc70d018a983e0?s=96&d=mm&r=g\",\"url\":\"https:\\\/\\\/secure.gravatar.com\\\/avatar\\\/1ec290616e6e3dc043e286f62b87c0f992c4889ead141b3e3dfc70d018a983e0?s=96&d=mm&r=g\",\"contentUrl\":\"https:\\\/\\\/secure.gravatar.com\\\/avatar\\\/1ec290616e6e3dc043e286f62b87c0f992c4889ead141b3e3dfc70d018a983e0?s=96&d=mm&r=g\",\"caption\":\"Omar Huaman\"},\"url\":\"https:\\\/\\\/fcctp.usmp.edu.pe\\\/noticias\\\/author\\\/notieditor\\\/\"}]}<\/script>\n<!-- \/ Yoast SEO plugin. -->","yoast_head_json":{"title":"Impulsando el Turismo Sostenible desde la conservaci\u00f3n y el di\u00e1logo - Noticias","robots":{"index":"index","follow":"follow","max-snippet":"max-snippet:-1","max-image-preview":"max-image-preview:large","max-video-preview":"max-video-preview:-1"},"canonical":"https:\/\/fcctp.usmp.edu.pe\/noticias\/turismo-y-hoteleria\/impulsando-el-turismo-sostenible-desde-la-conservacion-y-el-dialogo\/","og_locale":"es_ES","og_type":"article","og_title":"Impulsando el Turismo Sostenible desde la conservaci\u00f3n y el di\u00e1logo - Noticias","og_description":"En el marco del D\u00eda Mundial del Medio Ambiente, la Escuela Profesional de Turismo y Hoteler\u00eda de la Universidad de San Mart\u00edn de Porres, junto con la C\u00e1tedra UNESCO Patrimonio Cultural y Turismo Sostenible, organiz\u00f3 una conferencia a cargo del Servicio Nacional de \u00c1reas Naturales Protegidas por el Estado (Sernanp) y un coloquio para dialogar ... Read more","og_url":"https:\/\/fcctp.usmp.edu.pe\/noticias\/turismo-y-hoteleria\/impulsando-el-turismo-sostenible-desde-la-conservacion-y-el-dialogo\/","og_site_name":"Noticias","article_publisher":"https:\/\/www.facebook.com\/fcctp","article_published_time":"2025-06-05T14:34:41+00:00","article_modified_time":"2025-08-04T16:28:41+00:00","og_image":[{"width":1024,"height":640,"url":"https:\/\/fcctp.usmp.edu.pe\/noticias\/wp-content\/uploads\/2025\/08\/turismo-sostenible-featured-image.jpg","type":"image\/jpeg"}],"author":"Omar Huaman","twitter_card":"summary_large_image","twitter_creator":"@fcctp_usmp","twitter_site":"@fcctp_usmp","twitter_misc":{"Written by":"Omar Huaman","Est. reading time":"1 minuto"},"schema":{"@context":"https:\/\/schema.org","@graph":[{"@type":"Article","@id":"https:\/\/fcctp.usmp.edu.pe\/noticias\/turismo-y-hoteleria\/impulsando-el-turismo-sostenible-desde-la-conservacion-y-el-dialogo\/#article","isPartOf":{"@id":"https:\/\/fcctp.usmp.edu.pe\/noticias\/turismo-y-hoteleria\/impulsando-el-turismo-sostenible-desde-la-conservacion-y-el-dialogo\/"},"author":{"name":"Omar Huaman","@id":"https:\/\/fcctp.usmp.edu.pe\/noticias\/#\/schema\/person\/4fdff53bd44bf6f645fe381e079e1252"},"headline":"Impulsando el Turismo Sostenible desde la conservaci\u00f3n y el di\u00e1logo","datePublished":"2025-06-05T14:34:41+00:00","dateModified":"2025-08-04T16:28:41+00:00","mainEntityOfPage":{"@id":"https:\/\/fcctp.usmp.edu.pe\/noticias\/turismo-y-hoteleria\/impulsando-el-turismo-sostenible-desde-la-conservacion-y-el-dialogo\/"},"wordCount":231,"publisher":{"@id":"https:\/\/fcctp.usmp.edu.pe\/noticias\/#organization"},"image":{"@id":"https:\/\/fcctp.usmp.edu.pe\/noticias\/turismo-y-hoteleria\/impulsando-el-turismo-sostenible-desde-la-conservacion-y-el-dialogo\/#primaryimage"},"thumbnailUrl":"https:\/\/fcctp.usmp.edu.pe\/noticias\/wp-content\/uploads\/2025\/08\/turismo-sostenible-featured-image.jpg","keywords":["Home FCCTP","Lo mas destacado"],"articleSection":["Turismo y Hoteler\u00eda"],"inLanguage":"es-PE"},{"@type":"WebPage","@id":"https:\/\/fcctp.usmp.edu.pe\/noticias\/turismo-y-hoteleria\/impulsando-el-turismo-sostenible-desde-la-conservacion-y-el-dialogo\/","url":"https:\/\/fcctp.usmp.edu.pe\/noticias\/turismo-y-hoteleria\/impulsando-el-turismo-sostenible-desde-la-conservacion-y-el-dialogo\/","name":"Impulsando el Turismo Sostenible desde la conservaci\u00f3n y el di\u00e1logo - Noticias","isPartOf":{"@id":"https:\/\/fcctp.usmp.edu.pe\/noticias\/#website"},"primaryImageOfPage":{"@id":"https:\/\/fcctp.usmp.edu.pe\/noticias\/turismo-y-hoteleria\/impulsando-el-turismo-sostenible-desde-la-conservacion-y-el-dialogo\/#primaryimage"},"image":{"@id":"https:\/\/fcctp.usmp.edu.pe\/noticias\/turismo-y-hoteleria\/impulsando-el-turismo-sostenible-desde-la-conservacion-y-el-dialogo\/#primaryimage"},"thumbnailUrl":"https:\/\/fcctp.usmp.edu.pe\/noticias\/wp-content\/uploads\/2025\/08\/turismo-sostenible-featured-image.jpg","datePublished":"2025-06-05T14:34:41+00:00","dateModified":"2025-08-04T16:28:41+00:00","breadcrumb":{"@id":"https:\/\/fcctp.usmp.edu.pe\/noticias\/turismo-y-hoteleria\/impulsando-el-turismo-sostenible-desde-la-conservacion-y-el-dialogo\/#breadcrumb"},"inLanguage":"es-PE","potentialAction":[{"@type":"ReadAction","target":["https:\/\/fcctp.usmp.edu.pe\/noticias\/turismo-y-hoteleria\/impulsando-el-turismo-sostenible-desde-la-conservacion-y-el-dialogo\/"]}]},{"@type":"ImageObject","inLanguage":"es-PE","@id":"https:\/\/fcctp.usmp.edu.pe\/noticias\/turismo-y-hoteleria\/impulsando-el-turismo-sostenible-desde-la-conservacion-y-el-dialogo\/#primaryimage","url":"https:\/\/fcctp.usmp.edu.pe\/noticias\/wp-content\/uploads\/2025\/08\/turismo-sostenible-featured-image.jpg","contentUrl":"https:\/\/fcctp.usmp.edu.pe\/noticias\/wp-content\/uploads\/2025\/08\/turismo-sostenible-featured-image.jpg","width":1024,"height":640,"caption":"Impulsando el Turismo Sostenible desde la conservaci\u00f3n y el di\u00e1logo"},{"@type":"BreadcrumbList","@id":"https:\/\/fcctp.usmp.edu.pe\/noticias\/turismo-y-hoteleria\/impulsando-el-turismo-sostenible-desde-la-conservacion-y-el-dialogo\/#breadcrumb","itemListElement":[{"@type":"ListItem","position":1,"name":"Portada","item":"https:\/\/fcctp.usmp.edu.pe\/noticias\/"},{"@type":"ListItem","position":2,"name":"Impulsando el Turismo Sostenible desde la conservaci\u00f3n y el di\u00e1logo"}]},{"@type":"WebSite","@id":"https:\/\/fcctp.usmp.edu.pe\/noticias\/#website","url":"https:\/\/fcctp.usmp.edu.pe\/noticias\/","name":"Noticias FCCTP","description":"Facultad de Ciencias de la Comunicaci\u00f3n, Turismo y Psicolog\u00eda","publisher":{"@id":"https:\/\/fcctp.usmp.edu.pe\/noticias\/#organization"},"potentialAction":[{"@type":"SearchAction","target":{"@type":"EntryPoint","urlTemplate":"https:\/\/fcctp.usmp.edu.pe\/noticias\/?s={search_term_string}"},"query-input":{"@type":"PropertyValueSpecification","valueRequired":true,"valueName":"search_term_string"}}],"inLanguage":"es-PE"},{"@type":"Organization","@id":"https:\/\/fcctp.usmp.edu.pe\/noticias\/#organization","name":"Facultad de Ciencias de la Comunicaci\u00f3n, Turismo y Psicolog\u00eda","url":"https:\/\/fcctp.usmp.edu.pe\/noticias\/","logo":{"@type":"ImageObject","inLanguage":"es-PE","@id":"https:\/\/fcctp.usmp.edu.pe\/noticias\/#\/schema\/logo\/image\/","url":"https:\/\/fcctp.usmp.edu.pe\/noticias\/wp-content\/uploads\/2022\/03\/logoFCCTP_60.svg","contentUrl":"https:\/\/fcctp.usmp.edu.pe\/noticias\/wp-content\/uploads\/2022\/03\/logoFCCTP_60.svg","width":347,"height":66,"caption":"Facultad de Ciencias de la Comunicaci\u00f3n, Turismo y Psicolog\u00eda"},"image":{"@id":"https:\/\/fcctp.usmp.edu.pe\/noticias\/#\/schema\/logo\/image\/"},"sameAs":["https:\/\/www.facebook.com\/fcctp","https:\/\/x.com\/fcctp_usmp","https:\/\/www.instagram.com\/fcctp_usmp\/"]},{"@type":"Person","@id":"https:\/\/fcctp.usmp.edu.pe\/noticias\/#\/schema\/person\/4fdff53bd44bf6f645fe381e079e1252","name":"Omar Huaman","image":{"@type":"ImageObject","inLanguage":"es-PE","@id":"https:\/\/secure.gravatar.com\/avatar\/1ec290616e6e3dc043e286f62b87c0f992c4889ead141b3e3dfc70d018a983e0?s=96&d=mm&r=g","url":"https:\/\/secure.gravatar.com\/avatar\/1ec290616e6e3dc043e286f62b87c0f992c4889ead141b3e3dfc70d018a983e0?s=96&d=mm&r=g","contentUrl":"https:\/\/secure.gravatar.com\/avatar\/1ec290616e6e3dc043e286f62b87c0f992c4889ead141b3e3dfc70d018a983e0?s=96&d=mm&r=g","caption":"Omar Huaman"},"url":"https:\/\/fcctp.usmp.edu.pe\/noticias\/author\/notieditor\/"}]}},"_links":{"self":[{"href":"https:\/\/fcctp.usmp.edu.pe\/noticias\/wp-json\/wp\/v2\/posts\/9879","targetHints":{"allow":["GET"]}}],"collection":[{"href":"https:\/\/fcctp.usmp.edu.pe\/noticias\/wp-json\/wp\/v2\/posts"}],"about":[{"href":"https:\/\/fcctp.usmp.edu.pe\/noticias\/wp-json\/wp\/v2\/types\/post"}],"author":[{"embeddable":true,"href":"https:\/\/fcctp.usmp.edu.pe\/noticias\/wp-json\/wp\/v2\/users\/2"}],"replies":[{"embeddable":true,"href":"https:\/\/fcctp.usmp.edu.pe\/noticias\/wp-json\/wp\/v2\/comments?post=9879"}],"version-history":[{"count":1,"href":"https:\/\/fcctp.usmp.edu.pe\/noticias\/wp-json\/wp\/v2\/posts\/9879\/revisions"}],"predecessor-version":[{"id":9881,"href":"https:\/\/fcctp.usmp.edu.pe\/noticias\/wp-json\/wp\/v2\/posts\/9879\/revisions\/9881"}],"wp:featuredmedia":[{"embeddable":true,"href":"https:\/\/fcctp.usmp.edu.pe\/noticias\/wp-json\/wp\/v2\/media\/9880"}],"wp:attachment":[{"href":"https:\/\/fcctp.usmp.edu.pe\/noticias\/wp-json\/wp\/v2\/media?parent=9879"}],"wp:term":[{"taxonomy":"category","embeddable":true,"href":"https:\/\/fcctp.usmp.edu.pe\/noticias\/wp-json\/wp\/v2\/categories?post=9879"},{"taxonomy":"post_tag","embeddable":true,"href":"https:\/\/fcctp.usmp.edu.pe\/noticias\/wp-json\/wp\/v2\/tags?post=9879"}],"curies":[{"name":"wp","href":"https:\/\/api.w.org\/{rel}","templated":true}]}}