{"id":9867,"date":"2025-07-05T08:45:30","date_gmt":"2025-07-05T08:45:30","guid":{"rendered":"https:\/\/fcctp.usmp.edu.pe\/noticias\/?p=9867"},"modified":"2025-08-28T15:25:30","modified_gmt":"2025-08-28T15:25:30","slug":"la-escuela-profesional-de-psicologia-reafirma-su-presencia-en-zonas-estrategicas-de-lima","status":"publish","type":"post","link":"https:\/\/fcctp.usmp.edu.pe\/noticias\/destacado\/la-escuela-profesional-de-psicologia-reafirma-su-presencia-en-zonas-estrategicas-de-lima\/","title":{"rendered":"Dra. Amybel S\u00e1nchez de Walther es reelegida como Delegada Acad\u00e9mica en la Junta Directiva de la Global Alliance"},"content":{"rendered":"<p>La <strong>Dra. Amybel S\u00e1nchez de Walther<\/strong>, decana de la <strong>Facultad de Ciencias de la Comunicaci\u00f3n, Turismo y Psicolog\u00eda<\/strong> de la <strong>Universidad de San Mart\u00edn de Porres<\/strong>, ha sido reelegida como\u00a0 <strong>Delegada Acad\u00e9mica<\/strong> en la Junta Directiva 2025\u20132027 de la <strong>Global Alliance for Public Relations and Communication Management<\/strong>, la organizaci\u00f3n internacional m\u00e1s influyente en el\u00a0 \u00e1mbito de la comunicaci\u00f3n y las relaciones p\u00fablicas.<\/p>\n<p>Este nombramiento, anunciado durante la 23.\u00aa Asamblea General Anual celebrada el 15 de mayo en Venecia, Italia, consolida el liderazgo acad\u00e9mico de la <strong>FCCTP<\/strong> en el escenario\u00a0 internacional y reafirma su compromiso con la excelencia, la \u00e9tica y la formaci\u00f3n de profesionales globales.<\/p>\n<p>La participaci\u00f3n de la <strong>Dra. S\u00e1nchez de Walther<\/strong> no solo fortalece la presencia internacional de la <strong>USMP<\/strong>, sino que tambi\u00e9n promueve una visi\u00f3n humanista y global de la comunicaci\u00f3n\u00a0 desde el Per\u00fa, contribuyendo activamente al desarrollo del sector en la regi\u00f3n y el mundo<\/p>\n","protected":false},"excerpt":{"rendered":"<p>La Dra. Amybel S\u00e1nchez de Walther, decana de la Facultad de Ciencias de la Comunicaci\u00f3n, Turismo y Psicolog\u00eda de la Universidad de San Mart\u00edn de Porres, ha sido reelegida como\u00a0 Delegada Acad\u00e9mica en la Junta Directiva 2025\u20132027 de la Global Alliance for Public Relations and Communication Management, la organizaci\u00f3n internacional m\u00e1s influyente en el\u00a0 \u00e1mbito &#8230; <a title=\"Dra. Amybel S\u00e1nchez de Walther es reelegida como Delegada Acad\u00e9mica en la Junta Directiva de la Global Alliance\" class=\"read-more\" href=\"https:\/\/fcctp.usmp.edu.pe\/noticias\/destacado\/la-escuela-profesional-de-psicologia-reafirma-su-presencia-en-zonas-estrategicas-de-lima\/\" aria-label=\"More on Dra. Amybel S\u00e1nchez de Walther es reelegida como Delegada Acad\u00e9mica en la Junta Directiva de la Global Alliance\">Read more<\/a><\/p>\n","protected":false},"author":2,"featured_media":9868,"comment_status":"closed","ping_status":"closed","sticky":false,"template":"","format":"standard","meta":{"footnotes":""},"categories":[45],"tags":[101,147,47,46],"class_list":["post-9867","post","type-post","status-publish","format-standard","has-post-thumbnail","hentry","category-destacado","tag-decana-fcctp","tag-fcctp","tag-home-fcctp","tag-lo-mas-destacado"],"_links":{"self":[{"href":"https:\/\/fcctp.usmp.edu.pe\/noticias\/wp-json\/wp\/v2\/posts\/9867","targetHints":{"allow":["GET"]}}],"collection":[{"href":"https:\/\/fcctp.usmp.edu.pe\/noticias\/wp-json\/wp\/v2\/posts"}],"about":[{"href":"https:\/\/fcctp.usmp.edu.pe\/noticias\/wp-json\/wp\/v2\/types\/post"}],"author":[{"embeddable":true,"href":"https:\/\/fcctp.usmp.edu.pe\/noticias\/wp-json\/wp\/v2\/users\/2"}],"replies":[{"embeddable":true,"href":"https:\/\/fcctp.usmp.edu.pe\/noticias\/wp-json\/wp\/v2\/comments?post=9867"}],"version-history":[{"count":3,"href":"https:\/\/fcctp.usmp.edu.pe\/noticias\/wp-json\/wp\/v2\/posts\/9867\/revisions"}],"predecessor-version":[{"id":9894,"href":"https:\/\/fcctp.usmp.edu.pe\/noticias\/wp-json\/wp\/v2\/posts\/9867\/revisions\/9894"}],"wp:featuredmedia":[{"embeddable":true,"href":"https:\/\/fcctp.usmp.edu.pe\/noticias\/wp-json\/wp\/v2\/media\/9868"}],"wp:attachment":[{"href":"https:\/\/fcctp.usmp.edu.pe\/noticias\/wp-json\/wp\/v2\/media?parent=9867"}],"wp:term":[{"taxonomy":"category","embeddable":true,"href":"https:\/\/fcctp.usmp.edu.pe\/noticias\/wp-json\/wp\/v2\/categories?post=9867"},{"taxonomy":"post_tag","embeddable":true,"href":"https:\/\/fcctp.usmp.edu.pe\/noticias\/wp-json\/wp\/v2\/tags?post=9867"}],"curies":[{"name":"wp","href":"https:\/\/api.w.org\/{rel}","templated":true}]}}