{"id":9708,"date":"2024-09-19T22:15:06","date_gmt":"2024-09-19T22:15:06","guid":{"rendered":"https:\/\/fcctp.usmp.edu.pe\/noticias\/?p=9708"},"modified":"2024-09-19T22:17:17","modified_gmt":"2024-09-19T22:17:17","slug":"global-alliance-presenta-su-nueva-junta-directiva-para-el-periodo-2024-2025","status":"publish","type":"post","link":"https:\/\/fcctp.usmp.edu.pe\/noticias\/actividades-destacadas\/global-alliance-presenta-su-nueva-junta-directiva-para-el-periodo-2024-2025\/","title":{"rendered":"Global Alliance presenta su nueva junta directiva para el periodo 2024-2025"},"content":{"rendered":"\t\t<div data-elementor-type=\"wp-post\" data-elementor-id=\"9708\" class=\"elementor elementor-9708\" data-elementor-settings=\"[]\">\n\t\t\t\t\t\t\t<div class=\"elementor-section-wrap\">\n\t\t\t\t\t\t\t<section class=\"elementor-section elementor-top-section elementor-element elementor-element-27448a0 elementor-section-boxed elementor-section-height-default elementor-section-height-default\" data-id=\"27448a0\" data-element_type=\"section\">\n\t\t\t\t\t\t<div class=\"elementor-container elementor-column-gap-default\">\n\t\t\t\t\t<div class=\"elementor-column elementor-col-100 elementor-top-column elementor-element elementor-element-7e1352de\" data-id=\"7e1352de\" data-element_type=\"column\">\n\t\t\t<div class=\"elementor-widget-wrap elementor-element-populated\">\n\t\t\t\t\t\t\t\t<div class=\"elementor-element elementor-element-570fa291 elementor-widget elementor-widget-text-editor\" data-id=\"570fa291\" data-element_type=\"widget\" data-widget_type=\"text-editor.default\">\n\t\t\t\t<div class=\"elementor-widget-container\">\n\t\t\t<style>\/*! elementor - v3.5.6 - 28-02-2022 *\/\n.elementor-widget-text-editor.elementor-drop-cap-view-stacked .elementor-drop-cap{background-color:#818a91;color:#fff}.elementor-widget-text-editor.elementor-drop-cap-view-framed .elementor-drop-cap{color:#818a91;border:3px solid;background-color:transparent}.elementor-widget-text-editor:not(.elementor-drop-cap-view-default) .elementor-drop-cap{margin-top:8px}.elementor-widget-text-editor:not(.elementor-drop-cap-view-default) .elementor-drop-cap-letter{width:1em;height:1em}.elementor-widget-text-editor .elementor-drop-cap{float:left;text-align:center;line-height:1;font-size:50px}.elementor-widget-text-editor .elementor-drop-cap-letter{display:inline-block}<\/style>\t\t\t\t<p>Se ha anunciado la nueva <strong>junta directiva<\/strong> <strong>del Global Alliance<\/strong> para el <strong>periodo 2024-2025<\/strong>, conformada por profesionales con un alto compromiso y responsabilidad que contribuir\u00e1n al desarrollo de las relaciones p\u00fablicas a nivel mundial, buscando mantener un enfoque \u00e9tico y sostenible.<\/p><p>Cabe destacar el nombramiento de la <strong>Dra. Amybel S\u00e1nchez de Walther, <\/strong>decana de la Facultad de Ciencias de la Comunicaci\u00f3n, Turismo y Psicolog\u00eda de la USMP, como <strong>Representante Regional de Latinoam\u00e9rica<\/strong> en el directorio de la prestigiosa confederaci\u00f3n.<\/p><p>El nombramiento de nuestra decana refleja su liderazgo y visi\u00f3n en el \u00e1mbito internacional, fortaleciendo el compromiso de la USMP por la excelencia acad\u00e9mica y la proyecci\u00f3n global.<\/p>\t\t\t\t\t\t<\/div>\n\t\t\t\t<\/div>\n\t\t\t\t\t<\/div>\n\t\t<\/div>\n\t\t\t\t\t\t\t<\/div>\n\t\t<\/section>\n\t\t\t\t<section class=\"elementor-section elementor-top-section elementor-element elementor-element-8b2ad3e elementor-section-boxed elementor-section-height-default elementor-section-height-default\" data-id=\"8b2ad3e\" data-element_type=\"section\">\n\t\t\t\t\t\t<div class=\"elementor-container elementor-column-gap-default\">\n\t\t\t\t\t<div class=\"elementor-column elementor-col-100 elementor-top-column elementor-element elementor-element-bfbcad9\" data-id=\"bfbcad9\" data-element_type=\"column\">\n\t\t\t<div class=\"elementor-widget-wrap elementor-element-populated\">\n\t\t\t\t\t\t\t\t<div class=\"elementor-element elementor-element-a6422d5 elementor-widget elementor-widget-image\" data-id=\"a6422d5\" data-element_type=\"widget\" data-widget_type=\"image.default\">\n\t\t\t\t<div class=\"elementor-widget-container\">\n\t\t\t<style>\/*! elementor - v3.5.6 - 28-02-2022 *\/\n.elementor-widget-image{text-align:center}.elementor-widget-image a{display:inline-block}.elementor-widget-image a img[src$=\".svg\"]{width:48px}.elementor-widget-image img{vertical-align:middle;display:inline-block}<\/style>\t\t\t\t\t\t\t\t\t\t\t\t<img loading=\"lazy\" decoding=\"async\" width=\"1024\" height=\"1022\" src=\"https:\/\/fcctp.usmp.edu.pe\/noticias\/wp-content\/uploads\/2024\/09\/459668459_878922540887304_3857989256899583706_n-1024x1022.jpg\" class=\"attachment-large size-large\" alt=\"globall_alliance\" \/>\t\t\t\t\t\t\t\t\t\t\t\t\t\t\t<\/div>\n\t\t\t\t<\/div>\n\t\t\t\t<div class=\"elementor-element elementor-element-dbda090 elementor-widget elementor-widget-text-editor\" data-id=\"dbda090\" data-element_type=\"widget\" data-widget_type=\"text-editor.default\">\n\t\t\t\t<div class=\"elementor-widget-container\">\n\t\t\t\t\t\t\t<p><strong>\u00bfQu\u00e9 es Global Alliance?<\/strong><\/p><p>Global Alliance o Alianza Global para la Gesti\u00f3n de las Relaciones P\u00fablicas y la Comunicaci\u00f3n es una <strong>confederaci\u00f3n de las principales asociaciones e instituciones<\/strong> de gesti\u00f3n de las relaciones p\u00fablicas y las comunicaciones en el mundo.<\/p><p>Cabe resaltar que el Global Alliance representa a m\u00e1s de 360.000 profesionales y acad\u00e9micos en todo el mundo, y tiene como misi\u00f3n unificar la profesi\u00f3n de relaciones p\u00fablicas y ser su voz global en inter\u00e9s p\u00fablico, as\u00ed como compartir conocimientos para el beneficio de sus miembros.<\/p><p>Por ello, resaltamos el compromiso y responsabilidad de la <strong>Dra. Amybel S\u00e1nchez de Walther,<\/strong>\u00a0 pues contribuir\u00e1 a nivel mundial al desarrollo de las relaciones p\u00fablicas y las comunicaciones.<\/p><p><strong>Conoce m\u00e1s en la web de Global Alliance: <\/strong><a href=\"https:\/\/www.globalalliancepr.org\/news\/2024\/9\/9\/getting-to-know-the-global-alliance-new-board-of-directors-2024-2025\">https:\/\/www.globalalliancepr.org\/news\/2024\/9\/9\/getting-to-know-the-global-alliance-new-board-of-directors-2024-2025<\/a><\/p>\t\t\t\t\t\t<\/div>\n\t\t\t\t<\/div>\n\t\t\t\t\t<\/div>\n\t\t<\/div>\n\t\t\t\t\t\t\t<\/div>\n\t\t<\/section>\n\t\t\t\t\t\t<\/div>\n\t\t\t\t\t<\/div>\n\t\t","protected":false},"excerpt":{"rendered":"<p>Se ha anunciado la nueva junta directiva del Global Alliance para el periodo 2024-2025, conformada por profesionales con un alto compromiso y responsabilidad que contribuir\u00e1n al desarrollo de las relaciones p\u00fablicas a nivel mundial, buscando mantener un enfoque \u00e9tico y sostenible. Cabe destacar el nombramiento de la Dra. Amybel S\u00e1nchez de Walther, decana de la &#8230; <a title=\"Global Alliance presenta su nueva junta directiva para el periodo 2024-2025\" class=\"read-more\" href=\"https:\/\/fcctp.usmp.edu.pe\/noticias\/actividades-destacadas\/global-alliance-presenta-su-nueva-junta-directiva-para-el-periodo-2024-2025\/\" aria-label=\"More on Global Alliance presenta su nueva junta directiva para el periodo 2024-2025\">Read more<\/a><\/p>\n","protected":false},"author":2,"featured_media":9710,"comment_status":"closed","ping_status":"closed","sticky":false,"template":"","format":"standard","meta":{"footnotes":""},"categories":[31],"tags":[47,46],"class_list":["post-9708","post","type-post","status-publish","format-standard","has-post-thumbnail","hentry","category-actividades-destacadas","tag-home-fcctp","tag-lo-mas-destacado"],"yoast_head":"<!-- This site is optimized with the Yoast SEO plugin v28.3 - https:\/\/yoast.com\/product\/yoast-seo-wordpress\/ -->\n<title>Global Alliance presenta su nueva junta directiva para el periodo 2024-2025 - Noticias<\/title>\n<meta name=\"robots\" content=\"index, follow, max-snippet:-1, max-image-preview:large, max-video-preview:-1\" \/>\n<link rel=\"canonical\" href=\"https:\/\/fcctp.usmp.edu.pe\/noticias\/actividades-destacadas\/global-alliance-presenta-su-nueva-junta-directiva-para-el-periodo-2024-2025\/\" \/>\n<meta property=\"og:locale\" content=\"es_ES\" \/>\n<meta property=\"og:type\" content=\"article\" \/>\n<meta property=\"og:title\" content=\"Global Alliance presenta su nueva junta directiva para el periodo 2024-2025 - Noticias\" \/>\n<meta property=\"og:description\" content=\"Se ha anunciado la nueva junta directiva del Global Alliance para el periodo 2024-2025, conformada por profesionales con un alto compromiso y responsabilidad que contribuir\u00e1n al desarrollo de las relaciones p\u00fablicas a nivel mundial, buscando mantener un enfoque \u00e9tico y sostenible. Cabe destacar el nombramiento de la Dra. Amybel S\u00e1nchez de Walther, decana de la ... Read more\" \/>\n<meta property=\"og:url\" content=\"https:\/\/fcctp.usmp.edu.pe\/noticias\/actividades-destacadas\/global-alliance-presenta-su-nueva-junta-directiva-para-el-periodo-2024-2025\/\" \/>\n<meta property=\"og:site_name\" content=\"Noticias\" \/>\n<meta property=\"article:publisher\" content=\"https:\/\/www.facebook.com\/fcctp\" \/>\n<meta property=\"article:published_time\" content=\"2024-09-19T22:15:06+00:00\" \/>\n<meta property=\"article:modified_time\" content=\"2024-09-19T22:17:17+00:00\" \/>\n<meta property=\"og:image\" content=\"https:\/\/fcctp.usmp.edu.pe\/noticias\/wp-content\/uploads\/2024\/09\/Web_Global-Alliance.png\" \/>\n\t<meta property=\"og:image:width\" content=\"900\" \/>\n\t<meta property=\"og:image:height\" content=\"600\" \/>\n\t<meta property=\"og:image:type\" content=\"image\/png\" \/>\n<meta name=\"author\" content=\"Omar Huaman\" \/>\n<meta name=\"twitter:card\" content=\"summary_large_image\" \/>\n<meta name=\"twitter:creator\" content=\"@fcctp_usmp\" \/>\n<meta name=\"twitter:site\" content=\"@fcctp_usmp\" \/>\n<meta name=\"twitter:label1\" content=\"Written by\" \/>\n\t<meta name=\"twitter:data1\" content=\"Omar Huaman\" \/>\n\t<meta name=\"twitter:label2\" content=\"Est. reading time\" \/>\n\t<meta name=\"twitter:data2\" content=\"1 minuto\" \/>\n<script type=\"application\/ld+json\" class=\"yoast-schema-graph\">{\"@context\":\"https:\\\/\\\/schema.org\",\"@graph\":[{\"@type\":\"Article\",\"@id\":\"https:\\\/\\\/fcctp.usmp.edu.pe\\\/noticias\\\/actividades-destacadas\\\/global-alliance-presenta-su-nueva-junta-directiva-para-el-periodo-2024-2025\\\/#article\",\"isPartOf\":{\"@id\":\"https:\\\/\\\/fcctp.usmp.edu.pe\\\/noticias\\\/actividades-destacadas\\\/global-alliance-presenta-su-nueva-junta-directiva-para-el-periodo-2024-2025\\\/\"},\"author\":{\"name\":\"Omar Huaman\",\"@id\":\"https:\\\/\\\/fcctp.usmp.edu.pe\\\/noticias\\\/#\\\/schema\\\/person\\\/4fdff53bd44bf6f645fe381e079e1252\"},\"headline\":\"Global Alliance presenta su nueva junta directiva para el periodo 2024-2025\",\"datePublished\":\"2024-09-19T22:15:06+00:00\",\"dateModified\":\"2024-09-19T22:17:17+00:00\",\"mainEntityOfPage\":{\"@id\":\"https:\\\/\\\/fcctp.usmp.edu.pe\\\/noticias\\\/actividades-destacadas\\\/global-alliance-presenta-su-nueva-junta-directiva-para-el-periodo-2024-2025\\\/\"},\"wordCount\":272,\"publisher\":{\"@id\":\"https:\\\/\\\/fcctp.usmp.edu.pe\\\/noticias\\\/#organization\"},\"image\":{\"@id\":\"https:\\\/\\\/fcctp.usmp.edu.pe\\\/noticias\\\/actividades-destacadas\\\/global-alliance-presenta-su-nueva-junta-directiva-para-el-periodo-2024-2025\\\/#primaryimage\"},\"thumbnailUrl\":\"https:\\\/\\\/fcctp.usmp.edu.pe\\\/noticias\\\/wp-content\\\/uploads\\\/2024\\\/09\\\/Web_Global-Alliance.png\",\"keywords\":[\"Home FCCTP\",\"Lo mas destacado\"],\"articleSection\":[\"Actividades destacadas\"],\"inLanguage\":\"es-PE\"},{\"@type\":\"WebPage\",\"@id\":\"https:\\\/\\\/fcctp.usmp.edu.pe\\\/noticias\\\/actividades-destacadas\\\/global-alliance-presenta-su-nueva-junta-directiva-para-el-periodo-2024-2025\\\/\",\"url\":\"https:\\\/\\\/fcctp.usmp.edu.pe\\\/noticias\\\/actividades-destacadas\\\/global-alliance-presenta-su-nueva-junta-directiva-para-el-periodo-2024-2025\\\/\",\"name\":\"Global Alliance presenta su nueva junta directiva para el periodo 2024-2025 - Noticias\",\"isPartOf\":{\"@id\":\"https:\\\/\\\/fcctp.usmp.edu.pe\\\/noticias\\\/#website\"},\"primaryImageOfPage\":{\"@id\":\"https:\\\/\\\/fcctp.usmp.edu.pe\\\/noticias\\\/actividades-destacadas\\\/global-alliance-presenta-su-nueva-junta-directiva-para-el-periodo-2024-2025\\\/#primaryimage\"},\"image\":{\"@id\":\"https:\\\/\\\/fcctp.usmp.edu.pe\\\/noticias\\\/actividades-destacadas\\\/global-alliance-presenta-su-nueva-junta-directiva-para-el-periodo-2024-2025\\\/#primaryimage\"},\"thumbnailUrl\":\"https:\\\/\\\/fcctp.usmp.edu.pe\\\/noticias\\\/wp-content\\\/uploads\\\/2024\\\/09\\\/Web_Global-Alliance.png\",\"datePublished\":\"2024-09-19T22:15:06+00:00\",\"dateModified\":\"2024-09-19T22:17:17+00:00\",\"breadcrumb\":{\"@id\":\"https:\\\/\\\/fcctp.usmp.edu.pe\\\/noticias\\\/actividades-destacadas\\\/global-alliance-presenta-su-nueva-junta-directiva-para-el-periodo-2024-2025\\\/#breadcrumb\"},\"inLanguage\":\"es-PE\",\"potentialAction\":[{\"@type\":\"ReadAction\",\"target\":[\"https:\\\/\\\/fcctp.usmp.edu.pe\\\/noticias\\\/actividades-destacadas\\\/global-alliance-presenta-su-nueva-junta-directiva-para-el-periodo-2024-2025\\\/\"]}]},{\"@type\":\"ImageObject\",\"inLanguage\":\"es-PE\",\"@id\":\"https:\\\/\\\/fcctp.usmp.edu.pe\\\/noticias\\\/actividades-destacadas\\\/global-alliance-presenta-su-nueva-junta-directiva-para-el-periodo-2024-2025\\\/#primaryimage\",\"url\":\"https:\\\/\\\/fcctp.usmp.edu.pe\\\/noticias\\\/wp-content\\\/uploads\\\/2024\\\/09\\\/Web_Global-Alliance.png\",\"contentUrl\":\"https:\\\/\\\/fcctp.usmp.edu.pe\\\/noticias\\\/wp-content\\\/uploads\\\/2024\\\/09\\\/Web_Global-Alliance.png\",\"width\":900,\"height\":600,\"caption\":\"Global-Alliance\"},{\"@type\":\"BreadcrumbList\",\"@id\":\"https:\\\/\\\/fcctp.usmp.edu.pe\\\/noticias\\\/actividades-destacadas\\\/global-alliance-presenta-su-nueva-junta-directiva-para-el-periodo-2024-2025\\\/#breadcrumb\",\"itemListElement\":[{\"@type\":\"ListItem\",\"position\":1,\"name\":\"Portada\",\"item\":\"https:\\\/\\\/fcctp.usmp.edu.pe\\\/noticias\\\/\"},{\"@type\":\"ListItem\",\"position\":2,\"name\":\"Global Alliance presenta su nueva junta directiva para el periodo 2024-2025\"}]},{\"@type\":\"WebSite\",\"@id\":\"https:\\\/\\\/fcctp.usmp.edu.pe\\\/noticias\\\/#website\",\"url\":\"https:\\\/\\\/fcctp.usmp.edu.pe\\\/noticias\\\/\",\"name\":\"Noticias FCCTP\",\"description\":\"Facultad de Ciencias de la Comunicaci\u00f3n, Turismo y Psicolog\u00eda\",\"publisher\":{\"@id\":\"https:\\\/\\\/fcctp.usmp.edu.pe\\\/noticias\\\/#organization\"},\"potentialAction\":[{\"@type\":\"SearchAction\",\"target\":{\"@type\":\"EntryPoint\",\"urlTemplate\":\"https:\\\/\\\/fcctp.usmp.edu.pe\\\/noticias\\\/?s={search_term_string}\"},\"query-input\":{\"@type\":\"PropertyValueSpecification\",\"valueRequired\":true,\"valueName\":\"search_term_string\"}}],\"inLanguage\":\"es-PE\"},{\"@type\":\"Organization\",\"@id\":\"https:\\\/\\\/fcctp.usmp.edu.pe\\\/noticias\\\/#organization\",\"name\":\"Facultad de Ciencias de la Comunicaci\u00f3n, Turismo y Psicolog\u00eda\",\"url\":\"https:\\\/\\\/fcctp.usmp.edu.pe\\\/noticias\\\/\",\"logo\":{\"@type\":\"ImageObject\",\"inLanguage\":\"es-PE\",\"@id\":\"https:\\\/\\\/fcctp.usmp.edu.pe\\\/noticias\\\/#\\\/schema\\\/logo\\\/image\\\/\",\"url\":\"https:\\\/\\\/fcctp.usmp.edu.pe\\\/noticias\\\/wp-content\\\/uploads\\\/2022\\\/03\\\/logoFCCTP_60.svg\",\"contentUrl\":\"https:\\\/\\\/fcctp.usmp.edu.pe\\\/noticias\\\/wp-content\\\/uploads\\\/2022\\\/03\\\/logoFCCTP_60.svg\",\"width\":347,\"height\":66,\"caption\":\"Facultad de Ciencias de la Comunicaci\u00f3n, Turismo y Psicolog\u00eda\"},\"image\":{\"@id\":\"https:\\\/\\\/fcctp.usmp.edu.pe\\\/noticias\\\/#\\\/schema\\\/logo\\\/image\\\/\"},\"sameAs\":[\"https:\\\/\\\/www.facebook.com\\\/fcctp\",\"https:\\\/\\\/x.com\\\/fcctp_usmp\",\"https:\\\/\\\/www.instagram.com\\\/fcctp_usmp\\\/\"]},{\"@type\":\"Person\",\"@id\":\"https:\\\/\\\/fcctp.usmp.edu.pe\\\/noticias\\\/#\\\/schema\\\/person\\\/4fdff53bd44bf6f645fe381e079e1252\",\"name\":\"Omar Huaman\",\"image\":{\"@type\":\"ImageObject\",\"inLanguage\":\"es-PE\",\"@id\":\"https:\\\/\\\/secure.gravatar.com\\\/avatar\\\/1ec290616e6e3dc043e286f62b87c0f992c4889ead141b3e3dfc70d018a983e0?s=96&d=mm&r=g\",\"url\":\"https:\\\/\\\/secure.gravatar.com\\\/avatar\\\/1ec290616e6e3dc043e286f62b87c0f992c4889ead141b3e3dfc70d018a983e0?s=96&d=mm&r=g\",\"contentUrl\":\"https:\\\/\\\/secure.gravatar.com\\\/avatar\\\/1ec290616e6e3dc043e286f62b87c0f992c4889ead141b3e3dfc70d018a983e0?s=96&d=mm&r=g\",\"caption\":\"Omar Huaman\"},\"url\":\"https:\\\/\\\/fcctp.usmp.edu.pe\\\/noticias\\\/author\\\/notieditor\\\/\"}]}<\/script>\n<!-- \/ Yoast SEO plugin. -->","yoast_head_json":{"title":"Global Alliance presenta su nueva junta directiva para el periodo 2024-2025 - Noticias","robots":{"index":"index","follow":"follow","max-snippet":"max-snippet:-1","max-image-preview":"max-image-preview:large","max-video-preview":"max-video-preview:-1"},"canonical":"https:\/\/fcctp.usmp.edu.pe\/noticias\/actividades-destacadas\/global-alliance-presenta-su-nueva-junta-directiva-para-el-periodo-2024-2025\/","og_locale":"es_ES","og_type":"article","og_title":"Global Alliance presenta su nueva junta directiva para el periodo 2024-2025 - Noticias","og_description":"Se ha anunciado la nueva junta directiva del Global Alliance para el periodo 2024-2025, conformada por profesionales con un alto compromiso y responsabilidad que contribuir\u00e1n al desarrollo de las relaciones p\u00fablicas a nivel mundial, buscando mantener un enfoque \u00e9tico y sostenible. Cabe destacar el nombramiento de la Dra. Amybel S\u00e1nchez de Walther, decana de la ... Read more","og_url":"https:\/\/fcctp.usmp.edu.pe\/noticias\/actividades-destacadas\/global-alliance-presenta-su-nueva-junta-directiva-para-el-periodo-2024-2025\/","og_site_name":"Noticias","article_publisher":"https:\/\/www.facebook.com\/fcctp","article_published_time":"2024-09-19T22:15:06+00:00","article_modified_time":"2024-09-19T22:17:17+00:00","og_image":[{"width":900,"height":600,"url":"https:\/\/fcctp.usmp.edu.pe\/noticias\/wp-content\/uploads\/2024\/09\/Web_Global-Alliance.png","type":"image\/png"}],"author":"Omar Huaman","twitter_card":"summary_large_image","twitter_creator":"@fcctp_usmp","twitter_site":"@fcctp_usmp","twitter_misc":{"Written by":"Omar Huaman","Est. reading time":"1 minuto"},"schema":{"@context":"https:\/\/schema.org","@graph":[{"@type":"Article","@id":"https:\/\/fcctp.usmp.edu.pe\/noticias\/actividades-destacadas\/global-alliance-presenta-su-nueva-junta-directiva-para-el-periodo-2024-2025\/#article","isPartOf":{"@id":"https:\/\/fcctp.usmp.edu.pe\/noticias\/actividades-destacadas\/global-alliance-presenta-su-nueva-junta-directiva-para-el-periodo-2024-2025\/"},"author":{"name":"Omar Huaman","@id":"https:\/\/fcctp.usmp.edu.pe\/noticias\/#\/schema\/person\/4fdff53bd44bf6f645fe381e079e1252"},"headline":"Global Alliance presenta su nueva junta directiva para el periodo 2024-2025","datePublished":"2024-09-19T22:15:06+00:00","dateModified":"2024-09-19T22:17:17+00:00","mainEntityOfPage":{"@id":"https:\/\/fcctp.usmp.edu.pe\/noticias\/actividades-destacadas\/global-alliance-presenta-su-nueva-junta-directiva-para-el-periodo-2024-2025\/"},"wordCount":272,"publisher":{"@id":"https:\/\/fcctp.usmp.edu.pe\/noticias\/#organization"},"image":{"@id":"https:\/\/fcctp.usmp.edu.pe\/noticias\/actividades-destacadas\/global-alliance-presenta-su-nueva-junta-directiva-para-el-periodo-2024-2025\/#primaryimage"},"thumbnailUrl":"https:\/\/fcctp.usmp.edu.pe\/noticias\/wp-content\/uploads\/2024\/09\/Web_Global-Alliance.png","keywords":["Home FCCTP","Lo mas destacado"],"articleSection":["Actividades destacadas"],"inLanguage":"es-PE"},{"@type":"WebPage","@id":"https:\/\/fcctp.usmp.edu.pe\/noticias\/actividades-destacadas\/global-alliance-presenta-su-nueva-junta-directiva-para-el-periodo-2024-2025\/","url":"https:\/\/fcctp.usmp.edu.pe\/noticias\/actividades-destacadas\/global-alliance-presenta-su-nueva-junta-directiva-para-el-periodo-2024-2025\/","name":"Global Alliance presenta su nueva junta directiva para el periodo 2024-2025 - Noticias","isPartOf":{"@id":"https:\/\/fcctp.usmp.edu.pe\/noticias\/#website"},"primaryImageOfPage":{"@id":"https:\/\/fcctp.usmp.edu.pe\/noticias\/actividades-destacadas\/global-alliance-presenta-su-nueva-junta-directiva-para-el-periodo-2024-2025\/#primaryimage"},"image":{"@id":"https:\/\/fcctp.usmp.edu.pe\/noticias\/actividades-destacadas\/global-alliance-presenta-su-nueva-junta-directiva-para-el-periodo-2024-2025\/#primaryimage"},"thumbnailUrl":"https:\/\/fcctp.usmp.edu.pe\/noticias\/wp-content\/uploads\/2024\/09\/Web_Global-Alliance.png","datePublished":"2024-09-19T22:15:06+00:00","dateModified":"2024-09-19T22:17:17+00:00","breadcrumb":{"@id":"https:\/\/fcctp.usmp.edu.pe\/noticias\/actividades-destacadas\/global-alliance-presenta-su-nueva-junta-directiva-para-el-periodo-2024-2025\/#breadcrumb"},"inLanguage":"es-PE","potentialAction":[{"@type":"ReadAction","target":["https:\/\/fcctp.usmp.edu.pe\/noticias\/actividades-destacadas\/global-alliance-presenta-su-nueva-junta-directiva-para-el-periodo-2024-2025\/"]}]},{"@type":"ImageObject","inLanguage":"es-PE","@id":"https:\/\/fcctp.usmp.edu.pe\/noticias\/actividades-destacadas\/global-alliance-presenta-su-nueva-junta-directiva-para-el-periodo-2024-2025\/#primaryimage","url":"https:\/\/fcctp.usmp.edu.pe\/noticias\/wp-content\/uploads\/2024\/09\/Web_Global-Alliance.png","contentUrl":"https:\/\/fcctp.usmp.edu.pe\/noticias\/wp-content\/uploads\/2024\/09\/Web_Global-Alliance.png","width":900,"height":600,"caption":"Global-Alliance"},{"@type":"BreadcrumbList","@id":"https:\/\/fcctp.usmp.edu.pe\/noticias\/actividades-destacadas\/global-alliance-presenta-su-nueva-junta-directiva-para-el-periodo-2024-2025\/#breadcrumb","itemListElement":[{"@type":"ListItem","position":1,"name":"Portada","item":"https:\/\/fcctp.usmp.edu.pe\/noticias\/"},{"@type":"ListItem","position":2,"name":"Global Alliance presenta su nueva junta directiva para el periodo 2024-2025"}]},{"@type":"WebSite","@id":"https:\/\/fcctp.usmp.edu.pe\/noticias\/#website","url":"https:\/\/fcctp.usmp.edu.pe\/noticias\/","name":"Noticias FCCTP","description":"Facultad de Ciencias de la Comunicaci\u00f3n, Turismo y Psicolog\u00eda","publisher":{"@id":"https:\/\/fcctp.usmp.edu.pe\/noticias\/#organization"},"potentialAction":[{"@type":"SearchAction","target":{"@type":"EntryPoint","urlTemplate":"https:\/\/fcctp.usmp.edu.pe\/noticias\/?s={search_term_string}"},"query-input":{"@type":"PropertyValueSpecification","valueRequired":true,"valueName":"search_term_string"}}],"inLanguage":"es-PE"},{"@type":"Organization","@id":"https:\/\/fcctp.usmp.edu.pe\/noticias\/#organization","name":"Facultad de Ciencias de la Comunicaci\u00f3n, Turismo y Psicolog\u00eda","url":"https:\/\/fcctp.usmp.edu.pe\/noticias\/","logo":{"@type":"ImageObject","inLanguage":"es-PE","@id":"https:\/\/fcctp.usmp.edu.pe\/noticias\/#\/schema\/logo\/image\/","url":"https:\/\/fcctp.usmp.edu.pe\/noticias\/wp-content\/uploads\/2022\/03\/logoFCCTP_60.svg","contentUrl":"https:\/\/fcctp.usmp.edu.pe\/noticias\/wp-content\/uploads\/2022\/03\/logoFCCTP_60.svg","width":347,"height":66,"caption":"Facultad de Ciencias de la Comunicaci\u00f3n, Turismo y Psicolog\u00eda"},"image":{"@id":"https:\/\/fcctp.usmp.edu.pe\/noticias\/#\/schema\/logo\/image\/"},"sameAs":["https:\/\/www.facebook.com\/fcctp","https:\/\/x.com\/fcctp_usmp","https:\/\/www.instagram.com\/fcctp_usmp\/"]},{"@type":"Person","@id":"https:\/\/fcctp.usmp.edu.pe\/noticias\/#\/schema\/person\/4fdff53bd44bf6f645fe381e079e1252","name":"Omar Huaman","image":{"@type":"ImageObject","inLanguage":"es-PE","@id":"https:\/\/secure.gravatar.com\/avatar\/1ec290616e6e3dc043e286f62b87c0f992c4889ead141b3e3dfc70d018a983e0?s=96&d=mm&r=g","url":"https:\/\/secure.gravatar.com\/avatar\/1ec290616e6e3dc043e286f62b87c0f992c4889ead141b3e3dfc70d018a983e0?s=96&d=mm&r=g","contentUrl":"https:\/\/secure.gravatar.com\/avatar\/1ec290616e6e3dc043e286f62b87c0f992c4889ead141b3e3dfc70d018a983e0?s=96&d=mm&r=g","caption":"Omar Huaman"},"url":"https:\/\/fcctp.usmp.edu.pe\/noticias\/author\/notieditor\/"}]}},"_links":{"self":[{"href":"https:\/\/fcctp.usmp.edu.pe\/noticias\/wp-json\/wp\/v2\/posts\/9708","targetHints":{"allow":["GET"]}}],"collection":[{"href":"https:\/\/fcctp.usmp.edu.pe\/noticias\/wp-json\/wp\/v2\/posts"}],"about":[{"href":"https:\/\/fcctp.usmp.edu.pe\/noticias\/wp-json\/wp\/v2\/types\/post"}],"author":[{"embeddable":true,"href":"https:\/\/fcctp.usmp.edu.pe\/noticias\/wp-json\/wp\/v2\/users\/2"}],"replies":[{"embeddable":true,"href":"https:\/\/fcctp.usmp.edu.pe\/noticias\/wp-json\/wp\/v2\/comments?post=9708"}],"version-history":[{"count":7,"href":"https:\/\/fcctp.usmp.edu.pe\/noticias\/wp-json\/wp\/v2\/posts\/9708\/revisions"}],"predecessor-version":[{"id":9717,"href":"https:\/\/fcctp.usmp.edu.pe\/noticias\/wp-json\/wp\/v2\/posts\/9708\/revisions\/9717"}],"wp:featuredmedia":[{"embeddable":true,"href":"https:\/\/fcctp.usmp.edu.pe\/noticias\/wp-json\/wp\/v2\/media\/9710"}],"wp:attachment":[{"href":"https:\/\/fcctp.usmp.edu.pe\/noticias\/wp-json\/wp\/v2\/media?parent=9708"}],"wp:term":[{"taxonomy":"category","embeddable":true,"href":"https:\/\/fcctp.usmp.edu.pe\/noticias\/wp-json\/wp\/v2\/categories?post=9708"},{"taxonomy":"post_tag","embeddable":true,"href":"https:\/\/fcctp.usmp.edu.pe\/noticias\/wp-json\/wp\/v2\/tags?post=9708"}],"curies":[{"name":"wp","href":"https:\/\/api.w.org\/{rel}","templated":true}]}}