{"id":9691,"date":"2024-09-11T15:58:28","date_gmt":"2024-09-11T15:58:28","guid":{"rendered":"https:\/\/fcctp.usmp.edu.pe\/noticias\/?p=9691"},"modified":"2024-09-11T16:22:55","modified_gmt":"2024-09-11T16:22:55","slug":"usmp-presente-en-la-segunda-edicion-del-festival-nacional-de-cine-universitario-unifest-2025","status":"publish","type":"post","link":"https:\/\/fcctp.usmp.edu.pe\/noticias\/actividades-destacadas\/usmp-presente-en-la-segunda-edicion-del-festival-nacional-de-cine-universitario-unifest-2025\/","title":{"rendered":"USMP presente en la segunda edici\u00f3n del Festival Nacional de Cine Universitario, UNIFEST 2025"},"content":{"rendered":"\t\t<div data-elementor-type=\"wp-post\" data-elementor-id=\"9691\" class=\"elementor elementor-9691\" data-elementor-settings=\"[]\">\n\t\t\t\t\t\t\t<div class=\"elementor-section-wrap\">\n\t\t\t\t\t\t\t<section class=\"elementor-section elementor-top-section elementor-element elementor-element-27448a0 elementor-section-boxed elementor-section-height-default elementor-section-height-default\" data-id=\"27448a0\" data-element_type=\"section\">\n\t\t\t\t\t\t<div class=\"elementor-container elementor-column-gap-default\">\n\t\t\t\t\t<div class=\"elementor-column elementor-col-100 elementor-top-column elementor-element elementor-element-7e1352de\" data-id=\"7e1352de\" data-element_type=\"column\">\n\t\t\t<div class=\"elementor-widget-wrap elementor-element-populated\">\n\t\t\t\t\t\t\t\t<div class=\"elementor-element elementor-element-570fa291 elementor-widget elementor-widget-text-editor\" data-id=\"570fa291\" data-element_type=\"widget\" data-widget_type=\"text-editor.default\">\n\t\t\t\t<div class=\"elementor-widget-container\">\n\t\t\t<style>\/*! elementor - v3.5.6 - 28-02-2022 *\/\n.elementor-widget-text-editor.elementor-drop-cap-view-stacked .elementor-drop-cap{background-color:#818a91;color:#fff}.elementor-widget-text-editor.elementor-drop-cap-view-framed .elementor-drop-cap{color:#818a91;border:3px solid;background-color:transparent}.elementor-widget-text-editor:not(.elementor-drop-cap-view-default) .elementor-drop-cap{margin-top:8px}.elementor-widget-text-editor:not(.elementor-drop-cap-view-default) .elementor-drop-cap-letter{width:1em;height:1em}.elementor-widget-text-editor .elementor-drop-cap{float:left;text-align:center;line-height:1;font-size:50px}.elementor-widget-text-editor .elementor-drop-cap-letter{display:inline-block}<\/style>\t\t\t\t<p><b><i><span data-contrast=\"auto\">Los equipos de estudiantes y docentes de la FCCTP se alistan para ser parte de este importante certamen que en esta edici\u00f3n tendr\u00e1 de pa\u00eds invitado a Colombia.<\/span><\/i><\/b><span data-ccp-props=\"{&quot;201341983&quot;:0,&quot;335551550&quot;:1,&quot;335551620&quot;:1,&quot;335559739&quot;:160,&quot;335559740&quot;:278}\">\u00a0<\/span><\/p><p><b><span data-contrast=\"auto\">La Universidad de San Mart\u00edn de Porres (USMP), a trav\u00e9s de su Facultad de Ciencias de la Comunicaci\u00f3n, Turismo y Psicolog\u00eda<\/span><\/b><span data-contrast=\"auto\">, participar\u00e1 en la II Edici\u00f3n del Festival Nacional de Cine Universitario, <\/span><b><span data-contrast=\"auto\">UNIFEST 2025<\/span><\/b><span data-contrast=\"auto\">, innovador proyecto producido por S\u00e9ptima Sello en alianza con el Ministerio de Cultura y el Festival de Cine de Lima.<\/span><span data-ccp-props=\"{&quot;201341983&quot;:0,&quot;335551550&quot;:1,&quot;335551620&quot;:1,&quot;335559739&quot;:160,&quot;335559740&quot;:278}\">\u00a0<\/span><\/p><p><span data-contrast=\"auto\">Cabe destacar que el concurso re\u00fane a <\/span><b><span data-contrast=\"auto\">estudiantes de 22 universidades y escuelas superiores a nivel nacional<\/span><\/b><span data-contrast=\"auto\"> para destacar la producci\u00f3n audiovisual universitaria.<\/span><span data-ccp-props=\"{&quot;201341983&quot;:0,&quot;335551550&quot;:6,&quot;335551620&quot;:6,&quot;335559739&quot;:160,&quot;335559740&quot;:278}\">\u00a0<\/span><\/p>\t\t\t\t\t\t<\/div>\n\t\t\t\t<\/div>\n\t\t\t\t\t<\/div>\n\t\t<\/div>\n\t\t\t\t\t\t\t<\/div>\n\t\t<\/section>\n\t\t\t\t<section class=\"elementor-section elementor-top-section elementor-element elementor-element-8b2ad3e elementor-section-boxed elementor-section-height-default elementor-section-height-default\" data-id=\"8b2ad3e\" data-element_type=\"section\">\n\t\t\t\t\t\t<div class=\"elementor-container elementor-column-gap-default\">\n\t\t\t\t\t<div class=\"elementor-column elementor-col-100 elementor-top-column elementor-element elementor-element-bfbcad9\" data-id=\"bfbcad9\" data-element_type=\"column\">\n\t\t\t<div class=\"elementor-widget-wrap elementor-element-populated\">\n\t\t\t\t\t\t\t\t<div class=\"elementor-element elementor-element-a6422d5 elementor-widget elementor-widget-image\" data-id=\"a6422d5\" data-element_type=\"widget\" data-widget_type=\"image.default\">\n\t\t\t\t<div class=\"elementor-widget-container\">\n\t\t\t<style>\/*! elementor - v3.5.6 - 28-02-2022 *\/\n.elementor-widget-image{text-align:center}.elementor-widget-image a{display:inline-block}.elementor-widget-image a img[src$=\".svg\"]{width:48px}.elementor-widget-image img{vertical-align:middle;display:inline-block}<\/style>\t\t\t\t\t\t\t\t\t\t\t\t<img loading=\"lazy\" decoding=\"async\" width=\"1024\" height=\"683\" src=\"https:\/\/fcctp.usmp.edu.pe\/noticias\/wp-content\/uploads\/2024\/09\/portada-1024x683.jpg\" class=\"attachment-large size-large\" alt=\"\" \/>\t\t\t\t\t\t\t\t\t\t\t\t\t\t\t<\/div>\n\t\t\t\t<\/div>\n\t\t\t\t<div class=\"elementor-element elementor-element-dbda090 elementor-widget elementor-widget-text-editor\" data-id=\"dbda090\" data-element_type=\"widget\" data-widget_type=\"text-editor.default\">\n\t\t\t\t<div class=\"elementor-widget-container\">\n\t\t\t\t\t\t\t<p><b><span data-contrast=\"auto\">UNIFEST 2025<\/span><\/b><span data-ccp-props=\"{&quot;201341983&quot;:0,&quot;335551550&quot;:1,&quot;335551620&quot;:1,&quot;335559739&quot;:160,&quot;335559740&quot;:278}\">\u00a0<\/span><\/p><p><span data-contrast=\"auto\">EL UNIFEST 2025 tiene como objetivo la <\/span><b><span data-contrast=\"auto\">promoci\u00f3n y exposici\u00f3n de creaciones audiovisuales desarrolladas por j\u00f3venes talentos<\/span><\/b><span data-contrast=\"auto\">, descentralizar la cultura audiovisual e incentivar la creaci\u00f3n de redes profesionales entre los participantes y representantes de la industria en Per\u00fa.<\/span><span data-ccp-props=\"{&quot;201341983&quot;:0,&quot;335551550&quot;:1,&quot;335551620&quot;:1,&quot;335559739&quot;:160,&quot;335559740&quot;:278}\">\u00a0<\/span><\/p><p><span data-contrast=\"auto\">El concurso se desarrollar\u00e1 en diversas etapas desde agosto de 2024 hasta marzo de 2025, ofreciendo a los estudiantes experiencias pr\u00e1cticas, por ejemplo, un <\/span><b><i><span data-contrast=\"auto\">masterclass <\/span><\/i><\/b><span data-contrast=\"auto\">con destacados expertos del sector que complementar\u00e1n tu formaci\u00f3n profesional. Adem\u00e1s, los <\/span><b><span data-contrast=\"auto\">ganadores podr\u00e1n realizar pr\u00e1cticas profesionales en rodajes de productoras aliadas<\/span><\/b><span data-contrast=\"auto\">, as\u00ed como participar en proyecciones y charlas organizadas en el Festival de Cine de Lima 2025.<\/span><span data-ccp-props=\"{&quot;201341983&quot;:0,&quot;335551550&quot;:6,&quot;335551620&quot;:6,&quot;335559739&quot;:160,&quot;335559740&quot;:278}\">\u00a0<\/span><\/p><p><span data-contrast=\"auto\">Para esta segunda edici\u00f3n de UNIFEST, los <\/span><b><span data-contrast=\"auto\">cortometrajes elaborados por los estudiantes ser\u00e1n evaluados por un jurado<\/span><\/b><span data-contrast=\"auto\"> que contar\u00e1 con figuras de renombre como <\/span><b><span data-contrast=\"auto\">Ricardo Bedoya<\/span><\/b><span data-contrast=\"auto\">, cr\u00edtico de cine y docente; <\/span><b><span data-contrast=\"auto\">Daniel Vega<\/span><\/b><span data-contrast=\"auto\">, director, productor y guionista cinematogr\u00e1fico; <\/span><b><span data-contrast=\"auto\">Jaime Manrique<\/span><\/b><span data-contrast=\"auto\">, fundador y director de Laboratorios Black Velvet; <\/span><b><span data-contrast=\"auto\">Melania Urbina<\/span><\/b><span data-contrast=\"auto\">, reconocida actriz peruana; y <\/span><b><span data-contrast=\"auto\">Norma Vel\u00e1squez<\/span><\/b><span data-contrast=\"auto\">, presidenta de la Asociaci\u00f3n de Productores Cinematogr\u00e1ficos del Per\u00fa.<\/span><span data-ccp-props=\"{&quot;201341983&quot;:0,&quot;335551550&quot;:6,&quot;335551620&quot;:6,&quot;335559739&quot;:160,&quot;335559740&quot;:278}\">\u00a0<\/span><\/p><p><span data-contrast=\"auto\">\u00a1Estamos emocionados por esta oportunidad y esperamos con entusiasmo ver el talento de nuestros estudiantes en acci\u00f3n!\u00a0<\/span><span data-ccp-props=\"{&quot;201341983&quot;:0,&quot;335551550&quot;:6,&quot;335551620&quot;:6,&quot;335559739&quot;:160,&quot;335559740&quot;:278}\">\u00a0<\/span><\/p><p><span class=\"TextRun MacChromeBold SCXW202531067 BCX0\" lang=\"ES-PE\" xml:lang=\"ES-PE\" data-contrast=\"auto\"><span class=\"NormalTextRun SCXW202531067 BCX0\">As\u00ed se vivi\u00f3 la ceremonia de premiaci\u00f3n de UNIFEST 2024:<\/span><\/span><span class=\"EOP SCXW202531067 BCX0\" data-ccp-props=\"{&quot;201341983&quot;:0,&quot;335551550&quot;:6,&quot;335551620&quot;:6,&quot;335559739&quot;:160,&quot;335559740&quot;:278}\">\u00a0<\/span><\/p>\t\t\t\t\t\t<\/div>\n\t\t\t\t<\/div>\n\t\t\t\t\t<\/div>\n\t\t<\/div>\n\t\t\t\t\t\t\t<\/div>\n\t\t<\/section>\n\t\t\t\t<section class=\"elementor-section elementor-top-section elementor-element elementor-element-69bc94e elementor-section-boxed elementor-section-height-default elementor-section-height-default\" data-id=\"69bc94e\" data-element_type=\"section\">\n\t\t\t\t\t\t<div class=\"elementor-container elementor-column-gap-default\">\n\t\t\t\t\t<div class=\"elementor-column elementor-col-100 elementor-top-column elementor-element elementor-element-be725a4\" data-id=\"be725a4\" data-element_type=\"column\">\n\t\t\t<div class=\"elementor-widget-wrap elementor-element-populated\">\n\t\t\t\t\t\t\t\t<div class=\"elementor-element elementor-element-8a1cd87 elementor-widget elementor-widget-image-gallery\" data-id=\"8a1cd87\" data-element_type=\"widget\" data-widget_type=\"image-gallery.default\">\n\t\t\t\t<div class=\"elementor-widget-container\">\n\t\t\t<style>\/*! elementor - v3.5.6 - 28-02-2022 *\/\n.elementor-image-gallery .gallery-item{display:inline-block;text-align:center;vertical-align:top;width:100%;max-width:100%;margin:0 auto}.elementor-image-gallery .gallery-item img{margin:0 auto}.elementor-image-gallery .gallery-item .gallery-caption{margin:0}.elementor-image-gallery figure img{display:block}.elementor-image-gallery figure figcaption{width:100%}.gallery-spacing-custom .elementor-image-gallery .gallery-icon{padding:0}@media (min-width:768px){.elementor-image-gallery .gallery-columns-2 .gallery-item{max-width:50%}.elementor-image-gallery .gallery-columns-3 .gallery-item{max-width:33.33%}.elementor-image-gallery .gallery-columns-4 .gallery-item{max-width:25%}.elementor-image-gallery .gallery-columns-5 .gallery-item{max-width:20%}.elementor-image-gallery .gallery-columns-6 .gallery-item{max-width:16.666%}.elementor-image-gallery .gallery-columns-7 .gallery-item{max-width:14.28%}.elementor-image-gallery .gallery-columns-8 .gallery-item{max-width:12.5%}.elementor-image-gallery .gallery-columns-9 .gallery-item{max-width:11.11%}.elementor-image-gallery .gallery-columns-10 .gallery-item{max-width:10%}}@media (min-width:480px) and (max-width:767px){.elementor-image-gallery .gallery.gallery-columns-2 .gallery-item,.elementor-image-gallery .gallery.gallery-columns-3 .gallery-item,.elementor-image-gallery .gallery.gallery-columns-4 .gallery-item,.elementor-image-gallery .gallery.gallery-columns-5 .gallery-item,.elementor-image-gallery .gallery.gallery-columns-6 .gallery-item,.elementor-image-gallery .gallery.gallery-columns-7 .gallery-item,.elementor-image-gallery .gallery.gallery-columns-8 .gallery-item,.elementor-image-gallery .gallery.gallery-columns-9 .gallery-item,.elementor-image-gallery .gallery.gallery-columns-10 .gallery-item{max-width:50%}}@media (max-width:479px){.elementor-image-gallery .gallery.gallery-columns-2 .gallery-item,.elementor-image-gallery .gallery.gallery-columns-3 .gallery-item,.elementor-image-gallery .gallery.gallery-columns-4 .gallery-item,.elementor-image-gallery .gallery.gallery-columns-5 .gallery-item,.elementor-image-gallery .gallery.gallery-columns-6 .gallery-item,.elementor-image-gallery .gallery.gallery-columns-7 .gallery-item,.elementor-image-gallery .gallery.gallery-columns-8 .gallery-item,.elementor-image-gallery .gallery.gallery-columns-9 .gallery-item,.elementor-image-gallery .gallery.gallery-columns-10 .gallery-item{max-width:100%}}<\/style>\t\t<div class=\"elementor-image-gallery\">\n\t\t\t<div id='gallery-1' class='gallery galleryid-9691 gallery-columns-3 gallery-size-full'><figure class='gallery-item'>\n\t\t\t<div class='gallery-icon landscape'>\n\t\t\t\t<a data-elementor-open-lightbox=\"yes\" data-elementor-lightbox-slideshow=\"8a1cd87\" data-elementor-lightbox-title=\"galer\u00eda\" e-action-hash=\"#elementor-action%3Aaction%3Dlightbox%26settings%3DeyJpZCI6OTY5OSwidXJsIjoiaHR0cHM6XC9cL2ZjY3RwLnVzbXAuZWR1LnBlXC9ub3RpY2lhc1wvd3AtY29udGVudFwvdXBsb2Fkc1wvMjAyNFwvMDlcL1doYXRzQXBwLUltYWdlLTIwMjQtMDktMTAtYXQtMTUuMTMuNTItc2NhbGVkLmpwZWciLCJzbGlkZXNob3ciOiI4YTFjZDg3In0%3D\" href='https:\/\/fcctp.usmp.edu.pe\/noticias\/wp-content\/uploads\/2024\/09\/WhatsApp-Image-2024-09-10-at-15.13.52-scaled.jpeg'><img loading=\"lazy\" decoding=\"async\" width=\"2560\" height=\"1706\" src=\"https:\/\/fcctp.usmp.edu.pe\/noticias\/wp-content\/uploads\/2024\/09\/WhatsApp-Image-2024-09-10-at-15.13.52-scaled.jpeg\" class=\"attachment-full size-full\" alt=\"galer\u00eda\" \/><\/a>\n\t\t\t<\/div><\/figure><figure class='gallery-item'>\n\t\t\t<div class='gallery-icon landscape'>\n\t\t\t\t<a data-elementor-open-lightbox=\"yes\" data-elementor-lightbox-slideshow=\"8a1cd87\" data-elementor-lightbox-title=\"galer\u00eda\" e-action-hash=\"#elementor-action%3Aaction%3Dlightbox%26settings%3DeyJpZCI6OTY5OCwidXJsIjoiaHR0cHM6XC9cL2ZjY3RwLnVzbXAuZWR1LnBlXC9ub3RpY2lhc1wvd3AtY29udGVudFwvdXBsb2Fkc1wvMjAyNFwvMDlcL1doYXRzQXBwLUltYWdlLTIwMjQtMDktMTAtYXQtMTUuMTMuNTItMi1zY2FsZWQuanBlZyIsInNsaWRlc2hvdyI6IjhhMWNkODcifQ%3D%3D\" href='https:\/\/fcctp.usmp.edu.pe\/noticias\/wp-content\/uploads\/2024\/09\/WhatsApp-Image-2024-09-10-at-15.13.52-2-scaled.jpeg'><img loading=\"lazy\" decoding=\"async\" width=\"2560\" height=\"1706\" src=\"https:\/\/fcctp.usmp.edu.pe\/noticias\/wp-content\/uploads\/2024\/09\/WhatsApp-Image-2024-09-10-at-15.13.52-2-scaled.jpeg\" class=\"attachment-full size-full\" alt=\"galer\u00eda\" \/><\/a>\n\t\t\t<\/div><\/figure><figure class='gallery-item'>\n\t\t\t<div class='gallery-icon landscape'>\n\t\t\t\t<a data-elementor-open-lightbox=\"yes\" data-elementor-lightbox-slideshow=\"8a1cd87\" data-elementor-lightbox-title=\"galer\u00eda\" e-action-hash=\"#elementor-action%3Aaction%3Dlightbox%26settings%3DeyJpZCI6OTcwMCwidXJsIjoiaHR0cHM6XC9cL2ZjY3RwLnVzbXAuZWR1LnBlXC9ub3RpY2lhc1wvd3AtY29udGVudFwvdXBsb2Fkc1wvMjAyNFwvMDlcL1doYXRzQXBwLUltYWdlLTIwMjQtMDktMTAtYXQtMTUuMTMuNTMtc2NhbGVkLmpwZWciLCJzbGlkZXNob3ciOiI4YTFjZDg3In0%3D\" href='https:\/\/fcctp.usmp.edu.pe\/noticias\/wp-content\/uploads\/2024\/09\/WhatsApp-Image-2024-09-10-at-15.13.53-scaled.jpeg'><img loading=\"lazy\" decoding=\"async\" width=\"2560\" height=\"1706\" src=\"https:\/\/fcctp.usmp.edu.pe\/noticias\/wp-content\/uploads\/2024\/09\/WhatsApp-Image-2024-09-10-at-15.13.53-scaled.jpeg\" class=\"attachment-full size-full\" alt=\"galer\u00eda\" \/><\/a>\n\t\t\t<\/div><\/figure>\n\t\t<\/div>\n\t\t<\/div>\n\t\t\t\t<\/div>\n\t\t\t\t<\/div>\n\t\t\t\t<div class=\"elementor-element elementor-element-477d727 elementor-widget elementor-widget-text-editor\" data-id=\"477d727\" data-element_type=\"widget\" data-widget_type=\"text-editor.default\">\n\t\t\t\t<div class=\"elementor-widget-container\">\n\t\t\t\t\t\t\t<p><span class=\"TextRun SCXW77373322 BCX0\" lang=\"ES-PE\" xml:lang=\"ES-PE\" data-contrast=\"auto\"><span class=\"NormalTextRun SCXW77373322 BCX0\">#UNIFEST2025 #CineUniversitario #USMP<\/span><\/span><span class=\"EOP SCXW77373322 BCX0\" data-ccp-props=\"{&quot;201341983&quot;:0,&quot;335551550&quot;:6,&quot;335551620&quot;:6,&quot;335559739&quot;:160,&quot;335559740&quot;:278}\">\u00a0<\/span><\/p>\t\t\t\t\t\t<\/div>\n\t\t\t\t<\/div>\n\t\t\t\t\t<\/div>\n\t\t<\/div>\n\t\t\t\t\t\t\t<\/div>\n\t\t<\/section>\n\t\t\t\t\t\t<\/div>\n\t\t\t\t\t<\/div>\n\t\t","protected":false},"excerpt":{"rendered":"<p>Los equipos de estudiantes y docentes de la FCCTP se alistan para ser parte de este importante certamen que en esta edici\u00f3n tendr\u00e1 de pa\u00eds invitado a Colombia.\u00a0 La Universidad de San Mart\u00edn de Porres (USMP), a trav\u00e9s de su Facultad de Ciencias de la Comunicaci\u00f3n, Turismo y Psicolog\u00eda, participar\u00e1 en la II Edici\u00f3n del &#8230; <a title=\"USMP presente en la segunda edici\u00f3n del Festival Nacional de Cine Universitario, UNIFEST 2025\" class=\"read-more\" href=\"https:\/\/fcctp.usmp.edu.pe\/noticias\/actividades-destacadas\/usmp-presente-en-la-segunda-edicion-del-festival-nacional-de-cine-universitario-unifest-2025\/\" aria-label=\"More on USMP presente en la segunda edici\u00f3n del Festival Nacional de Cine Universitario, UNIFEST 2025\">Read more<\/a><\/p>\n","protected":false},"author":2,"featured_media":9697,"comment_status":"closed","ping_status":"closed","sticky":false,"template":"","format":"standard","meta":{"footnotes":""},"categories":[31],"tags":[47,46],"class_list":["post-9691","post","type-post","status-publish","format-standard","has-post-thumbnail","hentry","category-actividades-destacadas","tag-home-fcctp","tag-lo-mas-destacado"],"yoast_head":"<!-- This site is optimized with the Yoast SEO plugin v28.3 - https:\/\/yoast.com\/product\/yoast-seo-wordpress\/ -->\n<title>USMP presente en la segunda edici\u00f3n del Festival Nacional de Cine Universitario, UNIFEST 2025 - Noticias<\/title>\n<meta name=\"robots\" content=\"index, follow, max-snippet:-1, max-image-preview:large, max-video-preview:-1\" \/>\n<link rel=\"canonical\" href=\"https:\/\/fcctp.usmp.edu.pe\/noticias\/actividades-destacadas\/usmp-presente-en-la-segunda-edicion-del-festival-nacional-de-cine-universitario-unifest-2025\/\" \/>\n<meta property=\"og:locale\" content=\"es_ES\" \/>\n<meta property=\"og:type\" content=\"article\" \/>\n<meta property=\"og:title\" content=\"USMP presente en la segunda edici\u00f3n del Festival Nacional de Cine Universitario, UNIFEST 2025 - Noticias\" \/>\n<meta property=\"og:description\" content=\"Los equipos de estudiantes y docentes de la FCCTP se alistan para ser parte de este importante certamen que en esta edici\u00f3n tendr\u00e1 de pa\u00eds invitado a Colombia.\u00a0 La Universidad de San Mart\u00edn de Porres (USMP), a trav\u00e9s de su Facultad de Ciencias de la Comunicaci\u00f3n, Turismo y Psicolog\u00eda, participar\u00e1 en la II Edici\u00f3n del ... Read more\" \/>\n<meta property=\"og:url\" content=\"https:\/\/fcctp.usmp.edu.pe\/noticias\/actividades-destacadas\/usmp-presente-en-la-segunda-edicion-del-festival-nacional-de-cine-universitario-unifest-2025\/\" \/>\n<meta property=\"og:site_name\" content=\"Noticias\" \/>\n<meta property=\"article:publisher\" content=\"https:\/\/www.facebook.com\/fcctp\" \/>\n<meta property=\"article:published_time\" content=\"2024-09-11T15:58:28+00:00\" \/>\n<meta property=\"article:modified_time\" content=\"2024-09-11T16:22:55+00:00\" \/>\n<meta property=\"og:image\" content=\"https:\/\/fcctp.usmp.edu.pe\/noticias\/wp-content\/uploads\/2024\/09\/WhatsApp-Image-2024-09-10-at-15.13.52-1-scaled.jpeg\" \/>\n\t<meta property=\"og:image:width\" content=\"2560\" \/>\n\t<meta property=\"og:image:height\" content=\"1706\" \/>\n\t<meta property=\"og:image:type\" content=\"image\/jpeg\" \/>\n<meta name=\"author\" content=\"Omar Huaman\" \/>\n<meta name=\"twitter:card\" content=\"summary_large_image\" \/>\n<meta name=\"twitter:creator\" content=\"@fcctp_usmp\" \/>\n<meta name=\"twitter:site\" content=\"@fcctp_usmp\" \/>\n<meta name=\"twitter:label1\" content=\"Written by\" \/>\n\t<meta name=\"twitter:data1\" content=\"Omar Huaman\" \/>\n\t<meta name=\"twitter:label2\" content=\"Est. reading time\" \/>\n\t<meta name=\"twitter:data2\" content=\"2 minutos\" \/>\n<script type=\"application\/ld+json\" class=\"yoast-schema-graph\">{\"@context\":\"https:\\\/\\\/schema.org\",\"@graph\":[{\"@type\":\"Article\",\"@id\":\"https:\\\/\\\/fcctp.usmp.edu.pe\\\/noticias\\\/actividades-destacadas\\\/usmp-presente-en-la-segunda-edicion-del-festival-nacional-de-cine-universitario-unifest-2025\\\/#article\",\"isPartOf\":{\"@id\":\"https:\\\/\\\/fcctp.usmp.edu.pe\\\/noticias\\\/actividades-destacadas\\\/usmp-presente-en-la-segunda-edicion-del-festival-nacional-de-cine-universitario-unifest-2025\\\/\"},\"author\":{\"name\":\"Omar Huaman\",\"@id\":\"https:\\\/\\\/fcctp.usmp.edu.pe\\\/noticias\\\/#\\\/schema\\\/person\\\/4fdff53bd44bf6f645fe381e079e1252\"},\"headline\":\"USMP presente en la segunda edici\u00f3n del Festival Nacional de Cine Universitario, UNIFEST 2025\",\"datePublished\":\"2024-09-11T15:58:28+00:00\",\"dateModified\":\"2024-09-11T16:22:55+00:00\",\"mainEntityOfPage\":{\"@id\":\"https:\\\/\\\/fcctp.usmp.edu.pe\\\/noticias\\\/actividades-destacadas\\\/usmp-presente-en-la-segunda-edicion-del-festival-nacional-de-cine-universitario-unifest-2025\\\/\"},\"wordCount\":337,\"publisher\":{\"@id\":\"https:\\\/\\\/fcctp.usmp.edu.pe\\\/noticias\\\/#organization\"},\"image\":{\"@id\":\"https:\\\/\\\/fcctp.usmp.edu.pe\\\/noticias\\\/actividades-destacadas\\\/usmp-presente-en-la-segunda-edicion-del-festival-nacional-de-cine-universitario-unifest-2025\\\/#primaryimage\"},\"thumbnailUrl\":\"https:\\\/\\\/fcctp.usmp.edu.pe\\\/noticias\\\/wp-content\\\/uploads\\\/2024\\\/09\\\/WhatsApp-Image-2024-09-10-at-15.13.52-1-scaled.jpeg\",\"keywords\":[\"Home FCCTP\",\"Lo mas destacado\"],\"articleSection\":[\"Actividades destacadas\"],\"inLanguage\":\"es-PE\"},{\"@type\":\"WebPage\",\"@id\":\"https:\\\/\\\/fcctp.usmp.edu.pe\\\/noticias\\\/actividades-destacadas\\\/usmp-presente-en-la-segunda-edicion-del-festival-nacional-de-cine-universitario-unifest-2025\\\/\",\"url\":\"https:\\\/\\\/fcctp.usmp.edu.pe\\\/noticias\\\/actividades-destacadas\\\/usmp-presente-en-la-segunda-edicion-del-festival-nacional-de-cine-universitario-unifest-2025\\\/\",\"name\":\"USMP presente en la segunda edici\u00f3n del Festival Nacional de Cine Universitario, UNIFEST 2025 - Noticias\",\"isPartOf\":{\"@id\":\"https:\\\/\\\/fcctp.usmp.edu.pe\\\/noticias\\\/#website\"},\"primaryImageOfPage\":{\"@id\":\"https:\\\/\\\/fcctp.usmp.edu.pe\\\/noticias\\\/actividades-destacadas\\\/usmp-presente-en-la-segunda-edicion-del-festival-nacional-de-cine-universitario-unifest-2025\\\/#primaryimage\"},\"image\":{\"@id\":\"https:\\\/\\\/fcctp.usmp.edu.pe\\\/noticias\\\/actividades-destacadas\\\/usmp-presente-en-la-segunda-edicion-del-festival-nacional-de-cine-universitario-unifest-2025\\\/#primaryimage\"},\"thumbnailUrl\":\"https:\\\/\\\/fcctp.usmp.edu.pe\\\/noticias\\\/wp-content\\\/uploads\\\/2024\\\/09\\\/WhatsApp-Image-2024-09-10-at-15.13.52-1-scaled.jpeg\",\"datePublished\":\"2024-09-11T15:58:28+00:00\",\"dateModified\":\"2024-09-11T16:22:55+00:00\",\"breadcrumb\":{\"@id\":\"https:\\\/\\\/fcctp.usmp.edu.pe\\\/noticias\\\/actividades-destacadas\\\/usmp-presente-en-la-segunda-edicion-del-festival-nacional-de-cine-universitario-unifest-2025\\\/#breadcrumb\"},\"inLanguage\":\"es-PE\",\"potentialAction\":[{\"@type\":\"ReadAction\",\"target\":[\"https:\\\/\\\/fcctp.usmp.edu.pe\\\/noticias\\\/actividades-destacadas\\\/usmp-presente-en-la-segunda-edicion-del-festival-nacional-de-cine-universitario-unifest-2025\\\/\"]}]},{\"@type\":\"ImageObject\",\"inLanguage\":\"es-PE\",\"@id\":\"https:\\\/\\\/fcctp.usmp.edu.pe\\\/noticias\\\/actividades-destacadas\\\/usmp-presente-en-la-segunda-edicion-del-festival-nacional-de-cine-universitario-unifest-2025\\\/#primaryimage\",\"url\":\"https:\\\/\\\/fcctp.usmp.edu.pe\\\/noticias\\\/wp-content\\\/uploads\\\/2024\\\/09\\\/WhatsApp-Image-2024-09-10-at-15.13.52-1-scaled.jpeg\",\"contentUrl\":\"https:\\\/\\\/fcctp.usmp.edu.pe\\\/noticias\\\/wp-content\\\/uploads\\\/2024\\\/09\\\/WhatsApp-Image-2024-09-10-at-15.13.52-1-scaled.jpeg\",\"width\":2560,\"height\":1706,\"caption\":\"portada\"},{\"@type\":\"BreadcrumbList\",\"@id\":\"https:\\\/\\\/fcctp.usmp.edu.pe\\\/noticias\\\/actividades-destacadas\\\/usmp-presente-en-la-segunda-edicion-del-festival-nacional-de-cine-universitario-unifest-2025\\\/#breadcrumb\",\"itemListElement\":[{\"@type\":\"ListItem\",\"position\":1,\"name\":\"Portada\",\"item\":\"https:\\\/\\\/fcctp.usmp.edu.pe\\\/noticias\\\/\"},{\"@type\":\"ListItem\",\"position\":2,\"name\":\"USMP presente en la segunda edici\u00f3n del Festival Nacional de Cine Universitario, UNIFEST 2025\"}]},{\"@type\":\"WebSite\",\"@id\":\"https:\\\/\\\/fcctp.usmp.edu.pe\\\/noticias\\\/#website\",\"url\":\"https:\\\/\\\/fcctp.usmp.edu.pe\\\/noticias\\\/\",\"name\":\"Noticias FCCTP\",\"description\":\"Facultad de Ciencias de la Comunicaci\u00f3n, Turismo y Psicolog\u00eda\",\"publisher\":{\"@id\":\"https:\\\/\\\/fcctp.usmp.edu.pe\\\/noticias\\\/#organization\"},\"potentialAction\":[{\"@type\":\"SearchAction\",\"target\":{\"@type\":\"EntryPoint\",\"urlTemplate\":\"https:\\\/\\\/fcctp.usmp.edu.pe\\\/noticias\\\/?s={search_term_string}\"},\"query-input\":{\"@type\":\"PropertyValueSpecification\",\"valueRequired\":true,\"valueName\":\"search_term_string\"}}],\"inLanguage\":\"es-PE\"},{\"@type\":\"Organization\",\"@id\":\"https:\\\/\\\/fcctp.usmp.edu.pe\\\/noticias\\\/#organization\",\"name\":\"Facultad de Ciencias de la Comunicaci\u00f3n, Turismo y Psicolog\u00eda\",\"url\":\"https:\\\/\\\/fcctp.usmp.edu.pe\\\/noticias\\\/\",\"logo\":{\"@type\":\"ImageObject\",\"inLanguage\":\"es-PE\",\"@id\":\"https:\\\/\\\/fcctp.usmp.edu.pe\\\/noticias\\\/#\\\/schema\\\/logo\\\/image\\\/\",\"url\":\"https:\\\/\\\/fcctp.usmp.edu.pe\\\/noticias\\\/wp-content\\\/uploads\\\/2022\\\/03\\\/logoFCCTP_60.svg\",\"contentUrl\":\"https:\\\/\\\/fcctp.usmp.edu.pe\\\/noticias\\\/wp-content\\\/uploads\\\/2022\\\/03\\\/logoFCCTP_60.svg\",\"width\":347,\"height\":66,\"caption\":\"Facultad de Ciencias de la Comunicaci\u00f3n, Turismo y Psicolog\u00eda\"},\"image\":{\"@id\":\"https:\\\/\\\/fcctp.usmp.edu.pe\\\/noticias\\\/#\\\/schema\\\/logo\\\/image\\\/\"},\"sameAs\":[\"https:\\\/\\\/www.facebook.com\\\/fcctp\",\"https:\\\/\\\/x.com\\\/fcctp_usmp\",\"https:\\\/\\\/www.instagram.com\\\/fcctp_usmp\\\/\"]},{\"@type\":\"Person\",\"@id\":\"https:\\\/\\\/fcctp.usmp.edu.pe\\\/noticias\\\/#\\\/schema\\\/person\\\/4fdff53bd44bf6f645fe381e079e1252\",\"name\":\"Omar Huaman\",\"image\":{\"@type\":\"ImageObject\",\"inLanguage\":\"es-PE\",\"@id\":\"https:\\\/\\\/secure.gravatar.com\\\/avatar\\\/1ec290616e6e3dc043e286f62b87c0f992c4889ead141b3e3dfc70d018a983e0?s=96&d=mm&r=g\",\"url\":\"https:\\\/\\\/secure.gravatar.com\\\/avatar\\\/1ec290616e6e3dc043e286f62b87c0f992c4889ead141b3e3dfc70d018a983e0?s=96&d=mm&r=g\",\"contentUrl\":\"https:\\\/\\\/secure.gravatar.com\\\/avatar\\\/1ec290616e6e3dc043e286f62b87c0f992c4889ead141b3e3dfc70d018a983e0?s=96&d=mm&r=g\",\"caption\":\"Omar Huaman\"},\"url\":\"https:\\\/\\\/fcctp.usmp.edu.pe\\\/noticias\\\/author\\\/notieditor\\\/\"}]}<\/script>\n<!-- \/ Yoast SEO plugin. -->","yoast_head_json":{"title":"USMP presente en la segunda edici\u00f3n del Festival Nacional de Cine Universitario, UNIFEST 2025 - Noticias","robots":{"index":"index","follow":"follow","max-snippet":"max-snippet:-1","max-image-preview":"max-image-preview:large","max-video-preview":"max-video-preview:-1"},"canonical":"https:\/\/fcctp.usmp.edu.pe\/noticias\/actividades-destacadas\/usmp-presente-en-la-segunda-edicion-del-festival-nacional-de-cine-universitario-unifest-2025\/","og_locale":"es_ES","og_type":"article","og_title":"USMP presente en la segunda edici\u00f3n del Festival Nacional de Cine Universitario, UNIFEST 2025 - Noticias","og_description":"Los equipos de estudiantes y docentes de la FCCTP se alistan para ser parte de este importante certamen que en esta edici\u00f3n tendr\u00e1 de pa\u00eds invitado a Colombia.\u00a0 La Universidad de San Mart\u00edn de Porres (USMP), a trav\u00e9s de su Facultad de Ciencias de la Comunicaci\u00f3n, Turismo y Psicolog\u00eda, participar\u00e1 en la II Edici\u00f3n del ... Read more","og_url":"https:\/\/fcctp.usmp.edu.pe\/noticias\/actividades-destacadas\/usmp-presente-en-la-segunda-edicion-del-festival-nacional-de-cine-universitario-unifest-2025\/","og_site_name":"Noticias","article_publisher":"https:\/\/www.facebook.com\/fcctp","article_published_time":"2024-09-11T15:58:28+00:00","article_modified_time":"2024-09-11T16:22:55+00:00","og_image":[{"width":2560,"height":1706,"url":"https:\/\/fcctp.usmp.edu.pe\/noticias\/wp-content\/uploads\/2024\/09\/WhatsApp-Image-2024-09-10-at-15.13.52-1-scaled.jpeg","type":"image\/jpeg"}],"author":"Omar Huaman","twitter_card":"summary_large_image","twitter_creator":"@fcctp_usmp","twitter_site":"@fcctp_usmp","twitter_misc":{"Written by":"Omar Huaman","Est. reading time":"2 minutos"},"schema":{"@context":"https:\/\/schema.org","@graph":[{"@type":"Article","@id":"https:\/\/fcctp.usmp.edu.pe\/noticias\/actividades-destacadas\/usmp-presente-en-la-segunda-edicion-del-festival-nacional-de-cine-universitario-unifest-2025\/#article","isPartOf":{"@id":"https:\/\/fcctp.usmp.edu.pe\/noticias\/actividades-destacadas\/usmp-presente-en-la-segunda-edicion-del-festival-nacional-de-cine-universitario-unifest-2025\/"},"author":{"name":"Omar Huaman","@id":"https:\/\/fcctp.usmp.edu.pe\/noticias\/#\/schema\/person\/4fdff53bd44bf6f645fe381e079e1252"},"headline":"USMP presente en la segunda edici\u00f3n del Festival Nacional de Cine Universitario, UNIFEST 2025","datePublished":"2024-09-11T15:58:28+00:00","dateModified":"2024-09-11T16:22:55+00:00","mainEntityOfPage":{"@id":"https:\/\/fcctp.usmp.edu.pe\/noticias\/actividades-destacadas\/usmp-presente-en-la-segunda-edicion-del-festival-nacional-de-cine-universitario-unifest-2025\/"},"wordCount":337,"publisher":{"@id":"https:\/\/fcctp.usmp.edu.pe\/noticias\/#organization"},"image":{"@id":"https:\/\/fcctp.usmp.edu.pe\/noticias\/actividades-destacadas\/usmp-presente-en-la-segunda-edicion-del-festival-nacional-de-cine-universitario-unifest-2025\/#primaryimage"},"thumbnailUrl":"https:\/\/fcctp.usmp.edu.pe\/noticias\/wp-content\/uploads\/2024\/09\/WhatsApp-Image-2024-09-10-at-15.13.52-1-scaled.jpeg","keywords":["Home FCCTP","Lo mas destacado"],"articleSection":["Actividades destacadas"],"inLanguage":"es-PE"},{"@type":"WebPage","@id":"https:\/\/fcctp.usmp.edu.pe\/noticias\/actividades-destacadas\/usmp-presente-en-la-segunda-edicion-del-festival-nacional-de-cine-universitario-unifest-2025\/","url":"https:\/\/fcctp.usmp.edu.pe\/noticias\/actividades-destacadas\/usmp-presente-en-la-segunda-edicion-del-festival-nacional-de-cine-universitario-unifest-2025\/","name":"USMP presente en la segunda edici\u00f3n del Festival Nacional de Cine Universitario, UNIFEST 2025 - Noticias","isPartOf":{"@id":"https:\/\/fcctp.usmp.edu.pe\/noticias\/#website"},"primaryImageOfPage":{"@id":"https:\/\/fcctp.usmp.edu.pe\/noticias\/actividades-destacadas\/usmp-presente-en-la-segunda-edicion-del-festival-nacional-de-cine-universitario-unifest-2025\/#primaryimage"},"image":{"@id":"https:\/\/fcctp.usmp.edu.pe\/noticias\/actividades-destacadas\/usmp-presente-en-la-segunda-edicion-del-festival-nacional-de-cine-universitario-unifest-2025\/#primaryimage"},"thumbnailUrl":"https:\/\/fcctp.usmp.edu.pe\/noticias\/wp-content\/uploads\/2024\/09\/WhatsApp-Image-2024-09-10-at-15.13.52-1-scaled.jpeg","datePublished":"2024-09-11T15:58:28+00:00","dateModified":"2024-09-11T16:22:55+00:00","breadcrumb":{"@id":"https:\/\/fcctp.usmp.edu.pe\/noticias\/actividades-destacadas\/usmp-presente-en-la-segunda-edicion-del-festival-nacional-de-cine-universitario-unifest-2025\/#breadcrumb"},"inLanguage":"es-PE","potentialAction":[{"@type":"ReadAction","target":["https:\/\/fcctp.usmp.edu.pe\/noticias\/actividades-destacadas\/usmp-presente-en-la-segunda-edicion-del-festival-nacional-de-cine-universitario-unifest-2025\/"]}]},{"@type":"ImageObject","inLanguage":"es-PE","@id":"https:\/\/fcctp.usmp.edu.pe\/noticias\/actividades-destacadas\/usmp-presente-en-la-segunda-edicion-del-festival-nacional-de-cine-universitario-unifest-2025\/#primaryimage","url":"https:\/\/fcctp.usmp.edu.pe\/noticias\/wp-content\/uploads\/2024\/09\/WhatsApp-Image-2024-09-10-at-15.13.52-1-scaled.jpeg","contentUrl":"https:\/\/fcctp.usmp.edu.pe\/noticias\/wp-content\/uploads\/2024\/09\/WhatsApp-Image-2024-09-10-at-15.13.52-1-scaled.jpeg","width":2560,"height":1706,"caption":"portada"},{"@type":"BreadcrumbList","@id":"https:\/\/fcctp.usmp.edu.pe\/noticias\/actividades-destacadas\/usmp-presente-en-la-segunda-edicion-del-festival-nacional-de-cine-universitario-unifest-2025\/#breadcrumb","itemListElement":[{"@type":"ListItem","position":1,"name":"Portada","item":"https:\/\/fcctp.usmp.edu.pe\/noticias\/"},{"@type":"ListItem","position":2,"name":"USMP presente en la segunda edici\u00f3n del Festival Nacional de Cine Universitario, UNIFEST 2025"}]},{"@type":"WebSite","@id":"https:\/\/fcctp.usmp.edu.pe\/noticias\/#website","url":"https:\/\/fcctp.usmp.edu.pe\/noticias\/","name":"Noticias FCCTP","description":"Facultad de Ciencias de la Comunicaci\u00f3n, Turismo y Psicolog\u00eda","publisher":{"@id":"https:\/\/fcctp.usmp.edu.pe\/noticias\/#organization"},"potentialAction":[{"@type":"SearchAction","target":{"@type":"EntryPoint","urlTemplate":"https:\/\/fcctp.usmp.edu.pe\/noticias\/?s={search_term_string}"},"query-input":{"@type":"PropertyValueSpecification","valueRequired":true,"valueName":"search_term_string"}}],"inLanguage":"es-PE"},{"@type":"Organization","@id":"https:\/\/fcctp.usmp.edu.pe\/noticias\/#organization","name":"Facultad de Ciencias de la Comunicaci\u00f3n, Turismo y Psicolog\u00eda","url":"https:\/\/fcctp.usmp.edu.pe\/noticias\/","logo":{"@type":"ImageObject","inLanguage":"es-PE","@id":"https:\/\/fcctp.usmp.edu.pe\/noticias\/#\/schema\/logo\/image\/","url":"https:\/\/fcctp.usmp.edu.pe\/noticias\/wp-content\/uploads\/2022\/03\/logoFCCTP_60.svg","contentUrl":"https:\/\/fcctp.usmp.edu.pe\/noticias\/wp-content\/uploads\/2022\/03\/logoFCCTP_60.svg","width":347,"height":66,"caption":"Facultad de Ciencias de la Comunicaci\u00f3n, Turismo y Psicolog\u00eda"},"image":{"@id":"https:\/\/fcctp.usmp.edu.pe\/noticias\/#\/schema\/logo\/image\/"},"sameAs":["https:\/\/www.facebook.com\/fcctp","https:\/\/x.com\/fcctp_usmp","https:\/\/www.instagram.com\/fcctp_usmp\/"]},{"@type":"Person","@id":"https:\/\/fcctp.usmp.edu.pe\/noticias\/#\/schema\/person\/4fdff53bd44bf6f645fe381e079e1252","name":"Omar Huaman","image":{"@type":"ImageObject","inLanguage":"es-PE","@id":"https:\/\/secure.gravatar.com\/avatar\/1ec290616e6e3dc043e286f62b87c0f992c4889ead141b3e3dfc70d018a983e0?s=96&d=mm&r=g","url":"https:\/\/secure.gravatar.com\/avatar\/1ec290616e6e3dc043e286f62b87c0f992c4889ead141b3e3dfc70d018a983e0?s=96&d=mm&r=g","contentUrl":"https:\/\/secure.gravatar.com\/avatar\/1ec290616e6e3dc043e286f62b87c0f992c4889ead141b3e3dfc70d018a983e0?s=96&d=mm&r=g","caption":"Omar Huaman"},"url":"https:\/\/fcctp.usmp.edu.pe\/noticias\/author\/notieditor\/"}]}},"_links":{"self":[{"href":"https:\/\/fcctp.usmp.edu.pe\/noticias\/wp-json\/wp\/v2\/posts\/9691","targetHints":{"allow":["GET"]}}],"collection":[{"href":"https:\/\/fcctp.usmp.edu.pe\/noticias\/wp-json\/wp\/v2\/posts"}],"about":[{"href":"https:\/\/fcctp.usmp.edu.pe\/noticias\/wp-json\/wp\/v2\/types\/post"}],"author":[{"embeddable":true,"href":"https:\/\/fcctp.usmp.edu.pe\/noticias\/wp-json\/wp\/v2\/users\/2"}],"replies":[{"embeddable":true,"href":"https:\/\/fcctp.usmp.edu.pe\/noticias\/wp-json\/wp\/v2\/comments?post=9691"}],"version-history":[{"count":10,"href":"https:\/\/fcctp.usmp.edu.pe\/noticias\/wp-json\/wp\/v2\/posts\/9691\/revisions"}],"predecessor-version":[{"id":9706,"href":"https:\/\/fcctp.usmp.edu.pe\/noticias\/wp-json\/wp\/v2\/posts\/9691\/revisions\/9706"}],"wp:featuredmedia":[{"embeddable":true,"href":"https:\/\/fcctp.usmp.edu.pe\/noticias\/wp-json\/wp\/v2\/media\/9697"}],"wp:attachment":[{"href":"https:\/\/fcctp.usmp.edu.pe\/noticias\/wp-json\/wp\/v2\/media?parent=9691"}],"wp:term":[{"taxonomy":"category","embeddable":true,"href":"https:\/\/fcctp.usmp.edu.pe\/noticias\/wp-json\/wp\/v2\/categories?post=9691"},{"taxonomy":"post_tag","embeddable":true,"href":"https:\/\/fcctp.usmp.edu.pe\/noticias\/wp-json\/wp\/v2\/tags?post=9691"}],"curies":[{"name":"wp","href":"https:\/\/api.w.org\/{rel}","templated":true}]}}