{"id":9660,"date":"2024-05-06T17:22:22","date_gmt":"2024-05-06T17:22:22","guid":{"rendered":"https:\/\/fcctp.usmp.edu.pe\/noticias\/?p=9660"},"modified":"2024-05-06T17:26:21","modified_gmt":"2024-05-06T17:26:21","slug":"4ta-edicion-de-la-feria-de-sostenibilidad-se-realizo-con-exito-y-reunio-a-varias-organizaciones-comprometidas-con-el-cambio","status":"publish","type":"post","link":"https:\/\/fcctp.usmp.edu.pe\/noticias\/sostenibilidad\/4ta-edicion-de-la-feria-de-sostenibilidad-se-realizo-con-exito-y-reunio-a-varias-organizaciones-comprometidas-con-el-cambio\/","title":{"rendered":"4ta edici\u00f3n de la Feria de Sostenibilidad se realiz\u00f3 con \u00e9xito y reuni\u00f3 a varias organizaciones comprometidas con el cambio"},"content":{"rendered":"<p>La<strong> Oficina de Sostenibilidad<\/strong> de la <strong>Facultad de Ciencias de la Comunicaci\u00f3n, Turismo y Psicolog\u00eda (FCCTP)<\/strong> celebr\u00f3 por cuarta vez consecutiva la <strong>Feria de Voluntariado<\/strong> que se realiz\u00f3 este 24, 25 y 26 de abril en el campus.<\/p>\n<p>La actividad congreg\u00f3 a distintas organizaciones privadas y p\u00fablicas para brindarles a nuestros alumnos de las tres escuelas profesionales distintas oportunidades de programas de voluntariado y, de esta manera, puedan aportar a lograr una sociedad m\u00e1s sostenible en aspectos ambientales, sociales y econ\u00f3micos.<\/p>\n<p>El mi\u00e9rcoles 24, los <strong>Voluntarios del Bicentenario del Ministerio de Cultura<\/strong> brindaron informaci\u00f3n sobre c\u00f3mo unirse a su programa. Lo mismo hicieron los representantes de <strong>Proa,<\/strong> primera plataforma peruana que conecta a personas que quieren hacer\u00a0voluntariado. De igual forma, el <strong>Centro de Atenci\u00f3n Residencial (CAR)<\/strong> para personas adultas mayores se hizo presente para convocar a m\u00e1s interesados.<\/p>\n<p>Tambi\u00e9n hubo m\u00f3dulos de donaci\u00f3n de sangre de la organizaci\u00f3n <strong>Por ti mi sangre<\/strong>, en alianza con el banco del <strong>Hospital Almenara<\/strong>. En ellos, nuestra comunidad universitaria se hizo presente para ayudar a quienes m\u00e1s la necesitan en casos de emergencia. La organizaci\u00f3n <strong>Por ti mi Sangre<\/strong> tambi\u00e9n colabor\u00f3 a informar sobre los beneficios de ser un donante que puede salvar vidas.<\/p>\n<blockquote class=\"instagram-media\" style=\"background: #FFF; border: 0; border-radius: 3px; box-shadow: 0 0 1px 0 rgba(0,0,0,0.5),0 1px 10px 0 rgba(0,0,0,0.15); margin: 1px; max-width: 540px; min-width: 326px; padding: 0; width: calc(100% - 2px);\" data-instgrm-captioned=\"\" data-instgrm-permalink=\"https:\/\/www.instagram.com\/p\/C6Y_DxGrF9t\/?utm_source=ig_embed&amp;utm_campaign=loading\" data-instgrm-version=\"14\">\n<div style=\"padding: 16px;\">\n<p>&nbsp;<\/p>\n<div style=\"display: flex; flex-direction: row; align-items: center;\">\n<div style=\"background-color: #f4f4f4; border-radius: 50%; flex-grow: 0; height: 40px; margin-right: 14px; width: 40px;\"><\/div>\n<div style=\"display: flex; flex-direction: column; flex-grow: 1; justify-content: center;\">\n<div style=\"background-color: #f4f4f4; border-radius: 4px; flex-grow: 0; height: 14px; margin-bottom: 6px; width: 100px;\"><\/div>\n<div style=\"background-color: #f4f4f4; border-radius: 4px; flex-grow: 0; height: 14px; width: 60px;\"><\/div>\n<\/div>\n<\/div>\n<div style=\"padding: 19% 0;\"><\/div>\n<div style=\"display: block; height: 50px; margin: 0 auto 12px; width: 50px;\"><\/div>\n<div style=\"padding-top: 8px;\">\n<div style=\"color: #3897f0; font-family: Arial,sans-serif; font-size: 14px; font-style: normal; font-weight: 550; line-height: 18px;\">Ver esta publicaci\u00f3n en Instagram<\/div>\n<\/div>\n<div style=\"padding: 12.5% 0;\"><\/div>\n<div style=\"display: flex; flex-direction: row; margin-bottom: 14px; align-items: center;\">\n<div>\n<div style=\"background-color: #f4f4f4; border-radius: 50%; height: 12.5px; width: 12.5px; transform: translateX(0px) translateY(7px);\"><\/div>\n<div style=\"background-color: #f4f4f4; height: 12.5px; transform: rotate(-45deg) translateX(3px) translateY(1px); width: 12.5px; flex-grow: 0; margin-right: 14px; margin-left: 2px;\"><\/div>\n<div style=\"background-color: #f4f4f4; border-radius: 50%; height: 12.5px; width: 12.5px; transform: translateX(9px) translateY(-18px);\"><\/div>\n<\/div>\n<div style=\"margin-left: 8px;\">\n<div style=\"background-color: #f4f4f4; border-radius: 50%; flex-grow: 0; height: 20px; width: 20px;\"><\/div>\n<div style=\"width: 0; height: 0; border-top: 2px solid transparent; border-left: 6px solid #f4f4f4; border-bottom: 2px solid transparent; transform: translateX(16px) translateY(-4px) rotate(30deg);\"><\/div>\n<\/div>\n<div style=\"margin-left: auto;\">\n<div style=\"width: 0px; border-top: 8px solid #F4F4F4; border-right: 8px solid transparent; transform: translateY(16px);\"><\/div>\n<div style=\"background-color: #f4f4f4; flex-grow: 0; height: 12px; width: 16px; transform: translateY(-4px);\"><\/div>\n<div style=\"width: 0; height: 0; border-top: 8px solid #F4F4F4; border-left: 8px solid transparent; transform: translateY(-4px) translateX(8px);\"><\/div>\n<\/div>\n<\/div>\n<div style=\"display: flex; flex-direction: column; flex-grow: 1; justify-content: center; margin-bottom: 24px;\">\n<div style=\"background-color: #f4f4f4; border-radius: 4px; flex-grow: 0; height: 14px; margin-bottom: 6px; width: 224px;\"><\/div>\n<div style=\"background-color: #f4f4f4; border-radius: 4px; flex-grow: 0; height: 14px; width: 144px;\"><\/div>\n<\/div>\n<p>&nbsp;<\/p>\n<p style=\"color: #c9c8cd; font-family: Arial,sans-serif; font-size: 14px; line-height: 17px; margin-bottom: 0; margin-top: 8px; overflow: hidden; padding: 8px 0 7px; text-align: center; text-overflow: ellipsis; white-space: nowrap;\"><a style=\"color: #c9c8cd; font-family: Arial,sans-serif; font-size: 14px; font-style: normal; font-weight: normal; line-height: 17px; text-decoration: none;\" href=\"https:\/\/www.instagram.com\/p\/C6Y_DxGrF9t\/?utm_source=ig_embed&amp;utm_campaign=loading\" target=\"_blank\" rel=\"noopener\">Una publicaci\u00f3n compartida de Sostenibilidad USMP (@sostenibilidad.usmp)<\/a><\/p>\n<\/div>\n<\/blockquote>\n<p><script async src=\"\/\/www.instagram.com\/embed.js\"><\/script><\/p>\n<p>En tanto, el jueves 25 se continu\u00f3 con m\u00e1s instituciones que ofrecen programas de voluntariado como, por ejemplo, el <strong>Ministerio del Ambiente<\/strong> mediante sus iniciativas de cuidado de la naturaleza y del entorno donde vivimos. En esa misma l\u00ednea, la <strong>ONG Amazon Shelter<\/strong> se present\u00f3 para buscar m\u00e1s aliados interesados en la conservaci\u00f3n de la fauna amaz\u00f3nica del Per\u00fa y en el rescate de animales.<\/p>\n<p>Del mismo modo, a la facultad llegaron las organizaciones <strong>Retarte<\/strong>, especializada en la contribuci\u00f3n del desarrollo sostenible en empresas; <strong>Crea+<\/strong>, cuyo programa de voluntariado se enfoca en el apoyo a ni\u00f1os y personas de la tercera edad; y <strong>Cruz Blanca<\/strong>, la cual busca desarrollar habilidades para la vida en ni\u00f1os, ni\u00f1as y adolescentes de zonas vulnerables.<\/p>\n<p>Durante el \u00faltimo d\u00eda de la cuarta edici\u00f3n de la <strong>Feria de Voluntariado<\/strong>, la<strong> Asociaci\u00f3n KP<\/strong> brind\u00f3 informaci\u00f3n sobre c\u00f3mo sumarse a sus iniciativas de tenencia responsable de mascotas y colaboraci\u00f3n a albergues de animales. La ONG <strong>Loop,<\/strong> por su parte, anunci\u00f3 sus pr\u00f3ximas convocatorias de limpieza y cuidado de playas.<\/p>\n<p>Finalmente, <strong>Inabif<\/strong>, instituci\u00f3n que ofrece albergues a ni\u00f1os;<strong> Parlare<\/strong>, voluntariado que brinda entretenimiento sano a adultos mayores; y <strong>Techo Per\u00fa<\/strong>, organizaci\u00f3n que aporta a la soluci\u00f3n ante la falta de vivienda en personas en situaci\u00f3n de pobreza, participaron de la clausura de la <strong>Feria de Voluntariado.<\/strong><\/p>\n<p>De esta manera, agradecemos a todos nuestras organizaciones aliadas que asistieron a este evento que es una muestra de nuestro compromiso con la sostenibilidad y con hacer de este mundo, un lugar mejor para nosotros y para las futuras generaciones.<\/p>\n","protected":false},"excerpt":{"rendered":"<p>La Oficina de Sostenibilidad de la Facultad de Ciencias de la Comunicaci\u00f3n, Turismo y Psicolog\u00eda (FCCTP) celebr\u00f3 por cuarta vez consecutiva la Feria de Voluntariado que se realiz\u00f3 este 24, 25 y 26 de abril en el campus. La actividad congreg\u00f3 a distintas organizaciones privadas y p\u00fablicas para brindarles a nuestros alumnos de las tres &#8230; <a title=\"4ta edici\u00f3n de la Feria de Sostenibilidad se realiz\u00f3 con \u00e9xito y reuni\u00f3 a varias organizaciones comprometidas con el cambio\" class=\"read-more\" href=\"https:\/\/fcctp.usmp.edu.pe\/noticias\/sostenibilidad\/4ta-edicion-de-la-feria-de-sostenibilidad-se-realizo-con-exito-y-reunio-a-varias-organizaciones-comprometidas-con-el-cambio\/\" aria-label=\"More on 4ta edici\u00f3n de la Feria de Sostenibilidad se realiz\u00f3 con \u00e9xito y reuni\u00f3 a varias organizaciones comprometidas con el cambio\">Read more<\/a><\/p>\n","protected":false},"author":2,"featured_media":9661,"comment_status":"closed","ping_status":"closed","sticky":false,"template":"","format":"standard","meta":{"footnotes":""},"categories":[33],"tags":[147,146,47,46,74],"class_list":["post-9660","post","type-post","status-publish","format-standard","has-post-thumbnail","hentry","category-sostenibilidad","tag-fcctp","tag-feria-de-voluntariado","tag-home-fcctp","tag-lo-mas-destacado","tag-oficina-de-sostenibilidad"],"yoast_head":"<!-- This site is optimized with the Yoast SEO plugin v28.3 - https:\/\/yoast.com\/product\/yoast-seo-wordpress\/ -->\n<title>4ta edici\u00f3n de la Feria de Sostenibilidad se realiz\u00f3 con \u00e9xito y reuni\u00f3 a varias organizaciones comprometidas con el cambio - Noticias<\/title>\n<meta name=\"robots\" content=\"index, follow, max-snippet:-1, max-image-preview:large, max-video-preview:-1\" \/>\n<link rel=\"canonical\" href=\"https:\/\/fcctp.usmp.edu.pe\/noticias\/sostenibilidad\/4ta-edicion-de-la-feria-de-sostenibilidad-se-realizo-con-exito-y-reunio-a-varias-organizaciones-comprometidas-con-el-cambio\/\" \/>\n<meta property=\"og:locale\" content=\"es_ES\" \/>\n<meta property=\"og:type\" content=\"article\" \/>\n<meta property=\"og:title\" content=\"4ta edici\u00f3n de la Feria de Sostenibilidad se realiz\u00f3 con \u00e9xito y reuni\u00f3 a varias organizaciones comprometidas con el cambio - Noticias\" \/>\n<meta property=\"og:description\" content=\"La Oficina de Sostenibilidad de la Facultad de Ciencias de la Comunicaci\u00f3n, Turismo y Psicolog\u00eda (FCCTP) celebr\u00f3 por cuarta vez consecutiva la Feria de Voluntariado que se realiz\u00f3 este 24, 25 y 26 de abril en el campus. La actividad congreg\u00f3 a distintas organizaciones privadas y p\u00fablicas para brindarles a nuestros alumnos de las tres ... Read more\" \/>\n<meta property=\"og:url\" content=\"https:\/\/fcctp.usmp.edu.pe\/noticias\/sostenibilidad\/4ta-edicion-de-la-feria-de-sostenibilidad-se-realizo-con-exito-y-reunio-a-varias-organizaciones-comprometidas-con-el-cambio\/\" \/>\n<meta property=\"og:site_name\" content=\"Noticias\" \/>\n<meta property=\"article:publisher\" content=\"https:\/\/www.facebook.com\/fcctp\" \/>\n<meta property=\"article:published_time\" content=\"2024-05-06T17:22:22+00:00\" \/>\n<meta property=\"article:modified_time\" content=\"2024-05-06T17:26:21+00:00\" \/>\n<meta property=\"og:image\" content=\"https:\/\/fcctp.usmp.edu.pe\/noticias\/wp-content\/uploads\/2024\/05\/6-5_NOTICIA_Mesa-de-trabajo-1-copia-5_Mesa-de-trabajo-1-copia-5.jpg\" \/>\n\t<meta property=\"og:image:width\" content=\"1501\" \/>\n\t<meta property=\"og:image:height\" content=\"938\" \/>\n\t<meta property=\"og:image:type\" content=\"image\/jpeg\" \/>\n<meta name=\"author\" content=\"Omar Huaman\" \/>\n<meta name=\"twitter:card\" content=\"summary_large_image\" \/>\n<meta name=\"twitter:creator\" content=\"@fcctp_usmp\" \/>\n<meta name=\"twitter:site\" content=\"@fcctp_usmp\" \/>\n<meta name=\"twitter:label1\" content=\"Written by\" \/>\n\t<meta name=\"twitter:data1\" content=\"Omar Huaman\" \/>\n\t<meta name=\"twitter:label2\" content=\"Est. reading time\" \/>\n\t<meta name=\"twitter:data2\" content=\"3 minutos\" \/>\n<script type=\"application\/ld+json\" class=\"yoast-schema-graph\">{\"@context\":\"https:\\\/\\\/schema.org\",\"@graph\":[{\"@type\":\"Article\",\"@id\":\"https:\\\/\\\/fcctp.usmp.edu.pe\\\/noticias\\\/sostenibilidad\\\/4ta-edicion-de-la-feria-de-sostenibilidad-se-realizo-con-exito-y-reunio-a-varias-organizaciones-comprometidas-con-el-cambio\\\/#article\",\"isPartOf\":{\"@id\":\"https:\\\/\\\/fcctp.usmp.edu.pe\\\/noticias\\\/sostenibilidad\\\/4ta-edicion-de-la-feria-de-sostenibilidad-se-realizo-con-exito-y-reunio-a-varias-organizaciones-comprometidas-con-el-cambio\\\/\"},\"author\":{\"name\":\"Omar Huaman\",\"@id\":\"https:\\\/\\\/fcctp.usmp.edu.pe\\\/noticias\\\/#\\\/schema\\\/person\\\/4fdff53bd44bf6f645fe381e079e1252\"},\"headline\":\"4ta edici\u00f3n de la Feria de Sostenibilidad se realiz\u00f3 con \u00e9xito y reuni\u00f3 a varias organizaciones comprometidas con el cambio\",\"datePublished\":\"2024-05-06T17:22:22+00:00\",\"dateModified\":\"2024-05-06T17:26:21+00:00\",\"mainEntityOfPage\":{\"@id\":\"https:\\\/\\\/fcctp.usmp.edu.pe\\\/noticias\\\/sostenibilidad\\\/4ta-edicion-de-la-feria-de-sostenibilidad-se-realizo-con-exito-y-reunio-a-varias-organizaciones-comprometidas-con-el-cambio\\\/\"},\"wordCount\":530,\"publisher\":{\"@id\":\"https:\\\/\\\/fcctp.usmp.edu.pe\\\/noticias\\\/#organization\"},\"image\":{\"@id\":\"https:\\\/\\\/fcctp.usmp.edu.pe\\\/noticias\\\/sostenibilidad\\\/4ta-edicion-de-la-feria-de-sostenibilidad-se-realizo-con-exito-y-reunio-a-varias-organizaciones-comprometidas-con-el-cambio\\\/#primaryimage\"},\"thumbnailUrl\":\"https:\\\/\\\/fcctp.usmp.edu.pe\\\/noticias\\\/wp-content\\\/uploads\\\/2024\\\/05\\\/6-5_NOTICIA_Mesa-de-trabajo-1-copia-5_Mesa-de-trabajo-1-copia-5.jpg\",\"keywords\":[\"FCCTP\",\"Feria de Voluntariado\",\"Home FCCTP\",\"Lo mas destacado\",\"Oficina de Sostenibilidad\"],\"articleSection\":[\"Sostenibilidad\"],\"inLanguage\":\"es-PE\"},{\"@type\":\"WebPage\",\"@id\":\"https:\\\/\\\/fcctp.usmp.edu.pe\\\/noticias\\\/sostenibilidad\\\/4ta-edicion-de-la-feria-de-sostenibilidad-se-realizo-con-exito-y-reunio-a-varias-organizaciones-comprometidas-con-el-cambio\\\/\",\"url\":\"https:\\\/\\\/fcctp.usmp.edu.pe\\\/noticias\\\/sostenibilidad\\\/4ta-edicion-de-la-feria-de-sostenibilidad-se-realizo-con-exito-y-reunio-a-varias-organizaciones-comprometidas-con-el-cambio\\\/\",\"name\":\"4ta edici\u00f3n de la Feria de Sostenibilidad se realiz\u00f3 con \u00e9xito y reuni\u00f3 a varias organizaciones comprometidas con el cambio - Noticias\",\"isPartOf\":{\"@id\":\"https:\\\/\\\/fcctp.usmp.edu.pe\\\/noticias\\\/#website\"},\"primaryImageOfPage\":{\"@id\":\"https:\\\/\\\/fcctp.usmp.edu.pe\\\/noticias\\\/sostenibilidad\\\/4ta-edicion-de-la-feria-de-sostenibilidad-se-realizo-con-exito-y-reunio-a-varias-organizaciones-comprometidas-con-el-cambio\\\/#primaryimage\"},\"image\":{\"@id\":\"https:\\\/\\\/fcctp.usmp.edu.pe\\\/noticias\\\/sostenibilidad\\\/4ta-edicion-de-la-feria-de-sostenibilidad-se-realizo-con-exito-y-reunio-a-varias-organizaciones-comprometidas-con-el-cambio\\\/#primaryimage\"},\"thumbnailUrl\":\"https:\\\/\\\/fcctp.usmp.edu.pe\\\/noticias\\\/wp-content\\\/uploads\\\/2024\\\/05\\\/6-5_NOTICIA_Mesa-de-trabajo-1-copia-5_Mesa-de-trabajo-1-copia-5.jpg\",\"datePublished\":\"2024-05-06T17:22:22+00:00\",\"dateModified\":\"2024-05-06T17:26:21+00:00\",\"breadcrumb\":{\"@id\":\"https:\\\/\\\/fcctp.usmp.edu.pe\\\/noticias\\\/sostenibilidad\\\/4ta-edicion-de-la-feria-de-sostenibilidad-se-realizo-con-exito-y-reunio-a-varias-organizaciones-comprometidas-con-el-cambio\\\/#breadcrumb\"},\"inLanguage\":\"es-PE\",\"potentialAction\":[{\"@type\":\"ReadAction\",\"target\":[\"https:\\\/\\\/fcctp.usmp.edu.pe\\\/noticias\\\/sostenibilidad\\\/4ta-edicion-de-la-feria-de-sostenibilidad-se-realizo-con-exito-y-reunio-a-varias-organizaciones-comprometidas-con-el-cambio\\\/\"]}]},{\"@type\":\"ImageObject\",\"inLanguage\":\"es-PE\",\"@id\":\"https:\\\/\\\/fcctp.usmp.edu.pe\\\/noticias\\\/sostenibilidad\\\/4ta-edicion-de-la-feria-de-sostenibilidad-se-realizo-con-exito-y-reunio-a-varias-organizaciones-comprometidas-con-el-cambio\\\/#primaryimage\",\"url\":\"https:\\\/\\\/fcctp.usmp.edu.pe\\\/noticias\\\/wp-content\\\/uploads\\\/2024\\\/05\\\/6-5_NOTICIA_Mesa-de-trabajo-1-copia-5_Mesa-de-trabajo-1-copia-5.jpg\",\"contentUrl\":\"https:\\\/\\\/fcctp.usmp.edu.pe\\\/noticias\\\/wp-content\\\/uploads\\\/2024\\\/05\\\/6-5_NOTICIA_Mesa-de-trabajo-1-copia-5_Mesa-de-trabajo-1-copia-5.jpg\",\"width\":1501,\"height\":938,\"caption\":\"4ta edici\u00f3n de la Feria de Sostenibilidad se realiz\u00f3 con \u00e9xito y reuni\u00f3 a varias organizaciones comprometidas con el cambio\"},{\"@type\":\"BreadcrumbList\",\"@id\":\"https:\\\/\\\/fcctp.usmp.edu.pe\\\/noticias\\\/sostenibilidad\\\/4ta-edicion-de-la-feria-de-sostenibilidad-se-realizo-con-exito-y-reunio-a-varias-organizaciones-comprometidas-con-el-cambio\\\/#breadcrumb\",\"itemListElement\":[{\"@type\":\"ListItem\",\"position\":1,\"name\":\"Portada\",\"item\":\"https:\\\/\\\/fcctp.usmp.edu.pe\\\/noticias\\\/\"},{\"@type\":\"ListItem\",\"position\":2,\"name\":\"4ta edici\u00f3n de la Feria de Sostenibilidad se realiz\u00f3 con \u00e9xito y reuni\u00f3 a varias organizaciones comprometidas con el cambio\"}]},{\"@type\":\"WebSite\",\"@id\":\"https:\\\/\\\/fcctp.usmp.edu.pe\\\/noticias\\\/#website\",\"url\":\"https:\\\/\\\/fcctp.usmp.edu.pe\\\/noticias\\\/\",\"name\":\"Noticias FCCTP\",\"description\":\"Facultad de Ciencias de la Comunicaci\u00f3n, Turismo y Psicolog\u00eda\",\"publisher\":{\"@id\":\"https:\\\/\\\/fcctp.usmp.edu.pe\\\/noticias\\\/#organization\"},\"potentialAction\":[{\"@type\":\"SearchAction\",\"target\":{\"@type\":\"EntryPoint\",\"urlTemplate\":\"https:\\\/\\\/fcctp.usmp.edu.pe\\\/noticias\\\/?s={search_term_string}\"},\"query-input\":{\"@type\":\"PropertyValueSpecification\",\"valueRequired\":true,\"valueName\":\"search_term_string\"}}],\"inLanguage\":\"es-PE\"},{\"@type\":\"Organization\",\"@id\":\"https:\\\/\\\/fcctp.usmp.edu.pe\\\/noticias\\\/#organization\",\"name\":\"Facultad de Ciencias de la Comunicaci\u00f3n, Turismo y Psicolog\u00eda\",\"url\":\"https:\\\/\\\/fcctp.usmp.edu.pe\\\/noticias\\\/\",\"logo\":{\"@type\":\"ImageObject\",\"inLanguage\":\"es-PE\",\"@id\":\"https:\\\/\\\/fcctp.usmp.edu.pe\\\/noticias\\\/#\\\/schema\\\/logo\\\/image\\\/\",\"url\":\"https:\\\/\\\/fcctp.usmp.edu.pe\\\/noticias\\\/wp-content\\\/uploads\\\/2022\\\/03\\\/logoFCCTP_60.svg\",\"contentUrl\":\"https:\\\/\\\/fcctp.usmp.edu.pe\\\/noticias\\\/wp-content\\\/uploads\\\/2022\\\/03\\\/logoFCCTP_60.svg\",\"width\":347,\"height\":66,\"caption\":\"Facultad de Ciencias de la Comunicaci\u00f3n, Turismo y Psicolog\u00eda\"},\"image\":{\"@id\":\"https:\\\/\\\/fcctp.usmp.edu.pe\\\/noticias\\\/#\\\/schema\\\/logo\\\/image\\\/\"},\"sameAs\":[\"https:\\\/\\\/www.facebook.com\\\/fcctp\",\"https:\\\/\\\/x.com\\\/fcctp_usmp\",\"https:\\\/\\\/www.instagram.com\\\/fcctp_usmp\\\/\"]},{\"@type\":\"Person\",\"@id\":\"https:\\\/\\\/fcctp.usmp.edu.pe\\\/noticias\\\/#\\\/schema\\\/person\\\/4fdff53bd44bf6f645fe381e079e1252\",\"name\":\"Omar Huaman\",\"image\":{\"@type\":\"ImageObject\",\"inLanguage\":\"es-PE\",\"@id\":\"https:\\\/\\\/secure.gravatar.com\\\/avatar\\\/1ec290616e6e3dc043e286f62b87c0f992c4889ead141b3e3dfc70d018a983e0?s=96&d=mm&r=g\",\"url\":\"https:\\\/\\\/secure.gravatar.com\\\/avatar\\\/1ec290616e6e3dc043e286f62b87c0f992c4889ead141b3e3dfc70d018a983e0?s=96&d=mm&r=g\",\"contentUrl\":\"https:\\\/\\\/secure.gravatar.com\\\/avatar\\\/1ec290616e6e3dc043e286f62b87c0f992c4889ead141b3e3dfc70d018a983e0?s=96&d=mm&r=g\",\"caption\":\"Omar Huaman\"},\"url\":\"https:\\\/\\\/fcctp.usmp.edu.pe\\\/noticias\\\/author\\\/notieditor\\\/\"}]}<\/script>\n<!-- \/ Yoast SEO plugin. -->","yoast_head_json":{"title":"4ta edici\u00f3n de la Feria de Sostenibilidad se realiz\u00f3 con \u00e9xito y reuni\u00f3 a varias organizaciones comprometidas con el cambio - Noticias","robots":{"index":"index","follow":"follow","max-snippet":"max-snippet:-1","max-image-preview":"max-image-preview:large","max-video-preview":"max-video-preview:-1"},"canonical":"https:\/\/fcctp.usmp.edu.pe\/noticias\/sostenibilidad\/4ta-edicion-de-la-feria-de-sostenibilidad-se-realizo-con-exito-y-reunio-a-varias-organizaciones-comprometidas-con-el-cambio\/","og_locale":"es_ES","og_type":"article","og_title":"4ta edici\u00f3n de la Feria de Sostenibilidad se realiz\u00f3 con \u00e9xito y reuni\u00f3 a varias organizaciones comprometidas con el cambio - Noticias","og_description":"La Oficina de Sostenibilidad de la Facultad de Ciencias de la Comunicaci\u00f3n, Turismo y Psicolog\u00eda (FCCTP) celebr\u00f3 por cuarta vez consecutiva la Feria de Voluntariado que se realiz\u00f3 este 24, 25 y 26 de abril en el campus. La actividad congreg\u00f3 a distintas organizaciones privadas y p\u00fablicas para brindarles a nuestros alumnos de las tres ... Read more","og_url":"https:\/\/fcctp.usmp.edu.pe\/noticias\/sostenibilidad\/4ta-edicion-de-la-feria-de-sostenibilidad-se-realizo-con-exito-y-reunio-a-varias-organizaciones-comprometidas-con-el-cambio\/","og_site_name":"Noticias","article_publisher":"https:\/\/www.facebook.com\/fcctp","article_published_time":"2024-05-06T17:22:22+00:00","article_modified_time":"2024-05-06T17:26:21+00:00","og_image":[{"width":1501,"height":938,"url":"https:\/\/fcctp.usmp.edu.pe\/noticias\/wp-content\/uploads\/2024\/05\/6-5_NOTICIA_Mesa-de-trabajo-1-copia-5_Mesa-de-trabajo-1-copia-5.jpg","type":"image\/jpeg"}],"author":"Omar Huaman","twitter_card":"summary_large_image","twitter_creator":"@fcctp_usmp","twitter_site":"@fcctp_usmp","twitter_misc":{"Written by":"Omar Huaman","Est. reading time":"3 minutos"},"schema":{"@context":"https:\/\/schema.org","@graph":[{"@type":"Article","@id":"https:\/\/fcctp.usmp.edu.pe\/noticias\/sostenibilidad\/4ta-edicion-de-la-feria-de-sostenibilidad-se-realizo-con-exito-y-reunio-a-varias-organizaciones-comprometidas-con-el-cambio\/#article","isPartOf":{"@id":"https:\/\/fcctp.usmp.edu.pe\/noticias\/sostenibilidad\/4ta-edicion-de-la-feria-de-sostenibilidad-se-realizo-con-exito-y-reunio-a-varias-organizaciones-comprometidas-con-el-cambio\/"},"author":{"name":"Omar Huaman","@id":"https:\/\/fcctp.usmp.edu.pe\/noticias\/#\/schema\/person\/4fdff53bd44bf6f645fe381e079e1252"},"headline":"4ta edici\u00f3n de la Feria de Sostenibilidad se realiz\u00f3 con \u00e9xito y reuni\u00f3 a varias organizaciones comprometidas con el cambio","datePublished":"2024-05-06T17:22:22+00:00","dateModified":"2024-05-06T17:26:21+00:00","mainEntityOfPage":{"@id":"https:\/\/fcctp.usmp.edu.pe\/noticias\/sostenibilidad\/4ta-edicion-de-la-feria-de-sostenibilidad-se-realizo-con-exito-y-reunio-a-varias-organizaciones-comprometidas-con-el-cambio\/"},"wordCount":530,"publisher":{"@id":"https:\/\/fcctp.usmp.edu.pe\/noticias\/#organization"},"image":{"@id":"https:\/\/fcctp.usmp.edu.pe\/noticias\/sostenibilidad\/4ta-edicion-de-la-feria-de-sostenibilidad-se-realizo-con-exito-y-reunio-a-varias-organizaciones-comprometidas-con-el-cambio\/#primaryimage"},"thumbnailUrl":"https:\/\/fcctp.usmp.edu.pe\/noticias\/wp-content\/uploads\/2024\/05\/6-5_NOTICIA_Mesa-de-trabajo-1-copia-5_Mesa-de-trabajo-1-copia-5.jpg","keywords":["FCCTP","Feria de Voluntariado","Home FCCTP","Lo mas destacado","Oficina de Sostenibilidad"],"articleSection":["Sostenibilidad"],"inLanguage":"es-PE"},{"@type":"WebPage","@id":"https:\/\/fcctp.usmp.edu.pe\/noticias\/sostenibilidad\/4ta-edicion-de-la-feria-de-sostenibilidad-se-realizo-con-exito-y-reunio-a-varias-organizaciones-comprometidas-con-el-cambio\/","url":"https:\/\/fcctp.usmp.edu.pe\/noticias\/sostenibilidad\/4ta-edicion-de-la-feria-de-sostenibilidad-se-realizo-con-exito-y-reunio-a-varias-organizaciones-comprometidas-con-el-cambio\/","name":"4ta edici\u00f3n de la Feria de Sostenibilidad se realiz\u00f3 con \u00e9xito y reuni\u00f3 a varias organizaciones comprometidas con el cambio - Noticias","isPartOf":{"@id":"https:\/\/fcctp.usmp.edu.pe\/noticias\/#website"},"primaryImageOfPage":{"@id":"https:\/\/fcctp.usmp.edu.pe\/noticias\/sostenibilidad\/4ta-edicion-de-la-feria-de-sostenibilidad-se-realizo-con-exito-y-reunio-a-varias-organizaciones-comprometidas-con-el-cambio\/#primaryimage"},"image":{"@id":"https:\/\/fcctp.usmp.edu.pe\/noticias\/sostenibilidad\/4ta-edicion-de-la-feria-de-sostenibilidad-se-realizo-con-exito-y-reunio-a-varias-organizaciones-comprometidas-con-el-cambio\/#primaryimage"},"thumbnailUrl":"https:\/\/fcctp.usmp.edu.pe\/noticias\/wp-content\/uploads\/2024\/05\/6-5_NOTICIA_Mesa-de-trabajo-1-copia-5_Mesa-de-trabajo-1-copia-5.jpg","datePublished":"2024-05-06T17:22:22+00:00","dateModified":"2024-05-06T17:26:21+00:00","breadcrumb":{"@id":"https:\/\/fcctp.usmp.edu.pe\/noticias\/sostenibilidad\/4ta-edicion-de-la-feria-de-sostenibilidad-se-realizo-con-exito-y-reunio-a-varias-organizaciones-comprometidas-con-el-cambio\/#breadcrumb"},"inLanguage":"es-PE","potentialAction":[{"@type":"ReadAction","target":["https:\/\/fcctp.usmp.edu.pe\/noticias\/sostenibilidad\/4ta-edicion-de-la-feria-de-sostenibilidad-se-realizo-con-exito-y-reunio-a-varias-organizaciones-comprometidas-con-el-cambio\/"]}]},{"@type":"ImageObject","inLanguage":"es-PE","@id":"https:\/\/fcctp.usmp.edu.pe\/noticias\/sostenibilidad\/4ta-edicion-de-la-feria-de-sostenibilidad-se-realizo-con-exito-y-reunio-a-varias-organizaciones-comprometidas-con-el-cambio\/#primaryimage","url":"https:\/\/fcctp.usmp.edu.pe\/noticias\/wp-content\/uploads\/2024\/05\/6-5_NOTICIA_Mesa-de-trabajo-1-copia-5_Mesa-de-trabajo-1-copia-5.jpg","contentUrl":"https:\/\/fcctp.usmp.edu.pe\/noticias\/wp-content\/uploads\/2024\/05\/6-5_NOTICIA_Mesa-de-trabajo-1-copia-5_Mesa-de-trabajo-1-copia-5.jpg","width":1501,"height":938,"caption":"4ta edici\u00f3n de la Feria de Sostenibilidad se realiz\u00f3 con \u00e9xito y reuni\u00f3 a varias organizaciones comprometidas con el cambio"},{"@type":"BreadcrumbList","@id":"https:\/\/fcctp.usmp.edu.pe\/noticias\/sostenibilidad\/4ta-edicion-de-la-feria-de-sostenibilidad-se-realizo-con-exito-y-reunio-a-varias-organizaciones-comprometidas-con-el-cambio\/#breadcrumb","itemListElement":[{"@type":"ListItem","position":1,"name":"Portada","item":"https:\/\/fcctp.usmp.edu.pe\/noticias\/"},{"@type":"ListItem","position":2,"name":"4ta edici\u00f3n de la Feria de Sostenibilidad se realiz\u00f3 con \u00e9xito y reuni\u00f3 a varias organizaciones comprometidas con el cambio"}]},{"@type":"WebSite","@id":"https:\/\/fcctp.usmp.edu.pe\/noticias\/#website","url":"https:\/\/fcctp.usmp.edu.pe\/noticias\/","name":"Noticias FCCTP","description":"Facultad de Ciencias de la Comunicaci\u00f3n, Turismo y Psicolog\u00eda","publisher":{"@id":"https:\/\/fcctp.usmp.edu.pe\/noticias\/#organization"},"potentialAction":[{"@type":"SearchAction","target":{"@type":"EntryPoint","urlTemplate":"https:\/\/fcctp.usmp.edu.pe\/noticias\/?s={search_term_string}"},"query-input":{"@type":"PropertyValueSpecification","valueRequired":true,"valueName":"search_term_string"}}],"inLanguage":"es-PE"},{"@type":"Organization","@id":"https:\/\/fcctp.usmp.edu.pe\/noticias\/#organization","name":"Facultad de Ciencias de la Comunicaci\u00f3n, Turismo y Psicolog\u00eda","url":"https:\/\/fcctp.usmp.edu.pe\/noticias\/","logo":{"@type":"ImageObject","inLanguage":"es-PE","@id":"https:\/\/fcctp.usmp.edu.pe\/noticias\/#\/schema\/logo\/image\/","url":"https:\/\/fcctp.usmp.edu.pe\/noticias\/wp-content\/uploads\/2022\/03\/logoFCCTP_60.svg","contentUrl":"https:\/\/fcctp.usmp.edu.pe\/noticias\/wp-content\/uploads\/2022\/03\/logoFCCTP_60.svg","width":347,"height":66,"caption":"Facultad de Ciencias de la Comunicaci\u00f3n, Turismo y Psicolog\u00eda"},"image":{"@id":"https:\/\/fcctp.usmp.edu.pe\/noticias\/#\/schema\/logo\/image\/"},"sameAs":["https:\/\/www.facebook.com\/fcctp","https:\/\/x.com\/fcctp_usmp","https:\/\/www.instagram.com\/fcctp_usmp\/"]},{"@type":"Person","@id":"https:\/\/fcctp.usmp.edu.pe\/noticias\/#\/schema\/person\/4fdff53bd44bf6f645fe381e079e1252","name":"Omar Huaman","image":{"@type":"ImageObject","inLanguage":"es-PE","@id":"https:\/\/secure.gravatar.com\/avatar\/1ec290616e6e3dc043e286f62b87c0f992c4889ead141b3e3dfc70d018a983e0?s=96&d=mm&r=g","url":"https:\/\/secure.gravatar.com\/avatar\/1ec290616e6e3dc043e286f62b87c0f992c4889ead141b3e3dfc70d018a983e0?s=96&d=mm&r=g","contentUrl":"https:\/\/secure.gravatar.com\/avatar\/1ec290616e6e3dc043e286f62b87c0f992c4889ead141b3e3dfc70d018a983e0?s=96&d=mm&r=g","caption":"Omar Huaman"},"url":"https:\/\/fcctp.usmp.edu.pe\/noticias\/author\/notieditor\/"}]}},"_links":{"self":[{"href":"https:\/\/fcctp.usmp.edu.pe\/noticias\/wp-json\/wp\/v2\/posts\/9660","targetHints":{"allow":["GET"]}}],"collection":[{"href":"https:\/\/fcctp.usmp.edu.pe\/noticias\/wp-json\/wp\/v2\/posts"}],"about":[{"href":"https:\/\/fcctp.usmp.edu.pe\/noticias\/wp-json\/wp\/v2\/types\/post"}],"author":[{"embeddable":true,"href":"https:\/\/fcctp.usmp.edu.pe\/noticias\/wp-json\/wp\/v2\/users\/2"}],"replies":[{"embeddable":true,"href":"https:\/\/fcctp.usmp.edu.pe\/noticias\/wp-json\/wp\/v2\/comments?post=9660"}],"version-history":[{"count":2,"href":"https:\/\/fcctp.usmp.edu.pe\/noticias\/wp-json\/wp\/v2\/posts\/9660\/revisions"}],"predecessor-version":[{"id":9663,"href":"https:\/\/fcctp.usmp.edu.pe\/noticias\/wp-json\/wp\/v2\/posts\/9660\/revisions\/9663"}],"wp:featuredmedia":[{"embeddable":true,"href":"https:\/\/fcctp.usmp.edu.pe\/noticias\/wp-json\/wp\/v2\/media\/9661"}],"wp:attachment":[{"href":"https:\/\/fcctp.usmp.edu.pe\/noticias\/wp-json\/wp\/v2\/media?parent=9660"}],"wp:term":[{"taxonomy":"category","embeddable":true,"href":"https:\/\/fcctp.usmp.edu.pe\/noticias\/wp-json\/wp\/v2\/categories?post=9660"},{"taxonomy":"post_tag","embeddable":true,"href":"https:\/\/fcctp.usmp.edu.pe\/noticias\/wp-json\/wp\/v2\/tags?post=9660"}],"curies":[{"name":"wp","href":"https:\/\/api.w.org\/{rel}","templated":true}]}}