{"id":9511,"date":"2023-11-15T13:23:43","date_gmt":"2023-11-15T13:23:43","guid":{"rendered":"https:\/\/fcctp.usmp.edu.pe\/noticias\/?p=9511"},"modified":"2023-11-15T22:07:10","modified_gmt":"2023-11-15T22:07:10","slug":"destinos-en-ruta-un-viaje-por-el-peru-deslumbro-en-la-fcctp","status":"publish","type":"post","link":"https:\/\/fcctp.usmp.edu.pe\/noticias\/turismo-y-hoteleria\/destinos-en-ruta-un-viaje-por-el-peru-deslumbro-en-la-fcctp\/","title":{"rendered":"\u201cDestinos en ruta: Un viaje por el Per\u00fa\u201d, deslumbr\u00f3 en la FCCTP"},"content":{"rendered":"<p>Las actividades culturales en la FCCTP son un pilar fundamental en la formaci\u00f3n de nuestros estudiantes. Por ello, en el mes de octubre se celebr\u00f3 <strong>Destinos en ruta: Un viaje por el Per\u00fa<\/strong>, el cual fue organizado por los alumnos de diversos ciclos de la Escuela Profesional de Turismo y Hoteler\u00eda.<\/p>\n<p>La decana <strong>Amybel S\u00e1nchez de Walther<\/strong>, como parte de su compromiso de formar una comunidad estudiantil con excelencia acad\u00e9mica, visit\u00f3 cada uno de los stands que alberg\u00f3 distintas regiones del pa\u00eds con informaci\u00f3n de sus respectivas costumbres y gastronom\u00eda. Los estudiantes expusieron lo m\u00e1s resaltante de cada provincia peruana y, adem\u00e1s, hubo degustaci\u00f3n y exhibici\u00f3n de comidas y bebidas, las cuales fueron preparadas tambi\u00e9n por ellos.<\/p>\n<p>Este evento integral de la <strong>Escuela Profesional de Turismo y Hoteler\u00eda<\/strong> realz\u00f3 el valor de estos futuros profesionales que, desde las aulas, son formados para que puedan enfrentar la vida laboral con \u00e9xito. Aqu\u00ed se fusion\u00f3 la teor\u00eda con la pr\u00e1ctica, brindando a los estudiantes la oportunidad de aplicar sus habilidades en un entorno real, al tiempo que promueven la riqueza cultural y tur\u00edstica de nuestro hermoso pa\u00eds.<\/p>\n<p>Vale destacar que la <strong>Escuela Profesional de Turismo y Hoteler\u00eda<\/strong> no solo prepara a los estudiantes para ser profesionales competentes en la industria, sino que tambi\u00e9n fomenta la creatividad, la innovaci\u00f3n y la sensibilidad cultural. Con un enfoque integral que abarca la gesti\u00f3n hotelera, el turismo sostenible y la planificaci\u00f3n de eventos, los alumnos est\u00e1n preparados para liderar un sector din\u00e1mico y en constante evoluci\u00f3n.<\/p>\n<p>Desde la <strong>Universidad de San Mart\u00edn de Porres<\/strong> felicitamos a los docentes y alumnos que hicieron posible que Destinos en ruta: Un viaje por el Per\u00fa sea una muestra de lo maravilloso que es el Per\u00fa.<\/p>\n","protected":false},"excerpt":{"rendered":"<p>Las actividades culturales en la FCCTP son un pilar fundamental en la formaci\u00f3n de nuestros estudiantes. Por ello, en el mes de octubre se celebr\u00f3 Destinos en ruta: Un viaje por el Per\u00fa, el cual fue organizado por los alumnos de diversos ciclos de la Escuela Profesional de Turismo y Hoteler\u00eda. La decana Amybel S\u00e1nchez &#8230; <a title=\"\u201cDestinos en ruta: Un viaje por el Per\u00fa\u201d, deslumbr\u00f3 en la FCCTP\" class=\"read-more\" href=\"https:\/\/fcctp.usmp.edu.pe\/noticias\/turismo-y-hoteleria\/destinos-en-ruta-un-viaje-por-el-peru-deslumbro-en-la-fcctp\/\" aria-label=\"More on \u201cDestinos en ruta: Un viaje por el Per\u00fa\u201d, deslumbr\u00f3 en la FCCTP\">Read more<\/a><\/p>\n","protected":false},"author":2,"featured_media":9512,"comment_status":"closed","ping_status":"closed","sticky":false,"template":"","format":"standard","meta":{"footnotes":""},"categories":[31,22],"tags":[92,142,47,46,103],"class_list":["post-9511","post","type-post","status-publish","format-standard","has-post-thumbnail","hentry","category-actividades-destacadas","category-turismo-y-hoteleria","tag-desarrollo-sostenible","tag-dia-del-turismo","tag-home-fcctp","tag-lo-mas-destacado","tag-turismo-y-hoteleria"],"_links":{"self":[{"href":"https:\/\/fcctp.usmp.edu.pe\/noticias\/wp-json\/wp\/v2\/posts\/9511","targetHints":{"allow":["GET"]}}],"collection":[{"href":"https:\/\/fcctp.usmp.edu.pe\/noticias\/wp-json\/wp\/v2\/posts"}],"about":[{"href":"https:\/\/fcctp.usmp.edu.pe\/noticias\/wp-json\/wp\/v2\/types\/post"}],"author":[{"embeddable":true,"href":"https:\/\/fcctp.usmp.edu.pe\/noticias\/wp-json\/wp\/v2\/users\/2"}],"replies":[{"embeddable":true,"href":"https:\/\/fcctp.usmp.edu.pe\/noticias\/wp-json\/wp\/v2\/comments?post=9511"}],"version-history":[{"count":5,"href":"https:\/\/fcctp.usmp.edu.pe\/noticias\/wp-json\/wp\/v2\/posts\/9511\/revisions"}],"predecessor-version":[{"id":9517,"href":"https:\/\/fcctp.usmp.edu.pe\/noticias\/wp-json\/wp\/v2\/posts\/9511\/revisions\/9517"}],"wp:featuredmedia":[{"embeddable":true,"href":"https:\/\/fcctp.usmp.edu.pe\/noticias\/wp-json\/wp\/v2\/media\/9512"}],"wp:attachment":[{"href":"https:\/\/fcctp.usmp.edu.pe\/noticias\/wp-json\/wp\/v2\/media?parent=9511"}],"wp:term":[{"taxonomy":"category","embeddable":true,"href":"https:\/\/fcctp.usmp.edu.pe\/noticias\/wp-json\/wp\/v2\/categories?post=9511"},{"taxonomy":"post_tag","embeddable":true,"href":"https:\/\/fcctp.usmp.edu.pe\/noticias\/wp-json\/wp\/v2\/tags?post=9511"}],"curies":[{"name":"wp","href":"https:\/\/api.w.org\/{rel}","templated":true}]}}