{"id":9502,"date":"2023-11-03T18:28:34","date_gmt":"2023-11-03T18:28:34","guid":{"rendered":"https:\/\/fcctp.usmp.edu.pe\/noticias\/?p=9502"},"modified":"2023-11-03T18:28:34","modified_gmt":"2023-11-03T18:28:34","slug":"la-primera-feria-laboral-fcctp-se-vivio-a-lo-grande","status":"publish","type":"post","link":"https:\/\/fcctp.usmp.edu.pe\/noticias\/centro-de-empleabilidad\/la-primera-feria-laboral-fcctp-se-vivio-a-lo-grande\/","title":{"rendered":"\u00a1La primera Feria Laboral FCCTP se vivi\u00f3 a lo grande!\u00a0"},"content":{"rendered":"<p><i><span data-contrast=\"auto\">Distintas empresas l\u00edderes de varios rubros ofrecieron oportunidades labores a la comunidad FCCTP para impulsar su inserci\u00f3n laboral.<\/span><\/i><span data-ccp-props=\"{&quot;201341983&quot;:0,&quot;335551550&quot;:2,&quot;335551620&quot;:2,&quot;335559739&quot;:160,&quot;335559740&quot;:259}\">\u00a0<\/span><\/p>\n<p><span data-contrast=\"auto\">La primera edici\u00f3n de la <strong>Feria Laboral FCCTP 2023<\/strong> se celebr\u00f3 este 25 y 26 de octubre en el campus de la facultad y reafirm\u00f3 el compromiso de la <strong>Universidad de San Mart\u00edn de Porres<\/strong> de impulsar la r\u00e1pida inserci\u00f3n laboral de sus estudiantes y egresados.<\/span><span data-ccp-props=\"{&quot;201341983&quot;:0,&quot;335559739&quot;:160,&quot;335559740&quot;:259}\">\u00a0<\/span><\/p>\n<p><span data-contrast=\"auto\">La <strong>Dra. Amybel S\u00e1nchez de Walther<\/strong>, decana de la <strong>Facultad de Ciencias de la Comunicaci\u00f3n, Turismo y Psicolog\u00eda (FCCTP)<\/strong>, inaugur\u00f3 este evento que reuni\u00f3 a diversas empresas e instituciones que ofrecieron extraordinarias oportunidades laborales exclusivas para nuestra comunidad estudiantil.<\/span><span data-ccp-props=\"{&quot;201341983&quot;:0,&quot;335559739&quot;:160,&quot;335559740&quot;:259}\">\u00a0<\/span><\/p>\n<p><span data-contrast=\"auto\">La <strong>1ra Feria Laboral FCCTP 2023<\/strong> fue organizada por la <strong>Oficina del Centro de Empleabilidad<\/strong> y cont\u00f3 con m\u00faltiples ponentes que abordaron temas importantes para el impulso profesional de la comunidad <strong>FCCTP.<\/strong><\/span><span data-ccp-props=\"{&quot;201341983&quot;:0,&quot;335559739&quot;:160,&quot;335559740&quot;:259}\">\u00a0<\/span><\/p>\n<p><span data-contrast=\"auto\">La presencia de empresas como <strong>Melia, Overseas, Raytan y Delosi<\/strong> permiti\u00f3 visibilizar las \u00faltimas tendencias del mercado laboral y las cualidades de nuestros alumnos que d\u00eda a d\u00eda potencian sus habilidades. <\/span><span data-ccp-props=\"{&quot;201341983&quot;:0,&quot;335559739&quot;:160,&quot;335559740&quot;:259}\">\u00a0<\/span><\/p>\n<blockquote class=\"instagram-media\" style=\"background: #FFF; border: 0; border-radius: 3px; box-shadow: 0 0 1px 0 rgba(0,0,0,0.5),0 1px 10px 0 rgba(0,0,0,0.15); margin: 1px; max-width: 540px; min-width: 326px; padding: 0; width: calc(100% - 2px);\" data-instgrm-captioned=\"\" data-instgrm-permalink=\"https:\/\/www.instagram.com\/reel\/CzMT0cfsJFC\/?utm_source=ig_embed&amp;utm_campaign=loading\" data-instgrm-version=\"14\">\n<div style=\"padding: 16px;\">\n<p>&nbsp;<\/p>\n<div style=\"display: flex; flex-direction: row; align-items: center;\">\n<div style=\"background-color: #f4f4f4; border-radius: 50%; flex-grow: 0; height: 40px; margin-right: 14px; width: 40px;\"><\/div>\n<div style=\"display: flex; flex-direction: column; flex-grow: 1; justify-content: center;\">\n<div style=\"background-color: #f4f4f4; border-radius: 4px; flex-grow: 0; height: 14px; margin-bottom: 6px; width: 100px;\"><\/div>\n<div style=\"background-color: #f4f4f4; border-radius: 4px; flex-grow: 0; height: 14px; width: 60px;\"><\/div>\n<\/div>\n<\/div>\n<div style=\"padding: 19% 0;\"><\/div>\n<div style=\"display: block; height: 50px; margin: 0 auto 12px; width: 50px;\"><\/div>\n<div style=\"padding-top: 8px;\">\n<div style=\"color: #3897f0; font-family: Arial,sans-serif; font-size: 14px; font-style: normal; font-weight: 550; line-height: 18px;\">Ver esta publicaci\u00f3n en Instagram<\/div>\n<\/div>\n<div style=\"padding: 12.5% 0;\"><\/div>\n<div style=\"display: flex; flex-direction: row; margin-bottom: 14px; align-items: center;\">\n<div>\n<div style=\"background-color: #f4f4f4; border-radius: 50%; height: 12.5px; width: 12.5px; transform: translateX(0px) translateY(7px);\"><\/div>\n<div style=\"background-color: #f4f4f4; height: 12.5px; transform: rotate(-45deg) translateX(3px) translateY(1px); width: 12.5px; flex-grow: 0; margin-right: 14px; margin-left: 2px;\"><\/div>\n<div style=\"background-color: #f4f4f4; border-radius: 50%; height: 12.5px; width: 12.5px; transform: translateX(9px) translateY(-18px);\"><\/div>\n<\/div>\n<div style=\"margin-left: 8px;\">\n<div style=\"background-color: #f4f4f4; border-radius: 50%; flex-grow: 0; height: 20px; width: 20px;\"><\/div>\n<div style=\"width: 0; height: 0; border-top: 2px solid transparent; border-left: 6px solid #f4f4f4; border-bottom: 2px solid transparent; transform: translateX(16px) translateY(-4px) rotate(30deg);\"><\/div>\n<\/div>\n<div style=\"margin-left: auto;\">\n<div style=\"width: 0px; border-top: 8px solid #F4F4F4; border-right: 8px solid transparent; transform: translateY(16px);\"><\/div>\n<div style=\"background-color: #f4f4f4; flex-grow: 0; height: 12px; width: 16px; transform: translateY(-4px);\"><\/div>\n<div style=\"width: 0; height: 0; border-top: 8px solid #F4F4F4; border-left: 8px solid transparent; transform: translateY(-4px) translateX(8px);\"><\/div>\n<\/div>\n<\/div>\n<div style=\"display: flex; flex-direction: column; flex-grow: 1; justify-content: center; margin-bottom: 24px;\">\n<div style=\"background-color: #f4f4f4; border-radius: 4px; flex-grow: 0; height: 14px; margin-bottom: 6px; width: 224px;\"><\/div>\n<div style=\"background-color: #f4f4f4; border-radius: 4px; flex-grow: 0; height: 14px; width: 144px;\"><\/div>\n<\/div>\n<p>&nbsp;<\/p>\n<p style=\"color: #c9c8cd; font-family: Arial,sans-serif; font-size: 14px; line-height: 17px; margin-bottom: 0; margin-top: 8px; overflow: hidden; padding: 8px 0 7px; text-align: center; text-overflow: ellipsis; white-space: nowrap;\"><a style=\"color: #c9c8cd; font-family: Arial,sans-serif; font-size: 14px; font-style: normal; font-weight: normal; line-height: 17px; text-decoration: none;\" href=\"https:\/\/www.instagram.com\/reel\/CzMT0cfsJFC\/?utm_source=ig_embed&amp;utm_campaign=loading\" target=\"_blank\" rel=\"noopener\">Una publicaci\u00f3n compartida de FCCTP &#8211; USMP (@fcctp_usmp)<\/a><\/p>\n<\/div>\n<\/blockquote>\n<p><script async src=\"\/\/www.instagram.com\/embed.js\"><\/script><\/p>\n<p><span data-contrast=\"auto\">Por parte de la <strong>USMP<\/strong>, estuvo presente la<strong> Direcci\u00f3n de Educaci\u00f3n Continua de la FCCTP<\/strong> y la Escuela de Posgrado <strong>FCCTP<\/strong> para ofrecer y orientar a los alumnos sobre sus programas que abarcan las \u00faltimas tendencias, estrategias y formas de trabajo en el rubro. <\/span><span data-ccp-props=\"{&quot;201341983&quot;:0,&quot;335559739&quot;:160,&quot;335559740&quot;:259}\">\u00a0<\/span><\/p>\n<p><span data-contrast=\"auto\">Durante la feria se realizaron activaciones y sorpresas para los alumnos y egresados de la FCCTP, quienes llegaron buscando y concretando\u00a0pr\u00e1cticas preprofesionales, profesionales y trabajos para desarrollar una l\u00ednea de carrera que les generar\u00e1 valor como profesionales y personas. <\/span><span data-ccp-props=\"{&quot;201341983&quot;:0,&quot;335559739&quot;:160,&quot;335559740&quot;:259}\">\u00a0<\/span><\/p>\n<p><span data-contrast=\"auto\">Este tipo de actividades reafirman el compromiso de la <strong>Oficina del Centro de Empleabilidad<\/strong> de contribuir al \u00e9xito laboral de la comunidad y visibiliza las constantes alianzas de la<strong> USMP<\/strong> con el sector empresarial con el fin de beneficiar al exigente mercado laboral.\u00a0<\/span><span data-ccp-props=\"{&quot;201341983&quot;:0,&quot;335559739&quot;:160,&quot;335559740&quot;:259}\">\u00a0<\/span><\/p>\n<p><span data-contrast=\"auto\">S\u00edguenos y mantente actualizado a trav\u00e9s de nuestras redes sociales:<\/span><span data-ccp-props=\"{&quot;201341983&quot;:0,&quot;335551550&quot;:6,&quot;335551620&quot;:6,&quot;335559739&quot;:160,&quot;335559740&quot;:259}\">\u00a0<\/span><\/p>\n<p><span data-contrast=\"auto\">Facebook: <\/span><a href=\"https:\/\/www.facebook.com\/fcctp\"><span data-contrast=\"none\">https:\/\/www.facebook.com\/fcctp<\/span><\/a><span data-contrast=\"auto\">\u00a0<\/span><span data-ccp-props=\"{&quot;201341983&quot;:0,&quot;335559739&quot;:160,&quot;335559740&quot;:259}\">\u00a0<\/span><\/p>\n<p><span data-contrast=\"auto\">Instagram: <\/span><a href=\"https:\/\/www.instagram.com\/fcctp_usmp\/\"><span data-contrast=\"none\">https:\/\/www.instagram.com\/fcctp_usmp\/<\/span><\/a><span data-contrast=\"auto\">\u00a0<\/span><span data-ccp-props=\"{&quot;201341983&quot;:0,&quot;335559739&quot;:160,&quot;335559740&quot;:259}\">\u00a0<\/span><\/p>\n<p><span data-contrast=\"auto\">LinkedIn: <\/span><a href=\"https:\/\/www.linkedin.com\/company\/facultad-de-ciencias-de-la-comunicacion-turismo-y-psicologia-usmp\/mycompany\/\"><span data-contrast=\"none\">https:\/\/www.linkedin.com\/company\/facultad-de-ciencias-de-la-comunicacion-turismo-y-psicologia-usmp\/mycompany\/<\/span><\/a><span data-contrast=\"auto\">\u00a0<\/span><span data-ccp-props=\"{&quot;201341983&quot;:0,&quot;335559739&quot;:160,&quot;335559740&quot;:259}\">\u00a0<\/span><\/p>\n","protected":false},"excerpt":{"rendered":"<p>Distintas empresas l\u00edderes de varios rubros ofrecieron oportunidades labores a la comunidad FCCTP para impulsar su inserci\u00f3n laboral.\u00a0 La primera edici\u00f3n de la Feria Laboral FCCTP 2023 se celebr\u00f3 este 25 y 26 de octubre en el campus de la facultad y reafirm\u00f3 el compromiso de la Universidad de San Mart\u00edn de Porres de impulsar &#8230; <a title=\"\u00a1La primera Feria Laboral FCCTP se vivi\u00f3 a lo grande!\u00a0\" class=\"read-more\" href=\"https:\/\/fcctp.usmp.edu.pe\/noticias\/centro-de-empleabilidad\/la-primera-feria-laboral-fcctp-se-vivio-a-lo-grande\/\" aria-label=\"More on \u00a1La primera Feria Laboral FCCTP se vivi\u00f3 a lo grande!\u00a0\">Read more<\/a><\/p>\n","protected":false},"author":2,"featured_media":9504,"comment_status":"closed","ping_status":"closed","sticky":false,"template":"","format":"standard","meta":{"footnotes":""},"categories":[56],"tags":[57,141,47,46,140],"class_list":["post-9502","post","type-post","status-publish","format-standard","has-post-thumbnail","hentry","category-centro-de-empleabilidad","tag-centro-de-empleabilidad","tag-feria-laboral-fcctp","tag-home-fcctp","tag-lo-mas-destacado","tag-semana-de-empleabilidad"],"yoast_head":"<!-- This site is optimized with the Yoast SEO plugin v28.3 - https:\/\/yoast.com\/product\/yoast-seo-wordpress\/ -->\n<title>\u00a1La primera Feria Laboral FCCTP se vivi\u00f3 a lo grande!\u00a0 - Noticias<\/title>\n<meta name=\"robots\" content=\"index, follow, max-snippet:-1, max-image-preview:large, max-video-preview:-1\" \/>\n<link rel=\"canonical\" href=\"https:\/\/fcctp.usmp.edu.pe\/noticias\/centro-de-empleabilidad\/la-primera-feria-laboral-fcctp-se-vivio-a-lo-grande\/\" \/>\n<meta property=\"og:locale\" content=\"es_ES\" \/>\n<meta property=\"og:type\" content=\"article\" \/>\n<meta property=\"og:title\" content=\"\u00a1La primera Feria Laboral FCCTP se vivi\u00f3 a lo grande!\u00a0 - Noticias\" \/>\n<meta property=\"og:description\" content=\"Distintas empresas l\u00edderes de varios rubros ofrecieron oportunidades labores a la comunidad FCCTP para impulsar su inserci\u00f3n laboral.\u00a0 La primera edici\u00f3n de la Feria Laboral FCCTP 2023 se celebr\u00f3 este 25 y 26 de octubre en el campus de la facultad y reafirm\u00f3 el compromiso de la Universidad de San Mart\u00edn de Porres de impulsar ... Read more\" \/>\n<meta property=\"og:url\" content=\"https:\/\/fcctp.usmp.edu.pe\/noticias\/centro-de-empleabilidad\/la-primera-feria-laboral-fcctp-se-vivio-a-lo-grande\/\" \/>\n<meta property=\"og:site_name\" content=\"Noticias\" \/>\n<meta property=\"article:publisher\" content=\"https:\/\/www.facebook.com\/fcctp\" \/>\n<meta property=\"article:published_time\" content=\"2023-11-03T18:28:34+00:00\" \/>\n<meta property=\"og:image\" content=\"https:\/\/fcctp.usmp.edu.pe\/noticias\/wp-content\/uploads\/2023\/11\/Captura-de-pantalla-2023-11-03-132903.jpg\" \/>\n\t<meta property=\"og:image:width\" content=\"1212\" \/>\n\t<meta property=\"og:image:height\" content=\"739\" \/>\n\t<meta property=\"og:image:type\" content=\"image\/jpeg\" \/>\n<meta name=\"author\" content=\"Omar Huaman\" \/>\n<meta name=\"twitter:card\" content=\"summary_large_image\" \/>\n<meta name=\"twitter:creator\" content=\"@fcctp_usmp\" \/>\n<meta name=\"twitter:site\" content=\"@fcctp_usmp\" \/>\n<meta name=\"twitter:label1\" content=\"Written by\" \/>\n\t<meta name=\"twitter:data1\" content=\"Omar Huaman\" \/>\n\t<meta name=\"twitter:label2\" content=\"Est. reading time\" \/>\n\t<meta name=\"twitter:data2\" content=\"2 minutos\" \/>\n<script type=\"application\/ld+json\" class=\"yoast-schema-graph\">{\"@context\":\"https:\\\/\\\/schema.org\",\"@graph\":[{\"@type\":\"Article\",\"@id\":\"https:\\\/\\\/fcctp.usmp.edu.pe\\\/noticias\\\/centro-de-empleabilidad\\\/la-primera-feria-laboral-fcctp-se-vivio-a-lo-grande\\\/#article\",\"isPartOf\":{\"@id\":\"https:\\\/\\\/fcctp.usmp.edu.pe\\\/noticias\\\/centro-de-empleabilidad\\\/la-primera-feria-laboral-fcctp-se-vivio-a-lo-grande\\\/\"},\"author\":{\"name\":\"Omar Huaman\",\"@id\":\"https:\\\/\\\/fcctp.usmp.edu.pe\\\/noticias\\\/#\\\/schema\\\/person\\\/4fdff53bd44bf6f645fe381e079e1252\"},\"headline\":\"\u00a1La primera Feria Laboral FCCTP se vivi\u00f3 a lo grande!\u00a0\",\"datePublished\":\"2023-11-03T18:28:34+00:00\",\"mainEntityOfPage\":{\"@id\":\"https:\\\/\\\/fcctp.usmp.edu.pe\\\/noticias\\\/centro-de-empleabilidad\\\/la-primera-feria-laboral-fcctp-se-vivio-a-lo-grande\\\/\"},\"wordCount\":366,\"publisher\":{\"@id\":\"https:\\\/\\\/fcctp.usmp.edu.pe\\\/noticias\\\/#organization\"},\"image\":{\"@id\":\"https:\\\/\\\/fcctp.usmp.edu.pe\\\/noticias\\\/centro-de-empleabilidad\\\/la-primera-feria-laboral-fcctp-se-vivio-a-lo-grande\\\/#primaryimage\"},\"thumbnailUrl\":\"https:\\\/\\\/fcctp.usmp.edu.pe\\\/noticias\\\/wp-content\\\/uploads\\\/2023\\\/11\\\/Captura-de-pantalla-2023-11-03-132903.jpg\",\"keywords\":[\"Centro de Empleabilidad\",\"Feria Laboral FCCTP\",\"Home FCCTP\",\"Lo mas destacado\",\"Semana de Empleabilidad\"],\"articleSection\":[\"Centro de Empleabilidad\"],\"inLanguage\":\"es-PE\"},{\"@type\":\"WebPage\",\"@id\":\"https:\\\/\\\/fcctp.usmp.edu.pe\\\/noticias\\\/centro-de-empleabilidad\\\/la-primera-feria-laboral-fcctp-se-vivio-a-lo-grande\\\/\",\"url\":\"https:\\\/\\\/fcctp.usmp.edu.pe\\\/noticias\\\/centro-de-empleabilidad\\\/la-primera-feria-laboral-fcctp-se-vivio-a-lo-grande\\\/\",\"name\":\"\u00a1La primera Feria Laboral FCCTP se vivi\u00f3 a lo grande!\u00a0 - Noticias\",\"isPartOf\":{\"@id\":\"https:\\\/\\\/fcctp.usmp.edu.pe\\\/noticias\\\/#website\"},\"primaryImageOfPage\":{\"@id\":\"https:\\\/\\\/fcctp.usmp.edu.pe\\\/noticias\\\/centro-de-empleabilidad\\\/la-primera-feria-laboral-fcctp-se-vivio-a-lo-grande\\\/#primaryimage\"},\"image\":{\"@id\":\"https:\\\/\\\/fcctp.usmp.edu.pe\\\/noticias\\\/centro-de-empleabilidad\\\/la-primera-feria-laboral-fcctp-se-vivio-a-lo-grande\\\/#primaryimage\"},\"thumbnailUrl\":\"https:\\\/\\\/fcctp.usmp.edu.pe\\\/noticias\\\/wp-content\\\/uploads\\\/2023\\\/11\\\/Captura-de-pantalla-2023-11-03-132903.jpg\",\"datePublished\":\"2023-11-03T18:28:34+00:00\",\"breadcrumb\":{\"@id\":\"https:\\\/\\\/fcctp.usmp.edu.pe\\\/noticias\\\/centro-de-empleabilidad\\\/la-primera-feria-laboral-fcctp-se-vivio-a-lo-grande\\\/#breadcrumb\"},\"inLanguage\":\"es-PE\",\"potentialAction\":[{\"@type\":\"ReadAction\",\"target\":[\"https:\\\/\\\/fcctp.usmp.edu.pe\\\/noticias\\\/centro-de-empleabilidad\\\/la-primera-feria-laboral-fcctp-se-vivio-a-lo-grande\\\/\"]}]},{\"@type\":\"ImageObject\",\"inLanguage\":\"es-PE\",\"@id\":\"https:\\\/\\\/fcctp.usmp.edu.pe\\\/noticias\\\/centro-de-empleabilidad\\\/la-primera-feria-laboral-fcctp-se-vivio-a-lo-grande\\\/#primaryimage\",\"url\":\"https:\\\/\\\/fcctp.usmp.edu.pe\\\/noticias\\\/wp-content\\\/uploads\\\/2023\\\/11\\\/Captura-de-pantalla-2023-11-03-132903.jpg\",\"contentUrl\":\"https:\\\/\\\/fcctp.usmp.edu.pe\\\/noticias\\\/wp-content\\\/uploads\\\/2023\\\/11\\\/Captura-de-pantalla-2023-11-03-132903.jpg\",\"width\":1212,\"height\":739,\"caption\":\"1ra Feria Laboral FCCTP\"},{\"@type\":\"BreadcrumbList\",\"@id\":\"https:\\\/\\\/fcctp.usmp.edu.pe\\\/noticias\\\/centro-de-empleabilidad\\\/la-primera-feria-laboral-fcctp-se-vivio-a-lo-grande\\\/#breadcrumb\",\"itemListElement\":[{\"@type\":\"ListItem\",\"position\":1,\"name\":\"Portada\",\"item\":\"https:\\\/\\\/fcctp.usmp.edu.pe\\\/noticias\\\/\"},{\"@type\":\"ListItem\",\"position\":2,\"name\":\"\u00a1La primera Feria Laboral FCCTP se vivi\u00f3 a lo grande!\u00a0\"}]},{\"@type\":\"WebSite\",\"@id\":\"https:\\\/\\\/fcctp.usmp.edu.pe\\\/noticias\\\/#website\",\"url\":\"https:\\\/\\\/fcctp.usmp.edu.pe\\\/noticias\\\/\",\"name\":\"Noticias FCCTP\",\"description\":\"Facultad de Ciencias de la Comunicaci\u00f3n, Turismo y Psicolog\u00eda\",\"publisher\":{\"@id\":\"https:\\\/\\\/fcctp.usmp.edu.pe\\\/noticias\\\/#organization\"},\"potentialAction\":[{\"@type\":\"SearchAction\",\"target\":{\"@type\":\"EntryPoint\",\"urlTemplate\":\"https:\\\/\\\/fcctp.usmp.edu.pe\\\/noticias\\\/?s={search_term_string}\"},\"query-input\":{\"@type\":\"PropertyValueSpecification\",\"valueRequired\":true,\"valueName\":\"search_term_string\"}}],\"inLanguage\":\"es-PE\"},{\"@type\":\"Organization\",\"@id\":\"https:\\\/\\\/fcctp.usmp.edu.pe\\\/noticias\\\/#organization\",\"name\":\"Facultad de Ciencias de la Comunicaci\u00f3n, Turismo y Psicolog\u00eda\",\"url\":\"https:\\\/\\\/fcctp.usmp.edu.pe\\\/noticias\\\/\",\"logo\":{\"@type\":\"ImageObject\",\"inLanguage\":\"es-PE\",\"@id\":\"https:\\\/\\\/fcctp.usmp.edu.pe\\\/noticias\\\/#\\\/schema\\\/logo\\\/image\\\/\",\"url\":\"https:\\\/\\\/fcctp.usmp.edu.pe\\\/noticias\\\/wp-content\\\/uploads\\\/2022\\\/03\\\/logoFCCTP_60.svg\",\"contentUrl\":\"https:\\\/\\\/fcctp.usmp.edu.pe\\\/noticias\\\/wp-content\\\/uploads\\\/2022\\\/03\\\/logoFCCTP_60.svg\",\"width\":347,\"height\":66,\"caption\":\"Facultad de Ciencias de la Comunicaci\u00f3n, Turismo y Psicolog\u00eda\"},\"image\":{\"@id\":\"https:\\\/\\\/fcctp.usmp.edu.pe\\\/noticias\\\/#\\\/schema\\\/logo\\\/image\\\/\"},\"sameAs\":[\"https:\\\/\\\/www.facebook.com\\\/fcctp\",\"https:\\\/\\\/x.com\\\/fcctp_usmp\",\"https:\\\/\\\/www.instagram.com\\\/fcctp_usmp\\\/\"]},{\"@type\":\"Person\",\"@id\":\"https:\\\/\\\/fcctp.usmp.edu.pe\\\/noticias\\\/#\\\/schema\\\/person\\\/4fdff53bd44bf6f645fe381e079e1252\",\"name\":\"Omar Huaman\",\"image\":{\"@type\":\"ImageObject\",\"inLanguage\":\"es-PE\",\"@id\":\"https:\\\/\\\/secure.gravatar.com\\\/avatar\\\/1ec290616e6e3dc043e286f62b87c0f992c4889ead141b3e3dfc70d018a983e0?s=96&d=mm&r=g\",\"url\":\"https:\\\/\\\/secure.gravatar.com\\\/avatar\\\/1ec290616e6e3dc043e286f62b87c0f992c4889ead141b3e3dfc70d018a983e0?s=96&d=mm&r=g\",\"contentUrl\":\"https:\\\/\\\/secure.gravatar.com\\\/avatar\\\/1ec290616e6e3dc043e286f62b87c0f992c4889ead141b3e3dfc70d018a983e0?s=96&d=mm&r=g\",\"caption\":\"Omar Huaman\"},\"url\":\"https:\\\/\\\/fcctp.usmp.edu.pe\\\/noticias\\\/author\\\/notieditor\\\/\"}]}<\/script>\n<!-- \/ Yoast SEO plugin. -->","yoast_head_json":{"title":"\u00a1La primera Feria Laboral FCCTP se vivi\u00f3 a lo grande!\u00a0 - Noticias","robots":{"index":"index","follow":"follow","max-snippet":"max-snippet:-1","max-image-preview":"max-image-preview:large","max-video-preview":"max-video-preview:-1"},"canonical":"https:\/\/fcctp.usmp.edu.pe\/noticias\/centro-de-empleabilidad\/la-primera-feria-laboral-fcctp-se-vivio-a-lo-grande\/","og_locale":"es_ES","og_type":"article","og_title":"\u00a1La primera Feria Laboral FCCTP se vivi\u00f3 a lo grande!\u00a0 - Noticias","og_description":"Distintas empresas l\u00edderes de varios rubros ofrecieron oportunidades labores a la comunidad FCCTP para impulsar su inserci\u00f3n laboral.\u00a0 La primera edici\u00f3n de la Feria Laboral FCCTP 2023 se celebr\u00f3 este 25 y 26 de octubre en el campus de la facultad y reafirm\u00f3 el compromiso de la Universidad de San Mart\u00edn de Porres de impulsar ... Read more","og_url":"https:\/\/fcctp.usmp.edu.pe\/noticias\/centro-de-empleabilidad\/la-primera-feria-laboral-fcctp-se-vivio-a-lo-grande\/","og_site_name":"Noticias","article_publisher":"https:\/\/www.facebook.com\/fcctp","article_published_time":"2023-11-03T18:28:34+00:00","og_image":[{"width":1212,"height":739,"url":"https:\/\/fcctp.usmp.edu.pe\/noticias\/wp-content\/uploads\/2023\/11\/Captura-de-pantalla-2023-11-03-132903.jpg","type":"image\/jpeg"}],"author":"Omar Huaman","twitter_card":"summary_large_image","twitter_creator":"@fcctp_usmp","twitter_site":"@fcctp_usmp","twitter_misc":{"Written by":"Omar Huaman","Est. reading time":"2 minutos"},"schema":{"@context":"https:\/\/schema.org","@graph":[{"@type":"Article","@id":"https:\/\/fcctp.usmp.edu.pe\/noticias\/centro-de-empleabilidad\/la-primera-feria-laboral-fcctp-se-vivio-a-lo-grande\/#article","isPartOf":{"@id":"https:\/\/fcctp.usmp.edu.pe\/noticias\/centro-de-empleabilidad\/la-primera-feria-laboral-fcctp-se-vivio-a-lo-grande\/"},"author":{"name":"Omar Huaman","@id":"https:\/\/fcctp.usmp.edu.pe\/noticias\/#\/schema\/person\/4fdff53bd44bf6f645fe381e079e1252"},"headline":"\u00a1La primera Feria Laboral FCCTP se vivi\u00f3 a lo grande!\u00a0","datePublished":"2023-11-03T18:28:34+00:00","mainEntityOfPage":{"@id":"https:\/\/fcctp.usmp.edu.pe\/noticias\/centro-de-empleabilidad\/la-primera-feria-laboral-fcctp-se-vivio-a-lo-grande\/"},"wordCount":366,"publisher":{"@id":"https:\/\/fcctp.usmp.edu.pe\/noticias\/#organization"},"image":{"@id":"https:\/\/fcctp.usmp.edu.pe\/noticias\/centro-de-empleabilidad\/la-primera-feria-laboral-fcctp-se-vivio-a-lo-grande\/#primaryimage"},"thumbnailUrl":"https:\/\/fcctp.usmp.edu.pe\/noticias\/wp-content\/uploads\/2023\/11\/Captura-de-pantalla-2023-11-03-132903.jpg","keywords":["Centro de Empleabilidad","Feria Laboral FCCTP","Home FCCTP","Lo mas destacado","Semana de Empleabilidad"],"articleSection":["Centro de Empleabilidad"],"inLanguage":"es-PE"},{"@type":"WebPage","@id":"https:\/\/fcctp.usmp.edu.pe\/noticias\/centro-de-empleabilidad\/la-primera-feria-laboral-fcctp-se-vivio-a-lo-grande\/","url":"https:\/\/fcctp.usmp.edu.pe\/noticias\/centro-de-empleabilidad\/la-primera-feria-laboral-fcctp-se-vivio-a-lo-grande\/","name":"\u00a1La primera Feria Laboral FCCTP se vivi\u00f3 a lo grande!\u00a0 - Noticias","isPartOf":{"@id":"https:\/\/fcctp.usmp.edu.pe\/noticias\/#website"},"primaryImageOfPage":{"@id":"https:\/\/fcctp.usmp.edu.pe\/noticias\/centro-de-empleabilidad\/la-primera-feria-laboral-fcctp-se-vivio-a-lo-grande\/#primaryimage"},"image":{"@id":"https:\/\/fcctp.usmp.edu.pe\/noticias\/centro-de-empleabilidad\/la-primera-feria-laboral-fcctp-se-vivio-a-lo-grande\/#primaryimage"},"thumbnailUrl":"https:\/\/fcctp.usmp.edu.pe\/noticias\/wp-content\/uploads\/2023\/11\/Captura-de-pantalla-2023-11-03-132903.jpg","datePublished":"2023-11-03T18:28:34+00:00","breadcrumb":{"@id":"https:\/\/fcctp.usmp.edu.pe\/noticias\/centro-de-empleabilidad\/la-primera-feria-laboral-fcctp-se-vivio-a-lo-grande\/#breadcrumb"},"inLanguage":"es-PE","potentialAction":[{"@type":"ReadAction","target":["https:\/\/fcctp.usmp.edu.pe\/noticias\/centro-de-empleabilidad\/la-primera-feria-laboral-fcctp-se-vivio-a-lo-grande\/"]}]},{"@type":"ImageObject","inLanguage":"es-PE","@id":"https:\/\/fcctp.usmp.edu.pe\/noticias\/centro-de-empleabilidad\/la-primera-feria-laboral-fcctp-se-vivio-a-lo-grande\/#primaryimage","url":"https:\/\/fcctp.usmp.edu.pe\/noticias\/wp-content\/uploads\/2023\/11\/Captura-de-pantalla-2023-11-03-132903.jpg","contentUrl":"https:\/\/fcctp.usmp.edu.pe\/noticias\/wp-content\/uploads\/2023\/11\/Captura-de-pantalla-2023-11-03-132903.jpg","width":1212,"height":739,"caption":"1ra Feria Laboral FCCTP"},{"@type":"BreadcrumbList","@id":"https:\/\/fcctp.usmp.edu.pe\/noticias\/centro-de-empleabilidad\/la-primera-feria-laboral-fcctp-se-vivio-a-lo-grande\/#breadcrumb","itemListElement":[{"@type":"ListItem","position":1,"name":"Portada","item":"https:\/\/fcctp.usmp.edu.pe\/noticias\/"},{"@type":"ListItem","position":2,"name":"\u00a1La primera Feria Laboral FCCTP se vivi\u00f3 a lo grande!\u00a0"}]},{"@type":"WebSite","@id":"https:\/\/fcctp.usmp.edu.pe\/noticias\/#website","url":"https:\/\/fcctp.usmp.edu.pe\/noticias\/","name":"Noticias FCCTP","description":"Facultad de Ciencias de la Comunicaci\u00f3n, Turismo y Psicolog\u00eda","publisher":{"@id":"https:\/\/fcctp.usmp.edu.pe\/noticias\/#organization"},"potentialAction":[{"@type":"SearchAction","target":{"@type":"EntryPoint","urlTemplate":"https:\/\/fcctp.usmp.edu.pe\/noticias\/?s={search_term_string}"},"query-input":{"@type":"PropertyValueSpecification","valueRequired":true,"valueName":"search_term_string"}}],"inLanguage":"es-PE"},{"@type":"Organization","@id":"https:\/\/fcctp.usmp.edu.pe\/noticias\/#organization","name":"Facultad de Ciencias de la Comunicaci\u00f3n, Turismo y Psicolog\u00eda","url":"https:\/\/fcctp.usmp.edu.pe\/noticias\/","logo":{"@type":"ImageObject","inLanguage":"es-PE","@id":"https:\/\/fcctp.usmp.edu.pe\/noticias\/#\/schema\/logo\/image\/","url":"https:\/\/fcctp.usmp.edu.pe\/noticias\/wp-content\/uploads\/2022\/03\/logoFCCTP_60.svg","contentUrl":"https:\/\/fcctp.usmp.edu.pe\/noticias\/wp-content\/uploads\/2022\/03\/logoFCCTP_60.svg","width":347,"height":66,"caption":"Facultad de Ciencias de la Comunicaci\u00f3n, Turismo y Psicolog\u00eda"},"image":{"@id":"https:\/\/fcctp.usmp.edu.pe\/noticias\/#\/schema\/logo\/image\/"},"sameAs":["https:\/\/www.facebook.com\/fcctp","https:\/\/x.com\/fcctp_usmp","https:\/\/www.instagram.com\/fcctp_usmp\/"]},{"@type":"Person","@id":"https:\/\/fcctp.usmp.edu.pe\/noticias\/#\/schema\/person\/4fdff53bd44bf6f645fe381e079e1252","name":"Omar Huaman","image":{"@type":"ImageObject","inLanguage":"es-PE","@id":"https:\/\/secure.gravatar.com\/avatar\/1ec290616e6e3dc043e286f62b87c0f992c4889ead141b3e3dfc70d018a983e0?s=96&d=mm&r=g","url":"https:\/\/secure.gravatar.com\/avatar\/1ec290616e6e3dc043e286f62b87c0f992c4889ead141b3e3dfc70d018a983e0?s=96&d=mm&r=g","contentUrl":"https:\/\/secure.gravatar.com\/avatar\/1ec290616e6e3dc043e286f62b87c0f992c4889ead141b3e3dfc70d018a983e0?s=96&d=mm&r=g","caption":"Omar Huaman"},"url":"https:\/\/fcctp.usmp.edu.pe\/noticias\/author\/notieditor\/"}]}},"_links":{"self":[{"href":"https:\/\/fcctp.usmp.edu.pe\/noticias\/wp-json\/wp\/v2\/posts\/9502","targetHints":{"allow":["GET"]}}],"collection":[{"href":"https:\/\/fcctp.usmp.edu.pe\/noticias\/wp-json\/wp\/v2\/posts"}],"about":[{"href":"https:\/\/fcctp.usmp.edu.pe\/noticias\/wp-json\/wp\/v2\/types\/post"}],"author":[{"embeddable":true,"href":"https:\/\/fcctp.usmp.edu.pe\/noticias\/wp-json\/wp\/v2\/users\/2"}],"replies":[{"embeddable":true,"href":"https:\/\/fcctp.usmp.edu.pe\/noticias\/wp-json\/wp\/v2\/comments?post=9502"}],"version-history":[{"count":2,"href":"https:\/\/fcctp.usmp.edu.pe\/noticias\/wp-json\/wp\/v2\/posts\/9502\/revisions"}],"predecessor-version":[{"id":9505,"href":"https:\/\/fcctp.usmp.edu.pe\/noticias\/wp-json\/wp\/v2\/posts\/9502\/revisions\/9505"}],"wp:featuredmedia":[{"embeddable":true,"href":"https:\/\/fcctp.usmp.edu.pe\/noticias\/wp-json\/wp\/v2\/media\/9504"}],"wp:attachment":[{"href":"https:\/\/fcctp.usmp.edu.pe\/noticias\/wp-json\/wp\/v2\/media?parent=9502"}],"wp:term":[{"taxonomy":"category","embeddable":true,"href":"https:\/\/fcctp.usmp.edu.pe\/noticias\/wp-json\/wp\/v2\/categories?post=9502"},{"taxonomy":"post_tag","embeddable":true,"href":"https:\/\/fcctp.usmp.edu.pe\/noticias\/wp-json\/wp\/v2\/tags?post=9502"}],"curies":[{"name":"wp","href":"https:\/\/api.w.org\/{rel}","templated":true}]}}