{"id":9495,"date":"2023-10-17T15:24:26","date_gmt":"2023-10-17T15:24:26","guid":{"rendered":"https:\/\/fcctp.usmp.edu.pe\/noticias\/?p=9495"},"modified":"2023-10-17T15:24:26","modified_gmt":"2023-10-17T15:24:26","slug":"medio-ambiente-salud-mental-y-resiliencia-la-i-semana-de-sostenibilidad-se-vivio-a-lo-grande-en-la-fcctp","status":"publish","type":"post","link":"https:\/\/fcctp.usmp.edu.pe\/noticias\/sostenibilidad\/medio-ambiente-salud-mental-y-resiliencia-la-i-semana-de-sostenibilidad-se-vivio-a-lo-grande-en-la-fcctp\/","title":{"rendered":"Medio ambiente, salud mental y resiliencia: \u00a1La I Semana de Sostenibilidad se vivi\u00f3 a lo grande en la FCCTP!"},"content":{"rendered":"<p><em>La Oficina de Sostenibilidad desarroll\u00f3 una serie de actividades en un inspirador evento que present\u00f3 varias oportunidades para lograr un mejor futuro para todos.<\/em><\/p>\n<p>Del 2 al 6 de octubre, la <strong>Facultad de Ciencias de la Comunicaci\u00f3n, Turismo y Psicolog\u00eda (FCCTP)<\/strong> alberg\u00f3 la<strong> I Semana de Sostenibilidad<\/strong>, un evento que present\u00f3 distintas actividades relacionadas a c\u00f3mo lograr una sociedad y un planeta m\u00e1s sostenible.<\/p>\n<p>La <strong>Dra. Amybel S\u00e1nchez de Walther<\/strong>, decana de la <strong>FCCTP<\/strong>, reafirmado su compromiso por fomentar este tipo de actividades en la comunidad sanmartiniana, felicit\u00f3 a los organizadores de este tipo de jornadas.<\/p>\n<p>De esta manera, el primer d\u00eda reuni\u00f3 a varios estudiantes que llegaron al campus de la <strong>FCCTP<\/strong> para armar un mural de rompecabezas hecho a base de material reciclado y cuyas piezas formaban el logo de la universidad y de la <strong>I Semana de Sostenibilidad.<\/strong><\/p>\n<blockquote class=\"instagram-media\" style=\"background: #FFF; border: 0; border-radius: 3px; box-shadow: 0 0 1px 0 rgba(0,0,0,0.5),0 1px 10px 0 rgba(0,0,0,0.15); margin: 1px; max-width: 540px; min-width: 326px; padding: 0; width: calc(100% - 2px);\" data-instgrm-captioned=\"\" data-instgrm-permalink=\"https:\/\/www.instagram.com\/p\/Cx8Q2oZLbJD\/?utm_source=ig_embed&amp;utm_campaign=loading\" data-instgrm-version=\"14\">\n<div style=\"padding: 16px;\">\n<p>&nbsp;<\/p>\n<div style=\"display: flex; flex-direction: row; align-items: center;\">\n<div style=\"background-color: #f4f4f4; border-radius: 50%; flex-grow: 0; height: 40px; margin-right: 14px; width: 40px;\"><\/div>\n<div style=\"display: flex; flex-direction: column; flex-grow: 1; justify-content: center;\">\n<div style=\"background-color: #f4f4f4; border-radius: 4px; flex-grow: 0; height: 14px; margin-bottom: 6px; width: 100px;\"><\/div>\n<div style=\"background-color: #f4f4f4; border-radius: 4px; flex-grow: 0; height: 14px; width: 60px;\"><\/div>\n<\/div>\n<\/div>\n<div style=\"padding: 19% 0;\"><\/div>\n<div style=\"display: block; height: 50px; margin: 0 auto 12px; width: 50px;\"><\/div>\n<div style=\"padding-top: 8px;\">\n<div style=\"color: #3897f0; font-family: Arial,sans-serif; font-size: 14px; font-style: normal; font-weight: 550; line-height: 18px;\">Ver esta publicaci\u00f3n en Instagram<\/div>\n<\/div>\n<div style=\"padding: 12.5% 0;\"><\/div>\n<div style=\"display: flex; flex-direction: row; margin-bottom: 14px; align-items: center;\">\n<div>\n<div style=\"background-color: #f4f4f4; border-radius: 50%; height: 12.5px; width: 12.5px; transform: translateX(0px) translateY(7px);\"><\/div>\n<div style=\"background-color: #f4f4f4; height: 12.5px; transform: rotate(-45deg) translateX(3px) translateY(1px); width: 12.5px; flex-grow: 0; margin-right: 14px; margin-left: 2px;\"><\/div>\n<div style=\"background-color: #f4f4f4; border-radius: 50%; height: 12.5px; width: 12.5px; transform: translateX(9px) translateY(-18px);\"><\/div>\n<\/div>\n<div style=\"margin-left: 8px;\">\n<div style=\"background-color: #f4f4f4; border-radius: 50%; flex-grow: 0; height: 20px; width: 20px;\"><\/div>\n<div style=\"width: 0; height: 0; border-top: 2px solid transparent; border-left: 6px solid #f4f4f4; border-bottom: 2px solid transparent; transform: translateX(16px) translateY(-4px) rotate(30deg);\"><\/div>\n<\/div>\n<div style=\"margin-left: auto;\">\n<div style=\"width: 0px; border-top: 8px solid #F4F4F4; border-right: 8px solid transparent; transform: translateY(16px);\"><\/div>\n<div style=\"background-color: #f4f4f4; flex-grow: 0; height: 12px; width: 16px; transform: translateY(-4px);\"><\/div>\n<div style=\"width: 0; height: 0; border-top: 8px solid #F4F4F4; border-left: 8px solid transparent; transform: translateY(-4px) translateX(8px);\"><\/div>\n<\/div>\n<\/div>\n<div style=\"display: flex; flex-direction: column; flex-grow: 1; justify-content: center; margin-bottom: 24px;\">\n<div style=\"background-color: #f4f4f4; border-radius: 4px; flex-grow: 0; height: 14px; margin-bottom: 6px; width: 224px;\"><\/div>\n<div style=\"background-color: #f4f4f4; border-radius: 4px; flex-grow: 0; height: 14px; width: 144px;\"><\/div>\n<\/div>\n<p>&nbsp;<\/p>\n<p style=\"color: #c9c8cd; font-family: Arial,sans-serif; font-size: 14px; line-height: 17px; margin-bottom: 0; margin-top: 8px; overflow: hidden; padding: 8px 0 7px; text-align: center; text-overflow: ellipsis; white-space: nowrap;\"><a style=\"color: #c9c8cd; font-family: Arial,sans-serif; font-size: 14px; font-style: normal; font-weight: normal; line-height: 17px; text-decoration: none;\" href=\"https:\/\/www.instagram.com\/p\/Cx8Q2oZLbJD\/?utm_source=ig_embed&amp;utm_campaign=loading\" target=\"_blank\" rel=\"noopener\">Una publicaci\u00f3n compartida de Sostenibilidad USMP (@sostenibilidad.usmp)<\/a><\/p>\n<\/div>\n<\/blockquote>\n<p><script async src=\"\/\/www.instagram.com\/embed.js\"><\/script><\/p>\n<p>A esto, se sum\u00f3 la iniciativa de invitar a los estudiantes, docentes y personal administrativo a llegar a la facultad mediante un medio de transporte sostenible, tales como bicicletas, scooters el\u00e9ctricos, patines, entre otros. Todos ellos fueron premiados con packs y premios ecoamigables.<\/p>\n<p>Durante la tercera fecha, la comunidad sanmartiniana disfrut\u00f3 tambi\u00e9n de una <strong>feria de emprendimientos sostenibles<\/strong>, la cual reuni\u00f3 a varios negocios cuyos rubros se basan en la sostenibilidad. Alumnos y colaboradores de la <strong>FCCTP<\/strong> mostraron sus productos, ofreci\u00e9ndolos a todos los visitantes.<\/p>\n<p>Entre los emprendimientos que resaltaron fueron macetas con divertidos dise\u00f1os, tejidos decorativos hechos a mano, caf\u00e9 producido artesanalmente, hierbas curativas, dibujos instant\u00e1neos, prendas de vestir ecoamigables y muchas otras ideas creativas.<\/p>\n<p>El cuarto d\u00eda fue un d\u00eda especial porque <strong>Essalud<\/strong> lleg\u00f3 al campus con la campa\u00f1a <strong>\u201cHinchas de Sangre\u201d<\/strong> para convocar donantes de sangre y, de esta manera, contribuir a salvar la vida de personas que m\u00e1s nos necesitan.<\/p>\n<p>Varios estudiantes, docentes y colaboradores de la Facultad participaron de esta actividad ben\u00e9fica y recibieron su diploma de donante voluntario de sangre. De acuerdo con <strong>Essalud<\/strong>, cada donaci\u00f3n puede salvar m\u00e1s de tres vidas y pueden ser usadas es distintas ocasiones: intervenciones quir\u00fargicas, trasplantes de \u00f3rganos, accidentes, traumatismos graves, entre otros. Para m\u00e1s informaci\u00f3n, puede visitar: <a href=\"https:\/\/portal.essalud.gob.pe\/index.php\/donacion-voluntaria-de-sangre\/\">https:\/\/portal.essalud.gob.pe\/index.php\/donacion-voluntaria-de-sangre\/<\/a><\/p>\n<blockquote class=\"instagram-media\" style=\"background: #FFF; border: 0; border-radius: 3px; box-shadow: 0 0 1px 0 rgba(0,0,0,0.5),0 1px 10px 0 rgba(0,0,0,0.15); margin: 1px; max-width: 540px; min-width: 326px; padding: 0; width: calc(100% - 2px);\" data-instgrm-captioned=\"\" data-instgrm-permalink=\"https:\/\/www.instagram.com\/p\/CyElvi-vMgy\/?utm_source=ig_embed&amp;utm_campaign=loading\" data-instgrm-version=\"14\">\n<div style=\"padding: 16px;\">\n<p>&nbsp;<\/p>\n<div style=\"display: flex; flex-direction: row; align-items: center;\">\n<div style=\"background-color: #f4f4f4; border-radius: 50%; flex-grow: 0; height: 40px; margin-right: 14px; width: 40px;\"><\/div>\n<div style=\"display: flex; flex-direction: column; flex-grow: 1; justify-content: center;\">\n<div style=\"background-color: #f4f4f4; border-radius: 4px; flex-grow: 0; height: 14px; margin-bottom: 6px; width: 100px;\"><\/div>\n<div style=\"background-color: #f4f4f4; border-radius: 4px; flex-grow: 0; height: 14px; width: 60px;\"><\/div>\n<\/div>\n<\/div>\n<div style=\"padding: 19% 0;\"><\/div>\n<div style=\"display: block; height: 50px; margin: 0 auto 12px; width: 50px;\"><\/div>\n<div style=\"padding-top: 8px;\">\n<div style=\"color: #3897f0; font-family: Arial,sans-serif; font-size: 14px; font-style: normal; font-weight: 550; line-height: 18px;\">Ver esta publicaci\u00f3n en Instagram<\/div>\n<\/div>\n<div style=\"padding: 12.5% 0;\"><\/div>\n<div style=\"display: flex; flex-direction: row; margin-bottom: 14px; align-items: center;\">\n<div>\n<div style=\"background-color: #f4f4f4; border-radius: 50%; height: 12.5px; width: 12.5px; transform: translateX(0px) translateY(7px);\"><\/div>\n<div style=\"background-color: #f4f4f4; height: 12.5px; transform: rotate(-45deg) translateX(3px) translateY(1px); width: 12.5px; flex-grow: 0; margin-right: 14px; margin-left: 2px;\"><\/div>\n<div style=\"background-color: #f4f4f4; border-radius: 50%; height: 12.5px; width: 12.5px; transform: translateX(9px) translateY(-18px);\"><\/div>\n<\/div>\n<div style=\"margin-left: 8px;\">\n<div style=\"background-color: #f4f4f4; border-radius: 50%; flex-grow: 0; height: 20px; width: 20px;\"><\/div>\n<div style=\"width: 0; height: 0; border-top: 2px solid transparent; border-left: 6px solid #f4f4f4; border-bottom: 2px solid transparent; transform: translateX(16px) translateY(-4px) rotate(30deg);\"><\/div>\n<\/div>\n<div style=\"margin-left: auto;\">\n<div style=\"width: 0px; border-top: 8px solid #F4F4F4; border-right: 8px solid transparent; transform: translateY(16px);\"><\/div>\n<div style=\"background-color: #f4f4f4; flex-grow: 0; height: 12px; width: 16px; transform: translateY(-4px);\"><\/div>\n<div style=\"width: 0; height: 0; border-top: 8px solid #F4F4F4; border-left: 8px solid transparent; transform: translateY(-4px) translateX(8px);\"><\/div>\n<\/div>\n<\/div>\n<div style=\"display: flex; flex-direction: column; flex-grow: 1; justify-content: center; margin-bottom: 24px;\">\n<div style=\"background-color: #f4f4f4; border-radius: 4px; flex-grow: 0; height: 14px; margin-bottom: 6px; width: 224px;\"><\/div>\n<div style=\"background-color: #f4f4f4; border-radius: 4px; flex-grow: 0; height: 14px; width: 144px;\"><\/div>\n<\/div>\n<p>&nbsp;<\/p>\n<p style=\"color: #c9c8cd; font-family: Arial,sans-serif; font-size: 14px; line-height: 17px; margin-bottom: 0; margin-top: 8px; overflow: hidden; padding: 8px 0 7px; text-align: center; text-overflow: ellipsis; white-space: nowrap;\"><a style=\"color: #c9c8cd; font-family: Arial,sans-serif; font-size: 14px; font-style: normal; font-weight: normal; line-height: 17px; text-decoration: none;\" href=\"https:\/\/www.instagram.com\/p\/CyElvi-vMgy\/?utm_source=ig_embed&amp;utm_campaign=loading\" target=\"_blank\" rel=\"noopener\">Una publicaci\u00f3n compartida de Sostenibilidad USMP (@sostenibilidad.usmp)<\/a><\/p>\n<\/div>\n<\/blockquote>\n<p><script async src=\"\/\/www.instagram.com\/embed.js\"><\/script><\/p>\n<p>Horas m\u00e1s tarde, se llev\u00f3 a cabo un taller de salud mental y emocional que estuvo a cargo de la plataforma regional <strong>Movers Up<\/strong>, la cual brinda asesor\u00edas y acompa\u00f1amiento a estudiantes con el objetivo de que puedan desenvolverse de manera \u00f3ptima durante sus a\u00f1os de estudios.<\/p>\n<p>El programa se llam\u00f3 <strong>\u00abReduce el estr\u00e9s en \u00e9pocas de ex\u00e1menes\u00bb<\/strong> y varios alumnos de la FCCTP se unieron a esta charla que consisti\u00f3 en distintas din\u00e1micas y actividades que permitieron a los alumnos aprender herramientas que les permitan controlar y manejar la presi\u00f3n de las responsabilidades acad\u00e9micas.<\/p>\n<p>Por \u00faltimo, para cerrar una semana llena de resiliencia, se premi\u00f3 a los ganadores de los mejores dise\u00f1os que la <strong>Oficina de Sostenibilidad<\/strong> lucir\u00e1 en sus nuevas bolsas ecoamigables y reutilizables. Los alumnos premiados fueron <strong>Camila P\u00eda Infante<\/strong> y <strong>Edu Amir Ortiz.<\/strong><\/p>\n<blockquote class=\"instagram-media\" style=\"background: #FFF; border: 0; border-radius: 3px; box-shadow: 0 0 1px 0 rgba(0,0,0,0.5),0 1px 10px 0 rgba(0,0,0,0.15); margin: 1px; max-width: 540px; min-width: 326px; padding: 0; width: calc(100% - 2px);\" data-instgrm-captioned=\"\" data-instgrm-permalink=\"https:\/\/www.instagram.com\/reel\/CyELbnIr1r4\/?utm_source=ig_embed&amp;utm_campaign=loading\" data-instgrm-version=\"14\">\n<div style=\"padding: 16px;\">\n<p>&nbsp;<\/p>\n<div style=\"display: flex; flex-direction: row; align-items: center;\">\n<div style=\"background-color: #f4f4f4; border-radius: 50%; flex-grow: 0; height: 40px; margin-right: 14px; width: 40px;\"><\/div>\n<div style=\"display: flex; flex-direction: column; flex-grow: 1; justify-content: center;\">\n<div style=\"background-color: #f4f4f4; border-radius: 4px; flex-grow: 0; height: 14px; margin-bottom: 6px; width: 100px;\"><\/div>\n<div style=\"background-color: #f4f4f4; border-radius: 4px; flex-grow: 0; height: 14px; width: 60px;\"><\/div>\n<\/div>\n<\/div>\n<div style=\"padding: 19% 0;\"><\/div>\n<div style=\"display: block; height: 50px; margin: 0 auto 12px; width: 50px;\"><\/div>\n<div style=\"padding-top: 8px;\">\n<div style=\"color: #3897f0; font-family: Arial,sans-serif; font-size: 14px; font-style: normal; font-weight: 550; line-height: 18px;\">Ver esta publicaci\u00f3n en Instagram<\/div>\n<\/div>\n<div style=\"padding: 12.5% 0;\"><\/div>\n<div style=\"display: flex; flex-direction: row; margin-bottom: 14px; align-items: center;\">\n<div>\n<div style=\"background-color: #f4f4f4; border-radius: 50%; height: 12.5px; width: 12.5px; transform: translateX(0px) translateY(7px);\"><\/div>\n<div style=\"background-color: #f4f4f4; height: 12.5px; transform: rotate(-45deg) translateX(3px) translateY(1px); width: 12.5px; flex-grow: 0; margin-right: 14px; margin-left: 2px;\"><\/div>\n<div style=\"background-color: #f4f4f4; border-radius: 50%; height: 12.5px; width: 12.5px; transform: translateX(9px) translateY(-18px);\"><\/div>\n<\/div>\n<div style=\"margin-left: 8px;\">\n<div style=\"background-color: #f4f4f4; border-radius: 50%; flex-grow: 0; height: 20px; width: 20px;\"><\/div>\n<div style=\"width: 0; height: 0; border-top: 2px solid transparent; border-left: 6px solid #f4f4f4; border-bottom: 2px solid transparent; transform: translateX(16px) translateY(-4px) rotate(30deg);\"><\/div>\n<\/div>\n<div style=\"margin-left: auto;\">\n<div style=\"width: 0px; border-top: 8px solid #F4F4F4; border-right: 8px solid transparent; transform: translateY(16px);\"><\/div>\n<div style=\"background-color: #f4f4f4; flex-grow: 0; height: 12px; width: 16px; transform: translateY(-4px);\"><\/div>\n<div style=\"width: 0; height: 0; border-top: 8px solid #F4F4F4; border-left: 8px solid transparent; transform: translateY(-4px) translateX(8px);\"><\/div>\n<\/div>\n<\/div>\n<div style=\"display: flex; flex-direction: column; flex-grow: 1; justify-content: center; margin-bottom: 24px;\">\n<div style=\"background-color: #f4f4f4; border-radius: 4px; flex-grow: 0; height: 14px; margin-bottom: 6px; width: 224px;\"><\/div>\n<div style=\"background-color: #f4f4f4; border-radius: 4px; flex-grow: 0; height: 14px; width: 144px;\"><\/div>\n<\/div>\n<p>&nbsp;<\/p>\n<p style=\"color: #c9c8cd; font-family: Arial,sans-serif; font-size: 14px; line-height: 17px; margin-bottom: 0; margin-top: 8px; overflow: hidden; padding: 8px 0 7px; text-align: center; text-overflow: ellipsis; white-space: nowrap;\"><a style=\"color: #c9c8cd; font-family: Arial,sans-serif; font-size: 14px; font-style: normal; font-weight: normal; line-height: 17px; text-decoration: none;\" href=\"https:\/\/www.instagram.com\/reel\/CyELbnIr1r4\/?utm_source=ig_embed&amp;utm_campaign=loading\" target=\"_blank\" rel=\"noopener\">Una publicaci\u00f3n compartida de Sostenibilidad USMP (@sostenibilidad.usmp)<\/a><\/p>\n<\/div>\n<\/blockquote>\n<p><script async src=\"\/\/www.instagram.com\/embed.js\"><\/script><\/p>\n<p>Con este tipo de eventos, la\u00a0<strong>Oficina de Sostenibilidad<\/strong>\u00a0apuesta por el desarrollo humano a trav\u00e9s de acciones articuladas con nuestra comunidad y actores externos con la finalidad de contribuir con los Objetivos de Desarrollo Sostenible de la Agenda 2030 de las Naciones Unidas.<\/p>\n<p>De esta forma, la\u00a0<strong>Oficina de Sostenibilidad<\/strong>\u00a0dise\u00f1a y ejecuta proyectos de alto impacto que promueven el desarrollo sostenible entre la comunidad\u00a0<strong>FCCTP<\/strong>\u00a0mediante valores human\u00edsticos, \u00e9ticos y c\u00edvicos. Para m\u00e1s informaci\u00f3n, puede visitar: <a href=\"https:\/\/fcctp.usmp.edu.pe\/sostenibilidad\/\">https:\/\/fcctp.usmp.edu.pe\/sostenibilidad\/<\/a><\/p>\n","protected":false},"excerpt":{"rendered":"<p>La Oficina de Sostenibilidad desarroll\u00f3 una serie de actividades en un inspirador evento que present\u00f3 varias oportunidades para lograr un mejor futuro para todos. Del 2 al 6 de octubre, la Facultad de Ciencias de la Comunicaci\u00f3n, Turismo y Psicolog\u00eda (FCCTP) alberg\u00f3 la I Semana de Sostenibilidad, un evento que present\u00f3 distintas actividades relacionadas a &#8230; <a title=\"Medio ambiente, salud mental y resiliencia: \u00a1La I Semana de Sostenibilidad se vivi\u00f3 a lo grande en la FCCTP!\" class=\"read-more\" href=\"https:\/\/fcctp.usmp.edu.pe\/noticias\/sostenibilidad\/medio-ambiente-salud-mental-y-resiliencia-la-i-semana-de-sostenibilidad-se-vivio-a-lo-grande-en-la-fcctp\/\" aria-label=\"More on Medio ambiente, salud mental y resiliencia: \u00a1La I Semana de Sostenibilidad se vivi\u00f3 a lo grande en la FCCTP!\">Read more<\/a><\/p>\n","protected":false},"author":2,"featured_media":9496,"comment_status":"closed","ping_status":"closed","sticky":false,"template":"","format":"standard","meta":{"footnotes":""},"categories":[33],"tags":[47,46,74,51],"class_list":["post-9495","post","type-post","status-publish","format-standard","has-post-thumbnail","hentry","category-sostenibilidad","tag-home-fcctp","tag-lo-mas-destacado","tag-oficina-de-sostenibilidad","tag-sostenibilidad"],"yoast_head":"<!-- This site is optimized with the Yoast SEO plugin v28.3 - https:\/\/yoast.com\/product\/yoast-seo-wordpress\/ -->\n<title>Medio ambiente, salud mental y resiliencia: \u00a1La I Semana de Sostenibilidad se vivi\u00f3 a lo grande en la FCCTP! - Noticias<\/title>\n<meta name=\"robots\" content=\"index, follow, max-snippet:-1, max-image-preview:large, max-video-preview:-1\" \/>\n<link rel=\"canonical\" href=\"https:\/\/fcctp.usmp.edu.pe\/noticias\/sostenibilidad\/medio-ambiente-salud-mental-y-resiliencia-la-i-semana-de-sostenibilidad-se-vivio-a-lo-grande-en-la-fcctp\/\" \/>\n<meta property=\"og:locale\" content=\"es_ES\" \/>\n<meta property=\"og:type\" content=\"article\" \/>\n<meta property=\"og:title\" content=\"Medio ambiente, salud mental y resiliencia: \u00a1La I Semana de Sostenibilidad se vivi\u00f3 a lo grande en la FCCTP! - Noticias\" \/>\n<meta property=\"og:description\" content=\"La Oficina de Sostenibilidad desarroll\u00f3 una serie de actividades en un inspirador evento que present\u00f3 varias oportunidades para lograr un mejor futuro para todos. Del 2 al 6 de octubre, la Facultad de Ciencias de la Comunicaci\u00f3n, Turismo y Psicolog\u00eda (FCCTP) alberg\u00f3 la I Semana de Sostenibilidad, un evento que present\u00f3 distintas actividades relacionadas a ... Read more\" \/>\n<meta property=\"og:url\" content=\"https:\/\/fcctp.usmp.edu.pe\/noticias\/sostenibilidad\/medio-ambiente-salud-mental-y-resiliencia-la-i-semana-de-sostenibilidad-se-vivio-a-lo-grande-en-la-fcctp\/\" \/>\n<meta property=\"og:site_name\" content=\"Noticias\" \/>\n<meta property=\"article:publisher\" content=\"https:\/\/www.facebook.com\/fcctp\" \/>\n<meta property=\"article:published_time\" content=\"2023-10-17T15:24:26+00:00\" \/>\n<meta property=\"og:image\" content=\"https:\/\/fcctp.usmp.edu.pe\/noticias\/wp-content\/uploads\/2023\/10\/sosteni.jpg\" \/>\n\t<meta property=\"og:image:width\" content=\"1196\" \/>\n\t<meta property=\"og:image:height\" content=\"665\" \/>\n\t<meta property=\"og:image:type\" content=\"image\/jpeg\" \/>\n<meta name=\"author\" content=\"Omar Huaman\" \/>\n<meta name=\"twitter:card\" content=\"summary_large_image\" \/>\n<meta name=\"twitter:creator\" content=\"@fcctp_usmp\" \/>\n<meta name=\"twitter:site\" content=\"@fcctp_usmp\" \/>\n<meta name=\"twitter:label1\" content=\"Written by\" \/>\n\t<meta name=\"twitter:data1\" content=\"Omar Huaman\" \/>\n\t<meta name=\"twitter:label2\" content=\"Est. reading time\" \/>\n\t<meta name=\"twitter:data2\" content=\"3 minutos\" \/>\n<script type=\"application\/ld+json\" class=\"yoast-schema-graph\">{\"@context\":\"https:\\\/\\\/schema.org\",\"@graph\":[{\"@type\":\"Article\",\"@id\":\"https:\\\/\\\/fcctp.usmp.edu.pe\\\/noticias\\\/sostenibilidad\\\/medio-ambiente-salud-mental-y-resiliencia-la-i-semana-de-sostenibilidad-se-vivio-a-lo-grande-en-la-fcctp\\\/#article\",\"isPartOf\":{\"@id\":\"https:\\\/\\\/fcctp.usmp.edu.pe\\\/noticias\\\/sostenibilidad\\\/medio-ambiente-salud-mental-y-resiliencia-la-i-semana-de-sostenibilidad-se-vivio-a-lo-grande-en-la-fcctp\\\/\"},\"author\":{\"name\":\"Omar Huaman\",\"@id\":\"https:\\\/\\\/fcctp.usmp.edu.pe\\\/noticias\\\/#\\\/schema\\\/person\\\/4fdff53bd44bf6f645fe381e079e1252\"},\"headline\":\"Medio ambiente, salud mental y resiliencia: \u00a1La I Semana de Sostenibilidad se vivi\u00f3 a lo grande en la FCCTP!\",\"datePublished\":\"2023-10-17T15:24:26+00:00\",\"mainEntityOfPage\":{\"@id\":\"https:\\\/\\\/fcctp.usmp.edu.pe\\\/noticias\\\/sostenibilidad\\\/medio-ambiente-salud-mental-y-resiliencia-la-i-semana-de-sostenibilidad-se-vivio-a-lo-grande-en-la-fcctp\\\/\"},\"wordCount\":685,\"publisher\":{\"@id\":\"https:\\\/\\\/fcctp.usmp.edu.pe\\\/noticias\\\/#organization\"},\"image\":{\"@id\":\"https:\\\/\\\/fcctp.usmp.edu.pe\\\/noticias\\\/sostenibilidad\\\/medio-ambiente-salud-mental-y-resiliencia-la-i-semana-de-sostenibilidad-se-vivio-a-lo-grande-en-la-fcctp\\\/#primaryimage\"},\"thumbnailUrl\":\"https:\\\/\\\/fcctp.usmp.edu.pe\\\/noticias\\\/wp-content\\\/uploads\\\/2023\\\/10\\\/sosteni.jpg\",\"keywords\":[\"Home FCCTP\",\"Lo mas destacado\",\"Oficina de Sostenibilidad\",\"Sostenibilidad\"],\"articleSection\":[\"Sostenibilidad\"],\"inLanguage\":\"es-PE\"},{\"@type\":\"WebPage\",\"@id\":\"https:\\\/\\\/fcctp.usmp.edu.pe\\\/noticias\\\/sostenibilidad\\\/medio-ambiente-salud-mental-y-resiliencia-la-i-semana-de-sostenibilidad-se-vivio-a-lo-grande-en-la-fcctp\\\/\",\"url\":\"https:\\\/\\\/fcctp.usmp.edu.pe\\\/noticias\\\/sostenibilidad\\\/medio-ambiente-salud-mental-y-resiliencia-la-i-semana-de-sostenibilidad-se-vivio-a-lo-grande-en-la-fcctp\\\/\",\"name\":\"Medio ambiente, salud mental y resiliencia: \u00a1La I Semana de Sostenibilidad se vivi\u00f3 a lo grande en la FCCTP! - Noticias\",\"isPartOf\":{\"@id\":\"https:\\\/\\\/fcctp.usmp.edu.pe\\\/noticias\\\/#website\"},\"primaryImageOfPage\":{\"@id\":\"https:\\\/\\\/fcctp.usmp.edu.pe\\\/noticias\\\/sostenibilidad\\\/medio-ambiente-salud-mental-y-resiliencia-la-i-semana-de-sostenibilidad-se-vivio-a-lo-grande-en-la-fcctp\\\/#primaryimage\"},\"image\":{\"@id\":\"https:\\\/\\\/fcctp.usmp.edu.pe\\\/noticias\\\/sostenibilidad\\\/medio-ambiente-salud-mental-y-resiliencia-la-i-semana-de-sostenibilidad-se-vivio-a-lo-grande-en-la-fcctp\\\/#primaryimage\"},\"thumbnailUrl\":\"https:\\\/\\\/fcctp.usmp.edu.pe\\\/noticias\\\/wp-content\\\/uploads\\\/2023\\\/10\\\/sosteni.jpg\",\"datePublished\":\"2023-10-17T15:24:26+00:00\",\"breadcrumb\":{\"@id\":\"https:\\\/\\\/fcctp.usmp.edu.pe\\\/noticias\\\/sostenibilidad\\\/medio-ambiente-salud-mental-y-resiliencia-la-i-semana-de-sostenibilidad-se-vivio-a-lo-grande-en-la-fcctp\\\/#breadcrumb\"},\"inLanguage\":\"es-PE\",\"potentialAction\":[{\"@type\":\"ReadAction\",\"target\":[\"https:\\\/\\\/fcctp.usmp.edu.pe\\\/noticias\\\/sostenibilidad\\\/medio-ambiente-salud-mental-y-resiliencia-la-i-semana-de-sostenibilidad-se-vivio-a-lo-grande-en-la-fcctp\\\/\"]}]},{\"@type\":\"ImageObject\",\"inLanguage\":\"es-PE\",\"@id\":\"https:\\\/\\\/fcctp.usmp.edu.pe\\\/noticias\\\/sostenibilidad\\\/medio-ambiente-salud-mental-y-resiliencia-la-i-semana-de-sostenibilidad-se-vivio-a-lo-grande-en-la-fcctp\\\/#primaryimage\",\"url\":\"https:\\\/\\\/fcctp.usmp.edu.pe\\\/noticias\\\/wp-content\\\/uploads\\\/2023\\\/10\\\/sosteni.jpg\",\"contentUrl\":\"https:\\\/\\\/fcctp.usmp.edu.pe\\\/noticias\\\/wp-content\\\/uploads\\\/2023\\\/10\\\/sosteni.jpg\",\"width\":1196,\"height\":665,\"caption\":\"I semana de sostenibilidad\"},{\"@type\":\"BreadcrumbList\",\"@id\":\"https:\\\/\\\/fcctp.usmp.edu.pe\\\/noticias\\\/sostenibilidad\\\/medio-ambiente-salud-mental-y-resiliencia-la-i-semana-de-sostenibilidad-se-vivio-a-lo-grande-en-la-fcctp\\\/#breadcrumb\",\"itemListElement\":[{\"@type\":\"ListItem\",\"position\":1,\"name\":\"Portada\",\"item\":\"https:\\\/\\\/fcctp.usmp.edu.pe\\\/noticias\\\/\"},{\"@type\":\"ListItem\",\"position\":2,\"name\":\"Medio ambiente, salud mental y resiliencia: \u00a1La I Semana de Sostenibilidad se vivi\u00f3 a lo grande en la FCCTP!\"}]},{\"@type\":\"WebSite\",\"@id\":\"https:\\\/\\\/fcctp.usmp.edu.pe\\\/noticias\\\/#website\",\"url\":\"https:\\\/\\\/fcctp.usmp.edu.pe\\\/noticias\\\/\",\"name\":\"Noticias FCCTP\",\"description\":\"Facultad de Ciencias de la Comunicaci\u00f3n, Turismo y Psicolog\u00eda\",\"publisher\":{\"@id\":\"https:\\\/\\\/fcctp.usmp.edu.pe\\\/noticias\\\/#organization\"},\"potentialAction\":[{\"@type\":\"SearchAction\",\"target\":{\"@type\":\"EntryPoint\",\"urlTemplate\":\"https:\\\/\\\/fcctp.usmp.edu.pe\\\/noticias\\\/?s={search_term_string}\"},\"query-input\":{\"@type\":\"PropertyValueSpecification\",\"valueRequired\":true,\"valueName\":\"search_term_string\"}}],\"inLanguage\":\"es-PE\"},{\"@type\":\"Organization\",\"@id\":\"https:\\\/\\\/fcctp.usmp.edu.pe\\\/noticias\\\/#organization\",\"name\":\"Facultad de Ciencias de la Comunicaci\u00f3n, Turismo y Psicolog\u00eda\",\"url\":\"https:\\\/\\\/fcctp.usmp.edu.pe\\\/noticias\\\/\",\"logo\":{\"@type\":\"ImageObject\",\"inLanguage\":\"es-PE\",\"@id\":\"https:\\\/\\\/fcctp.usmp.edu.pe\\\/noticias\\\/#\\\/schema\\\/logo\\\/image\\\/\",\"url\":\"https:\\\/\\\/fcctp.usmp.edu.pe\\\/noticias\\\/wp-content\\\/uploads\\\/2022\\\/03\\\/logoFCCTP_60.svg\",\"contentUrl\":\"https:\\\/\\\/fcctp.usmp.edu.pe\\\/noticias\\\/wp-content\\\/uploads\\\/2022\\\/03\\\/logoFCCTP_60.svg\",\"width\":347,\"height\":66,\"caption\":\"Facultad de Ciencias de la Comunicaci\u00f3n, Turismo y Psicolog\u00eda\"},\"image\":{\"@id\":\"https:\\\/\\\/fcctp.usmp.edu.pe\\\/noticias\\\/#\\\/schema\\\/logo\\\/image\\\/\"},\"sameAs\":[\"https:\\\/\\\/www.facebook.com\\\/fcctp\",\"https:\\\/\\\/x.com\\\/fcctp_usmp\",\"https:\\\/\\\/www.instagram.com\\\/fcctp_usmp\\\/\"]},{\"@type\":\"Person\",\"@id\":\"https:\\\/\\\/fcctp.usmp.edu.pe\\\/noticias\\\/#\\\/schema\\\/person\\\/4fdff53bd44bf6f645fe381e079e1252\",\"name\":\"Omar Huaman\",\"image\":{\"@type\":\"ImageObject\",\"inLanguage\":\"es-PE\",\"@id\":\"https:\\\/\\\/secure.gravatar.com\\\/avatar\\\/1ec290616e6e3dc043e286f62b87c0f992c4889ead141b3e3dfc70d018a983e0?s=96&d=mm&r=g\",\"url\":\"https:\\\/\\\/secure.gravatar.com\\\/avatar\\\/1ec290616e6e3dc043e286f62b87c0f992c4889ead141b3e3dfc70d018a983e0?s=96&d=mm&r=g\",\"contentUrl\":\"https:\\\/\\\/secure.gravatar.com\\\/avatar\\\/1ec290616e6e3dc043e286f62b87c0f992c4889ead141b3e3dfc70d018a983e0?s=96&d=mm&r=g\",\"caption\":\"Omar Huaman\"},\"url\":\"https:\\\/\\\/fcctp.usmp.edu.pe\\\/noticias\\\/author\\\/notieditor\\\/\"}]}<\/script>\n<!-- \/ Yoast SEO plugin. -->","yoast_head_json":{"title":"Medio ambiente, salud mental y resiliencia: \u00a1La I Semana de Sostenibilidad se vivi\u00f3 a lo grande en la FCCTP! - Noticias","robots":{"index":"index","follow":"follow","max-snippet":"max-snippet:-1","max-image-preview":"max-image-preview:large","max-video-preview":"max-video-preview:-1"},"canonical":"https:\/\/fcctp.usmp.edu.pe\/noticias\/sostenibilidad\/medio-ambiente-salud-mental-y-resiliencia-la-i-semana-de-sostenibilidad-se-vivio-a-lo-grande-en-la-fcctp\/","og_locale":"es_ES","og_type":"article","og_title":"Medio ambiente, salud mental y resiliencia: \u00a1La I Semana de Sostenibilidad se vivi\u00f3 a lo grande en la FCCTP! - Noticias","og_description":"La Oficina de Sostenibilidad desarroll\u00f3 una serie de actividades en un inspirador evento que present\u00f3 varias oportunidades para lograr un mejor futuro para todos. Del 2 al 6 de octubre, la Facultad de Ciencias de la Comunicaci\u00f3n, Turismo y Psicolog\u00eda (FCCTP) alberg\u00f3 la I Semana de Sostenibilidad, un evento que present\u00f3 distintas actividades relacionadas a ... Read more","og_url":"https:\/\/fcctp.usmp.edu.pe\/noticias\/sostenibilidad\/medio-ambiente-salud-mental-y-resiliencia-la-i-semana-de-sostenibilidad-se-vivio-a-lo-grande-en-la-fcctp\/","og_site_name":"Noticias","article_publisher":"https:\/\/www.facebook.com\/fcctp","article_published_time":"2023-10-17T15:24:26+00:00","og_image":[{"width":1196,"height":665,"url":"https:\/\/fcctp.usmp.edu.pe\/noticias\/wp-content\/uploads\/2023\/10\/sosteni.jpg","type":"image\/jpeg"}],"author":"Omar Huaman","twitter_card":"summary_large_image","twitter_creator":"@fcctp_usmp","twitter_site":"@fcctp_usmp","twitter_misc":{"Written by":"Omar Huaman","Est. reading time":"3 minutos"},"schema":{"@context":"https:\/\/schema.org","@graph":[{"@type":"Article","@id":"https:\/\/fcctp.usmp.edu.pe\/noticias\/sostenibilidad\/medio-ambiente-salud-mental-y-resiliencia-la-i-semana-de-sostenibilidad-se-vivio-a-lo-grande-en-la-fcctp\/#article","isPartOf":{"@id":"https:\/\/fcctp.usmp.edu.pe\/noticias\/sostenibilidad\/medio-ambiente-salud-mental-y-resiliencia-la-i-semana-de-sostenibilidad-se-vivio-a-lo-grande-en-la-fcctp\/"},"author":{"name":"Omar Huaman","@id":"https:\/\/fcctp.usmp.edu.pe\/noticias\/#\/schema\/person\/4fdff53bd44bf6f645fe381e079e1252"},"headline":"Medio ambiente, salud mental y resiliencia: \u00a1La I Semana de Sostenibilidad se vivi\u00f3 a lo grande en la FCCTP!","datePublished":"2023-10-17T15:24:26+00:00","mainEntityOfPage":{"@id":"https:\/\/fcctp.usmp.edu.pe\/noticias\/sostenibilidad\/medio-ambiente-salud-mental-y-resiliencia-la-i-semana-de-sostenibilidad-se-vivio-a-lo-grande-en-la-fcctp\/"},"wordCount":685,"publisher":{"@id":"https:\/\/fcctp.usmp.edu.pe\/noticias\/#organization"},"image":{"@id":"https:\/\/fcctp.usmp.edu.pe\/noticias\/sostenibilidad\/medio-ambiente-salud-mental-y-resiliencia-la-i-semana-de-sostenibilidad-se-vivio-a-lo-grande-en-la-fcctp\/#primaryimage"},"thumbnailUrl":"https:\/\/fcctp.usmp.edu.pe\/noticias\/wp-content\/uploads\/2023\/10\/sosteni.jpg","keywords":["Home FCCTP","Lo mas destacado","Oficina de Sostenibilidad","Sostenibilidad"],"articleSection":["Sostenibilidad"],"inLanguage":"es-PE"},{"@type":"WebPage","@id":"https:\/\/fcctp.usmp.edu.pe\/noticias\/sostenibilidad\/medio-ambiente-salud-mental-y-resiliencia-la-i-semana-de-sostenibilidad-se-vivio-a-lo-grande-en-la-fcctp\/","url":"https:\/\/fcctp.usmp.edu.pe\/noticias\/sostenibilidad\/medio-ambiente-salud-mental-y-resiliencia-la-i-semana-de-sostenibilidad-se-vivio-a-lo-grande-en-la-fcctp\/","name":"Medio ambiente, salud mental y resiliencia: \u00a1La I Semana de Sostenibilidad se vivi\u00f3 a lo grande en la FCCTP! - Noticias","isPartOf":{"@id":"https:\/\/fcctp.usmp.edu.pe\/noticias\/#website"},"primaryImageOfPage":{"@id":"https:\/\/fcctp.usmp.edu.pe\/noticias\/sostenibilidad\/medio-ambiente-salud-mental-y-resiliencia-la-i-semana-de-sostenibilidad-se-vivio-a-lo-grande-en-la-fcctp\/#primaryimage"},"image":{"@id":"https:\/\/fcctp.usmp.edu.pe\/noticias\/sostenibilidad\/medio-ambiente-salud-mental-y-resiliencia-la-i-semana-de-sostenibilidad-se-vivio-a-lo-grande-en-la-fcctp\/#primaryimage"},"thumbnailUrl":"https:\/\/fcctp.usmp.edu.pe\/noticias\/wp-content\/uploads\/2023\/10\/sosteni.jpg","datePublished":"2023-10-17T15:24:26+00:00","breadcrumb":{"@id":"https:\/\/fcctp.usmp.edu.pe\/noticias\/sostenibilidad\/medio-ambiente-salud-mental-y-resiliencia-la-i-semana-de-sostenibilidad-se-vivio-a-lo-grande-en-la-fcctp\/#breadcrumb"},"inLanguage":"es-PE","potentialAction":[{"@type":"ReadAction","target":["https:\/\/fcctp.usmp.edu.pe\/noticias\/sostenibilidad\/medio-ambiente-salud-mental-y-resiliencia-la-i-semana-de-sostenibilidad-se-vivio-a-lo-grande-en-la-fcctp\/"]}]},{"@type":"ImageObject","inLanguage":"es-PE","@id":"https:\/\/fcctp.usmp.edu.pe\/noticias\/sostenibilidad\/medio-ambiente-salud-mental-y-resiliencia-la-i-semana-de-sostenibilidad-se-vivio-a-lo-grande-en-la-fcctp\/#primaryimage","url":"https:\/\/fcctp.usmp.edu.pe\/noticias\/wp-content\/uploads\/2023\/10\/sosteni.jpg","contentUrl":"https:\/\/fcctp.usmp.edu.pe\/noticias\/wp-content\/uploads\/2023\/10\/sosteni.jpg","width":1196,"height":665,"caption":"I semana de sostenibilidad"},{"@type":"BreadcrumbList","@id":"https:\/\/fcctp.usmp.edu.pe\/noticias\/sostenibilidad\/medio-ambiente-salud-mental-y-resiliencia-la-i-semana-de-sostenibilidad-se-vivio-a-lo-grande-en-la-fcctp\/#breadcrumb","itemListElement":[{"@type":"ListItem","position":1,"name":"Portada","item":"https:\/\/fcctp.usmp.edu.pe\/noticias\/"},{"@type":"ListItem","position":2,"name":"Medio ambiente, salud mental y resiliencia: \u00a1La I Semana de Sostenibilidad se vivi\u00f3 a lo grande en la FCCTP!"}]},{"@type":"WebSite","@id":"https:\/\/fcctp.usmp.edu.pe\/noticias\/#website","url":"https:\/\/fcctp.usmp.edu.pe\/noticias\/","name":"Noticias FCCTP","description":"Facultad de Ciencias de la Comunicaci\u00f3n, Turismo y Psicolog\u00eda","publisher":{"@id":"https:\/\/fcctp.usmp.edu.pe\/noticias\/#organization"},"potentialAction":[{"@type":"SearchAction","target":{"@type":"EntryPoint","urlTemplate":"https:\/\/fcctp.usmp.edu.pe\/noticias\/?s={search_term_string}"},"query-input":{"@type":"PropertyValueSpecification","valueRequired":true,"valueName":"search_term_string"}}],"inLanguage":"es-PE"},{"@type":"Organization","@id":"https:\/\/fcctp.usmp.edu.pe\/noticias\/#organization","name":"Facultad de Ciencias de la Comunicaci\u00f3n, Turismo y Psicolog\u00eda","url":"https:\/\/fcctp.usmp.edu.pe\/noticias\/","logo":{"@type":"ImageObject","inLanguage":"es-PE","@id":"https:\/\/fcctp.usmp.edu.pe\/noticias\/#\/schema\/logo\/image\/","url":"https:\/\/fcctp.usmp.edu.pe\/noticias\/wp-content\/uploads\/2022\/03\/logoFCCTP_60.svg","contentUrl":"https:\/\/fcctp.usmp.edu.pe\/noticias\/wp-content\/uploads\/2022\/03\/logoFCCTP_60.svg","width":347,"height":66,"caption":"Facultad de Ciencias de la Comunicaci\u00f3n, Turismo y Psicolog\u00eda"},"image":{"@id":"https:\/\/fcctp.usmp.edu.pe\/noticias\/#\/schema\/logo\/image\/"},"sameAs":["https:\/\/www.facebook.com\/fcctp","https:\/\/x.com\/fcctp_usmp","https:\/\/www.instagram.com\/fcctp_usmp\/"]},{"@type":"Person","@id":"https:\/\/fcctp.usmp.edu.pe\/noticias\/#\/schema\/person\/4fdff53bd44bf6f645fe381e079e1252","name":"Omar Huaman","image":{"@type":"ImageObject","inLanguage":"es-PE","@id":"https:\/\/secure.gravatar.com\/avatar\/1ec290616e6e3dc043e286f62b87c0f992c4889ead141b3e3dfc70d018a983e0?s=96&d=mm&r=g","url":"https:\/\/secure.gravatar.com\/avatar\/1ec290616e6e3dc043e286f62b87c0f992c4889ead141b3e3dfc70d018a983e0?s=96&d=mm&r=g","contentUrl":"https:\/\/secure.gravatar.com\/avatar\/1ec290616e6e3dc043e286f62b87c0f992c4889ead141b3e3dfc70d018a983e0?s=96&d=mm&r=g","caption":"Omar Huaman"},"url":"https:\/\/fcctp.usmp.edu.pe\/noticias\/author\/notieditor\/"}]}},"_links":{"self":[{"href":"https:\/\/fcctp.usmp.edu.pe\/noticias\/wp-json\/wp\/v2\/posts\/9495","targetHints":{"allow":["GET"]}}],"collection":[{"href":"https:\/\/fcctp.usmp.edu.pe\/noticias\/wp-json\/wp\/v2\/posts"}],"about":[{"href":"https:\/\/fcctp.usmp.edu.pe\/noticias\/wp-json\/wp\/v2\/types\/post"}],"author":[{"embeddable":true,"href":"https:\/\/fcctp.usmp.edu.pe\/noticias\/wp-json\/wp\/v2\/users\/2"}],"replies":[{"embeddable":true,"href":"https:\/\/fcctp.usmp.edu.pe\/noticias\/wp-json\/wp\/v2\/comments?post=9495"}],"version-history":[{"count":1,"href":"https:\/\/fcctp.usmp.edu.pe\/noticias\/wp-json\/wp\/v2\/posts\/9495\/revisions"}],"predecessor-version":[{"id":9497,"href":"https:\/\/fcctp.usmp.edu.pe\/noticias\/wp-json\/wp\/v2\/posts\/9495\/revisions\/9497"}],"wp:featuredmedia":[{"embeddable":true,"href":"https:\/\/fcctp.usmp.edu.pe\/noticias\/wp-json\/wp\/v2\/media\/9496"}],"wp:attachment":[{"href":"https:\/\/fcctp.usmp.edu.pe\/noticias\/wp-json\/wp\/v2\/media?parent=9495"}],"wp:term":[{"taxonomy":"category","embeddable":true,"href":"https:\/\/fcctp.usmp.edu.pe\/noticias\/wp-json\/wp\/v2\/categories?post=9495"},{"taxonomy":"post_tag","embeddable":true,"href":"https:\/\/fcctp.usmp.edu.pe\/noticias\/wp-json\/wp\/v2\/tags?post=9495"}],"curies":[{"name":"wp","href":"https:\/\/api.w.org\/{rel}","templated":true}]}}