{"id":9466,"date":"2023-09-13T20:33:01","date_gmt":"2023-09-13T20:33:01","guid":{"rendered":"https:\/\/fcctp.usmp.edu.pe\/noticias\/?p=9466"},"modified":"2023-09-13T20:33:01","modified_gmt":"2023-09-13T20:33:01","slug":"que-es-el-branding-y-como-potencia-la-marca-de-mi-negocio","status":"publish","type":"post","link":"https:\/\/fcctp.usmp.edu.pe\/noticias\/educacion-continua\/que-es-el-branding-y-como-potencia-la-marca-de-mi-negocio\/","title":{"rendered":"\u00bfQu\u00e9 es el branding y c\u00f3mo potencia la marca de mi negocio?"},"content":{"rendered":"<p>Constantemente vivimos expuestos a distintas y miles de marcas que luchan entre s\u00ed por la atenci\u00f3n de nosotros. Entre grandes, medianas y peque\u00f1as, todas quieren sobresalir para que las recordemos y sean parte de nuestros d\u00edas.<\/p>\n<p>\u00bfC\u00f3mo, entonces, podemos lograr que nuestro emprendimiento logre impactar en nuestro p\u00fablico objetivo con tanta competencia a nuestro alrededor? El <strong>branding<\/strong>, como se conoce este conjunto de estrategias dentro del mundo de la publicidad, tiene la soluci\u00f3n.<\/p>\n<p>De acuerdo con la investigaci\u00f3n <strong>\u201c<\/strong><strong><a href=\"https:\/\/repositorio.usmp.edu.pe\/handle\/20.500.12727\/7820\">El branding en la estrategia publicitaria a trav\u00e9s de la campa\u00f1a El sabor de la vida real, a\u00f1o 2018<\/a>\u201d<\/strong> que realiz\u00f3 el Mag. Carlos \u00c1lvarez Zapata en nuestra<strong> Facultad de Ciencias de la Comunicaci\u00f3n, Turismo y Psicolog\u00eda<\/strong>, el <strong>branding<\/strong> ayuda a construir la imagen de nuestra marca de manera singular.<\/p>\n<p>\u201cEl <strong>branding<\/strong> busca identificar la esencia de la marca y para lograrlo construye una identidad que tenga un significado emocional para el cliente, otorg\u00e1ndole cierto misticismo\u201d, define en su tesis.<\/p>\n<p>Adem\u00e1s, se\u00f1ala que se trata de un \u201ctrabajo estrat\u00e9gico, cuyo concepto gira entorno a la creatividad, creaci\u00f3n y gesti\u00f3n de la marca, la cual trasciende incluso a la campa\u00f1a de comunicaci\u00f3n y no al rev\u00e9s\u201d.<\/p>\n<p>Por otro lado, \u00c1lvarez Zapata resalta que el branding digital, el cual se ejecuta en redes sociales, se trata de \u201cmantener los perfiles actualizados y bajo una sola identidad comunicacional\u201d. Esta t\u00e1ctica, a\u00f1ade, \u201cfacilitar\u00e1 conseguir la unidad en el contenido, dando coherencia a la marca\u201d.<\/p>\n<p>\u201cPara lograrlo se tiene que aprovechar las nuevas herramientas que suelen aparecer en las redes sociales y emplearlas estrat\u00e9gicamente\u201d, puntualiza en su tesis de maestr\u00eda.<\/p>\n<p>&nbsp;<\/p>\n<blockquote class=\"instagram-media\" style=\"background: #FFF; border: 0; border-radius: 3px; box-shadow: 0 0 1px 0 rgba(0,0,0,0.5),0 1px 10px 0 rgba(0,0,0,0.15); margin: 1px; max-width: 540px; min-width: 326px; padding: 0; width: calc(100% - 2px);\" data-instgrm-captioned=\"\" data-instgrm-permalink=\"https:\/\/www.instagram.com\/reel\/Cu-lg20Petd\/?utm_source=ig_embed&amp;utm_campaign=loading\" data-instgrm-version=\"14\">\n<div style=\"padding: 16px;\">\n<p>&nbsp;<\/p>\n<div style=\"display: flex; flex-direction: row; align-items: center;\">\n<div style=\"background-color: #f4f4f4; border-radius: 50%; flex-grow: 0; height: 40px; margin-right: 14px; width: 40px;\"><\/div>\n<div style=\"display: flex; flex-direction: column; flex-grow: 1; justify-content: center;\">\n<div style=\"background-color: #f4f4f4; border-radius: 4px; flex-grow: 0; height: 14px; margin-bottom: 6px; width: 100px;\"><\/div>\n<div style=\"background-color: #f4f4f4; border-radius: 4px; flex-grow: 0; height: 14px; width: 60px;\"><\/div>\n<\/div>\n<\/div>\n<div style=\"padding: 19% 0;\"><\/div>\n<div style=\"display: block; height: 50px; margin: 0 auto 12px; width: 50px;\"><\/div>\n<div style=\"padding-top: 8px;\">\n<div style=\"color: #3897f0; font-family: Arial,sans-serif; font-size: 14px; font-style: normal; font-weight: 550; line-height: 18px;\">Ver esta publicaci\u00f3n en Instagram<\/div>\n<\/div>\n<div style=\"padding: 12.5% 0;\"><\/div>\n<div style=\"display: flex; flex-direction: row; margin-bottom: 14px; align-items: center;\">\n<div>\n<div style=\"background-color: #f4f4f4; border-radius: 50%; height: 12.5px; width: 12.5px; transform: translateX(0px) translateY(7px);\"><\/div>\n<div style=\"background-color: #f4f4f4; height: 12.5px; transform: rotate(-45deg) translateX(3px) translateY(1px); width: 12.5px; flex-grow: 0; margin-right: 14px; margin-left: 2px;\"><\/div>\n<div style=\"background-color: #f4f4f4; border-radius: 50%; height: 12.5px; width: 12.5px; transform: translateX(9px) translateY(-18px);\"><\/div>\n<\/div>\n<div style=\"margin-left: 8px;\">\n<div style=\"background-color: #f4f4f4; border-radius: 50%; flex-grow: 0; height: 20px; width: 20px;\"><\/div>\n<div style=\"width: 0; height: 0; border-top: 2px solid transparent; border-left: 6px solid #f4f4f4; border-bottom: 2px solid transparent; transform: translateX(16px) translateY(-4px) rotate(30deg);\"><\/div>\n<\/div>\n<div style=\"margin-left: auto;\">\n<div style=\"width: 0px; border-top: 8px solid #F4F4F4; border-right: 8px solid transparent; transform: translateY(16px);\"><\/div>\n<div style=\"background-color: #f4f4f4; flex-grow: 0; height: 12px; width: 16px; transform: translateY(-4px);\"><\/div>\n<div style=\"width: 0; height: 0; border-top: 8px solid #F4F4F4; border-left: 8px solid transparent; transform: translateY(-4px) translateX(8px);\"><\/div>\n<\/div>\n<\/div>\n<div style=\"display: flex; flex-direction: column; flex-grow: 1; justify-content: center; margin-bottom: 24px;\">\n<div style=\"background-color: #f4f4f4; border-radius: 4px; flex-grow: 0; height: 14px; margin-bottom: 6px; width: 224px;\"><\/div>\n<div style=\"background-color: #f4f4f4; border-radius: 4px; flex-grow: 0; height: 14px; width: 144px;\"><\/div>\n<\/div>\n<p>&nbsp;<\/p>\n<p style=\"color: #c9c8cd; font-family: Arial,sans-serif; font-size: 14px; line-height: 17px; margin-bottom: 0; margin-top: 8px; overflow: hidden; padding: 8px 0 7px; text-align: center; text-overflow: ellipsis; white-space: nowrap;\"><a style=\"color: #c9c8cd; font-family: Arial,sans-serif; font-size: 14px; font-style: normal; font-weight: normal; line-height: 17px; text-decoration: none;\" href=\"https:\/\/www.instagram.com\/reel\/Cu-lg20Petd\/?utm_source=ig_embed&amp;utm_campaign=loading\" target=\"_blank\" rel=\"noopener\">Una publicaci\u00f3n compartida de Educaci\u00f3n Continua USMP (@educontinuausmp)<\/a><\/p>\n<\/div>\n<\/blockquote>\n<p><script async src=\"\/\/www.instagram.com\/embed.js\"><\/script><\/p>\n<p><strong>\u00a1Inscr\u00edbete en el curso Branding Estrat\u00e9gico!<\/strong><\/p>\n<p>El profesor\u00a0<strong>Cristian Ortega<\/strong> dictar\u00e1 el curso\u00a0<strong>Branding Estrat\u00e9gico<\/strong>\u00a0<strong>de<\/strong>\u00a0<strong>Educaci\u00f3n Continua<\/strong>\u00a0<strong>de la Facultad de Ciencias de la Comunicaci\u00f3n, Turismo y Psicolog\u00eda de la USMP<\/strong>, el cual empezar\u00e1 este\u00a0<strong>19 de setiembre<\/strong>\u00a0bajo la modalidad virtual.<\/p>\n<p>El docente es comunicador social de profesi\u00f3n con amplia experiencia en las \u00e1reas de comercial, marketing y experiencia del cliente. Cuenta con m\u00e1s de 15 a\u00f1os en empresas privadas y p\u00fablicas gestionando exitosamente proyectos, productos y servicios.<\/p>\n<p>El curso\u00a0<strong>Branding Estrat\u00e9gico<\/strong>\u00a0te ense\u00f1ar\u00e1 a dise\u00f1ar y gestionar estrategias de branding que fortalezcan la imagen y posici\u00f3n de una marca en el mercado, generando lealtad y preferencia por parte de los clientes.<\/p>\n<p>\u00a1Empezamos el\u00a0<strong>19 de setiembre<\/strong>! Las clases ser\u00e1n los<strong>\u00a0martes y jueves de 7 p.m. a 10 p.m.<\/strong><\/p>\n<p>Para m\u00e1s informaci\u00f3n sobre este curso, ingresa aqu\u00ed:\u00a0<a href=\"https:\/\/educacioncontinua.edu.pe\/branding-estrategico-setiembre\/\">https:\/\/educacioncontinua.edu.pe\/branding-estrategico-setiembre\/<\/a><\/p>\n","protected":false},"excerpt":{"rendered":"<p>Constantemente vivimos expuestos a distintas y miles de marcas que luchan entre s\u00ed por la atenci\u00f3n de nosotros. Entre grandes, medianas y peque\u00f1as, todas quieren sobresalir para que las recordemos y sean parte de nuestros d\u00edas. \u00bfC\u00f3mo, entonces, podemos lograr que nuestro emprendimiento logre impactar en nuestro p\u00fablico objetivo con tanta competencia a nuestro alrededor? &#8230; <a title=\"\u00bfQu\u00e9 es el branding y c\u00f3mo potencia la marca de mi negocio?\" class=\"read-more\" href=\"https:\/\/fcctp.usmp.edu.pe\/noticias\/educacion-continua\/que-es-el-branding-y-como-potencia-la-marca-de-mi-negocio\/\" aria-label=\"More on \u00bfQu\u00e9 es el branding y c\u00f3mo potencia la marca de mi negocio?\">Read more<\/a><\/p>\n","protected":false},"author":2,"featured_media":9467,"comment_status":"closed","ping_status":"closed","sticky":false,"template":"","format":"standard","meta":{"footnotes":""},"categories":[27],"tags":[131,60,47,46],"class_list":["post-9466","post","type-post","status-publish","format-standard","has-post-thumbnail","hentry","category-educacion-continua","tag-branding-estrategico","tag-educacion-continua","tag-home-fcctp","tag-lo-mas-destacado"],"yoast_head":"<!-- This site is optimized with the Yoast SEO plugin v28.3 - https:\/\/yoast.com\/product\/yoast-seo-wordpress\/ -->\n<title>\u00bfQu\u00e9 es el branding y c\u00f3mo potencia la marca de mi negocio? - Noticias<\/title>\n<meta name=\"robots\" content=\"index, follow, max-snippet:-1, max-image-preview:large, max-video-preview:-1\" \/>\n<link rel=\"canonical\" href=\"https:\/\/fcctp.usmp.edu.pe\/noticias\/educacion-continua\/que-es-el-branding-y-como-potencia-la-marca-de-mi-negocio\/\" \/>\n<meta property=\"og:locale\" content=\"es_ES\" \/>\n<meta property=\"og:type\" content=\"article\" \/>\n<meta property=\"og:title\" content=\"\u00bfQu\u00e9 es el branding y c\u00f3mo potencia la marca de mi negocio? - Noticias\" \/>\n<meta property=\"og:description\" content=\"Constantemente vivimos expuestos a distintas y miles de marcas que luchan entre s\u00ed por la atenci\u00f3n de nosotros. Entre grandes, medianas y peque\u00f1as, todas quieren sobresalir para que las recordemos y sean parte de nuestros d\u00edas. \u00bfC\u00f3mo, entonces, podemos lograr que nuestro emprendimiento logre impactar en nuestro p\u00fablico objetivo con tanta competencia a nuestro alrededor? ... Read more\" \/>\n<meta property=\"og:url\" content=\"https:\/\/fcctp.usmp.edu.pe\/noticias\/educacion-continua\/que-es-el-branding-y-como-potencia-la-marca-de-mi-negocio\/\" \/>\n<meta property=\"og:site_name\" content=\"Noticias\" \/>\n<meta property=\"article:publisher\" content=\"https:\/\/www.facebook.com\/fcctp\" \/>\n<meta property=\"article:published_time\" content=\"2023-09-13T20:33:01+00:00\" \/>\n<meta property=\"og:image\" content=\"https:\/\/fcctp.usmp.edu.pe\/noticias\/wp-content\/uploads\/2023\/09\/12-09_Noticia_Mesa-de-trabajo-1-copia-8.jpg\" \/>\n\t<meta property=\"og:image:width\" content=\"1501\" \/>\n\t<meta property=\"og:image:height\" content=\"939\" \/>\n\t<meta property=\"og:image:type\" content=\"image\/jpeg\" \/>\n<meta name=\"author\" content=\"Omar Huaman\" \/>\n<meta name=\"twitter:card\" content=\"summary_large_image\" \/>\n<meta name=\"twitter:creator\" content=\"@fcctp_usmp\" \/>\n<meta name=\"twitter:site\" content=\"@fcctp_usmp\" \/>\n<meta name=\"twitter:label1\" content=\"Written by\" \/>\n\t<meta name=\"twitter:data1\" content=\"Omar Huaman\" \/>\n\t<meta name=\"twitter:label2\" content=\"Est. reading time\" \/>\n\t<meta name=\"twitter:data2\" content=\"2 minutos\" \/>\n<script type=\"application\/ld+json\" class=\"yoast-schema-graph\">{\"@context\":\"https:\\\/\\\/schema.org\",\"@graph\":[{\"@type\":\"Article\",\"@id\":\"https:\\\/\\\/fcctp.usmp.edu.pe\\\/noticias\\\/educacion-continua\\\/que-es-el-branding-y-como-potencia-la-marca-de-mi-negocio\\\/#article\",\"isPartOf\":{\"@id\":\"https:\\\/\\\/fcctp.usmp.edu.pe\\\/noticias\\\/educacion-continua\\\/que-es-el-branding-y-como-potencia-la-marca-de-mi-negocio\\\/\"},\"author\":{\"name\":\"Omar Huaman\",\"@id\":\"https:\\\/\\\/fcctp.usmp.edu.pe\\\/noticias\\\/#\\\/schema\\\/person\\\/4fdff53bd44bf6f645fe381e079e1252\"},\"headline\":\"\u00bfQu\u00e9 es el branding y c\u00f3mo potencia la marca de mi negocio?\",\"datePublished\":\"2023-09-13T20:33:01+00:00\",\"mainEntityOfPage\":{\"@id\":\"https:\\\/\\\/fcctp.usmp.edu.pe\\\/noticias\\\/educacion-continua\\\/que-es-el-branding-y-como-potencia-la-marca-de-mi-negocio\\\/\"},\"wordCount\":478,\"publisher\":{\"@id\":\"https:\\\/\\\/fcctp.usmp.edu.pe\\\/noticias\\\/#organization\"},\"image\":{\"@id\":\"https:\\\/\\\/fcctp.usmp.edu.pe\\\/noticias\\\/educacion-continua\\\/que-es-el-branding-y-como-potencia-la-marca-de-mi-negocio\\\/#primaryimage\"},\"thumbnailUrl\":\"https:\\\/\\\/fcctp.usmp.edu.pe\\\/noticias\\\/wp-content\\\/uploads\\\/2023\\\/09\\\/12-09_Noticia_Mesa-de-trabajo-1-copia-8.jpg\",\"keywords\":[\"Branding Estrat\u00e9gico\",\"Educaci\u00f3n Continua\",\"Home FCCTP\",\"Lo mas destacado\"],\"articleSection\":[\"Educaci\u00f3n Continua\"],\"inLanguage\":\"es-PE\"},{\"@type\":\"WebPage\",\"@id\":\"https:\\\/\\\/fcctp.usmp.edu.pe\\\/noticias\\\/educacion-continua\\\/que-es-el-branding-y-como-potencia-la-marca-de-mi-negocio\\\/\",\"url\":\"https:\\\/\\\/fcctp.usmp.edu.pe\\\/noticias\\\/educacion-continua\\\/que-es-el-branding-y-como-potencia-la-marca-de-mi-negocio\\\/\",\"name\":\"\u00bfQu\u00e9 es el branding y c\u00f3mo potencia la marca de mi negocio? - Noticias\",\"isPartOf\":{\"@id\":\"https:\\\/\\\/fcctp.usmp.edu.pe\\\/noticias\\\/#website\"},\"primaryImageOfPage\":{\"@id\":\"https:\\\/\\\/fcctp.usmp.edu.pe\\\/noticias\\\/educacion-continua\\\/que-es-el-branding-y-como-potencia-la-marca-de-mi-negocio\\\/#primaryimage\"},\"image\":{\"@id\":\"https:\\\/\\\/fcctp.usmp.edu.pe\\\/noticias\\\/educacion-continua\\\/que-es-el-branding-y-como-potencia-la-marca-de-mi-negocio\\\/#primaryimage\"},\"thumbnailUrl\":\"https:\\\/\\\/fcctp.usmp.edu.pe\\\/noticias\\\/wp-content\\\/uploads\\\/2023\\\/09\\\/12-09_Noticia_Mesa-de-trabajo-1-copia-8.jpg\",\"datePublished\":\"2023-09-13T20:33:01+00:00\",\"breadcrumb\":{\"@id\":\"https:\\\/\\\/fcctp.usmp.edu.pe\\\/noticias\\\/educacion-continua\\\/que-es-el-branding-y-como-potencia-la-marca-de-mi-negocio\\\/#breadcrumb\"},\"inLanguage\":\"es-PE\",\"potentialAction\":[{\"@type\":\"ReadAction\",\"target\":[\"https:\\\/\\\/fcctp.usmp.edu.pe\\\/noticias\\\/educacion-continua\\\/que-es-el-branding-y-como-potencia-la-marca-de-mi-negocio\\\/\"]}]},{\"@type\":\"ImageObject\",\"inLanguage\":\"es-PE\",\"@id\":\"https:\\\/\\\/fcctp.usmp.edu.pe\\\/noticias\\\/educacion-continua\\\/que-es-el-branding-y-como-potencia-la-marca-de-mi-negocio\\\/#primaryimage\",\"url\":\"https:\\\/\\\/fcctp.usmp.edu.pe\\\/noticias\\\/wp-content\\\/uploads\\\/2023\\\/09\\\/12-09_Noticia_Mesa-de-trabajo-1-copia-8.jpg\",\"contentUrl\":\"https:\\\/\\\/fcctp.usmp.edu.pe\\\/noticias\\\/wp-content\\\/uploads\\\/2023\\\/09\\\/12-09_Noticia_Mesa-de-trabajo-1-copia-8.jpg\",\"width\":1501,\"height\":939,\"caption\":\"\u00bfQu\u00e9 es el branding y c\u00f3mo potencia la marca de mi negocio?\"},{\"@type\":\"BreadcrumbList\",\"@id\":\"https:\\\/\\\/fcctp.usmp.edu.pe\\\/noticias\\\/educacion-continua\\\/que-es-el-branding-y-como-potencia-la-marca-de-mi-negocio\\\/#breadcrumb\",\"itemListElement\":[{\"@type\":\"ListItem\",\"position\":1,\"name\":\"Portada\",\"item\":\"https:\\\/\\\/fcctp.usmp.edu.pe\\\/noticias\\\/\"},{\"@type\":\"ListItem\",\"position\":2,\"name\":\"\u00bfQu\u00e9 es el branding y c\u00f3mo potencia la marca de mi negocio?\"}]},{\"@type\":\"WebSite\",\"@id\":\"https:\\\/\\\/fcctp.usmp.edu.pe\\\/noticias\\\/#website\",\"url\":\"https:\\\/\\\/fcctp.usmp.edu.pe\\\/noticias\\\/\",\"name\":\"Noticias FCCTP\",\"description\":\"Facultad de Ciencias de la Comunicaci\u00f3n, Turismo y Psicolog\u00eda\",\"publisher\":{\"@id\":\"https:\\\/\\\/fcctp.usmp.edu.pe\\\/noticias\\\/#organization\"},\"potentialAction\":[{\"@type\":\"SearchAction\",\"target\":{\"@type\":\"EntryPoint\",\"urlTemplate\":\"https:\\\/\\\/fcctp.usmp.edu.pe\\\/noticias\\\/?s={search_term_string}\"},\"query-input\":{\"@type\":\"PropertyValueSpecification\",\"valueRequired\":true,\"valueName\":\"search_term_string\"}}],\"inLanguage\":\"es-PE\"},{\"@type\":\"Organization\",\"@id\":\"https:\\\/\\\/fcctp.usmp.edu.pe\\\/noticias\\\/#organization\",\"name\":\"Facultad de Ciencias de la Comunicaci\u00f3n, Turismo y Psicolog\u00eda\",\"url\":\"https:\\\/\\\/fcctp.usmp.edu.pe\\\/noticias\\\/\",\"logo\":{\"@type\":\"ImageObject\",\"inLanguage\":\"es-PE\",\"@id\":\"https:\\\/\\\/fcctp.usmp.edu.pe\\\/noticias\\\/#\\\/schema\\\/logo\\\/image\\\/\",\"url\":\"https:\\\/\\\/fcctp.usmp.edu.pe\\\/noticias\\\/wp-content\\\/uploads\\\/2022\\\/03\\\/logoFCCTP_60.svg\",\"contentUrl\":\"https:\\\/\\\/fcctp.usmp.edu.pe\\\/noticias\\\/wp-content\\\/uploads\\\/2022\\\/03\\\/logoFCCTP_60.svg\",\"width\":347,\"height\":66,\"caption\":\"Facultad de Ciencias de la Comunicaci\u00f3n, Turismo y Psicolog\u00eda\"},\"image\":{\"@id\":\"https:\\\/\\\/fcctp.usmp.edu.pe\\\/noticias\\\/#\\\/schema\\\/logo\\\/image\\\/\"},\"sameAs\":[\"https:\\\/\\\/www.facebook.com\\\/fcctp\",\"https:\\\/\\\/x.com\\\/fcctp_usmp\",\"https:\\\/\\\/www.instagram.com\\\/fcctp_usmp\\\/\"]},{\"@type\":\"Person\",\"@id\":\"https:\\\/\\\/fcctp.usmp.edu.pe\\\/noticias\\\/#\\\/schema\\\/person\\\/4fdff53bd44bf6f645fe381e079e1252\",\"name\":\"Omar Huaman\",\"image\":{\"@type\":\"ImageObject\",\"inLanguage\":\"es-PE\",\"@id\":\"https:\\\/\\\/secure.gravatar.com\\\/avatar\\\/1ec290616e6e3dc043e286f62b87c0f992c4889ead141b3e3dfc70d018a983e0?s=96&d=mm&r=g\",\"url\":\"https:\\\/\\\/secure.gravatar.com\\\/avatar\\\/1ec290616e6e3dc043e286f62b87c0f992c4889ead141b3e3dfc70d018a983e0?s=96&d=mm&r=g\",\"contentUrl\":\"https:\\\/\\\/secure.gravatar.com\\\/avatar\\\/1ec290616e6e3dc043e286f62b87c0f992c4889ead141b3e3dfc70d018a983e0?s=96&d=mm&r=g\",\"caption\":\"Omar Huaman\"},\"url\":\"https:\\\/\\\/fcctp.usmp.edu.pe\\\/noticias\\\/author\\\/notieditor\\\/\"}]}<\/script>\n<!-- \/ Yoast SEO plugin. -->","yoast_head_json":{"title":"\u00bfQu\u00e9 es el branding y c\u00f3mo potencia la marca de mi negocio? - Noticias","robots":{"index":"index","follow":"follow","max-snippet":"max-snippet:-1","max-image-preview":"max-image-preview:large","max-video-preview":"max-video-preview:-1"},"canonical":"https:\/\/fcctp.usmp.edu.pe\/noticias\/educacion-continua\/que-es-el-branding-y-como-potencia-la-marca-de-mi-negocio\/","og_locale":"es_ES","og_type":"article","og_title":"\u00bfQu\u00e9 es el branding y c\u00f3mo potencia la marca de mi negocio? - Noticias","og_description":"Constantemente vivimos expuestos a distintas y miles de marcas que luchan entre s\u00ed por la atenci\u00f3n de nosotros. Entre grandes, medianas y peque\u00f1as, todas quieren sobresalir para que las recordemos y sean parte de nuestros d\u00edas. \u00bfC\u00f3mo, entonces, podemos lograr que nuestro emprendimiento logre impactar en nuestro p\u00fablico objetivo con tanta competencia a nuestro alrededor? ... Read more","og_url":"https:\/\/fcctp.usmp.edu.pe\/noticias\/educacion-continua\/que-es-el-branding-y-como-potencia-la-marca-de-mi-negocio\/","og_site_name":"Noticias","article_publisher":"https:\/\/www.facebook.com\/fcctp","article_published_time":"2023-09-13T20:33:01+00:00","og_image":[{"width":1501,"height":939,"url":"https:\/\/fcctp.usmp.edu.pe\/noticias\/wp-content\/uploads\/2023\/09\/12-09_Noticia_Mesa-de-trabajo-1-copia-8.jpg","type":"image\/jpeg"}],"author":"Omar Huaman","twitter_card":"summary_large_image","twitter_creator":"@fcctp_usmp","twitter_site":"@fcctp_usmp","twitter_misc":{"Written by":"Omar Huaman","Est. reading time":"2 minutos"},"schema":{"@context":"https:\/\/schema.org","@graph":[{"@type":"Article","@id":"https:\/\/fcctp.usmp.edu.pe\/noticias\/educacion-continua\/que-es-el-branding-y-como-potencia-la-marca-de-mi-negocio\/#article","isPartOf":{"@id":"https:\/\/fcctp.usmp.edu.pe\/noticias\/educacion-continua\/que-es-el-branding-y-como-potencia-la-marca-de-mi-negocio\/"},"author":{"name":"Omar Huaman","@id":"https:\/\/fcctp.usmp.edu.pe\/noticias\/#\/schema\/person\/4fdff53bd44bf6f645fe381e079e1252"},"headline":"\u00bfQu\u00e9 es el branding y c\u00f3mo potencia la marca de mi negocio?","datePublished":"2023-09-13T20:33:01+00:00","mainEntityOfPage":{"@id":"https:\/\/fcctp.usmp.edu.pe\/noticias\/educacion-continua\/que-es-el-branding-y-como-potencia-la-marca-de-mi-negocio\/"},"wordCount":478,"publisher":{"@id":"https:\/\/fcctp.usmp.edu.pe\/noticias\/#organization"},"image":{"@id":"https:\/\/fcctp.usmp.edu.pe\/noticias\/educacion-continua\/que-es-el-branding-y-como-potencia-la-marca-de-mi-negocio\/#primaryimage"},"thumbnailUrl":"https:\/\/fcctp.usmp.edu.pe\/noticias\/wp-content\/uploads\/2023\/09\/12-09_Noticia_Mesa-de-trabajo-1-copia-8.jpg","keywords":["Branding Estrat\u00e9gico","Educaci\u00f3n Continua","Home FCCTP","Lo mas destacado"],"articleSection":["Educaci\u00f3n Continua"],"inLanguage":"es-PE"},{"@type":"WebPage","@id":"https:\/\/fcctp.usmp.edu.pe\/noticias\/educacion-continua\/que-es-el-branding-y-como-potencia-la-marca-de-mi-negocio\/","url":"https:\/\/fcctp.usmp.edu.pe\/noticias\/educacion-continua\/que-es-el-branding-y-como-potencia-la-marca-de-mi-negocio\/","name":"\u00bfQu\u00e9 es el branding y c\u00f3mo potencia la marca de mi negocio? - Noticias","isPartOf":{"@id":"https:\/\/fcctp.usmp.edu.pe\/noticias\/#website"},"primaryImageOfPage":{"@id":"https:\/\/fcctp.usmp.edu.pe\/noticias\/educacion-continua\/que-es-el-branding-y-como-potencia-la-marca-de-mi-negocio\/#primaryimage"},"image":{"@id":"https:\/\/fcctp.usmp.edu.pe\/noticias\/educacion-continua\/que-es-el-branding-y-como-potencia-la-marca-de-mi-negocio\/#primaryimage"},"thumbnailUrl":"https:\/\/fcctp.usmp.edu.pe\/noticias\/wp-content\/uploads\/2023\/09\/12-09_Noticia_Mesa-de-trabajo-1-copia-8.jpg","datePublished":"2023-09-13T20:33:01+00:00","breadcrumb":{"@id":"https:\/\/fcctp.usmp.edu.pe\/noticias\/educacion-continua\/que-es-el-branding-y-como-potencia-la-marca-de-mi-negocio\/#breadcrumb"},"inLanguage":"es-PE","potentialAction":[{"@type":"ReadAction","target":["https:\/\/fcctp.usmp.edu.pe\/noticias\/educacion-continua\/que-es-el-branding-y-como-potencia-la-marca-de-mi-negocio\/"]}]},{"@type":"ImageObject","inLanguage":"es-PE","@id":"https:\/\/fcctp.usmp.edu.pe\/noticias\/educacion-continua\/que-es-el-branding-y-como-potencia-la-marca-de-mi-negocio\/#primaryimage","url":"https:\/\/fcctp.usmp.edu.pe\/noticias\/wp-content\/uploads\/2023\/09\/12-09_Noticia_Mesa-de-trabajo-1-copia-8.jpg","contentUrl":"https:\/\/fcctp.usmp.edu.pe\/noticias\/wp-content\/uploads\/2023\/09\/12-09_Noticia_Mesa-de-trabajo-1-copia-8.jpg","width":1501,"height":939,"caption":"\u00bfQu\u00e9 es el branding y c\u00f3mo potencia la marca de mi negocio?"},{"@type":"BreadcrumbList","@id":"https:\/\/fcctp.usmp.edu.pe\/noticias\/educacion-continua\/que-es-el-branding-y-como-potencia-la-marca-de-mi-negocio\/#breadcrumb","itemListElement":[{"@type":"ListItem","position":1,"name":"Portada","item":"https:\/\/fcctp.usmp.edu.pe\/noticias\/"},{"@type":"ListItem","position":2,"name":"\u00bfQu\u00e9 es el branding y c\u00f3mo potencia la marca de mi negocio?"}]},{"@type":"WebSite","@id":"https:\/\/fcctp.usmp.edu.pe\/noticias\/#website","url":"https:\/\/fcctp.usmp.edu.pe\/noticias\/","name":"Noticias FCCTP","description":"Facultad de Ciencias de la Comunicaci\u00f3n, Turismo y Psicolog\u00eda","publisher":{"@id":"https:\/\/fcctp.usmp.edu.pe\/noticias\/#organization"},"potentialAction":[{"@type":"SearchAction","target":{"@type":"EntryPoint","urlTemplate":"https:\/\/fcctp.usmp.edu.pe\/noticias\/?s={search_term_string}"},"query-input":{"@type":"PropertyValueSpecification","valueRequired":true,"valueName":"search_term_string"}}],"inLanguage":"es-PE"},{"@type":"Organization","@id":"https:\/\/fcctp.usmp.edu.pe\/noticias\/#organization","name":"Facultad de Ciencias de la Comunicaci\u00f3n, Turismo y Psicolog\u00eda","url":"https:\/\/fcctp.usmp.edu.pe\/noticias\/","logo":{"@type":"ImageObject","inLanguage":"es-PE","@id":"https:\/\/fcctp.usmp.edu.pe\/noticias\/#\/schema\/logo\/image\/","url":"https:\/\/fcctp.usmp.edu.pe\/noticias\/wp-content\/uploads\/2022\/03\/logoFCCTP_60.svg","contentUrl":"https:\/\/fcctp.usmp.edu.pe\/noticias\/wp-content\/uploads\/2022\/03\/logoFCCTP_60.svg","width":347,"height":66,"caption":"Facultad de Ciencias de la Comunicaci\u00f3n, Turismo y Psicolog\u00eda"},"image":{"@id":"https:\/\/fcctp.usmp.edu.pe\/noticias\/#\/schema\/logo\/image\/"},"sameAs":["https:\/\/www.facebook.com\/fcctp","https:\/\/x.com\/fcctp_usmp","https:\/\/www.instagram.com\/fcctp_usmp\/"]},{"@type":"Person","@id":"https:\/\/fcctp.usmp.edu.pe\/noticias\/#\/schema\/person\/4fdff53bd44bf6f645fe381e079e1252","name":"Omar Huaman","image":{"@type":"ImageObject","inLanguage":"es-PE","@id":"https:\/\/secure.gravatar.com\/avatar\/1ec290616e6e3dc043e286f62b87c0f992c4889ead141b3e3dfc70d018a983e0?s=96&d=mm&r=g","url":"https:\/\/secure.gravatar.com\/avatar\/1ec290616e6e3dc043e286f62b87c0f992c4889ead141b3e3dfc70d018a983e0?s=96&d=mm&r=g","contentUrl":"https:\/\/secure.gravatar.com\/avatar\/1ec290616e6e3dc043e286f62b87c0f992c4889ead141b3e3dfc70d018a983e0?s=96&d=mm&r=g","caption":"Omar Huaman"},"url":"https:\/\/fcctp.usmp.edu.pe\/noticias\/author\/notieditor\/"}]}},"_links":{"self":[{"href":"https:\/\/fcctp.usmp.edu.pe\/noticias\/wp-json\/wp\/v2\/posts\/9466","targetHints":{"allow":["GET"]}}],"collection":[{"href":"https:\/\/fcctp.usmp.edu.pe\/noticias\/wp-json\/wp\/v2\/posts"}],"about":[{"href":"https:\/\/fcctp.usmp.edu.pe\/noticias\/wp-json\/wp\/v2\/types\/post"}],"author":[{"embeddable":true,"href":"https:\/\/fcctp.usmp.edu.pe\/noticias\/wp-json\/wp\/v2\/users\/2"}],"replies":[{"embeddable":true,"href":"https:\/\/fcctp.usmp.edu.pe\/noticias\/wp-json\/wp\/v2\/comments?post=9466"}],"version-history":[{"count":2,"href":"https:\/\/fcctp.usmp.edu.pe\/noticias\/wp-json\/wp\/v2\/posts\/9466\/revisions"}],"predecessor-version":[{"id":9469,"href":"https:\/\/fcctp.usmp.edu.pe\/noticias\/wp-json\/wp\/v2\/posts\/9466\/revisions\/9469"}],"wp:featuredmedia":[{"embeddable":true,"href":"https:\/\/fcctp.usmp.edu.pe\/noticias\/wp-json\/wp\/v2\/media\/9467"}],"wp:attachment":[{"href":"https:\/\/fcctp.usmp.edu.pe\/noticias\/wp-json\/wp\/v2\/media?parent=9466"}],"wp:term":[{"taxonomy":"category","embeddable":true,"href":"https:\/\/fcctp.usmp.edu.pe\/noticias\/wp-json\/wp\/v2\/categories?post=9466"},{"taxonomy":"post_tag","embeddable":true,"href":"https:\/\/fcctp.usmp.edu.pe\/noticias\/wp-json\/wp\/v2\/tags?post=9466"}],"curies":[{"name":"wp","href":"https:\/\/api.w.org\/{rel}","templated":true}]}}