{"id":9458,"date":"2023-09-11T15:35:01","date_gmt":"2023-09-11T15:35:01","guid":{"rendered":"https:\/\/fcctp.usmp.edu.pe\/noticias\/?p=9458"},"modified":"2023-09-11T15:35:01","modified_gmt":"2023-09-11T15:35:01","slug":"dia-mundial-del-arbol-2023-voluntarios-de-la-fcctp-se-sumaron-a-la-plantacion-comunitaria-de-arboles","status":"publish","type":"post","link":"https:\/\/fcctp.usmp.edu.pe\/noticias\/sostenibilidad\/dia-mundial-del-arbol-2023-voluntarios-de-la-fcctp-se-sumaron-a-la-plantacion-comunitaria-de-arboles\/","title":{"rendered":"D\u00eda Mundial del \u00c1rbol 2023: Voluntarios de la FCCTP se sumaron a la plantaci\u00f3n comunitaria de \u00e1rboles"},"content":{"rendered":"<p><em>En esta fecha especial, la FCCTP se hizo presente por medio de sus voluntarios que llegaron al parque Itzhak Rabin, en Miraflores, para sumarse a la lucha contra el cambio clim\u00e1tico.<\/em><\/p>\n<p>Cada 1 de setiembre se conmemora el <strong>D\u00eda Mundial del \u00c1rbol<\/strong>, fecha en la cual se reflexiona acerca de la importancia de estos elementos de la naturaleza que brindan ox\u00edgeno a nuestro planeta y regulan la calidad de aire que respiramos.<\/p>\n<p>Por ello, en un contexto en el cual el cambio clim\u00e1tico representa una verdadera amenaza para la continuidad de la vida, la <strong>Facultad de Ciencias de la Comunicaci\u00f3n, Turismo y Psicolog\u00eda (FCCTP)<\/strong>, liderada por la<strong> decana Amybel S\u00e1nchez de Walther<\/strong> y su compromiso con la sostenibilidad, particip\u00f3 en una plantaci\u00f3n comunitaria de \u00e1rboles para enverdecer nuestra ciudad.<\/p>\n<p>En representaci\u00f3n de nuestra casa de estudios, se present\u00f3 la <strong>Mag. Claudia \u00c1vila<\/strong>, directora acad\u00e9mica de la <strong>Escuela Profesi\u00f3n de Turismo y Hoteler\u00eda<\/strong> junto con los voluntarios de la <strong>Oficina de Sostenibilidad.<\/strong><\/p>\n<p>La actividad estuvo organizada por la Subgerencia de Desarrollo Ambiental de la <strong>Municipalidad de Miraflores<\/strong> y se realiz\u00f3 en el <strong>parque Itzhak Rabin<\/strong> ubicada en su jurisdicci\u00f3n.<\/p>\n<p><center><iframe loading=\"lazy\" style=\"border: none; overflow: hidden;\" src=\"https:\/\/www.facebook.com\/plugins\/post.php?href=https%3A%2F%2Fwww.facebook.com%2FAmbienteMiraflores%2Fposts%2Fpfbid09NSRFuPX8mAuRsbHVxdeSz1iaNJ9iTMHWyrf77mZ6gyVyx3Y5Qp9wYJjbhGgM7Zbl&amp;show_text=true&amp;width=500\" width=\"500\" height=\"773\" frameborder=\"0\" scrolling=\"no\" allowfullscreen=\"allowfullscreen\"><\/iframe><\/center><center><\/center>&nbsp;<\/p>\n<p>Antes de proceder con la plantaci\u00f3n de \u00e1rboles, el personal especializado de este municipio brind\u00f3 a todos los participantes una charla de sensibilizaci\u00f3n sobre los servicios ecosist\u00e9micos que se les brinda a los vecinos. Adem\u00e1s, se les instruy\u00f3 sobre c\u00f3mo plantar un \u00e1rbol correctamente.<\/p>\n<p>La jornada se complement\u00f3 con la presencia del <strong>alcalde de Miraflores, Carlos Canales Anchorena,<\/strong> quien agradeci\u00f3 la presencia de cada participante en esta actividad que busca generar el aumento de la biodiversidad urbana y aportar al cumplimiento de los <strong>Objetivos de Desarrollo Sostenible (ODS)<\/strong> de la\u00a0<strong>Agenda 2030<\/strong>\u00a0de las\u00a0<strong>Naciones Unidas<\/strong>.<\/p>\n<p>Agradecemos a la <strong>Municipalidad de Miraflores<\/strong> y a la <strong>Dra. Amybel S\u00e1nchez de Walther<\/strong> por fomentar estos espacios cada vez m\u00e1s necesarios para reducir el impacto del calentamiento global en nuestra ciudad y pa\u00eds en general.<\/p>\n<p><strong>\u00a1T\u00fa tambi\u00e9n puedes ayudar!<\/strong><\/p>\n<p>Recuerda que, si t\u00fa tambi\u00e9n quieres formar parte de nuestro cuerpo de voluntarios y participar de estas convocatorias, puedes inscribirte en nuestra web.<\/p>\n<p>Ingresa a <strong>\u201cQuiero ser voluntario\u201d<\/strong> (<a href=\"https:\/\/fcctp.usmp.edu.pe\/sostenibilidad\/quiero-ser-voluntario\/\">https:\/\/fcctp.usmp.edu.pe\/sostenibilidad\/quiero-ser-voluntario\/<\/a>), completa el formulario y nuestro equipo de la Oficina de Sostenibilidad te contactar\u00e1.<\/p>\n<p>Juntos podemos hacer de este mundo, uno mejor para nosotros y las futuras generaciones.<\/p>\n","protected":false},"excerpt":{"rendered":"<p>En esta fecha especial, la FCCTP se hizo presente por medio de sus voluntarios que llegaron al parque Itzhak Rabin, en Miraflores, para sumarse a la lucha contra el cambio clim\u00e1tico. Cada 1 de setiembre se conmemora el D\u00eda Mundial del \u00c1rbol, fecha en la cual se reflexiona acerca de la importancia de estos elementos &#8230; <a title=\"D\u00eda Mundial del \u00c1rbol 2023: Voluntarios de la FCCTP se sumaron a la plantaci\u00f3n comunitaria de \u00e1rboles\" class=\"read-more\" href=\"https:\/\/fcctp.usmp.edu.pe\/noticias\/sostenibilidad\/dia-mundial-del-arbol-2023-voluntarios-de-la-fcctp-se-sumaron-a-la-plantacion-comunitaria-de-arboles\/\" aria-label=\"More on D\u00eda Mundial del \u00c1rbol 2023: Voluntarios de la FCCTP se sumaron a la plantaci\u00f3n comunitaria de \u00e1rboles\">Read more<\/a><\/p>\n","protected":false},"author":2,"featured_media":9462,"comment_status":"closed","ping_status":"closed","sticky":false,"template":"","format":"standard","meta":{"footnotes":""},"categories":[33],"tags":[127,47,46,128,74],"class_list":["post-9458","post","type-post","status-publish","format-standard","has-post-thumbnail","hentry","category-sostenibilidad","tag-dia-del-arbol","tag-home-fcctp","tag-lo-mas-destacado","tag-municipalidad-de-miraflores","tag-oficina-de-sostenibilidad"],"yoast_head":"<!-- This site is optimized with the Yoast SEO plugin v28.3 - https:\/\/yoast.com\/product\/yoast-seo-wordpress\/ -->\n<title>D\u00eda Mundial del \u00c1rbol 2023: Voluntarios de la FCCTP se sumaron a la plantaci\u00f3n comunitaria de \u00e1rboles - Noticias<\/title>\n<meta name=\"robots\" content=\"index, follow, max-snippet:-1, max-image-preview:large, max-video-preview:-1\" \/>\n<link rel=\"canonical\" href=\"https:\/\/fcctp.usmp.edu.pe\/noticias\/sostenibilidad\/dia-mundial-del-arbol-2023-voluntarios-de-la-fcctp-se-sumaron-a-la-plantacion-comunitaria-de-arboles\/\" \/>\n<meta property=\"og:locale\" content=\"es_ES\" \/>\n<meta property=\"og:type\" content=\"article\" \/>\n<meta property=\"og:title\" content=\"D\u00eda Mundial del \u00c1rbol 2023: Voluntarios de la FCCTP se sumaron a la plantaci\u00f3n comunitaria de \u00e1rboles - Noticias\" \/>\n<meta property=\"og:description\" content=\"En esta fecha especial, la FCCTP se hizo presente por medio de sus voluntarios que llegaron al parque Itzhak Rabin, en Miraflores, para sumarse a la lucha contra el cambio clim\u00e1tico. Cada 1 de setiembre se conmemora el D\u00eda Mundial del \u00c1rbol, fecha en la cual se reflexiona acerca de la importancia de estos elementos ... Read more\" \/>\n<meta property=\"og:url\" content=\"https:\/\/fcctp.usmp.edu.pe\/noticias\/sostenibilidad\/dia-mundial-del-arbol-2023-voluntarios-de-la-fcctp-se-sumaron-a-la-plantacion-comunitaria-de-arboles\/\" \/>\n<meta property=\"og:site_name\" content=\"Noticias\" \/>\n<meta property=\"article:publisher\" content=\"https:\/\/www.facebook.com\/fcctp\" \/>\n<meta property=\"article:published_time\" content=\"2023-09-11T15:35:01+00:00\" \/>\n<meta property=\"og:image\" content=\"https:\/\/fcctp.usmp.edu.pe\/noticias\/wp-content\/uploads\/2023\/09\/Captura-de-pantalla-2023-09-11-103618.jpg\" \/>\n\t<meta property=\"og:image:width\" content=\"1136\" \/>\n\t<meta property=\"og:image:height\" content=\"777\" \/>\n\t<meta property=\"og:image:type\" content=\"image\/jpeg\" \/>\n<meta name=\"author\" content=\"Omar Huaman\" \/>\n<meta name=\"twitter:card\" content=\"summary_large_image\" \/>\n<meta name=\"twitter:creator\" content=\"@fcctp_usmp\" \/>\n<meta name=\"twitter:site\" content=\"@fcctp_usmp\" \/>\n<meta name=\"twitter:label1\" content=\"Written by\" \/>\n\t<meta name=\"twitter:data1\" content=\"Omar Huaman\" \/>\n\t<meta name=\"twitter:label2\" content=\"Est. reading time\" \/>\n\t<meta name=\"twitter:data2\" content=\"2 minutos\" \/>\n<script type=\"application\/ld+json\" class=\"yoast-schema-graph\">{\"@context\":\"https:\\\/\\\/schema.org\",\"@graph\":[{\"@type\":\"Article\",\"@id\":\"https:\\\/\\\/fcctp.usmp.edu.pe\\\/noticias\\\/sostenibilidad\\\/dia-mundial-del-arbol-2023-voluntarios-de-la-fcctp-se-sumaron-a-la-plantacion-comunitaria-de-arboles\\\/#article\",\"isPartOf\":{\"@id\":\"https:\\\/\\\/fcctp.usmp.edu.pe\\\/noticias\\\/sostenibilidad\\\/dia-mundial-del-arbol-2023-voluntarios-de-la-fcctp-se-sumaron-a-la-plantacion-comunitaria-de-arboles\\\/\"},\"author\":{\"name\":\"Omar Huaman\",\"@id\":\"https:\\\/\\\/fcctp.usmp.edu.pe\\\/noticias\\\/#\\\/schema\\\/person\\\/4fdff53bd44bf6f645fe381e079e1252\"},\"headline\":\"D\u00eda Mundial del \u00c1rbol 2023: Voluntarios de la FCCTP se sumaron a la plantaci\u00f3n comunitaria de \u00e1rboles\",\"datePublished\":\"2023-09-11T15:35:01+00:00\",\"mainEntityOfPage\":{\"@id\":\"https:\\\/\\\/fcctp.usmp.edu.pe\\\/noticias\\\/sostenibilidad\\\/dia-mundial-del-arbol-2023-voluntarios-de-la-fcctp-se-sumaron-a-la-plantacion-comunitaria-de-arboles\\\/\"},\"wordCount\":426,\"publisher\":{\"@id\":\"https:\\\/\\\/fcctp.usmp.edu.pe\\\/noticias\\\/#organization\"},\"image\":{\"@id\":\"https:\\\/\\\/fcctp.usmp.edu.pe\\\/noticias\\\/sostenibilidad\\\/dia-mundial-del-arbol-2023-voluntarios-de-la-fcctp-se-sumaron-a-la-plantacion-comunitaria-de-arboles\\\/#primaryimage\"},\"thumbnailUrl\":\"https:\\\/\\\/fcctp.usmp.edu.pe\\\/noticias\\\/wp-content\\\/uploads\\\/2023\\\/09\\\/Captura-de-pantalla-2023-09-11-103618.jpg\",\"keywords\":[\"D\u00eda del \u00c1rbol\",\"Home FCCTP\",\"Lo mas destacado\",\"Municipalidad de Miraflores\",\"Oficina de Sostenibilidad\"],\"articleSection\":[\"Sostenibilidad\"],\"inLanguage\":\"es-PE\"},{\"@type\":\"WebPage\",\"@id\":\"https:\\\/\\\/fcctp.usmp.edu.pe\\\/noticias\\\/sostenibilidad\\\/dia-mundial-del-arbol-2023-voluntarios-de-la-fcctp-se-sumaron-a-la-plantacion-comunitaria-de-arboles\\\/\",\"url\":\"https:\\\/\\\/fcctp.usmp.edu.pe\\\/noticias\\\/sostenibilidad\\\/dia-mundial-del-arbol-2023-voluntarios-de-la-fcctp-se-sumaron-a-la-plantacion-comunitaria-de-arboles\\\/\",\"name\":\"D\u00eda Mundial del \u00c1rbol 2023: Voluntarios de la FCCTP se sumaron a la plantaci\u00f3n comunitaria de \u00e1rboles - Noticias\",\"isPartOf\":{\"@id\":\"https:\\\/\\\/fcctp.usmp.edu.pe\\\/noticias\\\/#website\"},\"primaryImageOfPage\":{\"@id\":\"https:\\\/\\\/fcctp.usmp.edu.pe\\\/noticias\\\/sostenibilidad\\\/dia-mundial-del-arbol-2023-voluntarios-de-la-fcctp-se-sumaron-a-la-plantacion-comunitaria-de-arboles\\\/#primaryimage\"},\"image\":{\"@id\":\"https:\\\/\\\/fcctp.usmp.edu.pe\\\/noticias\\\/sostenibilidad\\\/dia-mundial-del-arbol-2023-voluntarios-de-la-fcctp-se-sumaron-a-la-plantacion-comunitaria-de-arboles\\\/#primaryimage\"},\"thumbnailUrl\":\"https:\\\/\\\/fcctp.usmp.edu.pe\\\/noticias\\\/wp-content\\\/uploads\\\/2023\\\/09\\\/Captura-de-pantalla-2023-09-11-103618.jpg\",\"datePublished\":\"2023-09-11T15:35:01+00:00\",\"breadcrumb\":{\"@id\":\"https:\\\/\\\/fcctp.usmp.edu.pe\\\/noticias\\\/sostenibilidad\\\/dia-mundial-del-arbol-2023-voluntarios-de-la-fcctp-se-sumaron-a-la-plantacion-comunitaria-de-arboles\\\/#breadcrumb\"},\"inLanguage\":\"es-PE\",\"potentialAction\":[{\"@type\":\"ReadAction\",\"target\":[\"https:\\\/\\\/fcctp.usmp.edu.pe\\\/noticias\\\/sostenibilidad\\\/dia-mundial-del-arbol-2023-voluntarios-de-la-fcctp-se-sumaron-a-la-plantacion-comunitaria-de-arboles\\\/\"]}]},{\"@type\":\"ImageObject\",\"inLanguage\":\"es-PE\",\"@id\":\"https:\\\/\\\/fcctp.usmp.edu.pe\\\/noticias\\\/sostenibilidad\\\/dia-mundial-del-arbol-2023-voluntarios-de-la-fcctp-se-sumaron-a-la-plantacion-comunitaria-de-arboles\\\/#primaryimage\",\"url\":\"https:\\\/\\\/fcctp.usmp.edu.pe\\\/noticias\\\/wp-content\\\/uploads\\\/2023\\\/09\\\/Captura-de-pantalla-2023-09-11-103618.jpg\",\"contentUrl\":\"https:\\\/\\\/fcctp.usmp.edu.pe\\\/noticias\\\/wp-content\\\/uploads\\\/2023\\\/09\\\/Captura-de-pantalla-2023-09-11-103618.jpg\",\"width\":1136,\"height\":777,\"caption\":\"D\u00eda Mundial del \u00c1rbol 2023\"},{\"@type\":\"BreadcrumbList\",\"@id\":\"https:\\\/\\\/fcctp.usmp.edu.pe\\\/noticias\\\/sostenibilidad\\\/dia-mundial-del-arbol-2023-voluntarios-de-la-fcctp-se-sumaron-a-la-plantacion-comunitaria-de-arboles\\\/#breadcrumb\",\"itemListElement\":[{\"@type\":\"ListItem\",\"position\":1,\"name\":\"Portada\",\"item\":\"https:\\\/\\\/fcctp.usmp.edu.pe\\\/noticias\\\/\"},{\"@type\":\"ListItem\",\"position\":2,\"name\":\"D\u00eda Mundial del \u00c1rbol 2023: Voluntarios de la FCCTP se sumaron a la plantaci\u00f3n comunitaria de \u00e1rboles\"}]},{\"@type\":\"WebSite\",\"@id\":\"https:\\\/\\\/fcctp.usmp.edu.pe\\\/noticias\\\/#website\",\"url\":\"https:\\\/\\\/fcctp.usmp.edu.pe\\\/noticias\\\/\",\"name\":\"Noticias FCCTP\",\"description\":\"Facultad de Ciencias de la Comunicaci\u00f3n, Turismo y Psicolog\u00eda\",\"publisher\":{\"@id\":\"https:\\\/\\\/fcctp.usmp.edu.pe\\\/noticias\\\/#organization\"},\"potentialAction\":[{\"@type\":\"SearchAction\",\"target\":{\"@type\":\"EntryPoint\",\"urlTemplate\":\"https:\\\/\\\/fcctp.usmp.edu.pe\\\/noticias\\\/?s={search_term_string}\"},\"query-input\":{\"@type\":\"PropertyValueSpecification\",\"valueRequired\":true,\"valueName\":\"search_term_string\"}}],\"inLanguage\":\"es-PE\"},{\"@type\":\"Organization\",\"@id\":\"https:\\\/\\\/fcctp.usmp.edu.pe\\\/noticias\\\/#organization\",\"name\":\"Facultad de Ciencias de la Comunicaci\u00f3n, Turismo y Psicolog\u00eda\",\"url\":\"https:\\\/\\\/fcctp.usmp.edu.pe\\\/noticias\\\/\",\"logo\":{\"@type\":\"ImageObject\",\"inLanguage\":\"es-PE\",\"@id\":\"https:\\\/\\\/fcctp.usmp.edu.pe\\\/noticias\\\/#\\\/schema\\\/logo\\\/image\\\/\",\"url\":\"https:\\\/\\\/fcctp.usmp.edu.pe\\\/noticias\\\/wp-content\\\/uploads\\\/2022\\\/03\\\/logoFCCTP_60.svg\",\"contentUrl\":\"https:\\\/\\\/fcctp.usmp.edu.pe\\\/noticias\\\/wp-content\\\/uploads\\\/2022\\\/03\\\/logoFCCTP_60.svg\",\"width\":347,\"height\":66,\"caption\":\"Facultad de Ciencias de la Comunicaci\u00f3n, Turismo y Psicolog\u00eda\"},\"image\":{\"@id\":\"https:\\\/\\\/fcctp.usmp.edu.pe\\\/noticias\\\/#\\\/schema\\\/logo\\\/image\\\/\"},\"sameAs\":[\"https:\\\/\\\/www.facebook.com\\\/fcctp\",\"https:\\\/\\\/x.com\\\/fcctp_usmp\",\"https:\\\/\\\/www.instagram.com\\\/fcctp_usmp\\\/\"]},{\"@type\":\"Person\",\"@id\":\"https:\\\/\\\/fcctp.usmp.edu.pe\\\/noticias\\\/#\\\/schema\\\/person\\\/4fdff53bd44bf6f645fe381e079e1252\",\"name\":\"Omar Huaman\",\"image\":{\"@type\":\"ImageObject\",\"inLanguage\":\"es-PE\",\"@id\":\"https:\\\/\\\/secure.gravatar.com\\\/avatar\\\/1ec290616e6e3dc043e286f62b87c0f992c4889ead141b3e3dfc70d018a983e0?s=96&d=mm&r=g\",\"url\":\"https:\\\/\\\/secure.gravatar.com\\\/avatar\\\/1ec290616e6e3dc043e286f62b87c0f992c4889ead141b3e3dfc70d018a983e0?s=96&d=mm&r=g\",\"contentUrl\":\"https:\\\/\\\/secure.gravatar.com\\\/avatar\\\/1ec290616e6e3dc043e286f62b87c0f992c4889ead141b3e3dfc70d018a983e0?s=96&d=mm&r=g\",\"caption\":\"Omar Huaman\"},\"url\":\"https:\\\/\\\/fcctp.usmp.edu.pe\\\/noticias\\\/author\\\/notieditor\\\/\"}]}<\/script>\n<!-- \/ Yoast SEO plugin. -->","yoast_head_json":{"title":"D\u00eda Mundial del \u00c1rbol 2023: Voluntarios de la FCCTP se sumaron a la plantaci\u00f3n comunitaria de \u00e1rboles - Noticias","robots":{"index":"index","follow":"follow","max-snippet":"max-snippet:-1","max-image-preview":"max-image-preview:large","max-video-preview":"max-video-preview:-1"},"canonical":"https:\/\/fcctp.usmp.edu.pe\/noticias\/sostenibilidad\/dia-mundial-del-arbol-2023-voluntarios-de-la-fcctp-se-sumaron-a-la-plantacion-comunitaria-de-arboles\/","og_locale":"es_ES","og_type":"article","og_title":"D\u00eda Mundial del \u00c1rbol 2023: Voluntarios de la FCCTP se sumaron a la plantaci\u00f3n comunitaria de \u00e1rboles - Noticias","og_description":"En esta fecha especial, la FCCTP se hizo presente por medio de sus voluntarios que llegaron al parque Itzhak Rabin, en Miraflores, para sumarse a la lucha contra el cambio clim\u00e1tico. Cada 1 de setiembre se conmemora el D\u00eda Mundial del \u00c1rbol, fecha en la cual se reflexiona acerca de la importancia de estos elementos ... Read more","og_url":"https:\/\/fcctp.usmp.edu.pe\/noticias\/sostenibilidad\/dia-mundial-del-arbol-2023-voluntarios-de-la-fcctp-se-sumaron-a-la-plantacion-comunitaria-de-arboles\/","og_site_name":"Noticias","article_publisher":"https:\/\/www.facebook.com\/fcctp","article_published_time":"2023-09-11T15:35:01+00:00","og_image":[{"width":1136,"height":777,"url":"https:\/\/fcctp.usmp.edu.pe\/noticias\/wp-content\/uploads\/2023\/09\/Captura-de-pantalla-2023-09-11-103618.jpg","type":"image\/jpeg"}],"author":"Omar Huaman","twitter_card":"summary_large_image","twitter_creator":"@fcctp_usmp","twitter_site":"@fcctp_usmp","twitter_misc":{"Written by":"Omar Huaman","Est. reading time":"2 minutos"},"schema":{"@context":"https:\/\/schema.org","@graph":[{"@type":"Article","@id":"https:\/\/fcctp.usmp.edu.pe\/noticias\/sostenibilidad\/dia-mundial-del-arbol-2023-voluntarios-de-la-fcctp-se-sumaron-a-la-plantacion-comunitaria-de-arboles\/#article","isPartOf":{"@id":"https:\/\/fcctp.usmp.edu.pe\/noticias\/sostenibilidad\/dia-mundial-del-arbol-2023-voluntarios-de-la-fcctp-se-sumaron-a-la-plantacion-comunitaria-de-arboles\/"},"author":{"name":"Omar Huaman","@id":"https:\/\/fcctp.usmp.edu.pe\/noticias\/#\/schema\/person\/4fdff53bd44bf6f645fe381e079e1252"},"headline":"D\u00eda Mundial del \u00c1rbol 2023: Voluntarios de la FCCTP se sumaron a la plantaci\u00f3n comunitaria de \u00e1rboles","datePublished":"2023-09-11T15:35:01+00:00","mainEntityOfPage":{"@id":"https:\/\/fcctp.usmp.edu.pe\/noticias\/sostenibilidad\/dia-mundial-del-arbol-2023-voluntarios-de-la-fcctp-se-sumaron-a-la-plantacion-comunitaria-de-arboles\/"},"wordCount":426,"publisher":{"@id":"https:\/\/fcctp.usmp.edu.pe\/noticias\/#organization"},"image":{"@id":"https:\/\/fcctp.usmp.edu.pe\/noticias\/sostenibilidad\/dia-mundial-del-arbol-2023-voluntarios-de-la-fcctp-se-sumaron-a-la-plantacion-comunitaria-de-arboles\/#primaryimage"},"thumbnailUrl":"https:\/\/fcctp.usmp.edu.pe\/noticias\/wp-content\/uploads\/2023\/09\/Captura-de-pantalla-2023-09-11-103618.jpg","keywords":["D\u00eda del \u00c1rbol","Home FCCTP","Lo mas destacado","Municipalidad de Miraflores","Oficina de Sostenibilidad"],"articleSection":["Sostenibilidad"],"inLanguage":"es-PE"},{"@type":"WebPage","@id":"https:\/\/fcctp.usmp.edu.pe\/noticias\/sostenibilidad\/dia-mundial-del-arbol-2023-voluntarios-de-la-fcctp-se-sumaron-a-la-plantacion-comunitaria-de-arboles\/","url":"https:\/\/fcctp.usmp.edu.pe\/noticias\/sostenibilidad\/dia-mundial-del-arbol-2023-voluntarios-de-la-fcctp-se-sumaron-a-la-plantacion-comunitaria-de-arboles\/","name":"D\u00eda Mundial del \u00c1rbol 2023: Voluntarios de la FCCTP se sumaron a la plantaci\u00f3n comunitaria de \u00e1rboles - Noticias","isPartOf":{"@id":"https:\/\/fcctp.usmp.edu.pe\/noticias\/#website"},"primaryImageOfPage":{"@id":"https:\/\/fcctp.usmp.edu.pe\/noticias\/sostenibilidad\/dia-mundial-del-arbol-2023-voluntarios-de-la-fcctp-se-sumaron-a-la-plantacion-comunitaria-de-arboles\/#primaryimage"},"image":{"@id":"https:\/\/fcctp.usmp.edu.pe\/noticias\/sostenibilidad\/dia-mundial-del-arbol-2023-voluntarios-de-la-fcctp-se-sumaron-a-la-plantacion-comunitaria-de-arboles\/#primaryimage"},"thumbnailUrl":"https:\/\/fcctp.usmp.edu.pe\/noticias\/wp-content\/uploads\/2023\/09\/Captura-de-pantalla-2023-09-11-103618.jpg","datePublished":"2023-09-11T15:35:01+00:00","breadcrumb":{"@id":"https:\/\/fcctp.usmp.edu.pe\/noticias\/sostenibilidad\/dia-mundial-del-arbol-2023-voluntarios-de-la-fcctp-se-sumaron-a-la-plantacion-comunitaria-de-arboles\/#breadcrumb"},"inLanguage":"es-PE","potentialAction":[{"@type":"ReadAction","target":["https:\/\/fcctp.usmp.edu.pe\/noticias\/sostenibilidad\/dia-mundial-del-arbol-2023-voluntarios-de-la-fcctp-se-sumaron-a-la-plantacion-comunitaria-de-arboles\/"]}]},{"@type":"ImageObject","inLanguage":"es-PE","@id":"https:\/\/fcctp.usmp.edu.pe\/noticias\/sostenibilidad\/dia-mundial-del-arbol-2023-voluntarios-de-la-fcctp-se-sumaron-a-la-plantacion-comunitaria-de-arboles\/#primaryimage","url":"https:\/\/fcctp.usmp.edu.pe\/noticias\/wp-content\/uploads\/2023\/09\/Captura-de-pantalla-2023-09-11-103618.jpg","contentUrl":"https:\/\/fcctp.usmp.edu.pe\/noticias\/wp-content\/uploads\/2023\/09\/Captura-de-pantalla-2023-09-11-103618.jpg","width":1136,"height":777,"caption":"D\u00eda Mundial del \u00c1rbol 2023"},{"@type":"BreadcrumbList","@id":"https:\/\/fcctp.usmp.edu.pe\/noticias\/sostenibilidad\/dia-mundial-del-arbol-2023-voluntarios-de-la-fcctp-se-sumaron-a-la-plantacion-comunitaria-de-arboles\/#breadcrumb","itemListElement":[{"@type":"ListItem","position":1,"name":"Portada","item":"https:\/\/fcctp.usmp.edu.pe\/noticias\/"},{"@type":"ListItem","position":2,"name":"D\u00eda Mundial del \u00c1rbol 2023: Voluntarios de la FCCTP se sumaron a la plantaci\u00f3n comunitaria de \u00e1rboles"}]},{"@type":"WebSite","@id":"https:\/\/fcctp.usmp.edu.pe\/noticias\/#website","url":"https:\/\/fcctp.usmp.edu.pe\/noticias\/","name":"Noticias FCCTP","description":"Facultad de Ciencias de la Comunicaci\u00f3n, Turismo y Psicolog\u00eda","publisher":{"@id":"https:\/\/fcctp.usmp.edu.pe\/noticias\/#organization"},"potentialAction":[{"@type":"SearchAction","target":{"@type":"EntryPoint","urlTemplate":"https:\/\/fcctp.usmp.edu.pe\/noticias\/?s={search_term_string}"},"query-input":{"@type":"PropertyValueSpecification","valueRequired":true,"valueName":"search_term_string"}}],"inLanguage":"es-PE"},{"@type":"Organization","@id":"https:\/\/fcctp.usmp.edu.pe\/noticias\/#organization","name":"Facultad de Ciencias de la Comunicaci\u00f3n, Turismo y Psicolog\u00eda","url":"https:\/\/fcctp.usmp.edu.pe\/noticias\/","logo":{"@type":"ImageObject","inLanguage":"es-PE","@id":"https:\/\/fcctp.usmp.edu.pe\/noticias\/#\/schema\/logo\/image\/","url":"https:\/\/fcctp.usmp.edu.pe\/noticias\/wp-content\/uploads\/2022\/03\/logoFCCTP_60.svg","contentUrl":"https:\/\/fcctp.usmp.edu.pe\/noticias\/wp-content\/uploads\/2022\/03\/logoFCCTP_60.svg","width":347,"height":66,"caption":"Facultad de Ciencias de la Comunicaci\u00f3n, Turismo y Psicolog\u00eda"},"image":{"@id":"https:\/\/fcctp.usmp.edu.pe\/noticias\/#\/schema\/logo\/image\/"},"sameAs":["https:\/\/www.facebook.com\/fcctp","https:\/\/x.com\/fcctp_usmp","https:\/\/www.instagram.com\/fcctp_usmp\/"]},{"@type":"Person","@id":"https:\/\/fcctp.usmp.edu.pe\/noticias\/#\/schema\/person\/4fdff53bd44bf6f645fe381e079e1252","name":"Omar Huaman","image":{"@type":"ImageObject","inLanguage":"es-PE","@id":"https:\/\/secure.gravatar.com\/avatar\/1ec290616e6e3dc043e286f62b87c0f992c4889ead141b3e3dfc70d018a983e0?s=96&d=mm&r=g","url":"https:\/\/secure.gravatar.com\/avatar\/1ec290616e6e3dc043e286f62b87c0f992c4889ead141b3e3dfc70d018a983e0?s=96&d=mm&r=g","contentUrl":"https:\/\/secure.gravatar.com\/avatar\/1ec290616e6e3dc043e286f62b87c0f992c4889ead141b3e3dfc70d018a983e0?s=96&d=mm&r=g","caption":"Omar Huaman"},"url":"https:\/\/fcctp.usmp.edu.pe\/noticias\/author\/notieditor\/"}]}},"_links":{"self":[{"href":"https:\/\/fcctp.usmp.edu.pe\/noticias\/wp-json\/wp\/v2\/posts\/9458","targetHints":{"allow":["GET"]}}],"collection":[{"href":"https:\/\/fcctp.usmp.edu.pe\/noticias\/wp-json\/wp\/v2\/posts"}],"about":[{"href":"https:\/\/fcctp.usmp.edu.pe\/noticias\/wp-json\/wp\/v2\/types\/post"}],"author":[{"embeddable":true,"href":"https:\/\/fcctp.usmp.edu.pe\/noticias\/wp-json\/wp\/v2\/users\/2"}],"replies":[{"embeddable":true,"href":"https:\/\/fcctp.usmp.edu.pe\/noticias\/wp-json\/wp\/v2\/comments?post=9458"}],"version-history":[{"count":2,"href":"https:\/\/fcctp.usmp.edu.pe\/noticias\/wp-json\/wp\/v2\/posts\/9458\/revisions"}],"predecessor-version":[{"id":9461,"href":"https:\/\/fcctp.usmp.edu.pe\/noticias\/wp-json\/wp\/v2\/posts\/9458\/revisions\/9461"}],"wp:featuredmedia":[{"embeddable":true,"href":"https:\/\/fcctp.usmp.edu.pe\/noticias\/wp-json\/wp\/v2\/media\/9462"}],"wp:attachment":[{"href":"https:\/\/fcctp.usmp.edu.pe\/noticias\/wp-json\/wp\/v2\/media?parent=9458"}],"wp:term":[{"taxonomy":"category","embeddable":true,"href":"https:\/\/fcctp.usmp.edu.pe\/noticias\/wp-json\/wp\/v2\/categories?post=9458"},{"taxonomy":"post_tag","embeddable":true,"href":"https:\/\/fcctp.usmp.edu.pe\/noticias\/wp-json\/wp\/v2\/tags?post=9458"}],"curies":[{"name":"wp","href":"https:\/\/api.w.org\/{rel}","templated":true}]}}