{"id":9449,"date":"2023-09-07T17:56:52","date_gmt":"2023-09-07T17:56:52","guid":{"rendered":"https:\/\/fcctp.usmp.edu.pe\/noticias\/?p=9449"},"modified":"2023-09-07T21:48:32","modified_gmt":"2023-09-07T21:48:32","slug":"que-puede-afectar-mi-imagen-personal-y-como-actuar-frente-a-ello","status":"publish","type":"post","link":"https:\/\/fcctp.usmp.edu.pe\/noticias\/educacion-continua\/que-puede-afectar-mi-imagen-personal-y-como-actuar-frente-a-ello\/","title":{"rendered":"\u00bfQu\u00e9 puede afectar mi imagen personal y c\u00f3mo actuar frente a ello?"},"content":{"rendered":"<p>La <strong>marca personal<\/strong> es un activo valioso en nuestra vida cotidiana y profesional. La forma en que nos perciben los dem\u00e1s puede influir significativamente en nuestras relaciones interpersonales, oportunidades laborales y \u00e9xito en general.<\/p>\n<p>Sin embargo, habr\u00e1 ocasiones en que nuestra <strong>marca personal<\/strong> y reputaci\u00f3n pueden estar en riesgo. Por lo tanto, debemos tener alg\u00fan plan de contingencia y saber c\u00f3mo actuar frente a estas situaciones que perjudican nuestro profesionalismo y empleabilidad.<\/p>\n<p>Para explorar este tema, conversamos con la profesora <strong>Claudia Arias M\u00e1rquez<\/strong>, mag\u00edster en Ciencias Empresariales, coach ontol\u00f3gica, facilitadora experiencial certificada y docente de educaci\u00f3n superior especializada en el desarrollo de habilidades blandas para j\u00f3venes adultos.<\/p>\n<p>La especialista dictar\u00e1 el curso <strong>Imagen y Marca Personal<\/strong> <strong>de<\/strong> <strong>Educaci\u00f3n Continua<\/strong> <strong>de la Facultad de Ciencias de la Comunicaci\u00f3n, Turismo y Psicolog\u00eda de la USMP<\/strong>, el cual empezar\u00e1 este <strong>18 de setiembre<\/strong> bajo la modalidad virtual.<\/p>\n<p>\u201cCuando se pierde la credibilidad en una persona, es muy dif\u00edcil confiar en ella. Por ello es que es bueno siempre hablar con la verdad y siendo francos con nuestros p\u00fablicos\u201d, explica la profesora.<\/p>\n<p>\u201cSi uno ya est\u00e1 inmerso en un caso donde nuestra credibilidad se vea afectada, lo mejor que se puede hacer es sincerarnos y hacer un an\u00e1lisis sobre qu\u00e9 aspectos se vieron perjudicados para empezar nuevamente a construir nuestra marca e imagen\u201d, a\u00f1ade.<\/p>\n<p>Adem\u00e1s, Arias resalta la importancia de \u201cconocerse a uno mismo para entender nuestras fortalezas, debilidades, valores y metas nos permite tomar decisiones m\u00e1s alineadas con nuestra identidad\u00bb.<\/p>\n<p>Cabe destacar que todas estas acciones deben estar alineadas al <strong>desarrollo de habilidades blandas, gesti\u00f3n de nuestro comportamiento en redes sociales<\/strong> y la manera en c\u00f3mo nos desenvolvemos tanto en el \u00e1mbito personal, como laboral.<\/p>\n<blockquote class=\"instagram-media\" style=\"background: #FFF; border: 0; border-radius: 3px; box-shadow: 0 0 1px 0 rgba(0,0,0,0.5),0 1px 10px 0 rgba(0,0,0,0.15); margin: 1px; max-width: 540px; min-width: 326px; padding: 0; width: calc(100% - 2px);\" data-instgrm-captioned=\"\" data-instgrm-permalink=\"https:\/\/www.instagram.com\/p\/CwEJDW5sKN_\/?utm_source=ig_embed&amp;utm_campaign=loading\" data-instgrm-version=\"14\">\n<div style=\"padding: 16px;\">\n<p>&nbsp;<\/p>\n<div style=\"display: flex; flex-direction: row; align-items: center;\">\n<div style=\"background-color: #f4f4f4; border-radius: 50%; flex-grow: 0; height: 40px; margin-right: 14px; width: 40px;\"><\/div>\n<div style=\"display: flex; flex-direction: column; flex-grow: 1; justify-content: center;\">\n<div style=\"background-color: #f4f4f4; border-radius: 4px; flex-grow: 0; height: 14px; margin-bottom: 6px; width: 100px;\"><\/div>\n<div style=\"background-color: #f4f4f4; border-radius: 4px; flex-grow: 0; height: 14px; width: 60px;\"><\/div>\n<\/div>\n<\/div>\n<div style=\"padding: 19% 0;\"><\/div>\n<div style=\"display: block; height: 50px; margin: 0 auto 12px; width: 50px;\"><\/div>\n<div style=\"padding-top: 8px;\">\n<div style=\"color: #3897f0; font-family: Arial,sans-serif; font-size: 14px; font-style: normal; font-weight: 550; line-height: 18px;\">Ver esta publicaci\u00f3n en Instagram<\/div>\n<\/div>\n<div style=\"padding: 12.5% 0;\"><\/div>\n<div style=\"display: flex; flex-direction: row; margin-bottom: 14px; align-items: center;\">\n<div>\n<div style=\"background-color: #f4f4f4; border-radius: 50%; height: 12.5px; width: 12.5px; transform: translateX(0px) translateY(7px);\"><\/div>\n<div style=\"background-color: #f4f4f4; height: 12.5px; transform: rotate(-45deg) translateX(3px) translateY(1px); width: 12.5px; flex-grow: 0; margin-right: 14px; margin-left: 2px;\"><\/div>\n<div style=\"background-color: #f4f4f4; border-radius: 50%; height: 12.5px; width: 12.5px; transform: translateX(9px) translateY(-18px);\"><\/div>\n<\/div>\n<div style=\"margin-left: 8px;\">\n<div style=\"background-color: #f4f4f4; border-radius: 50%; flex-grow: 0; height: 20px; width: 20px;\"><\/div>\n<div style=\"width: 0; height: 0; border-top: 2px solid transparent; border-left: 6px solid #f4f4f4; border-bottom: 2px solid transparent; transform: translateX(16px) translateY(-4px) rotate(30deg);\"><\/div>\n<\/div>\n<div style=\"margin-left: auto;\">\n<div style=\"width: 0px; border-top: 8px solid #F4F4F4; border-right: 8px solid transparent; transform: translateY(16px);\"><\/div>\n<div style=\"background-color: #f4f4f4; flex-grow: 0; height: 12px; width: 16px; transform: translateY(-4px);\"><\/div>\n<div style=\"width: 0; height: 0; border-top: 8px solid #F4F4F4; border-left: 8px solid transparent; transform: translateY(-4px) translateX(8px);\"><\/div>\n<\/div>\n<\/div>\n<div style=\"display: flex; flex-direction: column; flex-grow: 1; justify-content: center; margin-bottom: 24px;\">\n<div style=\"background-color: #f4f4f4; border-radius: 4px; flex-grow: 0; height: 14px; margin-bottom: 6px; width: 224px;\"><\/div>\n<div style=\"background-color: #f4f4f4; border-radius: 4px; flex-grow: 0; height: 14px; width: 144px;\"><\/div>\n<\/div>\n<p>&nbsp;<\/p>\n<p style=\"color: #c9c8cd; font-family: Arial,sans-serif; font-size: 14px; line-height: 17px; margin-bottom: 0; margin-top: 8px; overflow: hidden; padding: 8px 0 7px; text-align: center; text-overflow: ellipsis; white-space: nowrap;\"><a style=\"color: #c9c8cd; font-family: Arial,sans-serif; font-size: 14px; font-style: normal; font-weight: normal; line-height: 17px; text-decoration: none;\" href=\"https:\/\/www.instagram.com\/p\/CwEJDW5sKN_\/?utm_source=ig_embed&amp;utm_campaign=loading\" target=\"_blank\" rel=\"noopener\">Una publicaci\u00f3n compartida de Educaci\u00f3n Continua USMP (@educontinuausmp)<\/a><\/p>\n<\/div>\n<\/blockquote>\n<p><script async src=\"\/\/www.instagram.com\/embed.js\"><\/script><\/p>\n<p><span style=\"text-decoration: underline;\"><strong>\u00a1Inscr\u00edbete en el curso Imagen y Marca Personal!<\/strong><\/span><\/p>\n<p>El curso <strong>Imagen y Marca Personal<\/strong> tiene como objetivo proporcionar a los participantes las herramientas necesarias para gestionar eficazmente su imagen personal y profesional, as\u00ed como construir una marca personal s\u00f3lida y aut\u00e9ntica.<\/p>\n<p>Los alumnos ser\u00e1n capaces de desarrollar y gestionar su <strong>imagen y marca personal<\/strong> de manera efectiva, utilizando estrategias te\u00f3ricas y pr\u00e1cticas para alcanzar sus objetivos profesionales y mejorar su posicionamiento en el entorno laboral.<\/p>\n<p>\u00a1Empezamos el <strong>18 de setiembre<\/strong>! Las clases ser\u00e1n los<strong> lunes y mi\u00e9rcoles de 7 p.m. a 10 p.m.<\/strong><\/p>\n<p>Para m\u00e1s informaci\u00f3n sobre este curso, ingresa aqu\u00ed: <a href=\"https:\/\/educacioncontinua.edu.pe\/imagen-y-marca-personal-setiembre\/\">https:\/\/educacioncontinua.edu.pe\/imagen-y-marca-personal-setiembre\/<\/a><\/p>\n","protected":false},"excerpt":{"rendered":"<p>La marca personal es un activo valioso en nuestra vida cotidiana y profesional. La forma en que nos perciben los dem\u00e1s puede influir significativamente en nuestras relaciones interpersonales, oportunidades laborales y \u00e9xito en general. Sin embargo, habr\u00e1 ocasiones en que nuestra marca personal y reputaci\u00f3n pueden estar en riesgo. Por lo tanto, debemos tener alg\u00fan &#8230; <a title=\"\u00bfQu\u00e9 puede afectar mi imagen personal y c\u00f3mo actuar frente a ello?\" class=\"read-more\" href=\"https:\/\/fcctp.usmp.edu.pe\/noticias\/educacion-continua\/que-puede-afectar-mi-imagen-personal-y-como-actuar-frente-a-ello\/\" aria-label=\"More on \u00bfQu\u00e9 puede afectar mi imagen personal y c\u00f3mo actuar frente a ello?\">Read more<\/a><\/p>\n","protected":false},"author":2,"featured_media":9456,"comment_status":"closed","ping_status":"closed","sticky":false,"template":"","format":"standard","meta":{"footnotes":""},"categories":[27],"tags":[60,47,126,46],"class_list":["post-9449","post","type-post","status-publish","format-standard","has-post-thumbnail","hentry","category-educacion-continua","tag-educacion-continua","tag-home-fcctp","tag-imagen-y-marca-personal","tag-lo-mas-destacado"],"yoast_head":"<!-- This site is optimized with the Yoast SEO plugin v28.3 - https:\/\/yoast.com\/product\/yoast-seo-wordpress\/ -->\n<title>\u00bfQu\u00e9 puede afectar mi imagen personal y c\u00f3mo actuar frente a ello? - Noticias<\/title>\n<meta name=\"robots\" content=\"index, follow, max-snippet:-1, max-image-preview:large, max-video-preview:-1\" \/>\n<link rel=\"canonical\" href=\"https:\/\/fcctp.usmp.edu.pe\/noticias\/educacion-continua\/que-puede-afectar-mi-imagen-personal-y-como-actuar-frente-a-ello\/\" \/>\n<meta property=\"og:locale\" content=\"es_ES\" \/>\n<meta property=\"og:type\" content=\"article\" \/>\n<meta property=\"og:title\" content=\"\u00bfQu\u00e9 puede afectar mi imagen personal y c\u00f3mo actuar frente a ello? - Noticias\" \/>\n<meta property=\"og:description\" content=\"La marca personal es un activo valioso en nuestra vida cotidiana y profesional. La forma en que nos perciben los dem\u00e1s puede influir significativamente en nuestras relaciones interpersonales, oportunidades laborales y \u00e9xito en general. Sin embargo, habr\u00e1 ocasiones en que nuestra marca personal y reputaci\u00f3n pueden estar en riesgo. Por lo tanto, debemos tener alg\u00fan ... Read more\" \/>\n<meta property=\"og:url\" content=\"https:\/\/fcctp.usmp.edu.pe\/noticias\/educacion-continua\/que-puede-afectar-mi-imagen-personal-y-como-actuar-frente-a-ello\/\" \/>\n<meta property=\"og:site_name\" content=\"Noticias\" \/>\n<meta property=\"article:publisher\" content=\"https:\/\/www.facebook.com\/fcctp\" \/>\n<meta property=\"article:published_time\" content=\"2023-09-07T17:56:52+00:00\" \/>\n<meta property=\"article:modified_time\" content=\"2023-09-07T21:48:32+00:00\" \/>\n<meta property=\"og:image\" content=\"https:\/\/fcctp.usmp.edu.pe\/noticias\/wp-content\/uploads\/2023\/09\/06-09_Noticia_Mesa-de-trabajo-1-copia-5-1.jpg\" \/>\n\t<meta property=\"og:image:width\" content=\"1501\" \/>\n\t<meta property=\"og:image:height\" content=\"938\" \/>\n\t<meta property=\"og:image:type\" content=\"image\/jpeg\" \/>\n<meta name=\"author\" content=\"Omar Huaman\" \/>\n<meta name=\"twitter:card\" content=\"summary_large_image\" \/>\n<meta name=\"twitter:creator\" content=\"@fcctp_usmp\" \/>\n<meta name=\"twitter:site\" content=\"@fcctp_usmp\" \/>\n<meta name=\"twitter:label1\" content=\"Written by\" \/>\n\t<meta name=\"twitter:data1\" content=\"Omar Huaman\" \/>\n\t<meta name=\"twitter:label2\" content=\"Est. reading time\" \/>\n\t<meta name=\"twitter:data2\" content=\"2 minutos\" \/>\n<script type=\"application\/ld+json\" class=\"yoast-schema-graph\">{\"@context\":\"https:\\\/\\\/schema.org\",\"@graph\":[{\"@type\":\"Article\",\"@id\":\"https:\\\/\\\/fcctp.usmp.edu.pe\\\/noticias\\\/educacion-continua\\\/que-puede-afectar-mi-imagen-personal-y-como-actuar-frente-a-ello\\\/#article\",\"isPartOf\":{\"@id\":\"https:\\\/\\\/fcctp.usmp.edu.pe\\\/noticias\\\/educacion-continua\\\/que-puede-afectar-mi-imagen-personal-y-como-actuar-frente-a-ello\\\/\"},\"author\":{\"name\":\"Omar Huaman\",\"@id\":\"https:\\\/\\\/fcctp.usmp.edu.pe\\\/noticias\\\/#\\\/schema\\\/person\\\/4fdff53bd44bf6f645fe381e079e1252\"},\"headline\":\"\u00bfQu\u00e9 puede afectar mi imagen personal y c\u00f3mo actuar frente a ello?\",\"datePublished\":\"2023-09-07T17:56:52+00:00\",\"dateModified\":\"2023-09-07T21:48:32+00:00\",\"mainEntityOfPage\":{\"@id\":\"https:\\\/\\\/fcctp.usmp.edu.pe\\\/noticias\\\/educacion-continua\\\/que-puede-afectar-mi-imagen-personal-y-como-actuar-frente-a-ello\\\/\"},\"wordCount\":447,\"publisher\":{\"@id\":\"https:\\\/\\\/fcctp.usmp.edu.pe\\\/noticias\\\/#organization\"},\"image\":{\"@id\":\"https:\\\/\\\/fcctp.usmp.edu.pe\\\/noticias\\\/educacion-continua\\\/que-puede-afectar-mi-imagen-personal-y-como-actuar-frente-a-ello\\\/#primaryimage\"},\"thumbnailUrl\":\"https:\\\/\\\/fcctp.usmp.edu.pe\\\/noticias\\\/wp-content\\\/uploads\\\/2023\\\/09\\\/06-09_Noticia_Mesa-de-trabajo-1-copia-5-1.jpg\",\"keywords\":[\"Educaci\u00f3n Continua\",\"Home FCCTP\",\"Imagen y marca personal\",\"Lo mas destacado\"],\"articleSection\":[\"Educaci\u00f3n Continua\"],\"inLanguage\":\"es-PE\"},{\"@type\":\"WebPage\",\"@id\":\"https:\\\/\\\/fcctp.usmp.edu.pe\\\/noticias\\\/educacion-continua\\\/que-puede-afectar-mi-imagen-personal-y-como-actuar-frente-a-ello\\\/\",\"url\":\"https:\\\/\\\/fcctp.usmp.edu.pe\\\/noticias\\\/educacion-continua\\\/que-puede-afectar-mi-imagen-personal-y-como-actuar-frente-a-ello\\\/\",\"name\":\"\u00bfQu\u00e9 puede afectar mi imagen personal y c\u00f3mo actuar frente a ello? - Noticias\",\"isPartOf\":{\"@id\":\"https:\\\/\\\/fcctp.usmp.edu.pe\\\/noticias\\\/#website\"},\"primaryImageOfPage\":{\"@id\":\"https:\\\/\\\/fcctp.usmp.edu.pe\\\/noticias\\\/educacion-continua\\\/que-puede-afectar-mi-imagen-personal-y-como-actuar-frente-a-ello\\\/#primaryimage\"},\"image\":{\"@id\":\"https:\\\/\\\/fcctp.usmp.edu.pe\\\/noticias\\\/educacion-continua\\\/que-puede-afectar-mi-imagen-personal-y-como-actuar-frente-a-ello\\\/#primaryimage\"},\"thumbnailUrl\":\"https:\\\/\\\/fcctp.usmp.edu.pe\\\/noticias\\\/wp-content\\\/uploads\\\/2023\\\/09\\\/06-09_Noticia_Mesa-de-trabajo-1-copia-5-1.jpg\",\"datePublished\":\"2023-09-07T17:56:52+00:00\",\"dateModified\":\"2023-09-07T21:48:32+00:00\",\"breadcrumb\":{\"@id\":\"https:\\\/\\\/fcctp.usmp.edu.pe\\\/noticias\\\/educacion-continua\\\/que-puede-afectar-mi-imagen-personal-y-como-actuar-frente-a-ello\\\/#breadcrumb\"},\"inLanguage\":\"es-PE\",\"potentialAction\":[{\"@type\":\"ReadAction\",\"target\":[\"https:\\\/\\\/fcctp.usmp.edu.pe\\\/noticias\\\/educacion-continua\\\/que-puede-afectar-mi-imagen-personal-y-como-actuar-frente-a-ello\\\/\"]}]},{\"@type\":\"ImageObject\",\"inLanguage\":\"es-PE\",\"@id\":\"https:\\\/\\\/fcctp.usmp.edu.pe\\\/noticias\\\/educacion-continua\\\/que-puede-afectar-mi-imagen-personal-y-como-actuar-frente-a-ello\\\/#primaryimage\",\"url\":\"https:\\\/\\\/fcctp.usmp.edu.pe\\\/noticias\\\/wp-content\\\/uploads\\\/2023\\\/09\\\/06-09_Noticia_Mesa-de-trabajo-1-copia-5-1.jpg\",\"contentUrl\":\"https:\\\/\\\/fcctp.usmp.edu.pe\\\/noticias\\\/wp-content\\\/uploads\\\/2023\\\/09\\\/06-09_Noticia_Mesa-de-trabajo-1-copia-5-1.jpg\",\"width\":1501,\"height\":938,\"caption\":\"\u00bfQu\u00e9 puede afectar mi imagen personal y c\u00f3mo actuar frente a ello?\"},{\"@type\":\"BreadcrumbList\",\"@id\":\"https:\\\/\\\/fcctp.usmp.edu.pe\\\/noticias\\\/educacion-continua\\\/que-puede-afectar-mi-imagen-personal-y-como-actuar-frente-a-ello\\\/#breadcrumb\",\"itemListElement\":[{\"@type\":\"ListItem\",\"position\":1,\"name\":\"Portada\",\"item\":\"https:\\\/\\\/fcctp.usmp.edu.pe\\\/noticias\\\/\"},{\"@type\":\"ListItem\",\"position\":2,\"name\":\"\u00bfQu\u00e9 puede afectar mi imagen personal y c\u00f3mo actuar frente a ello?\"}]},{\"@type\":\"WebSite\",\"@id\":\"https:\\\/\\\/fcctp.usmp.edu.pe\\\/noticias\\\/#website\",\"url\":\"https:\\\/\\\/fcctp.usmp.edu.pe\\\/noticias\\\/\",\"name\":\"Noticias FCCTP\",\"description\":\"Facultad de Ciencias de la Comunicaci\u00f3n, Turismo y Psicolog\u00eda\",\"publisher\":{\"@id\":\"https:\\\/\\\/fcctp.usmp.edu.pe\\\/noticias\\\/#organization\"},\"potentialAction\":[{\"@type\":\"SearchAction\",\"target\":{\"@type\":\"EntryPoint\",\"urlTemplate\":\"https:\\\/\\\/fcctp.usmp.edu.pe\\\/noticias\\\/?s={search_term_string}\"},\"query-input\":{\"@type\":\"PropertyValueSpecification\",\"valueRequired\":true,\"valueName\":\"search_term_string\"}}],\"inLanguage\":\"es-PE\"},{\"@type\":\"Organization\",\"@id\":\"https:\\\/\\\/fcctp.usmp.edu.pe\\\/noticias\\\/#organization\",\"name\":\"Facultad de Ciencias de la Comunicaci\u00f3n, Turismo y Psicolog\u00eda\",\"url\":\"https:\\\/\\\/fcctp.usmp.edu.pe\\\/noticias\\\/\",\"logo\":{\"@type\":\"ImageObject\",\"inLanguage\":\"es-PE\",\"@id\":\"https:\\\/\\\/fcctp.usmp.edu.pe\\\/noticias\\\/#\\\/schema\\\/logo\\\/image\\\/\",\"url\":\"https:\\\/\\\/fcctp.usmp.edu.pe\\\/noticias\\\/wp-content\\\/uploads\\\/2022\\\/03\\\/logoFCCTP_60.svg\",\"contentUrl\":\"https:\\\/\\\/fcctp.usmp.edu.pe\\\/noticias\\\/wp-content\\\/uploads\\\/2022\\\/03\\\/logoFCCTP_60.svg\",\"width\":347,\"height\":66,\"caption\":\"Facultad de Ciencias de la Comunicaci\u00f3n, Turismo y Psicolog\u00eda\"},\"image\":{\"@id\":\"https:\\\/\\\/fcctp.usmp.edu.pe\\\/noticias\\\/#\\\/schema\\\/logo\\\/image\\\/\"},\"sameAs\":[\"https:\\\/\\\/www.facebook.com\\\/fcctp\",\"https:\\\/\\\/x.com\\\/fcctp_usmp\",\"https:\\\/\\\/www.instagram.com\\\/fcctp_usmp\\\/\"]},{\"@type\":\"Person\",\"@id\":\"https:\\\/\\\/fcctp.usmp.edu.pe\\\/noticias\\\/#\\\/schema\\\/person\\\/4fdff53bd44bf6f645fe381e079e1252\",\"name\":\"Omar Huaman\",\"image\":{\"@type\":\"ImageObject\",\"inLanguage\":\"es-PE\",\"@id\":\"https:\\\/\\\/secure.gravatar.com\\\/avatar\\\/1ec290616e6e3dc043e286f62b87c0f992c4889ead141b3e3dfc70d018a983e0?s=96&d=mm&r=g\",\"url\":\"https:\\\/\\\/secure.gravatar.com\\\/avatar\\\/1ec290616e6e3dc043e286f62b87c0f992c4889ead141b3e3dfc70d018a983e0?s=96&d=mm&r=g\",\"contentUrl\":\"https:\\\/\\\/secure.gravatar.com\\\/avatar\\\/1ec290616e6e3dc043e286f62b87c0f992c4889ead141b3e3dfc70d018a983e0?s=96&d=mm&r=g\",\"caption\":\"Omar Huaman\"},\"url\":\"https:\\\/\\\/fcctp.usmp.edu.pe\\\/noticias\\\/author\\\/notieditor\\\/\"}]}<\/script>\n<!-- \/ Yoast SEO plugin. -->","yoast_head_json":{"title":"\u00bfQu\u00e9 puede afectar mi imagen personal y c\u00f3mo actuar frente a ello? - Noticias","robots":{"index":"index","follow":"follow","max-snippet":"max-snippet:-1","max-image-preview":"max-image-preview:large","max-video-preview":"max-video-preview:-1"},"canonical":"https:\/\/fcctp.usmp.edu.pe\/noticias\/educacion-continua\/que-puede-afectar-mi-imagen-personal-y-como-actuar-frente-a-ello\/","og_locale":"es_ES","og_type":"article","og_title":"\u00bfQu\u00e9 puede afectar mi imagen personal y c\u00f3mo actuar frente a ello? - Noticias","og_description":"La marca personal es un activo valioso en nuestra vida cotidiana y profesional. La forma en que nos perciben los dem\u00e1s puede influir significativamente en nuestras relaciones interpersonales, oportunidades laborales y \u00e9xito en general. Sin embargo, habr\u00e1 ocasiones en que nuestra marca personal y reputaci\u00f3n pueden estar en riesgo. Por lo tanto, debemos tener alg\u00fan ... Read more","og_url":"https:\/\/fcctp.usmp.edu.pe\/noticias\/educacion-continua\/que-puede-afectar-mi-imagen-personal-y-como-actuar-frente-a-ello\/","og_site_name":"Noticias","article_publisher":"https:\/\/www.facebook.com\/fcctp","article_published_time":"2023-09-07T17:56:52+00:00","article_modified_time":"2023-09-07T21:48:32+00:00","og_image":[{"width":1501,"height":938,"url":"https:\/\/fcctp.usmp.edu.pe\/noticias\/wp-content\/uploads\/2023\/09\/06-09_Noticia_Mesa-de-trabajo-1-copia-5-1.jpg","type":"image\/jpeg"}],"author":"Omar Huaman","twitter_card":"summary_large_image","twitter_creator":"@fcctp_usmp","twitter_site":"@fcctp_usmp","twitter_misc":{"Written by":"Omar Huaman","Est. reading time":"2 minutos"},"schema":{"@context":"https:\/\/schema.org","@graph":[{"@type":"Article","@id":"https:\/\/fcctp.usmp.edu.pe\/noticias\/educacion-continua\/que-puede-afectar-mi-imagen-personal-y-como-actuar-frente-a-ello\/#article","isPartOf":{"@id":"https:\/\/fcctp.usmp.edu.pe\/noticias\/educacion-continua\/que-puede-afectar-mi-imagen-personal-y-como-actuar-frente-a-ello\/"},"author":{"name":"Omar Huaman","@id":"https:\/\/fcctp.usmp.edu.pe\/noticias\/#\/schema\/person\/4fdff53bd44bf6f645fe381e079e1252"},"headline":"\u00bfQu\u00e9 puede afectar mi imagen personal y c\u00f3mo actuar frente a ello?","datePublished":"2023-09-07T17:56:52+00:00","dateModified":"2023-09-07T21:48:32+00:00","mainEntityOfPage":{"@id":"https:\/\/fcctp.usmp.edu.pe\/noticias\/educacion-continua\/que-puede-afectar-mi-imagen-personal-y-como-actuar-frente-a-ello\/"},"wordCount":447,"publisher":{"@id":"https:\/\/fcctp.usmp.edu.pe\/noticias\/#organization"},"image":{"@id":"https:\/\/fcctp.usmp.edu.pe\/noticias\/educacion-continua\/que-puede-afectar-mi-imagen-personal-y-como-actuar-frente-a-ello\/#primaryimage"},"thumbnailUrl":"https:\/\/fcctp.usmp.edu.pe\/noticias\/wp-content\/uploads\/2023\/09\/06-09_Noticia_Mesa-de-trabajo-1-copia-5-1.jpg","keywords":["Educaci\u00f3n Continua","Home FCCTP","Imagen y marca personal","Lo mas destacado"],"articleSection":["Educaci\u00f3n Continua"],"inLanguage":"es-PE"},{"@type":"WebPage","@id":"https:\/\/fcctp.usmp.edu.pe\/noticias\/educacion-continua\/que-puede-afectar-mi-imagen-personal-y-como-actuar-frente-a-ello\/","url":"https:\/\/fcctp.usmp.edu.pe\/noticias\/educacion-continua\/que-puede-afectar-mi-imagen-personal-y-como-actuar-frente-a-ello\/","name":"\u00bfQu\u00e9 puede afectar mi imagen personal y c\u00f3mo actuar frente a ello? - Noticias","isPartOf":{"@id":"https:\/\/fcctp.usmp.edu.pe\/noticias\/#website"},"primaryImageOfPage":{"@id":"https:\/\/fcctp.usmp.edu.pe\/noticias\/educacion-continua\/que-puede-afectar-mi-imagen-personal-y-como-actuar-frente-a-ello\/#primaryimage"},"image":{"@id":"https:\/\/fcctp.usmp.edu.pe\/noticias\/educacion-continua\/que-puede-afectar-mi-imagen-personal-y-como-actuar-frente-a-ello\/#primaryimage"},"thumbnailUrl":"https:\/\/fcctp.usmp.edu.pe\/noticias\/wp-content\/uploads\/2023\/09\/06-09_Noticia_Mesa-de-trabajo-1-copia-5-1.jpg","datePublished":"2023-09-07T17:56:52+00:00","dateModified":"2023-09-07T21:48:32+00:00","breadcrumb":{"@id":"https:\/\/fcctp.usmp.edu.pe\/noticias\/educacion-continua\/que-puede-afectar-mi-imagen-personal-y-como-actuar-frente-a-ello\/#breadcrumb"},"inLanguage":"es-PE","potentialAction":[{"@type":"ReadAction","target":["https:\/\/fcctp.usmp.edu.pe\/noticias\/educacion-continua\/que-puede-afectar-mi-imagen-personal-y-como-actuar-frente-a-ello\/"]}]},{"@type":"ImageObject","inLanguage":"es-PE","@id":"https:\/\/fcctp.usmp.edu.pe\/noticias\/educacion-continua\/que-puede-afectar-mi-imagen-personal-y-como-actuar-frente-a-ello\/#primaryimage","url":"https:\/\/fcctp.usmp.edu.pe\/noticias\/wp-content\/uploads\/2023\/09\/06-09_Noticia_Mesa-de-trabajo-1-copia-5-1.jpg","contentUrl":"https:\/\/fcctp.usmp.edu.pe\/noticias\/wp-content\/uploads\/2023\/09\/06-09_Noticia_Mesa-de-trabajo-1-copia-5-1.jpg","width":1501,"height":938,"caption":"\u00bfQu\u00e9 puede afectar mi imagen personal y c\u00f3mo actuar frente a ello?"},{"@type":"BreadcrumbList","@id":"https:\/\/fcctp.usmp.edu.pe\/noticias\/educacion-continua\/que-puede-afectar-mi-imagen-personal-y-como-actuar-frente-a-ello\/#breadcrumb","itemListElement":[{"@type":"ListItem","position":1,"name":"Portada","item":"https:\/\/fcctp.usmp.edu.pe\/noticias\/"},{"@type":"ListItem","position":2,"name":"\u00bfQu\u00e9 puede afectar mi imagen personal y c\u00f3mo actuar frente a ello?"}]},{"@type":"WebSite","@id":"https:\/\/fcctp.usmp.edu.pe\/noticias\/#website","url":"https:\/\/fcctp.usmp.edu.pe\/noticias\/","name":"Noticias FCCTP","description":"Facultad de Ciencias de la Comunicaci\u00f3n, Turismo y Psicolog\u00eda","publisher":{"@id":"https:\/\/fcctp.usmp.edu.pe\/noticias\/#organization"},"potentialAction":[{"@type":"SearchAction","target":{"@type":"EntryPoint","urlTemplate":"https:\/\/fcctp.usmp.edu.pe\/noticias\/?s={search_term_string}"},"query-input":{"@type":"PropertyValueSpecification","valueRequired":true,"valueName":"search_term_string"}}],"inLanguage":"es-PE"},{"@type":"Organization","@id":"https:\/\/fcctp.usmp.edu.pe\/noticias\/#organization","name":"Facultad de Ciencias de la Comunicaci\u00f3n, Turismo y Psicolog\u00eda","url":"https:\/\/fcctp.usmp.edu.pe\/noticias\/","logo":{"@type":"ImageObject","inLanguage":"es-PE","@id":"https:\/\/fcctp.usmp.edu.pe\/noticias\/#\/schema\/logo\/image\/","url":"https:\/\/fcctp.usmp.edu.pe\/noticias\/wp-content\/uploads\/2022\/03\/logoFCCTP_60.svg","contentUrl":"https:\/\/fcctp.usmp.edu.pe\/noticias\/wp-content\/uploads\/2022\/03\/logoFCCTP_60.svg","width":347,"height":66,"caption":"Facultad de Ciencias de la Comunicaci\u00f3n, Turismo y Psicolog\u00eda"},"image":{"@id":"https:\/\/fcctp.usmp.edu.pe\/noticias\/#\/schema\/logo\/image\/"},"sameAs":["https:\/\/www.facebook.com\/fcctp","https:\/\/x.com\/fcctp_usmp","https:\/\/www.instagram.com\/fcctp_usmp\/"]},{"@type":"Person","@id":"https:\/\/fcctp.usmp.edu.pe\/noticias\/#\/schema\/person\/4fdff53bd44bf6f645fe381e079e1252","name":"Omar Huaman","image":{"@type":"ImageObject","inLanguage":"es-PE","@id":"https:\/\/secure.gravatar.com\/avatar\/1ec290616e6e3dc043e286f62b87c0f992c4889ead141b3e3dfc70d018a983e0?s=96&d=mm&r=g","url":"https:\/\/secure.gravatar.com\/avatar\/1ec290616e6e3dc043e286f62b87c0f992c4889ead141b3e3dfc70d018a983e0?s=96&d=mm&r=g","contentUrl":"https:\/\/secure.gravatar.com\/avatar\/1ec290616e6e3dc043e286f62b87c0f992c4889ead141b3e3dfc70d018a983e0?s=96&d=mm&r=g","caption":"Omar Huaman"},"url":"https:\/\/fcctp.usmp.edu.pe\/noticias\/author\/notieditor\/"}]}},"_links":{"self":[{"href":"https:\/\/fcctp.usmp.edu.pe\/noticias\/wp-json\/wp\/v2\/posts\/9449","targetHints":{"allow":["GET"]}}],"collection":[{"href":"https:\/\/fcctp.usmp.edu.pe\/noticias\/wp-json\/wp\/v2\/posts"}],"about":[{"href":"https:\/\/fcctp.usmp.edu.pe\/noticias\/wp-json\/wp\/v2\/types\/post"}],"author":[{"embeddable":true,"href":"https:\/\/fcctp.usmp.edu.pe\/noticias\/wp-json\/wp\/v2\/users\/2"}],"replies":[{"embeddable":true,"href":"https:\/\/fcctp.usmp.edu.pe\/noticias\/wp-json\/wp\/v2\/comments?post=9449"}],"version-history":[{"count":3,"href":"https:\/\/fcctp.usmp.edu.pe\/noticias\/wp-json\/wp\/v2\/posts\/9449\/revisions"}],"predecessor-version":[{"id":9453,"href":"https:\/\/fcctp.usmp.edu.pe\/noticias\/wp-json\/wp\/v2\/posts\/9449\/revisions\/9453"}],"wp:featuredmedia":[{"embeddable":true,"href":"https:\/\/fcctp.usmp.edu.pe\/noticias\/wp-json\/wp\/v2\/media\/9456"}],"wp:attachment":[{"href":"https:\/\/fcctp.usmp.edu.pe\/noticias\/wp-json\/wp\/v2\/media?parent=9449"}],"wp:term":[{"taxonomy":"category","embeddable":true,"href":"https:\/\/fcctp.usmp.edu.pe\/noticias\/wp-json\/wp\/v2\/categories?post=9449"},{"taxonomy":"post_tag","embeddable":true,"href":"https:\/\/fcctp.usmp.edu.pe\/noticias\/wp-json\/wp\/v2\/tags?post=9449"}],"curies":[{"name":"wp","href":"https:\/\/api.w.org\/{rel}","templated":true}]}}