{"id":9440,"date":"2023-08-24T13:36:01","date_gmt":"2023-08-24T13:36:01","guid":{"rendered":"https:\/\/fcctp.usmp.edu.pe\/noticias\/?p=9440"},"modified":"2023-09-07T20:07:28","modified_gmt":"2023-09-07T20:07:28","slug":"estudiantes-de-europa-que-haran-su-intercambio-en-la-fcctp-recibieron-una-calurosa-bienvenida","status":"publish","type":"post","link":"https:\/\/fcctp.usmp.edu.pe\/noticias\/oficina-de-internacional\/estudiantes-de-europa-que-haran-su-intercambio-en-la-fcctp-recibieron-una-calurosa-bienvenida\/","title":{"rendered":"\u00a1Estudiantes de Europa que har\u00e1n su intercambio en la FCCTP recibieron una calurosa bienvenida!"},"content":{"rendered":"<p style=\"text-align: center;\"><em>Dos alumnas de Francia y uno de Espa\u00f1a arribaron a nuestra ciudad para continuar sus estudios universitarios y vivir una experiencia \u00fanica gracias al programa Incoming de la Oficina de Internacional.<\/em><\/p>\n<p>\u00a1Bienvenidos! Tres estudiantes europeos fueron recibidos por la <strong>Facultad de Ciencias de la Comunicaci\u00f3n, Turismo y Psicolog\u00eda (FCCTP) de la Universidad de San Mart\u00edn de Porres<\/strong> para iniciar su intercambio acad\u00e9mico durante un semestre en nuestra ciudad.<\/p>\n<p>Esta gesti\u00f3n se llev\u00f3 a cabo gracias a la Oficina de Internacional de la<strong> FCCTP<\/strong> mediante el <strong>programa Incoming<\/strong>, el cual consiste en recibir a alumnos de distintas universidades del mundo que cuentan con un convenio con nuestra facultad para que cursen un ciclo y puedan vivir una experiencia acad\u00e9mica y tur\u00edstica.<\/p>\n<p>De esta forma,<strong> Javier Rueda P\u00e9rez de la Universidad de M\u00e1laga de Espa\u00f1a<\/strong>, m\u00e1s las estudiantes <strong>Delphine Couttier<\/strong> y <strong>Nolwenn Marie Froger<\/strong>, ambas provenientes de la <strong>YSCHOOL de Francia<\/strong>, fueron recibidos por la <strong>decana Amybel S\u00e1nchez de Walther<\/strong>, quien les extendi\u00f3 una cordial bienvenida en nombre de toda la comunidad sanmartiniana.<\/p>\n<p>Durante la reuni\u00f3n de bienvenida, se les explic\u00f3 los beneficios a los cuales pueden acceder siendo alumnos de intercambio. Adem\u00e1s, la decana los invit\u00f3 a conocer todos los espacios del campus para que puedan sentirse c\u00f3modos en su estad\u00eda que durar\u00e1 hasta que finalice el ciclo 2023-II.<\/p>\n<p><strong>Javier<\/strong> estudiar\u00e1 en la <strong>Escuela Profesional de Ciencias de la Comunicaci\u00f3n<\/strong> mientras que <strong>Delphine<\/strong> y <strong>Nolwenn<\/strong> pertenecer\u00e1n a la <strong>Escuela Profesional de Turismo y Hoteler\u00eda<\/strong>.<\/p>\n<p>&nbsp;<\/p>\n<blockquote class=\"instagram-media\" style=\"background: #FFF; border: 0; border-radius: 3px; box-shadow: 0 0 1px 0 rgba(0,0,0,0.5),0 1px 10px 0 rgba(0,0,0,0.15); margin: 1px; max-width: 540px; min-width: 326px; padding: 0; width: calc(100% - 2px);\" data-instgrm-captioned=\"\" data-instgrm-permalink=\"https:\/\/www.instagram.com\/reel\/CwFimlMBdO5\/?utm_source=ig_embed&amp;utm_campaign=loading\" data-instgrm-version=\"14\">\n<div style=\"padding: 16px;\">\n<p>&nbsp;<\/p>\n<div style=\"display: flex; flex-direction: row; align-items: center;\">\n<div style=\"background-color: #f4f4f4; border-radius: 50%; flex-grow: 0; height: 40px; margin-right: 14px; width: 40px;\"><\/div>\n<div style=\"display: flex; flex-direction: column; flex-grow: 1; justify-content: center;\">\n<div style=\"background-color: #f4f4f4; border-radius: 4px; flex-grow: 0; height: 14px; margin-bottom: 6px; width: 100px;\"><\/div>\n<div style=\"background-color: #f4f4f4; border-radius: 4px; flex-grow: 0; height: 14px; width: 60px;\"><\/div>\n<\/div>\n<\/div>\n<div style=\"padding: 19% 0;\"><\/div>\n<div style=\"display: block; height: 50px; margin: 0 auto 12px; width: 50px;\"><\/div>\n<div style=\"padding-top: 8px;\">\n<div style=\"color: #3897f0; font-family: Arial,sans-serif; font-size: 14px; font-style: normal; font-weight: 550; line-height: 18px;\">Ver esta publicaci\u00f3n en Instagram<\/div>\n<\/div>\n<div style=\"padding: 12.5% 0;\"><\/div>\n<div style=\"display: flex; flex-direction: row; margin-bottom: 14px; align-items: center;\">\n<div>\n<div style=\"background-color: #f4f4f4; border-radius: 50%; height: 12.5px; width: 12.5px; transform: translateX(0px) translateY(7px);\"><\/div>\n<div style=\"background-color: #f4f4f4; height: 12.5px; transform: rotate(-45deg) translateX(3px) translateY(1px); width: 12.5px; flex-grow: 0; margin-right: 14px; margin-left: 2px;\"><\/div>\n<div style=\"background-color: #f4f4f4; border-radius: 50%; height: 12.5px; width: 12.5px; transform: translateX(9px) translateY(-18px);\"><\/div>\n<\/div>\n<div style=\"margin-left: 8px;\">\n<div style=\"background-color: #f4f4f4; border-radius: 50%; flex-grow: 0; height: 20px; width: 20px;\"><\/div>\n<div style=\"width: 0; height: 0; border-top: 2px solid transparent; border-left: 6px solid #f4f4f4; border-bottom: 2px solid transparent; transform: translateX(16px) translateY(-4px) rotate(30deg);\"><\/div>\n<\/div>\n<div style=\"margin-left: auto;\">\n<div style=\"width: 0px; border-top: 8px solid #F4F4F4; border-right: 8px solid transparent; transform: translateY(16px);\"><\/div>\n<div style=\"background-color: #f4f4f4; flex-grow: 0; height: 12px; width: 16px; transform: translateY(-4px);\"><\/div>\n<div style=\"width: 0; height: 0; border-top: 8px solid #F4F4F4; border-left: 8px solid transparent; transform: translateY(-4px) translateX(8px);\"><\/div>\n<\/div>\n<\/div>\n<div style=\"display: flex; flex-direction: column; flex-grow: 1; justify-content: center; margin-bottom: 24px;\">\n<div style=\"background-color: #f4f4f4; border-radius: 4px; flex-grow: 0; height: 14px; margin-bottom: 6px; width: 224px;\"><\/div>\n<div style=\"background-color: #f4f4f4; border-radius: 4px; flex-grow: 0; height: 14px; width: 144px;\"><\/div>\n<\/div>\n<p>&nbsp;<\/p>\n<p style=\"color: #c9c8cd; font-family: Arial,sans-serif; font-size: 14px; line-height: 17px; margin-bottom: 0; margin-top: 8px; overflow: hidden; padding: 8px 0 7px; text-align: center; text-overflow: ellipsis; white-space: nowrap;\"><a style=\"color: #c9c8cd; font-family: Arial,sans-serif; font-size: 14px; font-style: normal; font-weight: normal; line-height: 17px; text-decoration: none;\" href=\"https:\/\/www.instagram.com\/reel\/CwFimlMBdO5\/?utm_source=ig_embed&amp;utm_campaign=loading\" target=\"_blank\" rel=\"noopener\">Una publicaci\u00f3n compartida de Internacional USMP (@internacional.usmp)<\/a><\/p>\n<\/div>\n<\/blockquote>\n<p><script async src=\"\/\/www.instagram.com\/embed.js\"><\/script><\/p>\n<p>Adem\u00e1s, en su conversaci\u00f3n con la <strong>Dra. S\u00e1nchez de Walther<\/strong>, comentaron que, al finalizar el ciclo, tienen planeado viajar a conocer lugares tur\u00edsticos del Per\u00fa. En <strong>Cusco<\/strong>, conocer\u00e1n la ciudadela de <strong>Machu Picchu<\/strong> y la <strong>Monta\u00f1a de 7 colores<\/strong>. Asimismo, visitar\u00e1n las <strong>L\u00edneas de Nazca<\/strong> en la regi\u00f3n <strong>Ica.<\/strong><\/p>\n<p>Por \u00faltimo, la decana de la <strong>FCCTP<\/strong> los felicit\u00f3 por ser parte de esta aventura acad\u00e9mica y sumarse a la comunidad sanmartiniana que los acoger\u00e1 para mostrarles lo interesante y hermoso de nuestra cultura peruana.<\/p>\n<p>La <strong>Oficina de Internacional de la FCCTP<\/strong> es responsable de brindar oportunidades a los estudiantes, docentes e investigadores para ampliar sus conocimientos con visi\u00f3n global. Mediante convenios en <strong>Europa, Asia y el resto de Am\u00e9rica<\/strong>, acercamos a nuestros alumnos a vivir experiencias que los enriquezcan profesionalmente, prepar\u00e1ndolos para un mundo cada vez m\u00e1s competitivo.<\/p>\n<p>M\u00e1s informaci\u00f3n, aqu\u00ed: <a href=\"https:\/\/fcctp.usmp.edu.pe\/internacional\/\">https:\/\/fcctp.usmp.edu.pe\/internacional\/<\/a><\/p>\n","protected":false},"excerpt":{"rendered":"<p>Dos alumnas de Francia y uno de Espa\u00f1a arribaron a nuestra ciudad para continuar sus estudios universitarios y vivir una experiencia \u00fanica gracias al programa Incoming de la Oficina de Internacional. \u00a1Bienvenidos! Tres estudiantes europeos fueron recibidos por la Facultad de Ciencias de la Comunicaci\u00f3n, Turismo y Psicolog\u00eda (FCCTP) de la Universidad de San Mart\u00edn &#8230; <a title=\"\u00a1Estudiantes de Europa que har\u00e1n su intercambio en la FCCTP recibieron una calurosa bienvenida!\" class=\"read-more\" href=\"https:\/\/fcctp.usmp.edu.pe\/noticias\/oficina-de-internacional\/estudiantes-de-europa-que-haran-su-intercambio-en-la-fcctp-recibieron-una-calurosa-bienvenida\/\" aria-label=\"More on \u00a1Estudiantes de Europa que har\u00e1n su intercambio en la FCCTP recibieron una calurosa bienvenida!\">Read more<\/a><\/p>\n","protected":false},"author":2,"featured_media":9454,"comment_status":"closed","ping_status":"closed","sticky":false,"template":"","format":"standard","meta":{"footnotes":""},"categories":[115],"tags":[47,123,46,116,124,125],"class_list":["post-9440","post","type-post","status-publish","format-standard","has-post-thumbnail","hentry","category-oficina-de-internacional","tag-home-fcctp","tag-incoming","tag-lo-mas-destacado","tag-oficina-de-internacional","tag-universidad-de-malaga","tag-yschool"],"yoast_head":"<!-- This site is optimized with the Yoast SEO plugin v28.3 - https:\/\/yoast.com\/product\/yoast-seo-wordpress\/ -->\n<title>\u00a1Estudiantes de Europa que har\u00e1n su intercambio en la FCCTP recibieron una calurosa bienvenida! - Noticias<\/title>\n<meta name=\"robots\" content=\"index, follow, max-snippet:-1, max-image-preview:large, max-video-preview:-1\" \/>\n<link rel=\"canonical\" href=\"https:\/\/fcctp.usmp.edu.pe\/noticias\/oficina-de-internacional\/estudiantes-de-europa-que-haran-su-intercambio-en-la-fcctp-recibieron-una-calurosa-bienvenida\/\" \/>\n<meta property=\"og:locale\" content=\"es_ES\" \/>\n<meta property=\"og:type\" content=\"article\" \/>\n<meta property=\"og:title\" content=\"\u00a1Estudiantes de Europa que har\u00e1n su intercambio en la FCCTP recibieron una calurosa bienvenida! - Noticias\" \/>\n<meta property=\"og:description\" content=\"Dos alumnas de Francia y uno de Espa\u00f1a arribaron a nuestra ciudad para continuar sus estudios universitarios y vivir una experiencia \u00fanica gracias al programa Incoming de la Oficina de Internacional. \u00a1Bienvenidos! Tres estudiantes europeos fueron recibidos por la Facultad de Ciencias de la Comunicaci\u00f3n, Turismo y Psicolog\u00eda (FCCTP) de la Universidad de San Mart\u00edn ... Read more\" \/>\n<meta property=\"og:url\" content=\"https:\/\/fcctp.usmp.edu.pe\/noticias\/oficina-de-internacional\/estudiantes-de-europa-que-haran-su-intercambio-en-la-fcctp-recibieron-una-calurosa-bienvenida\/\" \/>\n<meta property=\"og:site_name\" content=\"Noticias\" \/>\n<meta property=\"article:publisher\" content=\"https:\/\/www.facebook.com\/fcctp\" \/>\n<meta property=\"article:published_time\" content=\"2023-08-24T13:36:01+00:00\" \/>\n<meta property=\"article:modified_time\" content=\"2023-09-07T20:07:28+00:00\" \/>\n<meta property=\"og:image\" content=\"https:\/\/fcctp.usmp.edu.pe\/noticias\/wp-content\/uploads\/2023\/09\/Captura-de-pantalla-2023-09-07-150825.jpg\" \/>\n\t<meta property=\"og:image:width\" content=\"1204\" \/>\n\t<meta property=\"og:image:height\" content=\"721\" \/>\n\t<meta property=\"og:image:type\" content=\"image\/jpeg\" \/>\n<meta name=\"author\" content=\"Omar Huaman\" \/>\n<meta name=\"twitter:card\" content=\"summary_large_image\" \/>\n<meta name=\"twitter:creator\" content=\"@fcctp_usmp\" \/>\n<meta name=\"twitter:site\" content=\"@fcctp_usmp\" \/>\n<meta name=\"twitter:label1\" content=\"Written by\" \/>\n\t<meta name=\"twitter:data1\" content=\"Omar Huaman\" \/>\n\t<meta name=\"twitter:label2\" content=\"Est. reading time\" \/>\n\t<meta name=\"twitter:data2\" content=\"2 minutos\" \/>\n<script type=\"application\/ld+json\" class=\"yoast-schema-graph\">{\"@context\":\"https:\\\/\\\/schema.org\",\"@graph\":[{\"@type\":\"Article\",\"@id\":\"https:\\\/\\\/fcctp.usmp.edu.pe\\\/noticias\\\/oficina-de-internacional\\\/estudiantes-de-europa-que-haran-su-intercambio-en-la-fcctp-recibieron-una-calurosa-bienvenida\\\/#article\",\"isPartOf\":{\"@id\":\"https:\\\/\\\/fcctp.usmp.edu.pe\\\/noticias\\\/oficina-de-internacional\\\/estudiantes-de-europa-que-haran-su-intercambio-en-la-fcctp-recibieron-una-calurosa-bienvenida\\\/\"},\"author\":{\"name\":\"Omar Huaman\",\"@id\":\"https:\\\/\\\/fcctp.usmp.edu.pe\\\/noticias\\\/#\\\/schema\\\/person\\\/4fdff53bd44bf6f645fe381e079e1252\"},\"headline\":\"\u00a1Estudiantes de Europa que har\u00e1n su intercambio en la FCCTP recibieron una calurosa bienvenida!\",\"datePublished\":\"2023-08-24T13:36:01+00:00\",\"dateModified\":\"2023-09-07T20:07:28+00:00\",\"mainEntityOfPage\":{\"@id\":\"https:\\\/\\\/fcctp.usmp.edu.pe\\\/noticias\\\/oficina-de-internacional\\\/estudiantes-de-europa-que-haran-su-intercambio-en-la-fcctp-recibieron-una-calurosa-bienvenida\\\/\"},\"wordCount\":458,\"publisher\":{\"@id\":\"https:\\\/\\\/fcctp.usmp.edu.pe\\\/noticias\\\/#organization\"},\"image\":{\"@id\":\"https:\\\/\\\/fcctp.usmp.edu.pe\\\/noticias\\\/oficina-de-internacional\\\/estudiantes-de-europa-que-haran-su-intercambio-en-la-fcctp-recibieron-una-calurosa-bienvenida\\\/#primaryimage\"},\"thumbnailUrl\":\"https:\\\/\\\/fcctp.usmp.edu.pe\\\/noticias\\\/wp-content\\\/uploads\\\/2023\\\/09\\\/Captura-de-pantalla-2023-09-07-150825.jpg\",\"keywords\":[\"Home FCCTP\",\"Incoming\",\"Lo mas destacado\",\"Oficina de Internacional\",\"Universidad de M\u00e1laga\",\"YSCHOOL\"],\"articleSection\":[\"Oficina de Internacional\"],\"inLanguage\":\"es-PE\"},{\"@type\":\"WebPage\",\"@id\":\"https:\\\/\\\/fcctp.usmp.edu.pe\\\/noticias\\\/oficina-de-internacional\\\/estudiantes-de-europa-que-haran-su-intercambio-en-la-fcctp-recibieron-una-calurosa-bienvenida\\\/\",\"url\":\"https:\\\/\\\/fcctp.usmp.edu.pe\\\/noticias\\\/oficina-de-internacional\\\/estudiantes-de-europa-que-haran-su-intercambio-en-la-fcctp-recibieron-una-calurosa-bienvenida\\\/\",\"name\":\"\u00a1Estudiantes de Europa que har\u00e1n su intercambio en la FCCTP recibieron una calurosa bienvenida! - Noticias\",\"isPartOf\":{\"@id\":\"https:\\\/\\\/fcctp.usmp.edu.pe\\\/noticias\\\/#website\"},\"primaryImageOfPage\":{\"@id\":\"https:\\\/\\\/fcctp.usmp.edu.pe\\\/noticias\\\/oficina-de-internacional\\\/estudiantes-de-europa-que-haran-su-intercambio-en-la-fcctp-recibieron-una-calurosa-bienvenida\\\/#primaryimage\"},\"image\":{\"@id\":\"https:\\\/\\\/fcctp.usmp.edu.pe\\\/noticias\\\/oficina-de-internacional\\\/estudiantes-de-europa-que-haran-su-intercambio-en-la-fcctp-recibieron-una-calurosa-bienvenida\\\/#primaryimage\"},\"thumbnailUrl\":\"https:\\\/\\\/fcctp.usmp.edu.pe\\\/noticias\\\/wp-content\\\/uploads\\\/2023\\\/09\\\/Captura-de-pantalla-2023-09-07-150825.jpg\",\"datePublished\":\"2023-08-24T13:36:01+00:00\",\"dateModified\":\"2023-09-07T20:07:28+00:00\",\"breadcrumb\":{\"@id\":\"https:\\\/\\\/fcctp.usmp.edu.pe\\\/noticias\\\/oficina-de-internacional\\\/estudiantes-de-europa-que-haran-su-intercambio-en-la-fcctp-recibieron-una-calurosa-bienvenida\\\/#breadcrumb\"},\"inLanguage\":\"es-PE\",\"potentialAction\":[{\"@type\":\"ReadAction\",\"target\":[\"https:\\\/\\\/fcctp.usmp.edu.pe\\\/noticias\\\/oficina-de-internacional\\\/estudiantes-de-europa-que-haran-su-intercambio-en-la-fcctp-recibieron-una-calurosa-bienvenida\\\/\"]}]},{\"@type\":\"ImageObject\",\"inLanguage\":\"es-PE\",\"@id\":\"https:\\\/\\\/fcctp.usmp.edu.pe\\\/noticias\\\/oficina-de-internacional\\\/estudiantes-de-europa-que-haran-su-intercambio-en-la-fcctp-recibieron-una-calurosa-bienvenida\\\/#primaryimage\",\"url\":\"https:\\\/\\\/fcctp.usmp.edu.pe\\\/noticias\\\/wp-content\\\/uploads\\\/2023\\\/09\\\/Captura-de-pantalla-2023-09-07-150825.jpg\",\"contentUrl\":\"https:\\\/\\\/fcctp.usmp.edu.pe\\\/noticias\\\/wp-content\\\/uploads\\\/2023\\\/09\\\/Captura-de-pantalla-2023-09-07-150825.jpg\",\"width\":1204,\"height\":721,\"caption\":\"\u00a1Estudiantes de Europa que har\u00e1n su intercambio en la FCCTP recibieron una calurosa bienvenida!\"},{\"@type\":\"BreadcrumbList\",\"@id\":\"https:\\\/\\\/fcctp.usmp.edu.pe\\\/noticias\\\/oficina-de-internacional\\\/estudiantes-de-europa-que-haran-su-intercambio-en-la-fcctp-recibieron-una-calurosa-bienvenida\\\/#breadcrumb\",\"itemListElement\":[{\"@type\":\"ListItem\",\"position\":1,\"name\":\"Portada\",\"item\":\"https:\\\/\\\/fcctp.usmp.edu.pe\\\/noticias\\\/\"},{\"@type\":\"ListItem\",\"position\":2,\"name\":\"\u00a1Estudiantes de Europa que har\u00e1n su intercambio en la FCCTP recibieron una calurosa bienvenida!\"}]},{\"@type\":\"WebSite\",\"@id\":\"https:\\\/\\\/fcctp.usmp.edu.pe\\\/noticias\\\/#website\",\"url\":\"https:\\\/\\\/fcctp.usmp.edu.pe\\\/noticias\\\/\",\"name\":\"Noticias FCCTP\",\"description\":\"Facultad de Ciencias de la Comunicaci\u00f3n, Turismo y Psicolog\u00eda\",\"publisher\":{\"@id\":\"https:\\\/\\\/fcctp.usmp.edu.pe\\\/noticias\\\/#organization\"},\"potentialAction\":[{\"@type\":\"SearchAction\",\"target\":{\"@type\":\"EntryPoint\",\"urlTemplate\":\"https:\\\/\\\/fcctp.usmp.edu.pe\\\/noticias\\\/?s={search_term_string}\"},\"query-input\":{\"@type\":\"PropertyValueSpecification\",\"valueRequired\":true,\"valueName\":\"search_term_string\"}}],\"inLanguage\":\"es-PE\"},{\"@type\":\"Organization\",\"@id\":\"https:\\\/\\\/fcctp.usmp.edu.pe\\\/noticias\\\/#organization\",\"name\":\"Facultad de Ciencias de la Comunicaci\u00f3n, Turismo y Psicolog\u00eda\",\"url\":\"https:\\\/\\\/fcctp.usmp.edu.pe\\\/noticias\\\/\",\"logo\":{\"@type\":\"ImageObject\",\"inLanguage\":\"es-PE\",\"@id\":\"https:\\\/\\\/fcctp.usmp.edu.pe\\\/noticias\\\/#\\\/schema\\\/logo\\\/image\\\/\",\"url\":\"https:\\\/\\\/fcctp.usmp.edu.pe\\\/noticias\\\/wp-content\\\/uploads\\\/2022\\\/03\\\/logoFCCTP_60.svg\",\"contentUrl\":\"https:\\\/\\\/fcctp.usmp.edu.pe\\\/noticias\\\/wp-content\\\/uploads\\\/2022\\\/03\\\/logoFCCTP_60.svg\",\"width\":347,\"height\":66,\"caption\":\"Facultad de Ciencias de la Comunicaci\u00f3n, Turismo y Psicolog\u00eda\"},\"image\":{\"@id\":\"https:\\\/\\\/fcctp.usmp.edu.pe\\\/noticias\\\/#\\\/schema\\\/logo\\\/image\\\/\"},\"sameAs\":[\"https:\\\/\\\/www.facebook.com\\\/fcctp\",\"https:\\\/\\\/x.com\\\/fcctp_usmp\",\"https:\\\/\\\/www.instagram.com\\\/fcctp_usmp\\\/\"]},{\"@type\":\"Person\",\"@id\":\"https:\\\/\\\/fcctp.usmp.edu.pe\\\/noticias\\\/#\\\/schema\\\/person\\\/4fdff53bd44bf6f645fe381e079e1252\",\"name\":\"Omar Huaman\",\"image\":{\"@type\":\"ImageObject\",\"inLanguage\":\"es-PE\",\"@id\":\"https:\\\/\\\/secure.gravatar.com\\\/avatar\\\/1ec290616e6e3dc043e286f62b87c0f992c4889ead141b3e3dfc70d018a983e0?s=96&d=mm&r=g\",\"url\":\"https:\\\/\\\/secure.gravatar.com\\\/avatar\\\/1ec290616e6e3dc043e286f62b87c0f992c4889ead141b3e3dfc70d018a983e0?s=96&d=mm&r=g\",\"contentUrl\":\"https:\\\/\\\/secure.gravatar.com\\\/avatar\\\/1ec290616e6e3dc043e286f62b87c0f992c4889ead141b3e3dfc70d018a983e0?s=96&d=mm&r=g\",\"caption\":\"Omar Huaman\"},\"url\":\"https:\\\/\\\/fcctp.usmp.edu.pe\\\/noticias\\\/author\\\/notieditor\\\/\"}]}<\/script>\n<!-- \/ Yoast SEO plugin. -->","yoast_head_json":{"title":"\u00a1Estudiantes de Europa que har\u00e1n su intercambio en la FCCTP recibieron una calurosa bienvenida! - Noticias","robots":{"index":"index","follow":"follow","max-snippet":"max-snippet:-1","max-image-preview":"max-image-preview:large","max-video-preview":"max-video-preview:-1"},"canonical":"https:\/\/fcctp.usmp.edu.pe\/noticias\/oficina-de-internacional\/estudiantes-de-europa-que-haran-su-intercambio-en-la-fcctp-recibieron-una-calurosa-bienvenida\/","og_locale":"es_ES","og_type":"article","og_title":"\u00a1Estudiantes de Europa que har\u00e1n su intercambio en la FCCTP recibieron una calurosa bienvenida! - Noticias","og_description":"Dos alumnas de Francia y uno de Espa\u00f1a arribaron a nuestra ciudad para continuar sus estudios universitarios y vivir una experiencia \u00fanica gracias al programa Incoming de la Oficina de Internacional. \u00a1Bienvenidos! Tres estudiantes europeos fueron recibidos por la Facultad de Ciencias de la Comunicaci\u00f3n, Turismo y Psicolog\u00eda (FCCTP) de la Universidad de San Mart\u00edn ... Read more","og_url":"https:\/\/fcctp.usmp.edu.pe\/noticias\/oficina-de-internacional\/estudiantes-de-europa-que-haran-su-intercambio-en-la-fcctp-recibieron-una-calurosa-bienvenida\/","og_site_name":"Noticias","article_publisher":"https:\/\/www.facebook.com\/fcctp","article_published_time":"2023-08-24T13:36:01+00:00","article_modified_time":"2023-09-07T20:07:28+00:00","og_image":[{"width":1204,"height":721,"url":"https:\/\/fcctp.usmp.edu.pe\/noticias\/wp-content\/uploads\/2023\/09\/Captura-de-pantalla-2023-09-07-150825.jpg","type":"image\/jpeg"}],"author":"Omar Huaman","twitter_card":"summary_large_image","twitter_creator":"@fcctp_usmp","twitter_site":"@fcctp_usmp","twitter_misc":{"Written by":"Omar Huaman","Est. reading time":"2 minutos"},"schema":{"@context":"https:\/\/schema.org","@graph":[{"@type":"Article","@id":"https:\/\/fcctp.usmp.edu.pe\/noticias\/oficina-de-internacional\/estudiantes-de-europa-que-haran-su-intercambio-en-la-fcctp-recibieron-una-calurosa-bienvenida\/#article","isPartOf":{"@id":"https:\/\/fcctp.usmp.edu.pe\/noticias\/oficina-de-internacional\/estudiantes-de-europa-que-haran-su-intercambio-en-la-fcctp-recibieron-una-calurosa-bienvenida\/"},"author":{"name":"Omar Huaman","@id":"https:\/\/fcctp.usmp.edu.pe\/noticias\/#\/schema\/person\/4fdff53bd44bf6f645fe381e079e1252"},"headline":"\u00a1Estudiantes de Europa que har\u00e1n su intercambio en la FCCTP recibieron una calurosa bienvenida!","datePublished":"2023-08-24T13:36:01+00:00","dateModified":"2023-09-07T20:07:28+00:00","mainEntityOfPage":{"@id":"https:\/\/fcctp.usmp.edu.pe\/noticias\/oficina-de-internacional\/estudiantes-de-europa-que-haran-su-intercambio-en-la-fcctp-recibieron-una-calurosa-bienvenida\/"},"wordCount":458,"publisher":{"@id":"https:\/\/fcctp.usmp.edu.pe\/noticias\/#organization"},"image":{"@id":"https:\/\/fcctp.usmp.edu.pe\/noticias\/oficina-de-internacional\/estudiantes-de-europa-que-haran-su-intercambio-en-la-fcctp-recibieron-una-calurosa-bienvenida\/#primaryimage"},"thumbnailUrl":"https:\/\/fcctp.usmp.edu.pe\/noticias\/wp-content\/uploads\/2023\/09\/Captura-de-pantalla-2023-09-07-150825.jpg","keywords":["Home FCCTP","Incoming","Lo mas destacado","Oficina de Internacional","Universidad de M\u00e1laga","YSCHOOL"],"articleSection":["Oficina de Internacional"],"inLanguage":"es-PE"},{"@type":"WebPage","@id":"https:\/\/fcctp.usmp.edu.pe\/noticias\/oficina-de-internacional\/estudiantes-de-europa-que-haran-su-intercambio-en-la-fcctp-recibieron-una-calurosa-bienvenida\/","url":"https:\/\/fcctp.usmp.edu.pe\/noticias\/oficina-de-internacional\/estudiantes-de-europa-que-haran-su-intercambio-en-la-fcctp-recibieron-una-calurosa-bienvenida\/","name":"\u00a1Estudiantes de Europa que har\u00e1n su intercambio en la FCCTP recibieron una calurosa bienvenida! - Noticias","isPartOf":{"@id":"https:\/\/fcctp.usmp.edu.pe\/noticias\/#website"},"primaryImageOfPage":{"@id":"https:\/\/fcctp.usmp.edu.pe\/noticias\/oficina-de-internacional\/estudiantes-de-europa-que-haran-su-intercambio-en-la-fcctp-recibieron-una-calurosa-bienvenida\/#primaryimage"},"image":{"@id":"https:\/\/fcctp.usmp.edu.pe\/noticias\/oficina-de-internacional\/estudiantes-de-europa-que-haran-su-intercambio-en-la-fcctp-recibieron-una-calurosa-bienvenida\/#primaryimage"},"thumbnailUrl":"https:\/\/fcctp.usmp.edu.pe\/noticias\/wp-content\/uploads\/2023\/09\/Captura-de-pantalla-2023-09-07-150825.jpg","datePublished":"2023-08-24T13:36:01+00:00","dateModified":"2023-09-07T20:07:28+00:00","breadcrumb":{"@id":"https:\/\/fcctp.usmp.edu.pe\/noticias\/oficina-de-internacional\/estudiantes-de-europa-que-haran-su-intercambio-en-la-fcctp-recibieron-una-calurosa-bienvenida\/#breadcrumb"},"inLanguage":"es-PE","potentialAction":[{"@type":"ReadAction","target":["https:\/\/fcctp.usmp.edu.pe\/noticias\/oficina-de-internacional\/estudiantes-de-europa-que-haran-su-intercambio-en-la-fcctp-recibieron-una-calurosa-bienvenida\/"]}]},{"@type":"ImageObject","inLanguage":"es-PE","@id":"https:\/\/fcctp.usmp.edu.pe\/noticias\/oficina-de-internacional\/estudiantes-de-europa-que-haran-su-intercambio-en-la-fcctp-recibieron-una-calurosa-bienvenida\/#primaryimage","url":"https:\/\/fcctp.usmp.edu.pe\/noticias\/wp-content\/uploads\/2023\/09\/Captura-de-pantalla-2023-09-07-150825.jpg","contentUrl":"https:\/\/fcctp.usmp.edu.pe\/noticias\/wp-content\/uploads\/2023\/09\/Captura-de-pantalla-2023-09-07-150825.jpg","width":1204,"height":721,"caption":"\u00a1Estudiantes de Europa que har\u00e1n su intercambio en la FCCTP recibieron una calurosa bienvenida!"},{"@type":"BreadcrumbList","@id":"https:\/\/fcctp.usmp.edu.pe\/noticias\/oficina-de-internacional\/estudiantes-de-europa-que-haran-su-intercambio-en-la-fcctp-recibieron-una-calurosa-bienvenida\/#breadcrumb","itemListElement":[{"@type":"ListItem","position":1,"name":"Portada","item":"https:\/\/fcctp.usmp.edu.pe\/noticias\/"},{"@type":"ListItem","position":2,"name":"\u00a1Estudiantes de Europa que har\u00e1n su intercambio en la FCCTP recibieron una calurosa bienvenida!"}]},{"@type":"WebSite","@id":"https:\/\/fcctp.usmp.edu.pe\/noticias\/#website","url":"https:\/\/fcctp.usmp.edu.pe\/noticias\/","name":"Noticias FCCTP","description":"Facultad de Ciencias de la Comunicaci\u00f3n, Turismo y Psicolog\u00eda","publisher":{"@id":"https:\/\/fcctp.usmp.edu.pe\/noticias\/#organization"},"potentialAction":[{"@type":"SearchAction","target":{"@type":"EntryPoint","urlTemplate":"https:\/\/fcctp.usmp.edu.pe\/noticias\/?s={search_term_string}"},"query-input":{"@type":"PropertyValueSpecification","valueRequired":true,"valueName":"search_term_string"}}],"inLanguage":"es-PE"},{"@type":"Organization","@id":"https:\/\/fcctp.usmp.edu.pe\/noticias\/#organization","name":"Facultad de Ciencias de la Comunicaci\u00f3n, Turismo y Psicolog\u00eda","url":"https:\/\/fcctp.usmp.edu.pe\/noticias\/","logo":{"@type":"ImageObject","inLanguage":"es-PE","@id":"https:\/\/fcctp.usmp.edu.pe\/noticias\/#\/schema\/logo\/image\/","url":"https:\/\/fcctp.usmp.edu.pe\/noticias\/wp-content\/uploads\/2022\/03\/logoFCCTP_60.svg","contentUrl":"https:\/\/fcctp.usmp.edu.pe\/noticias\/wp-content\/uploads\/2022\/03\/logoFCCTP_60.svg","width":347,"height":66,"caption":"Facultad de Ciencias de la Comunicaci\u00f3n, Turismo y Psicolog\u00eda"},"image":{"@id":"https:\/\/fcctp.usmp.edu.pe\/noticias\/#\/schema\/logo\/image\/"},"sameAs":["https:\/\/www.facebook.com\/fcctp","https:\/\/x.com\/fcctp_usmp","https:\/\/www.instagram.com\/fcctp_usmp\/"]},{"@type":"Person","@id":"https:\/\/fcctp.usmp.edu.pe\/noticias\/#\/schema\/person\/4fdff53bd44bf6f645fe381e079e1252","name":"Omar Huaman","image":{"@type":"ImageObject","inLanguage":"es-PE","@id":"https:\/\/secure.gravatar.com\/avatar\/1ec290616e6e3dc043e286f62b87c0f992c4889ead141b3e3dfc70d018a983e0?s=96&d=mm&r=g","url":"https:\/\/secure.gravatar.com\/avatar\/1ec290616e6e3dc043e286f62b87c0f992c4889ead141b3e3dfc70d018a983e0?s=96&d=mm&r=g","contentUrl":"https:\/\/secure.gravatar.com\/avatar\/1ec290616e6e3dc043e286f62b87c0f992c4889ead141b3e3dfc70d018a983e0?s=96&d=mm&r=g","caption":"Omar Huaman"},"url":"https:\/\/fcctp.usmp.edu.pe\/noticias\/author\/notieditor\/"}]}},"_links":{"self":[{"href":"https:\/\/fcctp.usmp.edu.pe\/noticias\/wp-json\/wp\/v2\/posts\/9440","targetHints":{"allow":["GET"]}}],"collection":[{"href":"https:\/\/fcctp.usmp.edu.pe\/noticias\/wp-json\/wp\/v2\/posts"}],"about":[{"href":"https:\/\/fcctp.usmp.edu.pe\/noticias\/wp-json\/wp\/v2\/types\/post"}],"author":[{"embeddable":true,"href":"https:\/\/fcctp.usmp.edu.pe\/noticias\/wp-json\/wp\/v2\/users\/2"}],"replies":[{"embeddable":true,"href":"https:\/\/fcctp.usmp.edu.pe\/noticias\/wp-json\/wp\/v2\/comments?post=9440"}],"version-history":[{"count":2,"href":"https:\/\/fcctp.usmp.edu.pe\/noticias\/wp-json\/wp\/v2\/posts\/9440\/revisions"}],"predecessor-version":[{"id":9455,"href":"https:\/\/fcctp.usmp.edu.pe\/noticias\/wp-json\/wp\/v2\/posts\/9440\/revisions\/9455"}],"wp:featuredmedia":[{"embeddable":true,"href":"https:\/\/fcctp.usmp.edu.pe\/noticias\/wp-json\/wp\/v2\/media\/9454"}],"wp:attachment":[{"href":"https:\/\/fcctp.usmp.edu.pe\/noticias\/wp-json\/wp\/v2\/media?parent=9440"}],"wp:term":[{"taxonomy":"category","embeddable":true,"href":"https:\/\/fcctp.usmp.edu.pe\/noticias\/wp-json\/wp\/v2\/categories?post=9440"},{"taxonomy":"post_tag","embeddable":true,"href":"https:\/\/fcctp.usmp.edu.pe\/noticias\/wp-json\/wp\/v2\/tags?post=9440"}],"curies":[{"name":"wp","href":"https:\/\/api.w.org\/{rel}","templated":true}]}}