{"id":9393,"date":"2023-06-12T16:54:35","date_gmt":"2023-06-12T16:54:35","guid":{"rendered":"https:\/\/fcctp.usmp.edu.pe\/noticias\/?p=9393"},"modified":"2023-06-12T16:54:35","modified_gmt":"2023-06-12T16:54:35","slug":"voluntarias-de-la-fcctp-culminaron-el-proyecto-escuela-para-padres-en-colegio-la-rinconada-de-san-juan-de-miraflores","status":"publish","type":"post","link":"https:\/\/fcctp.usmp.edu.pe\/noticias\/sostenibilidad\/voluntarias-de-la-fcctp-culminaron-el-proyecto-escuela-para-padres-en-colegio-la-rinconada-de-san-juan-de-miraflores\/","title":{"rendered":"Voluntarias de la FCCTP culminaron el proyecto \u201cEscuela para padres\u201d en colegio La Rinconada de San Juan de Miraflores"},"content":{"rendered":"<p><em>La Oficina de Sostenibilidad desarroll\u00f3 este programa que fortaleci\u00f3 las habilidades blandas y formas de ense\u00f1anza de los padres de familia de esta escuela.<\/em><\/p>\n<p>Distintas experiencias, aprendizajes, historias y mucho di\u00e1logo fue lo que se vivi\u00f3 en <strong>el proyecto \u201cEscuela para padres<\/strong>\u201d, programa que la <strong>Oficina de Sostenibilidad<\/strong> de la <strong>Facultad de Ciencias de la Comunicaci\u00f3n, Turismo y Psicolog\u00eda (FCCTP)<\/strong> ejecut\u00f3 en la <strong>Instituci\u00f3n Educativa La Rinconada<\/strong>, ubicada en el sector de <strong>Pamplona Alta,<\/strong> en el distrito de <strong>San Juan de Miraflores<\/strong>.<\/p>\n<p>Durante el mes de mayo, el grupo de voluntarias de la <strong>FCCTP<\/strong> desarroll\u00f3, organiz\u00f3 e imparti\u00f3 el ciclo de talleres de este proyecto que tuvo el objetivo de <strong>fortalecer las habilidades blandas y formas de ense\u00f1anza de los padres de familia de esta escuela<\/strong>, en el marco de la nueva normalidad de aprendizaje que se viene implementando progresivamente en el pa\u00eds tras la pandemia.<\/p>\n<p>Las sesiones presenciales en las aulas de este colegio consistieron en distintas exposiciones, conversaciones y din\u00e1micas interactivas que les permitieron a los pap\u00e1s y mam\u00e1s tener una perspectiva distinta sobre c\u00f3mo abordar los problemas familiares que se les pueda presentar en el d\u00eda a d\u00eda con sus menores hijos.<\/p>\n<blockquote class=\"instagram-media\" style=\"background: #FFF; border: 0; border-radius: 3px; box-shadow: 0 0 1px 0 rgba(0,0,0,0.5),0 1px 10px 0 rgba(0,0,0,0.15); margin: 1px; max-width: 540px; min-width: 326px; padding: 0; width: calc(100% - 2px);\" data-instgrm-captioned=\"\" data-instgrm-permalink=\"https:\/\/www.instagram.com\/p\/CtJ-juPLpEn\/?utm_source=ig_embed&amp;utm_campaign=loading\" data-instgrm-version=\"14\">\n<div style=\"padding: 16px;\">\n<p>&nbsp;<\/p>\n<div style=\"display: flex; flex-direction: row; align-items: center;\">\n<div style=\"background-color: #f4f4f4; border-radius: 50%; flex-grow: 0; height: 40px; margin-right: 14px; width: 40px;\"><\/div>\n<div style=\"display: flex; flex-direction: column; flex-grow: 1; justify-content: center;\">\n<div style=\"background-color: #f4f4f4; border-radius: 4px; flex-grow: 0; height: 14px; margin-bottom: 6px; width: 100px;\"><\/div>\n<div style=\"background-color: #f4f4f4; border-radius: 4px; flex-grow: 0; height: 14px; width: 60px;\"><\/div>\n<\/div>\n<\/div>\n<div style=\"padding: 19% 0;\"><\/div>\n<div style=\"display: block; height: 50px; margin: 0 auto 12px; width: 50px;\"><\/div>\n<div style=\"padding-top: 8px;\">\n<div style=\"color: #3897f0; font-family: Arial,sans-serif; font-size: 14px; font-style: normal; font-weight: 550; line-height: 18px;\">Ver esta publicaci\u00f3n en Instagram<\/div>\n<\/div>\n<div style=\"padding: 12.5% 0;\"><\/div>\n<div style=\"display: flex; flex-direction: row; margin-bottom: 14px; align-items: center;\">\n<div>\n<div style=\"background-color: #f4f4f4; border-radius: 50%; height: 12.5px; width: 12.5px; transform: translateX(0px) translateY(7px);\"><\/div>\n<div style=\"background-color: #f4f4f4; height: 12.5px; transform: rotate(-45deg) translateX(3px) translateY(1px); width: 12.5px; flex-grow: 0; margin-right: 14px; margin-left: 2px;\"><\/div>\n<div style=\"background-color: #f4f4f4; border-radius: 50%; height: 12.5px; width: 12.5px; transform: translateX(9px) translateY(-18px);\"><\/div>\n<\/div>\n<div style=\"margin-left: 8px;\">\n<div style=\"background-color: #f4f4f4; border-radius: 50%; flex-grow: 0; height: 20px; width: 20px;\"><\/div>\n<div style=\"width: 0; height: 0; border-top: 2px solid transparent; border-left: 6px solid #f4f4f4; border-bottom: 2px solid transparent; transform: translateX(16px) translateY(-4px) rotate(30deg);\"><\/div>\n<\/div>\n<div style=\"margin-left: auto;\">\n<div style=\"width: 0px; border-top: 8px solid #F4F4F4; border-right: 8px solid transparent; transform: translateY(16px);\"><\/div>\n<div style=\"background-color: #f4f4f4; flex-grow: 0; height: 12px; width: 16px; transform: translateY(-4px);\"><\/div>\n<div style=\"width: 0; height: 0; border-top: 8px solid #F4F4F4; border-left: 8px solid transparent; transform: translateY(-4px) translateX(8px);\"><\/div>\n<\/div>\n<\/div>\n<div style=\"display: flex; flex-direction: column; flex-grow: 1; justify-content: center; margin-bottom: 24px;\">\n<div style=\"background-color: #f4f4f4; border-radius: 4px; flex-grow: 0; height: 14px; margin-bottom: 6px; width: 224px;\"><\/div>\n<div style=\"background-color: #f4f4f4; border-radius: 4px; flex-grow: 0; height: 14px; width: 144px;\"><\/div>\n<\/div>\n<p>&nbsp;<\/p>\n<p style=\"color: #c9c8cd; font-family: Arial,sans-serif; font-size: 14px; line-height: 17px; margin-bottom: 0; margin-top: 8px; overflow: hidden; padding: 8px 0 7px; text-align: center; text-overflow: ellipsis; white-space: nowrap;\"><a style=\"color: #c9c8cd; font-family: Arial,sans-serif; font-size: 14px; font-style: normal; font-weight: normal; line-height: 17px; text-decoration: none;\" href=\"https:\/\/www.instagram.com\/p\/CtJ-juPLpEn\/?utm_source=ig_embed&amp;utm_campaign=loading\" target=\"_blank\" rel=\"noopener\">Una publicaci\u00f3n compartida de Sostenibilidad USMP (@sostenibilidad.usmp)<\/a><\/p>\n<\/div>\n<\/blockquote>\n<p><script async src=\"\/\/www.instagram.com\/embed.js\"><\/script><\/p>\n<p>Este acompa\u00f1amiento semanal y personalizado por parte de las voluntarias tuvo una capacitaci\u00f3n previa que estuvo a cargo de los docentes de la <strong>Escuela Profesional de Psicolog\u00eda de la FCCTP<\/strong>, quienes les ense\u00f1aron distintas destrezas y habilidades de ense\u00f1anza.<\/p>\n<p>Fueron m\u00e1s de 30 padres de familia quienes acudieron a estas sesiones y cuya \u00faltima se desarroll\u00f3 en el aula de Plan Lector, el pasado 31 de mayo, con presencia de la <strong>Lic. Emilia Andrade<\/strong>, <strong>coordinadora de la Oficina de Sostenibilidad<\/strong>, quien agradeci\u00f3 a cada participante por asistir a este espacio donde la escucha activa, la empat\u00eda y la comprensi\u00f3n fueron impulsadas para una mejor convivencia familiar.<\/p>\n<p>La clausura oficial de <strong>\u201cEscuela para padres\u201d<\/strong> y el reconocimiento por esta noble labor hacia las voluntarias tuvo lugar en el campus de la <strong>FCCTP<\/strong>, donde reafirmaron su compromiso con estas iniciativas de voluntariado que buscan aportar al cambio positivo de nuestra comunidad por medio de los <strong>Objetivos de Desarrollo Sostenible (ODS) de las Naciones Unidas<\/strong>.<\/p>\n<p>La\u00a0<strong>Oficina de Sostenibilidad<\/strong>\u00a0dise\u00f1a y ejecuta proyectos de alto impacto que promueven el desarrollo sostenible entre la comunidad FCCTP mediante valores human\u00edsticos, \u00e9ticos y c\u00edvicos. Para m\u00e1s informaci\u00f3n, puede visitar: <a href=\"https:\/\/fcctp.usmp.edu.pe\/sostenibilidad\/\">https:\/\/fcctp.usmp.edu.pe\/sostenibilidad\/<\/a><\/p>\n","protected":false},"excerpt":{"rendered":"<p>La Oficina de Sostenibilidad desarroll\u00f3 este programa que fortaleci\u00f3 las habilidades blandas y formas de ense\u00f1anza de los padres de familia de esta escuela. Distintas experiencias, aprendizajes, historias y mucho di\u00e1logo fue lo que se vivi\u00f3 en el proyecto \u201cEscuela para padres\u201d, programa que la Oficina de Sostenibilidad de la Facultad de Ciencias de la &#8230; <a title=\"Voluntarias de la FCCTP culminaron el proyecto \u201cEscuela para padres\u201d en colegio La Rinconada de San Juan de Miraflores\" class=\"read-more\" href=\"https:\/\/fcctp.usmp.edu.pe\/noticias\/sostenibilidad\/voluntarias-de-la-fcctp-culminaron-el-proyecto-escuela-para-padres-en-colegio-la-rinconada-de-san-juan-de-miraflores\/\" aria-label=\"More on Voluntarias de la FCCTP culminaron el proyecto \u201cEscuela para padres\u201d en colegio La Rinconada de San Juan de Miraflores\">Read more<\/a><\/p>\n","protected":false},"author":2,"featured_media":9394,"comment_status":"closed","ping_status":"closed","sticky":false,"template":"","format":"standard","meta":{"footnotes":""},"categories":[33],"tags":[47,46,52,74,91,98,51],"class_list":["post-9393","post","type-post","status-publish","format-standard","has-post-thumbnail","hentry","category-sostenibilidad","tag-home-fcctp","tag-lo-mas-destacado","tag-ods","tag-oficina-de-sostenibilidad","tag-onu","tag-psicologia","tag-sostenibilidad"],"yoast_head":"<!-- This site is optimized with the Yoast SEO plugin v28.3 - https:\/\/yoast.com\/product\/yoast-seo-wordpress\/ -->\n<title>Voluntarias de la FCCTP culminaron el proyecto \u201cEscuela para padres\u201d en colegio La Rinconada de San Juan de Miraflores - Noticias<\/title>\n<meta name=\"robots\" content=\"index, follow, max-snippet:-1, max-image-preview:large, max-video-preview:-1\" \/>\n<link rel=\"canonical\" href=\"https:\/\/fcctp.usmp.edu.pe\/noticias\/sostenibilidad\/voluntarias-de-la-fcctp-culminaron-el-proyecto-escuela-para-padres-en-colegio-la-rinconada-de-san-juan-de-miraflores\/\" \/>\n<meta property=\"og:locale\" content=\"es_ES\" \/>\n<meta property=\"og:type\" content=\"article\" \/>\n<meta property=\"og:title\" content=\"Voluntarias de la FCCTP culminaron el proyecto \u201cEscuela para padres\u201d en colegio La Rinconada de San Juan de Miraflores - Noticias\" \/>\n<meta property=\"og:description\" content=\"La Oficina de Sostenibilidad desarroll\u00f3 este programa que fortaleci\u00f3 las habilidades blandas y formas de ense\u00f1anza de los padres de familia de esta escuela. Distintas experiencias, aprendizajes, historias y mucho di\u00e1logo fue lo que se vivi\u00f3 en el proyecto \u201cEscuela para padres\u201d, programa que la Oficina de Sostenibilidad de la Facultad de Ciencias de la ... Read more\" \/>\n<meta property=\"og:url\" content=\"https:\/\/fcctp.usmp.edu.pe\/noticias\/sostenibilidad\/voluntarias-de-la-fcctp-culminaron-el-proyecto-escuela-para-padres-en-colegio-la-rinconada-de-san-juan-de-miraflores\/\" \/>\n<meta property=\"og:site_name\" content=\"Noticias\" \/>\n<meta property=\"article:publisher\" content=\"https:\/\/www.facebook.com\/fcctp\" \/>\n<meta property=\"article:published_time\" content=\"2023-06-12T16:54:35+00:00\" \/>\n<meta property=\"og:image\" content=\"https:\/\/fcctp.usmp.edu.pe\/noticias\/wp-content\/uploads\/2023\/06\/29-05_Noticias_Mesa-de-trabajo-1-copia-6.jpg\" \/>\n\t<meta property=\"og:image:width\" content=\"1251\" \/>\n\t<meta property=\"og:image:height\" content=\"793\" \/>\n\t<meta property=\"og:image:type\" content=\"image\/jpeg\" \/>\n<meta name=\"author\" content=\"Omar Huaman\" \/>\n<meta name=\"twitter:card\" content=\"summary_large_image\" \/>\n<meta name=\"twitter:creator\" content=\"@fcctp_usmp\" \/>\n<meta name=\"twitter:site\" content=\"@fcctp_usmp\" \/>\n<meta name=\"twitter:label1\" content=\"Written by\" \/>\n\t<meta name=\"twitter:data1\" content=\"Omar Huaman\" \/>\n\t<meta name=\"twitter:label2\" content=\"Est. reading time\" \/>\n\t<meta name=\"twitter:data2\" content=\"2 minutos\" \/>\n<script type=\"application\/ld+json\" class=\"yoast-schema-graph\">{\"@context\":\"https:\\\/\\\/schema.org\",\"@graph\":[{\"@type\":\"Article\",\"@id\":\"https:\\\/\\\/fcctp.usmp.edu.pe\\\/noticias\\\/sostenibilidad\\\/voluntarias-de-la-fcctp-culminaron-el-proyecto-escuela-para-padres-en-colegio-la-rinconada-de-san-juan-de-miraflores\\\/#article\",\"isPartOf\":{\"@id\":\"https:\\\/\\\/fcctp.usmp.edu.pe\\\/noticias\\\/sostenibilidad\\\/voluntarias-de-la-fcctp-culminaron-el-proyecto-escuela-para-padres-en-colegio-la-rinconada-de-san-juan-de-miraflores\\\/\"},\"author\":{\"name\":\"Omar Huaman\",\"@id\":\"https:\\\/\\\/fcctp.usmp.edu.pe\\\/noticias\\\/#\\\/schema\\\/person\\\/4fdff53bd44bf6f645fe381e079e1252\"},\"headline\":\"Voluntarias de la FCCTP culminaron el proyecto \u201cEscuela para padres\u201d en colegio La Rinconada de San Juan de Miraflores\",\"datePublished\":\"2023-06-12T16:54:35+00:00\",\"mainEntityOfPage\":{\"@id\":\"https:\\\/\\\/fcctp.usmp.edu.pe\\\/noticias\\\/sostenibilidad\\\/voluntarias-de-la-fcctp-culminaron-el-proyecto-escuela-para-padres-en-colegio-la-rinconada-de-san-juan-de-miraflores\\\/\"},\"wordCount\":454,\"publisher\":{\"@id\":\"https:\\\/\\\/fcctp.usmp.edu.pe\\\/noticias\\\/#organization\"},\"image\":{\"@id\":\"https:\\\/\\\/fcctp.usmp.edu.pe\\\/noticias\\\/sostenibilidad\\\/voluntarias-de-la-fcctp-culminaron-el-proyecto-escuela-para-padres-en-colegio-la-rinconada-de-san-juan-de-miraflores\\\/#primaryimage\"},\"thumbnailUrl\":\"https:\\\/\\\/fcctp.usmp.edu.pe\\\/noticias\\\/wp-content\\\/uploads\\\/2023\\\/06\\\/29-05_Noticias_Mesa-de-trabajo-1-copia-6.jpg\",\"keywords\":[\"Home FCCTP\",\"Lo mas destacado\",\"ODS\",\"Oficina de Sostenibilidad\",\"ONU\",\"Psicolog\u00eda\",\"Sostenibilidad\"],\"articleSection\":[\"Sostenibilidad\"],\"inLanguage\":\"es-PE\"},{\"@type\":\"WebPage\",\"@id\":\"https:\\\/\\\/fcctp.usmp.edu.pe\\\/noticias\\\/sostenibilidad\\\/voluntarias-de-la-fcctp-culminaron-el-proyecto-escuela-para-padres-en-colegio-la-rinconada-de-san-juan-de-miraflores\\\/\",\"url\":\"https:\\\/\\\/fcctp.usmp.edu.pe\\\/noticias\\\/sostenibilidad\\\/voluntarias-de-la-fcctp-culminaron-el-proyecto-escuela-para-padres-en-colegio-la-rinconada-de-san-juan-de-miraflores\\\/\",\"name\":\"Voluntarias de la FCCTP culminaron el proyecto \u201cEscuela para padres\u201d en colegio La Rinconada de San Juan de Miraflores - Noticias\",\"isPartOf\":{\"@id\":\"https:\\\/\\\/fcctp.usmp.edu.pe\\\/noticias\\\/#website\"},\"primaryImageOfPage\":{\"@id\":\"https:\\\/\\\/fcctp.usmp.edu.pe\\\/noticias\\\/sostenibilidad\\\/voluntarias-de-la-fcctp-culminaron-el-proyecto-escuela-para-padres-en-colegio-la-rinconada-de-san-juan-de-miraflores\\\/#primaryimage\"},\"image\":{\"@id\":\"https:\\\/\\\/fcctp.usmp.edu.pe\\\/noticias\\\/sostenibilidad\\\/voluntarias-de-la-fcctp-culminaron-el-proyecto-escuela-para-padres-en-colegio-la-rinconada-de-san-juan-de-miraflores\\\/#primaryimage\"},\"thumbnailUrl\":\"https:\\\/\\\/fcctp.usmp.edu.pe\\\/noticias\\\/wp-content\\\/uploads\\\/2023\\\/06\\\/29-05_Noticias_Mesa-de-trabajo-1-copia-6.jpg\",\"datePublished\":\"2023-06-12T16:54:35+00:00\",\"breadcrumb\":{\"@id\":\"https:\\\/\\\/fcctp.usmp.edu.pe\\\/noticias\\\/sostenibilidad\\\/voluntarias-de-la-fcctp-culminaron-el-proyecto-escuela-para-padres-en-colegio-la-rinconada-de-san-juan-de-miraflores\\\/#breadcrumb\"},\"inLanguage\":\"es-PE\",\"potentialAction\":[{\"@type\":\"ReadAction\",\"target\":[\"https:\\\/\\\/fcctp.usmp.edu.pe\\\/noticias\\\/sostenibilidad\\\/voluntarias-de-la-fcctp-culminaron-el-proyecto-escuela-para-padres-en-colegio-la-rinconada-de-san-juan-de-miraflores\\\/\"]}]},{\"@type\":\"ImageObject\",\"inLanguage\":\"es-PE\",\"@id\":\"https:\\\/\\\/fcctp.usmp.edu.pe\\\/noticias\\\/sostenibilidad\\\/voluntarias-de-la-fcctp-culminaron-el-proyecto-escuela-para-padres-en-colegio-la-rinconada-de-san-juan-de-miraflores\\\/#primaryimage\",\"url\":\"https:\\\/\\\/fcctp.usmp.edu.pe\\\/noticias\\\/wp-content\\\/uploads\\\/2023\\\/06\\\/29-05_Noticias_Mesa-de-trabajo-1-copia-6.jpg\",\"contentUrl\":\"https:\\\/\\\/fcctp.usmp.edu.pe\\\/noticias\\\/wp-content\\\/uploads\\\/2023\\\/06\\\/29-05_Noticias_Mesa-de-trabajo-1-copia-6.jpg\",\"width\":1251,\"height\":793,\"caption\":\"Clausura del Taller Escuela para Padres\"},{\"@type\":\"BreadcrumbList\",\"@id\":\"https:\\\/\\\/fcctp.usmp.edu.pe\\\/noticias\\\/sostenibilidad\\\/voluntarias-de-la-fcctp-culminaron-el-proyecto-escuela-para-padres-en-colegio-la-rinconada-de-san-juan-de-miraflores\\\/#breadcrumb\",\"itemListElement\":[{\"@type\":\"ListItem\",\"position\":1,\"name\":\"Portada\",\"item\":\"https:\\\/\\\/fcctp.usmp.edu.pe\\\/noticias\\\/\"},{\"@type\":\"ListItem\",\"position\":2,\"name\":\"Voluntarias de la FCCTP culminaron el proyecto \u201cEscuela para padres\u201d en colegio La Rinconada de San Juan de Miraflores\"}]},{\"@type\":\"WebSite\",\"@id\":\"https:\\\/\\\/fcctp.usmp.edu.pe\\\/noticias\\\/#website\",\"url\":\"https:\\\/\\\/fcctp.usmp.edu.pe\\\/noticias\\\/\",\"name\":\"Noticias FCCTP\",\"description\":\"Facultad de Ciencias de la Comunicaci\u00f3n, Turismo y Psicolog\u00eda\",\"publisher\":{\"@id\":\"https:\\\/\\\/fcctp.usmp.edu.pe\\\/noticias\\\/#organization\"},\"potentialAction\":[{\"@type\":\"SearchAction\",\"target\":{\"@type\":\"EntryPoint\",\"urlTemplate\":\"https:\\\/\\\/fcctp.usmp.edu.pe\\\/noticias\\\/?s={search_term_string}\"},\"query-input\":{\"@type\":\"PropertyValueSpecification\",\"valueRequired\":true,\"valueName\":\"search_term_string\"}}],\"inLanguage\":\"es-PE\"},{\"@type\":\"Organization\",\"@id\":\"https:\\\/\\\/fcctp.usmp.edu.pe\\\/noticias\\\/#organization\",\"name\":\"Facultad de Ciencias de la Comunicaci\u00f3n, Turismo y Psicolog\u00eda\",\"url\":\"https:\\\/\\\/fcctp.usmp.edu.pe\\\/noticias\\\/\",\"logo\":{\"@type\":\"ImageObject\",\"inLanguage\":\"es-PE\",\"@id\":\"https:\\\/\\\/fcctp.usmp.edu.pe\\\/noticias\\\/#\\\/schema\\\/logo\\\/image\\\/\",\"url\":\"https:\\\/\\\/fcctp.usmp.edu.pe\\\/noticias\\\/wp-content\\\/uploads\\\/2022\\\/03\\\/logoFCCTP_60.svg\",\"contentUrl\":\"https:\\\/\\\/fcctp.usmp.edu.pe\\\/noticias\\\/wp-content\\\/uploads\\\/2022\\\/03\\\/logoFCCTP_60.svg\",\"width\":347,\"height\":66,\"caption\":\"Facultad de Ciencias de la Comunicaci\u00f3n, Turismo y Psicolog\u00eda\"},\"image\":{\"@id\":\"https:\\\/\\\/fcctp.usmp.edu.pe\\\/noticias\\\/#\\\/schema\\\/logo\\\/image\\\/\"},\"sameAs\":[\"https:\\\/\\\/www.facebook.com\\\/fcctp\",\"https:\\\/\\\/x.com\\\/fcctp_usmp\",\"https:\\\/\\\/www.instagram.com\\\/fcctp_usmp\\\/\"]},{\"@type\":\"Person\",\"@id\":\"https:\\\/\\\/fcctp.usmp.edu.pe\\\/noticias\\\/#\\\/schema\\\/person\\\/4fdff53bd44bf6f645fe381e079e1252\",\"name\":\"Omar Huaman\",\"image\":{\"@type\":\"ImageObject\",\"inLanguage\":\"es-PE\",\"@id\":\"https:\\\/\\\/secure.gravatar.com\\\/avatar\\\/1ec290616e6e3dc043e286f62b87c0f992c4889ead141b3e3dfc70d018a983e0?s=96&d=mm&r=g\",\"url\":\"https:\\\/\\\/secure.gravatar.com\\\/avatar\\\/1ec290616e6e3dc043e286f62b87c0f992c4889ead141b3e3dfc70d018a983e0?s=96&d=mm&r=g\",\"contentUrl\":\"https:\\\/\\\/secure.gravatar.com\\\/avatar\\\/1ec290616e6e3dc043e286f62b87c0f992c4889ead141b3e3dfc70d018a983e0?s=96&d=mm&r=g\",\"caption\":\"Omar Huaman\"},\"url\":\"https:\\\/\\\/fcctp.usmp.edu.pe\\\/noticias\\\/author\\\/notieditor\\\/\"}]}<\/script>\n<!-- \/ Yoast SEO plugin. -->","yoast_head_json":{"title":"Voluntarias de la FCCTP culminaron el proyecto \u201cEscuela para padres\u201d en colegio La Rinconada de San Juan de Miraflores - Noticias","robots":{"index":"index","follow":"follow","max-snippet":"max-snippet:-1","max-image-preview":"max-image-preview:large","max-video-preview":"max-video-preview:-1"},"canonical":"https:\/\/fcctp.usmp.edu.pe\/noticias\/sostenibilidad\/voluntarias-de-la-fcctp-culminaron-el-proyecto-escuela-para-padres-en-colegio-la-rinconada-de-san-juan-de-miraflores\/","og_locale":"es_ES","og_type":"article","og_title":"Voluntarias de la FCCTP culminaron el proyecto \u201cEscuela para padres\u201d en colegio La Rinconada de San Juan de Miraflores - Noticias","og_description":"La Oficina de Sostenibilidad desarroll\u00f3 este programa que fortaleci\u00f3 las habilidades blandas y formas de ense\u00f1anza de los padres de familia de esta escuela. Distintas experiencias, aprendizajes, historias y mucho di\u00e1logo fue lo que se vivi\u00f3 en el proyecto \u201cEscuela para padres\u201d, programa que la Oficina de Sostenibilidad de la Facultad de Ciencias de la ... Read more","og_url":"https:\/\/fcctp.usmp.edu.pe\/noticias\/sostenibilidad\/voluntarias-de-la-fcctp-culminaron-el-proyecto-escuela-para-padres-en-colegio-la-rinconada-de-san-juan-de-miraflores\/","og_site_name":"Noticias","article_publisher":"https:\/\/www.facebook.com\/fcctp","article_published_time":"2023-06-12T16:54:35+00:00","og_image":[{"width":1251,"height":793,"url":"https:\/\/fcctp.usmp.edu.pe\/noticias\/wp-content\/uploads\/2023\/06\/29-05_Noticias_Mesa-de-trabajo-1-copia-6.jpg","type":"image\/jpeg"}],"author":"Omar Huaman","twitter_card":"summary_large_image","twitter_creator":"@fcctp_usmp","twitter_site":"@fcctp_usmp","twitter_misc":{"Written by":"Omar Huaman","Est. reading time":"2 minutos"},"schema":{"@context":"https:\/\/schema.org","@graph":[{"@type":"Article","@id":"https:\/\/fcctp.usmp.edu.pe\/noticias\/sostenibilidad\/voluntarias-de-la-fcctp-culminaron-el-proyecto-escuela-para-padres-en-colegio-la-rinconada-de-san-juan-de-miraflores\/#article","isPartOf":{"@id":"https:\/\/fcctp.usmp.edu.pe\/noticias\/sostenibilidad\/voluntarias-de-la-fcctp-culminaron-el-proyecto-escuela-para-padres-en-colegio-la-rinconada-de-san-juan-de-miraflores\/"},"author":{"name":"Omar Huaman","@id":"https:\/\/fcctp.usmp.edu.pe\/noticias\/#\/schema\/person\/4fdff53bd44bf6f645fe381e079e1252"},"headline":"Voluntarias de la FCCTP culminaron el proyecto \u201cEscuela para padres\u201d en colegio La Rinconada de San Juan de Miraflores","datePublished":"2023-06-12T16:54:35+00:00","mainEntityOfPage":{"@id":"https:\/\/fcctp.usmp.edu.pe\/noticias\/sostenibilidad\/voluntarias-de-la-fcctp-culminaron-el-proyecto-escuela-para-padres-en-colegio-la-rinconada-de-san-juan-de-miraflores\/"},"wordCount":454,"publisher":{"@id":"https:\/\/fcctp.usmp.edu.pe\/noticias\/#organization"},"image":{"@id":"https:\/\/fcctp.usmp.edu.pe\/noticias\/sostenibilidad\/voluntarias-de-la-fcctp-culminaron-el-proyecto-escuela-para-padres-en-colegio-la-rinconada-de-san-juan-de-miraflores\/#primaryimage"},"thumbnailUrl":"https:\/\/fcctp.usmp.edu.pe\/noticias\/wp-content\/uploads\/2023\/06\/29-05_Noticias_Mesa-de-trabajo-1-copia-6.jpg","keywords":["Home FCCTP","Lo mas destacado","ODS","Oficina de Sostenibilidad","ONU","Psicolog\u00eda","Sostenibilidad"],"articleSection":["Sostenibilidad"],"inLanguage":"es-PE"},{"@type":"WebPage","@id":"https:\/\/fcctp.usmp.edu.pe\/noticias\/sostenibilidad\/voluntarias-de-la-fcctp-culminaron-el-proyecto-escuela-para-padres-en-colegio-la-rinconada-de-san-juan-de-miraflores\/","url":"https:\/\/fcctp.usmp.edu.pe\/noticias\/sostenibilidad\/voluntarias-de-la-fcctp-culminaron-el-proyecto-escuela-para-padres-en-colegio-la-rinconada-de-san-juan-de-miraflores\/","name":"Voluntarias de la FCCTP culminaron el proyecto \u201cEscuela para padres\u201d en colegio La Rinconada de San Juan de Miraflores - Noticias","isPartOf":{"@id":"https:\/\/fcctp.usmp.edu.pe\/noticias\/#website"},"primaryImageOfPage":{"@id":"https:\/\/fcctp.usmp.edu.pe\/noticias\/sostenibilidad\/voluntarias-de-la-fcctp-culminaron-el-proyecto-escuela-para-padres-en-colegio-la-rinconada-de-san-juan-de-miraflores\/#primaryimage"},"image":{"@id":"https:\/\/fcctp.usmp.edu.pe\/noticias\/sostenibilidad\/voluntarias-de-la-fcctp-culminaron-el-proyecto-escuela-para-padres-en-colegio-la-rinconada-de-san-juan-de-miraflores\/#primaryimage"},"thumbnailUrl":"https:\/\/fcctp.usmp.edu.pe\/noticias\/wp-content\/uploads\/2023\/06\/29-05_Noticias_Mesa-de-trabajo-1-copia-6.jpg","datePublished":"2023-06-12T16:54:35+00:00","breadcrumb":{"@id":"https:\/\/fcctp.usmp.edu.pe\/noticias\/sostenibilidad\/voluntarias-de-la-fcctp-culminaron-el-proyecto-escuela-para-padres-en-colegio-la-rinconada-de-san-juan-de-miraflores\/#breadcrumb"},"inLanguage":"es-PE","potentialAction":[{"@type":"ReadAction","target":["https:\/\/fcctp.usmp.edu.pe\/noticias\/sostenibilidad\/voluntarias-de-la-fcctp-culminaron-el-proyecto-escuela-para-padres-en-colegio-la-rinconada-de-san-juan-de-miraflores\/"]}]},{"@type":"ImageObject","inLanguage":"es-PE","@id":"https:\/\/fcctp.usmp.edu.pe\/noticias\/sostenibilidad\/voluntarias-de-la-fcctp-culminaron-el-proyecto-escuela-para-padres-en-colegio-la-rinconada-de-san-juan-de-miraflores\/#primaryimage","url":"https:\/\/fcctp.usmp.edu.pe\/noticias\/wp-content\/uploads\/2023\/06\/29-05_Noticias_Mesa-de-trabajo-1-copia-6.jpg","contentUrl":"https:\/\/fcctp.usmp.edu.pe\/noticias\/wp-content\/uploads\/2023\/06\/29-05_Noticias_Mesa-de-trabajo-1-copia-6.jpg","width":1251,"height":793,"caption":"Clausura del Taller Escuela para Padres"},{"@type":"BreadcrumbList","@id":"https:\/\/fcctp.usmp.edu.pe\/noticias\/sostenibilidad\/voluntarias-de-la-fcctp-culminaron-el-proyecto-escuela-para-padres-en-colegio-la-rinconada-de-san-juan-de-miraflores\/#breadcrumb","itemListElement":[{"@type":"ListItem","position":1,"name":"Portada","item":"https:\/\/fcctp.usmp.edu.pe\/noticias\/"},{"@type":"ListItem","position":2,"name":"Voluntarias de la FCCTP culminaron el proyecto \u201cEscuela para padres\u201d en colegio La Rinconada de San Juan de Miraflores"}]},{"@type":"WebSite","@id":"https:\/\/fcctp.usmp.edu.pe\/noticias\/#website","url":"https:\/\/fcctp.usmp.edu.pe\/noticias\/","name":"Noticias FCCTP","description":"Facultad de Ciencias de la Comunicaci\u00f3n, Turismo y Psicolog\u00eda","publisher":{"@id":"https:\/\/fcctp.usmp.edu.pe\/noticias\/#organization"},"potentialAction":[{"@type":"SearchAction","target":{"@type":"EntryPoint","urlTemplate":"https:\/\/fcctp.usmp.edu.pe\/noticias\/?s={search_term_string}"},"query-input":{"@type":"PropertyValueSpecification","valueRequired":true,"valueName":"search_term_string"}}],"inLanguage":"es-PE"},{"@type":"Organization","@id":"https:\/\/fcctp.usmp.edu.pe\/noticias\/#organization","name":"Facultad de Ciencias de la Comunicaci\u00f3n, Turismo y Psicolog\u00eda","url":"https:\/\/fcctp.usmp.edu.pe\/noticias\/","logo":{"@type":"ImageObject","inLanguage":"es-PE","@id":"https:\/\/fcctp.usmp.edu.pe\/noticias\/#\/schema\/logo\/image\/","url":"https:\/\/fcctp.usmp.edu.pe\/noticias\/wp-content\/uploads\/2022\/03\/logoFCCTP_60.svg","contentUrl":"https:\/\/fcctp.usmp.edu.pe\/noticias\/wp-content\/uploads\/2022\/03\/logoFCCTP_60.svg","width":347,"height":66,"caption":"Facultad de Ciencias de la Comunicaci\u00f3n, Turismo y Psicolog\u00eda"},"image":{"@id":"https:\/\/fcctp.usmp.edu.pe\/noticias\/#\/schema\/logo\/image\/"},"sameAs":["https:\/\/www.facebook.com\/fcctp","https:\/\/x.com\/fcctp_usmp","https:\/\/www.instagram.com\/fcctp_usmp\/"]},{"@type":"Person","@id":"https:\/\/fcctp.usmp.edu.pe\/noticias\/#\/schema\/person\/4fdff53bd44bf6f645fe381e079e1252","name":"Omar Huaman","image":{"@type":"ImageObject","inLanguage":"es-PE","@id":"https:\/\/secure.gravatar.com\/avatar\/1ec290616e6e3dc043e286f62b87c0f992c4889ead141b3e3dfc70d018a983e0?s=96&d=mm&r=g","url":"https:\/\/secure.gravatar.com\/avatar\/1ec290616e6e3dc043e286f62b87c0f992c4889ead141b3e3dfc70d018a983e0?s=96&d=mm&r=g","contentUrl":"https:\/\/secure.gravatar.com\/avatar\/1ec290616e6e3dc043e286f62b87c0f992c4889ead141b3e3dfc70d018a983e0?s=96&d=mm&r=g","caption":"Omar Huaman"},"url":"https:\/\/fcctp.usmp.edu.pe\/noticias\/author\/notieditor\/"}]}},"_links":{"self":[{"href":"https:\/\/fcctp.usmp.edu.pe\/noticias\/wp-json\/wp\/v2\/posts\/9393","targetHints":{"allow":["GET"]}}],"collection":[{"href":"https:\/\/fcctp.usmp.edu.pe\/noticias\/wp-json\/wp\/v2\/posts"}],"about":[{"href":"https:\/\/fcctp.usmp.edu.pe\/noticias\/wp-json\/wp\/v2\/types\/post"}],"author":[{"embeddable":true,"href":"https:\/\/fcctp.usmp.edu.pe\/noticias\/wp-json\/wp\/v2\/users\/2"}],"replies":[{"embeddable":true,"href":"https:\/\/fcctp.usmp.edu.pe\/noticias\/wp-json\/wp\/v2\/comments?post=9393"}],"version-history":[{"count":2,"href":"https:\/\/fcctp.usmp.edu.pe\/noticias\/wp-json\/wp\/v2\/posts\/9393\/revisions"}],"predecessor-version":[{"id":9396,"href":"https:\/\/fcctp.usmp.edu.pe\/noticias\/wp-json\/wp\/v2\/posts\/9393\/revisions\/9396"}],"wp:featuredmedia":[{"embeddable":true,"href":"https:\/\/fcctp.usmp.edu.pe\/noticias\/wp-json\/wp\/v2\/media\/9394"}],"wp:attachment":[{"href":"https:\/\/fcctp.usmp.edu.pe\/noticias\/wp-json\/wp\/v2\/media?parent=9393"}],"wp:term":[{"taxonomy":"category","embeddable":true,"href":"https:\/\/fcctp.usmp.edu.pe\/noticias\/wp-json\/wp\/v2\/categories?post=9393"},{"taxonomy":"post_tag","embeddable":true,"href":"https:\/\/fcctp.usmp.edu.pe\/noticias\/wp-json\/wp\/v2\/tags?post=9393"}],"curies":[{"name":"wp","href":"https:\/\/api.w.org\/{rel}","templated":true}]}}