{"id":9383,"date":"2023-06-01T17:39:48","date_gmt":"2023-06-01T17:39:48","guid":{"rendered":"https:\/\/fcctp.usmp.edu.pe\/noticias\/?p=9383"},"modified":"2023-06-01T21:21:41","modified_gmt":"2023-06-01T21:21:41","slug":"la-dra-amybel-sanchez-de-walther-decana-la-fcctp-fue-reelegida-como-directora-y-delegada-academica-para-el-periodo-2023-de-la-global-alliance","status":"publish","type":"post","link":"https:\/\/fcctp.usmp.edu.pe\/noticias\/actividades-destacadas\/la-dra-amybel-sanchez-de-walther-decana-la-fcctp-fue-reelegida-como-directora-y-delegada-academica-para-el-periodo-2023-de-la-global-alliance\/","title":{"rendered":"La Dra. Amybel S\u00e1nchez de Walther, decana la FCCTP, fue reelegida como directora y delegada acad\u00e9mica para el periodo 2023-2025 de la Global Alliance"},"content":{"rendered":"<p>La <strong>Dra. Amybel S\u00e1nchez de Walther<\/strong>, decana de la <strong>Facultad de Ciencias de la Comunicaci\u00f3n, Turismo y Psicolog\u00eda (FCCTP)<\/strong>, ha sido reelegida como directora y delegada general en la <strong>Representaci\u00f3n Acad\u00e9mica e Investigaci\u00f3n<\/strong> de la <strong>Global Alliance<\/strong> para el periodo 2023-2025. Esta distinguida designaci\u00f3n reconoce sus valiosas contribuciones al desarrollo de la investigaci\u00f3n cient\u00edfica en el campo de las relaciones p\u00fablicas.<\/p>\n<p>La reelecci\u00f3n de la <strong>Dra. S\u00e1nchez de Walther<\/strong> tuvo lugar durante la <strong>21.\u00aa Asamblea General Anual de la Global Alliance for Public Relations and Communication Management<\/strong>, celebrada el pasado 15 de mayo en Lusaka, la capital de Zambia. Esta asamblea cont\u00f3 con la participaci\u00f3n de destacados miembros de la Junta Directiva.<\/p>\n<p>La <strong>Global Alliance<\/strong> representa a 280 000 acad\u00e9micos de los principales organismos regionales e internacionales en el \u00e1mbito de las relaciones p\u00fablicas. La <strong>Dra. S\u00e1nchez de Walther<\/strong> se une a otros profesionales l\u00edderes, acad\u00e9micos y representantes de asociaciones industriales y de capacitaci\u00f3n en su funci\u00f3n de directora y delegada general, que desempe\u00f1ar\u00e1 durante el periodo 2023-2025.<\/p>\n<p>En su rol dentro del comit\u00e9 de <strong>Representaci\u00f3n Acad\u00e9mica e Investigaci\u00f3n<\/strong>, la decana colaborar\u00e1 con tres destacados expertos en la materia: el Dr. Jude Genilo, de la University of Liberal Arts of Bangladesh; el Dr. Wole Adamolekum, de la Elizade University de Nigeria; y \u00c1ngel Alloza, CEO de Corporate Excellence &#8211; Center for Reputation Leadership de Espa\u00f1a.<\/p>\n<p>Cabe destacar que la <strong>Dra. S\u00e1nchez de Walther<\/strong> ya ocup\u00f3 el cargo de directora regional para Latinoam\u00e9rica durante el periodo 2019-2020, siendo nombrada durante la <strong>17.\u00aa Asamblea General Anual<\/strong> en Sao Paulo el 6 de abril de 2019.<\/p>\n<p>La <strong>Global Alliance<\/strong> es una organizaci\u00f3n global, diversa y multicultural que representa a profesionales de diferentes religiones, culturas y sociedades. Su misi\u00f3n es promover la importancia de la comunicaci\u00f3n como base para establecer relaciones fruct\u00edferas y positivas en los entornos en los que operamos.<\/p>\n<p>Felicitamos a la <strong>Dra. Amybel S\u00e1nchez de Walther<\/strong> por su destacada designaci\u00f3n en esta importante organizaci\u00f3n y nos sentimos orgullosos de contar con su experiencia y compromiso en la investigaci\u00f3n acad\u00e9mica en el campo de las comunicaciones y las relaciones p\u00fablicas durante el periodo 2023-2025.<\/p>\n","protected":false},"excerpt":{"rendered":"<p>La Dra. Amybel S\u00e1nchez de Walther, decana de la Facultad de Ciencias de la Comunicaci\u00f3n, Turismo y Psicolog\u00eda (FCCTP), ha sido reelegida como directora y delegada general en la Representaci\u00f3n Acad\u00e9mica e Investigaci\u00f3n de la Global Alliance para el periodo 2023-2025. Esta distinguida designaci\u00f3n reconoce sus valiosas contribuciones al desarrollo de la investigaci\u00f3n cient\u00edfica en &#8230; <a title=\"La Dra. Amybel S\u00e1nchez de Walther, decana la FCCTP, fue reelegida como directora y delegada acad\u00e9mica para el periodo 2023-2025 de la Global Alliance\" class=\"read-more\" href=\"https:\/\/fcctp.usmp.edu.pe\/noticias\/actividades-destacadas\/la-dra-amybel-sanchez-de-walther-decana-la-fcctp-fue-reelegida-como-directora-y-delegada-academica-para-el-periodo-2023-de-la-global-alliance\/\" aria-label=\"More on La Dra. Amybel S\u00e1nchez de Walther, decana la FCCTP, fue reelegida como directora y delegada acad\u00e9mica para el periodo 2023-2025 de la Global Alliance\">Read more<\/a><\/p>\n","protected":false},"author":2,"featured_media":9384,"comment_status":"closed","ping_status":"closed","sticky":false,"template":"","format":"standard","meta":{"footnotes":""},"categories":[31],"tags":[96,101,99,47,46,100],"class_list":["post-9383","post","type-post","status-publish","format-standard","has-post-thumbnail","hentry","category-actividades-destacadas","tag-amybel-sanchez-de-walther","tag-decana-fcctp","tag-global-alliance","tag-home-fcctp","tag-lo-mas-destacado","tag-relaciones-publicas"],"yoast_head":"<!-- This site is optimized with the Yoast SEO plugin v28.3 - https:\/\/yoast.com\/product\/yoast-seo-wordpress\/ -->\n<title>La Dra. Amybel S\u00e1nchez de Walther, decana la FCCTP, fue reelegida como directora y delegada acad\u00e9mica para el periodo 2023-2025 de la Global Alliance - Noticias<\/title>\n<meta name=\"robots\" content=\"index, follow, max-snippet:-1, max-image-preview:large, max-video-preview:-1\" \/>\n<link rel=\"canonical\" href=\"https:\/\/fcctp.usmp.edu.pe\/noticias\/actividades-destacadas\/la-dra-amybel-sanchez-de-walther-decana-la-fcctp-fue-reelegida-como-directora-y-delegada-academica-para-el-periodo-2023-de-la-global-alliance\/\" \/>\n<meta property=\"og:locale\" content=\"es_ES\" \/>\n<meta property=\"og:type\" content=\"article\" \/>\n<meta property=\"og:title\" content=\"La Dra. Amybel S\u00e1nchez de Walther, decana la FCCTP, fue reelegida como directora y delegada acad\u00e9mica para el periodo 2023-2025 de la Global Alliance - Noticias\" \/>\n<meta property=\"og:description\" content=\"La Dra. Amybel S\u00e1nchez de Walther, decana de la Facultad de Ciencias de la Comunicaci\u00f3n, Turismo y Psicolog\u00eda (FCCTP), ha sido reelegida como directora y delegada general en la Representaci\u00f3n Acad\u00e9mica e Investigaci\u00f3n de la Global Alliance para el periodo 2023-2025. Esta distinguida designaci\u00f3n reconoce sus valiosas contribuciones al desarrollo de la investigaci\u00f3n cient\u00edfica en ... Read more\" \/>\n<meta property=\"og:url\" content=\"https:\/\/fcctp.usmp.edu.pe\/noticias\/actividades-destacadas\/la-dra-amybel-sanchez-de-walther-decana-la-fcctp-fue-reelegida-como-directora-y-delegada-academica-para-el-periodo-2023-de-la-global-alliance\/\" \/>\n<meta property=\"og:site_name\" content=\"Noticias\" \/>\n<meta property=\"article:publisher\" content=\"https:\/\/www.facebook.com\/fcctp\" \/>\n<meta property=\"article:published_time\" content=\"2023-06-01T17:39:48+00:00\" \/>\n<meta property=\"article:modified_time\" content=\"2023-06-01T21:21:41+00:00\" \/>\n<meta property=\"og:image\" content=\"https:\/\/fcctp.usmp.edu.pe\/noticias\/wp-content\/uploads\/2023\/06\/GYZPCWYR6BEKXNI4F6CYEGWIFM.jpg\" \/>\n\t<meta property=\"og:image:width\" content=\"1600\" \/>\n\t<meta property=\"og:image:height\" content=\"1066\" \/>\n\t<meta property=\"og:image:type\" content=\"image\/jpeg\" \/>\n<meta name=\"author\" content=\"Omar Huaman\" \/>\n<meta name=\"twitter:card\" content=\"summary_large_image\" \/>\n<meta name=\"twitter:creator\" content=\"@fcctp_usmp\" \/>\n<meta name=\"twitter:site\" content=\"@fcctp_usmp\" \/>\n<meta name=\"twitter:label1\" content=\"Written by\" \/>\n\t<meta name=\"twitter:data1\" content=\"Omar Huaman\" \/>\n\t<meta name=\"twitter:label2\" content=\"Est. reading time\" \/>\n\t<meta name=\"twitter:data2\" content=\"2 minutos\" \/>\n<script type=\"application\/ld+json\" class=\"yoast-schema-graph\">{\"@context\":\"https:\\\/\\\/schema.org\",\"@graph\":[{\"@type\":\"Article\",\"@id\":\"https:\\\/\\\/fcctp.usmp.edu.pe\\\/noticias\\\/actividades-destacadas\\\/la-dra-amybel-sanchez-de-walther-decana-la-fcctp-fue-reelegida-como-directora-y-delegada-academica-para-el-periodo-2023-de-la-global-alliance\\\/#article\",\"isPartOf\":{\"@id\":\"https:\\\/\\\/fcctp.usmp.edu.pe\\\/noticias\\\/actividades-destacadas\\\/la-dra-amybel-sanchez-de-walther-decana-la-fcctp-fue-reelegida-como-directora-y-delegada-academica-para-el-periodo-2023-de-la-global-alliance\\\/\"},\"author\":{\"name\":\"Omar Huaman\",\"@id\":\"https:\\\/\\\/fcctp.usmp.edu.pe\\\/noticias\\\/#\\\/schema\\\/person\\\/4fdff53bd44bf6f645fe381e079e1252\"},\"headline\":\"La Dra. Amybel S\u00e1nchez de Walther, decana la FCCTP, fue reelegida como directora y delegada acad\u00e9mica para el periodo 2023-2025 de la Global Alliance\",\"datePublished\":\"2023-06-01T17:39:48+00:00\",\"dateModified\":\"2023-06-01T21:21:41+00:00\",\"mainEntityOfPage\":{\"@id\":\"https:\\\/\\\/fcctp.usmp.edu.pe\\\/noticias\\\/actividades-destacadas\\\/la-dra-amybel-sanchez-de-walther-decana-la-fcctp-fue-reelegida-como-directora-y-delegada-academica-para-el-periodo-2023-de-la-global-alliance\\\/\"},\"wordCount\":408,\"publisher\":{\"@id\":\"https:\\\/\\\/fcctp.usmp.edu.pe\\\/noticias\\\/#organization\"},\"image\":{\"@id\":\"https:\\\/\\\/fcctp.usmp.edu.pe\\\/noticias\\\/actividades-destacadas\\\/la-dra-amybel-sanchez-de-walther-decana-la-fcctp-fue-reelegida-como-directora-y-delegada-academica-para-el-periodo-2023-de-la-global-alliance\\\/#primaryimage\"},\"thumbnailUrl\":\"https:\\\/\\\/fcctp.usmp.edu.pe\\\/noticias\\\/wp-content\\\/uploads\\\/2023\\\/06\\\/GYZPCWYR6BEKXNI4F6CYEGWIFM.jpg\",\"keywords\":[\"Amybel S\u00e1nchez de Walther\",\"Decana FCCTP\",\"Global Alliance\",\"Home FCCTP\",\"Lo mas destacado\",\"Relaciones P\u00fablicas\"],\"articleSection\":[\"Actividades destacadas\"],\"inLanguage\":\"es-PE\"},{\"@type\":\"WebPage\",\"@id\":\"https:\\\/\\\/fcctp.usmp.edu.pe\\\/noticias\\\/actividades-destacadas\\\/la-dra-amybel-sanchez-de-walther-decana-la-fcctp-fue-reelegida-como-directora-y-delegada-academica-para-el-periodo-2023-de-la-global-alliance\\\/\",\"url\":\"https:\\\/\\\/fcctp.usmp.edu.pe\\\/noticias\\\/actividades-destacadas\\\/la-dra-amybel-sanchez-de-walther-decana-la-fcctp-fue-reelegida-como-directora-y-delegada-academica-para-el-periodo-2023-de-la-global-alliance\\\/\",\"name\":\"La Dra. Amybel S\u00e1nchez de Walther, decana la FCCTP, fue reelegida como directora y delegada acad\u00e9mica para el periodo 2023-2025 de la Global Alliance - Noticias\",\"isPartOf\":{\"@id\":\"https:\\\/\\\/fcctp.usmp.edu.pe\\\/noticias\\\/#website\"},\"primaryImageOfPage\":{\"@id\":\"https:\\\/\\\/fcctp.usmp.edu.pe\\\/noticias\\\/actividades-destacadas\\\/la-dra-amybel-sanchez-de-walther-decana-la-fcctp-fue-reelegida-como-directora-y-delegada-academica-para-el-periodo-2023-de-la-global-alliance\\\/#primaryimage\"},\"image\":{\"@id\":\"https:\\\/\\\/fcctp.usmp.edu.pe\\\/noticias\\\/actividades-destacadas\\\/la-dra-amybel-sanchez-de-walther-decana-la-fcctp-fue-reelegida-como-directora-y-delegada-academica-para-el-periodo-2023-de-la-global-alliance\\\/#primaryimage\"},\"thumbnailUrl\":\"https:\\\/\\\/fcctp.usmp.edu.pe\\\/noticias\\\/wp-content\\\/uploads\\\/2023\\\/06\\\/GYZPCWYR6BEKXNI4F6CYEGWIFM.jpg\",\"datePublished\":\"2023-06-01T17:39:48+00:00\",\"dateModified\":\"2023-06-01T21:21:41+00:00\",\"breadcrumb\":{\"@id\":\"https:\\\/\\\/fcctp.usmp.edu.pe\\\/noticias\\\/actividades-destacadas\\\/la-dra-amybel-sanchez-de-walther-decana-la-fcctp-fue-reelegida-como-directora-y-delegada-academica-para-el-periodo-2023-de-la-global-alliance\\\/#breadcrumb\"},\"inLanguage\":\"es-PE\",\"potentialAction\":[{\"@type\":\"ReadAction\",\"target\":[\"https:\\\/\\\/fcctp.usmp.edu.pe\\\/noticias\\\/actividades-destacadas\\\/la-dra-amybel-sanchez-de-walther-decana-la-fcctp-fue-reelegida-como-directora-y-delegada-academica-para-el-periodo-2023-de-la-global-alliance\\\/\"]}]},{\"@type\":\"ImageObject\",\"inLanguage\":\"es-PE\",\"@id\":\"https:\\\/\\\/fcctp.usmp.edu.pe\\\/noticias\\\/actividades-destacadas\\\/la-dra-amybel-sanchez-de-walther-decana-la-fcctp-fue-reelegida-como-directora-y-delegada-academica-para-el-periodo-2023-de-la-global-alliance\\\/#primaryimage\",\"url\":\"https:\\\/\\\/fcctp.usmp.edu.pe\\\/noticias\\\/wp-content\\\/uploads\\\/2023\\\/06\\\/GYZPCWYR6BEKXNI4F6CYEGWIFM.jpg\",\"contentUrl\":\"https:\\\/\\\/fcctp.usmp.edu.pe\\\/noticias\\\/wp-content\\\/uploads\\\/2023\\\/06\\\/GYZPCWYR6BEKXNI4F6CYEGWIFM.jpg\",\"width\":1600,\"height\":1066,\"caption\":\"Decana Amybel S\u00e1nchez de Walther\"},{\"@type\":\"BreadcrumbList\",\"@id\":\"https:\\\/\\\/fcctp.usmp.edu.pe\\\/noticias\\\/actividades-destacadas\\\/la-dra-amybel-sanchez-de-walther-decana-la-fcctp-fue-reelegida-como-directora-y-delegada-academica-para-el-periodo-2023-de-la-global-alliance\\\/#breadcrumb\",\"itemListElement\":[{\"@type\":\"ListItem\",\"position\":1,\"name\":\"Portada\",\"item\":\"https:\\\/\\\/fcctp.usmp.edu.pe\\\/noticias\\\/\"},{\"@type\":\"ListItem\",\"position\":2,\"name\":\"La Dra. Amybel S\u00e1nchez de Walther, decana la FCCTP, fue reelegida como directora y delegada acad\u00e9mica para el periodo 2023-2025 de la Global Alliance\"}]},{\"@type\":\"WebSite\",\"@id\":\"https:\\\/\\\/fcctp.usmp.edu.pe\\\/noticias\\\/#website\",\"url\":\"https:\\\/\\\/fcctp.usmp.edu.pe\\\/noticias\\\/\",\"name\":\"Noticias FCCTP\",\"description\":\"Facultad de Ciencias de la Comunicaci\u00f3n, Turismo y Psicolog\u00eda\",\"publisher\":{\"@id\":\"https:\\\/\\\/fcctp.usmp.edu.pe\\\/noticias\\\/#organization\"},\"potentialAction\":[{\"@type\":\"SearchAction\",\"target\":{\"@type\":\"EntryPoint\",\"urlTemplate\":\"https:\\\/\\\/fcctp.usmp.edu.pe\\\/noticias\\\/?s={search_term_string}\"},\"query-input\":{\"@type\":\"PropertyValueSpecification\",\"valueRequired\":true,\"valueName\":\"search_term_string\"}}],\"inLanguage\":\"es-PE\"},{\"@type\":\"Organization\",\"@id\":\"https:\\\/\\\/fcctp.usmp.edu.pe\\\/noticias\\\/#organization\",\"name\":\"Facultad de Ciencias de la Comunicaci\u00f3n, Turismo y Psicolog\u00eda\",\"url\":\"https:\\\/\\\/fcctp.usmp.edu.pe\\\/noticias\\\/\",\"logo\":{\"@type\":\"ImageObject\",\"inLanguage\":\"es-PE\",\"@id\":\"https:\\\/\\\/fcctp.usmp.edu.pe\\\/noticias\\\/#\\\/schema\\\/logo\\\/image\\\/\",\"url\":\"https:\\\/\\\/fcctp.usmp.edu.pe\\\/noticias\\\/wp-content\\\/uploads\\\/2022\\\/03\\\/logoFCCTP_60.svg\",\"contentUrl\":\"https:\\\/\\\/fcctp.usmp.edu.pe\\\/noticias\\\/wp-content\\\/uploads\\\/2022\\\/03\\\/logoFCCTP_60.svg\",\"width\":347,\"height\":66,\"caption\":\"Facultad de Ciencias de la Comunicaci\u00f3n, Turismo y Psicolog\u00eda\"},\"image\":{\"@id\":\"https:\\\/\\\/fcctp.usmp.edu.pe\\\/noticias\\\/#\\\/schema\\\/logo\\\/image\\\/\"},\"sameAs\":[\"https:\\\/\\\/www.facebook.com\\\/fcctp\",\"https:\\\/\\\/x.com\\\/fcctp_usmp\",\"https:\\\/\\\/www.instagram.com\\\/fcctp_usmp\\\/\"]},{\"@type\":\"Person\",\"@id\":\"https:\\\/\\\/fcctp.usmp.edu.pe\\\/noticias\\\/#\\\/schema\\\/person\\\/4fdff53bd44bf6f645fe381e079e1252\",\"name\":\"Omar Huaman\",\"image\":{\"@type\":\"ImageObject\",\"inLanguage\":\"es-PE\",\"@id\":\"https:\\\/\\\/secure.gravatar.com\\\/avatar\\\/1ec290616e6e3dc043e286f62b87c0f992c4889ead141b3e3dfc70d018a983e0?s=96&d=mm&r=g\",\"url\":\"https:\\\/\\\/secure.gravatar.com\\\/avatar\\\/1ec290616e6e3dc043e286f62b87c0f992c4889ead141b3e3dfc70d018a983e0?s=96&d=mm&r=g\",\"contentUrl\":\"https:\\\/\\\/secure.gravatar.com\\\/avatar\\\/1ec290616e6e3dc043e286f62b87c0f992c4889ead141b3e3dfc70d018a983e0?s=96&d=mm&r=g\",\"caption\":\"Omar Huaman\"},\"url\":\"https:\\\/\\\/fcctp.usmp.edu.pe\\\/noticias\\\/author\\\/notieditor\\\/\"}]}<\/script>\n<!-- \/ Yoast SEO plugin. -->","yoast_head_json":{"title":"La Dra. Amybel S\u00e1nchez de Walther, decana la FCCTP, fue reelegida como directora y delegada acad\u00e9mica para el periodo 2023-2025 de la Global Alliance - Noticias","robots":{"index":"index","follow":"follow","max-snippet":"max-snippet:-1","max-image-preview":"max-image-preview:large","max-video-preview":"max-video-preview:-1"},"canonical":"https:\/\/fcctp.usmp.edu.pe\/noticias\/actividades-destacadas\/la-dra-amybel-sanchez-de-walther-decana-la-fcctp-fue-reelegida-como-directora-y-delegada-academica-para-el-periodo-2023-de-la-global-alliance\/","og_locale":"es_ES","og_type":"article","og_title":"La Dra. Amybel S\u00e1nchez de Walther, decana la FCCTP, fue reelegida como directora y delegada acad\u00e9mica para el periodo 2023-2025 de la Global Alliance - Noticias","og_description":"La Dra. Amybel S\u00e1nchez de Walther, decana de la Facultad de Ciencias de la Comunicaci\u00f3n, Turismo y Psicolog\u00eda (FCCTP), ha sido reelegida como directora y delegada general en la Representaci\u00f3n Acad\u00e9mica e Investigaci\u00f3n de la Global Alliance para el periodo 2023-2025. Esta distinguida designaci\u00f3n reconoce sus valiosas contribuciones al desarrollo de la investigaci\u00f3n cient\u00edfica en ... Read more","og_url":"https:\/\/fcctp.usmp.edu.pe\/noticias\/actividades-destacadas\/la-dra-amybel-sanchez-de-walther-decana-la-fcctp-fue-reelegida-como-directora-y-delegada-academica-para-el-periodo-2023-de-la-global-alliance\/","og_site_name":"Noticias","article_publisher":"https:\/\/www.facebook.com\/fcctp","article_published_time":"2023-06-01T17:39:48+00:00","article_modified_time":"2023-06-01T21:21:41+00:00","og_image":[{"width":1600,"height":1066,"url":"https:\/\/fcctp.usmp.edu.pe\/noticias\/wp-content\/uploads\/2023\/06\/GYZPCWYR6BEKXNI4F6CYEGWIFM.jpg","type":"image\/jpeg"}],"author":"Omar Huaman","twitter_card":"summary_large_image","twitter_creator":"@fcctp_usmp","twitter_site":"@fcctp_usmp","twitter_misc":{"Written by":"Omar Huaman","Est. reading time":"2 minutos"},"schema":{"@context":"https:\/\/schema.org","@graph":[{"@type":"Article","@id":"https:\/\/fcctp.usmp.edu.pe\/noticias\/actividades-destacadas\/la-dra-amybel-sanchez-de-walther-decana-la-fcctp-fue-reelegida-como-directora-y-delegada-academica-para-el-periodo-2023-de-la-global-alliance\/#article","isPartOf":{"@id":"https:\/\/fcctp.usmp.edu.pe\/noticias\/actividades-destacadas\/la-dra-amybel-sanchez-de-walther-decana-la-fcctp-fue-reelegida-como-directora-y-delegada-academica-para-el-periodo-2023-de-la-global-alliance\/"},"author":{"name":"Omar Huaman","@id":"https:\/\/fcctp.usmp.edu.pe\/noticias\/#\/schema\/person\/4fdff53bd44bf6f645fe381e079e1252"},"headline":"La Dra. Amybel S\u00e1nchez de Walther, decana la FCCTP, fue reelegida como directora y delegada acad\u00e9mica para el periodo 2023-2025 de la Global Alliance","datePublished":"2023-06-01T17:39:48+00:00","dateModified":"2023-06-01T21:21:41+00:00","mainEntityOfPage":{"@id":"https:\/\/fcctp.usmp.edu.pe\/noticias\/actividades-destacadas\/la-dra-amybel-sanchez-de-walther-decana-la-fcctp-fue-reelegida-como-directora-y-delegada-academica-para-el-periodo-2023-de-la-global-alliance\/"},"wordCount":408,"publisher":{"@id":"https:\/\/fcctp.usmp.edu.pe\/noticias\/#organization"},"image":{"@id":"https:\/\/fcctp.usmp.edu.pe\/noticias\/actividades-destacadas\/la-dra-amybel-sanchez-de-walther-decana-la-fcctp-fue-reelegida-como-directora-y-delegada-academica-para-el-periodo-2023-de-la-global-alliance\/#primaryimage"},"thumbnailUrl":"https:\/\/fcctp.usmp.edu.pe\/noticias\/wp-content\/uploads\/2023\/06\/GYZPCWYR6BEKXNI4F6CYEGWIFM.jpg","keywords":["Amybel S\u00e1nchez de Walther","Decana FCCTP","Global Alliance","Home FCCTP","Lo mas destacado","Relaciones P\u00fablicas"],"articleSection":["Actividades destacadas"],"inLanguage":"es-PE"},{"@type":"WebPage","@id":"https:\/\/fcctp.usmp.edu.pe\/noticias\/actividades-destacadas\/la-dra-amybel-sanchez-de-walther-decana-la-fcctp-fue-reelegida-como-directora-y-delegada-academica-para-el-periodo-2023-de-la-global-alliance\/","url":"https:\/\/fcctp.usmp.edu.pe\/noticias\/actividades-destacadas\/la-dra-amybel-sanchez-de-walther-decana-la-fcctp-fue-reelegida-como-directora-y-delegada-academica-para-el-periodo-2023-de-la-global-alliance\/","name":"La Dra. Amybel S\u00e1nchez de Walther, decana la FCCTP, fue reelegida como directora y delegada acad\u00e9mica para el periodo 2023-2025 de la Global Alliance - Noticias","isPartOf":{"@id":"https:\/\/fcctp.usmp.edu.pe\/noticias\/#website"},"primaryImageOfPage":{"@id":"https:\/\/fcctp.usmp.edu.pe\/noticias\/actividades-destacadas\/la-dra-amybel-sanchez-de-walther-decana-la-fcctp-fue-reelegida-como-directora-y-delegada-academica-para-el-periodo-2023-de-la-global-alliance\/#primaryimage"},"image":{"@id":"https:\/\/fcctp.usmp.edu.pe\/noticias\/actividades-destacadas\/la-dra-amybel-sanchez-de-walther-decana-la-fcctp-fue-reelegida-como-directora-y-delegada-academica-para-el-periodo-2023-de-la-global-alliance\/#primaryimage"},"thumbnailUrl":"https:\/\/fcctp.usmp.edu.pe\/noticias\/wp-content\/uploads\/2023\/06\/GYZPCWYR6BEKXNI4F6CYEGWIFM.jpg","datePublished":"2023-06-01T17:39:48+00:00","dateModified":"2023-06-01T21:21:41+00:00","breadcrumb":{"@id":"https:\/\/fcctp.usmp.edu.pe\/noticias\/actividades-destacadas\/la-dra-amybel-sanchez-de-walther-decana-la-fcctp-fue-reelegida-como-directora-y-delegada-academica-para-el-periodo-2023-de-la-global-alliance\/#breadcrumb"},"inLanguage":"es-PE","potentialAction":[{"@type":"ReadAction","target":["https:\/\/fcctp.usmp.edu.pe\/noticias\/actividades-destacadas\/la-dra-amybel-sanchez-de-walther-decana-la-fcctp-fue-reelegida-como-directora-y-delegada-academica-para-el-periodo-2023-de-la-global-alliance\/"]}]},{"@type":"ImageObject","inLanguage":"es-PE","@id":"https:\/\/fcctp.usmp.edu.pe\/noticias\/actividades-destacadas\/la-dra-amybel-sanchez-de-walther-decana-la-fcctp-fue-reelegida-como-directora-y-delegada-academica-para-el-periodo-2023-de-la-global-alliance\/#primaryimage","url":"https:\/\/fcctp.usmp.edu.pe\/noticias\/wp-content\/uploads\/2023\/06\/GYZPCWYR6BEKXNI4F6CYEGWIFM.jpg","contentUrl":"https:\/\/fcctp.usmp.edu.pe\/noticias\/wp-content\/uploads\/2023\/06\/GYZPCWYR6BEKXNI4F6CYEGWIFM.jpg","width":1600,"height":1066,"caption":"Decana Amybel S\u00e1nchez de Walther"},{"@type":"BreadcrumbList","@id":"https:\/\/fcctp.usmp.edu.pe\/noticias\/actividades-destacadas\/la-dra-amybel-sanchez-de-walther-decana-la-fcctp-fue-reelegida-como-directora-y-delegada-academica-para-el-periodo-2023-de-la-global-alliance\/#breadcrumb","itemListElement":[{"@type":"ListItem","position":1,"name":"Portada","item":"https:\/\/fcctp.usmp.edu.pe\/noticias\/"},{"@type":"ListItem","position":2,"name":"La Dra. Amybel S\u00e1nchez de Walther, decana la FCCTP, fue reelegida como directora y delegada acad\u00e9mica para el periodo 2023-2025 de la Global Alliance"}]},{"@type":"WebSite","@id":"https:\/\/fcctp.usmp.edu.pe\/noticias\/#website","url":"https:\/\/fcctp.usmp.edu.pe\/noticias\/","name":"Noticias FCCTP","description":"Facultad de Ciencias de la Comunicaci\u00f3n, Turismo y Psicolog\u00eda","publisher":{"@id":"https:\/\/fcctp.usmp.edu.pe\/noticias\/#organization"},"potentialAction":[{"@type":"SearchAction","target":{"@type":"EntryPoint","urlTemplate":"https:\/\/fcctp.usmp.edu.pe\/noticias\/?s={search_term_string}"},"query-input":{"@type":"PropertyValueSpecification","valueRequired":true,"valueName":"search_term_string"}}],"inLanguage":"es-PE"},{"@type":"Organization","@id":"https:\/\/fcctp.usmp.edu.pe\/noticias\/#organization","name":"Facultad de Ciencias de la Comunicaci\u00f3n, Turismo y Psicolog\u00eda","url":"https:\/\/fcctp.usmp.edu.pe\/noticias\/","logo":{"@type":"ImageObject","inLanguage":"es-PE","@id":"https:\/\/fcctp.usmp.edu.pe\/noticias\/#\/schema\/logo\/image\/","url":"https:\/\/fcctp.usmp.edu.pe\/noticias\/wp-content\/uploads\/2022\/03\/logoFCCTP_60.svg","contentUrl":"https:\/\/fcctp.usmp.edu.pe\/noticias\/wp-content\/uploads\/2022\/03\/logoFCCTP_60.svg","width":347,"height":66,"caption":"Facultad de Ciencias de la Comunicaci\u00f3n, Turismo y Psicolog\u00eda"},"image":{"@id":"https:\/\/fcctp.usmp.edu.pe\/noticias\/#\/schema\/logo\/image\/"},"sameAs":["https:\/\/www.facebook.com\/fcctp","https:\/\/x.com\/fcctp_usmp","https:\/\/www.instagram.com\/fcctp_usmp\/"]},{"@type":"Person","@id":"https:\/\/fcctp.usmp.edu.pe\/noticias\/#\/schema\/person\/4fdff53bd44bf6f645fe381e079e1252","name":"Omar Huaman","image":{"@type":"ImageObject","inLanguage":"es-PE","@id":"https:\/\/secure.gravatar.com\/avatar\/1ec290616e6e3dc043e286f62b87c0f992c4889ead141b3e3dfc70d018a983e0?s=96&d=mm&r=g","url":"https:\/\/secure.gravatar.com\/avatar\/1ec290616e6e3dc043e286f62b87c0f992c4889ead141b3e3dfc70d018a983e0?s=96&d=mm&r=g","contentUrl":"https:\/\/secure.gravatar.com\/avatar\/1ec290616e6e3dc043e286f62b87c0f992c4889ead141b3e3dfc70d018a983e0?s=96&d=mm&r=g","caption":"Omar Huaman"},"url":"https:\/\/fcctp.usmp.edu.pe\/noticias\/author\/notieditor\/"}]}},"_links":{"self":[{"href":"https:\/\/fcctp.usmp.edu.pe\/noticias\/wp-json\/wp\/v2\/posts\/9383","targetHints":{"allow":["GET"]}}],"collection":[{"href":"https:\/\/fcctp.usmp.edu.pe\/noticias\/wp-json\/wp\/v2\/posts"}],"about":[{"href":"https:\/\/fcctp.usmp.edu.pe\/noticias\/wp-json\/wp\/v2\/types\/post"}],"author":[{"embeddable":true,"href":"https:\/\/fcctp.usmp.edu.pe\/noticias\/wp-json\/wp\/v2\/users\/2"}],"replies":[{"embeddable":true,"href":"https:\/\/fcctp.usmp.edu.pe\/noticias\/wp-json\/wp\/v2\/comments?post=9383"}],"version-history":[{"count":2,"href":"https:\/\/fcctp.usmp.edu.pe\/noticias\/wp-json\/wp\/v2\/posts\/9383\/revisions"}],"predecessor-version":[{"id":9386,"href":"https:\/\/fcctp.usmp.edu.pe\/noticias\/wp-json\/wp\/v2\/posts\/9383\/revisions\/9386"}],"wp:featuredmedia":[{"embeddable":true,"href":"https:\/\/fcctp.usmp.edu.pe\/noticias\/wp-json\/wp\/v2\/media\/9384"}],"wp:attachment":[{"href":"https:\/\/fcctp.usmp.edu.pe\/noticias\/wp-json\/wp\/v2\/media?parent=9383"}],"wp:term":[{"taxonomy":"category","embeddable":true,"href":"https:\/\/fcctp.usmp.edu.pe\/noticias\/wp-json\/wp\/v2\/categories?post=9383"},{"taxonomy":"post_tag","embeddable":true,"href":"https:\/\/fcctp.usmp.edu.pe\/noticias\/wp-json\/wp\/v2\/tags?post=9383"}],"curies":[{"name":"wp","href":"https:\/\/api.w.org\/{rel}","templated":true}]}}