{"id":9376,"date":"2023-05-29T19:50:41","date_gmt":"2023-05-29T19:50:41","guid":{"rendered":"https:\/\/fcctp.usmp.edu.pe\/noticias\/?p=9376"},"modified":"2023-05-30T16:30:03","modified_gmt":"2023-05-30T16:30:03","slug":"dia-por-la-salud-mental-mira-como-promovimos-la-gestion-responsable-de-emociones-en-nuestros-estudiantes","status":"publish","type":"post","link":"https:\/\/fcctp.usmp.edu.pe\/noticias\/sostenibilidad\/dia-por-la-salud-mental-mira-como-promovimos-la-gestion-responsable-de-emociones-en-nuestros-estudiantes\/","title":{"rendered":"D\u00eda por la Salud Mental: \u00a1Mira c\u00f3mo promovimos la gesti\u00f3n responsable de emociones en nuestros estudiantes!"},"content":{"rendered":"<p style=\"text-align: center;\"><em>La Oficina de Sostenibilidad de la FCCTP organiz\u00f3 una activaci\u00f3n en la que varios j\u00f3venes aprendieron t\u00e9cnicas para hacerle frente al estr\u00e9s y la ansiedad en la universidad.<\/em><\/p>\n<p>La <strong>Oficina de Sostenibilidad<\/strong>, en un trabajo conjunto con la<strong> Unidad M\u00e9dica<\/strong> <strong>de la Facultad de Ciencias de la Comunicaci\u00f3n, Turismo y Psicolog\u00eda (FCCTP)<\/strong>, organiz\u00f3 el \u00faltimo viernes 19 de mayo el <strong>D\u00eda por la Salud Mental<\/strong> con el fin de promover el cuidado del bienestar emocional de nuestros estudiantes.<\/p>\n<p>Esta activaci\u00f3n, que se realiz\u00f3 en el campus, tuvo la participaci\u00f3n especial de la <strong>ONG Asociaci\u00f3n Equilibrio<\/strong>, cuya misi\u00f3n es desarrollar actividades y programas sociales en favor de la salud emocional mediante actividades educativas, deportivas y art\u00edsticas.<\/p>\n<p>De esta forma, distintos alumnos de nuestras tres escuelas profesionales se acercaron para sumarse a esta activaci\u00f3n que cont\u00f3 con diversos talleres de dibujo, charlas al aire libre y sesiones l\u00fadicas en las cuales aprendieron t\u00e9cnicas de abordaje de emociones cuando se encuentren en situaciones estresantes.<\/p>\n<p><center><iframe loading=\"lazy\" style=\"border: none; overflow: hidden;\" src=\"https:\/\/www.facebook.com\/plugins\/post.php?href=https%3A%2F%2Fwww.facebook.com%2Fusmpsostenible%2Fposts%2Fpfbid02wxnPFF8cM9zyVyTe3QHDFH1Mk4KmutiocVYZYBLweire98MeUDwZTgAyTCjUMffMl&amp;show_text=true&amp;width=500\" width=\"500\" height=\"729\" frameborder=\"0\" scrolling=\"no\" allowfullscreen=\"allowfullscreen\"><\/iframe><\/center><center><\/center>Cabe resaltar que este evento de la <strong>Oficina de Sostenibilidad<\/strong> forma parte de su plan de trabajo que va alineado a la <strong>Agenda 2030 para el Desarrollo Sostenible de las Naciones Unidas<\/strong>. En el caso del <strong>D\u00eda por la Salud Mental<\/strong>, esta actividad cumpli\u00f3 con los siguientes <strong>Objetivos de Desarrollo Sostenible (ODS):<\/strong><\/p>\n<ul>\n<li><strong>Objetivo 3 \u2013 Salud y Bienestar:<\/strong> El proyecto busc\u00f3 promover el bienestar emocional de los estudiantes de las tres escuelas profesionales a trav\u00e9s de la ense\u00f1anza de t\u00e9cnicas de gesti\u00f3n responsable de las emociones.<\/li>\n<li><strong>Objetivo 4 \u2013 Educaci\u00f3n de Calidad:<\/strong> El evento proporcion\u00f3 una capacitaci\u00f3n pr\u00e1ctica en t\u00e9cnicas de gesti\u00f3n emocional a los estudiantes universitarios, lo que les ayud\u00f3 a mejorar su rendimiento acad\u00e9mico y su calidad de vida.<\/li>\n<li><strong>Objetivo 11 \u2013 Ciudades y Comunidades Sostenibles:<\/strong> Al fomentar la gesti\u00f3n emocional y el bienestar de los estudiantes, el proyecto contribuy\u00f3 a crear comunidades universitarias m\u00e1s saludables y equilibradas.<\/li>\n<li><strong>Objetivo 17 \u2013 Alianzas para Lograr los Objetivos:<\/strong> La activaci\u00f3n fue una colaboraci\u00f3n entre diferentes \u00e1reas de la FCCTP y la Asociaci\u00f3n Equilibrio, demostrando la importancia de las alianzas para lograr objetivos sostenibles en el \u00e1mbito universitario.<\/li>\n<\/ul>\n<p>El <strong>D\u00eda por la Salud Mental<\/strong> se desarroll\u00f3 en base a las conclusiones de estudios recientes que indican que los estudiantes universitarios presentan altos niveles de estr\u00e9s y ansiedad, lo que puede afectar negativamente su rendimiento acad\u00e9mico, su bienestar emocional y su capacidad para permanecer en la universidad.<\/p>\n<p>La <strong>Oficina de Sostenibilidad<\/strong> dise\u00f1a y ejecuta proyectos de alto impacto que promueven el desarrollo sostenible entre la comunidad FCCTP mediante valores human\u00edsticos, \u00e9ticos y c\u00edvicos. Para m\u00e1s informaci\u00f3n, puede visitar: https:\/\/fcctp.usmp.edu.pe\/sostenibilidad\/<\/p>\n","protected":false},"excerpt":{"rendered":"<p>La Oficina de Sostenibilidad de la FCCTP organiz\u00f3 una activaci\u00f3n en la que varios j\u00f3venes aprendieron t\u00e9cnicas para hacerle frente al estr\u00e9s y la ansiedad en la universidad. La Oficina de Sostenibilidad, en un trabajo conjunto con la Unidad M\u00e9dica de la Facultad de Ciencias de la Comunicaci\u00f3n, Turismo y Psicolog\u00eda (FCCTP), organiz\u00f3 el \u00faltimo &#8230; <a title=\"D\u00eda por la Salud Mental: \u00a1Mira c\u00f3mo promovimos la gesti\u00f3n responsable de emociones en nuestros estudiantes!\" class=\"read-more\" href=\"https:\/\/fcctp.usmp.edu.pe\/noticias\/sostenibilidad\/dia-por-la-salud-mental-mira-como-promovimos-la-gestion-responsable-de-emociones-en-nuestros-estudiantes\/\" aria-label=\"More on D\u00eda por la Salud Mental: \u00a1Mira c\u00f3mo promovimos la gesti\u00f3n responsable de emociones en nuestros estudiantes!\">Read more<\/a><\/p>\n","protected":false},"author":2,"featured_media":9377,"comment_status":"closed","ping_status":"closed","sticky":false,"template":"","format":"standard","meta":{"footnotes":""},"categories":[33],"tags":[92,47,46,52,98,97,51],"class_list":["post-9376","post","type-post","status-publish","format-standard","has-post-thumbnail","hentry","category-sostenibilidad","tag-desarrollo-sostenible","tag-home-fcctp","tag-lo-mas-destacado","tag-ods","tag-psicologia","tag-salud-mental","tag-sostenibilidad"],"yoast_head":"<!-- This site is optimized with the Yoast SEO plugin v28.3 - https:\/\/yoast.com\/product\/yoast-seo-wordpress\/ -->\n<title>D\u00eda por la Salud Mental: \u00a1Mira c\u00f3mo promovimos la gesti\u00f3n responsable de emociones en nuestros estudiantes! - Noticias<\/title>\n<meta name=\"robots\" content=\"index, follow, max-snippet:-1, max-image-preview:large, max-video-preview:-1\" \/>\n<link rel=\"canonical\" href=\"https:\/\/fcctp.usmp.edu.pe\/noticias\/sostenibilidad\/dia-por-la-salud-mental-mira-como-promovimos-la-gestion-responsable-de-emociones-en-nuestros-estudiantes\/\" \/>\n<meta property=\"og:locale\" content=\"es_ES\" \/>\n<meta property=\"og:type\" content=\"article\" \/>\n<meta property=\"og:title\" content=\"D\u00eda por la Salud Mental: \u00a1Mira c\u00f3mo promovimos la gesti\u00f3n responsable de emociones en nuestros estudiantes! - Noticias\" \/>\n<meta property=\"og:description\" content=\"La Oficina de Sostenibilidad de la FCCTP organiz\u00f3 una activaci\u00f3n en la que varios j\u00f3venes aprendieron t\u00e9cnicas para hacerle frente al estr\u00e9s y la ansiedad en la universidad. La Oficina de Sostenibilidad, en un trabajo conjunto con la Unidad M\u00e9dica de la Facultad de Ciencias de la Comunicaci\u00f3n, Turismo y Psicolog\u00eda (FCCTP), organiz\u00f3 el \u00faltimo ... Read more\" \/>\n<meta property=\"og:url\" content=\"https:\/\/fcctp.usmp.edu.pe\/noticias\/sostenibilidad\/dia-por-la-salud-mental-mira-como-promovimos-la-gestion-responsable-de-emociones-en-nuestros-estudiantes\/\" \/>\n<meta property=\"og:site_name\" content=\"Noticias\" \/>\n<meta property=\"article:publisher\" content=\"https:\/\/www.facebook.com\/fcctp\" \/>\n<meta property=\"article:published_time\" content=\"2023-05-29T19:50:41+00:00\" \/>\n<meta property=\"article:modified_time\" content=\"2023-05-30T16:30:03+00:00\" \/>\n<meta property=\"og:image\" content=\"https:\/\/fcctp.usmp.edu.pe\/noticias\/wp-content\/uploads\/2023\/05\/29-05_Noticias_Mesa-de-trabajo-1-copia.jpg\" \/>\n\t<meta property=\"og:image:width\" content=\"1501\" \/>\n\t<meta property=\"og:image:height\" content=\"938\" \/>\n\t<meta property=\"og:image:type\" content=\"image\/jpeg\" \/>\n<meta name=\"author\" content=\"Omar Huaman\" \/>\n<meta name=\"twitter:card\" content=\"summary_large_image\" \/>\n<meta name=\"twitter:creator\" content=\"@fcctp_usmp\" \/>\n<meta name=\"twitter:site\" content=\"@fcctp_usmp\" \/>\n<meta name=\"twitter:label1\" content=\"Written by\" \/>\n\t<meta name=\"twitter:data1\" content=\"Omar Huaman\" \/>\n\t<meta name=\"twitter:label2\" content=\"Est. reading time\" \/>\n\t<meta name=\"twitter:data2\" content=\"2 minutos\" \/>\n<script type=\"application\/ld+json\" class=\"yoast-schema-graph\">{\"@context\":\"https:\\\/\\\/schema.org\",\"@graph\":[{\"@type\":\"Article\",\"@id\":\"https:\\\/\\\/fcctp.usmp.edu.pe\\\/noticias\\\/sostenibilidad\\\/dia-por-la-salud-mental-mira-como-promovimos-la-gestion-responsable-de-emociones-en-nuestros-estudiantes\\\/#article\",\"isPartOf\":{\"@id\":\"https:\\\/\\\/fcctp.usmp.edu.pe\\\/noticias\\\/sostenibilidad\\\/dia-por-la-salud-mental-mira-como-promovimos-la-gestion-responsable-de-emociones-en-nuestros-estudiantes\\\/\"},\"author\":{\"name\":\"Omar Huaman\",\"@id\":\"https:\\\/\\\/fcctp.usmp.edu.pe\\\/noticias\\\/#\\\/schema\\\/person\\\/4fdff53bd44bf6f645fe381e079e1252\"},\"headline\":\"D\u00eda por la Salud Mental: \u00a1Mira c\u00f3mo promovimos la gesti\u00f3n responsable de emociones en nuestros estudiantes!\",\"datePublished\":\"2023-05-29T19:50:41+00:00\",\"dateModified\":\"2023-05-30T16:30:03+00:00\",\"mainEntityOfPage\":{\"@id\":\"https:\\\/\\\/fcctp.usmp.edu.pe\\\/noticias\\\/sostenibilidad\\\/dia-por-la-salud-mental-mira-como-promovimos-la-gestion-responsable-de-emociones-en-nuestros-estudiantes\\\/\"},\"wordCount\":482,\"publisher\":{\"@id\":\"https:\\\/\\\/fcctp.usmp.edu.pe\\\/noticias\\\/#organization\"},\"image\":{\"@id\":\"https:\\\/\\\/fcctp.usmp.edu.pe\\\/noticias\\\/sostenibilidad\\\/dia-por-la-salud-mental-mira-como-promovimos-la-gestion-responsable-de-emociones-en-nuestros-estudiantes\\\/#primaryimage\"},\"thumbnailUrl\":\"https:\\\/\\\/fcctp.usmp.edu.pe\\\/noticias\\\/wp-content\\\/uploads\\\/2023\\\/05\\\/29-05_Noticias_Mesa-de-trabajo-1-copia.jpg\",\"keywords\":[\"Desarrollo Sostenible\",\"Home FCCTP\",\"Lo mas destacado\",\"ODS\",\"Psicolog\u00eda\",\"Salud mental\",\"Sostenibilidad\"],\"articleSection\":[\"Sostenibilidad\"],\"inLanguage\":\"es-PE\"},{\"@type\":\"WebPage\",\"@id\":\"https:\\\/\\\/fcctp.usmp.edu.pe\\\/noticias\\\/sostenibilidad\\\/dia-por-la-salud-mental-mira-como-promovimos-la-gestion-responsable-de-emociones-en-nuestros-estudiantes\\\/\",\"url\":\"https:\\\/\\\/fcctp.usmp.edu.pe\\\/noticias\\\/sostenibilidad\\\/dia-por-la-salud-mental-mira-como-promovimos-la-gestion-responsable-de-emociones-en-nuestros-estudiantes\\\/\",\"name\":\"D\u00eda por la Salud Mental: \u00a1Mira c\u00f3mo promovimos la gesti\u00f3n responsable de emociones en nuestros estudiantes! - Noticias\",\"isPartOf\":{\"@id\":\"https:\\\/\\\/fcctp.usmp.edu.pe\\\/noticias\\\/#website\"},\"primaryImageOfPage\":{\"@id\":\"https:\\\/\\\/fcctp.usmp.edu.pe\\\/noticias\\\/sostenibilidad\\\/dia-por-la-salud-mental-mira-como-promovimos-la-gestion-responsable-de-emociones-en-nuestros-estudiantes\\\/#primaryimage\"},\"image\":{\"@id\":\"https:\\\/\\\/fcctp.usmp.edu.pe\\\/noticias\\\/sostenibilidad\\\/dia-por-la-salud-mental-mira-como-promovimos-la-gestion-responsable-de-emociones-en-nuestros-estudiantes\\\/#primaryimage\"},\"thumbnailUrl\":\"https:\\\/\\\/fcctp.usmp.edu.pe\\\/noticias\\\/wp-content\\\/uploads\\\/2023\\\/05\\\/29-05_Noticias_Mesa-de-trabajo-1-copia.jpg\",\"datePublished\":\"2023-05-29T19:50:41+00:00\",\"dateModified\":\"2023-05-30T16:30:03+00:00\",\"breadcrumb\":{\"@id\":\"https:\\\/\\\/fcctp.usmp.edu.pe\\\/noticias\\\/sostenibilidad\\\/dia-por-la-salud-mental-mira-como-promovimos-la-gestion-responsable-de-emociones-en-nuestros-estudiantes\\\/#breadcrumb\"},\"inLanguage\":\"es-PE\",\"potentialAction\":[{\"@type\":\"ReadAction\",\"target\":[\"https:\\\/\\\/fcctp.usmp.edu.pe\\\/noticias\\\/sostenibilidad\\\/dia-por-la-salud-mental-mira-como-promovimos-la-gestion-responsable-de-emociones-en-nuestros-estudiantes\\\/\"]}]},{\"@type\":\"ImageObject\",\"inLanguage\":\"es-PE\",\"@id\":\"https:\\\/\\\/fcctp.usmp.edu.pe\\\/noticias\\\/sostenibilidad\\\/dia-por-la-salud-mental-mira-como-promovimos-la-gestion-responsable-de-emociones-en-nuestros-estudiantes\\\/#primaryimage\",\"url\":\"https:\\\/\\\/fcctp.usmp.edu.pe\\\/noticias\\\/wp-content\\\/uploads\\\/2023\\\/05\\\/29-05_Noticias_Mesa-de-trabajo-1-copia.jpg\",\"contentUrl\":\"https:\\\/\\\/fcctp.usmp.edu.pe\\\/noticias\\\/wp-content\\\/uploads\\\/2023\\\/05\\\/29-05_Noticias_Mesa-de-trabajo-1-copia.jpg\",\"width\":1501,\"height\":938,\"caption\":\"D\u00eda por la Salud Mental - Sostenibilidad\"},{\"@type\":\"BreadcrumbList\",\"@id\":\"https:\\\/\\\/fcctp.usmp.edu.pe\\\/noticias\\\/sostenibilidad\\\/dia-por-la-salud-mental-mira-como-promovimos-la-gestion-responsable-de-emociones-en-nuestros-estudiantes\\\/#breadcrumb\",\"itemListElement\":[{\"@type\":\"ListItem\",\"position\":1,\"name\":\"Portada\",\"item\":\"https:\\\/\\\/fcctp.usmp.edu.pe\\\/noticias\\\/\"},{\"@type\":\"ListItem\",\"position\":2,\"name\":\"D\u00eda por la Salud Mental: \u00a1Mira c\u00f3mo promovimos la gesti\u00f3n responsable de emociones en nuestros estudiantes!\"}]},{\"@type\":\"WebSite\",\"@id\":\"https:\\\/\\\/fcctp.usmp.edu.pe\\\/noticias\\\/#website\",\"url\":\"https:\\\/\\\/fcctp.usmp.edu.pe\\\/noticias\\\/\",\"name\":\"Noticias FCCTP\",\"description\":\"Facultad de Ciencias de la Comunicaci\u00f3n, Turismo y Psicolog\u00eda\",\"publisher\":{\"@id\":\"https:\\\/\\\/fcctp.usmp.edu.pe\\\/noticias\\\/#organization\"},\"potentialAction\":[{\"@type\":\"SearchAction\",\"target\":{\"@type\":\"EntryPoint\",\"urlTemplate\":\"https:\\\/\\\/fcctp.usmp.edu.pe\\\/noticias\\\/?s={search_term_string}\"},\"query-input\":{\"@type\":\"PropertyValueSpecification\",\"valueRequired\":true,\"valueName\":\"search_term_string\"}}],\"inLanguage\":\"es-PE\"},{\"@type\":\"Organization\",\"@id\":\"https:\\\/\\\/fcctp.usmp.edu.pe\\\/noticias\\\/#organization\",\"name\":\"Facultad de Ciencias de la Comunicaci\u00f3n, Turismo y Psicolog\u00eda\",\"url\":\"https:\\\/\\\/fcctp.usmp.edu.pe\\\/noticias\\\/\",\"logo\":{\"@type\":\"ImageObject\",\"inLanguage\":\"es-PE\",\"@id\":\"https:\\\/\\\/fcctp.usmp.edu.pe\\\/noticias\\\/#\\\/schema\\\/logo\\\/image\\\/\",\"url\":\"https:\\\/\\\/fcctp.usmp.edu.pe\\\/noticias\\\/wp-content\\\/uploads\\\/2022\\\/03\\\/logoFCCTP_60.svg\",\"contentUrl\":\"https:\\\/\\\/fcctp.usmp.edu.pe\\\/noticias\\\/wp-content\\\/uploads\\\/2022\\\/03\\\/logoFCCTP_60.svg\",\"width\":347,\"height\":66,\"caption\":\"Facultad de Ciencias de la Comunicaci\u00f3n, Turismo y Psicolog\u00eda\"},\"image\":{\"@id\":\"https:\\\/\\\/fcctp.usmp.edu.pe\\\/noticias\\\/#\\\/schema\\\/logo\\\/image\\\/\"},\"sameAs\":[\"https:\\\/\\\/www.facebook.com\\\/fcctp\",\"https:\\\/\\\/x.com\\\/fcctp_usmp\",\"https:\\\/\\\/www.instagram.com\\\/fcctp_usmp\\\/\"]},{\"@type\":\"Person\",\"@id\":\"https:\\\/\\\/fcctp.usmp.edu.pe\\\/noticias\\\/#\\\/schema\\\/person\\\/4fdff53bd44bf6f645fe381e079e1252\",\"name\":\"Omar Huaman\",\"image\":{\"@type\":\"ImageObject\",\"inLanguage\":\"es-PE\",\"@id\":\"https:\\\/\\\/secure.gravatar.com\\\/avatar\\\/1ec290616e6e3dc043e286f62b87c0f992c4889ead141b3e3dfc70d018a983e0?s=96&d=mm&r=g\",\"url\":\"https:\\\/\\\/secure.gravatar.com\\\/avatar\\\/1ec290616e6e3dc043e286f62b87c0f992c4889ead141b3e3dfc70d018a983e0?s=96&d=mm&r=g\",\"contentUrl\":\"https:\\\/\\\/secure.gravatar.com\\\/avatar\\\/1ec290616e6e3dc043e286f62b87c0f992c4889ead141b3e3dfc70d018a983e0?s=96&d=mm&r=g\",\"caption\":\"Omar Huaman\"},\"url\":\"https:\\\/\\\/fcctp.usmp.edu.pe\\\/noticias\\\/author\\\/notieditor\\\/\"}]}<\/script>\n<!-- \/ Yoast SEO plugin. -->","yoast_head_json":{"title":"D\u00eda por la Salud Mental: \u00a1Mira c\u00f3mo promovimos la gesti\u00f3n responsable de emociones en nuestros estudiantes! - Noticias","robots":{"index":"index","follow":"follow","max-snippet":"max-snippet:-1","max-image-preview":"max-image-preview:large","max-video-preview":"max-video-preview:-1"},"canonical":"https:\/\/fcctp.usmp.edu.pe\/noticias\/sostenibilidad\/dia-por-la-salud-mental-mira-como-promovimos-la-gestion-responsable-de-emociones-en-nuestros-estudiantes\/","og_locale":"es_ES","og_type":"article","og_title":"D\u00eda por la Salud Mental: \u00a1Mira c\u00f3mo promovimos la gesti\u00f3n responsable de emociones en nuestros estudiantes! - Noticias","og_description":"La Oficina de Sostenibilidad de la FCCTP organiz\u00f3 una activaci\u00f3n en la que varios j\u00f3venes aprendieron t\u00e9cnicas para hacerle frente al estr\u00e9s y la ansiedad en la universidad. La Oficina de Sostenibilidad, en un trabajo conjunto con la Unidad M\u00e9dica de la Facultad de Ciencias de la Comunicaci\u00f3n, Turismo y Psicolog\u00eda (FCCTP), organiz\u00f3 el \u00faltimo ... Read more","og_url":"https:\/\/fcctp.usmp.edu.pe\/noticias\/sostenibilidad\/dia-por-la-salud-mental-mira-como-promovimos-la-gestion-responsable-de-emociones-en-nuestros-estudiantes\/","og_site_name":"Noticias","article_publisher":"https:\/\/www.facebook.com\/fcctp","article_published_time":"2023-05-29T19:50:41+00:00","article_modified_time":"2023-05-30T16:30:03+00:00","og_image":[{"width":1501,"height":938,"url":"https:\/\/fcctp.usmp.edu.pe\/noticias\/wp-content\/uploads\/2023\/05\/29-05_Noticias_Mesa-de-trabajo-1-copia.jpg","type":"image\/jpeg"}],"author":"Omar Huaman","twitter_card":"summary_large_image","twitter_creator":"@fcctp_usmp","twitter_site":"@fcctp_usmp","twitter_misc":{"Written by":"Omar Huaman","Est. reading time":"2 minutos"},"schema":{"@context":"https:\/\/schema.org","@graph":[{"@type":"Article","@id":"https:\/\/fcctp.usmp.edu.pe\/noticias\/sostenibilidad\/dia-por-la-salud-mental-mira-como-promovimos-la-gestion-responsable-de-emociones-en-nuestros-estudiantes\/#article","isPartOf":{"@id":"https:\/\/fcctp.usmp.edu.pe\/noticias\/sostenibilidad\/dia-por-la-salud-mental-mira-como-promovimos-la-gestion-responsable-de-emociones-en-nuestros-estudiantes\/"},"author":{"name":"Omar Huaman","@id":"https:\/\/fcctp.usmp.edu.pe\/noticias\/#\/schema\/person\/4fdff53bd44bf6f645fe381e079e1252"},"headline":"D\u00eda por la Salud Mental: \u00a1Mira c\u00f3mo promovimos la gesti\u00f3n responsable de emociones en nuestros estudiantes!","datePublished":"2023-05-29T19:50:41+00:00","dateModified":"2023-05-30T16:30:03+00:00","mainEntityOfPage":{"@id":"https:\/\/fcctp.usmp.edu.pe\/noticias\/sostenibilidad\/dia-por-la-salud-mental-mira-como-promovimos-la-gestion-responsable-de-emociones-en-nuestros-estudiantes\/"},"wordCount":482,"publisher":{"@id":"https:\/\/fcctp.usmp.edu.pe\/noticias\/#organization"},"image":{"@id":"https:\/\/fcctp.usmp.edu.pe\/noticias\/sostenibilidad\/dia-por-la-salud-mental-mira-como-promovimos-la-gestion-responsable-de-emociones-en-nuestros-estudiantes\/#primaryimage"},"thumbnailUrl":"https:\/\/fcctp.usmp.edu.pe\/noticias\/wp-content\/uploads\/2023\/05\/29-05_Noticias_Mesa-de-trabajo-1-copia.jpg","keywords":["Desarrollo Sostenible","Home FCCTP","Lo mas destacado","ODS","Psicolog\u00eda","Salud mental","Sostenibilidad"],"articleSection":["Sostenibilidad"],"inLanguage":"es-PE"},{"@type":"WebPage","@id":"https:\/\/fcctp.usmp.edu.pe\/noticias\/sostenibilidad\/dia-por-la-salud-mental-mira-como-promovimos-la-gestion-responsable-de-emociones-en-nuestros-estudiantes\/","url":"https:\/\/fcctp.usmp.edu.pe\/noticias\/sostenibilidad\/dia-por-la-salud-mental-mira-como-promovimos-la-gestion-responsable-de-emociones-en-nuestros-estudiantes\/","name":"D\u00eda por la Salud Mental: \u00a1Mira c\u00f3mo promovimos la gesti\u00f3n responsable de emociones en nuestros estudiantes! - Noticias","isPartOf":{"@id":"https:\/\/fcctp.usmp.edu.pe\/noticias\/#website"},"primaryImageOfPage":{"@id":"https:\/\/fcctp.usmp.edu.pe\/noticias\/sostenibilidad\/dia-por-la-salud-mental-mira-como-promovimos-la-gestion-responsable-de-emociones-en-nuestros-estudiantes\/#primaryimage"},"image":{"@id":"https:\/\/fcctp.usmp.edu.pe\/noticias\/sostenibilidad\/dia-por-la-salud-mental-mira-como-promovimos-la-gestion-responsable-de-emociones-en-nuestros-estudiantes\/#primaryimage"},"thumbnailUrl":"https:\/\/fcctp.usmp.edu.pe\/noticias\/wp-content\/uploads\/2023\/05\/29-05_Noticias_Mesa-de-trabajo-1-copia.jpg","datePublished":"2023-05-29T19:50:41+00:00","dateModified":"2023-05-30T16:30:03+00:00","breadcrumb":{"@id":"https:\/\/fcctp.usmp.edu.pe\/noticias\/sostenibilidad\/dia-por-la-salud-mental-mira-como-promovimos-la-gestion-responsable-de-emociones-en-nuestros-estudiantes\/#breadcrumb"},"inLanguage":"es-PE","potentialAction":[{"@type":"ReadAction","target":["https:\/\/fcctp.usmp.edu.pe\/noticias\/sostenibilidad\/dia-por-la-salud-mental-mira-como-promovimos-la-gestion-responsable-de-emociones-en-nuestros-estudiantes\/"]}]},{"@type":"ImageObject","inLanguage":"es-PE","@id":"https:\/\/fcctp.usmp.edu.pe\/noticias\/sostenibilidad\/dia-por-la-salud-mental-mira-como-promovimos-la-gestion-responsable-de-emociones-en-nuestros-estudiantes\/#primaryimage","url":"https:\/\/fcctp.usmp.edu.pe\/noticias\/wp-content\/uploads\/2023\/05\/29-05_Noticias_Mesa-de-trabajo-1-copia.jpg","contentUrl":"https:\/\/fcctp.usmp.edu.pe\/noticias\/wp-content\/uploads\/2023\/05\/29-05_Noticias_Mesa-de-trabajo-1-copia.jpg","width":1501,"height":938,"caption":"D\u00eda por la Salud Mental - Sostenibilidad"},{"@type":"BreadcrumbList","@id":"https:\/\/fcctp.usmp.edu.pe\/noticias\/sostenibilidad\/dia-por-la-salud-mental-mira-como-promovimos-la-gestion-responsable-de-emociones-en-nuestros-estudiantes\/#breadcrumb","itemListElement":[{"@type":"ListItem","position":1,"name":"Portada","item":"https:\/\/fcctp.usmp.edu.pe\/noticias\/"},{"@type":"ListItem","position":2,"name":"D\u00eda por la Salud Mental: \u00a1Mira c\u00f3mo promovimos la gesti\u00f3n responsable de emociones en nuestros estudiantes!"}]},{"@type":"WebSite","@id":"https:\/\/fcctp.usmp.edu.pe\/noticias\/#website","url":"https:\/\/fcctp.usmp.edu.pe\/noticias\/","name":"Noticias FCCTP","description":"Facultad de Ciencias de la Comunicaci\u00f3n, Turismo y Psicolog\u00eda","publisher":{"@id":"https:\/\/fcctp.usmp.edu.pe\/noticias\/#organization"},"potentialAction":[{"@type":"SearchAction","target":{"@type":"EntryPoint","urlTemplate":"https:\/\/fcctp.usmp.edu.pe\/noticias\/?s={search_term_string}"},"query-input":{"@type":"PropertyValueSpecification","valueRequired":true,"valueName":"search_term_string"}}],"inLanguage":"es-PE"},{"@type":"Organization","@id":"https:\/\/fcctp.usmp.edu.pe\/noticias\/#organization","name":"Facultad de Ciencias de la Comunicaci\u00f3n, Turismo y Psicolog\u00eda","url":"https:\/\/fcctp.usmp.edu.pe\/noticias\/","logo":{"@type":"ImageObject","inLanguage":"es-PE","@id":"https:\/\/fcctp.usmp.edu.pe\/noticias\/#\/schema\/logo\/image\/","url":"https:\/\/fcctp.usmp.edu.pe\/noticias\/wp-content\/uploads\/2022\/03\/logoFCCTP_60.svg","contentUrl":"https:\/\/fcctp.usmp.edu.pe\/noticias\/wp-content\/uploads\/2022\/03\/logoFCCTP_60.svg","width":347,"height":66,"caption":"Facultad de Ciencias de la Comunicaci\u00f3n, Turismo y Psicolog\u00eda"},"image":{"@id":"https:\/\/fcctp.usmp.edu.pe\/noticias\/#\/schema\/logo\/image\/"},"sameAs":["https:\/\/www.facebook.com\/fcctp","https:\/\/x.com\/fcctp_usmp","https:\/\/www.instagram.com\/fcctp_usmp\/"]},{"@type":"Person","@id":"https:\/\/fcctp.usmp.edu.pe\/noticias\/#\/schema\/person\/4fdff53bd44bf6f645fe381e079e1252","name":"Omar Huaman","image":{"@type":"ImageObject","inLanguage":"es-PE","@id":"https:\/\/secure.gravatar.com\/avatar\/1ec290616e6e3dc043e286f62b87c0f992c4889ead141b3e3dfc70d018a983e0?s=96&d=mm&r=g","url":"https:\/\/secure.gravatar.com\/avatar\/1ec290616e6e3dc043e286f62b87c0f992c4889ead141b3e3dfc70d018a983e0?s=96&d=mm&r=g","contentUrl":"https:\/\/secure.gravatar.com\/avatar\/1ec290616e6e3dc043e286f62b87c0f992c4889ead141b3e3dfc70d018a983e0?s=96&d=mm&r=g","caption":"Omar Huaman"},"url":"https:\/\/fcctp.usmp.edu.pe\/noticias\/author\/notieditor\/"}]}},"_links":{"self":[{"href":"https:\/\/fcctp.usmp.edu.pe\/noticias\/wp-json\/wp\/v2\/posts\/9376","targetHints":{"allow":["GET"]}}],"collection":[{"href":"https:\/\/fcctp.usmp.edu.pe\/noticias\/wp-json\/wp\/v2\/posts"}],"about":[{"href":"https:\/\/fcctp.usmp.edu.pe\/noticias\/wp-json\/wp\/v2\/types\/post"}],"author":[{"embeddable":true,"href":"https:\/\/fcctp.usmp.edu.pe\/noticias\/wp-json\/wp\/v2\/users\/2"}],"replies":[{"embeddable":true,"href":"https:\/\/fcctp.usmp.edu.pe\/noticias\/wp-json\/wp\/v2\/comments?post=9376"}],"version-history":[{"count":2,"href":"https:\/\/fcctp.usmp.edu.pe\/noticias\/wp-json\/wp\/v2\/posts\/9376\/revisions"}],"predecessor-version":[{"id":9379,"href":"https:\/\/fcctp.usmp.edu.pe\/noticias\/wp-json\/wp\/v2\/posts\/9376\/revisions\/9379"}],"wp:featuredmedia":[{"embeddable":true,"href":"https:\/\/fcctp.usmp.edu.pe\/noticias\/wp-json\/wp\/v2\/media\/9377"}],"wp:attachment":[{"href":"https:\/\/fcctp.usmp.edu.pe\/noticias\/wp-json\/wp\/v2\/media?parent=9376"}],"wp:term":[{"taxonomy":"category","embeddable":true,"href":"https:\/\/fcctp.usmp.edu.pe\/noticias\/wp-json\/wp\/v2\/categories?post=9376"},{"taxonomy":"post_tag","embeddable":true,"href":"https:\/\/fcctp.usmp.edu.pe\/noticias\/wp-json\/wp\/v2\/tags?post=9376"}],"curies":[{"name":"wp","href":"https:\/\/api.w.org\/{rel}","templated":true}]}}