{"id":9370,"date":"2023-05-26T22:40:03","date_gmt":"2023-05-26T22:40:03","guid":{"rendered":"https:\/\/fcctp.usmp.edu.pe\/noticias\/?p=9370"},"modified":"2023-05-26T22:51:12","modified_gmt":"2023-05-26T22:51:12","slug":"decana-amybel-sanchez-de-walther-integra-el-comite-consultivo-de-turismo-de-lima-metropolitana","status":"publish","type":"post","link":"https:\/\/fcctp.usmp.edu.pe\/noticias\/actividades-destacadas\/decana-amybel-sanchez-de-walther-integra-el-comite-consultivo-de-turismo-de-lima-metropolitana\/","title":{"rendered":"Decana Amybel S\u00e1nchez de Walther integra el Comit\u00e9 Consultivo de Turismo de Lima Metropolitana"},"content":{"rendered":"<p>La <strong>Dra. Amybel S\u00e1nchez de Walther<\/strong>, decana de la <strong>Facultad de Ciencias de la Comunicaci\u00f3n, Turismo y Psicolog\u00eda (FCCTP)<\/strong> tuvo el honor de formar parte del <strong>Comit\u00e9 Consultivo de Turismo (CCT) de Lima Metropolitana<\/strong> como miembro titular. La ceremonia de instalaci\u00f3n, que tuvo lugar en el <strong>Sal\u00f3n de los Espejos del Palacio Municipal de la Municipalidad de Lima<\/strong>, reuni\u00f3 a destacados representantes del sector tur\u00edstico, tanto del \u00e1mbito p\u00fablico como privado.<\/p>\n<p>El evento cont\u00f3 con la presencia de la regidora Jeanette Alonzo, presidenta de la Comisi\u00f3n Metropolitana de Turismo, Peque\u00f1a y Mediana Empresa, as\u00ed como de Elia Urmeneta, gerenta de Desarrollo Econ\u00f3mico de la Municipalidad de Lima, quienes precedieron la actividad.<\/p>\n<p>La decana, junto a la Mag. Claudia \u00c1vila Huam\u00e1n, directora de la Escuela Profesional y el Departamento Acad\u00e9mico de Turismo y Hoteler\u00eda de la FCCTP, participaron activamente en la ceremonia, escuchando atentamente los objetivos y lineamientos del comit\u00e9. El CCT, impulsado por el Ministerio de Comercio Exterior y Turismo (Mincetur), busca promover el desarrollo tur\u00edstico mediante la colaboraci\u00f3n y coordinaci\u00f3n entre el sector p\u00fablico y privado. Actualmente, el comit\u00e9 cuenta con 32 miembros en Lima Metropolitana.<\/p>\n<p>Es importante destacar que el <strong>Comit\u00e9 Consultivo de Turismo<\/strong> se encuentra alineado con el <strong>Plan de Desarrollo Tur\u00edstico de Lima Metropolitana al 2030<\/strong>, en concordancia con los <strong>Objetivos de Desarrollo Sostenible (ODS)<\/strong> propuestos por las <strong>Naciones Unidas<\/strong>. Durante la ceremonia, se procedi\u00f3 a la firma protocolar del acta, en la que cada miembro se comprometi\u00f3 a contribuir al desarrollo tur\u00edstico de la capital.<\/p>\n<p>Una vez elaborado y aprobado el plan de acciones y estrategias, se consolidar\u00e1 mediante una ordenanza municipal, la cual ser\u00e1 publicada en el diario oficial El Peruano para su registro y ejecuci\u00f3n.<\/p>\n<p><strong>Evelyn Grados, subgerenta de Turismo de la Municipalidad de Lima<\/strong>, agradeci\u00f3 a la decana por su presencia en la instalaci\u00f3n del comit\u00e9, el cual se volver\u00e1 a reunir el pr\u00f3ximo mes para establecer el plan de trabajo y las fechas de las sesiones de seguimiento y presentaci\u00f3n de avances y propuestas de mejora.<\/p>\n<p>Felicitamos a la <strong>Dra. Amybel S\u00e1nchez de Walther<\/strong>, decana de nuestra facultad, por su destacada participaci\u00f3n en este importante comit\u00e9 consultivo y estamos orgullosos de contar con su experiencia y compromiso en la promoci\u00f3n del turismo en Lima Metropolitana.<\/p>\n","protected":false},"excerpt":{"rendered":"<p>La Dra. Amybel S\u00e1nchez de Walther, decana de la Facultad de Ciencias de la Comunicaci\u00f3n, Turismo y Psicolog\u00eda (FCCTP) tuvo el honor de formar parte del Comit\u00e9 Consultivo de Turismo (CCT) de Lima Metropolitana como miembro titular. La ceremonia de instalaci\u00f3n, que tuvo lugar en el Sal\u00f3n de los Espejos del Palacio Municipal de la &#8230; <a title=\"Decana Amybel S\u00e1nchez de Walther integra el Comit\u00e9 Consultivo de Turismo de Lima Metropolitana\" class=\"read-more\" href=\"https:\/\/fcctp.usmp.edu.pe\/noticias\/actividades-destacadas\/decana-amybel-sanchez-de-walther-integra-el-comite-consultivo-de-turismo-de-lima-metropolitana\/\" aria-label=\"More on Decana Amybel S\u00e1nchez de Walther integra el Comit\u00e9 Consultivo de Turismo de Lima Metropolitana\">Read more<\/a><\/p>\n","protected":false},"author":2,"featured_media":9371,"comment_status":"closed","ping_status":"closed","sticky":false,"template":"","format":"standard","meta":{"footnotes":""},"categories":[31],"tags":[96,93,47,46,94,95],"class_list":["post-9370","post","type-post","status-publish","format-standard","has-post-thumbnail","hentry","category-actividades-destacadas","tag-amybel-sanchez-de-walther","tag-comite-consultivo-de-lima-metropolitana","tag-home-fcctp","tag-lo-mas-destacado","tag-municipalidad-de-lima","tag-turismo"],"_links":{"self":[{"href":"https:\/\/fcctp.usmp.edu.pe\/noticias\/wp-json\/wp\/v2\/posts\/9370","targetHints":{"allow":["GET"]}}],"collection":[{"href":"https:\/\/fcctp.usmp.edu.pe\/noticias\/wp-json\/wp\/v2\/posts"}],"about":[{"href":"https:\/\/fcctp.usmp.edu.pe\/noticias\/wp-json\/wp\/v2\/types\/post"}],"author":[{"embeddable":true,"href":"https:\/\/fcctp.usmp.edu.pe\/noticias\/wp-json\/wp\/v2\/users\/2"}],"replies":[{"embeddable":true,"href":"https:\/\/fcctp.usmp.edu.pe\/noticias\/wp-json\/wp\/v2\/comments?post=9370"}],"version-history":[{"count":3,"href":"https:\/\/fcctp.usmp.edu.pe\/noticias\/wp-json\/wp\/v2\/posts\/9370\/revisions"}],"predecessor-version":[{"id":9374,"href":"https:\/\/fcctp.usmp.edu.pe\/noticias\/wp-json\/wp\/v2\/posts\/9370\/revisions\/9374"}],"wp:featuredmedia":[{"embeddable":true,"href":"https:\/\/fcctp.usmp.edu.pe\/noticias\/wp-json\/wp\/v2\/media\/9371"}],"wp:attachment":[{"href":"https:\/\/fcctp.usmp.edu.pe\/noticias\/wp-json\/wp\/v2\/media?parent=9370"}],"wp:term":[{"taxonomy":"category","embeddable":true,"href":"https:\/\/fcctp.usmp.edu.pe\/noticias\/wp-json\/wp\/v2\/categories?post=9370"},{"taxonomy":"post_tag","embeddable":true,"href":"https:\/\/fcctp.usmp.edu.pe\/noticias\/wp-json\/wp\/v2\/tags?post=9370"}],"curies":[{"name":"wp","href":"https:\/\/api.w.org\/{rel}","templated":true}]}}