{"id":9366,"date":"2023-05-22T16:33:52","date_gmt":"2023-05-22T16:33:52","guid":{"rendered":"https:\/\/fcctp.usmp.edu.pe\/noticias\/?p=9366"},"modified":"2023-05-24T16:52:05","modified_gmt":"2023-05-24T16:52:05","slug":"la-iii-feria-de-voluntariado-se-realizo-con-exito-y-reunio-a-distintas-iniciativas-sostenibles","status":"publish","type":"post","link":"https:\/\/fcctp.usmp.edu.pe\/noticias\/sostenibilidad\/la-iii-feria-de-voluntariado-se-realizo-con-exito-y-reunio-a-distintas-iniciativas-sostenibles\/","title":{"rendered":"La III Feria de Voluntariado se realiz\u00f3 con \u00e9xito y reuni\u00f3 a distintas iniciativas sostenibles"},"content":{"rendered":"<p style=\"text-align: center;\"><em>La Oficina de Sostenibilidad desarroll\u00f3 la tercera edici\u00f3n de esta feria en la que se presentaron varias organizaciones que lideran proyectos sociales y ambientales.<\/em><\/p>\n<p><center><iframe loading=\"lazy\" style=\"border: none; overflow: hidden;\" src=\"https:\/\/www.facebook.com\/plugins\/post.php?href=https%3A%2F%2Fwww.facebook.com%2Fusmpsostenible%2Fposts%2Fpfbid065NGLdgoADwDe8MgJEFnYpUxqr2WLkB4M9s56tYbRXbSPRw7AxkxdcgHuGbRFE2xl&amp;show_text=true&amp;width=500\" width=\"500\" height=\"620\" frameborder=\"0\" scrolling=\"no\" allowfullscreen=\"allowfullscreen\"><\/iframe><\/center>&nbsp;<\/p>\n<p>La <strong>Oficina de Sostenibilidad de la FCCTP<\/strong>, en su labor de fomentar entre los estudiantes acciones que contribuyan a la <strong>Agenda 2030 para el Desarrollo Sostenible de las Naciones Unidas<\/strong>, desarroll\u00f3 la <strong>III Feria de Voluntariado<\/strong> el \u00faltimo jueves 18 de mayo en el campus de la Facultad.<\/p>\n<p>Este evento consisti\u00f3 en reunir a distintas organizaciones privadas y p\u00fablicas que ejecutan proyectos sociales y medioambientales con el fin de que nuestros estudiantes se sumen a sus iniciativas alineadas a los <strong>Objetivos de Desarrollo Sostenible (ODS)<\/strong> que ha propuesto la <strong>ONU<\/strong>.<\/p>\n<p>De esta forma, fueron 12 las organizaciones invitadas que fueron distribuidas en diversos stands, de acuerdo a su eje de acci\u00f3n:<\/p>\n<ul>\n<li><strong>ODS 1. Fin de la pobreza<\/strong><\/li>\n<li><strong> ODS 2. Hambre cero<\/strong><\/li>\n<li><strong>ODS 3. Salud y Bienestar<\/strong><\/li>\n<li><strong>ODS 4. Educaci\u00f3n de calidad<\/strong><\/li>\n<li><strong>ODS 9. Industria, innovaci\u00f3n e infraestructura<\/strong><\/li>\n<li><strong>ODS 10. Reducci\u00f3n de desigualdades<\/strong><\/li>\n<li><strong>ODS 13. Acci\u00f3n por el Clima<\/strong><\/li>\n<li><strong>ODS 17. Alianza para lograr los objetivos<\/strong><\/li>\n<\/ul>\n<p>Entre las instituciones que estuvieron presentes en la <strong>III Feria de Voluntariado<\/strong> fueron: Acci\u00f3n Emprendedora, Asociaci\u00f3n Casa Ronald McDonald, Asociaci\u00f3n Kaprichos Perrunos, Crea +, Cruz Blanca, Junior Achievement Per\u00fa, Liga Contra el C\u00e1ncer, Programa de Voluntariado de las Naciones Unidas, Proa, TECHO Per\u00fa, Voluntarios del Bicentenario y Voluntariado Nutriendo Esperanzas, Protegiendo Familias.<\/p>\n<p>Decenas de estudiantes se acercaron al promediar el mediod\u00eda a averiguar sobre los proyectos que aquellas asociaciones vienen liderando. Adem\u00e1s, hubo activaciones y distintas actividades que alimentaron la motivaci\u00f3n de ser un voluntario.<\/p>\n<p>La <strong>III Feria de Voluntariado<\/strong> se desarroll\u00f3 gracias a que la<strong> Oficina de Sostenibilidad<\/strong> cuenta, en la actualidad, con m\u00e1s de 200 voluntarios que han participado activamente de anteriores proyectos que ha ejecutado la FCCTP. Entre ellos destacan <strong>\u201cTransformaci\u00f3n digital para pymes\u201d<\/strong>, <strong>\u201cAcompa\u00f1ando Comunidades- Pucusana\u00bb,<\/strong> <strong>\u201cVirtual\u00edzate, profe\u201d<\/strong>, <strong>\u201cCrianza Positiva\u201d<\/strong> y <strong>\u201cAl Cole sin bullying\u201d<\/strong>, <strong>\u201cEmprendedores escolares\u201d<\/strong> y <strong>\u201cHogares sin violencia\u201d<\/strong>.<\/p>\n<p>La <strong>Oficina de Sostenibilidad<\/strong> dise\u00f1a y ejecuta proyectos de alto impacto que promueven el desarrollo sostenible entre la comunidad FCCTP mediante valores human\u00edsticos, \u00e9ticos y c\u00edvicos. Para m\u00e1s informaci\u00f3n, puede visitar: https:\/\/fcctp.usmp.edu.pe\/sostenibilidad\/<\/p>\n","protected":false},"excerpt":{"rendered":"<p>La Oficina de Sostenibilidad desarroll\u00f3 la tercera edici\u00f3n de esta feria en la que se presentaron varias organizaciones que lideran proyectos sociales y ambientales. &nbsp; La Oficina de Sostenibilidad de la FCCTP, en su labor de fomentar entre los estudiantes acciones que contribuyan a la Agenda 2030 para el Desarrollo Sostenible de las Naciones Unidas, &#8230; <a title=\"La III Feria de Voluntariado se realiz\u00f3 con \u00e9xito y reuni\u00f3 a distintas iniciativas sostenibles\" class=\"read-more\" href=\"https:\/\/fcctp.usmp.edu.pe\/noticias\/sostenibilidad\/la-iii-feria-de-voluntariado-se-realizo-con-exito-y-reunio-a-distintas-iniciativas-sostenibles\/\" aria-label=\"More on La III Feria de Voluntariado se realiz\u00f3 con \u00e9xito y reuni\u00f3 a distintas iniciativas sostenibles\">Read more<\/a><\/p>\n","protected":false},"author":2,"featured_media":9368,"comment_status":"closed","ping_status":"closed","sticky":false,"template":"","format":"standard","meta":{"footnotes":""},"categories":[33],"tags":[92,47,89,46,90,52,74,91],"class_list":["post-9366","post","type-post","status-publish","format-standard","has-post-thumbnail","hentry","category-sostenibilidad","tag-desarrollo-sostenible","tag-home-fcctp","tag-iii-feria-de-voluntariado","tag-lo-mas-destacado","tag-naciones-unidas","tag-ods","tag-oficina-de-sostenibilidad","tag-onu"],"yoast_head":"<!-- This site is optimized with the Yoast SEO plugin v28.3 - https:\/\/yoast.com\/product\/yoast-seo-wordpress\/ -->\n<title>La III Feria de Voluntariado se realiz\u00f3 con \u00e9xito y reuni\u00f3 a distintas iniciativas sostenibles - Noticias<\/title>\n<meta name=\"robots\" content=\"index, follow, max-snippet:-1, max-image-preview:large, max-video-preview:-1\" \/>\n<link rel=\"canonical\" href=\"https:\/\/fcctp.usmp.edu.pe\/noticias\/sostenibilidad\/la-iii-feria-de-voluntariado-se-realizo-con-exito-y-reunio-a-distintas-iniciativas-sostenibles\/\" \/>\n<meta property=\"og:locale\" content=\"es_ES\" \/>\n<meta property=\"og:type\" content=\"article\" \/>\n<meta property=\"og:title\" content=\"La III Feria de Voluntariado se realiz\u00f3 con \u00e9xito y reuni\u00f3 a distintas iniciativas sostenibles - Noticias\" \/>\n<meta property=\"og:description\" content=\"La Oficina de Sostenibilidad desarroll\u00f3 la tercera edici\u00f3n de esta feria en la que se presentaron varias organizaciones que lideran proyectos sociales y ambientales. &nbsp; La Oficina de Sostenibilidad de la FCCTP, en su labor de fomentar entre los estudiantes acciones que contribuyan a la Agenda 2030 para el Desarrollo Sostenible de las Naciones Unidas, ... Read more\" \/>\n<meta property=\"og:url\" content=\"https:\/\/fcctp.usmp.edu.pe\/noticias\/sostenibilidad\/la-iii-feria-de-voluntariado-se-realizo-con-exito-y-reunio-a-distintas-iniciativas-sostenibles\/\" \/>\n<meta property=\"og:site_name\" content=\"Noticias\" \/>\n<meta property=\"article:publisher\" content=\"https:\/\/www.facebook.com\/fcctp\" \/>\n<meta property=\"article:published_time\" content=\"2023-05-22T16:33:52+00:00\" \/>\n<meta property=\"article:modified_time\" content=\"2023-05-24T16:52:05+00:00\" \/>\n<meta property=\"og:image\" content=\"https:\/\/fcctp.usmp.edu.pe\/noticias\/wp-content\/uploads\/2023\/05\/web2.jpg\" \/>\n\t<meta property=\"og:image:width\" content=\"720\" \/>\n\t<meta property=\"og:image:height\" content=\"450\" \/>\n\t<meta property=\"og:image:type\" content=\"image\/jpeg\" \/>\n<meta name=\"author\" content=\"Omar Huaman\" \/>\n<meta name=\"twitter:card\" content=\"summary_large_image\" \/>\n<meta name=\"twitter:creator\" content=\"@fcctp_usmp\" \/>\n<meta name=\"twitter:site\" content=\"@fcctp_usmp\" \/>\n<meta name=\"twitter:label1\" content=\"Written by\" \/>\n\t<meta name=\"twitter:data1\" content=\"Omar Huaman\" \/>\n\t<meta name=\"twitter:label2\" content=\"Est. reading time\" \/>\n\t<meta name=\"twitter:data2\" content=\"2 minutos\" \/>\n<script type=\"application\/ld+json\" class=\"yoast-schema-graph\">{\"@context\":\"https:\\\/\\\/schema.org\",\"@graph\":[{\"@type\":\"Article\",\"@id\":\"https:\\\/\\\/fcctp.usmp.edu.pe\\\/noticias\\\/sostenibilidad\\\/la-iii-feria-de-voluntariado-se-realizo-con-exito-y-reunio-a-distintas-iniciativas-sostenibles\\\/#article\",\"isPartOf\":{\"@id\":\"https:\\\/\\\/fcctp.usmp.edu.pe\\\/noticias\\\/sostenibilidad\\\/la-iii-feria-de-voluntariado-se-realizo-con-exito-y-reunio-a-distintas-iniciativas-sostenibles\\\/\"},\"author\":{\"name\":\"Omar Huaman\",\"@id\":\"https:\\\/\\\/fcctp.usmp.edu.pe\\\/noticias\\\/#\\\/schema\\\/person\\\/4fdff53bd44bf6f645fe381e079e1252\"},\"headline\":\"La III Feria de Voluntariado se realiz\u00f3 con \u00e9xito y reuni\u00f3 a distintas iniciativas sostenibles\",\"datePublished\":\"2023-05-22T16:33:52+00:00\",\"dateModified\":\"2023-05-24T16:52:05+00:00\",\"mainEntityOfPage\":{\"@id\":\"https:\\\/\\\/fcctp.usmp.edu.pe\\\/noticias\\\/sostenibilidad\\\/la-iii-feria-de-voluntariado-se-realizo-con-exito-y-reunio-a-distintas-iniciativas-sostenibles\\\/\"},\"wordCount\":387,\"publisher\":{\"@id\":\"https:\\\/\\\/fcctp.usmp.edu.pe\\\/noticias\\\/#organization\"},\"image\":{\"@id\":\"https:\\\/\\\/fcctp.usmp.edu.pe\\\/noticias\\\/sostenibilidad\\\/la-iii-feria-de-voluntariado-se-realizo-con-exito-y-reunio-a-distintas-iniciativas-sostenibles\\\/#primaryimage\"},\"thumbnailUrl\":\"https:\\\/\\\/fcctp.usmp.edu.pe\\\/noticias\\\/wp-content\\\/uploads\\\/2023\\\/05\\\/web2.jpg\",\"keywords\":[\"Desarrollo Sostenible\",\"Home FCCTP\",\"III Feria de Voluntariado\",\"Lo mas destacado\",\"Naciones Unidas\",\"ODS\",\"Oficina de Sostenibilidad\",\"ONU\"],\"articleSection\":[\"Sostenibilidad\"],\"inLanguage\":\"es-PE\"},{\"@type\":\"WebPage\",\"@id\":\"https:\\\/\\\/fcctp.usmp.edu.pe\\\/noticias\\\/sostenibilidad\\\/la-iii-feria-de-voluntariado-se-realizo-con-exito-y-reunio-a-distintas-iniciativas-sostenibles\\\/\",\"url\":\"https:\\\/\\\/fcctp.usmp.edu.pe\\\/noticias\\\/sostenibilidad\\\/la-iii-feria-de-voluntariado-se-realizo-con-exito-y-reunio-a-distintas-iniciativas-sostenibles\\\/\",\"name\":\"La III Feria de Voluntariado se realiz\u00f3 con \u00e9xito y reuni\u00f3 a distintas iniciativas sostenibles - Noticias\",\"isPartOf\":{\"@id\":\"https:\\\/\\\/fcctp.usmp.edu.pe\\\/noticias\\\/#website\"},\"primaryImageOfPage\":{\"@id\":\"https:\\\/\\\/fcctp.usmp.edu.pe\\\/noticias\\\/sostenibilidad\\\/la-iii-feria-de-voluntariado-se-realizo-con-exito-y-reunio-a-distintas-iniciativas-sostenibles\\\/#primaryimage\"},\"image\":{\"@id\":\"https:\\\/\\\/fcctp.usmp.edu.pe\\\/noticias\\\/sostenibilidad\\\/la-iii-feria-de-voluntariado-se-realizo-con-exito-y-reunio-a-distintas-iniciativas-sostenibles\\\/#primaryimage\"},\"thumbnailUrl\":\"https:\\\/\\\/fcctp.usmp.edu.pe\\\/noticias\\\/wp-content\\\/uploads\\\/2023\\\/05\\\/web2.jpg\",\"datePublished\":\"2023-05-22T16:33:52+00:00\",\"dateModified\":\"2023-05-24T16:52:05+00:00\",\"breadcrumb\":{\"@id\":\"https:\\\/\\\/fcctp.usmp.edu.pe\\\/noticias\\\/sostenibilidad\\\/la-iii-feria-de-voluntariado-se-realizo-con-exito-y-reunio-a-distintas-iniciativas-sostenibles\\\/#breadcrumb\"},\"inLanguage\":\"es-PE\",\"potentialAction\":[{\"@type\":\"ReadAction\",\"target\":[\"https:\\\/\\\/fcctp.usmp.edu.pe\\\/noticias\\\/sostenibilidad\\\/la-iii-feria-de-voluntariado-se-realizo-con-exito-y-reunio-a-distintas-iniciativas-sostenibles\\\/\"]}]},{\"@type\":\"ImageObject\",\"inLanguage\":\"es-PE\",\"@id\":\"https:\\\/\\\/fcctp.usmp.edu.pe\\\/noticias\\\/sostenibilidad\\\/la-iii-feria-de-voluntariado-se-realizo-con-exito-y-reunio-a-distintas-iniciativas-sostenibles\\\/#primaryimage\",\"url\":\"https:\\\/\\\/fcctp.usmp.edu.pe\\\/noticias\\\/wp-content\\\/uploads\\\/2023\\\/05\\\/web2.jpg\",\"contentUrl\":\"https:\\\/\\\/fcctp.usmp.edu.pe\\\/noticias\\\/wp-content\\\/uploads\\\/2023\\\/05\\\/web2.jpg\",\"width\":720,\"height\":450,\"caption\":\"III Feria de Voluntariado FCCTP\"},{\"@type\":\"BreadcrumbList\",\"@id\":\"https:\\\/\\\/fcctp.usmp.edu.pe\\\/noticias\\\/sostenibilidad\\\/la-iii-feria-de-voluntariado-se-realizo-con-exito-y-reunio-a-distintas-iniciativas-sostenibles\\\/#breadcrumb\",\"itemListElement\":[{\"@type\":\"ListItem\",\"position\":1,\"name\":\"Portada\",\"item\":\"https:\\\/\\\/fcctp.usmp.edu.pe\\\/noticias\\\/\"},{\"@type\":\"ListItem\",\"position\":2,\"name\":\"La III Feria de Voluntariado se realiz\u00f3 con \u00e9xito y reuni\u00f3 a distintas iniciativas sostenibles\"}]},{\"@type\":\"WebSite\",\"@id\":\"https:\\\/\\\/fcctp.usmp.edu.pe\\\/noticias\\\/#website\",\"url\":\"https:\\\/\\\/fcctp.usmp.edu.pe\\\/noticias\\\/\",\"name\":\"Noticias FCCTP\",\"description\":\"Facultad de Ciencias de la Comunicaci\u00f3n, Turismo y Psicolog\u00eda\",\"publisher\":{\"@id\":\"https:\\\/\\\/fcctp.usmp.edu.pe\\\/noticias\\\/#organization\"},\"potentialAction\":[{\"@type\":\"SearchAction\",\"target\":{\"@type\":\"EntryPoint\",\"urlTemplate\":\"https:\\\/\\\/fcctp.usmp.edu.pe\\\/noticias\\\/?s={search_term_string}\"},\"query-input\":{\"@type\":\"PropertyValueSpecification\",\"valueRequired\":true,\"valueName\":\"search_term_string\"}}],\"inLanguage\":\"es-PE\"},{\"@type\":\"Organization\",\"@id\":\"https:\\\/\\\/fcctp.usmp.edu.pe\\\/noticias\\\/#organization\",\"name\":\"Facultad de Ciencias de la Comunicaci\u00f3n, Turismo y Psicolog\u00eda\",\"url\":\"https:\\\/\\\/fcctp.usmp.edu.pe\\\/noticias\\\/\",\"logo\":{\"@type\":\"ImageObject\",\"inLanguage\":\"es-PE\",\"@id\":\"https:\\\/\\\/fcctp.usmp.edu.pe\\\/noticias\\\/#\\\/schema\\\/logo\\\/image\\\/\",\"url\":\"https:\\\/\\\/fcctp.usmp.edu.pe\\\/noticias\\\/wp-content\\\/uploads\\\/2022\\\/03\\\/logoFCCTP_60.svg\",\"contentUrl\":\"https:\\\/\\\/fcctp.usmp.edu.pe\\\/noticias\\\/wp-content\\\/uploads\\\/2022\\\/03\\\/logoFCCTP_60.svg\",\"width\":347,\"height\":66,\"caption\":\"Facultad de Ciencias de la Comunicaci\u00f3n, Turismo y Psicolog\u00eda\"},\"image\":{\"@id\":\"https:\\\/\\\/fcctp.usmp.edu.pe\\\/noticias\\\/#\\\/schema\\\/logo\\\/image\\\/\"},\"sameAs\":[\"https:\\\/\\\/www.facebook.com\\\/fcctp\",\"https:\\\/\\\/x.com\\\/fcctp_usmp\",\"https:\\\/\\\/www.instagram.com\\\/fcctp_usmp\\\/\"]},{\"@type\":\"Person\",\"@id\":\"https:\\\/\\\/fcctp.usmp.edu.pe\\\/noticias\\\/#\\\/schema\\\/person\\\/4fdff53bd44bf6f645fe381e079e1252\",\"name\":\"Omar Huaman\",\"image\":{\"@type\":\"ImageObject\",\"inLanguage\":\"es-PE\",\"@id\":\"https:\\\/\\\/secure.gravatar.com\\\/avatar\\\/1ec290616e6e3dc043e286f62b87c0f992c4889ead141b3e3dfc70d018a983e0?s=96&d=mm&r=g\",\"url\":\"https:\\\/\\\/secure.gravatar.com\\\/avatar\\\/1ec290616e6e3dc043e286f62b87c0f992c4889ead141b3e3dfc70d018a983e0?s=96&d=mm&r=g\",\"contentUrl\":\"https:\\\/\\\/secure.gravatar.com\\\/avatar\\\/1ec290616e6e3dc043e286f62b87c0f992c4889ead141b3e3dfc70d018a983e0?s=96&d=mm&r=g\",\"caption\":\"Omar Huaman\"},\"url\":\"https:\\\/\\\/fcctp.usmp.edu.pe\\\/noticias\\\/author\\\/notieditor\\\/\"}]}<\/script>\n<!-- \/ Yoast SEO plugin. -->","yoast_head_json":{"title":"La III Feria de Voluntariado se realiz\u00f3 con \u00e9xito y reuni\u00f3 a distintas iniciativas sostenibles - Noticias","robots":{"index":"index","follow":"follow","max-snippet":"max-snippet:-1","max-image-preview":"max-image-preview:large","max-video-preview":"max-video-preview:-1"},"canonical":"https:\/\/fcctp.usmp.edu.pe\/noticias\/sostenibilidad\/la-iii-feria-de-voluntariado-se-realizo-con-exito-y-reunio-a-distintas-iniciativas-sostenibles\/","og_locale":"es_ES","og_type":"article","og_title":"La III Feria de Voluntariado se realiz\u00f3 con \u00e9xito y reuni\u00f3 a distintas iniciativas sostenibles - Noticias","og_description":"La Oficina de Sostenibilidad desarroll\u00f3 la tercera edici\u00f3n de esta feria en la que se presentaron varias organizaciones que lideran proyectos sociales y ambientales. &nbsp; La Oficina de Sostenibilidad de la FCCTP, en su labor de fomentar entre los estudiantes acciones que contribuyan a la Agenda 2030 para el Desarrollo Sostenible de las Naciones Unidas, ... Read more","og_url":"https:\/\/fcctp.usmp.edu.pe\/noticias\/sostenibilidad\/la-iii-feria-de-voluntariado-se-realizo-con-exito-y-reunio-a-distintas-iniciativas-sostenibles\/","og_site_name":"Noticias","article_publisher":"https:\/\/www.facebook.com\/fcctp","article_published_time":"2023-05-22T16:33:52+00:00","article_modified_time":"2023-05-24T16:52:05+00:00","og_image":[{"width":720,"height":450,"url":"https:\/\/fcctp.usmp.edu.pe\/noticias\/wp-content\/uploads\/2023\/05\/web2.jpg","type":"image\/jpeg"}],"author":"Omar Huaman","twitter_card":"summary_large_image","twitter_creator":"@fcctp_usmp","twitter_site":"@fcctp_usmp","twitter_misc":{"Written by":"Omar Huaman","Est. reading time":"2 minutos"},"schema":{"@context":"https:\/\/schema.org","@graph":[{"@type":"Article","@id":"https:\/\/fcctp.usmp.edu.pe\/noticias\/sostenibilidad\/la-iii-feria-de-voluntariado-se-realizo-con-exito-y-reunio-a-distintas-iniciativas-sostenibles\/#article","isPartOf":{"@id":"https:\/\/fcctp.usmp.edu.pe\/noticias\/sostenibilidad\/la-iii-feria-de-voluntariado-se-realizo-con-exito-y-reunio-a-distintas-iniciativas-sostenibles\/"},"author":{"name":"Omar Huaman","@id":"https:\/\/fcctp.usmp.edu.pe\/noticias\/#\/schema\/person\/4fdff53bd44bf6f645fe381e079e1252"},"headline":"La III Feria de Voluntariado se realiz\u00f3 con \u00e9xito y reuni\u00f3 a distintas iniciativas sostenibles","datePublished":"2023-05-22T16:33:52+00:00","dateModified":"2023-05-24T16:52:05+00:00","mainEntityOfPage":{"@id":"https:\/\/fcctp.usmp.edu.pe\/noticias\/sostenibilidad\/la-iii-feria-de-voluntariado-se-realizo-con-exito-y-reunio-a-distintas-iniciativas-sostenibles\/"},"wordCount":387,"publisher":{"@id":"https:\/\/fcctp.usmp.edu.pe\/noticias\/#organization"},"image":{"@id":"https:\/\/fcctp.usmp.edu.pe\/noticias\/sostenibilidad\/la-iii-feria-de-voluntariado-se-realizo-con-exito-y-reunio-a-distintas-iniciativas-sostenibles\/#primaryimage"},"thumbnailUrl":"https:\/\/fcctp.usmp.edu.pe\/noticias\/wp-content\/uploads\/2023\/05\/web2.jpg","keywords":["Desarrollo Sostenible","Home FCCTP","III Feria de Voluntariado","Lo mas destacado","Naciones Unidas","ODS","Oficina de Sostenibilidad","ONU"],"articleSection":["Sostenibilidad"],"inLanguage":"es-PE"},{"@type":"WebPage","@id":"https:\/\/fcctp.usmp.edu.pe\/noticias\/sostenibilidad\/la-iii-feria-de-voluntariado-se-realizo-con-exito-y-reunio-a-distintas-iniciativas-sostenibles\/","url":"https:\/\/fcctp.usmp.edu.pe\/noticias\/sostenibilidad\/la-iii-feria-de-voluntariado-se-realizo-con-exito-y-reunio-a-distintas-iniciativas-sostenibles\/","name":"La III Feria de Voluntariado se realiz\u00f3 con \u00e9xito y reuni\u00f3 a distintas iniciativas sostenibles - Noticias","isPartOf":{"@id":"https:\/\/fcctp.usmp.edu.pe\/noticias\/#website"},"primaryImageOfPage":{"@id":"https:\/\/fcctp.usmp.edu.pe\/noticias\/sostenibilidad\/la-iii-feria-de-voluntariado-se-realizo-con-exito-y-reunio-a-distintas-iniciativas-sostenibles\/#primaryimage"},"image":{"@id":"https:\/\/fcctp.usmp.edu.pe\/noticias\/sostenibilidad\/la-iii-feria-de-voluntariado-se-realizo-con-exito-y-reunio-a-distintas-iniciativas-sostenibles\/#primaryimage"},"thumbnailUrl":"https:\/\/fcctp.usmp.edu.pe\/noticias\/wp-content\/uploads\/2023\/05\/web2.jpg","datePublished":"2023-05-22T16:33:52+00:00","dateModified":"2023-05-24T16:52:05+00:00","breadcrumb":{"@id":"https:\/\/fcctp.usmp.edu.pe\/noticias\/sostenibilidad\/la-iii-feria-de-voluntariado-se-realizo-con-exito-y-reunio-a-distintas-iniciativas-sostenibles\/#breadcrumb"},"inLanguage":"es-PE","potentialAction":[{"@type":"ReadAction","target":["https:\/\/fcctp.usmp.edu.pe\/noticias\/sostenibilidad\/la-iii-feria-de-voluntariado-se-realizo-con-exito-y-reunio-a-distintas-iniciativas-sostenibles\/"]}]},{"@type":"ImageObject","inLanguage":"es-PE","@id":"https:\/\/fcctp.usmp.edu.pe\/noticias\/sostenibilidad\/la-iii-feria-de-voluntariado-se-realizo-con-exito-y-reunio-a-distintas-iniciativas-sostenibles\/#primaryimage","url":"https:\/\/fcctp.usmp.edu.pe\/noticias\/wp-content\/uploads\/2023\/05\/web2.jpg","contentUrl":"https:\/\/fcctp.usmp.edu.pe\/noticias\/wp-content\/uploads\/2023\/05\/web2.jpg","width":720,"height":450,"caption":"III Feria de Voluntariado FCCTP"},{"@type":"BreadcrumbList","@id":"https:\/\/fcctp.usmp.edu.pe\/noticias\/sostenibilidad\/la-iii-feria-de-voluntariado-se-realizo-con-exito-y-reunio-a-distintas-iniciativas-sostenibles\/#breadcrumb","itemListElement":[{"@type":"ListItem","position":1,"name":"Portada","item":"https:\/\/fcctp.usmp.edu.pe\/noticias\/"},{"@type":"ListItem","position":2,"name":"La III Feria de Voluntariado se realiz\u00f3 con \u00e9xito y reuni\u00f3 a distintas iniciativas sostenibles"}]},{"@type":"WebSite","@id":"https:\/\/fcctp.usmp.edu.pe\/noticias\/#website","url":"https:\/\/fcctp.usmp.edu.pe\/noticias\/","name":"Noticias FCCTP","description":"Facultad de Ciencias de la Comunicaci\u00f3n, Turismo y Psicolog\u00eda","publisher":{"@id":"https:\/\/fcctp.usmp.edu.pe\/noticias\/#organization"},"potentialAction":[{"@type":"SearchAction","target":{"@type":"EntryPoint","urlTemplate":"https:\/\/fcctp.usmp.edu.pe\/noticias\/?s={search_term_string}"},"query-input":{"@type":"PropertyValueSpecification","valueRequired":true,"valueName":"search_term_string"}}],"inLanguage":"es-PE"},{"@type":"Organization","@id":"https:\/\/fcctp.usmp.edu.pe\/noticias\/#organization","name":"Facultad de Ciencias de la Comunicaci\u00f3n, Turismo y Psicolog\u00eda","url":"https:\/\/fcctp.usmp.edu.pe\/noticias\/","logo":{"@type":"ImageObject","inLanguage":"es-PE","@id":"https:\/\/fcctp.usmp.edu.pe\/noticias\/#\/schema\/logo\/image\/","url":"https:\/\/fcctp.usmp.edu.pe\/noticias\/wp-content\/uploads\/2022\/03\/logoFCCTP_60.svg","contentUrl":"https:\/\/fcctp.usmp.edu.pe\/noticias\/wp-content\/uploads\/2022\/03\/logoFCCTP_60.svg","width":347,"height":66,"caption":"Facultad de Ciencias de la Comunicaci\u00f3n, Turismo y Psicolog\u00eda"},"image":{"@id":"https:\/\/fcctp.usmp.edu.pe\/noticias\/#\/schema\/logo\/image\/"},"sameAs":["https:\/\/www.facebook.com\/fcctp","https:\/\/x.com\/fcctp_usmp","https:\/\/www.instagram.com\/fcctp_usmp\/"]},{"@type":"Person","@id":"https:\/\/fcctp.usmp.edu.pe\/noticias\/#\/schema\/person\/4fdff53bd44bf6f645fe381e079e1252","name":"Omar Huaman","image":{"@type":"ImageObject","inLanguage":"es-PE","@id":"https:\/\/secure.gravatar.com\/avatar\/1ec290616e6e3dc043e286f62b87c0f992c4889ead141b3e3dfc70d018a983e0?s=96&d=mm&r=g","url":"https:\/\/secure.gravatar.com\/avatar\/1ec290616e6e3dc043e286f62b87c0f992c4889ead141b3e3dfc70d018a983e0?s=96&d=mm&r=g","contentUrl":"https:\/\/secure.gravatar.com\/avatar\/1ec290616e6e3dc043e286f62b87c0f992c4889ead141b3e3dfc70d018a983e0?s=96&d=mm&r=g","caption":"Omar Huaman"},"url":"https:\/\/fcctp.usmp.edu.pe\/noticias\/author\/notieditor\/"}]}},"_links":{"self":[{"href":"https:\/\/fcctp.usmp.edu.pe\/noticias\/wp-json\/wp\/v2\/posts\/9366","targetHints":{"allow":["GET"]}}],"collection":[{"href":"https:\/\/fcctp.usmp.edu.pe\/noticias\/wp-json\/wp\/v2\/posts"}],"about":[{"href":"https:\/\/fcctp.usmp.edu.pe\/noticias\/wp-json\/wp\/v2\/types\/post"}],"author":[{"embeddable":true,"href":"https:\/\/fcctp.usmp.edu.pe\/noticias\/wp-json\/wp\/v2\/users\/2"}],"replies":[{"embeddable":true,"href":"https:\/\/fcctp.usmp.edu.pe\/noticias\/wp-json\/wp\/v2\/comments?post=9366"}],"version-history":[{"count":2,"href":"https:\/\/fcctp.usmp.edu.pe\/noticias\/wp-json\/wp\/v2\/posts\/9366\/revisions"}],"predecessor-version":[{"id":9369,"href":"https:\/\/fcctp.usmp.edu.pe\/noticias\/wp-json\/wp\/v2\/posts\/9366\/revisions\/9369"}],"wp:featuredmedia":[{"embeddable":true,"href":"https:\/\/fcctp.usmp.edu.pe\/noticias\/wp-json\/wp\/v2\/media\/9368"}],"wp:attachment":[{"href":"https:\/\/fcctp.usmp.edu.pe\/noticias\/wp-json\/wp\/v2\/media?parent=9366"}],"wp:term":[{"taxonomy":"category","embeddable":true,"href":"https:\/\/fcctp.usmp.edu.pe\/noticias\/wp-json\/wp\/v2\/categories?post=9366"},{"taxonomy":"post_tag","embeddable":true,"href":"https:\/\/fcctp.usmp.edu.pe\/noticias\/wp-json\/wp\/v2\/tags?post=9366"}],"curies":[{"name":"wp","href":"https:\/\/api.w.org\/{rel}","templated":true}]}}