{"id":9333,"date":"2023-05-04T20:27:17","date_gmt":"2023-05-04T20:27:17","guid":{"rendered":"https:\/\/fcctp.usmp.edu.pe\/noticias\/?p=9333"},"modified":"2023-05-04T20:27:17","modified_gmt":"2023-05-04T20:27:17","slug":"oficina-de-sostenibilidad-participo-en-evento-del-proyecto-bicentenario-para-crear-alianzas-de-voluntariado-con-otras-instituciones","status":"publish","type":"post","link":"https:\/\/fcctp.usmp.edu.pe\/noticias\/sostenibilidad\/oficina-de-sostenibilidad-participo-en-evento-del-proyecto-bicentenario-para-crear-alianzas-de-voluntariado-con-otras-instituciones\/","title":{"rendered":"Oficina de Sostenibilidad particip\u00f3 en evento del proyecto Bicentenario para crear alianzas de voluntariado con otras instituciones"},"content":{"rendered":"<p>La <strong>Oficina de Sostenibilidad<\/strong> de la Facultad de Ciencias de la Comunicaci\u00f3n, Turismo y Psicolog\u00eda (FCCTP) de la Universidad de San Mart\u00edn de Porres (USMP) estuvo presente en el <strong>I Desayuno de Voluntariado Corporativo del Bicentenario<\/strong>, donde tambi\u00e9n participaron otras organizaciones e instituciones que desarrollan proyectos de ayuda social y medioambiental.<\/p>\n<p><strong>Emilia Andrade<\/strong>, coordinadora de la <strong>Oficina de Sostenibilidad<\/strong>, acudi\u00f3 en representaci\u00f3n de nuestra facultad y present\u00f3 los programas que hemos realizado y se vienen ejecutando frente a m\u00e1s de 35 gestores de programas de voluntariado de las empresas m\u00e1s importantes del pa\u00eds.<\/p>\n<p>Este evento fue organizado por el <strong>Programa de Voluntariado del Bicentenario al 2024<\/strong> del <strong>Ministerio de Cultura<\/strong> en conjunto con Proa, plataforma peruana que conecta personas y empresas que deseen hacer voluntariado en beneficio de la sociedad.<\/p>\n<p><center><\/center><\/p>\n<blockquote class=\"instagram-media\" style=\"background: #FFF; border: 0; border-radius: 3px; box-shadow: 0 0 1px 0 rgba(0,0,0,0.5),0 1px 10px 0 rgba(0,0,0,0.15); margin: 1px; max-width: 540px; min-width: 326px; padding: 0; width: calc(100% - 2px);\" data-instgrm-captioned=\"\" data-instgrm-permalink=\"https:\/\/www.instagram.com\/p\/Cryw2dGRT0d\/?utm_source=ig_embed&amp;utm_campaign=loading\" data-instgrm-version=\"14\">\n<div style=\"padding: 16px;\">\n<p>&nbsp;<\/p>\n<div style=\"display: flex; flex-direction: row; align-items: center;\">\n<div style=\"background-color: #f4f4f4; border-radius: 50%; flex-grow: 0; height: 40px; margin-right: 14px; width: 40px;\"><\/div>\n<div style=\"display: flex; flex-direction: column; flex-grow: 1; justify-content: center;\">\n<div style=\"background-color: #f4f4f4; border-radius: 4px; flex-grow: 0; height: 14px; margin-bottom: 6px; width: 100px;\"><\/div>\n<div style=\"background-color: #f4f4f4; border-radius: 4px; flex-grow: 0; height: 14px; width: 60px;\"><\/div>\n<\/div>\n<\/div>\n<div style=\"padding: 19% 0;\"><\/div>\n<div style=\"display: block; height: 50px; margin: 0 auto 12px; width: 50px;\"><\/div>\n<div style=\"padding-top: 8px;\">\n<div style=\"color: #3897f0; font-family: Arial,sans-serif; font-size: 14px; font-style: normal; font-weight: 550; line-height: 18px;\">Ver esta publicaci\u00f3n en Instagram<\/div>\n<\/div>\n<div style=\"padding: 12.5% 0;\"><\/div>\n<div style=\"display: flex; flex-direction: row; margin-bottom: 14px; align-items: center;\">\n<div>\n<div style=\"background-color: #f4f4f4; border-radius: 50%; height: 12.5px; width: 12.5px; transform: translateX(0px) translateY(7px);\"><\/div>\n<div style=\"background-color: #f4f4f4; height: 12.5px; transform: rotate(-45deg) translateX(3px) translateY(1px); width: 12.5px; flex-grow: 0; margin-right: 14px; margin-left: 2px;\"><\/div>\n<div style=\"background-color: #f4f4f4; border-radius: 50%; height: 12.5px; width: 12.5px; transform: translateX(9px) translateY(-18px);\"><\/div>\n<\/div>\n<div style=\"margin-left: 8px;\">\n<div style=\"background-color: #f4f4f4; border-radius: 50%; flex-grow: 0; height: 20px; width: 20px;\"><\/div>\n<div style=\"width: 0; height: 0; border-top: 2px solid transparent; border-left: 6px solid #f4f4f4; border-bottom: 2px solid transparent; transform: translateX(16px) translateY(-4px) rotate(30deg);\"><\/div>\n<\/div>\n<div style=\"margin-left: auto;\">\n<div style=\"width: 0px; border-top: 8px solid #F4F4F4; border-right: 8px solid transparent; transform: translateY(16px);\"><\/div>\n<div style=\"background-color: #f4f4f4; flex-grow: 0; height: 12px; width: 16px; transform: translateY(-4px);\"><\/div>\n<div style=\"width: 0; height: 0; border-top: 8px solid #F4F4F4; border-left: 8px solid transparent; transform: translateY(-4px) translateX(8px);\"><\/div>\n<\/div>\n<\/div>\n<div style=\"display: flex; flex-direction: column; flex-grow: 1; justify-content: center; margin-bottom: 24px;\">\n<div style=\"background-color: #f4f4f4; border-radius: 4px; flex-grow: 0; height: 14px; margin-bottom: 6px; width: 224px;\"><\/div>\n<div style=\"background-color: #f4f4f4; border-radius: 4px; flex-grow: 0; height: 14px; width: 144px;\"><\/div>\n<\/div>\n<p>&nbsp;<\/p>\n<p style=\"color: #c9c8cd; font-family: Arial,sans-serif; font-size: 14px; line-height: 17px; margin-bottom: 0; margin-top: 8px; overflow: hidden; padding: 8px 0 7px; text-align: center; text-overflow: ellipsis; white-space: nowrap;\"><a style=\"color: #c9c8cd; font-family: Arial,sans-serif; font-size: 14px; font-style: normal; font-weight: normal; line-height: 17px; text-decoration: none;\" href=\"https:\/\/www.instagram.com\/p\/Cryw2dGRT0d\/?utm_source=ig_embed&amp;utm_campaign=loading\" target=\"_blank\" rel=\"noopener\">Una publicaci\u00f3n compartida de Bicentenario del Peru\u0301 (@bicentenariope)<\/a><\/p>\n<\/div>\n<\/blockquote>\n<p><script async src=\"\/\/www.instagram.com\/embed.js\"><\/script><\/p>\n<p>Durante el encuentro, se abord\u00f3 el tema \u00ab<strong>\u00bfC\u00f3mo alinear nuestras acciones de voluntariado a los ejes del Bicentenario y los ODS?\u00bb<\/strong> y, adem\u00e1s, este espacio sirvi\u00f3 para establecer nuevas alianzas para realizar voluntariado corporativo.<\/p>\n<p>De esta forma, se busc\u00f3 acuerdos para que, entre empresas o universidades en conjunto, se desarrollen iniciativas ben\u00e9ficas para el pa\u00eds de cara al siguiente a\u00f1o. Sumado a ello, gracias a este evento, se pudo identificar retos y mejoras de los voluntariados que se han desarrollado hasta el momento.<\/p>\n<p>La\u00a0<strong>Oficina de Sostenibilidad<\/strong> dise\u00f1a y ejecuta proyectos de alto impacto que promueven el desarrollo sostenible entre la comunidad FCCTP mediante valores human\u00edsticos, \u00e9ticos y c\u00edvicos. Para m\u00e1s informaci\u00f3n, puede visitar: <a href=\"https:\/\/fcctp.usmp.edu.pe\/sostenibilidad\/\">https:\/\/fcctp.usmp.edu.pe\/sostenibilidad\/<\/a><\/p>\n","protected":false},"excerpt":{"rendered":"<p>La Oficina de Sostenibilidad de la Facultad de Ciencias de la Comunicaci\u00f3n, Turismo y Psicolog\u00eda (FCCTP) de la Universidad de San Mart\u00edn de Porres (USMP) estuvo presente en el I Desayuno de Voluntariado Corporativo del Bicentenario, donde tambi\u00e9n participaron otras organizaciones e instituciones que desarrollan proyectos de ayuda social y medioambiental. Emilia Andrade, coordinadora de &#8230; <a title=\"Oficina de Sostenibilidad particip\u00f3 en evento del proyecto Bicentenario para crear alianzas de voluntariado con otras instituciones\" class=\"read-more\" href=\"https:\/\/fcctp.usmp.edu.pe\/noticias\/sostenibilidad\/oficina-de-sostenibilidad-participo-en-evento-del-proyecto-bicentenario-para-crear-alianzas-de-voluntariado-con-otras-instituciones\/\" aria-label=\"More on Oficina de Sostenibilidad particip\u00f3 en evento del proyecto Bicentenario para crear alianzas de voluntariado con otras instituciones\">Read more<\/a><\/p>\n","protected":false},"author":2,"featured_media":9335,"comment_status":"closed","ping_status":"closed","sticky":false,"template":"","format":"standard","meta":{"footnotes":""},"categories":[33],"tags":[47,46,74,72,51,73],"class_list":["post-9333","post","type-post","status-publish","format-standard","has-post-thumbnail","hentry","category-sostenibilidad","tag-home-fcctp","tag-lo-mas-destacado","tag-oficina-de-sostenibilidad","tag-proyecto-bicentenario","tag-sostenibilidad","tag-voluntariado"],"yoast_head":"<!-- This site is optimized with the Yoast SEO plugin v28.3 - https:\/\/yoast.com\/product\/yoast-seo-wordpress\/ -->\n<title>Oficina de Sostenibilidad particip\u00f3 en evento del proyecto Bicentenario para crear alianzas de voluntariado con otras instituciones - Noticias<\/title>\n<meta name=\"robots\" content=\"index, follow, max-snippet:-1, max-image-preview:large, max-video-preview:-1\" \/>\n<link rel=\"canonical\" href=\"https:\/\/fcctp.usmp.edu.pe\/noticias\/sostenibilidad\/oficina-de-sostenibilidad-participo-en-evento-del-proyecto-bicentenario-para-crear-alianzas-de-voluntariado-con-otras-instituciones\/\" \/>\n<meta property=\"og:locale\" content=\"es_ES\" \/>\n<meta property=\"og:type\" content=\"article\" \/>\n<meta property=\"og:title\" content=\"Oficina de Sostenibilidad particip\u00f3 en evento del proyecto Bicentenario para crear alianzas de voluntariado con otras instituciones - Noticias\" \/>\n<meta property=\"og:description\" content=\"La Oficina de Sostenibilidad de la Facultad de Ciencias de la Comunicaci\u00f3n, Turismo y Psicolog\u00eda (FCCTP) de la Universidad de San Mart\u00edn de Porres (USMP) estuvo presente en el I Desayuno de Voluntariado Corporativo del Bicentenario, donde tambi\u00e9n participaron otras organizaciones e instituciones que desarrollan proyectos de ayuda social y medioambiental. Emilia Andrade, coordinadora de ... Read more\" \/>\n<meta property=\"og:url\" content=\"https:\/\/fcctp.usmp.edu.pe\/noticias\/sostenibilidad\/oficina-de-sostenibilidad-participo-en-evento-del-proyecto-bicentenario-para-crear-alianzas-de-voluntariado-con-otras-instituciones\/\" \/>\n<meta property=\"og:site_name\" content=\"Noticias\" \/>\n<meta property=\"article:publisher\" content=\"https:\/\/www.facebook.com\/fcctp\" \/>\n<meta property=\"article:published_time\" content=\"2023-05-04T20:27:17+00:00\" \/>\n<meta property=\"og:image\" content=\"https:\/\/fcctp.usmp.edu.pe\/noticias\/wp-content\/uploads\/2023\/05\/p2.jpg\" \/>\n\t<meta property=\"og:image:width\" content=\"2048\" \/>\n\t<meta property=\"og:image:height\" content=\"1366\" \/>\n\t<meta property=\"og:image:type\" content=\"image\/jpeg\" \/>\n<meta name=\"author\" content=\"Omar Huaman\" \/>\n<meta name=\"twitter:card\" content=\"summary_large_image\" \/>\n<meta name=\"twitter:creator\" content=\"@fcctp_usmp\" \/>\n<meta name=\"twitter:site\" content=\"@fcctp_usmp\" \/>\n<meta name=\"twitter:label1\" content=\"Written by\" \/>\n\t<meta name=\"twitter:data1\" content=\"Omar Huaman\" \/>\n\t<meta name=\"twitter:label2\" content=\"Est. reading time\" \/>\n\t<meta name=\"twitter:data2\" content=\"1 minuto\" \/>\n<script type=\"application\/ld+json\" class=\"yoast-schema-graph\">{\"@context\":\"https:\\\/\\\/schema.org\",\"@graph\":[{\"@type\":\"Article\",\"@id\":\"https:\\\/\\\/fcctp.usmp.edu.pe\\\/noticias\\\/sostenibilidad\\\/oficina-de-sostenibilidad-participo-en-evento-del-proyecto-bicentenario-para-crear-alianzas-de-voluntariado-con-otras-instituciones\\\/#article\",\"isPartOf\":{\"@id\":\"https:\\\/\\\/fcctp.usmp.edu.pe\\\/noticias\\\/sostenibilidad\\\/oficina-de-sostenibilidad-participo-en-evento-del-proyecto-bicentenario-para-crear-alianzas-de-voluntariado-con-otras-instituciones\\\/\"},\"author\":{\"name\":\"Omar Huaman\",\"@id\":\"https:\\\/\\\/fcctp.usmp.edu.pe\\\/noticias\\\/#\\\/schema\\\/person\\\/4fdff53bd44bf6f645fe381e079e1252\"},\"headline\":\"Oficina de Sostenibilidad particip\u00f3 en evento del proyecto Bicentenario para crear alianzas de voluntariado con otras instituciones\",\"datePublished\":\"2023-05-04T20:27:17+00:00\",\"mainEntityOfPage\":{\"@id\":\"https:\\\/\\\/fcctp.usmp.edu.pe\\\/noticias\\\/sostenibilidad\\\/oficina-de-sostenibilidad-participo-en-evento-del-proyecto-bicentenario-para-crear-alianzas-de-voluntariado-con-otras-instituciones\\\/\"},\"wordCount\":300,\"publisher\":{\"@id\":\"https:\\\/\\\/fcctp.usmp.edu.pe\\\/noticias\\\/#organization\"},\"image\":{\"@id\":\"https:\\\/\\\/fcctp.usmp.edu.pe\\\/noticias\\\/sostenibilidad\\\/oficina-de-sostenibilidad-participo-en-evento-del-proyecto-bicentenario-para-crear-alianzas-de-voluntariado-con-otras-instituciones\\\/#primaryimage\"},\"thumbnailUrl\":\"https:\\\/\\\/fcctp.usmp.edu.pe\\\/noticias\\\/wp-content\\\/uploads\\\/2023\\\/05\\\/p2.jpg\",\"keywords\":[\"Home FCCTP\",\"Lo mas destacado\",\"Oficina de Sostenibilidad\",\"Proyecto Bicentenario\",\"Sostenibilidad\",\"Voluntariado\"],\"articleSection\":[\"Sostenibilidad\"],\"inLanguage\":\"es-PE\"},{\"@type\":\"WebPage\",\"@id\":\"https:\\\/\\\/fcctp.usmp.edu.pe\\\/noticias\\\/sostenibilidad\\\/oficina-de-sostenibilidad-participo-en-evento-del-proyecto-bicentenario-para-crear-alianzas-de-voluntariado-con-otras-instituciones\\\/\",\"url\":\"https:\\\/\\\/fcctp.usmp.edu.pe\\\/noticias\\\/sostenibilidad\\\/oficina-de-sostenibilidad-participo-en-evento-del-proyecto-bicentenario-para-crear-alianzas-de-voluntariado-con-otras-instituciones\\\/\",\"name\":\"Oficina de Sostenibilidad particip\u00f3 en evento del proyecto Bicentenario para crear alianzas de voluntariado con otras instituciones - Noticias\",\"isPartOf\":{\"@id\":\"https:\\\/\\\/fcctp.usmp.edu.pe\\\/noticias\\\/#website\"},\"primaryImageOfPage\":{\"@id\":\"https:\\\/\\\/fcctp.usmp.edu.pe\\\/noticias\\\/sostenibilidad\\\/oficina-de-sostenibilidad-participo-en-evento-del-proyecto-bicentenario-para-crear-alianzas-de-voluntariado-con-otras-instituciones\\\/#primaryimage\"},\"image\":{\"@id\":\"https:\\\/\\\/fcctp.usmp.edu.pe\\\/noticias\\\/sostenibilidad\\\/oficina-de-sostenibilidad-participo-en-evento-del-proyecto-bicentenario-para-crear-alianzas-de-voluntariado-con-otras-instituciones\\\/#primaryimage\"},\"thumbnailUrl\":\"https:\\\/\\\/fcctp.usmp.edu.pe\\\/noticias\\\/wp-content\\\/uploads\\\/2023\\\/05\\\/p2.jpg\",\"datePublished\":\"2023-05-04T20:27:17+00:00\",\"breadcrumb\":{\"@id\":\"https:\\\/\\\/fcctp.usmp.edu.pe\\\/noticias\\\/sostenibilidad\\\/oficina-de-sostenibilidad-participo-en-evento-del-proyecto-bicentenario-para-crear-alianzas-de-voluntariado-con-otras-instituciones\\\/#breadcrumb\"},\"inLanguage\":\"es-PE\",\"potentialAction\":[{\"@type\":\"ReadAction\",\"target\":[\"https:\\\/\\\/fcctp.usmp.edu.pe\\\/noticias\\\/sostenibilidad\\\/oficina-de-sostenibilidad-participo-en-evento-del-proyecto-bicentenario-para-crear-alianzas-de-voluntariado-con-otras-instituciones\\\/\"]}]},{\"@type\":\"ImageObject\",\"inLanguage\":\"es-PE\",\"@id\":\"https:\\\/\\\/fcctp.usmp.edu.pe\\\/noticias\\\/sostenibilidad\\\/oficina-de-sostenibilidad-participo-en-evento-del-proyecto-bicentenario-para-crear-alianzas-de-voluntariado-con-otras-instituciones\\\/#primaryimage\",\"url\":\"https:\\\/\\\/fcctp.usmp.edu.pe\\\/noticias\\\/wp-content\\\/uploads\\\/2023\\\/05\\\/p2.jpg\",\"contentUrl\":\"https:\\\/\\\/fcctp.usmp.edu.pe\\\/noticias\\\/wp-content\\\/uploads\\\/2023\\\/05\\\/p2.jpg\",\"width\":2048,\"height\":1366,\"caption\":\"I Desayuno de Voluntariado Corporativo del Bicentenario (foto: Proyecto Bicentenario)\"},{\"@type\":\"BreadcrumbList\",\"@id\":\"https:\\\/\\\/fcctp.usmp.edu.pe\\\/noticias\\\/sostenibilidad\\\/oficina-de-sostenibilidad-participo-en-evento-del-proyecto-bicentenario-para-crear-alianzas-de-voluntariado-con-otras-instituciones\\\/#breadcrumb\",\"itemListElement\":[{\"@type\":\"ListItem\",\"position\":1,\"name\":\"Portada\",\"item\":\"https:\\\/\\\/fcctp.usmp.edu.pe\\\/noticias\\\/\"},{\"@type\":\"ListItem\",\"position\":2,\"name\":\"Oficina de Sostenibilidad particip\u00f3 en evento del proyecto Bicentenario para crear alianzas de voluntariado con otras instituciones\"}]},{\"@type\":\"WebSite\",\"@id\":\"https:\\\/\\\/fcctp.usmp.edu.pe\\\/noticias\\\/#website\",\"url\":\"https:\\\/\\\/fcctp.usmp.edu.pe\\\/noticias\\\/\",\"name\":\"Noticias FCCTP\",\"description\":\"Facultad de Ciencias de la Comunicaci\u00f3n, Turismo y Psicolog\u00eda\",\"publisher\":{\"@id\":\"https:\\\/\\\/fcctp.usmp.edu.pe\\\/noticias\\\/#organization\"},\"potentialAction\":[{\"@type\":\"SearchAction\",\"target\":{\"@type\":\"EntryPoint\",\"urlTemplate\":\"https:\\\/\\\/fcctp.usmp.edu.pe\\\/noticias\\\/?s={search_term_string}\"},\"query-input\":{\"@type\":\"PropertyValueSpecification\",\"valueRequired\":true,\"valueName\":\"search_term_string\"}}],\"inLanguage\":\"es-PE\"},{\"@type\":\"Organization\",\"@id\":\"https:\\\/\\\/fcctp.usmp.edu.pe\\\/noticias\\\/#organization\",\"name\":\"Facultad de Ciencias de la Comunicaci\u00f3n, Turismo y Psicolog\u00eda\",\"url\":\"https:\\\/\\\/fcctp.usmp.edu.pe\\\/noticias\\\/\",\"logo\":{\"@type\":\"ImageObject\",\"inLanguage\":\"es-PE\",\"@id\":\"https:\\\/\\\/fcctp.usmp.edu.pe\\\/noticias\\\/#\\\/schema\\\/logo\\\/image\\\/\",\"url\":\"https:\\\/\\\/fcctp.usmp.edu.pe\\\/noticias\\\/wp-content\\\/uploads\\\/2022\\\/03\\\/logoFCCTP_60.svg\",\"contentUrl\":\"https:\\\/\\\/fcctp.usmp.edu.pe\\\/noticias\\\/wp-content\\\/uploads\\\/2022\\\/03\\\/logoFCCTP_60.svg\",\"width\":347,\"height\":66,\"caption\":\"Facultad de Ciencias de la Comunicaci\u00f3n, Turismo y Psicolog\u00eda\"},\"image\":{\"@id\":\"https:\\\/\\\/fcctp.usmp.edu.pe\\\/noticias\\\/#\\\/schema\\\/logo\\\/image\\\/\"},\"sameAs\":[\"https:\\\/\\\/www.facebook.com\\\/fcctp\",\"https:\\\/\\\/x.com\\\/fcctp_usmp\",\"https:\\\/\\\/www.instagram.com\\\/fcctp_usmp\\\/\"]},{\"@type\":\"Person\",\"@id\":\"https:\\\/\\\/fcctp.usmp.edu.pe\\\/noticias\\\/#\\\/schema\\\/person\\\/4fdff53bd44bf6f645fe381e079e1252\",\"name\":\"Omar Huaman\",\"image\":{\"@type\":\"ImageObject\",\"inLanguage\":\"es-PE\",\"@id\":\"https:\\\/\\\/secure.gravatar.com\\\/avatar\\\/1ec290616e6e3dc043e286f62b87c0f992c4889ead141b3e3dfc70d018a983e0?s=96&d=mm&r=g\",\"url\":\"https:\\\/\\\/secure.gravatar.com\\\/avatar\\\/1ec290616e6e3dc043e286f62b87c0f992c4889ead141b3e3dfc70d018a983e0?s=96&d=mm&r=g\",\"contentUrl\":\"https:\\\/\\\/secure.gravatar.com\\\/avatar\\\/1ec290616e6e3dc043e286f62b87c0f992c4889ead141b3e3dfc70d018a983e0?s=96&d=mm&r=g\",\"caption\":\"Omar Huaman\"},\"url\":\"https:\\\/\\\/fcctp.usmp.edu.pe\\\/noticias\\\/author\\\/notieditor\\\/\"}]}<\/script>\n<!-- \/ Yoast SEO plugin. -->","yoast_head_json":{"title":"Oficina de Sostenibilidad particip\u00f3 en evento del proyecto Bicentenario para crear alianzas de voluntariado con otras instituciones - Noticias","robots":{"index":"index","follow":"follow","max-snippet":"max-snippet:-1","max-image-preview":"max-image-preview:large","max-video-preview":"max-video-preview:-1"},"canonical":"https:\/\/fcctp.usmp.edu.pe\/noticias\/sostenibilidad\/oficina-de-sostenibilidad-participo-en-evento-del-proyecto-bicentenario-para-crear-alianzas-de-voluntariado-con-otras-instituciones\/","og_locale":"es_ES","og_type":"article","og_title":"Oficina de Sostenibilidad particip\u00f3 en evento del proyecto Bicentenario para crear alianzas de voluntariado con otras instituciones - Noticias","og_description":"La Oficina de Sostenibilidad de la Facultad de Ciencias de la Comunicaci\u00f3n, Turismo y Psicolog\u00eda (FCCTP) de la Universidad de San Mart\u00edn de Porres (USMP) estuvo presente en el I Desayuno de Voluntariado Corporativo del Bicentenario, donde tambi\u00e9n participaron otras organizaciones e instituciones que desarrollan proyectos de ayuda social y medioambiental. Emilia Andrade, coordinadora de ... Read more","og_url":"https:\/\/fcctp.usmp.edu.pe\/noticias\/sostenibilidad\/oficina-de-sostenibilidad-participo-en-evento-del-proyecto-bicentenario-para-crear-alianzas-de-voluntariado-con-otras-instituciones\/","og_site_name":"Noticias","article_publisher":"https:\/\/www.facebook.com\/fcctp","article_published_time":"2023-05-04T20:27:17+00:00","og_image":[{"width":2048,"height":1366,"url":"https:\/\/fcctp.usmp.edu.pe\/noticias\/wp-content\/uploads\/2023\/05\/p2.jpg","type":"image\/jpeg"}],"author":"Omar Huaman","twitter_card":"summary_large_image","twitter_creator":"@fcctp_usmp","twitter_site":"@fcctp_usmp","twitter_misc":{"Written by":"Omar Huaman","Est. reading time":"1 minuto"},"schema":{"@context":"https:\/\/schema.org","@graph":[{"@type":"Article","@id":"https:\/\/fcctp.usmp.edu.pe\/noticias\/sostenibilidad\/oficina-de-sostenibilidad-participo-en-evento-del-proyecto-bicentenario-para-crear-alianzas-de-voluntariado-con-otras-instituciones\/#article","isPartOf":{"@id":"https:\/\/fcctp.usmp.edu.pe\/noticias\/sostenibilidad\/oficina-de-sostenibilidad-participo-en-evento-del-proyecto-bicentenario-para-crear-alianzas-de-voluntariado-con-otras-instituciones\/"},"author":{"name":"Omar Huaman","@id":"https:\/\/fcctp.usmp.edu.pe\/noticias\/#\/schema\/person\/4fdff53bd44bf6f645fe381e079e1252"},"headline":"Oficina de Sostenibilidad particip\u00f3 en evento del proyecto Bicentenario para crear alianzas de voluntariado con otras instituciones","datePublished":"2023-05-04T20:27:17+00:00","mainEntityOfPage":{"@id":"https:\/\/fcctp.usmp.edu.pe\/noticias\/sostenibilidad\/oficina-de-sostenibilidad-participo-en-evento-del-proyecto-bicentenario-para-crear-alianzas-de-voluntariado-con-otras-instituciones\/"},"wordCount":300,"publisher":{"@id":"https:\/\/fcctp.usmp.edu.pe\/noticias\/#organization"},"image":{"@id":"https:\/\/fcctp.usmp.edu.pe\/noticias\/sostenibilidad\/oficina-de-sostenibilidad-participo-en-evento-del-proyecto-bicentenario-para-crear-alianzas-de-voluntariado-con-otras-instituciones\/#primaryimage"},"thumbnailUrl":"https:\/\/fcctp.usmp.edu.pe\/noticias\/wp-content\/uploads\/2023\/05\/p2.jpg","keywords":["Home FCCTP","Lo mas destacado","Oficina de Sostenibilidad","Proyecto Bicentenario","Sostenibilidad","Voluntariado"],"articleSection":["Sostenibilidad"],"inLanguage":"es-PE"},{"@type":"WebPage","@id":"https:\/\/fcctp.usmp.edu.pe\/noticias\/sostenibilidad\/oficina-de-sostenibilidad-participo-en-evento-del-proyecto-bicentenario-para-crear-alianzas-de-voluntariado-con-otras-instituciones\/","url":"https:\/\/fcctp.usmp.edu.pe\/noticias\/sostenibilidad\/oficina-de-sostenibilidad-participo-en-evento-del-proyecto-bicentenario-para-crear-alianzas-de-voluntariado-con-otras-instituciones\/","name":"Oficina de Sostenibilidad particip\u00f3 en evento del proyecto Bicentenario para crear alianzas de voluntariado con otras instituciones - Noticias","isPartOf":{"@id":"https:\/\/fcctp.usmp.edu.pe\/noticias\/#website"},"primaryImageOfPage":{"@id":"https:\/\/fcctp.usmp.edu.pe\/noticias\/sostenibilidad\/oficina-de-sostenibilidad-participo-en-evento-del-proyecto-bicentenario-para-crear-alianzas-de-voluntariado-con-otras-instituciones\/#primaryimage"},"image":{"@id":"https:\/\/fcctp.usmp.edu.pe\/noticias\/sostenibilidad\/oficina-de-sostenibilidad-participo-en-evento-del-proyecto-bicentenario-para-crear-alianzas-de-voluntariado-con-otras-instituciones\/#primaryimage"},"thumbnailUrl":"https:\/\/fcctp.usmp.edu.pe\/noticias\/wp-content\/uploads\/2023\/05\/p2.jpg","datePublished":"2023-05-04T20:27:17+00:00","breadcrumb":{"@id":"https:\/\/fcctp.usmp.edu.pe\/noticias\/sostenibilidad\/oficina-de-sostenibilidad-participo-en-evento-del-proyecto-bicentenario-para-crear-alianzas-de-voluntariado-con-otras-instituciones\/#breadcrumb"},"inLanguage":"es-PE","potentialAction":[{"@type":"ReadAction","target":["https:\/\/fcctp.usmp.edu.pe\/noticias\/sostenibilidad\/oficina-de-sostenibilidad-participo-en-evento-del-proyecto-bicentenario-para-crear-alianzas-de-voluntariado-con-otras-instituciones\/"]}]},{"@type":"ImageObject","inLanguage":"es-PE","@id":"https:\/\/fcctp.usmp.edu.pe\/noticias\/sostenibilidad\/oficina-de-sostenibilidad-participo-en-evento-del-proyecto-bicentenario-para-crear-alianzas-de-voluntariado-con-otras-instituciones\/#primaryimage","url":"https:\/\/fcctp.usmp.edu.pe\/noticias\/wp-content\/uploads\/2023\/05\/p2.jpg","contentUrl":"https:\/\/fcctp.usmp.edu.pe\/noticias\/wp-content\/uploads\/2023\/05\/p2.jpg","width":2048,"height":1366,"caption":"I Desayuno de Voluntariado Corporativo del Bicentenario (foto: Proyecto Bicentenario)"},{"@type":"BreadcrumbList","@id":"https:\/\/fcctp.usmp.edu.pe\/noticias\/sostenibilidad\/oficina-de-sostenibilidad-participo-en-evento-del-proyecto-bicentenario-para-crear-alianzas-de-voluntariado-con-otras-instituciones\/#breadcrumb","itemListElement":[{"@type":"ListItem","position":1,"name":"Portada","item":"https:\/\/fcctp.usmp.edu.pe\/noticias\/"},{"@type":"ListItem","position":2,"name":"Oficina de Sostenibilidad particip\u00f3 en evento del proyecto Bicentenario para crear alianzas de voluntariado con otras instituciones"}]},{"@type":"WebSite","@id":"https:\/\/fcctp.usmp.edu.pe\/noticias\/#website","url":"https:\/\/fcctp.usmp.edu.pe\/noticias\/","name":"Noticias FCCTP","description":"Facultad de Ciencias de la Comunicaci\u00f3n, Turismo y Psicolog\u00eda","publisher":{"@id":"https:\/\/fcctp.usmp.edu.pe\/noticias\/#organization"},"potentialAction":[{"@type":"SearchAction","target":{"@type":"EntryPoint","urlTemplate":"https:\/\/fcctp.usmp.edu.pe\/noticias\/?s={search_term_string}"},"query-input":{"@type":"PropertyValueSpecification","valueRequired":true,"valueName":"search_term_string"}}],"inLanguage":"es-PE"},{"@type":"Organization","@id":"https:\/\/fcctp.usmp.edu.pe\/noticias\/#organization","name":"Facultad de Ciencias de la Comunicaci\u00f3n, Turismo y Psicolog\u00eda","url":"https:\/\/fcctp.usmp.edu.pe\/noticias\/","logo":{"@type":"ImageObject","inLanguage":"es-PE","@id":"https:\/\/fcctp.usmp.edu.pe\/noticias\/#\/schema\/logo\/image\/","url":"https:\/\/fcctp.usmp.edu.pe\/noticias\/wp-content\/uploads\/2022\/03\/logoFCCTP_60.svg","contentUrl":"https:\/\/fcctp.usmp.edu.pe\/noticias\/wp-content\/uploads\/2022\/03\/logoFCCTP_60.svg","width":347,"height":66,"caption":"Facultad de Ciencias de la Comunicaci\u00f3n, Turismo y Psicolog\u00eda"},"image":{"@id":"https:\/\/fcctp.usmp.edu.pe\/noticias\/#\/schema\/logo\/image\/"},"sameAs":["https:\/\/www.facebook.com\/fcctp","https:\/\/x.com\/fcctp_usmp","https:\/\/www.instagram.com\/fcctp_usmp\/"]},{"@type":"Person","@id":"https:\/\/fcctp.usmp.edu.pe\/noticias\/#\/schema\/person\/4fdff53bd44bf6f645fe381e079e1252","name":"Omar Huaman","image":{"@type":"ImageObject","inLanguage":"es-PE","@id":"https:\/\/secure.gravatar.com\/avatar\/1ec290616e6e3dc043e286f62b87c0f992c4889ead141b3e3dfc70d018a983e0?s=96&d=mm&r=g","url":"https:\/\/secure.gravatar.com\/avatar\/1ec290616e6e3dc043e286f62b87c0f992c4889ead141b3e3dfc70d018a983e0?s=96&d=mm&r=g","contentUrl":"https:\/\/secure.gravatar.com\/avatar\/1ec290616e6e3dc043e286f62b87c0f992c4889ead141b3e3dfc70d018a983e0?s=96&d=mm&r=g","caption":"Omar Huaman"},"url":"https:\/\/fcctp.usmp.edu.pe\/noticias\/author\/notieditor\/"}]}},"_links":{"self":[{"href":"https:\/\/fcctp.usmp.edu.pe\/noticias\/wp-json\/wp\/v2\/posts\/9333","targetHints":{"allow":["GET"]}}],"collection":[{"href":"https:\/\/fcctp.usmp.edu.pe\/noticias\/wp-json\/wp\/v2\/posts"}],"about":[{"href":"https:\/\/fcctp.usmp.edu.pe\/noticias\/wp-json\/wp\/v2\/types\/post"}],"author":[{"embeddable":true,"href":"https:\/\/fcctp.usmp.edu.pe\/noticias\/wp-json\/wp\/v2\/users\/2"}],"replies":[{"embeddable":true,"href":"https:\/\/fcctp.usmp.edu.pe\/noticias\/wp-json\/wp\/v2\/comments?post=9333"}],"version-history":[{"count":5,"href":"https:\/\/fcctp.usmp.edu.pe\/noticias\/wp-json\/wp\/v2\/posts\/9333\/revisions"}],"predecessor-version":[{"id":9340,"href":"https:\/\/fcctp.usmp.edu.pe\/noticias\/wp-json\/wp\/v2\/posts\/9333\/revisions\/9340"}],"wp:featuredmedia":[{"embeddable":true,"href":"https:\/\/fcctp.usmp.edu.pe\/noticias\/wp-json\/wp\/v2\/media\/9335"}],"wp:attachment":[{"href":"https:\/\/fcctp.usmp.edu.pe\/noticias\/wp-json\/wp\/v2\/media?parent=9333"}],"wp:term":[{"taxonomy":"category","embeddable":true,"href":"https:\/\/fcctp.usmp.edu.pe\/noticias\/wp-json\/wp\/v2\/categories?post=9333"},{"taxonomy":"post_tag","embeddable":true,"href":"https:\/\/fcctp.usmp.edu.pe\/noticias\/wp-json\/wp\/v2\/tags?post=9333"}],"curies":[{"name":"wp","href":"https:\/\/api.w.org\/{rel}","templated":true}]}}