{"id":9256,"date":"2023-03-27T20:38:54","date_gmt":"2023-03-27T20:38:54","guid":{"rendered":"https:\/\/fcctp.usmp.edu.pe\/noticias\/?p=9256"},"modified":"2023-03-31T14:05:36","modified_gmt":"2023-03-31T14:05:36","slug":"los-invitamos-a-la-1ra-feria-del-libro-fcctp-el-poder-de-la-curiosidad-es-infinito","status":"publish","type":"post","link":"https:\/\/fcctp.usmp.edu.pe\/noticias\/vida-universitaria\/los-invitamos-a-la-1ra-feria-del-libro-fcctp-el-poder-de-la-curiosidad-es-infinito\/","title":{"rendered":"\u00a1Los invitamos a la 1ra Feria del Libro FCCTP! El poder de la curiosidad es infinito"},"content":{"rendered":"<p><em>Los d\u00edas 11, 12 y 13 de abril se desarrollar\u00e1 la 1ra Feria del Libro FCCTP donde habr\u00e1 presentaciones de libros, conferencias, talleres y sorteos. \u00a1Toda la comunidad sanmartiniana est\u00e1 invitada!<\/em><\/p>\n<p>Con el fin de seguir fomentando la lectura entre los estudiantes, la Biblioteca de la Facultad de Ciencias de la Comunicaci\u00f3n, Turismo y Psicolog\u00eda organizar\u00e1 la <a href=\"https:\/\/fcctp.usmp.edu.pe\/biblioteca\/1era-feria-del-libro-fcctp\/\"><strong>1ra Feria del Libro FCCTP<\/strong><\/a>, evento acad\u00e9mico que se celebrar\u00e1 el 11, 12 y 13 de abril.<\/p>\n<p>Bajo el lema <strong>\u201cEl poder de la curiosidad es infinito\u201d<\/strong>, la comunidad sanmartiniana est\u00e1 cordialmente invitada a ser parte de estas jornadas en las cuales habr\u00e1 distintas actividades, tales como presentaciones de libros, conferencias, talleres y premios entre los participantes.<\/p>\n<p>La<strong> 1ra Feria del Libro FCCTP<\/strong> se realizar\u00e1 en el campus de la Facultad, ubicada en la Av. Tom\u00e1s Marsano 151, Surquillo. El horario para quienes deseen asistir ser\u00e1 de 11:00 a. m. a 7:00 p. m. Para m\u00e1s detalles, puedes <a href=\"https:\/\/fcctp.usmp.edu.pe\/biblioteca\/1era-feria-del-libro-fcctp\/\"><strong>ingresar aqu\u00ed.<\/strong><\/a><\/p>\n<p><strong>\u00bfQU\u00c9 ENCONTRAR\u00c1N EN LA 1RA FERIA DE LIBRO FCCTP?<\/strong><\/p>\n<p>La feria contar\u00e1 con varios stands donde el p\u00fablico podr\u00e1 encontrar diversas editoriales nacionales e internacionales, las cuales ofrecer\u00e1n los \u00faltimos y mejores t\u00edtulos para disfrutar de un momento de lectura.<\/p>\n<p>Las editoriales y librer\u00edas que participar\u00e1n son: <strong>Crisol, Editorial Planeta, Fondo Editorial USMP, Zelmira Aguilar, Celi SRL, San Crist\u00f3bal, Desd\u00e9mona, Solo para fumadores, Heraldos Negros, Libun, Lictun, Editorial Oc\u00e9ano, Contra Cultura, Trazos Editores, Grupo Jurado, Arte Universal<\/strong> y <strong>Colmena Editores<\/strong>.<\/p>\n<p>Adem\u00e1s, para quienes gustan de los accesorios de libros y art\u00edculos de oficina se tendr\u00e1 la presencia de <strong>Bibliofilia Store<\/strong> y <strong>Planeta Kawaii<\/strong>. En tanto, para los coleccionistas de <em>funkos, <\/em>estar\u00e1 <strong>House Of Funko Per\u00fa<\/strong> y, por si fuera poco, se presentar\u00e1 <strong>D\u00eda D-Juegos<\/strong> para los amantes de los juegos de mesa.<\/p>\n<p style=\"text-align: center;\"><iframe loading=\"lazy\" style=\"border: none; overflow: hidden;\" src=\"https:\/\/www.facebook.com\/plugins\/post.php?href=https%3A%2F%2Fwww.facebook.com%2Fphoto.php%3Ffbid%3D223537003556308%26set%3Da.179042501339092%26type%3D3&amp;show_text=true&amp;width=500\" width=\"500\" height=\"683\" frameborder=\"0\" scrolling=\"no\" allowfullscreen=\"allowfullscreen\"><\/iframe><\/p>\n<p><strong>\u00bfQU\u00c9 CONFERENCIAS Y TALLERES HABR\u00c1 EN LA 1RA FERIA DEL LIBRO FCCTP?<\/strong><\/p>\n<p>Durante los tres d\u00edas de la <strong>1ra Feria del Libro FCCTP, <\/strong>se desarrollar\u00e1n conferencias, talleres y presentaciones de libros exclusivos para que el p\u00fablico pueda asistir y ser parte de sorteos al final de cada actividad. Esta ser\u00e1 la programaci\u00f3n:<\/p>\n<ul>\n<li><strong>11 de abril: <\/strong><\/li>\n<\/ul>\n<p>A la 1:00 p. m. se realizar\u00e1 el <strong>taller \u201cIlustraci\u00f3n del c\u00f3mic\u201d,<\/strong> a cargo del reconocido ilustrador Jean R\u00edos. Luego, a las 3 p. m., el historiador y bookfluencer Merl\u00edn Chambi brindar\u00e1 la <strong>conferencia \u201cDel discurso acad\u00e9mico al discurso en redes sociales: una experiencia comunicativa\u201d.<\/strong><\/p>\n<ul>\n<li><strong>12 de abril:<\/strong><\/li>\n<\/ul>\n<p>El segundo d\u00eda arrancar\u00e1 a las 11:00 a. m. con la <strong>presentaci\u00f3n del libro \u201c\u00a1Mierda! T\u00fa no eres el aire que respiro\u201d<\/strong> de la escritora y psic\u00f3loga Yunilda Castro. Despu\u00e9s, a la 1:00 p. m., se desarrollar\u00e1 el <strong>taller \u201cEscritura terap\u00e9utica\u201d<\/strong>, a cargo de la psic\u00f3loga y psicoterapeuta Mar\u00eda Marquina. Para cerrar el d\u00eda, Renzo Miranda, consultor y especialista en marketing tur\u00edstico, nos ofrecer\u00e1 la <strong>conferencia \u201cMarketing para emprendedores en la era digital\u201d<\/strong> a las 3:00 p. m.<\/p>\n<ul>\n<li><strong>13 de abril:<\/strong><\/li>\n<\/ul>\n<p>La clausura de la <strong>1ra Feria del Libro FCCTP <\/strong>iniciar\u00e1 a las 11:00 a. m. con la <strong>presentaci\u00f3n del libro \u201cMagia y letras\u201d <\/strong>de la escritora Isabel Valles. Luego, el psic\u00f3logo organizacional y coach Juan Sarmiento dirigir\u00e1 el <strong>taller \u201cCartas din\u00e1micas: juego de negociaci\u00f3n\u201d<\/strong> a la 1:00 p. m.\u00a0 Por \u00faltimo, a las 3:00 p. m., representantes de La Casa de la Literatura Peruana brindar\u00e1n la conferencia <strong>\u201cLa investigaci\u00f3n y su contribuci\u00f3n en el perfil de estudiantes universitarios\u201d<\/strong>.<\/p>\n<p>Aparte de estas interesantes jornadas, las oficinas de Empleabilidad y Sostenibilidad informar\u00e1n durante los tres d\u00edas sobre los beneficios que ofrecen. De igual manera, la Biblioteca de la FCCTP atender\u00e1 a los estudiantes que tengan consultas o dudas sobre el servicio de pr\u00e9stamo de libros durante el ciclo acad\u00e9mico.<\/p>\n<p>La <strong>1ra Feria del Libro FCCTP, <\/strong>organizada por la Biblioteca, busca crear un ambiente \u00f3ptimo e interactivo, con el fin de fomentar la lectura y las actividades culturales para todos los integrantes de la facultad y la comunidad estudiantil de la Universidad de San Mart\u00edn de Porres.<\/p>\n<p>Para m\u00e1s informaci\u00f3n, puede seguir las redes sociales de la FCCTP. Nos encontramos en Facebook como Facultad de Ciencias de la Comunicaci\u00f3n, Turismo y Psicolog\u00eda \u2013 USMP y en Instagram como @fcctp_usmp.<\/p>\n","protected":false},"excerpt":{"rendered":"<p>Los d\u00edas 11, 12 y 13 de abril se desarrollar\u00e1 la 1ra Feria del Libro FCCTP donde habr\u00e1 presentaciones de libros, conferencias, talleres y sorteos. \u00a1Toda la comunidad sanmartiniana est\u00e1 invitada! Con el fin de seguir fomentando la lectura entre los estudiantes, la Biblioteca de la Facultad de Ciencias de la Comunicaci\u00f3n, Turismo y Psicolog\u00eda &#8230; <a title=\"\u00a1Los invitamos a la 1ra Feria del Libro FCCTP! El poder de la curiosidad es infinito\" class=\"read-more\" href=\"https:\/\/fcctp.usmp.edu.pe\/noticias\/vida-universitaria\/los-invitamos-a-la-1ra-feria-del-libro-fcctp-el-poder-de-la-curiosidad-es-infinito\/\" aria-label=\"More on \u00a1Los invitamos a la 1ra Feria del Libro FCCTP! El poder de la curiosidad es infinito\">Read more<\/a><\/p>\n","protected":false},"author":2,"featured_media":9261,"comment_status":"closed","ping_status":"closed","sticky":false,"template":"","format":"standard","meta":{"footnotes":""},"categories":[20],"tags":[47,46],"class_list":["post-9256","post","type-post","status-publish","format-standard","has-post-thumbnail","hentry","category-vida-universitaria","tag-home-fcctp","tag-lo-mas-destacado"],"yoast_head":"<!-- This site is optimized with the Yoast SEO plugin v28.3 - https:\/\/yoast.com\/product\/yoast-seo-wordpress\/ -->\n<title>\u00a1Los invitamos a la 1ra Feria del Libro FCCTP! El poder de la curiosidad es infinito - Noticias<\/title>\n<meta name=\"robots\" content=\"index, follow, max-snippet:-1, max-image-preview:large, max-video-preview:-1\" \/>\n<link rel=\"canonical\" href=\"https:\/\/fcctp.usmp.edu.pe\/noticias\/vida-universitaria\/los-invitamos-a-la-1ra-feria-del-libro-fcctp-el-poder-de-la-curiosidad-es-infinito\/\" \/>\n<meta property=\"og:locale\" content=\"es_ES\" \/>\n<meta property=\"og:type\" content=\"article\" \/>\n<meta property=\"og:title\" content=\"\u00a1Los invitamos a la 1ra Feria del Libro FCCTP! El poder de la curiosidad es infinito - Noticias\" \/>\n<meta property=\"og:description\" content=\"Los d\u00edas 11, 12 y 13 de abril se desarrollar\u00e1 la 1ra Feria del Libro FCCTP donde habr\u00e1 presentaciones de libros, conferencias, talleres y sorteos. \u00a1Toda la comunidad sanmartiniana est\u00e1 invitada! Con el fin de seguir fomentando la lectura entre los estudiantes, la Biblioteca de la Facultad de Ciencias de la Comunicaci\u00f3n, Turismo y Psicolog\u00eda ... Read more\" \/>\n<meta property=\"og:url\" content=\"https:\/\/fcctp.usmp.edu.pe\/noticias\/vida-universitaria\/los-invitamos-a-la-1ra-feria-del-libro-fcctp-el-poder-de-la-curiosidad-es-infinito\/\" \/>\n<meta property=\"og:site_name\" content=\"Noticias\" \/>\n<meta property=\"article:publisher\" content=\"https:\/\/www.facebook.com\/fcctp\" \/>\n<meta property=\"article:published_time\" content=\"2023-03-27T20:38:54+00:00\" \/>\n<meta property=\"article:modified_time\" content=\"2023-03-31T14:05:36+00:00\" \/>\n<meta property=\"og:image\" content=\"https:\/\/fcctp.usmp.edu.pe\/noticias\/wp-content\/uploads\/2023\/03\/27_03_FCCTP_CABECERA_BIBLIOTECA.png\" \/>\n\t<meta property=\"og:image:width\" content=\"720\" \/>\n\t<meta property=\"og:image:height\" content=\"450\" \/>\n\t<meta property=\"og:image:type\" content=\"image\/png\" \/>\n<meta name=\"author\" content=\"Omar Huaman\" \/>\n<meta name=\"twitter:card\" content=\"summary_large_image\" \/>\n<meta name=\"twitter:creator\" content=\"@fcctp_usmp\" \/>\n<meta name=\"twitter:site\" content=\"@fcctp_usmp\" \/>\n<meta name=\"twitter:label1\" content=\"Written by\" \/>\n\t<meta name=\"twitter:data1\" content=\"Omar Huaman\" \/>\n\t<meta name=\"twitter:label2\" content=\"Est. reading time\" \/>\n\t<meta name=\"twitter:data2\" content=\"4 minutos\" \/>\n<script type=\"application\/ld+json\" class=\"yoast-schema-graph\">{\"@context\":\"https:\\\/\\\/schema.org\",\"@graph\":[{\"@type\":\"Article\",\"@id\":\"https:\\\/\\\/fcctp.usmp.edu.pe\\\/noticias\\\/vida-universitaria\\\/los-invitamos-a-la-1ra-feria-del-libro-fcctp-el-poder-de-la-curiosidad-es-infinito\\\/#article\",\"isPartOf\":{\"@id\":\"https:\\\/\\\/fcctp.usmp.edu.pe\\\/noticias\\\/vida-universitaria\\\/los-invitamos-a-la-1ra-feria-del-libro-fcctp-el-poder-de-la-curiosidad-es-infinito\\\/\"},\"author\":{\"name\":\"Omar Huaman\",\"@id\":\"https:\\\/\\\/fcctp.usmp.edu.pe\\\/noticias\\\/#\\\/schema\\\/person\\\/4fdff53bd44bf6f645fe381e079e1252\"},\"headline\":\"\u00a1Los invitamos a la 1ra Feria del Libro FCCTP! El poder de la curiosidad es infinito\",\"datePublished\":\"2023-03-27T20:38:54+00:00\",\"dateModified\":\"2023-03-31T14:05:36+00:00\",\"mainEntityOfPage\":{\"@id\":\"https:\\\/\\\/fcctp.usmp.edu.pe\\\/noticias\\\/vida-universitaria\\\/los-invitamos-a-la-1ra-feria-del-libro-fcctp-el-poder-de-la-curiosidad-es-infinito\\\/\"},\"wordCount\":727,\"publisher\":{\"@id\":\"https:\\\/\\\/fcctp.usmp.edu.pe\\\/noticias\\\/#organization\"},\"image\":{\"@id\":\"https:\\\/\\\/fcctp.usmp.edu.pe\\\/noticias\\\/vida-universitaria\\\/los-invitamos-a-la-1ra-feria-del-libro-fcctp-el-poder-de-la-curiosidad-es-infinito\\\/#primaryimage\"},\"thumbnailUrl\":\"https:\\\/\\\/fcctp.usmp.edu.pe\\\/noticias\\\/wp-content\\\/uploads\\\/2023\\\/03\\\/27_03_FCCTP_CABECERA_BIBLIOTECA.png\",\"keywords\":[\"Home FCCTP\",\"Lo mas destacado\"],\"articleSection\":[\"Vida Universitaria\"],\"inLanguage\":\"es-PE\"},{\"@type\":\"WebPage\",\"@id\":\"https:\\\/\\\/fcctp.usmp.edu.pe\\\/noticias\\\/vida-universitaria\\\/los-invitamos-a-la-1ra-feria-del-libro-fcctp-el-poder-de-la-curiosidad-es-infinito\\\/\",\"url\":\"https:\\\/\\\/fcctp.usmp.edu.pe\\\/noticias\\\/vida-universitaria\\\/los-invitamos-a-la-1ra-feria-del-libro-fcctp-el-poder-de-la-curiosidad-es-infinito\\\/\",\"name\":\"\u00a1Los invitamos a la 1ra Feria del Libro FCCTP! El poder de la curiosidad es infinito - Noticias\",\"isPartOf\":{\"@id\":\"https:\\\/\\\/fcctp.usmp.edu.pe\\\/noticias\\\/#website\"},\"primaryImageOfPage\":{\"@id\":\"https:\\\/\\\/fcctp.usmp.edu.pe\\\/noticias\\\/vida-universitaria\\\/los-invitamos-a-la-1ra-feria-del-libro-fcctp-el-poder-de-la-curiosidad-es-infinito\\\/#primaryimage\"},\"image\":{\"@id\":\"https:\\\/\\\/fcctp.usmp.edu.pe\\\/noticias\\\/vida-universitaria\\\/los-invitamos-a-la-1ra-feria-del-libro-fcctp-el-poder-de-la-curiosidad-es-infinito\\\/#primaryimage\"},\"thumbnailUrl\":\"https:\\\/\\\/fcctp.usmp.edu.pe\\\/noticias\\\/wp-content\\\/uploads\\\/2023\\\/03\\\/27_03_FCCTP_CABECERA_BIBLIOTECA.png\",\"datePublished\":\"2023-03-27T20:38:54+00:00\",\"dateModified\":\"2023-03-31T14:05:36+00:00\",\"breadcrumb\":{\"@id\":\"https:\\\/\\\/fcctp.usmp.edu.pe\\\/noticias\\\/vida-universitaria\\\/los-invitamos-a-la-1ra-feria-del-libro-fcctp-el-poder-de-la-curiosidad-es-infinito\\\/#breadcrumb\"},\"inLanguage\":\"es-PE\",\"potentialAction\":[{\"@type\":\"ReadAction\",\"target\":[\"https:\\\/\\\/fcctp.usmp.edu.pe\\\/noticias\\\/vida-universitaria\\\/los-invitamos-a-la-1ra-feria-del-libro-fcctp-el-poder-de-la-curiosidad-es-infinito\\\/\"]}]},{\"@type\":\"ImageObject\",\"inLanguage\":\"es-PE\",\"@id\":\"https:\\\/\\\/fcctp.usmp.edu.pe\\\/noticias\\\/vida-universitaria\\\/los-invitamos-a-la-1ra-feria-del-libro-fcctp-el-poder-de-la-curiosidad-es-infinito\\\/#primaryimage\",\"url\":\"https:\\\/\\\/fcctp.usmp.edu.pe\\\/noticias\\\/wp-content\\\/uploads\\\/2023\\\/03\\\/27_03_FCCTP_CABECERA_BIBLIOTECA.png\",\"contentUrl\":\"https:\\\/\\\/fcctp.usmp.edu.pe\\\/noticias\\\/wp-content\\\/uploads\\\/2023\\\/03\\\/27_03_FCCTP_CABECERA_BIBLIOTECA.png\",\"width\":720,\"height\":450},{\"@type\":\"BreadcrumbList\",\"@id\":\"https:\\\/\\\/fcctp.usmp.edu.pe\\\/noticias\\\/vida-universitaria\\\/los-invitamos-a-la-1ra-feria-del-libro-fcctp-el-poder-de-la-curiosidad-es-infinito\\\/#breadcrumb\",\"itemListElement\":[{\"@type\":\"ListItem\",\"position\":1,\"name\":\"Portada\",\"item\":\"https:\\\/\\\/fcctp.usmp.edu.pe\\\/noticias\\\/\"},{\"@type\":\"ListItem\",\"position\":2,\"name\":\"\u00a1Los invitamos a la 1ra Feria del Libro FCCTP! El poder de la curiosidad es infinito\"}]},{\"@type\":\"WebSite\",\"@id\":\"https:\\\/\\\/fcctp.usmp.edu.pe\\\/noticias\\\/#website\",\"url\":\"https:\\\/\\\/fcctp.usmp.edu.pe\\\/noticias\\\/\",\"name\":\"Noticias FCCTP\",\"description\":\"Facultad de Ciencias de la Comunicaci\u00f3n, Turismo y Psicolog\u00eda\",\"publisher\":{\"@id\":\"https:\\\/\\\/fcctp.usmp.edu.pe\\\/noticias\\\/#organization\"},\"potentialAction\":[{\"@type\":\"SearchAction\",\"target\":{\"@type\":\"EntryPoint\",\"urlTemplate\":\"https:\\\/\\\/fcctp.usmp.edu.pe\\\/noticias\\\/?s={search_term_string}\"},\"query-input\":{\"@type\":\"PropertyValueSpecification\",\"valueRequired\":true,\"valueName\":\"search_term_string\"}}],\"inLanguage\":\"es-PE\"},{\"@type\":\"Organization\",\"@id\":\"https:\\\/\\\/fcctp.usmp.edu.pe\\\/noticias\\\/#organization\",\"name\":\"Facultad de Ciencias de la Comunicaci\u00f3n, Turismo y Psicolog\u00eda\",\"url\":\"https:\\\/\\\/fcctp.usmp.edu.pe\\\/noticias\\\/\",\"logo\":{\"@type\":\"ImageObject\",\"inLanguage\":\"es-PE\",\"@id\":\"https:\\\/\\\/fcctp.usmp.edu.pe\\\/noticias\\\/#\\\/schema\\\/logo\\\/image\\\/\",\"url\":\"https:\\\/\\\/fcctp.usmp.edu.pe\\\/noticias\\\/wp-content\\\/uploads\\\/2022\\\/03\\\/logoFCCTP_60.svg\",\"contentUrl\":\"https:\\\/\\\/fcctp.usmp.edu.pe\\\/noticias\\\/wp-content\\\/uploads\\\/2022\\\/03\\\/logoFCCTP_60.svg\",\"width\":347,\"height\":66,\"caption\":\"Facultad de Ciencias de la Comunicaci\u00f3n, Turismo y Psicolog\u00eda\"},\"image\":{\"@id\":\"https:\\\/\\\/fcctp.usmp.edu.pe\\\/noticias\\\/#\\\/schema\\\/logo\\\/image\\\/\"},\"sameAs\":[\"https:\\\/\\\/www.facebook.com\\\/fcctp\",\"https:\\\/\\\/x.com\\\/fcctp_usmp\",\"https:\\\/\\\/www.instagram.com\\\/fcctp_usmp\\\/\"]},{\"@type\":\"Person\",\"@id\":\"https:\\\/\\\/fcctp.usmp.edu.pe\\\/noticias\\\/#\\\/schema\\\/person\\\/4fdff53bd44bf6f645fe381e079e1252\",\"name\":\"Omar Huaman\",\"image\":{\"@type\":\"ImageObject\",\"inLanguage\":\"es-PE\",\"@id\":\"https:\\\/\\\/secure.gravatar.com\\\/avatar\\\/1ec290616e6e3dc043e286f62b87c0f992c4889ead141b3e3dfc70d018a983e0?s=96&d=mm&r=g\",\"url\":\"https:\\\/\\\/secure.gravatar.com\\\/avatar\\\/1ec290616e6e3dc043e286f62b87c0f992c4889ead141b3e3dfc70d018a983e0?s=96&d=mm&r=g\",\"contentUrl\":\"https:\\\/\\\/secure.gravatar.com\\\/avatar\\\/1ec290616e6e3dc043e286f62b87c0f992c4889ead141b3e3dfc70d018a983e0?s=96&d=mm&r=g\",\"caption\":\"Omar Huaman\"},\"url\":\"https:\\\/\\\/fcctp.usmp.edu.pe\\\/noticias\\\/author\\\/notieditor\\\/\"}]}<\/script>\n<!-- \/ Yoast SEO plugin. -->","yoast_head_json":{"title":"\u00a1Los invitamos a la 1ra Feria del Libro FCCTP! El poder de la curiosidad es infinito - Noticias","robots":{"index":"index","follow":"follow","max-snippet":"max-snippet:-1","max-image-preview":"max-image-preview:large","max-video-preview":"max-video-preview:-1"},"canonical":"https:\/\/fcctp.usmp.edu.pe\/noticias\/vida-universitaria\/los-invitamos-a-la-1ra-feria-del-libro-fcctp-el-poder-de-la-curiosidad-es-infinito\/","og_locale":"es_ES","og_type":"article","og_title":"\u00a1Los invitamos a la 1ra Feria del Libro FCCTP! El poder de la curiosidad es infinito - Noticias","og_description":"Los d\u00edas 11, 12 y 13 de abril se desarrollar\u00e1 la 1ra Feria del Libro FCCTP donde habr\u00e1 presentaciones de libros, conferencias, talleres y sorteos. \u00a1Toda la comunidad sanmartiniana est\u00e1 invitada! Con el fin de seguir fomentando la lectura entre los estudiantes, la Biblioteca de la Facultad de Ciencias de la Comunicaci\u00f3n, Turismo y Psicolog\u00eda ... Read more","og_url":"https:\/\/fcctp.usmp.edu.pe\/noticias\/vida-universitaria\/los-invitamos-a-la-1ra-feria-del-libro-fcctp-el-poder-de-la-curiosidad-es-infinito\/","og_site_name":"Noticias","article_publisher":"https:\/\/www.facebook.com\/fcctp","article_published_time":"2023-03-27T20:38:54+00:00","article_modified_time":"2023-03-31T14:05:36+00:00","og_image":[{"width":720,"height":450,"url":"https:\/\/fcctp.usmp.edu.pe\/noticias\/wp-content\/uploads\/2023\/03\/27_03_FCCTP_CABECERA_BIBLIOTECA.png","type":"image\/png"}],"author":"Omar Huaman","twitter_card":"summary_large_image","twitter_creator":"@fcctp_usmp","twitter_site":"@fcctp_usmp","twitter_misc":{"Written by":"Omar Huaman","Est. reading time":"4 minutos"},"schema":{"@context":"https:\/\/schema.org","@graph":[{"@type":"Article","@id":"https:\/\/fcctp.usmp.edu.pe\/noticias\/vida-universitaria\/los-invitamos-a-la-1ra-feria-del-libro-fcctp-el-poder-de-la-curiosidad-es-infinito\/#article","isPartOf":{"@id":"https:\/\/fcctp.usmp.edu.pe\/noticias\/vida-universitaria\/los-invitamos-a-la-1ra-feria-del-libro-fcctp-el-poder-de-la-curiosidad-es-infinito\/"},"author":{"name":"Omar Huaman","@id":"https:\/\/fcctp.usmp.edu.pe\/noticias\/#\/schema\/person\/4fdff53bd44bf6f645fe381e079e1252"},"headline":"\u00a1Los invitamos a la 1ra Feria del Libro FCCTP! El poder de la curiosidad es infinito","datePublished":"2023-03-27T20:38:54+00:00","dateModified":"2023-03-31T14:05:36+00:00","mainEntityOfPage":{"@id":"https:\/\/fcctp.usmp.edu.pe\/noticias\/vida-universitaria\/los-invitamos-a-la-1ra-feria-del-libro-fcctp-el-poder-de-la-curiosidad-es-infinito\/"},"wordCount":727,"publisher":{"@id":"https:\/\/fcctp.usmp.edu.pe\/noticias\/#organization"},"image":{"@id":"https:\/\/fcctp.usmp.edu.pe\/noticias\/vida-universitaria\/los-invitamos-a-la-1ra-feria-del-libro-fcctp-el-poder-de-la-curiosidad-es-infinito\/#primaryimage"},"thumbnailUrl":"https:\/\/fcctp.usmp.edu.pe\/noticias\/wp-content\/uploads\/2023\/03\/27_03_FCCTP_CABECERA_BIBLIOTECA.png","keywords":["Home FCCTP","Lo mas destacado"],"articleSection":["Vida Universitaria"],"inLanguage":"es-PE"},{"@type":"WebPage","@id":"https:\/\/fcctp.usmp.edu.pe\/noticias\/vida-universitaria\/los-invitamos-a-la-1ra-feria-del-libro-fcctp-el-poder-de-la-curiosidad-es-infinito\/","url":"https:\/\/fcctp.usmp.edu.pe\/noticias\/vida-universitaria\/los-invitamos-a-la-1ra-feria-del-libro-fcctp-el-poder-de-la-curiosidad-es-infinito\/","name":"\u00a1Los invitamos a la 1ra Feria del Libro FCCTP! El poder de la curiosidad es infinito - Noticias","isPartOf":{"@id":"https:\/\/fcctp.usmp.edu.pe\/noticias\/#website"},"primaryImageOfPage":{"@id":"https:\/\/fcctp.usmp.edu.pe\/noticias\/vida-universitaria\/los-invitamos-a-la-1ra-feria-del-libro-fcctp-el-poder-de-la-curiosidad-es-infinito\/#primaryimage"},"image":{"@id":"https:\/\/fcctp.usmp.edu.pe\/noticias\/vida-universitaria\/los-invitamos-a-la-1ra-feria-del-libro-fcctp-el-poder-de-la-curiosidad-es-infinito\/#primaryimage"},"thumbnailUrl":"https:\/\/fcctp.usmp.edu.pe\/noticias\/wp-content\/uploads\/2023\/03\/27_03_FCCTP_CABECERA_BIBLIOTECA.png","datePublished":"2023-03-27T20:38:54+00:00","dateModified":"2023-03-31T14:05:36+00:00","breadcrumb":{"@id":"https:\/\/fcctp.usmp.edu.pe\/noticias\/vida-universitaria\/los-invitamos-a-la-1ra-feria-del-libro-fcctp-el-poder-de-la-curiosidad-es-infinito\/#breadcrumb"},"inLanguage":"es-PE","potentialAction":[{"@type":"ReadAction","target":["https:\/\/fcctp.usmp.edu.pe\/noticias\/vida-universitaria\/los-invitamos-a-la-1ra-feria-del-libro-fcctp-el-poder-de-la-curiosidad-es-infinito\/"]}]},{"@type":"ImageObject","inLanguage":"es-PE","@id":"https:\/\/fcctp.usmp.edu.pe\/noticias\/vida-universitaria\/los-invitamos-a-la-1ra-feria-del-libro-fcctp-el-poder-de-la-curiosidad-es-infinito\/#primaryimage","url":"https:\/\/fcctp.usmp.edu.pe\/noticias\/wp-content\/uploads\/2023\/03\/27_03_FCCTP_CABECERA_BIBLIOTECA.png","contentUrl":"https:\/\/fcctp.usmp.edu.pe\/noticias\/wp-content\/uploads\/2023\/03\/27_03_FCCTP_CABECERA_BIBLIOTECA.png","width":720,"height":450},{"@type":"BreadcrumbList","@id":"https:\/\/fcctp.usmp.edu.pe\/noticias\/vida-universitaria\/los-invitamos-a-la-1ra-feria-del-libro-fcctp-el-poder-de-la-curiosidad-es-infinito\/#breadcrumb","itemListElement":[{"@type":"ListItem","position":1,"name":"Portada","item":"https:\/\/fcctp.usmp.edu.pe\/noticias\/"},{"@type":"ListItem","position":2,"name":"\u00a1Los invitamos a la 1ra Feria del Libro FCCTP! El poder de la curiosidad es infinito"}]},{"@type":"WebSite","@id":"https:\/\/fcctp.usmp.edu.pe\/noticias\/#website","url":"https:\/\/fcctp.usmp.edu.pe\/noticias\/","name":"Noticias FCCTP","description":"Facultad de Ciencias de la Comunicaci\u00f3n, Turismo y Psicolog\u00eda","publisher":{"@id":"https:\/\/fcctp.usmp.edu.pe\/noticias\/#organization"},"potentialAction":[{"@type":"SearchAction","target":{"@type":"EntryPoint","urlTemplate":"https:\/\/fcctp.usmp.edu.pe\/noticias\/?s={search_term_string}"},"query-input":{"@type":"PropertyValueSpecification","valueRequired":true,"valueName":"search_term_string"}}],"inLanguage":"es-PE"},{"@type":"Organization","@id":"https:\/\/fcctp.usmp.edu.pe\/noticias\/#organization","name":"Facultad de Ciencias de la Comunicaci\u00f3n, Turismo y Psicolog\u00eda","url":"https:\/\/fcctp.usmp.edu.pe\/noticias\/","logo":{"@type":"ImageObject","inLanguage":"es-PE","@id":"https:\/\/fcctp.usmp.edu.pe\/noticias\/#\/schema\/logo\/image\/","url":"https:\/\/fcctp.usmp.edu.pe\/noticias\/wp-content\/uploads\/2022\/03\/logoFCCTP_60.svg","contentUrl":"https:\/\/fcctp.usmp.edu.pe\/noticias\/wp-content\/uploads\/2022\/03\/logoFCCTP_60.svg","width":347,"height":66,"caption":"Facultad de Ciencias de la Comunicaci\u00f3n, Turismo y Psicolog\u00eda"},"image":{"@id":"https:\/\/fcctp.usmp.edu.pe\/noticias\/#\/schema\/logo\/image\/"},"sameAs":["https:\/\/www.facebook.com\/fcctp","https:\/\/x.com\/fcctp_usmp","https:\/\/www.instagram.com\/fcctp_usmp\/"]},{"@type":"Person","@id":"https:\/\/fcctp.usmp.edu.pe\/noticias\/#\/schema\/person\/4fdff53bd44bf6f645fe381e079e1252","name":"Omar Huaman","image":{"@type":"ImageObject","inLanguage":"es-PE","@id":"https:\/\/secure.gravatar.com\/avatar\/1ec290616e6e3dc043e286f62b87c0f992c4889ead141b3e3dfc70d018a983e0?s=96&d=mm&r=g","url":"https:\/\/secure.gravatar.com\/avatar\/1ec290616e6e3dc043e286f62b87c0f992c4889ead141b3e3dfc70d018a983e0?s=96&d=mm&r=g","contentUrl":"https:\/\/secure.gravatar.com\/avatar\/1ec290616e6e3dc043e286f62b87c0f992c4889ead141b3e3dfc70d018a983e0?s=96&d=mm&r=g","caption":"Omar Huaman"},"url":"https:\/\/fcctp.usmp.edu.pe\/noticias\/author\/notieditor\/"}]}},"_links":{"self":[{"href":"https:\/\/fcctp.usmp.edu.pe\/noticias\/wp-json\/wp\/v2\/posts\/9256","targetHints":{"allow":["GET"]}}],"collection":[{"href":"https:\/\/fcctp.usmp.edu.pe\/noticias\/wp-json\/wp\/v2\/posts"}],"about":[{"href":"https:\/\/fcctp.usmp.edu.pe\/noticias\/wp-json\/wp\/v2\/types\/post"}],"author":[{"embeddable":true,"href":"https:\/\/fcctp.usmp.edu.pe\/noticias\/wp-json\/wp\/v2\/users\/2"}],"replies":[{"embeddable":true,"href":"https:\/\/fcctp.usmp.edu.pe\/noticias\/wp-json\/wp\/v2\/comments?post=9256"}],"version-history":[{"count":6,"href":"https:\/\/fcctp.usmp.edu.pe\/noticias\/wp-json\/wp\/v2\/posts\/9256\/revisions"}],"predecessor-version":[{"id":9283,"href":"https:\/\/fcctp.usmp.edu.pe\/noticias\/wp-json\/wp\/v2\/posts\/9256\/revisions\/9283"}],"wp:featuredmedia":[{"embeddable":true,"href":"https:\/\/fcctp.usmp.edu.pe\/noticias\/wp-json\/wp\/v2\/media\/9261"}],"wp:attachment":[{"href":"https:\/\/fcctp.usmp.edu.pe\/noticias\/wp-json\/wp\/v2\/media?parent=9256"}],"wp:term":[{"taxonomy":"category","embeddable":true,"href":"https:\/\/fcctp.usmp.edu.pe\/noticias\/wp-json\/wp\/v2\/categories?post=9256"},{"taxonomy":"post_tag","embeddable":true,"href":"https:\/\/fcctp.usmp.edu.pe\/noticias\/wp-json\/wp\/v2\/tags?post=9256"}],"curies":[{"name":"wp","href":"https:\/\/api.w.org\/{rel}","templated":true}]}}