{"id":9147,"date":"2022-12-01T22:35:44","date_gmt":"2022-12-01T22:35:44","guid":{"rendered":"https:\/\/fcctp.usmp.edu.pe\/noticias\/?p=9147"},"modified":"2022-12-06T22:37:24","modified_gmt":"2022-12-06T22:37:24","slug":"cuatro-criterios-para-integrar-la-rse-en-las-empresas","status":"publish","type":"post","link":"https:\/\/fcctp.usmp.edu.pe\/noticias\/egresados-y-graduados\/cuatro-criterios-para-integrar-la-rse-en-las-empresas\/","title":{"rendered":"Cuatro criterios para integrar la RSE en las empresas"},"content":{"rendered":"<p><strong>Por: Rosa Bonilla<\/strong><br \/>\n<strong>Docente de Dise\u00f1o de proyectos de responsabilidad social en Educaci\u00f3n Continua<\/strong><\/p>\n<p>Son muchos los caminos, las actividades y herramientas. Sin embargo, lo esencial de la responsabilidad social empresarial son sus valores y compromisos. Para poder integrarlos de manera conveniente, es necesario mirar toda la estrategia del negocio y verificar que existan, al menos los siguientes criterios en su construcci\u00f3n.<\/p>\n<p><strong>Gobernabilidad:<\/strong> la organizaci\u00f3n debe contar con procesos, reglas y procedimientos muy claros y eficientes. Con la solidez requerida para definir las funciones y responsabilidades de cada persona y posici\u00f3n de la empresa. As\u00ed tambi\u00e9n, que la toma de decisiones se sostenga en la b\u00fasqueda del equilibrio sostenible en t\u00e9rminos econ\u00f3micos, sociales, \u00e9ticos y ambientales.<\/p>\n<p><strong>Diversidad:<\/strong> toda empresa debe contar con equipos de trabajo diversos, partiendo de la premisa de que atiende a un p\u00fablico diverso. Es decir, debe reflejar internamente lo que expresa la sociedad en la que opera.<\/p>\n<p><strong>Transparencia:<\/strong> el reporte de resultados, de adquisiciones y de todo aquello que sea un indicador de la empresa debe hacerse de manera puntual. Con especial \u00e9nfasis en situaciones que puedan representar un riesgo para la empresa y la sociedad como conflictos de intereses.<\/p>\n<p><strong>Eficiencia:<\/strong> de cara a la b\u00fasqueda del equilibrio en lo econ\u00f3mico y ambiental, es fundamental que los gestores de administraci\u00f3n establezcan una agenda de priorizaciones y objetivos para que en toda la cadena de valor de la organizaci\u00f3n la eficiencia sea una b\u00fasqueda constante.<\/p>\n<p>&nbsp;<\/p>\n","protected":false},"excerpt":{"rendered":"<p>Por: Rosa Bonilla Docente de Dise\u00f1o de proyectos de responsabilidad social en Educaci\u00f3n Continua Son muchos los caminos, las actividades y herramientas. Sin embargo, lo esencial de la responsabilidad social empresarial son sus valores y compromisos. Para poder integrarlos de manera conveniente, es necesario mirar toda la estrategia del negocio y verificar que existan, al &#8230; <a title=\"Cuatro criterios para integrar la RSE en las empresas\" class=\"read-more\" href=\"https:\/\/fcctp.usmp.edu.pe\/noticias\/egresados-y-graduados\/cuatro-criterios-para-integrar-la-rse-en-las-empresas\/\" aria-label=\"More on Cuatro criterios para integrar la RSE en las empresas\">Read more<\/a><\/p>\n","protected":false},"author":2,"featured_media":9148,"comment_status":"closed","ping_status":"closed","sticky":false,"template":"","format":"standard","meta":{"footnotes":""},"categories":[28],"tags":[47,46],"class_list":["post-9147","post","type-post","status-publish","format-standard","has-post-thumbnail","hentry","category-egresados-y-graduados","tag-home-fcctp","tag-lo-mas-destacado"],"yoast_head":"<!-- This site is optimized with the Yoast SEO plugin v28.3 - https:\/\/yoast.com\/product\/yoast-seo-wordpress\/ -->\n<title>Cuatro criterios para integrar la RSE en las empresas - Noticias<\/title>\n<meta name=\"robots\" content=\"index, follow, max-snippet:-1, max-image-preview:large, max-video-preview:-1\" \/>\n<link rel=\"canonical\" href=\"https:\/\/fcctp.usmp.edu.pe\/noticias\/egresados-y-graduados\/cuatro-criterios-para-integrar-la-rse-en-las-empresas\/\" \/>\n<meta property=\"og:locale\" content=\"es_ES\" \/>\n<meta property=\"og:type\" content=\"article\" \/>\n<meta property=\"og:title\" content=\"Cuatro criterios para integrar la RSE en las empresas - Noticias\" \/>\n<meta property=\"og:description\" content=\"Por: Rosa Bonilla Docente de Dise\u00f1o de proyectos de responsabilidad social en Educaci\u00f3n Continua Son muchos los caminos, las actividades y herramientas. Sin embargo, lo esencial de la responsabilidad social empresarial son sus valores y compromisos. Para poder integrarlos de manera conveniente, es necesario mirar toda la estrategia del negocio y verificar que existan, al ... Read more\" \/>\n<meta property=\"og:url\" content=\"https:\/\/fcctp.usmp.edu.pe\/noticias\/egresados-y-graduados\/cuatro-criterios-para-integrar-la-rse-en-las-empresas\/\" \/>\n<meta property=\"og:site_name\" content=\"Noticias\" \/>\n<meta property=\"article:publisher\" content=\"https:\/\/www.facebook.com\/fcctp\" \/>\n<meta property=\"article:published_time\" content=\"2022-12-01T22:35:44+00:00\" \/>\n<meta property=\"article:modified_time\" content=\"2022-12-06T22:37:24+00:00\" \/>\n<meta property=\"og:image\" content=\"https:\/\/fcctp.usmp.edu.pe\/noticias\/wp-content\/uploads\/2022\/12\/Rosa-Bonilla.jpg\" \/>\n\t<meta property=\"og:image:width\" content=\"720\" \/>\n\t<meta property=\"og:image:height\" content=\"450\" \/>\n\t<meta property=\"og:image:type\" content=\"image\/jpeg\" \/>\n<meta name=\"author\" content=\"Omar Huaman\" \/>\n<meta name=\"twitter:card\" content=\"summary_large_image\" \/>\n<meta name=\"twitter:creator\" content=\"@fcctp_usmp\" \/>\n<meta name=\"twitter:site\" content=\"@fcctp_usmp\" \/>\n<meta name=\"twitter:label1\" content=\"Written by\" \/>\n\t<meta name=\"twitter:data1\" content=\"Omar Huaman\" \/>\n\t<meta name=\"twitter:label2\" content=\"Est. reading time\" \/>\n\t<meta name=\"twitter:data2\" content=\"1 minuto\" \/>\n<script type=\"application\/ld+json\" class=\"yoast-schema-graph\">{\"@context\":\"https:\\\/\\\/schema.org\",\"@graph\":[{\"@type\":\"Article\",\"@id\":\"https:\\\/\\\/fcctp.usmp.edu.pe\\\/noticias\\\/egresados-y-graduados\\\/cuatro-criterios-para-integrar-la-rse-en-las-empresas\\\/#article\",\"isPartOf\":{\"@id\":\"https:\\\/\\\/fcctp.usmp.edu.pe\\\/noticias\\\/egresados-y-graduados\\\/cuatro-criterios-para-integrar-la-rse-en-las-empresas\\\/\"},\"author\":{\"name\":\"Omar Huaman\",\"@id\":\"https:\\\/\\\/fcctp.usmp.edu.pe\\\/noticias\\\/#\\\/schema\\\/person\\\/4fdff53bd44bf6f645fe381e079e1252\"},\"headline\":\"Cuatro criterios para integrar la RSE en las empresas\",\"datePublished\":\"2022-12-01T22:35:44+00:00\",\"dateModified\":\"2022-12-06T22:37:24+00:00\",\"mainEntityOfPage\":{\"@id\":\"https:\\\/\\\/fcctp.usmp.edu.pe\\\/noticias\\\/egresados-y-graduados\\\/cuatro-criterios-para-integrar-la-rse-en-las-empresas\\\/\"},\"wordCount\":263,\"publisher\":{\"@id\":\"https:\\\/\\\/fcctp.usmp.edu.pe\\\/noticias\\\/#organization\"},\"image\":{\"@id\":\"https:\\\/\\\/fcctp.usmp.edu.pe\\\/noticias\\\/egresados-y-graduados\\\/cuatro-criterios-para-integrar-la-rse-en-las-empresas\\\/#primaryimage\"},\"thumbnailUrl\":\"https:\\\/\\\/fcctp.usmp.edu.pe\\\/noticias\\\/wp-content\\\/uploads\\\/2022\\\/12\\\/Rosa-Bonilla.jpg\",\"keywords\":[\"Home FCCTP\",\"Lo mas destacado\"],\"articleSection\":[\"Egresados y graduados\"],\"inLanguage\":\"es-PE\"},{\"@type\":\"WebPage\",\"@id\":\"https:\\\/\\\/fcctp.usmp.edu.pe\\\/noticias\\\/egresados-y-graduados\\\/cuatro-criterios-para-integrar-la-rse-en-las-empresas\\\/\",\"url\":\"https:\\\/\\\/fcctp.usmp.edu.pe\\\/noticias\\\/egresados-y-graduados\\\/cuatro-criterios-para-integrar-la-rse-en-las-empresas\\\/\",\"name\":\"Cuatro criterios para integrar la RSE en las empresas - Noticias\",\"isPartOf\":{\"@id\":\"https:\\\/\\\/fcctp.usmp.edu.pe\\\/noticias\\\/#website\"},\"primaryImageOfPage\":{\"@id\":\"https:\\\/\\\/fcctp.usmp.edu.pe\\\/noticias\\\/egresados-y-graduados\\\/cuatro-criterios-para-integrar-la-rse-en-las-empresas\\\/#primaryimage\"},\"image\":{\"@id\":\"https:\\\/\\\/fcctp.usmp.edu.pe\\\/noticias\\\/egresados-y-graduados\\\/cuatro-criterios-para-integrar-la-rse-en-las-empresas\\\/#primaryimage\"},\"thumbnailUrl\":\"https:\\\/\\\/fcctp.usmp.edu.pe\\\/noticias\\\/wp-content\\\/uploads\\\/2022\\\/12\\\/Rosa-Bonilla.jpg\",\"datePublished\":\"2022-12-01T22:35:44+00:00\",\"dateModified\":\"2022-12-06T22:37:24+00:00\",\"breadcrumb\":{\"@id\":\"https:\\\/\\\/fcctp.usmp.edu.pe\\\/noticias\\\/egresados-y-graduados\\\/cuatro-criterios-para-integrar-la-rse-en-las-empresas\\\/#breadcrumb\"},\"inLanguage\":\"es-PE\",\"potentialAction\":[{\"@type\":\"ReadAction\",\"target\":[\"https:\\\/\\\/fcctp.usmp.edu.pe\\\/noticias\\\/egresados-y-graduados\\\/cuatro-criterios-para-integrar-la-rse-en-las-empresas\\\/\"]}]},{\"@type\":\"ImageObject\",\"inLanguage\":\"es-PE\",\"@id\":\"https:\\\/\\\/fcctp.usmp.edu.pe\\\/noticias\\\/egresados-y-graduados\\\/cuatro-criterios-para-integrar-la-rse-en-las-empresas\\\/#primaryimage\",\"url\":\"https:\\\/\\\/fcctp.usmp.edu.pe\\\/noticias\\\/wp-content\\\/uploads\\\/2022\\\/12\\\/Rosa-Bonilla.jpg\",\"contentUrl\":\"https:\\\/\\\/fcctp.usmp.edu.pe\\\/noticias\\\/wp-content\\\/uploads\\\/2022\\\/12\\\/Rosa-Bonilla.jpg\",\"width\":720,\"height\":450},{\"@type\":\"BreadcrumbList\",\"@id\":\"https:\\\/\\\/fcctp.usmp.edu.pe\\\/noticias\\\/egresados-y-graduados\\\/cuatro-criterios-para-integrar-la-rse-en-las-empresas\\\/#breadcrumb\",\"itemListElement\":[{\"@type\":\"ListItem\",\"position\":1,\"name\":\"Portada\",\"item\":\"https:\\\/\\\/fcctp.usmp.edu.pe\\\/noticias\\\/\"},{\"@type\":\"ListItem\",\"position\":2,\"name\":\"Cuatro criterios para integrar la RSE en las empresas\"}]},{\"@type\":\"WebSite\",\"@id\":\"https:\\\/\\\/fcctp.usmp.edu.pe\\\/noticias\\\/#website\",\"url\":\"https:\\\/\\\/fcctp.usmp.edu.pe\\\/noticias\\\/\",\"name\":\"Noticias FCCTP\",\"description\":\"Facultad de Ciencias de la Comunicaci\u00f3n, Turismo y Psicolog\u00eda\",\"publisher\":{\"@id\":\"https:\\\/\\\/fcctp.usmp.edu.pe\\\/noticias\\\/#organization\"},\"potentialAction\":[{\"@type\":\"SearchAction\",\"target\":{\"@type\":\"EntryPoint\",\"urlTemplate\":\"https:\\\/\\\/fcctp.usmp.edu.pe\\\/noticias\\\/?s={search_term_string}\"},\"query-input\":{\"@type\":\"PropertyValueSpecification\",\"valueRequired\":true,\"valueName\":\"search_term_string\"}}],\"inLanguage\":\"es-PE\"},{\"@type\":\"Organization\",\"@id\":\"https:\\\/\\\/fcctp.usmp.edu.pe\\\/noticias\\\/#organization\",\"name\":\"Facultad de Ciencias de la Comunicaci\u00f3n, Turismo y Psicolog\u00eda\",\"url\":\"https:\\\/\\\/fcctp.usmp.edu.pe\\\/noticias\\\/\",\"logo\":{\"@type\":\"ImageObject\",\"inLanguage\":\"es-PE\",\"@id\":\"https:\\\/\\\/fcctp.usmp.edu.pe\\\/noticias\\\/#\\\/schema\\\/logo\\\/image\\\/\",\"url\":\"https:\\\/\\\/fcctp.usmp.edu.pe\\\/noticias\\\/wp-content\\\/uploads\\\/2022\\\/03\\\/logoFCCTP_60.svg\",\"contentUrl\":\"https:\\\/\\\/fcctp.usmp.edu.pe\\\/noticias\\\/wp-content\\\/uploads\\\/2022\\\/03\\\/logoFCCTP_60.svg\",\"width\":347,\"height\":66,\"caption\":\"Facultad de Ciencias de la Comunicaci\u00f3n, Turismo y Psicolog\u00eda\"},\"image\":{\"@id\":\"https:\\\/\\\/fcctp.usmp.edu.pe\\\/noticias\\\/#\\\/schema\\\/logo\\\/image\\\/\"},\"sameAs\":[\"https:\\\/\\\/www.facebook.com\\\/fcctp\",\"https:\\\/\\\/x.com\\\/fcctp_usmp\",\"https:\\\/\\\/www.instagram.com\\\/fcctp_usmp\\\/\"]},{\"@type\":\"Person\",\"@id\":\"https:\\\/\\\/fcctp.usmp.edu.pe\\\/noticias\\\/#\\\/schema\\\/person\\\/4fdff53bd44bf6f645fe381e079e1252\",\"name\":\"Omar Huaman\",\"image\":{\"@type\":\"ImageObject\",\"inLanguage\":\"es-PE\",\"@id\":\"https:\\\/\\\/secure.gravatar.com\\\/avatar\\\/1ec290616e6e3dc043e286f62b87c0f992c4889ead141b3e3dfc70d018a983e0?s=96&d=mm&r=g\",\"url\":\"https:\\\/\\\/secure.gravatar.com\\\/avatar\\\/1ec290616e6e3dc043e286f62b87c0f992c4889ead141b3e3dfc70d018a983e0?s=96&d=mm&r=g\",\"contentUrl\":\"https:\\\/\\\/secure.gravatar.com\\\/avatar\\\/1ec290616e6e3dc043e286f62b87c0f992c4889ead141b3e3dfc70d018a983e0?s=96&d=mm&r=g\",\"caption\":\"Omar Huaman\"},\"url\":\"https:\\\/\\\/fcctp.usmp.edu.pe\\\/noticias\\\/author\\\/notieditor\\\/\"}]}<\/script>\n<!-- \/ Yoast SEO plugin. -->","yoast_head_json":{"title":"Cuatro criterios para integrar la RSE en las empresas - Noticias","robots":{"index":"index","follow":"follow","max-snippet":"max-snippet:-1","max-image-preview":"max-image-preview:large","max-video-preview":"max-video-preview:-1"},"canonical":"https:\/\/fcctp.usmp.edu.pe\/noticias\/egresados-y-graduados\/cuatro-criterios-para-integrar-la-rse-en-las-empresas\/","og_locale":"es_ES","og_type":"article","og_title":"Cuatro criterios para integrar la RSE en las empresas - Noticias","og_description":"Por: Rosa Bonilla Docente de Dise\u00f1o de proyectos de responsabilidad social en Educaci\u00f3n Continua Son muchos los caminos, las actividades y herramientas. Sin embargo, lo esencial de la responsabilidad social empresarial son sus valores y compromisos. Para poder integrarlos de manera conveniente, es necesario mirar toda la estrategia del negocio y verificar que existan, al ... Read more","og_url":"https:\/\/fcctp.usmp.edu.pe\/noticias\/egresados-y-graduados\/cuatro-criterios-para-integrar-la-rse-en-las-empresas\/","og_site_name":"Noticias","article_publisher":"https:\/\/www.facebook.com\/fcctp","article_published_time":"2022-12-01T22:35:44+00:00","article_modified_time":"2022-12-06T22:37:24+00:00","og_image":[{"width":720,"height":450,"url":"https:\/\/fcctp.usmp.edu.pe\/noticias\/wp-content\/uploads\/2022\/12\/Rosa-Bonilla.jpg","type":"image\/jpeg"}],"author":"Omar Huaman","twitter_card":"summary_large_image","twitter_creator":"@fcctp_usmp","twitter_site":"@fcctp_usmp","twitter_misc":{"Written by":"Omar Huaman","Est. reading time":"1 minuto"},"schema":{"@context":"https:\/\/schema.org","@graph":[{"@type":"Article","@id":"https:\/\/fcctp.usmp.edu.pe\/noticias\/egresados-y-graduados\/cuatro-criterios-para-integrar-la-rse-en-las-empresas\/#article","isPartOf":{"@id":"https:\/\/fcctp.usmp.edu.pe\/noticias\/egresados-y-graduados\/cuatro-criterios-para-integrar-la-rse-en-las-empresas\/"},"author":{"name":"Omar Huaman","@id":"https:\/\/fcctp.usmp.edu.pe\/noticias\/#\/schema\/person\/4fdff53bd44bf6f645fe381e079e1252"},"headline":"Cuatro criterios para integrar la RSE en las empresas","datePublished":"2022-12-01T22:35:44+00:00","dateModified":"2022-12-06T22:37:24+00:00","mainEntityOfPage":{"@id":"https:\/\/fcctp.usmp.edu.pe\/noticias\/egresados-y-graduados\/cuatro-criterios-para-integrar-la-rse-en-las-empresas\/"},"wordCount":263,"publisher":{"@id":"https:\/\/fcctp.usmp.edu.pe\/noticias\/#organization"},"image":{"@id":"https:\/\/fcctp.usmp.edu.pe\/noticias\/egresados-y-graduados\/cuatro-criterios-para-integrar-la-rse-en-las-empresas\/#primaryimage"},"thumbnailUrl":"https:\/\/fcctp.usmp.edu.pe\/noticias\/wp-content\/uploads\/2022\/12\/Rosa-Bonilla.jpg","keywords":["Home FCCTP","Lo mas destacado"],"articleSection":["Egresados y graduados"],"inLanguage":"es-PE"},{"@type":"WebPage","@id":"https:\/\/fcctp.usmp.edu.pe\/noticias\/egresados-y-graduados\/cuatro-criterios-para-integrar-la-rse-en-las-empresas\/","url":"https:\/\/fcctp.usmp.edu.pe\/noticias\/egresados-y-graduados\/cuatro-criterios-para-integrar-la-rse-en-las-empresas\/","name":"Cuatro criterios para integrar la RSE en las empresas - Noticias","isPartOf":{"@id":"https:\/\/fcctp.usmp.edu.pe\/noticias\/#website"},"primaryImageOfPage":{"@id":"https:\/\/fcctp.usmp.edu.pe\/noticias\/egresados-y-graduados\/cuatro-criterios-para-integrar-la-rse-en-las-empresas\/#primaryimage"},"image":{"@id":"https:\/\/fcctp.usmp.edu.pe\/noticias\/egresados-y-graduados\/cuatro-criterios-para-integrar-la-rse-en-las-empresas\/#primaryimage"},"thumbnailUrl":"https:\/\/fcctp.usmp.edu.pe\/noticias\/wp-content\/uploads\/2022\/12\/Rosa-Bonilla.jpg","datePublished":"2022-12-01T22:35:44+00:00","dateModified":"2022-12-06T22:37:24+00:00","breadcrumb":{"@id":"https:\/\/fcctp.usmp.edu.pe\/noticias\/egresados-y-graduados\/cuatro-criterios-para-integrar-la-rse-en-las-empresas\/#breadcrumb"},"inLanguage":"es-PE","potentialAction":[{"@type":"ReadAction","target":["https:\/\/fcctp.usmp.edu.pe\/noticias\/egresados-y-graduados\/cuatro-criterios-para-integrar-la-rse-en-las-empresas\/"]}]},{"@type":"ImageObject","inLanguage":"es-PE","@id":"https:\/\/fcctp.usmp.edu.pe\/noticias\/egresados-y-graduados\/cuatro-criterios-para-integrar-la-rse-en-las-empresas\/#primaryimage","url":"https:\/\/fcctp.usmp.edu.pe\/noticias\/wp-content\/uploads\/2022\/12\/Rosa-Bonilla.jpg","contentUrl":"https:\/\/fcctp.usmp.edu.pe\/noticias\/wp-content\/uploads\/2022\/12\/Rosa-Bonilla.jpg","width":720,"height":450},{"@type":"BreadcrumbList","@id":"https:\/\/fcctp.usmp.edu.pe\/noticias\/egresados-y-graduados\/cuatro-criterios-para-integrar-la-rse-en-las-empresas\/#breadcrumb","itemListElement":[{"@type":"ListItem","position":1,"name":"Portada","item":"https:\/\/fcctp.usmp.edu.pe\/noticias\/"},{"@type":"ListItem","position":2,"name":"Cuatro criterios para integrar la RSE en las empresas"}]},{"@type":"WebSite","@id":"https:\/\/fcctp.usmp.edu.pe\/noticias\/#website","url":"https:\/\/fcctp.usmp.edu.pe\/noticias\/","name":"Noticias FCCTP","description":"Facultad de Ciencias de la Comunicaci\u00f3n, Turismo y Psicolog\u00eda","publisher":{"@id":"https:\/\/fcctp.usmp.edu.pe\/noticias\/#organization"},"potentialAction":[{"@type":"SearchAction","target":{"@type":"EntryPoint","urlTemplate":"https:\/\/fcctp.usmp.edu.pe\/noticias\/?s={search_term_string}"},"query-input":{"@type":"PropertyValueSpecification","valueRequired":true,"valueName":"search_term_string"}}],"inLanguage":"es-PE"},{"@type":"Organization","@id":"https:\/\/fcctp.usmp.edu.pe\/noticias\/#organization","name":"Facultad de Ciencias de la Comunicaci\u00f3n, Turismo y Psicolog\u00eda","url":"https:\/\/fcctp.usmp.edu.pe\/noticias\/","logo":{"@type":"ImageObject","inLanguage":"es-PE","@id":"https:\/\/fcctp.usmp.edu.pe\/noticias\/#\/schema\/logo\/image\/","url":"https:\/\/fcctp.usmp.edu.pe\/noticias\/wp-content\/uploads\/2022\/03\/logoFCCTP_60.svg","contentUrl":"https:\/\/fcctp.usmp.edu.pe\/noticias\/wp-content\/uploads\/2022\/03\/logoFCCTP_60.svg","width":347,"height":66,"caption":"Facultad de Ciencias de la Comunicaci\u00f3n, Turismo y Psicolog\u00eda"},"image":{"@id":"https:\/\/fcctp.usmp.edu.pe\/noticias\/#\/schema\/logo\/image\/"},"sameAs":["https:\/\/www.facebook.com\/fcctp","https:\/\/x.com\/fcctp_usmp","https:\/\/www.instagram.com\/fcctp_usmp\/"]},{"@type":"Person","@id":"https:\/\/fcctp.usmp.edu.pe\/noticias\/#\/schema\/person\/4fdff53bd44bf6f645fe381e079e1252","name":"Omar Huaman","image":{"@type":"ImageObject","inLanguage":"es-PE","@id":"https:\/\/secure.gravatar.com\/avatar\/1ec290616e6e3dc043e286f62b87c0f992c4889ead141b3e3dfc70d018a983e0?s=96&d=mm&r=g","url":"https:\/\/secure.gravatar.com\/avatar\/1ec290616e6e3dc043e286f62b87c0f992c4889ead141b3e3dfc70d018a983e0?s=96&d=mm&r=g","contentUrl":"https:\/\/secure.gravatar.com\/avatar\/1ec290616e6e3dc043e286f62b87c0f992c4889ead141b3e3dfc70d018a983e0?s=96&d=mm&r=g","caption":"Omar Huaman"},"url":"https:\/\/fcctp.usmp.edu.pe\/noticias\/author\/notieditor\/"}]}},"_links":{"self":[{"href":"https:\/\/fcctp.usmp.edu.pe\/noticias\/wp-json\/wp\/v2\/posts\/9147","targetHints":{"allow":["GET"]}}],"collection":[{"href":"https:\/\/fcctp.usmp.edu.pe\/noticias\/wp-json\/wp\/v2\/posts"}],"about":[{"href":"https:\/\/fcctp.usmp.edu.pe\/noticias\/wp-json\/wp\/v2\/types\/post"}],"author":[{"embeddable":true,"href":"https:\/\/fcctp.usmp.edu.pe\/noticias\/wp-json\/wp\/v2\/users\/2"}],"replies":[{"embeddable":true,"href":"https:\/\/fcctp.usmp.edu.pe\/noticias\/wp-json\/wp\/v2\/comments?post=9147"}],"version-history":[{"count":1,"href":"https:\/\/fcctp.usmp.edu.pe\/noticias\/wp-json\/wp\/v2\/posts\/9147\/revisions"}],"predecessor-version":[{"id":9149,"href":"https:\/\/fcctp.usmp.edu.pe\/noticias\/wp-json\/wp\/v2\/posts\/9147\/revisions\/9149"}],"wp:featuredmedia":[{"embeddable":true,"href":"https:\/\/fcctp.usmp.edu.pe\/noticias\/wp-json\/wp\/v2\/media\/9148"}],"wp:attachment":[{"href":"https:\/\/fcctp.usmp.edu.pe\/noticias\/wp-json\/wp\/v2\/media?parent=9147"}],"wp:term":[{"taxonomy":"category","embeddable":true,"href":"https:\/\/fcctp.usmp.edu.pe\/noticias\/wp-json\/wp\/v2\/categories?post=9147"},{"taxonomy":"post_tag","embeddable":true,"href":"https:\/\/fcctp.usmp.edu.pe\/noticias\/wp-json\/wp\/v2\/tags?post=9147"}],"curies":[{"name":"wp","href":"https:\/\/api.w.org\/{rel}","templated":true}]}}