{"id":8879,"date":"2022-11-15T17:31:58","date_gmt":"2022-11-15T17:31:58","guid":{"rendered":"https:\/\/fcctp.usmp.edu.pe\/noticias\/?p=8879"},"modified":"2022-11-15T17:31:58","modified_gmt":"2022-11-15T17:31:58","slug":"catedra-unesco-de-la-usmp-presenta-publicacion-sobre-los-bienes-y-sitios-culturales-del-peru","status":"publish","type":"post","link":"https:\/\/fcctp.usmp.edu.pe\/noticias\/vida-universitaria\/catedra-unesco-de-la-usmp-presenta-publicacion-sobre-los-bienes-y-sitios-culturales-del-peru\/","title":{"rendered":"C\u00e1tedra UNESCO de la USMP presenta publicaci\u00f3n sobre los bienes y sitios culturales del Per\u00fa"},"content":{"rendered":"<p style=\"text-align: justify;\"><em>La publicaci\u00f3n se realiza en el marco 50\u00b0 aniversario de la Convenci\u00f3n sobre la Protecci\u00f3n del Patrimonio Mundial Cultural y Natural de la UNESCO.<\/em><\/p>\n<p style=\"text-align: justify;\">Reafirmando su compromiso con la puesta en valor del patrimonio cultural, material e inmaterial de nuestro pa\u00eds, en los \u00e1mbitos locales, regionales y nacionales, la C\u00e1tedra UNESCO Patrimonio Cultural y Turismo Sostenible de la Universidad de San Mart\u00edn de Porres presenta el cuaderno de investigaci\u00f3n Trece Bienes Culturales del Per\u00fa Inscritos en la Lista del Patrimonio Mundial de la UNESCO.<\/p>\n<p style=\"text-align: justify;\">Este importante trabajo fue conceptualizado y elaborado por Sara Beatriz Guardia, directora de la C\u00e1tedra UNESCO Patrimonio Cultural y Turismo Sostenible de la USMP.<\/p>\n<p style=\"text-align: justify;\">En la presentaci\u00f3n de este documento, Guardia destaca que, de acuerdo a la Convenci\u00f3n para la Protecci\u00f3n del Patrimonio Mundial, Cultural y Natural (1972), solo se inscriben en la Lista de Patrimonio Mundial aquellos bienes que tienen un significado cultural o natural tan excepcional que trasciende las fronteras nacionales y son de com\u00fan importancia para las generaciones presentes y futuras de toda la humanidad.<\/p>\n<p style=\"text-align: justify;\">Asimismo, precisa que el Peru\u0301, como pa\u00eds miembro de este importante tratado, ha asumido el compromiso de asegurar la protecci\u00f3n y preservaci\u00f3n de los atributos del valor universal excepcional de sus trece bienes. Del mismo modo, recalca que, el patrimonio cultural es un legado hist\u00f3rico que requiere ser cuidado y preservado.<\/p>\n<p style=\"text-align: justify;\">En sus 83 p\u00e1ginas, se puede encontrar los bienes naturales y culturales nacionales que se encuentran en la Lista del Patrimonio Mundial de la UNESCO:<\/p>\n<p style=\"text-align: justify;\">&#8211; Ciudad del Cusco Patrimonio Cultural (1983)<br \/>\n&#8211; Santuario Hist\u00f3rico de Machu Picchu Patrimonio Mixto (1983)<br \/>\n&#8211; Parque Nacional Huascar\u00e1n Patrimonio Natural (1985)<br \/>\n&#8211; Sitio Arqueol\u00f3gico de Chav\u00edn Patrimonio Cultural (1985)<br \/>\n&#8211; Zona Arqueol\u00f3gica de Chan Chan Patrimonio Cultural (1986)<br \/>\n&#8211; Parque Nacional Manu Patrimonio Natural (1987)<br \/>\n&#8211; Centro Hist\u00f3rico de Lima Patrimonio Cultural (1988-1991)<br \/>\n&#8211; Parque Nacional R\u00edo Abiseo Patrimonio Mixto (1990-1992)<br \/>\n&#8211; L\u00edneas y Geoglifos de Nasca y Palpa Patrimonio Cultural (1994)<br \/>\n&#8211; Centro Hist\u00f3rico de la Ciudad de Arequipa Patrimonio Cultural (2000)<br \/>\n&#8211; Ciudad Sagrada de Caral \u2013 Supe Patrimonio Cultural (2009)<br \/>\n&#8211; Qhapaq \u00d1an \u2013 Sistema Vial Andino Patrimonio Cultural (2014)<br \/>\n&#8211; Complejo Arqueoastron\u00f3mico Chankillo Patrimonio Cultural (2021)<\/p>\n<p style=\"text-align: justify;\">Finalmente, resalta que esta iniciativa no hubiera sido posible sin el respaldo de la doctora Amybel S\u00e1nchez de Walther, decana de la Facultad de Ciencias de la Comunicaci\u00f3n, Turismo y Psicolog\u00eda, quien promueve espacios de difusi\u00f3n de la cultura en todas sus formas.<\/p>\n<p style=\"text-align: justify;\">Accede a la publicaci\u00f3n haciendo clic aqu\u00ed: <a href=\"https:\/\/catedraunesco.usmp.edu.pe\/pdf\/Los_13_Bienes_Culturales.pdf\">https:\/\/catedraunesco.usmp.edu.pe\/pdf\/Los_13_Bienes_Culturales.pdf<\/a><\/p>\n<p>&nbsp;<\/p>\n","protected":false},"excerpt":{"rendered":"<p>La publicaci\u00f3n se realiza en el marco 50\u00b0 aniversario de la Convenci\u00f3n sobre la Protecci\u00f3n del Patrimonio Mundial Cultural y Natural de la UNESCO.<\/p>\n","protected":false},"author":2,"featured_media":8880,"comment_status":"closed","ping_status":"closed","sticky":false,"template":"","format":"standard","meta":{"footnotes":""},"categories":[20],"tags":[47,46],"class_list":["post-8879","post","type-post","status-publish","format-standard","has-post-thumbnail","hentry","category-vida-universitaria","tag-home-fcctp","tag-lo-mas-destacado"],"yoast_head":"<!-- This site is optimized with the Yoast SEO plugin v28.3 - https:\/\/yoast.com\/product\/yoast-seo-wordpress\/ -->\n<title>C\u00e1tedra UNESCO de la USMP presenta publicaci\u00f3n sobre los bienes y sitios culturales del Per\u00fa - Noticias<\/title>\n<meta name=\"robots\" content=\"index, follow, max-snippet:-1, max-image-preview:large, max-video-preview:-1\" \/>\n<link rel=\"canonical\" href=\"https:\/\/fcctp.usmp.edu.pe\/noticias\/vida-universitaria\/catedra-unesco-de-la-usmp-presenta-publicacion-sobre-los-bienes-y-sitios-culturales-del-peru\/\" \/>\n<meta property=\"og:locale\" content=\"es_ES\" \/>\n<meta property=\"og:type\" content=\"article\" \/>\n<meta property=\"og:title\" content=\"C\u00e1tedra UNESCO de la USMP presenta publicaci\u00f3n sobre los bienes y sitios culturales del Per\u00fa - Noticias\" \/>\n<meta property=\"og:description\" content=\"La publicaci\u00f3n se realiza en el marco 50\u00b0 aniversario de la Convenci\u00f3n sobre la Protecci\u00f3n del Patrimonio Mundial Cultural y Natural de la UNESCO.\" \/>\n<meta property=\"og:url\" content=\"https:\/\/fcctp.usmp.edu.pe\/noticias\/vida-universitaria\/catedra-unesco-de-la-usmp-presenta-publicacion-sobre-los-bienes-y-sitios-culturales-del-peru\/\" \/>\n<meta property=\"og:site_name\" content=\"Noticias\" \/>\n<meta property=\"article:publisher\" content=\"https:\/\/www.facebook.com\/fcctp\" \/>\n<meta property=\"article:published_time\" content=\"2022-11-15T17:31:58+00:00\" \/>\n<meta property=\"og:image\" content=\"https:\/\/fcctp.usmp.edu.pe\/noticias\/wp-content\/uploads\/2022\/11\/15-11_Cabecera-1.jpg\" \/>\n\t<meta property=\"og:image:width\" content=\"720\" \/>\n\t<meta property=\"og:image:height\" content=\"450\" \/>\n\t<meta property=\"og:image:type\" content=\"image\/jpeg\" \/>\n<meta name=\"author\" content=\"Omar Huaman\" \/>\n<meta name=\"twitter:card\" content=\"summary_large_image\" \/>\n<meta name=\"twitter:creator\" content=\"@fcctp_usmp\" \/>\n<meta name=\"twitter:site\" content=\"@fcctp_usmp\" \/>\n<meta name=\"twitter:label1\" content=\"Written by\" \/>\n\t<meta name=\"twitter:data1\" content=\"Omar Huaman\" \/>\n\t<meta name=\"twitter:label2\" content=\"Est. reading time\" \/>\n\t<meta name=\"twitter:data2\" content=\"2 minutos\" \/>\n<script type=\"application\/ld+json\" class=\"yoast-schema-graph\">{\"@context\":\"https:\\\/\\\/schema.org\",\"@graph\":[{\"@type\":\"Article\",\"@id\":\"https:\\\/\\\/fcctp.usmp.edu.pe\\\/noticias\\\/vida-universitaria\\\/catedra-unesco-de-la-usmp-presenta-publicacion-sobre-los-bienes-y-sitios-culturales-del-peru\\\/#article\",\"isPartOf\":{\"@id\":\"https:\\\/\\\/fcctp.usmp.edu.pe\\\/noticias\\\/vida-universitaria\\\/catedra-unesco-de-la-usmp-presenta-publicacion-sobre-los-bienes-y-sitios-culturales-del-peru\\\/\"},\"author\":{\"name\":\"Omar Huaman\",\"@id\":\"https:\\\/\\\/fcctp.usmp.edu.pe\\\/noticias\\\/#\\\/schema\\\/person\\\/4fdff53bd44bf6f645fe381e079e1252\"},\"headline\":\"C\u00e1tedra UNESCO de la USMP presenta publicaci\u00f3n sobre los bienes y sitios culturales del Per\u00fa\",\"datePublished\":\"2022-11-15T17:31:58+00:00\",\"mainEntityOfPage\":{\"@id\":\"https:\\\/\\\/fcctp.usmp.edu.pe\\\/noticias\\\/vida-universitaria\\\/catedra-unesco-de-la-usmp-presenta-publicacion-sobre-los-bienes-y-sitios-culturales-del-peru\\\/\"},\"wordCount\":454,\"publisher\":{\"@id\":\"https:\\\/\\\/fcctp.usmp.edu.pe\\\/noticias\\\/#organization\"},\"image\":{\"@id\":\"https:\\\/\\\/fcctp.usmp.edu.pe\\\/noticias\\\/vida-universitaria\\\/catedra-unesco-de-la-usmp-presenta-publicacion-sobre-los-bienes-y-sitios-culturales-del-peru\\\/#primaryimage\"},\"thumbnailUrl\":\"https:\\\/\\\/fcctp.usmp.edu.pe\\\/noticias\\\/wp-content\\\/uploads\\\/2022\\\/11\\\/15-11_Cabecera-1.jpg\",\"keywords\":[\"Home FCCTP\",\"Lo mas destacado\"],\"articleSection\":[\"Vida Universitaria\"],\"inLanguage\":\"es-PE\"},{\"@type\":\"WebPage\",\"@id\":\"https:\\\/\\\/fcctp.usmp.edu.pe\\\/noticias\\\/vida-universitaria\\\/catedra-unesco-de-la-usmp-presenta-publicacion-sobre-los-bienes-y-sitios-culturales-del-peru\\\/\",\"url\":\"https:\\\/\\\/fcctp.usmp.edu.pe\\\/noticias\\\/vida-universitaria\\\/catedra-unesco-de-la-usmp-presenta-publicacion-sobre-los-bienes-y-sitios-culturales-del-peru\\\/\",\"name\":\"C\u00e1tedra UNESCO de la USMP presenta publicaci\u00f3n sobre los bienes y sitios culturales del Per\u00fa - Noticias\",\"isPartOf\":{\"@id\":\"https:\\\/\\\/fcctp.usmp.edu.pe\\\/noticias\\\/#website\"},\"primaryImageOfPage\":{\"@id\":\"https:\\\/\\\/fcctp.usmp.edu.pe\\\/noticias\\\/vida-universitaria\\\/catedra-unesco-de-la-usmp-presenta-publicacion-sobre-los-bienes-y-sitios-culturales-del-peru\\\/#primaryimage\"},\"image\":{\"@id\":\"https:\\\/\\\/fcctp.usmp.edu.pe\\\/noticias\\\/vida-universitaria\\\/catedra-unesco-de-la-usmp-presenta-publicacion-sobre-los-bienes-y-sitios-culturales-del-peru\\\/#primaryimage\"},\"thumbnailUrl\":\"https:\\\/\\\/fcctp.usmp.edu.pe\\\/noticias\\\/wp-content\\\/uploads\\\/2022\\\/11\\\/15-11_Cabecera-1.jpg\",\"datePublished\":\"2022-11-15T17:31:58+00:00\",\"breadcrumb\":{\"@id\":\"https:\\\/\\\/fcctp.usmp.edu.pe\\\/noticias\\\/vida-universitaria\\\/catedra-unesco-de-la-usmp-presenta-publicacion-sobre-los-bienes-y-sitios-culturales-del-peru\\\/#breadcrumb\"},\"inLanguage\":\"es-PE\",\"potentialAction\":[{\"@type\":\"ReadAction\",\"target\":[\"https:\\\/\\\/fcctp.usmp.edu.pe\\\/noticias\\\/vida-universitaria\\\/catedra-unesco-de-la-usmp-presenta-publicacion-sobre-los-bienes-y-sitios-culturales-del-peru\\\/\"]}]},{\"@type\":\"ImageObject\",\"inLanguage\":\"es-PE\",\"@id\":\"https:\\\/\\\/fcctp.usmp.edu.pe\\\/noticias\\\/vida-universitaria\\\/catedra-unesco-de-la-usmp-presenta-publicacion-sobre-los-bienes-y-sitios-culturales-del-peru\\\/#primaryimage\",\"url\":\"https:\\\/\\\/fcctp.usmp.edu.pe\\\/noticias\\\/wp-content\\\/uploads\\\/2022\\\/11\\\/15-11_Cabecera-1.jpg\",\"contentUrl\":\"https:\\\/\\\/fcctp.usmp.edu.pe\\\/noticias\\\/wp-content\\\/uploads\\\/2022\\\/11\\\/15-11_Cabecera-1.jpg\",\"width\":720,\"height\":450},{\"@type\":\"BreadcrumbList\",\"@id\":\"https:\\\/\\\/fcctp.usmp.edu.pe\\\/noticias\\\/vida-universitaria\\\/catedra-unesco-de-la-usmp-presenta-publicacion-sobre-los-bienes-y-sitios-culturales-del-peru\\\/#breadcrumb\",\"itemListElement\":[{\"@type\":\"ListItem\",\"position\":1,\"name\":\"Portada\",\"item\":\"https:\\\/\\\/fcctp.usmp.edu.pe\\\/noticias\\\/\"},{\"@type\":\"ListItem\",\"position\":2,\"name\":\"C\u00e1tedra UNESCO de la USMP presenta publicaci\u00f3n sobre los bienes y sitios culturales del Per\u00fa\"}]},{\"@type\":\"WebSite\",\"@id\":\"https:\\\/\\\/fcctp.usmp.edu.pe\\\/noticias\\\/#website\",\"url\":\"https:\\\/\\\/fcctp.usmp.edu.pe\\\/noticias\\\/\",\"name\":\"Noticias FCCTP\",\"description\":\"Facultad de Ciencias de la Comunicaci\u00f3n, Turismo y Psicolog\u00eda\",\"publisher\":{\"@id\":\"https:\\\/\\\/fcctp.usmp.edu.pe\\\/noticias\\\/#organization\"},\"potentialAction\":[{\"@type\":\"SearchAction\",\"target\":{\"@type\":\"EntryPoint\",\"urlTemplate\":\"https:\\\/\\\/fcctp.usmp.edu.pe\\\/noticias\\\/?s={search_term_string}\"},\"query-input\":{\"@type\":\"PropertyValueSpecification\",\"valueRequired\":true,\"valueName\":\"search_term_string\"}}],\"inLanguage\":\"es-PE\"},{\"@type\":\"Organization\",\"@id\":\"https:\\\/\\\/fcctp.usmp.edu.pe\\\/noticias\\\/#organization\",\"name\":\"Facultad de Ciencias de la Comunicaci\u00f3n, Turismo y Psicolog\u00eda\",\"url\":\"https:\\\/\\\/fcctp.usmp.edu.pe\\\/noticias\\\/\",\"logo\":{\"@type\":\"ImageObject\",\"inLanguage\":\"es-PE\",\"@id\":\"https:\\\/\\\/fcctp.usmp.edu.pe\\\/noticias\\\/#\\\/schema\\\/logo\\\/image\\\/\",\"url\":\"https:\\\/\\\/fcctp.usmp.edu.pe\\\/noticias\\\/wp-content\\\/uploads\\\/2022\\\/03\\\/logoFCCTP_60.svg\",\"contentUrl\":\"https:\\\/\\\/fcctp.usmp.edu.pe\\\/noticias\\\/wp-content\\\/uploads\\\/2022\\\/03\\\/logoFCCTP_60.svg\",\"width\":347,\"height\":66,\"caption\":\"Facultad de Ciencias de la Comunicaci\u00f3n, Turismo y Psicolog\u00eda\"},\"image\":{\"@id\":\"https:\\\/\\\/fcctp.usmp.edu.pe\\\/noticias\\\/#\\\/schema\\\/logo\\\/image\\\/\"},\"sameAs\":[\"https:\\\/\\\/www.facebook.com\\\/fcctp\",\"https:\\\/\\\/x.com\\\/fcctp_usmp\",\"https:\\\/\\\/www.instagram.com\\\/fcctp_usmp\\\/\"]},{\"@type\":\"Person\",\"@id\":\"https:\\\/\\\/fcctp.usmp.edu.pe\\\/noticias\\\/#\\\/schema\\\/person\\\/4fdff53bd44bf6f645fe381e079e1252\",\"name\":\"Omar Huaman\",\"image\":{\"@type\":\"ImageObject\",\"inLanguage\":\"es-PE\",\"@id\":\"https:\\\/\\\/secure.gravatar.com\\\/avatar\\\/1ec290616e6e3dc043e286f62b87c0f992c4889ead141b3e3dfc70d018a983e0?s=96&d=mm&r=g\",\"url\":\"https:\\\/\\\/secure.gravatar.com\\\/avatar\\\/1ec290616e6e3dc043e286f62b87c0f992c4889ead141b3e3dfc70d018a983e0?s=96&d=mm&r=g\",\"contentUrl\":\"https:\\\/\\\/secure.gravatar.com\\\/avatar\\\/1ec290616e6e3dc043e286f62b87c0f992c4889ead141b3e3dfc70d018a983e0?s=96&d=mm&r=g\",\"caption\":\"Omar Huaman\"},\"url\":\"https:\\\/\\\/fcctp.usmp.edu.pe\\\/noticias\\\/author\\\/notieditor\\\/\"}]}<\/script>\n<!-- \/ Yoast SEO plugin. -->","yoast_head_json":{"title":"C\u00e1tedra UNESCO de la USMP presenta publicaci\u00f3n sobre los bienes y sitios culturales del Per\u00fa - Noticias","robots":{"index":"index","follow":"follow","max-snippet":"max-snippet:-1","max-image-preview":"max-image-preview:large","max-video-preview":"max-video-preview:-1"},"canonical":"https:\/\/fcctp.usmp.edu.pe\/noticias\/vida-universitaria\/catedra-unesco-de-la-usmp-presenta-publicacion-sobre-los-bienes-y-sitios-culturales-del-peru\/","og_locale":"es_ES","og_type":"article","og_title":"C\u00e1tedra UNESCO de la USMP presenta publicaci\u00f3n sobre los bienes y sitios culturales del Per\u00fa - Noticias","og_description":"La publicaci\u00f3n se realiza en el marco 50\u00b0 aniversario de la Convenci\u00f3n sobre la Protecci\u00f3n del Patrimonio Mundial Cultural y Natural de la UNESCO.","og_url":"https:\/\/fcctp.usmp.edu.pe\/noticias\/vida-universitaria\/catedra-unesco-de-la-usmp-presenta-publicacion-sobre-los-bienes-y-sitios-culturales-del-peru\/","og_site_name":"Noticias","article_publisher":"https:\/\/www.facebook.com\/fcctp","article_published_time":"2022-11-15T17:31:58+00:00","og_image":[{"width":720,"height":450,"url":"https:\/\/fcctp.usmp.edu.pe\/noticias\/wp-content\/uploads\/2022\/11\/15-11_Cabecera-1.jpg","type":"image\/jpeg"}],"author":"Omar Huaman","twitter_card":"summary_large_image","twitter_creator":"@fcctp_usmp","twitter_site":"@fcctp_usmp","twitter_misc":{"Written by":"Omar Huaman","Est. reading time":"2 minutos"},"schema":{"@context":"https:\/\/schema.org","@graph":[{"@type":"Article","@id":"https:\/\/fcctp.usmp.edu.pe\/noticias\/vida-universitaria\/catedra-unesco-de-la-usmp-presenta-publicacion-sobre-los-bienes-y-sitios-culturales-del-peru\/#article","isPartOf":{"@id":"https:\/\/fcctp.usmp.edu.pe\/noticias\/vida-universitaria\/catedra-unesco-de-la-usmp-presenta-publicacion-sobre-los-bienes-y-sitios-culturales-del-peru\/"},"author":{"name":"Omar Huaman","@id":"https:\/\/fcctp.usmp.edu.pe\/noticias\/#\/schema\/person\/4fdff53bd44bf6f645fe381e079e1252"},"headline":"C\u00e1tedra UNESCO de la USMP presenta publicaci\u00f3n sobre los bienes y sitios culturales del Per\u00fa","datePublished":"2022-11-15T17:31:58+00:00","mainEntityOfPage":{"@id":"https:\/\/fcctp.usmp.edu.pe\/noticias\/vida-universitaria\/catedra-unesco-de-la-usmp-presenta-publicacion-sobre-los-bienes-y-sitios-culturales-del-peru\/"},"wordCount":454,"publisher":{"@id":"https:\/\/fcctp.usmp.edu.pe\/noticias\/#organization"},"image":{"@id":"https:\/\/fcctp.usmp.edu.pe\/noticias\/vida-universitaria\/catedra-unesco-de-la-usmp-presenta-publicacion-sobre-los-bienes-y-sitios-culturales-del-peru\/#primaryimage"},"thumbnailUrl":"https:\/\/fcctp.usmp.edu.pe\/noticias\/wp-content\/uploads\/2022\/11\/15-11_Cabecera-1.jpg","keywords":["Home FCCTP","Lo mas destacado"],"articleSection":["Vida Universitaria"],"inLanguage":"es-PE"},{"@type":"WebPage","@id":"https:\/\/fcctp.usmp.edu.pe\/noticias\/vida-universitaria\/catedra-unesco-de-la-usmp-presenta-publicacion-sobre-los-bienes-y-sitios-culturales-del-peru\/","url":"https:\/\/fcctp.usmp.edu.pe\/noticias\/vida-universitaria\/catedra-unesco-de-la-usmp-presenta-publicacion-sobre-los-bienes-y-sitios-culturales-del-peru\/","name":"C\u00e1tedra UNESCO de la USMP presenta publicaci\u00f3n sobre los bienes y sitios culturales del Per\u00fa - Noticias","isPartOf":{"@id":"https:\/\/fcctp.usmp.edu.pe\/noticias\/#website"},"primaryImageOfPage":{"@id":"https:\/\/fcctp.usmp.edu.pe\/noticias\/vida-universitaria\/catedra-unesco-de-la-usmp-presenta-publicacion-sobre-los-bienes-y-sitios-culturales-del-peru\/#primaryimage"},"image":{"@id":"https:\/\/fcctp.usmp.edu.pe\/noticias\/vida-universitaria\/catedra-unesco-de-la-usmp-presenta-publicacion-sobre-los-bienes-y-sitios-culturales-del-peru\/#primaryimage"},"thumbnailUrl":"https:\/\/fcctp.usmp.edu.pe\/noticias\/wp-content\/uploads\/2022\/11\/15-11_Cabecera-1.jpg","datePublished":"2022-11-15T17:31:58+00:00","breadcrumb":{"@id":"https:\/\/fcctp.usmp.edu.pe\/noticias\/vida-universitaria\/catedra-unesco-de-la-usmp-presenta-publicacion-sobre-los-bienes-y-sitios-culturales-del-peru\/#breadcrumb"},"inLanguage":"es-PE","potentialAction":[{"@type":"ReadAction","target":["https:\/\/fcctp.usmp.edu.pe\/noticias\/vida-universitaria\/catedra-unesco-de-la-usmp-presenta-publicacion-sobre-los-bienes-y-sitios-culturales-del-peru\/"]}]},{"@type":"ImageObject","inLanguage":"es-PE","@id":"https:\/\/fcctp.usmp.edu.pe\/noticias\/vida-universitaria\/catedra-unesco-de-la-usmp-presenta-publicacion-sobre-los-bienes-y-sitios-culturales-del-peru\/#primaryimage","url":"https:\/\/fcctp.usmp.edu.pe\/noticias\/wp-content\/uploads\/2022\/11\/15-11_Cabecera-1.jpg","contentUrl":"https:\/\/fcctp.usmp.edu.pe\/noticias\/wp-content\/uploads\/2022\/11\/15-11_Cabecera-1.jpg","width":720,"height":450},{"@type":"BreadcrumbList","@id":"https:\/\/fcctp.usmp.edu.pe\/noticias\/vida-universitaria\/catedra-unesco-de-la-usmp-presenta-publicacion-sobre-los-bienes-y-sitios-culturales-del-peru\/#breadcrumb","itemListElement":[{"@type":"ListItem","position":1,"name":"Portada","item":"https:\/\/fcctp.usmp.edu.pe\/noticias\/"},{"@type":"ListItem","position":2,"name":"C\u00e1tedra UNESCO de la USMP presenta publicaci\u00f3n sobre los bienes y sitios culturales del Per\u00fa"}]},{"@type":"WebSite","@id":"https:\/\/fcctp.usmp.edu.pe\/noticias\/#website","url":"https:\/\/fcctp.usmp.edu.pe\/noticias\/","name":"Noticias FCCTP","description":"Facultad de Ciencias de la Comunicaci\u00f3n, Turismo y Psicolog\u00eda","publisher":{"@id":"https:\/\/fcctp.usmp.edu.pe\/noticias\/#organization"},"potentialAction":[{"@type":"SearchAction","target":{"@type":"EntryPoint","urlTemplate":"https:\/\/fcctp.usmp.edu.pe\/noticias\/?s={search_term_string}"},"query-input":{"@type":"PropertyValueSpecification","valueRequired":true,"valueName":"search_term_string"}}],"inLanguage":"es-PE"},{"@type":"Organization","@id":"https:\/\/fcctp.usmp.edu.pe\/noticias\/#organization","name":"Facultad de Ciencias de la Comunicaci\u00f3n, Turismo y Psicolog\u00eda","url":"https:\/\/fcctp.usmp.edu.pe\/noticias\/","logo":{"@type":"ImageObject","inLanguage":"es-PE","@id":"https:\/\/fcctp.usmp.edu.pe\/noticias\/#\/schema\/logo\/image\/","url":"https:\/\/fcctp.usmp.edu.pe\/noticias\/wp-content\/uploads\/2022\/03\/logoFCCTP_60.svg","contentUrl":"https:\/\/fcctp.usmp.edu.pe\/noticias\/wp-content\/uploads\/2022\/03\/logoFCCTP_60.svg","width":347,"height":66,"caption":"Facultad de Ciencias de la Comunicaci\u00f3n, Turismo y Psicolog\u00eda"},"image":{"@id":"https:\/\/fcctp.usmp.edu.pe\/noticias\/#\/schema\/logo\/image\/"},"sameAs":["https:\/\/www.facebook.com\/fcctp","https:\/\/x.com\/fcctp_usmp","https:\/\/www.instagram.com\/fcctp_usmp\/"]},{"@type":"Person","@id":"https:\/\/fcctp.usmp.edu.pe\/noticias\/#\/schema\/person\/4fdff53bd44bf6f645fe381e079e1252","name":"Omar Huaman","image":{"@type":"ImageObject","inLanguage":"es-PE","@id":"https:\/\/secure.gravatar.com\/avatar\/1ec290616e6e3dc043e286f62b87c0f992c4889ead141b3e3dfc70d018a983e0?s=96&d=mm&r=g","url":"https:\/\/secure.gravatar.com\/avatar\/1ec290616e6e3dc043e286f62b87c0f992c4889ead141b3e3dfc70d018a983e0?s=96&d=mm&r=g","contentUrl":"https:\/\/secure.gravatar.com\/avatar\/1ec290616e6e3dc043e286f62b87c0f992c4889ead141b3e3dfc70d018a983e0?s=96&d=mm&r=g","caption":"Omar Huaman"},"url":"https:\/\/fcctp.usmp.edu.pe\/noticias\/author\/notieditor\/"}]}},"_links":{"self":[{"href":"https:\/\/fcctp.usmp.edu.pe\/noticias\/wp-json\/wp\/v2\/posts\/8879","targetHints":{"allow":["GET"]}}],"collection":[{"href":"https:\/\/fcctp.usmp.edu.pe\/noticias\/wp-json\/wp\/v2\/posts"}],"about":[{"href":"https:\/\/fcctp.usmp.edu.pe\/noticias\/wp-json\/wp\/v2\/types\/post"}],"author":[{"embeddable":true,"href":"https:\/\/fcctp.usmp.edu.pe\/noticias\/wp-json\/wp\/v2\/users\/2"}],"replies":[{"embeddable":true,"href":"https:\/\/fcctp.usmp.edu.pe\/noticias\/wp-json\/wp\/v2\/comments?post=8879"}],"version-history":[{"count":1,"href":"https:\/\/fcctp.usmp.edu.pe\/noticias\/wp-json\/wp\/v2\/posts\/8879\/revisions"}],"predecessor-version":[{"id":8881,"href":"https:\/\/fcctp.usmp.edu.pe\/noticias\/wp-json\/wp\/v2\/posts\/8879\/revisions\/8881"}],"wp:featuredmedia":[{"embeddable":true,"href":"https:\/\/fcctp.usmp.edu.pe\/noticias\/wp-json\/wp\/v2\/media\/8880"}],"wp:attachment":[{"href":"https:\/\/fcctp.usmp.edu.pe\/noticias\/wp-json\/wp\/v2\/media?parent=8879"}],"wp:term":[{"taxonomy":"category","embeddable":true,"href":"https:\/\/fcctp.usmp.edu.pe\/noticias\/wp-json\/wp\/v2\/categories?post=8879"},{"taxonomy":"post_tag","embeddable":true,"href":"https:\/\/fcctp.usmp.edu.pe\/noticias\/wp-json\/wp\/v2\/tags?post=8879"}],"curies":[{"name":"wp","href":"https:\/\/api.w.org\/{rel}","templated":true}]}}