{"id":8851,"date":"2022-11-02T16:05:24","date_gmt":"2022-11-02T16:05:24","guid":{"rendered":"https:\/\/fcctp.usmp.edu.pe\/noticias\/?p=8851"},"modified":"2022-11-03T16:11:04","modified_gmt":"2022-11-03T16:11:04","slug":"escolares-de-3-y-4-de-secundaria-adquirieron-las-herramientas-para-emprender-proyectos-sociales-gracias-al-programa-mision-sostenible","status":"publish","type":"post","link":"https:\/\/fcctp.usmp.edu.pe\/noticias\/sostenibilidad\/escolares-de-3-y-4-de-secundaria-adquirieron-las-herramientas-para-emprender-proyectos-sociales-gracias-al-programa-mision-sostenible\/","title":{"rendered":"Escolares de 3\u00b0 y 4\u00b0 de secundaria adquirieron las herramientas para emprender proyectos sociales gracias al programa Misi\u00f3n Sostenible"},"content":{"rendered":"<p style=\"text-align: justify;\"><em>La iniciativa fue promovida por la Oficina de Sostenibilidad.<\/em><\/p>\n<p style=\"text-align: justify;\">Reafirmando su compromiso con la comunidad, la Oficina de Sostenibilidad impuls\u00f3 el proyecto Misi\u00f3n Sostenible, iniciativa destinada a fortalecer las habilidades de 114 estudiantes de 3\u00b0 y 4\u00b0 de secundaria pertenecientes a la I.E.P Santa Rita de Casia (Surquillo) en el dise\u00f1o de proyectos sociales de alto impacto.<\/p>\n<p style=\"text-align: justify;\">Este proyecto cont\u00f3 con el respaldo del Voluntariado FCCTP, conformado por alumnos y egresados de escuelas profesionales de Ciencias de la Comunicaci\u00f3n y Turismo, quienes fueron capacitados por dos docentes de nuestra casa de estudios en herramientas de diagn\u00f3stico como el \u00e1rbol de problemas, el marco l\u00f3gico de proyectos y el dise\u00f1o de planificaci\u00f3n, las cuales son fundamentales para iniciar cualquier propuesta empresarial.<\/p>\n<p style=\"text-align: justify;\">Luego de reforzar conocimientos en los mencionados temas, los voluntarios sanmartinianos organizaron talleres semanales, los cuales se desarrollaron entre el 6 de septiembre y el 4 de octubre, lo que les permiti\u00f3 acumular 220 horas de servicio a la comunidad.<\/p>\n<p style=\"text-align: justify;\">Durante este periodo, la Oficina de Sostenibilidad realiz\u00f3 un riguroso seguimiento a cada una de las acciones mediante informes y reuniones semanales, a fin de conocer los avances de los escolares y los representantes de nuestra Facultad. Adem\u00e1s, cada clase impartida a los j\u00f3venes surquillanos fue revisada con detenimiento, a fin de asegurar que los contenidos sean did\u00e1cticos y entendibles.<\/p>\n<p style=\"text-align: justify;\">Desde el 2019, la Oficina de Sostenibilidad de la FCCTP USMP apuesta por el desarrollo sostenible del pa\u00eds fomentando acciones dirigidas a contribuir con el cumplimiento de los Objetivos de Desarrollo Sostenible de la Agenda 2030 de la Organizaci\u00f3n de las Naciones Unidas (ONU).<\/p>\n","protected":false},"excerpt":{"rendered":"<p>La iniciativa fue promovida por la Oficina de Sostenibilidad. Reafirmando su compromiso con la comunidad, la Oficina de Sostenibilidad impuls\u00f3 el proyecto Misi\u00f3n Sostenible, iniciativa destinada a fortalecer las habilidades de 114 estudiantes de 3\u00b0 y 4\u00b0 de secundaria pertenecientes a la I.E.P Santa Rita de Casia (Surquillo) en el dise\u00f1o de proyectos sociales de &#8230; <a title=\"Escolares de 3\u00b0 y 4\u00b0 de secundaria adquirieron las herramientas para emprender proyectos sociales gracias al programa Misi\u00f3n Sostenible\" class=\"read-more\" href=\"https:\/\/fcctp.usmp.edu.pe\/noticias\/sostenibilidad\/escolares-de-3-y-4-de-secundaria-adquirieron-las-herramientas-para-emprender-proyectos-sociales-gracias-al-programa-mision-sostenible\/\" aria-label=\"More on Escolares de 3\u00b0 y 4\u00b0 de secundaria adquirieron las herramientas para emprender proyectos sociales gracias al programa Misi\u00f3n Sostenible\">Read more<\/a><\/p>\n","protected":false},"author":2,"featured_media":8852,"comment_status":"closed","ping_status":"closed","sticky":false,"template":"","format":"standard","meta":{"footnotes":""},"categories":[33],"tags":[47,46],"class_list":["post-8851","post","type-post","status-publish","format-standard","has-post-thumbnail","hentry","category-sostenibilidad","tag-home-fcctp","tag-lo-mas-destacado"],"yoast_head":"<!-- This site is optimized with the Yoast SEO plugin v28.3 - https:\/\/yoast.com\/product\/yoast-seo-wordpress\/ -->\n<title>Escolares de 3\u00b0 y 4\u00b0 de secundaria adquirieron las herramientas para emprender proyectos sociales gracias al programa Misi\u00f3n Sostenible - Noticias<\/title>\n<meta name=\"robots\" content=\"index, follow, max-snippet:-1, max-image-preview:large, max-video-preview:-1\" \/>\n<link rel=\"canonical\" href=\"https:\/\/fcctp.usmp.edu.pe\/noticias\/sostenibilidad\/escolares-de-3-y-4-de-secundaria-adquirieron-las-herramientas-para-emprender-proyectos-sociales-gracias-al-programa-mision-sostenible\/\" \/>\n<meta property=\"og:locale\" content=\"es_ES\" \/>\n<meta property=\"og:type\" content=\"article\" \/>\n<meta property=\"og:title\" content=\"Escolares de 3\u00b0 y 4\u00b0 de secundaria adquirieron las herramientas para emprender proyectos sociales gracias al programa Misi\u00f3n Sostenible - Noticias\" \/>\n<meta property=\"og:description\" content=\"La iniciativa fue promovida por la Oficina de Sostenibilidad. Reafirmando su compromiso con la comunidad, la Oficina de Sostenibilidad impuls\u00f3 el proyecto Misi\u00f3n Sostenible, iniciativa destinada a fortalecer las habilidades de 114 estudiantes de 3\u00b0 y 4\u00b0 de secundaria pertenecientes a la I.E.P Santa Rita de Casia (Surquillo) en el dise\u00f1o de proyectos sociales de ... Read more\" \/>\n<meta property=\"og:url\" content=\"https:\/\/fcctp.usmp.edu.pe\/noticias\/sostenibilidad\/escolares-de-3-y-4-de-secundaria-adquirieron-las-herramientas-para-emprender-proyectos-sociales-gracias-al-programa-mision-sostenible\/\" \/>\n<meta property=\"og:site_name\" content=\"Noticias\" \/>\n<meta property=\"article:publisher\" content=\"https:\/\/www.facebook.com\/fcctp\" \/>\n<meta property=\"article:published_time\" content=\"2022-11-02T16:05:24+00:00\" \/>\n<meta property=\"article:modified_time\" content=\"2022-11-03T16:11:04+00:00\" \/>\n<meta property=\"og:image\" content=\"https:\/\/fcctp.usmp.edu.pe\/noticias\/wp-content\/uploads\/2022\/11\/03_11_SOS_PROYECTO-SOSTENIBLE-720x450-1.jpg\" \/>\n\t<meta property=\"og:image:width\" content=\"720\" \/>\n\t<meta property=\"og:image:height\" content=\"450\" \/>\n\t<meta property=\"og:image:type\" content=\"image\/jpeg\" \/>\n<meta name=\"author\" content=\"Omar Huaman\" \/>\n<meta name=\"twitter:card\" content=\"summary_large_image\" \/>\n<meta name=\"twitter:creator\" content=\"@fcctp_usmp\" \/>\n<meta name=\"twitter:site\" content=\"@fcctp_usmp\" \/>\n<meta name=\"twitter:label1\" content=\"Written by\" \/>\n\t<meta name=\"twitter:data1\" content=\"Omar Huaman\" \/>\n\t<meta name=\"twitter:label2\" content=\"Est. reading time\" \/>\n\t<meta name=\"twitter:data2\" content=\"1 minuto\" \/>\n<script type=\"application\/ld+json\" class=\"yoast-schema-graph\">{\"@context\":\"https:\\\/\\\/schema.org\",\"@graph\":[{\"@type\":\"Article\",\"@id\":\"https:\\\/\\\/fcctp.usmp.edu.pe\\\/noticias\\\/sostenibilidad\\\/escolares-de-3-y-4-de-secundaria-adquirieron-las-herramientas-para-emprender-proyectos-sociales-gracias-al-programa-mision-sostenible\\\/#article\",\"isPartOf\":{\"@id\":\"https:\\\/\\\/fcctp.usmp.edu.pe\\\/noticias\\\/sostenibilidad\\\/escolares-de-3-y-4-de-secundaria-adquirieron-las-herramientas-para-emprender-proyectos-sociales-gracias-al-programa-mision-sostenible\\\/\"},\"author\":{\"name\":\"Omar Huaman\",\"@id\":\"https:\\\/\\\/fcctp.usmp.edu.pe\\\/noticias\\\/#\\\/schema\\\/person\\\/4fdff53bd44bf6f645fe381e079e1252\"},\"headline\":\"Escolares de 3\u00b0 y 4\u00b0 de secundaria adquirieron las herramientas para emprender proyectos sociales gracias al programa Misi\u00f3n Sostenible\",\"datePublished\":\"2022-11-02T16:05:24+00:00\",\"dateModified\":\"2022-11-03T16:11:04+00:00\",\"mainEntityOfPage\":{\"@id\":\"https:\\\/\\\/fcctp.usmp.edu.pe\\\/noticias\\\/sostenibilidad\\\/escolares-de-3-y-4-de-secundaria-adquirieron-las-herramientas-para-emprender-proyectos-sociales-gracias-al-programa-mision-sostenible\\\/\"},\"wordCount\":288,\"publisher\":{\"@id\":\"https:\\\/\\\/fcctp.usmp.edu.pe\\\/noticias\\\/#organization\"},\"image\":{\"@id\":\"https:\\\/\\\/fcctp.usmp.edu.pe\\\/noticias\\\/sostenibilidad\\\/escolares-de-3-y-4-de-secundaria-adquirieron-las-herramientas-para-emprender-proyectos-sociales-gracias-al-programa-mision-sostenible\\\/#primaryimage\"},\"thumbnailUrl\":\"https:\\\/\\\/fcctp.usmp.edu.pe\\\/noticias\\\/wp-content\\\/uploads\\\/2022\\\/11\\\/03_11_SOS_PROYECTO-SOSTENIBLE-720x450-1.jpg\",\"keywords\":[\"Home FCCTP\",\"Lo mas destacado\"],\"articleSection\":[\"Sostenibilidad\"],\"inLanguage\":\"es-PE\"},{\"@type\":\"WebPage\",\"@id\":\"https:\\\/\\\/fcctp.usmp.edu.pe\\\/noticias\\\/sostenibilidad\\\/escolares-de-3-y-4-de-secundaria-adquirieron-las-herramientas-para-emprender-proyectos-sociales-gracias-al-programa-mision-sostenible\\\/\",\"url\":\"https:\\\/\\\/fcctp.usmp.edu.pe\\\/noticias\\\/sostenibilidad\\\/escolares-de-3-y-4-de-secundaria-adquirieron-las-herramientas-para-emprender-proyectos-sociales-gracias-al-programa-mision-sostenible\\\/\",\"name\":\"Escolares de 3\u00b0 y 4\u00b0 de secundaria adquirieron las herramientas para emprender proyectos sociales gracias al programa Misi\u00f3n Sostenible - Noticias\",\"isPartOf\":{\"@id\":\"https:\\\/\\\/fcctp.usmp.edu.pe\\\/noticias\\\/#website\"},\"primaryImageOfPage\":{\"@id\":\"https:\\\/\\\/fcctp.usmp.edu.pe\\\/noticias\\\/sostenibilidad\\\/escolares-de-3-y-4-de-secundaria-adquirieron-las-herramientas-para-emprender-proyectos-sociales-gracias-al-programa-mision-sostenible\\\/#primaryimage\"},\"image\":{\"@id\":\"https:\\\/\\\/fcctp.usmp.edu.pe\\\/noticias\\\/sostenibilidad\\\/escolares-de-3-y-4-de-secundaria-adquirieron-las-herramientas-para-emprender-proyectos-sociales-gracias-al-programa-mision-sostenible\\\/#primaryimage\"},\"thumbnailUrl\":\"https:\\\/\\\/fcctp.usmp.edu.pe\\\/noticias\\\/wp-content\\\/uploads\\\/2022\\\/11\\\/03_11_SOS_PROYECTO-SOSTENIBLE-720x450-1.jpg\",\"datePublished\":\"2022-11-02T16:05:24+00:00\",\"dateModified\":\"2022-11-03T16:11:04+00:00\",\"breadcrumb\":{\"@id\":\"https:\\\/\\\/fcctp.usmp.edu.pe\\\/noticias\\\/sostenibilidad\\\/escolares-de-3-y-4-de-secundaria-adquirieron-las-herramientas-para-emprender-proyectos-sociales-gracias-al-programa-mision-sostenible\\\/#breadcrumb\"},\"inLanguage\":\"es-PE\",\"potentialAction\":[{\"@type\":\"ReadAction\",\"target\":[\"https:\\\/\\\/fcctp.usmp.edu.pe\\\/noticias\\\/sostenibilidad\\\/escolares-de-3-y-4-de-secundaria-adquirieron-las-herramientas-para-emprender-proyectos-sociales-gracias-al-programa-mision-sostenible\\\/\"]}]},{\"@type\":\"ImageObject\",\"inLanguage\":\"es-PE\",\"@id\":\"https:\\\/\\\/fcctp.usmp.edu.pe\\\/noticias\\\/sostenibilidad\\\/escolares-de-3-y-4-de-secundaria-adquirieron-las-herramientas-para-emprender-proyectos-sociales-gracias-al-programa-mision-sostenible\\\/#primaryimage\",\"url\":\"https:\\\/\\\/fcctp.usmp.edu.pe\\\/noticias\\\/wp-content\\\/uploads\\\/2022\\\/11\\\/03_11_SOS_PROYECTO-SOSTENIBLE-720x450-1.jpg\",\"contentUrl\":\"https:\\\/\\\/fcctp.usmp.edu.pe\\\/noticias\\\/wp-content\\\/uploads\\\/2022\\\/11\\\/03_11_SOS_PROYECTO-SOSTENIBLE-720x450-1.jpg\",\"width\":720,\"height\":450},{\"@type\":\"BreadcrumbList\",\"@id\":\"https:\\\/\\\/fcctp.usmp.edu.pe\\\/noticias\\\/sostenibilidad\\\/escolares-de-3-y-4-de-secundaria-adquirieron-las-herramientas-para-emprender-proyectos-sociales-gracias-al-programa-mision-sostenible\\\/#breadcrumb\",\"itemListElement\":[{\"@type\":\"ListItem\",\"position\":1,\"name\":\"Portada\",\"item\":\"https:\\\/\\\/fcctp.usmp.edu.pe\\\/noticias\\\/\"},{\"@type\":\"ListItem\",\"position\":2,\"name\":\"Escolares de 3\u00b0 y 4\u00b0 de secundaria adquirieron las herramientas para emprender proyectos sociales gracias al programa Misi\u00f3n Sostenible\"}]},{\"@type\":\"WebSite\",\"@id\":\"https:\\\/\\\/fcctp.usmp.edu.pe\\\/noticias\\\/#website\",\"url\":\"https:\\\/\\\/fcctp.usmp.edu.pe\\\/noticias\\\/\",\"name\":\"Noticias FCCTP\",\"description\":\"Facultad de Ciencias de la Comunicaci\u00f3n, Turismo y Psicolog\u00eda\",\"publisher\":{\"@id\":\"https:\\\/\\\/fcctp.usmp.edu.pe\\\/noticias\\\/#organization\"},\"potentialAction\":[{\"@type\":\"SearchAction\",\"target\":{\"@type\":\"EntryPoint\",\"urlTemplate\":\"https:\\\/\\\/fcctp.usmp.edu.pe\\\/noticias\\\/?s={search_term_string}\"},\"query-input\":{\"@type\":\"PropertyValueSpecification\",\"valueRequired\":true,\"valueName\":\"search_term_string\"}}],\"inLanguage\":\"es-PE\"},{\"@type\":\"Organization\",\"@id\":\"https:\\\/\\\/fcctp.usmp.edu.pe\\\/noticias\\\/#organization\",\"name\":\"Facultad de Ciencias de la Comunicaci\u00f3n, Turismo y Psicolog\u00eda\",\"url\":\"https:\\\/\\\/fcctp.usmp.edu.pe\\\/noticias\\\/\",\"logo\":{\"@type\":\"ImageObject\",\"inLanguage\":\"es-PE\",\"@id\":\"https:\\\/\\\/fcctp.usmp.edu.pe\\\/noticias\\\/#\\\/schema\\\/logo\\\/image\\\/\",\"url\":\"https:\\\/\\\/fcctp.usmp.edu.pe\\\/noticias\\\/wp-content\\\/uploads\\\/2022\\\/03\\\/logoFCCTP_60.svg\",\"contentUrl\":\"https:\\\/\\\/fcctp.usmp.edu.pe\\\/noticias\\\/wp-content\\\/uploads\\\/2022\\\/03\\\/logoFCCTP_60.svg\",\"width\":347,\"height\":66,\"caption\":\"Facultad de Ciencias de la Comunicaci\u00f3n, Turismo y Psicolog\u00eda\"},\"image\":{\"@id\":\"https:\\\/\\\/fcctp.usmp.edu.pe\\\/noticias\\\/#\\\/schema\\\/logo\\\/image\\\/\"},\"sameAs\":[\"https:\\\/\\\/www.facebook.com\\\/fcctp\",\"https:\\\/\\\/x.com\\\/fcctp_usmp\",\"https:\\\/\\\/www.instagram.com\\\/fcctp_usmp\\\/\"]},{\"@type\":\"Person\",\"@id\":\"https:\\\/\\\/fcctp.usmp.edu.pe\\\/noticias\\\/#\\\/schema\\\/person\\\/4fdff53bd44bf6f645fe381e079e1252\",\"name\":\"Omar Huaman\",\"image\":{\"@type\":\"ImageObject\",\"inLanguage\":\"es-PE\",\"@id\":\"https:\\\/\\\/secure.gravatar.com\\\/avatar\\\/1ec290616e6e3dc043e286f62b87c0f992c4889ead141b3e3dfc70d018a983e0?s=96&d=mm&r=g\",\"url\":\"https:\\\/\\\/secure.gravatar.com\\\/avatar\\\/1ec290616e6e3dc043e286f62b87c0f992c4889ead141b3e3dfc70d018a983e0?s=96&d=mm&r=g\",\"contentUrl\":\"https:\\\/\\\/secure.gravatar.com\\\/avatar\\\/1ec290616e6e3dc043e286f62b87c0f992c4889ead141b3e3dfc70d018a983e0?s=96&d=mm&r=g\",\"caption\":\"Omar Huaman\"},\"url\":\"https:\\\/\\\/fcctp.usmp.edu.pe\\\/noticias\\\/author\\\/notieditor\\\/\"}]}<\/script>\n<!-- \/ Yoast SEO plugin. -->","yoast_head_json":{"title":"Escolares de 3\u00b0 y 4\u00b0 de secundaria adquirieron las herramientas para emprender proyectos sociales gracias al programa Misi\u00f3n Sostenible - Noticias","robots":{"index":"index","follow":"follow","max-snippet":"max-snippet:-1","max-image-preview":"max-image-preview:large","max-video-preview":"max-video-preview:-1"},"canonical":"https:\/\/fcctp.usmp.edu.pe\/noticias\/sostenibilidad\/escolares-de-3-y-4-de-secundaria-adquirieron-las-herramientas-para-emprender-proyectos-sociales-gracias-al-programa-mision-sostenible\/","og_locale":"es_ES","og_type":"article","og_title":"Escolares de 3\u00b0 y 4\u00b0 de secundaria adquirieron las herramientas para emprender proyectos sociales gracias al programa Misi\u00f3n Sostenible - Noticias","og_description":"La iniciativa fue promovida por la Oficina de Sostenibilidad. Reafirmando su compromiso con la comunidad, la Oficina de Sostenibilidad impuls\u00f3 el proyecto Misi\u00f3n Sostenible, iniciativa destinada a fortalecer las habilidades de 114 estudiantes de 3\u00b0 y 4\u00b0 de secundaria pertenecientes a la I.E.P Santa Rita de Casia (Surquillo) en el dise\u00f1o de proyectos sociales de ... Read more","og_url":"https:\/\/fcctp.usmp.edu.pe\/noticias\/sostenibilidad\/escolares-de-3-y-4-de-secundaria-adquirieron-las-herramientas-para-emprender-proyectos-sociales-gracias-al-programa-mision-sostenible\/","og_site_name":"Noticias","article_publisher":"https:\/\/www.facebook.com\/fcctp","article_published_time":"2022-11-02T16:05:24+00:00","article_modified_time":"2022-11-03T16:11:04+00:00","og_image":[{"width":720,"height":450,"url":"https:\/\/fcctp.usmp.edu.pe\/noticias\/wp-content\/uploads\/2022\/11\/03_11_SOS_PROYECTO-SOSTENIBLE-720x450-1.jpg","type":"image\/jpeg"}],"author":"Omar Huaman","twitter_card":"summary_large_image","twitter_creator":"@fcctp_usmp","twitter_site":"@fcctp_usmp","twitter_misc":{"Written by":"Omar Huaman","Est. reading time":"1 minuto"},"schema":{"@context":"https:\/\/schema.org","@graph":[{"@type":"Article","@id":"https:\/\/fcctp.usmp.edu.pe\/noticias\/sostenibilidad\/escolares-de-3-y-4-de-secundaria-adquirieron-las-herramientas-para-emprender-proyectos-sociales-gracias-al-programa-mision-sostenible\/#article","isPartOf":{"@id":"https:\/\/fcctp.usmp.edu.pe\/noticias\/sostenibilidad\/escolares-de-3-y-4-de-secundaria-adquirieron-las-herramientas-para-emprender-proyectos-sociales-gracias-al-programa-mision-sostenible\/"},"author":{"name":"Omar Huaman","@id":"https:\/\/fcctp.usmp.edu.pe\/noticias\/#\/schema\/person\/4fdff53bd44bf6f645fe381e079e1252"},"headline":"Escolares de 3\u00b0 y 4\u00b0 de secundaria adquirieron las herramientas para emprender proyectos sociales gracias al programa Misi\u00f3n Sostenible","datePublished":"2022-11-02T16:05:24+00:00","dateModified":"2022-11-03T16:11:04+00:00","mainEntityOfPage":{"@id":"https:\/\/fcctp.usmp.edu.pe\/noticias\/sostenibilidad\/escolares-de-3-y-4-de-secundaria-adquirieron-las-herramientas-para-emprender-proyectos-sociales-gracias-al-programa-mision-sostenible\/"},"wordCount":288,"publisher":{"@id":"https:\/\/fcctp.usmp.edu.pe\/noticias\/#organization"},"image":{"@id":"https:\/\/fcctp.usmp.edu.pe\/noticias\/sostenibilidad\/escolares-de-3-y-4-de-secundaria-adquirieron-las-herramientas-para-emprender-proyectos-sociales-gracias-al-programa-mision-sostenible\/#primaryimage"},"thumbnailUrl":"https:\/\/fcctp.usmp.edu.pe\/noticias\/wp-content\/uploads\/2022\/11\/03_11_SOS_PROYECTO-SOSTENIBLE-720x450-1.jpg","keywords":["Home FCCTP","Lo mas destacado"],"articleSection":["Sostenibilidad"],"inLanguage":"es-PE"},{"@type":"WebPage","@id":"https:\/\/fcctp.usmp.edu.pe\/noticias\/sostenibilidad\/escolares-de-3-y-4-de-secundaria-adquirieron-las-herramientas-para-emprender-proyectos-sociales-gracias-al-programa-mision-sostenible\/","url":"https:\/\/fcctp.usmp.edu.pe\/noticias\/sostenibilidad\/escolares-de-3-y-4-de-secundaria-adquirieron-las-herramientas-para-emprender-proyectos-sociales-gracias-al-programa-mision-sostenible\/","name":"Escolares de 3\u00b0 y 4\u00b0 de secundaria adquirieron las herramientas para emprender proyectos sociales gracias al programa Misi\u00f3n Sostenible - Noticias","isPartOf":{"@id":"https:\/\/fcctp.usmp.edu.pe\/noticias\/#website"},"primaryImageOfPage":{"@id":"https:\/\/fcctp.usmp.edu.pe\/noticias\/sostenibilidad\/escolares-de-3-y-4-de-secundaria-adquirieron-las-herramientas-para-emprender-proyectos-sociales-gracias-al-programa-mision-sostenible\/#primaryimage"},"image":{"@id":"https:\/\/fcctp.usmp.edu.pe\/noticias\/sostenibilidad\/escolares-de-3-y-4-de-secundaria-adquirieron-las-herramientas-para-emprender-proyectos-sociales-gracias-al-programa-mision-sostenible\/#primaryimage"},"thumbnailUrl":"https:\/\/fcctp.usmp.edu.pe\/noticias\/wp-content\/uploads\/2022\/11\/03_11_SOS_PROYECTO-SOSTENIBLE-720x450-1.jpg","datePublished":"2022-11-02T16:05:24+00:00","dateModified":"2022-11-03T16:11:04+00:00","breadcrumb":{"@id":"https:\/\/fcctp.usmp.edu.pe\/noticias\/sostenibilidad\/escolares-de-3-y-4-de-secundaria-adquirieron-las-herramientas-para-emprender-proyectos-sociales-gracias-al-programa-mision-sostenible\/#breadcrumb"},"inLanguage":"es-PE","potentialAction":[{"@type":"ReadAction","target":["https:\/\/fcctp.usmp.edu.pe\/noticias\/sostenibilidad\/escolares-de-3-y-4-de-secundaria-adquirieron-las-herramientas-para-emprender-proyectos-sociales-gracias-al-programa-mision-sostenible\/"]}]},{"@type":"ImageObject","inLanguage":"es-PE","@id":"https:\/\/fcctp.usmp.edu.pe\/noticias\/sostenibilidad\/escolares-de-3-y-4-de-secundaria-adquirieron-las-herramientas-para-emprender-proyectos-sociales-gracias-al-programa-mision-sostenible\/#primaryimage","url":"https:\/\/fcctp.usmp.edu.pe\/noticias\/wp-content\/uploads\/2022\/11\/03_11_SOS_PROYECTO-SOSTENIBLE-720x450-1.jpg","contentUrl":"https:\/\/fcctp.usmp.edu.pe\/noticias\/wp-content\/uploads\/2022\/11\/03_11_SOS_PROYECTO-SOSTENIBLE-720x450-1.jpg","width":720,"height":450},{"@type":"BreadcrumbList","@id":"https:\/\/fcctp.usmp.edu.pe\/noticias\/sostenibilidad\/escolares-de-3-y-4-de-secundaria-adquirieron-las-herramientas-para-emprender-proyectos-sociales-gracias-al-programa-mision-sostenible\/#breadcrumb","itemListElement":[{"@type":"ListItem","position":1,"name":"Portada","item":"https:\/\/fcctp.usmp.edu.pe\/noticias\/"},{"@type":"ListItem","position":2,"name":"Escolares de 3\u00b0 y 4\u00b0 de secundaria adquirieron las herramientas para emprender proyectos sociales gracias al programa Misi\u00f3n Sostenible"}]},{"@type":"WebSite","@id":"https:\/\/fcctp.usmp.edu.pe\/noticias\/#website","url":"https:\/\/fcctp.usmp.edu.pe\/noticias\/","name":"Noticias FCCTP","description":"Facultad de Ciencias de la Comunicaci\u00f3n, Turismo y Psicolog\u00eda","publisher":{"@id":"https:\/\/fcctp.usmp.edu.pe\/noticias\/#organization"},"potentialAction":[{"@type":"SearchAction","target":{"@type":"EntryPoint","urlTemplate":"https:\/\/fcctp.usmp.edu.pe\/noticias\/?s={search_term_string}"},"query-input":{"@type":"PropertyValueSpecification","valueRequired":true,"valueName":"search_term_string"}}],"inLanguage":"es-PE"},{"@type":"Organization","@id":"https:\/\/fcctp.usmp.edu.pe\/noticias\/#organization","name":"Facultad de Ciencias de la Comunicaci\u00f3n, Turismo y Psicolog\u00eda","url":"https:\/\/fcctp.usmp.edu.pe\/noticias\/","logo":{"@type":"ImageObject","inLanguage":"es-PE","@id":"https:\/\/fcctp.usmp.edu.pe\/noticias\/#\/schema\/logo\/image\/","url":"https:\/\/fcctp.usmp.edu.pe\/noticias\/wp-content\/uploads\/2022\/03\/logoFCCTP_60.svg","contentUrl":"https:\/\/fcctp.usmp.edu.pe\/noticias\/wp-content\/uploads\/2022\/03\/logoFCCTP_60.svg","width":347,"height":66,"caption":"Facultad de Ciencias de la Comunicaci\u00f3n, Turismo y Psicolog\u00eda"},"image":{"@id":"https:\/\/fcctp.usmp.edu.pe\/noticias\/#\/schema\/logo\/image\/"},"sameAs":["https:\/\/www.facebook.com\/fcctp","https:\/\/x.com\/fcctp_usmp","https:\/\/www.instagram.com\/fcctp_usmp\/"]},{"@type":"Person","@id":"https:\/\/fcctp.usmp.edu.pe\/noticias\/#\/schema\/person\/4fdff53bd44bf6f645fe381e079e1252","name":"Omar Huaman","image":{"@type":"ImageObject","inLanguage":"es-PE","@id":"https:\/\/secure.gravatar.com\/avatar\/1ec290616e6e3dc043e286f62b87c0f992c4889ead141b3e3dfc70d018a983e0?s=96&d=mm&r=g","url":"https:\/\/secure.gravatar.com\/avatar\/1ec290616e6e3dc043e286f62b87c0f992c4889ead141b3e3dfc70d018a983e0?s=96&d=mm&r=g","contentUrl":"https:\/\/secure.gravatar.com\/avatar\/1ec290616e6e3dc043e286f62b87c0f992c4889ead141b3e3dfc70d018a983e0?s=96&d=mm&r=g","caption":"Omar Huaman"},"url":"https:\/\/fcctp.usmp.edu.pe\/noticias\/author\/notieditor\/"}]}},"_links":{"self":[{"href":"https:\/\/fcctp.usmp.edu.pe\/noticias\/wp-json\/wp\/v2\/posts\/8851","targetHints":{"allow":["GET"]}}],"collection":[{"href":"https:\/\/fcctp.usmp.edu.pe\/noticias\/wp-json\/wp\/v2\/posts"}],"about":[{"href":"https:\/\/fcctp.usmp.edu.pe\/noticias\/wp-json\/wp\/v2\/types\/post"}],"author":[{"embeddable":true,"href":"https:\/\/fcctp.usmp.edu.pe\/noticias\/wp-json\/wp\/v2\/users\/2"}],"replies":[{"embeddable":true,"href":"https:\/\/fcctp.usmp.edu.pe\/noticias\/wp-json\/wp\/v2\/comments?post=8851"}],"version-history":[{"count":1,"href":"https:\/\/fcctp.usmp.edu.pe\/noticias\/wp-json\/wp\/v2\/posts\/8851\/revisions"}],"predecessor-version":[{"id":8853,"href":"https:\/\/fcctp.usmp.edu.pe\/noticias\/wp-json\/wp\/v2\/posts\/8851\/revisions\/8853"}],"wp:featuredmedia":[{"embeddable":true,"href":"https:\/\/fcctp.usmp.edu.pe\/noticias\/wp-json\/wp\/v2\/media\/8852"}],"wp:attachment":[{"href":"https:\/\/fcctp.usmp.edu.pe\/noticias\/wp-json\/wp\/v2\/media?parent=8851"}],"wp:term":[{"taxonomy":"category","embeddable":true,"href":"https:\/\/fcctp.usmp.edu.pe\/noticias\/wp-json\/wp\/v2\/categories?post=8851"},{"taxonomy":"post_tag","embeddable":true,"href":"https:\/\/fcctp.usmp.edu.pe\/noticias\/wp-json\/wp\/v2\/tags?post=8851"}],"curies":[{"name":"wp","href":"https:\/\/api.w.org\/{rel}","templated":true}]}}