{"id":8810,"date":"2022-10-27T14:50:04","date_gmt":"2022-10-27T14:50:04","guid":{"rendered":"https:\/\/fcctp.usmp.edu.pe\/noticias\/?p=8810"},"modified":"2022-10-27T14:50:04","modified_gmt":"2022-10-27T14:50:04","slug":"lo-importante-de-sentirse-bien-en-el-trabajo-mientras-construimos-nuestra-marca-personal","status":"publish","type":"post","link":"https:\/\/fcctp.usmp.edu.pe\/noticias\/sostenibilidad\/lo-importante-de-sentirse-bien-en-el-trabajo-mientras-construimos-nuestra-marca-personal\/","title":{"rendered":"Lo importante de sentirse bien en el trabajo mientras construimos nuestra marca personal"},"content":{"rendered":"<p style=\"text-align: justify;\"><strong>Por: Dra. Nieves Altamirano Peceros<\/strong><br \/>\n<strong>Servicio Psicol\u00f3gico de la FCCTP<\/strong><\/p>\n<p style=\"text-align: justify;\">La salud y el equilibrio son dos bienes preciados en la actualidad. Despu\u00e9s del COVID-19, nuestras expectativas, emociones y percepciones cambiaron. Hoy valoramos m\u00e1s nuestra salud emocional.<\/p>\n<p style=\"text-align: justify;\">De hecho, cuando elegimos trabajar en alg\u00fan lugar, lo primero que pensamos es si encontraremos paz, armon\u00eda y la tranquilidad que buscamos en un entorno laboral para el correcto desarrollo de nuestras funciones. Estaremos satisfechos cuando alcancemos nuestros logros y tristes cuando no los concretamos. Tambi\u00e9n experimentaremos malos ratos cuando surjan desacuerdos, discusiones o envidias entre los que laboran.<\/p>\n<p style=\"text-align: justify;\">Al respecto, se pueden dar dos situaciones: uno que es de responsabilidad nuestra y la otra que corresponde al sistema o las normas que aplica la empresa en la cual trabajamos.<\/p>\n<p style=\"text-align: justify;\">Hoy hablaremos de la primera, y daremos algunos tips. Imag\u00ednate que estas ante un genio y le pides cinco deseos para sentirte bien mientras trabajas:<\/p>\n<p style=\"text-align: justify;\"><strong>&#8211; Lo primero es empezar el d\u00eda con optimismo y compromiso de hacer las cosas bien, de alinearte con tu instituci\u00f3n.<\/strong> Es la que cada mes te permite gozar de ciertos privilegios econ\u00f3micos y sociales que te brindan bienestar a ti y a tu familia. Si eres soltero\/a podr\u00e1s comprar tus cosas, ser\u00e1s capaz de mantenerte y de sentirte m\u00e1s independiente. Si eres casado\/a sentir\u00e1s que puedes responder a las expectativas de tu familia, de brindarles la tranquilidad que necesitan. Sobre todo, en ambos casos, te sentir\u00e1s realizado\/a como persona y profesional. \u201cEres lo que piensas y sientes\u201d.<\/p>\n<p style=\"text-align: justify;\"><strong>&#8211; Construye tu marca personal.<\/strong> Consolida la imagen personal y profesional que proyectas ante los dem\u00e1s, la primera impresi\u00f3n es lo que cuenta. Busca mejorar tu imagen y reputaci\u00f3n.<\/p>\n<p style=\"text-align: justify;\">Demuestra las habilidades y talentos que el trabajo requiere, trabaja con calidad. No eres un ni\u00f1o o ni\u00f1a que necesita que se le rega\u00f1e para que trabaje bien. Eres un adulto que sabe actuar con autonom\u00eda y toma decisiones con pensamiento cr\u00edtico. Que suma y no resta.<\/p>\n<p style=\"text-align: justify;\">Haz que tus compa\u00f1eros de trabajo y tus jefes te reconozcan y respeten como una persona satisfecha y enamorado\/a de su trabajo. Que cumple con las normas de la instituci\u00f3n. Que se esfuerza por llegar con puntualidad, respeta a sus compa\u00f1eros. Date el permiso psicol\u00f3gico de sacar lo mejor de ti.<\/p>\n<p style=\"text-align: justify;\"><strong>&#8211; Tus valores te reafirman.<\/strong> \u00bfEres de los buenos o de los malos? Lo importante de tus acciones y conductas es la coherencia entre lo que dices y haces en relaci\u00f3n contigo mismo y con los dem\u00e1s. Agrega valor a tus logros y resultados porque lo m\u00e1s importante para tener una carrera exitosa que se prolongue en el tiempo es demostrar que se act\u00faa con \u00e9tica y valores. \u201cAntes de ser un buen profesional, se es buena persona\u201d.<\/p>\n<p style=\"text-align: justify;\"><strong>&#8211; Aprende a competir contigo mismo.<\/strong> En la terapia, es com\u00fan encontrar personas que recurren por sentirse fracasados y frustrados. Desde ni\u00f1o, le ense\u00f1aron a competir con los dem\u00e1s, no importa los medios a emplear con tal de ganar a las buenas o a las malas. Sin embargo, cuando creces, t\u00fa no necesitas competir con nadie para demostrar que eres el mejor o sentirte satisfecho. Compite contigo mismo porque \u00a1t\u00fa eres el mejor! No necesitas demostrarlo a los dem\u00e1s, solo a ti mismo.<\/p>\n<p style=\"text-align: justify;\"><strong>&#8211; Por \u00faltimo, aprende a convivir con los dem\u00e1s y superar el estr\u00e9s.<\/strong> Desarrolla una estrategia basada en el talento que posees para relacionarte en armon\u00eda con los dem\u00e1s. Respeta para que te respeten. No dejes que te invadan, ni invadas a los dem\u00e1s. Nadie es perfecto. A menudo, el estr\u00e9s nos hace irritables, nos pone de mal humor y queremos incendiar el lugar o pelearnos con todos para deshacernos del malestar interior. Este se le conoce como la n\u00e1usea emocional. Aprende a gestionar tus emociones. \u00a1Insiste en ser mejor!<\/p>\n<p style=\"text-align: justify;\">Destaca de los dem\u00e1s en tus acciones cotidianas con actitud y responsabilidad social. Aprende a desenvolverte con un trato adecuado en la comunicaci\u00f3n con los dem\u00e1s. Esto impulsar\u00e1 tu reputaci\u00f3n y elevar\u00e1 t\u00fa credibilidad. Sobre todo, renueva tu imagen y gana confianza ante los dem\u00e1s para alcanzar tus objetivos personales y profesionales.<\/p>\n<p style=\"text-align: justify;\"><strong>\u00a1T\u00fa puedes lograrlo!<\/strong><\/p>\n","protected":false},"excerpt":{"rendered":"<p>Por: Dra. Nieves Altamirano Peceros Servicio Psicol\u00f3gico de la FCCTP La salud y el equilibrio son dos bienes preciados en la actualidad. Despu\u00e9s del COVID-19, nuestras expectativas, emociones y percepciones cambiaron. Hoy valoramos m\u00e1s nuestra salud emocional. De hecho, cuando elegimos trabajar en alg\u00fan lugar, lo primero que pensamos es si encontraremos paz, armon\u00eda y &#8230; <a title=\"Lo importante de sentirse bien en el trabajo mientras construimos nuestra marca personal\" class=\"read-more\" href=\"https:\/\/fcctp.usmp.edu.pe\/noticias\/sostenibilidad\/lo-importante-de-sentirse-bien-en-el-trabajo-mientras-construimos-nuestra-marca-personal\/\" aria-label=\"More on Lo importante de sentirse bien en el trabajo mientras construimos nuestra marca personal\">Read more<\/a><\/p>\n","protected":false},"author":2,"featured_media":8811,"comment_status":"closed","ping_status":"closed","sticky":false,"template":"","format":"standard","meta":{"footnotes":""},"categories":[33],"tags":[47,46],"class_list":["post-8810","post","type-post","status-publish","format-standard","has-post-thumbnail","hentry","category-sostenibilidad","tag-home-fcctp","tag-lo-mas-destacado"],"yoast_head":"<!-- This site is optimized with the Yoast SEO plugin v28.3 - https:\/\/yoast.com\/product\/yoast-seo-wordpress\/ -->\n<title>Lo importante de sentirse bien en el trabajo mientras construimos nuestra marca personal - Noticias<\/title>\n<meta name=\"robots\" content=\"index, follow, max-snippet:-1, max-image-preview:large, max-video-preview:-1\" \/>\n<link rel=\"canonical\" href=\"https:\/\/fcctp.usmp.edu.pe\/noticias\/sostenibilidad\/lo-importante-de-sentirse-bien-en-el-trabajo-mientras-construimos-nuestra-marca-personal\/\" \/>\n<meta property=\"og:locale\" content=\"es_ES\" \/>\n<meta property=\"og:type\" content=\"article\" \/>\n<meta property=\"og:title\" content=\"Lo importante de sentirse bien en el trabajo mientras construimos nuestra marca personal - Noticias\" \/>\n<meta property=\"og:description\" content=\"Por: Dra. Nieves Altamirano Peceros Servicio Psicol\u00f3gico de la FCCTP La salud y el equilibrio son dos bienes preciados en la actualidad. Despu\u00e9s del COVID-19, nuestras expectativas, emociones y percepciones cambiaron. Hoy valoramos m\u00e1s nuestra salud emocional. De hecho, cuando elegimos trabajar en alg\u00fan lugar, lo primero que pensamos es si encontraremos paz, armon\u00eda y ... Read more\" \/>\n<meta property=\"og:url\" content=\"https:\/\/fcctp.usmp.edu.pe\/noticias\/sostenibilidad\/lo-importante-de-sentirse-bien-en-el-trabajo-mientras-construimos-nuestra-marca-personal\/\" \/>\n<meta property=\"og:site_name\" content=\"Noticias\" \/>\n<meta property=\"article:publisher\" content=\"https:\/\/www.facebook.com\/fcctp\" \/>\n<meta property=\"article:published_time\" content=\"2022-10-27T14:50:04+00:00\" \/>\n<meta property=\"og:image\" content=\"https:\/\/fcctp.usmp.edu.pe\/noticias\/wp-content\/uploads\/2022\/10\/PHOTO-2022-10-27-09-28-31.jpg\" \/>\n\t<meta property=\"og:image:width\" content=\"720\" \/>\n\t<meta property=\"og:image:height\" content=\"450\" \/>\n\t<meta property=\"og:image:type\" content=\"image\/jpeg\" \/>\n<meta name=\"author\" content=\"Omar Huaman\" \/>\n<meta name=\"twitter:card\" content=\"summary_large_image\" \/>\n<meta name=\"twitter:creator\" content=\"@fcctp_usmp\" \/>\n<meta name=\"twitter:site\" content=\"@fcctp_usmp\" \/>\n<meta name=\"twitter:label1\" content=\"Written by\" \/>\n\t<meta name=\"twitter:data1\" content=\"Omar Huaman\" \/>\n\t<meta name=\"twitter:label2\" content=\"Est. reading time\" \/>\n\t<meta name=\"twitter:data2\" content=\"4 minutos\" \/>\n<script type=\"application\/ld+json\" class=\"yoast-schema-graph\">{\"@context\":\"https:\\\/\\\/schema.org\",\"@graph\":[{\"@type\":\"Article\",\"@id\":\"https:\\\/\\\/fcctp.usmp.edu.pe\\\/noticias\\\/sostenibilidad\\\/lo-importante-de-sentirse-bien-en-el-trabajo-mientras-construimos-nuestra-marca-personal\\\/#article\",\"isPartOf\":{\"@id\":\"https:\\\/\\\/fcctp.usmp.edu.pe\\\/noticias\\\/sostenibilidad\\\/lo-importante-de-sentirse-bien-en-el-trabajo-mientras-construimos-nuestra-marca-personal\\\/\"},\"author\":{\"name\":\"Omar Huaman\",\"@id\":\"https:\\\/\\\/fcctp.usmp.edu.pe\\\/noticias\\\/#\\\/schema\\\/person\\\/4fdff53bd44bf6f645fe381e079e1252\"},\"headline\":\"Lo importante de sentirse bien en el trabajo mientras construimos nuestra marca personal\",\"datePublished\":\"2022-10-27T14:50:04+00:00\",\"mainEntityOfPage\":{\"@id\":\"https:\\\/\\\/fcctp.usmp.edu.pe\\\/noticias\\\/sostenibilidad\\\/lo-importante-de-sentirse-bien-en-el-trabajo-mientras-construimos-nuestra-marca-personal\\\/\"},\"wordCount\":748,\"publisher\":{\"@id\":\"https:\\\/\\\/fcctp.usmp.edu.pe\\\/noticias\\\/#organization\"},\"image\":{\"@id\":\"https:\\\/\\\/fcctp.usmp.edu.pe\\\/noticias\\\/sostenibilidad\\\/lo-importante-de-sentirse-bien-en-el-trabajo-mientras-construimos-nuestra-marca-personal\\\/#primaryimage\"},\"thumbnailUrl\":\"https:\\\/\\\/fcctp.usmp.edu.pe\\\/noticias\\\/wp-content\\\/uploads\\\/2022\\\/10\\\/PHOTO-2022-10-27-09-28-31.jpg\",\"keywords\":[\"Home FCCTP\",\"Lo mas destacado\"],\"articleSection\":[\"Sostenibilidad\"],\"inLanguage\":\"es-PE\"},{\"@type\":\"WebPage\",\"@id\":\"https:\\\/\\\/fcctp.usmp.edu.pe\\\/noticias\\\/sostenibilidad\\\/lo-importante-de-sentirse-bien-en-el-trabajo-mientras-construimos-nuestra-marca-personal\\\/\",\"url\":\"https:\\\/\\\/fcctp.usmp.edu.pe\\\/noticias\\\/sostenibilidad\\\/lo-importante-de-sentirse-bien-en-el-trabajo-mientras-construimos-nuestra-marca-personal\\\/\",\"name\":\"Lo importante de sentirse bien en el trabajo mientras construimos nuestra marca personal - Noticias\",\"isPartOf\":{\"@id\":\"https:\\\/\\\/fcctp.usmp.edu.pe\\\/noticias\\\/#website\"},\"primaryImageOfPage\":{\"@id\":\"https:\\\/\\\/fcctp.usmp.edu.pe\\\/noticias\\\/sostenibilidad\\\/lo-importante-de-sentirse-bien-en-el-trabajo-mientras-construimos-nuestra-marca-personal\\\/#primaryimage\"},\"image\":{\"@id\":\"https:\\\/\\\/fcctp.usmp.edu.pe\\\/noticias\\\/sostenibilidad\\\/lo-importante-de-sentirse-bien-en-el-trabajo-mientras-construimos-nuestra-marca-personal\\\/#primaryimage\"},\"thumbnailUrl\":\"https:\\\/\\\/fcctp.usmp.edu.pe\\\/noticias\\\/wp-content\\\/uploads\\\/2022\\\/10\\\/PHOTO-2022-10-27-09-28-31.jpg\",\"datePublished\":\"2022-10-27T14:50:04+00:00\",\"breadcrumb\":{\"@id\":\"https:\\\/\\\/fcctp.usmp.edu.pe\\\/noticias\\\/sostenibilidad\\\/lo-importante-de-sentirse-bien-en-el-trabajo-mientras-construimos-nuestra-marca-personal\\\/#breadcrumb\"},\"inLanguage\":\"es-PE\",\"potentialAction\":[{\"@type\":\"ReadAction\",\"target\":[\"https:\\\/\\\/fcctp.usmp.edu.pe\\\/noticias\\\/sostenibilidad\\\/lo-importante-de-sentirse-bien-en-el-trabajo-mientras-construimos-nuestra-marca-personal\\\/\"]}]},{\"@type\":\"ImageObject\",\"inLanguage\":\"es-PE\",\"@id\":\"https:\\\/\\\/fcctp.usmp.edu.pe\\\/noticias\\\/sostenibilidad\\\/lo-importante-de-sentirse-bien-en-el-trabajo-mientras-construimos-nuestra-marca-personal\\\/#primaryimage\",\"url\":\"https:\\\/\\\/fcctp.usmp.edu.pe\\\/noticias\\\/wp-content\\\/uploads\\\/2022\\\/10\\\/PHOTO-2022-10-27-09-28-31.jpg\",\"contentUrl\":\"https:\\\/\\\/fcctp.usmp.edu.pe\\\/noticias\\\/wp-content\\\/uploads\\\/2022\\\/10\\\/PHOTO-2022-10-27-09-28-31.jpg\",\"width\":720,\"height\":450},{\"@type\":\"BreadcrumbList\",\"@id\":\"https:\\\/\\\/fcctp.usmp.edu.pe\\\/noticias\\\/sostenibilidad\\\/lo-importante-de-sentirse-bien-en-el-trabajo-mientras-construimos-nuestra-marca-personal\\\/#breadcrumb\",\"itemListElement\":[{\"@type\":\"ListItem\",\"position\":1,\"name\":\"Portada\",\"item\":\"https:\\\/\\\/fcctp.usmp.edu.pe\\\/noticias\\\/\"},{\"@type\":\"ListItem\",\"position\":2,\"name\":\"Lo importante de sentirse bien en el trabajo mientras construimos nuestra marca personal\"}]},{\"@type\":\"WebSite\",\"@id\":\"https:\\\/\\\/fcctp.usmp.edu.pe\\\/noticias\\\/#website\",\"url\":\"https:\\\/\\\/fcctp.usmp.edu.pe\\\/noticias\\\/\",\"name\":\"Noticias FCCTP\",\"description\":\"Facultad de Ciencias de la Comunicaci\u00f3n, Turismo y Psicolog\u00eda\",\"publisher\":{\"@id\":\"https:\\\/\\\/fcctp.usmp.edu.pe\\\/noticias\\\/#organization\"},\"potentialAction\":[{\"@type\":\"SearchAction\",\"target\":{\"@type\":\"EntryPoint\",\"urlTemplate\":\"https:\\\/\\\/fcctp.usmp.edu.pe\\\/noticias\\\/?s={search_term_string}\"},\"query-input\":{\"@type\":\"PropertyValueSpecification\",\"valueRequired\":true,\"valueName\":\"search_term_string\"}}],\"inLanguage\":\"es-PE\"},{\"@type\":\"Organization\",\"@id\":\"https:\\\/\\\/fcctp.usmp.edu.pe\\\/noticias\\\/#organization\",\"name\":\"Facultad de Ciencias de la Comunicaci\u00f3n, Turismo y Psicolog\u00eda\",\"url\":\"https:\\\/\\\/fcctp.usmp.edu.pe\\\/noticias\\\/\",\"logo\":{\"@type\":\"ImageObject\",\"inLanguage\":\"es-PE\",\"@id\":\"https:\\\/\\\/fcctp.usmp.edu.pe\\\/noticias\\\/#\\\/schema\\\/logo\\\/image\\\/\",\"url\":\"https:\\\/\\\/fcctp.usmp.edu.pe\\\/noticias\\\/wp-content\\\/uploads\\\/2022\\\/03\\\/logoFCCTP_60.svg\",\"contentUrl\":\"https:\\\/\\\/fcctp.usmp.edu.pe\\\/noticias\\\/wp-content\\\/uploads\\\/2022\\\/03\\\/logoFCCTP_60.svg\",\"width\":347,\"height\":66,\"caption\":\"Facultad de Ciencias de la Comunicaci\u00f3n, Turismo y Psicolog\u00eda\"},\"image\":{\"@id\":\"https:\\\/\\\/fcctp.usmp.edu.pe\\\/noticias\\\/#\\\/schema\\\/logo\\\/image\\\/\"},\"sameAs\":[\"https:\\\/\\\/www.facebook.com\\\/fcctp\",\"https:\\\/\\\/x.com\\\/fcctp_usmp\",\"https:\\\/\\\/www.instagram.com\\\/fcctp_usmp\\\/\"]},{\"@type\":\"Person\",\"@id\":\"https:\\\/\\\/fcctp.usmp.edu.pe\\\/noticias\\\/#\\\/schema\\\/person\\\/4fdff53bd44bf6f645fe381e079e1252\",\"name\":\"Omar Huaman\",\"image\":{\"@type\":\"ImageObject\",\"inLanguage\":\"es-PE\",\"@id\":\"https:\\\/\\\/secure.gravatar.com\\\/avatar\\\/1ec290616e6e3dc043e286f62b87c0f992c4889ead141b3e3dfc70d018a983e0?s=96&d=mm&r=g\",\"url\":\"https:\\\/\\\/secure.gravatar.com\\\/avatar\\\/1ec290616e6e3dc043e286f62b87c0f992c4889ead141b3e3dfc70d018a983e0?s=96&d=mm&r=g\",\"contentUrl\":\"https:\\\/\\\/secure.gravatar.com\\\/avatar\\\/1ec290616e6e3dc043e286f62b87c0f992c4889ead141b3e3dfc70d018a983e0?s=96&d=mm&r=g\",\"caption\":\"Omar Huaman\"},\"url\":\"https:\\\/\\\/fcctp.usmp.edu.pe\\\/noticias\\\/author\\\/notieditor\\\/\"}]}<\/script>\n<!-- \/ Yoast SEO plugin. -->","yoast_head_json":{"title":"Lo importante de sentirse bien en el trabajo mientras construimos nuestra marca personal - Noticias","robots":{"index":"index","follow":"follow","max-snippet":"max-snippet:-1","max-image-preview":"max-image-preview:large","max-video-preview":"max-video-preview:-1"},"canonical":"https:\/\/fcctp.usmp.edu.pe\/noticias\/sostenibilidad\/lo-importante-de-sentirse-bien-en-el-trabajo-mientras-construimos-nuestra-marca-personal\/","og_locale":"es_ES","og_type":"article","og_title":"Lo importante de sentirse bien en el trabajo mientras construimos nuestra marca personal - Noticias","og_description":"Por: Dra. Nieves Altamirano Peceros Servicio Psicol\u00f3gico de la FCCTP La salud y el equilibrio son dos bienes preciados en la actualidad. Despu\u00e9s del COVID-19, nuestras expectativas, emociones y percepciones cambiaron. Hoy valoramos m\u00e1s nuestra salud emocional. De hecho, cuando elegimos trabajar en alg\u00fan lugar, lo primero que pensamos es si encontraremos paz, armon\u00eda y ... Read more","og_url":"https:\/\/fcctp.usmp.edu.pe\/noticias\/sostenibilidad\/lo-importante-de-sentirse-bien-en-el-trabajo-mientras-construimos-nuestra-marca-personal\/","og_site_name":"Noticias","article_publisher":"https:\/\/www.facebook.com\/fcctp","article_published_time":"2022-10-27T14:50:04+00:00","og_image":[{"width":720,"height":450,"url":"https:\/\/fcctp.usmp.edu.pe\/noticias\/wp-content\/uploads\/2022\/10\/PHOTO-2022-10-27-09-28-31.jpg","type":"image\/jpeg"}],"author":"Omar Huaman","twitter_card":"summary_large_image","twitter_creator":"@fcctp_usmp","twitter_site":"@fcctp_usmp","twitter_misc":{"Written by":"Omar Huaman","Est. reading time":"4 minutos"},"schema":{"@context":"https:\/\/schema.org","@graph":[{"@type":"Article","@id":"https:\/\/fcctp.usmp.edu.pe\/noticias\/sostenibilidad\/lo-importante-de-sentirse-bien-en-el-trabajo-mientras-construimos-nuestra-marca-personal\/#article","isPartOf":{"@id":"https:\/\/fcctp.usmp.edu.pe\/noticias\/sostenibilidad\/lo-importante-de-sentirse-bien-en-el-trabajo-mientras-construimos-nuestra-marca-personal\/"},"author":{"name":"Omar Huaman","@id":"https:\/\/fcctp.usmp.edu.pe\/noticias\/#\/schema\/person\/4fdff53bd44bf6f645fe381e079e1252"},"headline":"Lo importante de sentirse bien en el trabajo mientras construimos nuestra marca personal","datePublished":"2022-10-27T14:50:04+00:00","mainEntityOfPage":{"@id":"https:\/\/fcctp.usmp.edu.pe\/noticias\/sostenibilidad\/lo-importante-de-sentirse-bien-en-el-trabajo-mientras-construimos-nuestra-marca-personal\/"},"wordCount":748,"publisher":{"@id":"https:\/\/fcctp.usmp.edu.pe\/noticias\/#organization"},"image":{"@id":"https:\/\/fcctp.usmp.edu.pe\/noticias\/sostenibilidad\/lo-importante-de-sentirse-bien-en-el-trabajo-mientras-construimos-nuestra-marca-personal\/#primaryimage"},"thumbnailUrl":"https:\/\/fcctp.usmp.edu.pe\/noticias\/wp-content\/uploads\/2022\/10\/PHOTO-2022-10-27-09-28-31.jpg","keywords":["Home FCCTP","Lo mas destacado"],"articleSection":["Sostenibilidad"],"inLanguage":"es-PE"},{"@type":"WebPage","@id":"https:\/\/fcctp.usmp.edu.pe\/noticias\/sostenibilidad\/lo-importante-de-sentirse-bien-en-el-trabajo-mientras-construimos-nuestra-marca-personal\/","url":"https:\/\/fcctp.usmp.edu.pe\/noticias\/sostenibilidad\/lo-importante-de-sentirse-bien-en-el-trabajo-mientras-construimos-nuestra-marca-personal\/","name":"Lo importante de sentirse bien en el trabajo mientras construimos nuestra marca personal - Noticias","isPartOf":{"@id":"https:\/\/fcctp.usmp.edu.pe\/noticias\/#website"},"primaryImageOfPage":{"@id":"https:\/\/fcctp.usmp.edu.pe\/noticias\/sostenibilidad\/lo-importante-de-sentirse-bien-en-el-trabajo-mientras-construimos-nuestra-marca-personal\/#primaryimage"},"image":{"@id":"https:\/\/fcctp.usmp.edu.pe\/noticias\/sostenibilidad\/lo-importante-de-sentirse-bien-en-el-trabajo-mientras-construimos-nuestra-marca-personal\/#primaryimage"},"thumbnailUrl":"https:\/\/fcctp.usmp.edu.pe\/noticias\/wp-content\/uploads\/2022\/10\/PHOTO-2022-10-27-09-28-31.jpg","datePublished":"2022-10-27T14:50:04+00:00","breadcrumb":{"@id":"https:\/\/fcctp.usmp.edu.pe\/noticias\/sostenibilidad\/lo-importante-de-sentirse-bien-en-el-trabajo-mientras-construimos-nuestra-marca-personal\/#breadcrumb"},"inLanguage":"es-PE","potentialAction":[{"@type":"ReadAction","target":["https:\/\/fcctp.usmp.edu.pe\/noticias\/sostenibilidad\/lo-importante-de-sentirse-bien-en-el-trabajo-mientras-construimos-nuestra-marca-personal\/"]}]},{"@type":"ImageObject","inLanguage":"es-PE","@id":"https:\/\/fcctp.usmp.edu.pe\/noticias\/sostenibilidad\/lo-importante-de-sentirse-bien-en-el-trabajo-mientras-construimos-nuestra-marca-personal\/#primaryimage","url":"https:\/\/fcctp.usmp.edu.pe\/noticias\/wp-content\/uploads\/2022\/10\/PHOTO-2022-10-27-09-28-31.jpg","contentUrl":"https:\/\/fcctp.usmp.edu.pe\/noticias\/wp-content\/uploads\/2022\/10\/PHOTO-2022-10-27-09-28-31.jpg","width":720,"height":450},{"@type":"BreadcrumbList","@id":"https:\/\/fcctp.usmp.edu.pe\/noticias\/sostenibilidad\/lo-importante-de-sentirse-bien-en-el-trabajo-mientras-construimos-nuestra-marca-personal\/#breadcrumb","itemListElement":[{"@type":"ListItem","position":1,"name":"Portada","item":"https:\/\/fcctp.usmp.edu.pe\/noticias\/"},{"@type":"ListItem","position":2,"name":"Lo importante de sentirse bien en el trabajo mientras construimos nuestra marca personal"}]},{"@type":"WebSite","@id":"https:\/\/fcctp.usmp.edu.pe\/noticias\/#website","url":"https:\/\/fcctp.usmp.edu.pe\/noticias\/","name":"Noticias FCCTP","description":"Facultad de Ciencias de la Comunicaci\u00f3n, Turismo y Psicolog\u00eda","publisher":{"@id":"https:\/\/fcctp.usmp.edu.pe\/noticias\/#organization"},"potentialAction":[{"@type":"SearchAction","target":{"@type":"EntryPoint","urlTemplate":"https:\/\/fcctp.usmp.edu.pe\/noticias\/?s={search_term_string}"},"query-input":{"@type":"PropertyValueSpecification","valueRequired":true,"valueName":"search_term_string"}}],"inLanguage":"es-PE"},{"@type":"Organization","@id":"https:\/\/fcctp.usmp.edu.pe\/noticias\/#organization","name":"Facultad de Ciencias de la Comunicaci\u00f3n, Turismo y Psicolog\u00eda","url":"https:\/\/fcctp.usmp.edu.pe\/noticias\/","logo":{"@type":"ImageObject","inLanguage":"es-PE","@id":"https:\/\/fcctp.usmp.edu.pe\/noticias\/#\/schema\/logo\/image\/","url":"https:\/\/fcctp.usmp.edu.pe\/noticias\/wp-content\/uploads\/2022\/03\/logoFCCTP_60.svg","contentUrl":"https:\/\/fcctp.usmp.edu.pe\/noticias\/wp-content\/uploads\/2022\/03\/logoFCCTP_60.svg","width":347,"height":66,"caption":"Facultad de Ciencias de la Comunicaci\u00f3n, Turismo y Psicolog\u00eda"},"image":{"@id":"https:\/\/fcctp.usmp.edu.pe\/noticias\/#\/schema\/logo\/image\/"},"sameAs":["https:\/\/www.facebook.com\/fcctp","https:\/\/x.com\/fcctp_usmp","https:\/\/www.instagram.com\/fcctp_usmp\/"]},{"@type":"Person","@id":"https:\/\/fcctp.usmp.edu.pe\/noticias\/#\/schema\/person\/4fdff53bd44bf6f645fe381e079e1252","name":"Omar Huaman","image":{"@type":"ImageObject","inLanguage":"es-PE","@id":"https:\/\/secure.gravatar.com\/avatar\/1ec290616e6e3dc043e286f62b87c0f992c4889ead141b3e3dfc70d018a983e0?s=96&d=mm&r=g","url":"https:\/\/secure.gravatar.com\/avatar\/1ec290616e6e3dc043e286f62b87c0f992c4889ead141b3e3dfc70d018a983e0?s=96&d=mm&r=g","contentUrl":"https:\/\/secure.gravatar.com\/avatar\/1ec290616e6e3dc043e286f62b87c0f992c4889ead141b3e3dfc70d018a983e0?s=96&d=mm&r=g","caption":"Omar Huaman"},"url":"https:\/\/fcctp.usmp.edu.pe\/noticias\/author\/notieditor\/"}]}},"_links":{"self":[{"href":"https:\/\/fcctp.usmp.edu.pe\/noticias\/wp-json\/wp\/v2\/posts\/8810","targetHints":{"allow":["GET"]}}],"collection":[{"href":"https:\/\/fcctp.usmp.edu.pe\/noticias\/wp-json\/wp\/v2\/posts"}],"about":[{"href":"https:\/\/fcctp.usmp.edu.pe\/noticias\/wp-json\/wp\/v2\/types\/post"}],"author":[{"embeddable":true,"href":"https:\/\/fcctp.usmp.edu.pe\/noticias\/wp-json\/wp\/v2\/users\/2"}],"replies":[{"embeddable":true,"href":"https:\/\/fcctp.usmp.edu.pe\/noticias\/wp-json\/wp\/v2\/comments?post=8810"}],"version-history":[{"count":1,"href":"https:\/\/fcctp.usmp.edu.pe\/noticias\/wp-json\/wp\/v2\/posts\/8810\/revisions"}],"predecessor-version":[{"id":8812,"href":"https:\/\/fcctp.usmp.edu.pe\/noticias\/wp-json\/wp\/v2\/posts\/8810\/revisions\/8812"}],"wp:featuredmedia":[{"embeddable":true,"href":"https:\/\/fcctp.usmp.edu.pe\/noticias\/wp-json\/wp\/v2\/media\/8811"}],"wp:attachment":[{"href":"https:\/\/fcctp.usmp.edu.pe\/noticias\/wp-json\/wp\/v2\/media?parent=8810"}],"wp:term":[{"taxonomy":"category","embeddable":true,"href":"https:\/\/fcctp.usmp.edu.pe\/noticias\/wp-json\/wp\/v2\/categories?post=8810"},{"taxonomy":"post_tag","embeddable":true,"href":"https:\/\/fcctp.usmp.edu.pe\/noticias\/wp-json\/wp\/v2\/tags?post=8810"}],"curies":[{"name":"wp","href":"https:\/\/api.w.org\/{rel}","templated":true}]}}