{"id":8715,"date":"2022-09-26T19:38:47","date_gmt":"2022-09-26T19:38:47","guid":{"rendered":"https:\/\/fcctp.usmp.edu.pe\/noticias\/?p=8715"},"modified":"2022-09-26T19:38:47","modified_gmt":"2022-09-26T19:38:47","slug":"optimiza-tus-conocimientos-en-el-taller-formacion-de-competencias-para-la-gestion-de-la-informacion","status":"publish","type":"post","link":"https:\/\/fcctp.usmp.edu.pe\/noticias\/actividades-destacadas\/optimiza-tus-conocimientos-en-el-taller-formacion-de-competencias-para-la-gestion-de-la-informacion\/","title":{"rendered":"Optimiza tus conocimientos en el taller Formaci\u00f3n de Competencias para la Gesti\u00f3n de la Informaci\u00f3n"},"content":{"rendered":"<p style=\"text-align: justify;\">Si buscas desarrollar tus habilidades en la investigaci\u00f3n para realizar trabajos con altos est\u00e1ndares de calidad, la Biblioteca de la FCCTP USMP te invita a formar parte del taller \u201cFormaci\u00f3n de Competencias para la Gesti\u00f3n de la Informaci\u00f3n\u201d.<\/p>\n<p style=\"text-align: justify;\">Este ciclo de actividades gratuitas se desarrollar\u00e1 en cuatro m\u00f3dulos:<\/p>\n<p style=\"text-align: justify;\"><strong>\u2022 Martes 4 de octubre<\/strong><br \/>\n<strong>Primera sesi\u00f3n: Introducci\u00f3n a la gesti\u00f3n de informaci\u00f3n<\/strong><\/p>\n<p style=\"text-align: justify;\">En esta sesi\u00f3n, aprender\u00e1s a identificar tus necesidades de informaci\u00f3n, reconocer los criterios de calidad de fuentes confiables y, sobre todo, planificar tus b\u00fasquedas para recuperar informaci\u00f3n de forma efectiva.<\/p>\n<p style=\"text-align: justify;\"><strong>\u2022 Martes 11 de octubre<\/strong><br \/>\n<strong>Segunda sesi\u00f3n: Recuperaci\u00f3n de informaci\u00f3n para trabajos de alto impacto<\/strong><\/p>\n<p style=\"text-align: justify;\">Aqu\u00ed aprender\u00e1s a realizar estrategias de b\u00fasqueda (especializadas, avanzadas y automatizadas) en bases de datos como Ebsco y Scopus. Adem\u00e1s, reconocer\u00e1s plataformas como E-libro Proquest Central, eLibrary OMT, ScienceDirect, ClinicalKey, repositorios y otros recursos bibliogr\u00e1ficos.<\/p>\n<p style=\"text-align: justify;\"><strong>\u2022 Martes 18 de octubre<\/strong><br \/>\n<strong>Tercera sesi\u00f3n: Organizaci\u00f3n de la informaci\u00f3n y normas de estilo<\/strong><\/p>\n<p style=\"text-align: justify;\">Obtendr\u00e1s alcances b\u00e1sicos sobre las normas APA 7 e identificar\u00e1s los principales tipos de citas y referencias. Adem\u00e1s, optimizar\u00e1s tus conocimientos en gestores bibliogr\u00e1ficos como Mendeley, as\u00ed como aspectos relacionados a la importaci\u00f3n de datos y organizaci\u00f3n de la informaci\u00f3n.<\/p>\n<p style=\"text-align: justify;\"><strong>\u2022 Martes 25 de octubre<\/strong><br \/>\n<strong>Cuarta sesi\u00f3n: Integridad acad\u00e9mica y prevenci\u00f3n del plagio<\/strong><\/p>\n<p style=\"text-align: justify;\">A lo largo de este m\u00f3dulo, identificar\u00e1s el rol de Turnitin y su relaci\u00f3n con la integridad acad\u00e9mica, reportes de similitud e interpretaci\u00f3n de resultados para la autoevaluaci\u00f3n y prevenci\u00f3n del plagio.<\/p>\n<p style=\"text-align: justify;\">Es importante se\u00f1alar que, si asistes a una o m\u00e1s sesiones, recibir\u00e1s una constancia de participaci\u00f3n. Por otro lado, si formas parte de las cuatro sesiones, obtendr\u00e1s un certificado firmado por la decana de la Facultad. En caso no puedas conectarte a los talleres en el horario establecido, puedes contactarte al correo bibliotecafcctp@usmp.pe<\/p>\n<p style=\"text-align: justify;\">*Inscr\u00edbete a trav\u00e9s del siguiente link: <a href=\"https:\/\/cutt.ly\/tallerbiblioteca\">https:\/\/cutt.ly\/tallerbiblioteca<\/a><br \/>\n*Revisa nuestro brochure informativo: <a href=\"https:\/\/cutt.ly\/BrochureBibliotecaFCCTP\">https:\/\/cutt.ly\/BrochureBibliotecaFCCTP<\/a><\/p>\n","protected":false},"excerpt":{"rendered":"<p>Si buscas desarrollar tus habilidades en la investigaci\u00f3n para realizar trabajos con altos est\u00e1ndares de calidad, la Biblioteca de la FCCTP USMP te invita a formar parte del taller \u201cFormaci\u00f3n de Competencias para la Gesti\u00f3n de la Informaci\u00f3n\u201d. Este ciclo de actividades gratuitas se desarrollar\u00e1 en cuatro m\u00f3dulos: \u2022 Martes 4 de octubre Primera sesi\u00f3n: &#8230; <a title=\"Optimiza tus conocimientos en el taller Formaci\u00f3n de Competencias para la Gesti\u00f3n de la Informaci\u00f3n\" class=\"read-more\" href=\"https:\/\/fcctp.usmp.edu.pe\/noticias\/actividades-destacadas\/optimiza-tus-conocimientos-en-el-taller-formacion-de-competencias-para-la-gestion-de-la-informacion\/\" aria-label=\"More on Optimiza tus conocimientos en el taller Formaci\u00f3n de Competencias para la Gesti\u00f3n de la Informaci\u00f3n\">Read more<\/a><\/p>\n","protected":false},"author":2,"featured_media":8716,"comment_status":"closed","ping_status":"closed","sticky":false,"template":"","format":"standard","meta":{"footnotes":""},"categories":[31],"tags":[47,46],"class_list":["post-8715","post","type-post","status-publish","format-standard","has-post-thumbnail","hentry","category-actividades-destacadas","tag-home-fcctp","tag-lo-mas-destacado"],"yoast_head":"<!-- This site is optimized with the Yoast SEO plugin v28.3 - https:\/\/yoast.com\/product\/yoast-seo-wordpress\/ -->\n<title>Optimiza tus conocimientos en el taller Formaci\u00f3n de Competencias para la Gesti\u00f3n de la Informaci\u00f3n - Noticias<\/title>\n<meta name=\"robots\" content=\"index, follow, max-snippet:-1, max-image-preview:large, max-video-preview:-1\" \/>\n<link rel=\"canonical\" href=\"https:\/\/fcctp.usmp.edu.pe\/noticias\/actividades-destacadas\/optimiza-tus-conocimientos-en-el-taller-formacion-de-competencias-para-la-gestion-de-la-informacion\/\" \/>\n<meta property=\"og:locale\" content=\"es_ES\" \/>\n<meta property=\"og:type\" content=\"article\" \/>\n<meta property=\"og:title\" content=\"Optimiza tus conocimientos en el taller Formaci\u00f3n de Competencias para la Gesti\u00f3n de la Informaci\u00f3n - Noticias\" \/>\n<meta property=\"og:description\" content=\"Si buscas desarrollar tus habilidades en la investigaci\u00f3n para realizar trabajos con altos est\u00e1ndares de calidad, la Biblioteca de la FCCTP USMP te invita a formar parte del taller \u201cFormaci\u00f3n de Competencias para la Gesti\u00f3n de la Informaci\u00f3n\u201d. Este ciclo de actividades gratuitas se desarrollar\u00e1 en cuatro m\u00f3dulos: \u2022 Martes 4 de octubre Primera sesi\u00f3n: ... Read more\" \/>\n<meta property=\"og:url\" content=\"https:\/\/fcctp.usmp.edu.pe\/noticias\/actividades-destacadas\/optimiza-tus-conocimientos-en-el-taller-formacion-de-competencias-para-la-gestion-de-la-informacion\/\" \/>\n<meta property=\"og:site_name\" content=\"Noticias\" \/>\n<meta property=\"article:publisher\" content=\"https:\/\/www.facebook.com\/fcctp\" \/>\n<meta property=\"article:published_time\" content=\"2022-09-26T19:38:47+00:00\" \/>\n<meta property=\"og:image\" content=\"https:\/\/fcctp.usmp.edu.pe\/noticias\/wp-content\/uploads\/2022\/09\/Cabecera1.jpg\" \/>\n\t<meta property=\"og:image:width\" content=\"720\" \/>\n\t<meta property=\"og:image:height\" content=\"450\" \/>\n\t<meta property=\"og:image:type\" content=\"image\/jpeg\" \/>\n<meta name=\"author\" content=\"Omar Huaman\" \/>\n<meta name=\"twitter:card\" content=\"summary_large_image\" \/>\n<meta name=\"twitter:creator\" content=\"@fcctp_usmp\" \/>\n<meta name=\"twitter:site\" content=\"@fcctp_usmp\" \/>\n<meta name=\"twitter:label1\" content=\"Written by\" \/>\n\t<meta name=\"twitter:data1\" content=\"Omar Huaman\" \/>\n\t<meta name=\"twitter:label2\" content=\"Est. reading time\" \/>\n\t<meta name=\"twitter:data2\" content=\"2 minutos\" \/>\n<script type=\"application\/ld+json\" class=\"yoast-schema-graph\">{\"@context\":\"https:\\\/\\\/schema.org\",\"@graph\":[{\"@type\":\"Article\",\"@id\":\"https:\\\/\\\/fcctp.usmp.edu.pe\\\/noticias\\\/actividades-destacadas\\\/optimiza-tus-conocimientos-en-el-taller-formacion-de-competencias-para-la-gestion-de-la-informacion\\\/#article\",\"isPartOf\":{\"@id\":\"https:\\\/\\\/fcctp.usmp.edu.pe\\\/noticias\\\/actividades-destacadas\\\/optimiza-tus-conocimientos-en-el-taller-formacion-de-competencias-para-la-gestion-de-la-informacion\\\/\"},\"author\":{\"name\":\"Omar Huaman\",\"@id\":\"https:\\\/\\\/fcctp.usmp.edu.pe\\\/noticias\\\/#\\\/schema\\\/person\\\/4fdff53bd44bf6f645fe381e079e1252\"},\"headline\":\"Optimiza tus conocimientos en el taller Formaci\u00f3n de Competencias para la Gesti\u00f3n de la Informaci\u00f3n\",\"datePublished\":\"2022-09-26T19:38:47+00:00\",\"mainEntityOfPage\":{\"@id\":\"https:\\\/\\\/fcctp.usmp.edu.pe\\\/noticias\\\/actividades-destacadas\\\/optimiza-tus-conocimientos-en-el-taller-formacion-de-competencias-para-la-gestion-de-la-informacion\\\/\"},\"wordCount\":375,\"publisher\":{\"@id\":\"https:\\\/\\\/fcctp.usmp.edu.pe\\\/noticias\\\/#organization\"},\"image\":{\"@id\":\"https:\\\/\\\/fcctp.usmp.edu.pe\\\/noticias\\\/actividades-destacadas\\\/optimiza-tus-conocimientos-en-el-taller-formacion-de-competencias-para-la-gestion-de-la-informacion\\\/#primaryimage\"},\"thumbnailUrl\":\"https:\\\/\\\/fcctp.usmp.edu.pe\\\/noticias\\\/wp-content\\\/uploads\\\/2022\\\/09\\\/Cabecera1.jpg\",\"keywords\":[\"Home FCCTP\",\"Lo mas destacado\"],\"articleSection\":[\"Actividades destacadas\"],\"inLanguage\":\"es-PE\"},{\"@type\":\"WebPage\",\"@id\":\"https:\\\/\\\/fcctp.usmp.edu.pe\\\/noticias\\\/actividades-destacadas\\\/optimiza-tus-conocimientos-en-el-taller-formacion-de-competencias-para-la-gestion-de-la-informacion\\\/\",\"url\":\"https:\\\/\\\/fcctp.usmp.edu.pe\\\/noticias\\\/actividades-destacadas\\\/optimiza-tus-conocimientos-en-el-taller-formacion-de-competencias-para-la-gestion-de-la-informacion\\\/\",\"name\":\"Optimiza tus conocimientos en el taller Formaci\u00f3n de Competencias para la Gesti\u00f3n de la Informaci\u00f3n - Noticias\",\"isPartOf\":{\"@id\":\"https:\\\/\\\/fcctp.usmp.edu.pe\\\/noticias\\\/#website\"},\"primaryImageOfPage\":{\"@id\":\"https:\\\/\\\/fcctp.usmp.edu.pe\\\/noticias\\\/actividades-destacadas\\\/optimiza-tus-conocimientos-en-el-taller-formacion-de-competencias-para-la-gestion-de-la-informacion\\\/#primaryimage\"},\"image\":{\"@id\":\"https:\\\/\\\/fcctp.usmp.edu.pe\\\/noticias\\\/actividades-destacadas\\\/optimiza-tus-conocimientos-en-el-taller-formacion-de-competencias-para-la-gestion-de-la-informacion\\\/#primaryimage\"},\"thumbnailUrl\":\"https:\\\/\\\/fcctp.usmp.edu.pe\\\/noticias\\\/wp-content\\\/uploads\\\/2022\\\/09\\\/Cabecera1.jpg\",\"datePublished\":\"2022-09-26T19:38:47+00:00\",\"breadcrumb\":{\"@id\":\"https:\\\/\\\/fcctp.usmp.edu.pe\\\/noticias\\\/actividades-destacadas\\\/optimiza-tus-conocimientos-en-el-taller-formacion-de-competencias-para-la-gestion-de-la-informacion\\\/#breadcrumb\"},\"inLanguage\":\"es-PE\",\"potentialAction\":[{\"@type\":\"ReadAction\",\"target\":[\"https:\\\/\\\/fcctp.usmp.edu.pe\\\/noticias\\\/actividades-destacadas\\\/optimiza-tus-conocimientos-en-el-taller-formacion-de-competencias-para-la-gestion-de-la-informacion\\\/\"]}]},{\"@type\":\"ImageObject\",\"inLanguage\":\"es-PE\",\"@id\":\"https:\\\/\\\/fcctp.usmp.edu.pe\\\/noticias\\\/actividades-destacadas\\\/optimiza-tus-conocimientos-en-el-taller-formacion-de-competencias-para-la-gestion-de-la-informacion\\\/#primaryimage\",\"url\":\"https:\\\/\\\/fcctp.usmp.edu.pe\\\/noticias\\\/wp-content\\\/uploads\\\/2022\\\/09\\\/Cabecera1.jpg\",\"contentUrl\":\"https:\\\/\\\/fcctp.usmp.edu.pe\\\/noticias\\\/wp-content\\\/uploads\\\/2022\\\/09\\\/Cabecera1.jpg\",\"width\":720,\"height\":450},{\"@type\":\"BreadcrumbList\",\"@id\":\"https:\\\/\\\/fcctp.usmp.edu.pe\\\/noticias\\\/actividades-destacadas\\\/optimiza-tus-conocimientos-en-el-taller-formacion-de-competencias-para-la-gestion-de-la-informacion\\\/#breadcrumb\",\"itemListElement\":[{\"@type\":\"ListItem\",\"position\":1,\"name\":\"Portada\",\"item\":\"https:\\\/\\\/fcctp.usmp.edu.pe\\\/noticias\\\/\"},{\"@type\":\"ListItem\",\"position\":2,\"name\":\"Optimiza tus conocimientos en el taller Formaci\u00f3n de Competencias para la Gesti\u00f3n de la Informaci\u00f3n\"}]},{\"@type\":\"WebSite\",\"@id\":\"https:\\\/\\\/fcctp.usmp.edu.pe\\\/noticias\\\/#website\",\"url\":\"https:\\\/\\\/fcctp.usmp.edu.pe\\\/noticias\\\/\",\"name\":\"Noticias FCCTP\",\"description\":\"Facultad de Ciencias de la Comunicaci\u00f3n, Turismo y Psicolog\u00eda\",\"publisher\":{\"@id\":\"https:\\\/\\\/fcctp.usmp.edu.pe\\\/noticias\\\/#organization\"},\"potentialAction\":[{\"@type\":\"SearchAction\",\"target\":{\"@type\":\"EntryPoint\",\"urlTemplate\":\"https:\\\/\\\/fcctp.usmp.edu.pe\\\/noticias\\\/?s={search_term_string}\"},\"query-input\":{\"@type\":\"PropertyValueSpecification\",\"valueRequired\":true,\"valueName\":\"search_term_string\"}}],\"inLanguage\":\"es-PE\"},{\"@type\":\"Organization\",\"@id\":\"https:\\\/\\\/fcctp.usmp.edu.pe\\\/noticias\\\/#organization\",\"name\":\"Facultad de Ciencias de la Comunicaci\u00f3n, Turismo y Psicolog\u00eda\",\"url\":\"https:\\\/\\\/fcctp.usmp.edu.pe\\\/noticias\\\/\",\"logo\":{\"@type\":\"ImageObject\",\"inLanguage\":\"es-PE\",\"@id\":\"https:\\\/\\\/fcctp.usmp.edu.pe\\\/noticias\\\/#\\\/schema\\\/logo\\\/image\\\/\",\"url\":\"https:\\\/\\\/fcctp.usmp.edu.pe\\\/noticias\\\/wp-content\\\/uploads\\\/2022\\\/03\\\/logoFCCTP_60.svg\",\"contentUrl\":\"https:\\\/\\\/fcctp.usmp.edu.pe\\\/noticias\\\/wp-content\\\/uploads\\\/2022\\\/03\\\/logoFCCTP_60.svg\",\"width\":347,\"height\":66,\"caption\":\"Facultad de Ciencias de la Comunicaci\u00f3n, Turismo y Psicolog\u00eda\"},\"image\":{\"@id\":\"https:\\\/\\\/fcctp.usmp.edu.pe\\\/noticias\\\/#\\\/schema\\\/logo\\\/image\\\/\"},\"sameAs\":[\"https:\\\/\\\/www.facebook.com\\\/fcctp\",\"https:\\\/\\\/x.com\\\/fcctp_usmp\",\"https:\\\/\\\/www.instagram.com\\\/fcctp_usmp\\\/\"]},{\"@type\":\"Person\",\"@id\":\"https:\\\/\\\/fcctp.usmp.edu.pe\\\/noticias\\\/#\\\/schema\\\/person\\\/4fdff53bd44bf6f645fe381e079e1252\",\"name\":\"Omar Huaman\",\"image\":{\"@type\":\"ImageObject\",\"inLanguage\":\"es-PE\",\"@id\":\"https:\\\/\\\/secure.gravatar.com\\\/avatar\\\/1ec290616e6e3dc043e286f62b87c0f992c4889ead141b3e3dfc70d018a983e0?s=96&d=mm&r=g\",\"url\":\"https:\\\/\\\/secure.gravatar.com\\\/avatar\\\/1ec290616e6e3dc043e286f62b87c0f992c4889ead141b3e3dfc70d018a983e0?s=96&d=mm&r=g\",\"contentUrl\":\"https:\\\/\\\/secure.gravatar.com\\\/avatar\\\/1ec290616e6e3dc043e286f62b87c0f992c4889ead141b3e3dfc70d018a983e0?s=96&d=mm&r=g\",\"caption\":\"Omar Huaman\"},\"url\":\"https:\\\/\\\/fcctp.usmp.edu.pe\\\/noticias\\\/author\\\/notieditor\\\/\"}]}<\/script>\n<!-- \/ Yoast SEO plugin. -->","yoast_head_json":{"title":"Optimiza tus conocimientos en el taller Formaci\u00f3n de Competencias para la Gesti\u00f3n de la Informaci\u00f3n - Noticias","robots":{"index":"index","follow":"follow","max-snippet":"max-snippet:-1","max-image-preview":"max-image-preview:large","max-video-preview":"max-video-preview:-1"},"canonical":"https:\/\/fcctp.usmp.edu.pe\/noticias\/actividades-destacadas\/optimiza-tus-conocimientos-en-el-taller-formacion-de-competencias-para-la-gestion-de-la-informacion\/","og_locale":"es_ES","og_type":"article","og_title":"Optimiza tus conocimientos en el taller Formaci\u00f3n de Competencias para la Gesti\u00f3n de la Informaci\u00f3n - Noticias","og_description":"Si buscas desarrollar tus habilidades en la investigaci\u00f3n para realizar trabajos con altos est\u00e1ndares de calidad, la Biblioteca de la FCCTP USMP te invita a formar parte del taller \u201cFormaci\u00f3n de Competencias para la Gesti\u00f3n de la Informaci\u00f3n\u201d. Este ciclo de actividades gratuitas se desarrollar\u00e1 en cuatro m\u00f3dulos: \u2022 Martes 4 de octubre Primera sesi\u00f3n: ... Read more","og_url":"https:\/\/fcctp.usmp.edu.pe\/noticias\/actividades-destacadas\/optimiza-tus-conocimientos-en-el-taller-formacion-de-competencias-para-la-gestion-de-la-informacion\/","og_site_name":"Noticias","article_publisher":"https:\/\/www.facebook.com\/fcctp","article_published_time":"2022-09-26T19:38:47+00:00","og_image":[{"width":720,"height":450,"url":"https:\/\/fcctp.usmp.edu.pe\/noticias\/wp-content\/uploads\/2022\/09\/Cabecera1.jpg","type":"image\/jpeg"}],"author":"Omar Huaman","twitter_card":"summary_large_image","twitter_creator":"@fcctp_usmp","twitter_site":"@fcctp_usmp","twitter_misc":{"Written by":"Omar Huaman","Est. reading time":"2 minutos"},"schema":{"@context":"https:\/\/schema.org","@graph":[{"@type":"Article","@id":"https:\/\/fcctp.usmp.edu.pe\/noticias\/actividades-destacadas\/optimiza-tus-conocimientos-en-el-taller-formacion-de-competencias-para-la-gestion-de-la-informacion\/#article","isPartOf":{"@id":"https:\/\/fcctp.usmp.edu.pe\/noticias\/actividades-destacadas\/optimiza-tus-conocimientos-en-el-taller-formacion-de-competencias-para-la-gestion-de-la-informacion\/"},"author":{"name":"Omar Huaman","@id":"https:\/\/fcctp.usmp.edu.pe\/noticias\/#\/schema\/person\/4fdff53bd44bf6f645fe381e079e1252"},"headline":"Optimiza tus conocimientos en el taller Formaci\u00f3n de Competencias para la Gesti\u00f3n de la Informaci\u00f3n","datePublished":"2022-09-26T19:38:47+00:00","mainEntityOfPage":{"@id":"https:\/\/fcctp.usmp.edu.pe\/noticias\/actividades-destacadas\/optimiza-tus-conocimientos-en-el-taller-formacion-de-competencias-para-la-gestion-de-la-informacion\/"},"wordCount":375,"publisher":{"@id":"https:\/\/fcctp.usmp.edu.pe\/noticias\/#organization"},"image":{"@id":"https:\/\/fcctp.usmp.edu.pe\/noticias\/actividades-destacadas\/optimiza-tus-conocimientos-en-el-taller-formacion-de-competencias-para-la-gestion-de-la-informacion\/#primaryimage"},"thumbnailUrl":"https:\/\/fcctp.usmp.edu.pe\/noticias\/wp-content\/uploads\/2022\/09\/Cabecera1.jpg","keywords":["Home FCCTP","Lo mas destacado"],"articleSection":["Actividades destacadas"],"inLanguage":"es-PE"},{"@type":"WebPage","@id":"https:\/\/fcctp.usmp.edu.pe\/noticias\/actividades-destacadas\/optimiza-tus-conocimientos-en-el-taller-formacion-de-competencias-para-la-gestion-de-la-informacion\/","url":"https:\/\/fcctp.usmp.edu.pe\/noticias\/actividades-destacadas\/optimiza-tus-conocimientos-en-el-taller-formacion-de-competencias-para-la-gestion-de-la-informacion\/","name":"Optimiza tus conocimientos en el taller Formaci\u00f3n de Competencias para la Gesti\u00f3n de la Informaci\u00f3n - Noticias","isPartOf":{"@id":"https:\/\/fcctp.usmp.edu.pe\/noticias\/#website"},"primaryImageOfPage":{"@id":"https:\/\/fcctp.usmp.edu.pe\/noticias\/actividades-destacadas\/optimiza-tus-conocimientos-en-el-taller-formacion-de-competencias-para-la-gestion-de-la-informacion\/#primaryimage"},"image":{"@id":"https:\/\/fcctp.usmp.edu.pe\/noticias\/actividades-destacadas\/optimiza-tus-conocimientos-en-el-taller-formacion-de-competencias-para-la-gestion-de-la-informacion\/#primaryimage"},"thumbnailUrl":"https:\/\/fcctp.usmp.edu.pe\/noticias\/wp-content\/uploads\/2022\/09\/Cabecera1.jpg","datePublished":"2022-09-26T19:38:47+00:00","breadcrumb":{"@id":"https:\/\/fcctp.usmp.edu.pe\/noticias\/actividades-destacadas\/optimiza-tus-conocimientos-en-el-taller-formacion-de-competencias-para-la-gestion-de-la-informacion\/#breadcrumb"},"inLanguage":"es-PE","potentialAction":[{"@type":"ReadAction","target":["https:\/\/fcctp.usmp.edu.pe\/noticias\/actividades-destacadas\/optimiza-tus-conocimientos-en-el-taller-formacion-de-competencias-para-la-gestion-de-la-informacion\/"]}]},{"@type":"ImageObject","inLanguage":"es-PE","@id":"https:\/\/fcctp.usmp.edu.pe\/noticias\/actividades-destacadas\/optimiza-tus-conocimientos-en-el-taller-formacion-de-competencias-para-la-gestion-de-la-informacion\/#primaryimage","url":"https:\/\/fcctp.usmp.edu.pe\/noticias\/wp-content\/uploads\/2022\/09\/Cabecera1.jpg","contentUrl":"https:\/\/fcctp.usmp.edu.pe\/noticias\/wp-content\/uploads\/2022\/09\/Cabecera1.jpg","width":720,"height":450},{"@type":"BreadcrumbList","@id":"https:\/\/fcctp.usmp.edu.pe\/noticias\/actividades-destacadas\/optimiza-tus-conocimientos-en-el-taller-formacion-de-competencias-para-la-gestion-de-la-informacion\/#breadcrumb","itemListElement":[{"@type":"ListItem","position":1,"name":"Portada","item":"https:\/\/fcctp.usmp.edu.pe\/noticias\/"},{"@type":"ListItem","position":2,"name":"Optimiza tus conocimientos en el taller Formaci\u00f3n de Competencias para la Gesti\u00f3n de la Informaci\u00f3n"}]},{"@type":"WebSite","@id":"https:\/\/fcctp.usmp.edu.pe\/noticias\/#website","url":"https:\/\/fcctp.usmp.edu.pe\/noticias\/","name":"Noticias FCCTP","description":"Facultad de Ciencias de la Comunicaci\u00f3n, Turismo y Psicolog\u00eda","publisher":{"@id":"https:\/\/fcctp.usmp.edu.pe\/noticias\/#organization"},"potentialAction":[{"@type":"SearchAction","target":{"@type":"EntryPoint","urlTemplate":"https:\/\/fcctp.usmp.edu.pe\/noticias\/?s={search_term_string}"},"query-input":{"@type":"PropertyValueSpecification","valueRequired":true,"valueName":"search_term_string"}}],"inLanguage":"es-PE"},{"@type":"Organization","@id":"https:\/\/fcctp.usmp.edu.pe\/noticias\/#organization","name":"Facultad de Ciencias de la Comunicaci\u00f3n, Turismo y Psicolog\u00eda","url":"https:\/\/fcctp.usmp.edu.pe\/noticias\/","logo":{"@type":"ImageObject","inLanguage":"es-PE","@id":"https:\/\/fcctp.usmp.edu.pe\/noticias\/#\/schema\/logo\/image\/","url":"https:\/\/fcctp.usmp.edu.pe\/noticias\/wp-content\/uploads\/2022\/03\/logoFCCTP_60.svg","contentUrl":"https:\/\/fcctp.usmp.edu.pe\/noticias\/wp-content\/uploads\/2022\/03\/logoFCCTP_60.svg","width":347,"height":66,"caption":"Facultad de Ciencias de la Comunicaci\u00f3n, Turismo y Psicolog\u00eda"},"image":{"@id":"https:\/\/fcctp.usmp.edu.pe\/noticias\/#\/schema\/logo\/image\/"},"sameAs":["https:\/\/www.facebook.com\/fcctp","https:\/\/x.com\/fcctp_usmp","https:\/\/www.instagram.com\/fcctp_usmp\/"]},{"@type":"Person","@id":"https:\/\/fcctp.usmp.edu.pe\/noticias\/#\/schema\/person\/4fdff53bd44bf6f645fe381e079e1252","name":"Omar Huaman","image":{"@type":"ImageObject","inLanguage":"es-PE","@id":"https:\/\/secure.gravatar.com\/avatar\/1ec290616e6e3dc043e286f62b87c0f992c4889ead141b3e3dfc70d018a983e0?s=96&d=mm&r=g","url":"https:\/\/secure.gravatar.com\/avatar\/1ec290616e6e3dc043e286f62b87c0f992c4889ead141b3e3dfc70d018a983e0?s=96&d=mm&r=g","contentUrl":"https:\/\/secure.gravatar.com\/avatar\/1ec290616e6e3dc043e286f62b87c0f992c4889ead141b3e3dfc70d018a983e0?s=96&d=mm&r=g","caption":"Omar Huaman"},"url":"https:\/\/fcctp.usmp.edu.pe\/noticias\/author\/notieditor\/"}]}},"_links":{"self":[{"href":"https:\/\/fcctp.usmp.edu.pe\/noticias\/wp-json\/wp\/v2\/posts\/8715","targetHints":{"allow":["GET"]}}],"collection":[{"href":"https:\/\/fcctp.usmp.edu.pe\/noticias\/wp-json\/wp\/v2\/posts"}],"about":[{"href":"https:\/\/fcctp.usmp.edu.pe\/noticias\/wp-json\/wp\/v2\/types\/post"}],"author":[{"embeddable":true,"href":"https:\/\/fcctp.usmp.edu.pe\/noticias\/wp-json\/wp\/v2\/users\/2"}],"replies":[{"embeddable":true,"href":"https:\/\/fcctp.usmp.edu.pe\/noticias\/wp-json\/wp\/v2\/comments?post=8715"}],"version-history":[{"count":1,"href":"https:\/\/fcctp.usmp.edu.pe\/noticias\/wp-json\/wp\/v2\/posts\/8715\/revisions"}],"predecessor-version":[{"id":8717,"href":"https:\/\/fcctp.usmp.edu.pe\/noticias\/wp-json\/wp\/v2\/posts\/8715\/revisions\/8717"}],"wp:featuredmedia":[{"embeddable":true,"href":"https:\/\/fcctp.usmp.edu.pe\/noticias\/wp-json\/wp\/v2\/media\/8716"}],"wp:attachment":[{"href":"https:\/\/fcctp.usmp.edu.pe\/noticias\/wp-json\/wp\/v2\/media?parent=8715"}],"wp:term":[{"taxonomy":"category","embeddable":true,"href":"https:\/\/fcctp.usmp.edu.pe\/noticias\/wp-json\/wp\/v2\/categories?post=8715"},{"taxonomy":"post_tag","embeddable":true,"href":"https:\/\/fcctp.usmp.edu.pe\/noticias\/wp-json\/wp\/v2\/tags?post=8715"}],"curies":[{"name":"wp","href":"https:\/\/api.w.org\/{rel}","templated":true}]}}