{"id":8307,"date":"2022-08-16T13:27:18","date_gmt":"2022-08-16T13:27:18","guid":{"rendered":"https:\/\/fcctp.usmp.edu.pe\/noticias\/?p=8307"},"modified":"2022-09-13T10:53:34","modified_gmt":"2022-09-13T10:53:34","slug":"integrate-al-club-de-debate-de-la-escuela-profesional-de-turismo-y-hoteleria","status":"publish","type":"post","link":"https:\/\/fcctp.usmp.edu.pe\/noticias\/vida-universitaria\/integrate-al-club-de-debate-de-la-escuela-profesional-de-turismo-y-hoteleria\/","title":{"rendered":"Int\u00e9grate al Club de Debate de la Escuela Profesional de Turismo y Hoteler\u00eda"},"content":{"rendered":"<p style=\"text-align: justify;\">Reafirmando su compromiso con la formaci\u00f3n de profesionales de primer nivel, la Escuela Profesional de Turismo y Hoteler\u00eda (EPTH) invita a sus estudiantes de pregrado a formar parte del Club de Debate, grupo que les ofrece las herramientas necesarias para que consoliden su pensamiento cr\u00edtico.<\/p>\n<p style=\"text-align: justify;\">Los educandos que deseen conocer m\u00e1s sobre esta iniciativa, deben llenar el siguiente formulario: <a href=\"https:\/\/forms.gle\/s4gscNza9FeFCn9v5\">https:\/\/forms.gle\/s4gscNza9FeFCn9v5<\/a>.<\/p>\n<p style=\"text-align: justify;\">Es preciso se\u00f1alar que el link de preinscripci\u00f3n estar\u00e1 disponible hasta el viernes 19 de agosto.<\/p>\n<p style=\"text-align: justify;\">*Durante el presente semestre, los alumnos de la Escuela Profesional de Turismo y Hoteler\u00eda debatir\u00e1n con sus pares de Psicolog\u00eda.<\/p>\n","protected":false},"excerpt":{"rendered":"<p>Reafirmando su compromiso con la formaci\u00f3n de profesionales de primer nivel, la Escuela Profesional de Turismo y Hoteler\u00eda (EPTH) invita a sus estudiantes de pregrado a formar parte del Club de Debate, grupo que les ofrece las herramientas necesarias para que consoliden su pensamiento cr\u00edtico. Los educandos que deseen conocer m\u00e1s sobre esta iniciativa, deben &#8230; <a title=\"Int\u00e9grate al Club de Debate de la Escuela Profesional de Turismo y Hoteler\u00eda\" class=\"read-more\" href=\"https:\/\/fcctp.usmp.edu.pe\/noticias\/vida-universitaria\/integrate-al-club-de-debate-de-la-escuela-profesional-de-turismo-y-hoteleria\/\" aria-label=\"More on Int\u00e9grate al Club de Debate de la Escuela Profesional de Turismo y Hoteler\u00eda\">Read more<\/a><\/p>\n","protected":false},"author":2,"featured_media":8309,"comment_status":"closed","ping_status":"closed","sticky":false,"template":"","format":"standard","meta":{"footnotes":""},"categories":[20],"tags":[],"class_list":["post-8307","post","type-post","status-publish","format-standard","has-post-thumbnail","hentry","category-vida-universitaria"],"yoast_head":"<!-- This site is optimized with the Yoast SEO plugin v28.3 - https:\/\/yoast.com\/product\/yoast-seo-wordpress\/ -->\n<title>Int\u00e9grate al Club de Debate de la Escuela Profesional de Turismo y Hoteler\u00eda - Noticias<\/title>\n<meta name=\"robots\" content=\"index, follow, max-snippet:-1, max-image-preview:large, max-video-preview:-1\" \/>\n<link rel=\"canonical\" href=\"https:\/\/fcctp.usmp.edu.pe\/noticias\/vida-universitaria\/integrate-al-club-de-debate-de-la-escuela-profesional-de-turismo-y-hoteleria\/\" \/>\n<meta property=\"og:locale\" content=\"es_ES\" \/>\n<meta property=\"og:type\" content=\"article\" \/>\n<meta property=\"og:title\" content=\"Int\u00e9grate al Club de Debate de la Escuela Profesional de Turismo y Hoteler\u00eda - Noticias\" \/>\n<meta property=\"og:description\" content=\"Reafirmando su compromiso con la formaci\u00f3n de profesionales de primer nivel, la Escuela Profesional de Turismo y Hoteler\u00eda (EPTH) invita a sus estudiantes de pregrado a formar parte del Club de Debate, grupo que les ofrece las herramientas necesarias para que consoliden su pensamiento cr\u00edtico. Los educandos que deseen conocer m\u00e1s sobre esta iniciativa, deben ... Read more\" \/>\n<meta property=\"og:url\" content=\"https:\/\/fcctp.usmp.edu.pe\/noticias\/vida-universitaria\/integrate-al-club-de-debate-de-la-escuela-profesional-de-turismo-y-hoteleria\/\" \/>\n<meta property=\"og:site_name\" content=\"Noticias\" \/>\n<meta property=\"article:publisher\" content=\"https:\/\/www.facebook.com\/fcctp\" \/>\n<meta property=\"article:published_time\" content=\"2022-08-16T13:27:18+00:00\" \/>\n<meta property=\"article:modified_time\" content=\"2022-09-13T10:53:34+00:00\" \/>\n<meta property=\"og:image\" content=\"https:\/\/fcctp.usmp.edu.pe\/noticias\/wp-content\/uploads\/2022\/08\/17-08_Cabecera.jpg\" \/>\n\t<meta property=\"og:image:width\" content=\"720\" \/>\n\t<meta property=\"og:image:height\" content=\"450\" \/>\n\t<meta property=\"og:image:type\" content=\"image\/jpeg\" \/>\n<meta name=\"author\" content=\"Omar Huaman\" \/>\n<meta name=\"twitter:card\" content=\"summary_large_image\" \/>\n<meta name=\"twitter:creator\" content=\"@fcctp_usmp\" \/>\n<meta name=\"twitter:site\" content=\"@fcctp_usmp\" \/>\n<meta name=\"twitter:label1\" content=\"Written by\" \/>\n\t<meta name=\"twitter:data1\" content=\"Omar Huaman\" \/>\n\t<meta name=\"twitter:label2\" content=\"Est. reading time\" \/>\n\t<meta name=\"twitter:data2\" content=\"1 minuto\" \/>\n<script type=\"application\/ld+json\" class=\"yoast-schema-graph\">{\"@context\":\"https:\\\/\\\/schema.org\",\"@graph\":[{\"@type\":\"Article\",\"@id\":\"https:\\\/\\\/fcctp.usmp.edu.pe\\\/noticias\\\/vida-universitaria\\\/integrate-al-club-de-debate-de-la-escuela-profesional-de-turismo-y-hoteleria\\\/#article\",\"isPartOf\":{\"@id\":\"https:\\\/\\\/fcctp.usmp.edu.pe\\\/noticias\\\/vida-universitaria\\\/integrate-al-club-de-debate-de-la-escuela-profesional-de-turismo-y-hoteleria\\\/\"},\"author\":{\"name\":\"Omar Huaman\",\"@id\":\"https:\\\/\\\/fcctp.usmp.edu.pe\\\/noticias\\\/#\\\/schema\\\/person\\\/4fdff53bd44bf6f645fe381e079e1252\"},\"headline\":\"Int\u00e9grate al Club de Debate de la Escuela Profesional de Turismo y Hoteler\u00eda\",\"datePublished\":\"2022-08-16T13:27:18+00:00\",\"dateModified\":\"2022-09-13T10:53:34+00:00\",\"mainEntityOfPage\":{\"@id\":\"https:\\\/\\\/fcctp.usmp.edu.pe\\\/noticias\\\/vida-universitaria\\\/integrate-al-club-de-debate-de-la-escuela-profesional-de-turismo-y-hoteleria\\\/\"},\"wordCount\":125,\"publisher\":{\"@id\":\"https:\\\/\\\/fcctp.usmp.edu.pe\\\/noticias\\\/#organization\"},\"image\":{\"@id\":\"https:\\\/\\\/fcctp.usmp.edu.pe\\\/noticias\\\/vida-universitaria\\\/integrate-al-club-de-debate-de-la-escuela-profesional-de-turismo-y-hoteleria\\\/#primaryimage\"},\"thumbnailUrl\":\"https:\\\/\\\/fcctp.usmp.edu.pe\\\/noticias\\\/wp-content\\\/uploads\\\/2022\\\/08\\\/17-08_Cabecera.jpg\",\"articleSection\":[\"Vida Universitaria\"],\"inLanguage\":\"es-PE\"},{\"@type\":\"WebPage\",\"@id\":\"https:\\\/\\\/fcctp.usmp.edu.pe\\\/noticias\\\/vida-universitaria\\\/integrate-al-club-de-debate-de-la-escuela-profesional-de-turismo-y-hoteleria\\\/\",\"url\":\"https:\\\/\\\/fcctp.usmp.edu.pe\\\/noticias\\\/vida-universitaria\\\/integrate-al-club-de-debate-de-la-escuela-profesional-de-turismo-y-hoteleria\\\/\",\"name\":\"Int\u00e9grate al Club de Debate de la Escuela Profesional de Turismo y Hoteler\u00eda - Noticias\",\"isPartOf\":{\"@id\":\"https:\\\/\\\/fcctp.usmp.edu.pe\\\/noticias\\\/#website\"},\"primaryImageOfPage\":{\"@id\":\"https:\\\/\\\/fcctp.usmp.edu.pe\\\/noticias\\\/vida-universitaria\\\/integrate-al-club-de-debate-de-la-escuela-profesional-de-turismo-y-hoteleria\\\/#primaryimage\"},\"image\":{\"@id\":\"https:\\\/\\\/fcctp.usmp.edu.pe\\\/noticias\\\/vida-universitaria\\\/integrate-al-club-de-debate-de-la-escuela-profesional-de-turismo-y-hoteleria\\\/#primaryimage\"},\"thumbnailUrl\":\"https:\\\/\\\/fcctp.usmp.edu.pe\\\/noticias\\\/wp-content\\\/uploads\\\/2022\\\/08\\\/17-08_Cabecera.jpg\",\"datePublished\":\"2022-08-16T13:27:18+00:00\",\"dateModified\":\"2022-09-13T10:53:34+00:00\",\"breadcrumb\":{\"@id\":\"https:\\\/\\\/fcctp.usmp.edu.pe\\\/noticias\\\/vida-universitaria\\\/integrate-al-club-de-debate-de-la-escuela-profesional-de-turismo-y-hoteleria\\\/#breadcrumb\"},\"inLanguage\":\"es-PE\",\"potentialAction\":[{\"@type\":\"ReadAction\",\"target\":[\"https:\\\/\\\/fcctp.usmp.edu.pe\\\/noticias\\\/vida-universitaria\\\/integrate-al-club-de-debate-de-la-escuela-profesional-de-turismo-y-hoteleria\\\/\"]}]},{\"@type\":\"ImageObject\",\"inLanguage\":\"es-PE\",\"@id\":\"https:\\\/\\\/fcctp.usmp.edu.pe\\\/noticias\\\/vida-universitaria\\\/integrate-al-club-de-debate-de-la-escuela-profesional-de-turismo-y-hoteleria\\\/#primaryimage\",\"url\":\"https:\\\/\\\/fcctp.usmp.edu.pe\\\/noticias\\\/wp-content\\\/uploads\\\/2022\\\/08\\\/17-08_Cabecera.jpg\",\"contentUrl\":\"https:\\\/\\\/fcctp.usmp.edu.pe\\\/noticias\\\/wp-content\\\/uploads\\\/2022\\\/08\\\/17-08_Cabecera.jpg\",\"width\":720,\"height\":450,\"caption\":\"Int\u00e9grate al Club de Debate Turismo\"},{\"@type\":\"BreadcrumbList\",\"@id\":\"https:\\\/\\\/fcctp.usmp.edu.pe\\\/noticias\\\/vida-universitaria\\\/integrate-al-club-de-debate-de-la-escuela-profesional-de-turismo-y-hoteleria\\\/#breadcrumb\",\"itemListElement\":[{\"@type\":\"ListItem\",\"position\":1,\"name\":\"Portada\",\"item\":\"https:\\\/\\\/fcctp.usmp.edu.pe\\\/noticias\\\/\"},{\"@type\":\"ListItem\",\"position\":2,\"name\":\"Int\u00e9grate al Club de Debate de la Escuela Profesional de Turismo y Hoteler\u00eda\"}]},{\"@type\":\"WebSite\",\"@id\":\"https:\\\/\\\/fcctp.usmp.edu.pe\\\/noticias\\\/#website\",\"url\":\"https:\\\/\\\/fcctp.usmp.edu.pe\\\/noticias\\\/\",\"name\":\"Noticias FCCTP\",\"description\":\"Facultad de Ciencias de la Comunicaci\u00f3n, Turismo y Psicolog\u00eda\",\"publisher\":{\"@id\":\"https:\\\/\\\/fcctp.usmp.edu.pe\\\/noticias\\\/#organization\"},\"potentialAction\":[{\"@type\":\"SearchAction\",\"target\":{\"@type\":\"EntryPoint\",\"urlTemplate\":\"https:\\\/\\\/fcctp.usmp.edu.pe\\\/noticias\\\/?s={search_term_string}\"},\"query-input\":{\"@type\":\"PropertyValueSpecification\",\"valueRequired\":true,\"valueName\":\"search_term_string\"}}],\"inLanguage\":\"es-PE\"},{\"@type\":\"Organization\",\"@id\":\"https:\\\/\\\/fcctp.usmp.edu.pe\\\/noticias\\\/#organization\",\"name\":\"Facultad de Ciencias de la Comunicaci\u00f3n, Turismo y Psicolog\u00eda\",\"url\":\"https:\\\/\\\/fcctp.usmp.edu.pe\\\/noticias\\\/\",\"logo\":{\"@type\":\"ImageObject\",\"inLanguage\":\"es-PE\",\"@id\":\"https:\\\/\\\/fcctp.usmp.edu.pe\\\/noticias\\\/#\\\/schema\\\/logo\\\/image\\\/\",\"url\":\"https:\\\/\\\/fcctp.usmp.edu.pe\\\/noticias\\\/wp-content\\\/uploads\\\/2022\\\/03\\\/logoFCCTP_60.svg\",\"contentUrl\":\"https:\\\/\\\/fcctp.usmp.edu.pe\\\/noticias\\\/wp-content\\\/uploads\\\/2022\\\/03\\\/logoFCCTP_60.svg\",\"width\":347,\"height\":66,\"caption\":\"Facultad de Ciencias de la Comunicaci\u00f3n, Turismo y Psicolog\u00eda\"},\"image\":{\"@id\":\"https:\\\/\\\/fcctp.usmp.edu.pe\\\/noticias\\\/#\\\/schema\\\/logo\\\/image\\\/\"},\"sameAs\":[\"https:\\\/\\\/www.facebook.com\\\/fcctp\",\"https:\\\/\\\/x.com\\\/fcctp_usmp\",\"https:\\\/\\\/www.instagram.com\\\/fcctp_usmp\\\/\"]},{\"@type\":\"Person\",\"@id\":\"https:\\\/\\\/fcctp.usmp.edu.pe\\\/noticias\\\/#\\\/schema\\\/person\\\/4fdff53bd44bf6f645fe381e079e1252\",\"name\":\"Omar Huaman\",\"image\":{\"@type\":\"ImageObject\",\"inLanguage\":\"es-PE\",\"@id\":\"https:\\\/\\\/secure.gravatar.com\\\/avatar\\\/1ec290616e6e3dc043e286f62b87c0f992c4889ead141b3e3dfc70d018a983e0?s=96&d=mm&r=g\",\"url\":\"https:\\\/\\\/secure.gravatar.com\\\/avatar\\\/1ec290616e6e3dc043e286f62b87c0f992c4889ead141b3e3dfc70d018a983e0?s=96&d=mm&r=g\",\"contentUrl\":\"https:\\\/\\\/secure.gravatar.com\\\/avatar\\\/1ec290616e6e3dc043e286f62b87c0f992c4889ead141b3e3dfc70d018a983e0?s=96&d=mm&r=g\",\"caption\":\"Omar Huaman\"},\"url\":\"https:\\\/\\\/fcctp.usmp.edu.pe\\\/noticias\\\/author\\\/notieditor\\\/\"}]}<\/script>\n<!-- \/ Yoast SEO plugin. -->","yoast_head_json":{"title":"Int\u00e9grate al Club de Debate de la Escuela Profesional de Turismo y Hoteler\u00eda - Noticias","robots":{"index":"index","follow":"follow","max-snippet":"max-snippet:-1","max-image-preview":"max-image-preview:large","max-video-preview":"max-video-preview:-1"},"canonical":"https:\/\/fcctp.usmp.edu.pe\/noticias\/vida-universitaria\/integrate-al-club-de-debate-de-la-escuela-profesional-de-turismo-y-hoteleria\/","og_locale":"es_ES","og_type":"article","og_title":"Int\u00e9grate al Club de Debate de la Escuela Profesional de Turismo y Hoteler\u00eda - Noticias","og_description":"Reafirmando su compromiso con la formaci\u00f3n de profesionales de primer nivel, la Escuela Profesional de Turismo y Hoteler\u00eda (EPTH) invita a sus estudiantes de pregrado a formar parte del Club de Debate, grupo que les ofrece las herramientas necesarias para que consoliden su pensamiento cr\u00edtico. Los educandos que deseen conocer m\u00e1s sobre esta iniciativa, deben ... Read more","og_url":"https:\/\/fcctp.usmp.edu.pe\/noticias\/vida-universitaria\/integrate-al-club-de-debate-de-la-escuela-profesional-de-turismo-y-hoteleria\/","og_site_name":"Noticias","article_publisher":"https:\/\/www.facebook.com\/fcctp","article_published_time":"2022-08-16T13:27:18+00:00","article_modified_time":"2022-09-13T10:53:34+00:00","og_image":[{"width":720,"height":450,"url":"https:\/\/fcctp.usmp.edu.pe\/noticias\/wp-content\/uploads\/2022\/08\/17-08_Cabecera.jpg","type":"image\/jpeg"}],"author":"Omar Huaman","twitter_card":"summary_large_image","twitter_creator":"@fcctp_usmp","twitter_site":"@fcctp_usmp","twitter_misc":{"Written by":"Omar Huaman","Est. reading time":"1 minuto"},"schema":{"@context":"https:\/\/schema.org","@graph":[{"@type":"Article","@id":"https:\/\/fcctp.usmp.edu.pe\/noticias\/vida-universitaria\/integrate-al-club-de-debate-de-la-escuela-profesional-de-turismo-y-hoteleria\/#article","isPartOf":{"@id":"https:\/\/fcctp.usmp.edu.pe\/noticias\/vida-universitaria\/integrate-al-club-de-debate-de-la-escuela-profesional-de-turismo-y-hoteleria\/"},"author":{"name":"Omar Huaman","@id":"https:\/\/fcctp.usmp.edu.pe\/noticias\/#\/schema\/person\/4fdff53bd44bf6f645fe381e079e1252"},"headline":"Int\u00e9grate al Club de Debate de la Escuela Profesional de Turismo y Hoteler\u00eda","datePublished":"2022-08-16T13:27:18+00:00","dateModified":"2022-09-13T10:53:34+00:00","mainEntityOfPage":{"@id":"https:\/\/fcctp.usmp.edu.pe\/noticias\/vida-universitaria\/integrate-al-club-de-debate-de-la-escuela-profesional-de-turismo-y-hoteleria\/"},"wordCount":125,"publisher":{"@id":"https:\/\/fcctp.usmp.edu.pe\/noticias\/#organization"},"image":{"@id":"https:\/\/fcctp.usmp.edu.pe\/noticias\/vida-universitaria\/integrate-al-club-de-debate-de-la-escuela-profesional-de-turismo-y-hoteleria\/#primaryimage"},"thumbnailUrl":"https:\/\/fcctp.usmp.edu.pe\/noticias\/wp-content\/uploads\/2022\/08\/17-08_Cabecera.jpg","articleSection":["Vida Universitaria"],"inLanguage":"es-PE"},{"@type":"WebPage","@id":"https:\/\/fcctp.usmp.edu.pe\/noticias\/vida-universitaria\/integrate-al-club-de-debate-de-la-escuela-profesional-de-turismo-y-hoteleria\/","url":"https:\/\/fcctp.usmp.edu.pe\/noticias\/vida-universitaria\/integrate-al-club-de-debate-de-la-escuela-profesional-de-turismo-y-hoteleria\/","name":"Int\u00e9grate al Club de Debate de la Escuela Profesional de Turismo y Hoteler\u00eda - Noticias","isPartOf":{"@id":"https:\/\/fcctp.usmp.edu.pe\/noticias\/#website"},"primaryImageOfPage":{"@id":"https:\/\/fcctp.usmp.edu.pe\/noticias\/vida-universitaria\/integrate-al-club-de-debate-de-la-escuela-profesional-de-turismo-y-hoteleria\/#primaryimage"},"image":{"@id":"https:\/\/fcctp.usmp.edu.pe\/noticias\/vida-universitaria\/integrate-al-club-de-debate-de-la-escuela-profesional-de-turismo-y-hoteleria\/#primaryimage"},"thumbnailUrl":"https:\/\/fcctp.usmp.edu.pe\/noticias\/wp-content\/uploads\/2022\/08\/17-08_Cabecera.jpg","datePublished":"2022-08-16T13:27:18+00:00","dateModified":"2022-09-13T10:53:34+00:00","breadcrumb":{"@id":"https:\/\/fcctp.usmp.edu.pe\/noticias\/vida-universitaria\/integrate-al-club-de-debate-de-la-escuela-profesional-de-turismo-y-hoteleria\/#breadcrumb"},"inLanguage":"es-PE","potentialAction":[{"@type":"ReadAction","target":["https:\/\/fcctp.usmp.edu.pe\/noticias\/vida-universitaria\/integrate-al-club-de-debate-de-la-escuela-profesional-de-turismo-y-hoteleria\/"]}]},{"@type":"ImageObject","inLanguage":"es-PE","@id":"https:\/\/fcctp.usmp.edu.pe\/noticias\/vida-universitaria\/integrate-al-club-de-debate-de-la-escuela-profesional-de-turismo-y-hoteleria\/#primaryimage","url":"https:\/\/fcctp.usmp.edu.pe\/noticias\/wp-content\/uploads\/2022\/08\/17-08_Cabecera.jpg","contentUrl":"https:\/\/fcctp.usmp.edu.pe\/noticias\/wp-content\/uploads\/2022\/08\/17-08_Cabecera.jpg","width":720,"height":450,"caption":"Int\u00e9grate al Club de Debate Turismo"},{"@type":"BreadcrumbList","@id":"https:\/\/fcctp.usmp.edu.pe\/noticias\/vida-universitaria\/integrate-al-club-de-debate-de-la-escuela-profesional-de-turismo-y-hoteleria\/#breadcrumb","itemListElement":[{"@type":"ListItem","position":1,"name":"Portada","item":"https:\/\/fcctp.usmp.edu.pe\/noticias\/"},{"@type":"ListItem","position":2,"name":"Int\u00e9grate al Club de Debate de la Escuela Profesional de Turismo y Hoteler\u00eda"}]},{"@type":"WebSite","@id":"https:\/\/fcctp.usmp.edu.pe\/noticias\/#website","url":"https:\/\/fcctp.usmp.edu.pe\/noticias\/","name":"Noticias FCCTP","description":"Facultad de Ciencias de la Comunicaci\u00f3n, Turismo y Psicolog\u00eda","publisher":{"@id":"https:\/\/fcctp.usmp.edu.pe\/noticias\/#organization"},"potentialAction":[{"@type":"SearchAction","target":{"@type":"EntryPoint","urlTemplate":"https:\/\/fcctp.usmp.edu.pe\/noticias\/?s={search_term_string}"},"query-input":{"@type":"PropertyValueSpecification","valueRequired":true,"valueName":"search_term_string"}}],"inLanguage":"es-PE"},{"@type":"Organization","@id":"https:\/\/fcctp.usmp.edu.pe\/noticias\/#organization","name":"Facultad de Ciencias de la Comunicaci\u00f3n, Turismo y Psicolog\u00eda","url":"https:\/\/fcctp.usmp.edu.pe\/noticias\/","logo":{"@type":"ImageObject","inLanguage":"es-PE","@id":"https:\/\/fcctp.usmp.edu.pe\/noticias\/#\/schema\/logo\/image\/","url":"https:\/\/fcctp.usmp.edu.pe\/noticias\/wp-content\/uploads\/2022\/03\/logoFCCTP_60.svg","contentUrl":"https:\/\/fcctp.usmp.edu.pe\/noticias\/wp-content\/uploads\/2022\/03\/logoFCCTP_60.svg","width":347,"height":66,"caption":"Facultad de Ciencias de la Comunicaci\u00f3n, Turismo y Psicolog\u00eda"},"image":{"@id":"https:\/\/fcctp.usmp.edu.pe\/noticias\/#\/schema\/logo\/image\/"},"sameAs":["https:\/\/www.facebook.com\/fcctp","https:\/\/x.com\/fcctp_usmp","https:\/\/www.instagram.com\/fcctp_usmp\/"]},{"@type":"Person","@id":"https:\/\/fcctp.usmp.edu.pe\/noticias\/#\/schema\/person\/4fdff53bd44bf6f645fe381e079e1252","name":"Omar Huaman","image":{"@type":"ImageObject","inLanguage":"es-PE","@id":"https:\/\/secure.gravatar.com\/avatar\/1ec290616e6e3dc043e286f62b87c0f992c4889ead141b3e3dfc70d018a983e0?s=96&d=mm&r=g","url":"https:\/\/secure.gravatar.com\/avatar\/1ec290616e6e3dc043e286f62b87c0f992c4889ead141b3e3dfc70d018a983e0?s=96&d=mm&r=g","contentUrl":"https:\/\/secure.gravatar.com\/avatar\/1ec290616e6e3dc043e286f62b87c0f992c4889ead141b3e3dfc70d018a983e0?s=96&d=mm&r=g","caption":"Omar Huaman"},"url":"https:\/\/fcctp.usmp.edu.pe\/noticias\/author\/notieditor\/"}]}},"_links":{"self":[{"href":"https:\/\/fcctp.usmp.edu.pe\/noticias\/wp-json\/wp\/v2\/posts\/8307","targetHints":{"allow":["GET"]}}],"collection":[{"href":"https:\/\/fcctp.usmp.edu.pe\/noticias\/wp-json\/wp\/v2\/posts"}],"about":[{"href":"https:\/\/fcctp.usmp.edu.pe\/noticias\/wp-json\/wp\/v2\/types\/post"}],"author":[{"embeddable":true,"href":"https:\/\/fcctp.usmp.edu.pe\/noticias\/wp-json\/wp\/v2\/users\/2"}],"replies":[{"embeddable":true,"href":"https:\/\/fcctp.usmp.edu.pe\/noticias\/wp-json\/wp\/v2\/comments?post=8307"}],"version-history":[{"count":2,"href":"https:\/\/fcctp.usmp.edu.pe\/noticias\/wp-json\/wp\/v2\/posts\/8307\/revisions"}],"predecessor-version":[{"id":8310,"href":"https:\/\/fcctp.usmp.edu.pe\/noticias\/wp-json\/wp\/v2\/posts\/8307\/revisions\/8310"}],"wp:featuredmedia":[{"embeddable":true,"href":"https:\/\/fcctp.usmp.edu.pe\/noticias\/wp-json\/wp\/v2\/media\/8309"}],"wp:attachment":[{"href":"https:\/\/fcctp.usmp.edu.pe\/noticias\/wp-json\/wp\/v2\/media?parent=8307"}],"wp:term":[{"taxonomy":"category","embeddable":true,"href":"https:\/\/fcctp.usmp.edu.pe\/noticias\/wp-json\/wp\/v2\/categories?post=8307"},{"taxonomy":"post_tag","embeddable":true,"href":"https:\/\/fcctp.usmp.edu.pe\/noticias\/wp-json\/wp\/v2\/tags?post=8307"}],"curies":[{"name":"wp","href":"https:\/\/api.w.org\/{rel}","templated":true}]}}