{"id":8200,"date":"2022-07-14T18:43:18","date_gmt":"2022-07-14T18:43:18","guid":{"rendered":"https:\/\/fcctp.usmp.edu.pe\/noticias\/?p=8200"},"modified":"2022-07-14T18:45:04","modified_gmt":"2022-07-14T18:45:04","slug":"fcctp-publica-segunda-edicion-del-nuevo-diccionario-espanol-quechua-quechua-espanol","status":"publish","type":"post","link":"https:\/\/fcctp.usmp.edu.pe\/noticias\/publicaciones\/fcctp-publica-segunda-edicion-del-nuevo-diccionario-espanol-quechua-quechua-espanol\/","title":{"rendered":"FCCTP publica segunda edici\u00f3n del Nuevo diccionario espa\u00f1ol-quechua, quechua-espa\u00f1ol"},"content":{"rendered":"<p style=\"text-align: justify;\"><em>La obra del Dr. Julio Calvo P\u00e9rez podr\u00e1 ser consultada de manera digital desde este 14 de julio mediante la p\u00e1gina web de nuestra Facultad.<\/em><\/p>\n<p style=\"text-align: justify;\">En el mes de la patria, la Facultad de Ciencias de la Comunicaci\u00f3n, Turismo y Psicolog\u00eda de la Universidad de San Mart\u00edn de Porres lanza la segunda edici\u00f3n del Nuevo diccionario espa\u00f1ol-quechua, quechua-espa\u00f1ol, del Dr. Julio Calvo P\u00e9rez. Publicada en cinco vol\u00famenes por primera vez en el 2009, esta monumental obra puede ser consultada por ling\u00fcistas, traductores y escritores, as\u00ed como por el p\u00fablico en general, de manera digital en la secci\u00f3n Libros de nuestra p\u00e1gina web.<\/p>\n<p style=\"text-align: justify;\">Tras largos a\u00f1os de correcciones, para esta segunda edici\u00f3n, se han aumentado las pistas de b\u00fasqueda y mejorado los campos sem\u00e1nticos. Asimismo, se ha corregido el criterio etimol\u00f3gico sustituyendo el proceso de entrada al castellano por el proceso de reconocimiento del origen de la palabra.<\/p>\n<p style=\"text-align: justify;\">El autor se\u00f1al\u00f3 la importancia de la publicaci\u00f3n del diccionario en formato digital. \u201cA diferencia de la versi\u00f3n impresa, muchas m\u00e1s personas podr\u00e1n acceder a \u00e9l y podr\u00e1n absolver sus dudas sobre t\u00e9rminos y palabras en ambos idiomas\u201d, asegur\u00f3.<\/p>\n<p style=\"text-align: justify;\">Asimismo, gracias a un acuerdo del autor con la Universidad de San Mart\u00edn de Porres, el diccionario podr\u00e1 ser consultado de forma gratuita. \u201cSe trata de un regalo a la comunidad sanmartiniana y a todo el pa\u00eds \u2014aprovechando las Fiestas Patrias\u2014 para difundir una obra de esta envergadura que recoge la enorme riqueza l\u00e9xica de una lengua originaria como el quechua\u201d, afirm\u00f3 el autor.<\/p>\n<p style=\"text-align: justify;\">Julio Calvo P\u00e9rez es catedr\u00e1tico jubilado de Ling\u00fc\u00edstica General en la Universitat de Val\u00e8ncia (Espa\u00f1a). Su trabajo en torno al quechua comenz\u00f3 a principio de la d\u00e9cada de los noventa. Sus m\u00e1s de cien publicaciones sobre la lengua andina subrayan su dedicaci\u00f3n a diversos temas de gram\u00e1tica, pragm\u00e1tica, morfolog\u00eda y sintaxis, fonolog\u00eda y lexicograf\u00eda. Adem\u00e1s, ha publicado una traducci\u00f3n al espa\u00f1ol de Ollantay (1998) y otra al catal\u00e1n (2004). Actualmente, es acad\u00e9mico correspondiente de la Academia Peruana de la Lengua.<\/p>\n<p><em>Accede gratuitamente a la publicaci\u00f3n completa haciendo clic en el siguiente enlace: <a href=\"https:\/\/libros.fcctp.usmp.edu.pe\/libros-de-turismo\/\">https:\/\/libros.fcctp.usmp.edu.pe\/libros-de-turismo\/<\/a><\/em><\/p>\n<p>&nbsp;<\/p>\n","protected":false},"excerpt":{"rendered":"<p>La obra del Dr. Julio Calvo P\u00e9rez podr\u00e1 ser consultada de manera digital desde este 14 de julio mediante la p\u00e1gina web de nuestra Facultad.<\/p>\n","protected":false},"author":2,"featured_media":8201,"comment_status":"closed","ping_status":"closed","sticky":false,"template":"","format":"standard","meta":{"footnotes":""},"categories":[30],"tags":[47,46],"class_list":["post-8200","post","type-post","status-publish","format-standard","has-post-thumbnail","hentry","category-publicaciones","tag-home-fcctp","tag-lo-mas-destacado"],"yoast_head":"<!-- This site is optimized with the Yoast SEO plugin v28.3 - https:\/\/yoast.com\/product\/yoast-seo-wordpress\/ -->\n<title>FCCTP publica segunda edici\u00f3n del Nuevo diccionario espa\u00f1ol-quechua, quechua-espa\u00f1ol - Noticias<\/title>\n<meta name=\"robots\" content=\"index, follow, max-snippet:-1, max-image-preview:large, max-video-preview:-1\" \/>\n<link rel=\"canonical\" href=\"https:\/\/fcctp.usmp.edu.pe\/noticias\/publicaciones\/fcctp-publica-segunda-edicion-del-nuevo-diccionario-espanol-quechua-quechua-espanol\/\" \/>\n<meta property=\"og:locale\" content=\"es_ES\" \/>\n<meta property=\"og:type\" content=\"article\" \/>\n<meta property=\"og:title\" content=\"FCCTP publica segunda edici\u00f3n del Nuevo diccionario espa\u00f1ol-quechua, quechua-espa\u00f1ol - Noticias\" \/>\n<meta property=\"og:description\" content=\"La obra del Dr. Julio Calvo P\u00e9rez podr\u00e1 ser consultada de manera digital desde este 14 de julio mediante la p\u00e1gina web de nuestra Facultad.\" \/>\n<meta property=\"og:url\" content=\"https:\/\/fcctp.usmp.edu.pe\/noticias\/publicaciones\/fcctp-publica-segunda-edicion-del-nuevo-diccionario-espanol-quechua-quechua-espanol\/\" \/>\n<meta property=\"og:site_name\" content=\"Noticias\" \/>\n<meta property=\"article:publisher\" content=\"https:\/\/www.facebook.com\/fcctp\" \/>\n<meta property=\"article:published_time\" content=\"2022-07-14T18:43:18+00:00\" \/>\n<meta property=\"article:modified_time\" content=\"2022-07-14T18:45:04+00:00\" \/>\n<meta property=\"og:image\" content=\"https:\/\/fcctp.usmp.edu.pe\/noticias\/wp-content\/uploads\/2022\/07\/13-07_Fcctp_Cabecera2.jpg\" \/>\n\t<meta property=\"og:image:width\" content=\"720\" \/>\n\t<meta property=\"og:image:height\" content=\"450\" \/>\n\t<meta property=\"og:image:type\" content=\"image\/jpeg\" \/>\n<meta name=\"author\" content=\"Omar Huaman\" \/>\n<meta name=\"twitter:card\" content=\"summary_large_image\" \/>\n<meta name=\"twitter:creator\" content=\"@fcctp_usmp\" \/>\n<meta name=\"twitter:site\" content=\"@fcctp_usmp\" \/>\n<meta name=\"twitter:label1\" content=\"Written by\" \/>\n\t<meta name=\"twitter:data1\" content=\"Omar Huaman\" \/>\n\t<meta name=\"twitter:label2\" content=\"Est. reading time\" \/>\n\t<meta name=\"twitter:data2\" content=\"2 minutos\" \/>\n<script type=\"application\/ld+json\" class=\"yoast-schema-graph\">{\"@context\":\"https:\\\/\\\/schema.org\",\"@graph\":[{\"@type\":\"Article\",\"@id\":\"https:\\\/\\\/fcctp.usmp.edu.pe\\\/noticias\\\/publicaciones\\\/fcctp-publica-segunda-edicion-del-nuevo-diccionario-espanol-quechua-quechua-espanol\\\/#article\",\"isPartOf\":{\"@id\":\"https:\\\/\\\/fcctp.usmp.edu.pe\\\/noticias\\\/publicaciones\\\/fcctp-publica-segunda-edicion-del-nuevo-diccionario-espanol-quechua-quechua-espanol\\\/\"},\"author\":{\"name\":\"Omar Huaman\",\"@id\":\"https:\\\/\\\/fcctp.usmp.edu.pe\\\/noticias\\\/#\\\/schema\\\/person\\\/4fdff53bd44bf6f645fe381e079e1252\"},\"headline\":\"FCCTP publica segunda edici\u00f3n del Nuevo diccionario espa\u00f1ol-quechua, quechua-espa\u00f1ol\",\"datePublished\":\"2022-07-14T18:43:18+00:00\",\"dateModified\":\"2022-07-14T18:45:04+00:00\",\"mainEntityOfPage\":{\"@id\":\"https:\\\/\\\/fcctp.usmp.edu.pe\\\/noticias\\\/publicaciones\\\/fcctp-publica-segunda-edicion-del-nuevo-diccionario-espanol-quechua-quechua-espanol\\\/\"},\"wordCount\":406,\"publisher\":{\"@id\":\"https:\\\/\\\/fcctp.usmp.edu.pe\\\/noticias\\\/#organization\"},\"image\":{\"@id\":\"https:\\\/\\\/fcctp.usmp.edu.pe\\\/noticias\\\/publicaciones\\\/fcctp-publica-segunda-edicion-del-nuevo-diccionario-espanol-quechua-quechua-espanol\\\/#primaryimage\"},\"thumbnailUrl\":\"https:\\\/\\\/fcctp.usmp.edu.pe\\\/noticias\\\/wp-content\\\/uploads\\\/2022\\\/07\\\/13-07_Fcctp_Cabecera2.jpg\",\"keywords\":[\"Home FCCTP\",\"Lo mas destacado\"],\"articleSection\":[\"Publicaciones\"],\"inLanguage\":\"es-PE\"},{\"@type\":\"WebPage\",\"@id\":\"https:\\\/\\\/fcctp.usmp.edu.pe\\\/noticias\\\/publicaciones\\\/fcctp-publica-segunda-edicion-del-nuevo-diccionario-espanol-quechua-quechua-espanol\\\/\",\"url\":\"https:\\\/\\\/fcctp.usmp.edu.pe\\\/noticias\\\/publicaciones\\\/fcctp-publica-segunda-edicion-del-nuevo-diccionario-espanol-quechua-quechua-espanol\\\/\",\"name\":\"FCCTP publica segunda edici\u00f3n del Nuevo diccionario espa\u00f1ol-quechua, quechua-espa\u00f1ol - Noticias\",\"isPartOf\":{\"@id\":\"https:\\\/\\\/fcctp.usmp.edu.pe\\\/noticias\\\/#website\"},\"primaryImageOfPage\":{\"@id\":\"https:\\\/\\\/fcctp.usmp.edu.pe\\\/noticias\\\/publicaciones\\\/fcctp-publica-segunda-edicion-del-nuevo-diccionario-espanol-quechua-quechua-espanol\\\/#primaryimage\"},\"image\":{\"@id\":\"https:\\\/\\\/fcctp.usmp.edu.pe\\\/noticias\\\/publicaciones\\\/fcctp-publica-segunda-edicion-del-nuevo-diccionario-espanol-quechua-quechua-espanol\\\/#primaryimage\"},\"thumbnailUrl\":\"https:\\\/\\\/fcctp.usmp.edu.pe\\\/noticias\\\/wp-content\\\/uploads\\\/2022\\\/07\\\/13-07_Fcctp_Cabecera2.jpg\",\"datePublished\":\"2022-07-14T18:43:18+00:00\",\"dateModified\":\"2022-07-14T18:45:04+00:00\",\"breadcrumb\":{\"@id\":\"https:\\\/\\\/fcctp.usmp.edu.pe\\\/noticias\\\/publicaciones\\\/fcctp-publica-segunda-edicion-del-nuevo-diccionario-espanol-quechua-quechua-espanol\\\/#breadcrumb\"},\"inLanguage\":\"es-PE\",\"potentialAction\":[{\"@type\":\"ReadAction\",\"target\":[\"https:\\\/\\\/fcctp.usmp.edu.pe\\\/noticias\\\/publicaciones\\\/fcctp-publica-segunda-edicion-del-nuevo-diccionario-espanol-quechua-quechua-espanol\\\/\"]}]},{\"@type\":\"ImageObject\",\"inLanguage\":\"es-PE\",\"@id\":\"https:\\\/\\\/fcctp.usmp.edu.pe\\\/noticias\\\/publicaciones\\\/fcctp-publica-segunda-edicion-del-nuevo-diccionario-espanol-quechua-quechua-espanol\\\/#primaryimage\",\"url\":\"https:\\\/\\\/fcctp.usmp.edu.pe\\\/noticias\\\/wp-content\\\/uploads\\\/2022\\\/07\\\/13-07_Fcctp_Cabecera2.jpg\",\"contentUrl\":\"https:\\\/\\\/fcctp.usmp.edu.pe\\\/noticias\\\/wp-content\\\/uploads\\\/2022\\\/07\\\/13-07_Fcctp_Cabecera2.jpg\",\"width\":720,\"height\":450,\"caption\":\"Diccionario espa\u00f1ol-quechua, quechua-espa\u00f1ol\"},{\"@type\":\"BreadcrumbList\",\"@id\":\"https:\\\/\\\/fcctp.usmp.edu.pe\\\/noticias\\\/publicaciones\\\/fcctp-publica-segunda-edicion-del-nuevo-diccionario-espanol-quechua-quechua-espanol\\\/#breadcrumb\",\"itemListElement\":[{\"@type\":\"ListItem\",\"position\":1,\"name\":\"Portada\",\"item\":\"https:\\\/\\\/fcctp.usmp.edu.pe\\\/noticias\\\/\"},{\"@type\":\"ListItem\",\"position\":2,\"name\":\"FCCTP publica segunda edici\u00f3n del Nuevo diccionario espa\u00f1ol-quechua, quechua-espa\u00f1ol\"}]},{\"@type\":\"WebSite\",\"@id\":\"https:\\\/\\\/fcctp.usmp.edu.pe\\\/noticias\\\/#website\",\"url\":\"https:\\\/\\\/fcctp.usmp.edu.pe\\\/noticias\\\/\",\"name\":\"Noticias FCCTP\",\"description\":\"Facultad de Ciencias de la Comunicaci\u00f3n, Turismo y Psicolog\u00eda\",\"publisher\":{\"@id\":\"https:\\\/\\\/fcctp.usmp.edu.pe\\\/noticias\\\/#organization\"},\"potentialAction\":[{\"@type\":\"SearchAction\",\"target\":{\"@type\":\"EntryPoint\",\"urlTemplate\":\"https:\\\/\\\/fcctp.usmp.edu.pe\\\/noticias\\\/?s={search_term_string}\"},\"query-input\":{\"@type\":\"PropertyValueSpecification\",\"valueRequired\":true,\"valueName\":\"search_term_string\"}}],\"inLanguage\":\"es-PE\"},{\"@type\":\"Organization\",\"@id\":\"https:\\\/\\\/fcctp.usmp.edu.pe\\\/noticias\\\/#organization\",\"name\":\"Facultad de Ciencias de la Comunicaci\u00f3n, Turismo y Psicolog\u00eda\",\"url\":\"https:\\\/\\\/fcctp.usmp.edu.pe\\\/noticias\\\/\",\"logo\":{\"@type\":\"ImageObject\",\"inLanguage\":\"es-PE\",\"@id\":\"https:\\\/\\\/fcctp.usmp.edu.pe\\\/noticias\\\/#\\\/schema\\\/logo\\\/image\\\/\",\"url\":\"https:\\\/\\\/fcctp.usmp.edu.pe\\\/noticias\\\/wp-content\\\/uploads\\\/2022\\\/03\\\/logoFCCTP_60.svg\",\"contentUrl\":\"https:\\\/\\\/fcctp.usmp.edu.pe\\\/noticias\\\/wp-content\\\/uploads\\\/2022\\\/03\\\/logoFCCTP_60.svg\",\"width\":347,\"height\":66,\"caption\":\"Facultad de Ciencias de la Comunicaci\u00f3n, Turismo y Psicolog\u00eda\"},\"image\":{\"@id\":\"https:\\\/\\\/fcctp.usmp.edu.pe\\\/noticias\\\/#\\\/schema\\\/logo\\\/image\\\/\"},\"sameAs\":[\"https:\\\/\\\/www.facebook.com\\\/fcctp\",\"https:\\\/\\\/x.com\\\/fcctp_usmp\",\"https:\\\/\\\/www.instagram.com\\\/fcctp_usmp\\\/\"]},{\"@type\":\"Person\",\"@id\":\"https:\\\/\\\/fcctp.usmp.edu.pe\\\/noticias\\\/#\\\/schema\\\/person\\\/4fdff53bd44bf6f645fe381e079e1252\",\"name\":\"Omar Huaman\",\"image\":{\"@type\":\"ImageObject\",\"inLanguage\":\"es-PE\",\"@id\":\"https:\\\/\\\/secure.gravatar.com\\\/avatar\\\/1ec290616e6e3dc043e286f62b87c0f992c4889ead141b3e3dfc70d018a983e0?s=96&d=mm&r=g\",\"url\":\"https:\\\/\\\/secure.gravatar.com\\\/avatar\\\/1ec290616e6e3dc043e286f62b87c0f992c4889ead141b3e3dfc70d018a983e0?s=96&d=mm&r=g\",\"contentUrl\":\"https:\\\/\\\/secure.gravatar.com\\\/avatar\\\/1ec290616e6e3dc043e286f62b87c0f992c4889ead141b3e3dfc70d018a983e0?s=96&d=mm&r=g\",\"caption\":\"Omar Huaman\"},\"url\":\"https:\\\/\\\/fcctp.usmp.edu.pe\\\/noticias\\\/author\\\/notieditor\\\/\"}]}<\/script>\n<!-- \/ Yoast SEO plugin. -->","yoast_head_json":{"title":"FCCTP publica segunda edici\u00f3n del Nuevo diccionario espa\u00f1ol-quechua, quechua-espa\u00f1ol - Noticias","robots":{"index":"index","follow":"follow","max-snippet":"max-snippet:-1","max-image-preview":"max-image-preview:large","max-video-preview":"max-video-preview:-1"},"canonical":"https:\/\/fcctp.usmp.edu.pe\/noticias\/publicaciones\/fcctp-publica-segunda-edicion-del-nuevo-diccionario-espanol-quechua-quechua-espanol\/","og_locale":"es_ES","og_type":"article","og_title":"FCCTP publica segunda edici\u00f3n del Nuevo diccionario espa\u00f1ol-quechua, quechua-espa\u00f1ol - Noticias","og_description":"La obra del Dr. Julio Calvo P\u00e9rez podr\u00e1 ser consultada de manera digital desde este 14 de julio mediante la p\u00e1gina web de nuestra Facultad.","og_url":"https:\/\/fcctp.usmp.edu.pe\/noticias\/publicaciones\/fcctp-publica-segunda-edicion-del-nuevo-diccionario-espanol-quechua-quechua-espanol\/","og_site_name":"Noticias","article_publisher":"https:\/\/www.facebook.com\/fcctp","article_published_time":"2022-07-14T18:43:18+00:00","article_modified_time":"2022-07-14T18:45:04+00:00","og_image":[{"width":720,"height":450,"url":"https:\/\/fcctp.usmp.edu.pe\/noticias\/wp-content\/uploads\/2022\/07\/13-07_Fcctp_Cabecera2.jpg","type":"image\/jpeg"}],"author":"Omar Huaman","twitter_card":"summary_large_image","twitter_creator":"@fcctp_usmp","twitter_site":"@fcctp_usmp","twitter_misc":{"Written by":"Omar Huaman","Est. reading time":"2 minutos"},"schema":{"@context":"https:\/\/schema.org","@graph":[{"@type":"Article","@id":"https:\/\/fcctp.usmp.edu.pe\/noticias\/publicaciones\/fcctp-publica-segunda-edicion-del-nuevo-diccionario-espanol-quechua-quechua-espanol\/#article","isPartOf":{"@id":"https:\/\/fcctp.usmp.edu.pe\/noticias\/publicaciones\/fcctp-publica-segunda-edicion-del-nuevo-diccionario-espanol-quechua-quechua-espanol\/"},"author":{"name":"Omar Huaman","@id":"https:\/\/fcctp.usmp.edu.pe\/noticias\/#\/schema\/person\/4fdff53bd44bf6f645fe381e079e1252"},"headline":"FCCTP publica segunda edici\u00f3n del Nuevo diccionario espa\u00f1ol-quechua, quechua-espa\u00f1ol","datePublished":"2022-07-14T18:43:18+00:00","dateModified":"2022-07-14T18:45:04+00:00","mainEntityOfPage":{"@id":"https:\/\/fcctp.usmp.edu.pe\/noticias\/publicaciones\/fcctp-publica-segunda-edicion-del-nuevo-diccionario-espanol-quechua-quechua-espanol\/"},"wordCount":406,"publisher":{"@id":"https:\/\/fcctp.usmp.edu.pe\/noticias\/#organization"},"image":{"@id":"https:\/\/fcctp.usmp.edu.pe\/noticias\/publicaciones\/fcctp-publica-segunda-edicion-del-nuevo-diccionario-espanol-quechua-quechua-espanol\/#primaryimage"},"thumbnailUrl":"https:\/\/fcctp.usmp.edu.pe\/noticias\/wp-content\/uploads\/2022\/07\/13-07_Fcctp_Cabecera2.jpg","keywords":["Home FCCTP","Lo mas destacado"],"articleSection":["Publicaciones"],"inLanguage":"es-PE"},{"@type":"WebPage","@id":"https:\/\/fcctp.usmp.edu.pe\/noticias\/publicaciones\/fcctp-publica-segunda-edicion-del-nuevo-diccionario-espanol-quechua-quechua-espanol\/","url":"https:\/\/fcctp.usmp.edu.pe\/noticias\/publicaciones\/fcctp-publica-segunda-edicion-del-nuevo-diccionario-espanol-quechua-quechua-espanol\/","name":"FCCTP publica segunda edici\u00f3n del Nuevo diccionario espa\u00f1ol-quechua, quechua-espa\u00f1ol - Noticias","isPartOf":{"@id":"https:\/\/fcctp.usmp.edu.pe\/noticias\/#website"},"primaryImageOfPage":{"@id":"https:\/\/fcctp.usmp.edu.pe\/noticias\/publicaciones\/fcctp-publica-segunda-edicion-del-nuevo-diccionario-espanol-quechua-quechua-espanol\/#primaryimage"},"image":{"@id":"https:\/\/fcctp.usmp.edu.pe\/noticias\/publicaciones\/fcctp-publica-segunda-edicion-del-nuevo-diccionario-espanol-quechua-quechua-espanol\/#primaryimage"},"thumbnailUrl":"https:\/\/fcctp.usmp.edu.pe\/noticias\/wp-content\/uploads\/2022\/07\/13-07_Fcctp_Cabecera2.jpg","datePublished":"2022-07-14T18:43:18+00:00","dateModified":"2022-07-14T18:45:04+00:00","breadcrumb":{"@id":"https:\/\/fcctp.usmp.edu.pe\/noticias\/publicaciones\/fcctp-publica-segunda-edicion-del-nuevo-diccionario-espanol-quechua-quechua-espanol\/#breadcrumb"},"inLanguage":"es-PE","potentialAction":[{"@type":"ReadAction","target":["https:\/\/fcctp.usmp.edu.pe\/noticias\/publicaciones\/fcctp-publica-segunda-edicion-del-nuevo-diccionario-espanol-quechua-quechua-espanol\/"]}]},{"@type":"ImageObject","inLanguage":"es-PE","@id":"https:\/\/fcctp.usmp.edu.pe\/noticias\/publicaciones\/fcctp-publica-segunda-edicion-del-nuevo-diccionario-espanol-quechua-quechua-espanol\/#primaryimage","url":"https:\/\/fcctp.usmp.edu.pe\/noticias\/wp-content\/uploads\/2022\/07\/13-07_Fcctp_Cabecera2.jpg","contentUrl":"https:\/\/fcctp.usmp.edu.pe\/noticias\/wp-content\/uploads\/2022\/07\/13-07_Fcctp_Cabecera2.jpg","width":720,"height":450,"caption":"Diccionario espa\u00f1ol-quechua, quechua-espa\u00f1ol"},{"@type":"BreadcrumbList","@id":"https:\/\/fcctp.usmp.edu.pe\/noticias\/publicaciones\/fcctp-publica-segunda-edicion-del-nuevo-diccionario-espanol-quechua-quechua-espanol\/#breadcrumb","itemListElement":[{"@type":"ListItem","position":1,"name":"Portada","item":"https:\/\/fcctp.usmp.edu.pe\/noticias\/"},{"@type":"ListItem","position":2,"name":"FCCTP publica segunda edici\u00f3n del Nuevo diccionario espa\u00f1ol-quechua, quechua-espa\u00f1ol"}]},{"@type":"WebSite","@id":"https:\/\/fcctp.usmp.edu.pe\/noticias\/#website","url":"https:\/\/fcctp.usmp.edu.pe\/noticias\/","name":"Noticias FCCTP","description":"Facultad de Ciencias de la Comunicaci\u00f3n, Turismo y Psicolog\u00eda","publisher":{"@id":"https:\/\/fcctp.usmp.edu.pe\/noticias\/#organization"},"potentialAction":[{"@type":"SearchAction","target":{"@type":"EntryPoint","urlTemplate":"https:\/\/fcctp.usmp.edu.pe\/noticias\/?s={search_term_string}"},"query-input":{"@type":"PropertyValueSpecification","valueRequired":true,"valueName":"search_term_string"}}],"inLanguage":"es-PE"},{"@type":"Organization","@id":"https:\/\/fcctp.usmp.edu.pe\/noticias\/#organization","name":"Facultad de Ciencias de la Comunicaci\u00f3n, Turismo y Psicolog\u00eda","url":"https:\/\/fcctp.usmp.edu.pe\/noticias\/","logo":{"@type":"ImageObject","inLanguage":"es-PE","@id":"https:\/\/fcctp.usmp.edu.pe\/noticias\/#\/schema\/logo\/image\/","url":"https:\/\/fcctp.usmp.edu.pe\/noticias\/wp-content\/uploads\/2022\/03\/logoFCCTP_60.svg","contentUrl":"https:\/\/fcctp.usmp.edu.pe\/noticias\/wp-content\/uploads\/2022\/03\/logoFCCTP_60.svg","width":347,"height":66,"caption":"Facultad de Ciencias de la Comunicaci\u00f3n, Turismo y Psicolog\u00eda"},"image":{"@id":"https:\/\/fcctp.usmp.edu.pe\/noticias\/#\/schema\/logo\/image\/"},"sameAs":["https:\/\/www.facebook.com\/fcctp","https:\/\/x.com\/fcctp_usmp","https:\/\/www.instagram.com\/fcctp_usmp\/"]},{"@type":"Person","@id":"https:\/\/fcctp.usmp.edu.pe\/noticias\/#\/schema\/person\/4fdff53bd44bf6f645fe381e079e1252","name":"Omar Huaman","image":{"@type":"ImageObject","inLanguage":"es-PE","@id":"https:\/\/secure.gravatar.com\/avatar\/1ec290616e6e3dc043e286f62b87c0f992c4889ead141b3e3dfc70d018a983e0?s=96&d=mm&r=g","url":"https:\/\/secure.gravatar.com\/avatar\/1ec290616e6e3dc043e286f62b87c0f992c4889ead141b3e3dfc70d018a983e0?s=96&d=mm&r=g","contentUrl":"https:\/\/secure.gravatar.com\/avatar\/1ec290616e6e3dc043e286f62b87c0f992c4889ead141b3e3dfc70d018a983e0?s=96&d=mm&r=g","caption":"Omar Huaman"},"url":"https:\/\/fcctp.usmp.edu.pe\/noticias\/author\/notieditor\/"}]}},"_links":{"self":[{"href":"https:\/\/fcctp.usmp.edu.pe\/noticias\/wp-json\/wp\/v2\/posts\/8200","targetHints":{"allow":["GET"]}}],"collection":[{"href":"https:\/\/fcctp.usmp.edu.pe\/noticias\/wp-json\/wp\/v2\/posts"}],"about":[{"href":"https:\/\/fcctp.usmp.edu.pe\/noticias\/wp-json\/wp\/v2\/types\/post"}],"author":[{"embeddable":true,"href":"https:\/\/fcctp.usmp.edu.pe\/noticias\/wp-json\/wp\/v2\/users\/2"}],"replies":[{"embeddable":true,"href":"https:\/\/fcctp.usmp.edu.pe\/noticias\/wp-json\/wp\/v2\/comments?post=8200"}],"version-history":[{"count":4,"href":"https:\/\/fcctp.usmp.edu.pe\/noticias\/wp-json\/wp\/v2\/posts\/8200\/revisions"}],"predecessor-version":[{"id":8205,"href":"https:\/\/fcctp.usmp.edu.pe\/noticias\/wp-json\/wp\/v2\/posts\/8200\/revisions\/8205"}],"wp:featuredmedia":[{"embeddable":true,"href":"https:\/\/fcctp.usmp.edu.pe\/noticias\/wp-json\/wp\/v2\/media\/8201"}],"wp:attachment":[{"href":"https:\/\/fcctp.usmp.edu.pe\/noticias\/wp-json\/wp\/v2\/media?parent=8200"}],"wp:term":[{"taxonomy":"category","embeddable":true,"href":"https:\/\/fcctp.usmp.edu.pe\/noticias\/wp-json\/wp\/v2\/categories?post=8200"},{"taxonomy":"post_tag","embeddable":true,"href":"https:\/\/fcctp.usmp.edu.pe\/noticias\/wp-json\/wp\/v2\/tags?post=8200"}],"curies":[{"name":"wp","href":"https:\/\/api.w.org\/{rel}","templated":true}]}}