{"id":8196,"date":"2022-07-11T18:59:43","date_gmt":"2022-07-11T18:59:43","guid":{"rendered":"https:\/\/fcctp.usmp.edu.pe\/noticias\/?p=8196"},"modified":"2022-07-12T19:02:07","modified_gmt":"2022-07-12T19:02:07","slug":"pautas-a-tomar-en-cuenta-para-la-matricula-y-el-retorno-a-las-aulas-en-el-semestre-2022-2","status":"publish","type":"post","link":"https:\/\/fcctp.usmp.edu.pe\/noticias\/destacado\/pautas-a-tomar-en-cuenta-para-la-matricula-y-el-retorno-a-las-aulas-en-el-semestre-2022-2\/","title":{"rendered":"Pautas a tomar en cuenta para la matr\u00edcula y el retorno a las aulas en el semestre 2022-2"},"content":{"rendered":"<p style=\"text-align: justify;\">La Facultad de Ciencias de la Comunicaci\u00f3n, Turismo y Psicolog\u00eda (FCCTP) de la Universidad de San Mart\u00edn de Porres anuncia que, durante el semestre 2022-2, las clases se desarrollar\u00e1n en las modalidades presencial, semipresencial y a distancia.<\/p>\n<p style=\"text-align: justify;\">En ese sentido, a fin de garantizar el bienestar y la salud de toda la comunidad universitaria, nuestra casa de estudios ha implementado los protocolos de bioseguridad acorde a las disposiciones del Ministerio de Salud (MINSA).<\/p>\n<p style=\"text-align: justify;\">Asimismo, de acuerdo a dichas normativas, los grupos de alumnos que \u00fanicamente podr\u00e1n llevar sus cursos en modalidad a distancia ser\u00e1n los siguientes:<\/p>\n<p style=\"text-align: justify;\">&#8211; Los estudiantes mayores de 18 a\u00f1os que no cuenten con la aplicaci\u00f3n de las 3 dosis de la vacuna.<br \/>\n&#8211; Los estudiantes menores de 18 a\u00f1os que no cuenten con la aplicaci\u00f3n de las 2 dosis de la vacuna.<br \/>\n&#8211; Las alumnas gestantes y en periodo de lactancia, de preferencia hasta los 6 meses posteriores al parto.<\/p>\n<p style=\"text-align: justify;\">Por lo tanto, cualquier estudiante que desee matricularse en modalidad presencial o semipresencial, debe completar su esquema de vacunaci\u00f3n, de manera que pueda velar por su bienestar y el de las personas que lo rodean.<\/p>\n<p style=\"text-align: justify;\">Adicional a ello, se ha activado la plataforma del Servicio M\u00e9dico, con el fin de evaluar la condici\u00f3n de salud de todo alumno y cuidar por la seguridad de toda la comunidad. En este espacio virtual, cada estudiante debe subir su ficha de sintomatolog\u00eda y el carn\u00e9 de vacunaci\u00f3n en formato PDF.<\/p>\n<p style=\"text-align: justify;\"><strong>Importante:<\/strong><\/p>\n<p style=\"text-align: justify;\">&#8211; El registro y env\u00edo de los documentos es obligatorio para el ingreso a la FCCTP en el semestre acad\u00e9mico 2022-2, el cual inicia el lunes 1 de agosto de 2022.<br \/>\n&#8211; Si tienes alguna consulta adicional, puedes comunicarte al correo de Servicio M\u00e9dico: serviciomedico_fcctp@usmp.pe<br \/>\n&#8211; En caso de presentar dificultades para acceder a la plataforma, escr\u00edbenos al correo: soporte_fcctp@usmp.pe<\/p>\n","protected":false},"excerpt":{"rendered":"<p>La Facultad de Ciencias de la Comunicaci\u00f3n, Turismo y Psicolog\u00eda (FCCTP) de la Universidad de San Mart\u00edn de Porres anuncia que, durante el semestre 2022-2, las clases se desarrollar\u00e1n en las modalidades presencial, semipresencial y a distancia. En ese sentido, a fin de garantizar el bienestar y la salud de toda la comunidad universitaria, nuestra &#8230; <a title=\"Pautas a tomar en cuenta para la matr\u00edcula y el retorno a las aulas en el semestre 2022-2\" class=\"read-more\" href=\"https:\/\/fcctp.usmp.edu.pe\/noticias\/destacado\/pautas-a-tomar-en-cuenta-para-la-matricula-y-el-retorno-a-las-aulas-en-el-semestre-2022-2\/\" aria-label=\"More on Pautas a tomar en cuenta para la matr\u00edcula y el retorno a las aulas en el semestre 2022-2\">Read more<\/a><\/p>\n","protected":false},"author":2,"featured_media":8197,"comment_status":"closed","ping_status":"closed","sticky":false,"template":"","format":"standard","meta":{"footnotes":""},"categories":[45],"tags":[47,46],"class_list":["post-8196","post","type-post","status-publish","format-standard","has-post-thumbnail","hentry","category-destacado","tag-home-fcctp","tag-lo-mas-destacado"],"yoast_head":"<!-- This site is optimized with the Yoast SEO plugin v28.3 - https:\/\/yoast.com\/product\/yoast-seo-wordpress\/ -->\n<title>Pautas a tomar en cuenta para la matr\u00edcula y el retorno a las aulas en el semestre 2022-2 - Noticias<\/title>\n<meta name=\"robots\" content=\"index, follow, max-snippet:-1, max-image-preview:large, max-video-preview:-1\" \/>\n<link rel=\"canonical\" href=\"https:\/\/fcctp.usmp.edu.pe\/noticias\/destacado\/pautas-a-tomar-en-cuenta-para-la-matricula-y-el-retorno-a-las-aulas-en-el-semestre-2022-2\/\" \/>\n<meta property=\"og:locale\" content=\"es_ES\" \/>\n<meta property=\"og:type\" content=\"article\" \/>\n<meta property=\"og:title\" content=\"Pautas a tomar en cuenta para la matr\u00edcula y el retorno a las aulas en el semestre 2022-2 - Noticias\" \/>\n<meta property=\"og:description\" content=\"La Facultad de Ciencias de la Comunicaci\u00f3n, Turismo y Psicolog\u00eda (FCCTP) de la Universidad de San Mart\u00edn de Porres anuncia que, durante el semestre 2022-2, las clases se desarrollar\u00e1n en las modalidades presencial, semipresencial y a distancia. En ese sentido, a fin de garantizar el bienestar y la salud de toda la comunidad universitaria, nuestra ... Read more\" \/>\n<meta property=\"og:url\" content=\"https:\/\/fcctp.usmp.edu.pe\/noticias\/destacado\/pautas-a-tomar-en-cuenta-para-la-matricula-y-el-retorno-a-las-aulas-en-el-semestre-2022-2\/\" \/>\n<meta property=\"og:site_name\" content=\"Noticias\" \/>\n<meta property=\"article:publisher\" content=\"https:\/\/www.facebook.com\/fcctp\" \/>\n<meta property=\"article:published_time\" content=\"2022-07-11T18:59:43+00:00\" \/>\n<meta property=\"article:modified_time\" content=\"2022-07-12T19:02:07+00:00\" \/>\n<meta property=\"og:image\" content=\"https:\/\/fcctp.usmp.edu.pe\/noticias\/wp-content\/uploads\/2022\/07\/12-07_FCCTP_cabecera1.png\" \/>\n\t<meta property=\"og:image:width\" content=\"720\" \/>\n\t<meta property=\"og:image:height\" content=\"450\" \/>\n\t<meta property=\"og:image:type\" content=\"image\/png\" \/>\n<meta name=\"author\" content=\"Omar Huaman\" \/>\n<meta name=\"twitter:card\" content=\"summary_large_image\" \/>\n<meta name=\"twitter:creator\" content=\"@fcctp_usmp\" \/>\n<meta name=\"twitter:site\" content=\"@fcctp_usmp\" \/>\n<meta name=\"twitter:label1\" content=\"Written by\" \/>\n\t<meta name=\"twitter:data1\" content=\"Omar Huaman\" \/>\n\t<meta name=\"twitter:label2\" content=\"Est. reading time\" \/>\n\t<meta name=\"twitter:data2\" content=\"2 minutos\" \/>\n<script type=\"application\/ld+json\" class=\"yoast-schema-graph\">{\"@context\":\"https:\\\/\\\/schema.org\",\"@graph\":[{\"@type\":\"Article\",\"@id\":\"https:\\\/\\\/fcctp.usmp.edu.pe\\\/noticias\\\/destacado\\\/pautas-a-tomar-en-cuenta-para-la-matricula-y-el-retorno-a-las-aulas-en-el-semestre-2022-2\\\/#article\",\"isPartOf\":{\"@id\":\"https:\\\/\\\/fcctp.usmp.edu.pe\\\/noticias\\\/destacado\\\/pautas-a-tomar-en-cuenta-para-la-matricula-y-el-retorno-a-las-aulas-en-el-semestre-2022-2\\\/\"},\"author\":{\"name\":\"Omar Huaman\",\"@id\":\"https:\\\/\\\/fcctp.usmp.edu.pe\\\/noticias\\\/#\\\/schema\\\/person\\\/4fdff53bd44bf6f645fe381e079e1252\"},\"headline\":\"Pautas a tomar en cuenta para la matr\u00edcula y el retorno a las aulas en el semestre 2022-2\",\"datePublished\":\"2022-07-11T18:59:43+00:00\",\"dateModified\":\"2022-07-12T19:02:07+00:00\",\"mainEntityOfPage\":{\"@id\":\"https:\\\/\\\/fcctp.usmp.edu.pe\\\/noticias\\\/destacado\\\/pautas-a-tomar-en-cuenta-para-la-matricula-y-el-retorno-a-las-aulas-en-el-semestre-2022-2\\\/\"},\"wordCount\":339,\"publisher\":{\"@id\":\"https:\\\/\\\/fcctp.usmp.edu.pe\\\/noticias\\\/#organization\"},\"image\":{\"@id\":\"https:\\\/\\\/fcctp.usmp.edu.pe\\\/noticias\\\/destacado\\\/pautas-a-tomar-en-cuenta-para-la-matricula-y-el-retorno-a-las-aulas-en-el-semestre-2022-2\\\/#primaryimage\"},\"thumbnailUrl\":\"https:\\\/\\\/fcctp.usmp.edu.pe\\\/noticias\\\/wp-content\\\/uploads\\\/2022\\\/07\\\/12-07_FCCTP_cabecera1.png\",\"keywords\":[\"Home FCCTP\",\"Lo mas destacado\"],\"articleSection\":[\"Destacado\"],\"inLanguage\":\"es-PE\"},{\"@type\":\"WebPage\",\"@id\":\"https:\\\/\\\/fcctp.usmp.edu.pe\\\/noticias\\\/destacado\\\/pautas-a-tomar-en-cuenta-para-la-matricula-y-el-retorno-a-las-aulas-en-el-semestre-2022-2\\\/\",\"url\":\"https:\\\/\\\/fcctp.usmp.edu.pe\\\/noticias\\\/destacado\\\/pautas-a-tomar-en-cuenta-para-la-matricula-y-el-retorno-a-las-aulas-en-el-semestre-2022-2\\\/\",\"name\":\"Pautas a tomar en cuenta para la matr\u00edcula y el retorno a las aulas en el semestre 2022-2 - Noticias\",\"isPartOf\":{\"@id\":\"https:\\\/\\\/fcctp.usmp.edu.pe\\\/noticias\\\/#website\"},\"primaryImageOfPage\":{\"@id\":\"https:\\\/\\\/fcctp.usmp.edu.pe\\\/noticias\\\/destacado\\\/pautas-a-tomar-en-cuenta-para-la-matricula-y-el-retorno-a-las-aulas-en-el-semestre-2022-2\\\/#primaryimage\"},\"image\":{\"@id\":\"https:\\\/\\\/fcctp.usmp.edu.pe\\\/noticias\\\/destacado\\\/pautas-a-tomar-en-cuenta-para-la-matricula-y-el-retorno-a-las-aulas-en-el-semestre-2022-2\\\/#primaryimage\"},\"thumbnailUrl\":\"https:\\\/\\\/fcctp.usmp.edu.pe\\\/noticias\\\/wp-content\\\/uploads\\\/2022\\\/07\\\/12-07_FCCTP_cabecera1.png\",\"datePublished\":\"2022-07-11T18:59:43+00:00\",\"dateModified\":\"2022-07-12T19:02:07+00:00\",\"breadcrumb\":{\"@id\":\"https:\\\/\\\/fcctp.usmp.edu.pe\\\/noticias\\\/destacado\\\/pautas-a-tomar-en-cuenta-para-la-matricula-y-el-retorno-a-las-aulas-en-el-semestre-2022-2\\\/#breadcrumb\"},\"inLanguage\":\"es-PE\",\"potentialAction\":[{\"@type\":\"ReadAction\",\"target\":[\"https:\\\/\\\/fcctp.usmp.edu.pe\\\/noticias\\\/destacado\\\/pautas-a-tomar-en-cuenta-para-la-matricula-y-el-retorno-a-las-aulas-en-el-semestre-2022-2\\\/\"]}]},{\"@type\":\"ImageObject\",\"inLanguage\":\"es-PE\",\"@id\":\"https:\\\/\\\/fcctp.usmp.edu.pe\\\/noticias\\\/destacado\\\/pautas-a-tomar-en-cuenta-para-la-matricula-y-el-retorno-a-las-aulas-en-el-semestre-2022-2\\\/#primaryimage\",\"url\":\"https:\\\/\\\/fcctp.usmp.edu.pe\\\/noticias\\\/wp-content\\\/uploads\\\/2022\\\/07\\\/12-07_FCCTP_cabecera1.png\",\"contentUrl\":\"https:\\\/\\\/fcctp.usmp.edu.pe\\\/noticias\\\/wp-content\\\/uploads\\\/2022\\\/07\\\/12-07_FCCTP_cabecera1.png\",\"width\":720,\"height\":450,\"caption\":\"Pautas para la matr\u00edcula y regreso a las aulas\"},{\"@type\":\"BreadcrumbList\",\"@id\":\"https:\\\/\\\/fcctp.usmp.edu.pe\\\/noticias\\\/destacado\\\/pautas-a-tomar-en-cuenta-para-la-matricula-y-el-retorno-a-las-aulas-en-el-semestre-2022-2\\\/#breadcrumb\",\"itemListElement\":[{\"@type\":\"ListItem\",\"position\":1,\"name\":\"Portada\",\"item\":\"https:\\\/\\\/fcctp.usmp.edu.pe\\\/noticias\\\/\"},{\"@type\":\"ListItem\",\"position\":2,\"name\":\"Pautas a tomar en cuenta para la matr\u00edcula y el retorno a las aulas en el semestre 2022-2\"}]},{\"@type\":\"WebSite\",\"@id\":\"https:\\\/\\\/fcctp.usmp.edu.pe\\\/noticias\\\/#website\",\"url\":\"https:\\\/\\\/fcctp.usmp.edu.pe\\\/noticias\\\/\",\"name\":\"Noticias FCCTP\",\"description\":\"Facultad de Ciencias de la Comunicaci\u00f3n, Turismo y Psicolog\u00eda\",\"publisher\":{\"@id\":\"https:\\\/\\\/fcctp.usmp.edu.pe\\\/noticias\\\/#organization\"},\"potentialAction\":[{\"@type\":\"SearchAction\",\"target\":{\"@type\":\"EntryPoint\",\"urlTemplate\":\"https:\\\/\\\/fcctp.usmp.edu.pe\\\/noticias\\\/?s={search_term_string}\"},\"query-input\":{\"@type\":\"PropertyValueSpecification\",\"valueRequired\":true,\"valueName\":\"search_term_string\"}}],\"inLanguage\":\"es-PE\"},{\"@type\":\"Organization\",\"@id\":\"https:\\\/\\\/fcctp.usmp.edu.pe\\\/noticias\\\/#organization\",\"name\":\"Facultad de Ciencias de la Comunicaci\u00f3n, Turismo y Psicolog\u00eda\",\"url\":\"https:\\\/\\\/fcctp.usmp.edu.pe\\\/noticias\\\/\",\"logo\":{\"@type\":\"ImageObject\",\"inLanguage\":\"es-PE\",\"@id\":\"https:\\\/\\\/fcctp.usmp.edu.pe\\\/noticias\\\/#\\\/schema\\\/logo\\\/image\\\/\",\"url\":\"https:\\\/\\\/fcctp.usmp.edu.pe\\\/noticias\\\/wp-content\\\/uploads\\\/2022\\\/03\\\/logoFCCTP_60.svg\",\"contentUrl\":\"https:\\\/\\\/fcctp.usmp.edu.pe\\\/noticias\\\/wp-content\\\/uploads\\\/2022\\\/03\\\/logoFCCTP_60.svg\",\"width\":347,\"height\":66,\"caption\":\"Facultad de Ciencias de la Comunicaci\u00f3n, Turismo y Psicolog\u00eda\"},\"image\":{\"@id\":\"https:\\\/\\\/fcctp.usmp.edu.pe\\\/noticias\\\/#\\\/schema\\\/logo\\\/image\\\/\"},\"sameAs\":[\"https:\\\/\\\/www.facebook.com\\\/fcctp\",\"https:\\\/\\\/x.com\\\/fcctp_usmp\",\"https:\\\/\\\/www.instagram.com\\\/fcctp_usmp\\\/\"]},{\"@type\":\"Person\",\"@id\":\"https:\\\/\\\/fcctp.usmp.edu.pe\\\/noticias\\\/#\\\/schema\\\/person\\\/4fdff53bd44bf6f645fe381e079e1252\",\"name\":\"Omar Huaman\",\"image\":{\"@type\":\"ImageObject\",\"inLanguage\":\"es-PE\",\"@id\":\"https:\\\/\\\/secure.gravatar.com\\\/avatar\\\/1ec290616e6e3dc043e286f62b87c0f992c4889ead141b3e3dfc70d018a983e0?s=96&d=mm&r=g\",\"url\":\"https:\\\/\\\/secure.gravatar.com\\\/avatar\\\/1ec290616e6e3dc043e286f62b87c0f992c4889ead141b3e3dfc70d018a983e0?s=96&d=mm&r=g\",\"contentUrl\":\"https:\\\/\\\/secure.gravatar.com\\\/avatar\\\/1ec290616e6e3dc043e286f62b87c0f992c4889ead141b3e3dfc70d018a983e0?s=96&d=mm&r=g\",\"caption\":\"Omar Huaman\"},\"url\":\"https:\\\/\\\/fcctp.usmp.edu.pe\\\/noticias\\\/author\\\/notieditor\\\/\"}]}<\/script>\n<!-- \/ Yoast SEO plugin. -->","yoast_head_json":{"title":"Pautas a tomar en cuenta para la matr\u00edcula y el retorno a las aulas en el semestre 2022-2 - Noticias","robots":{"index":"index","follow":"follow","max-snippet":"max-snippet:-1","max-image-preview":"max-image-preview:large","max-video-preview":"max-video-preview:-1"},"canonical":"https:\/\/fcctp.usmp.edu.pe\/noticias\/destacado\/pautas-a-tomar-en-cuenta-para-la-matricula-y-el-retorno-a-las-aulas-en-el-semestre-2022-2\/","og_locale":"es_ES","og_type":"article","og_title":"Pautas a tomar en cuenta para la matr\u00edcula y el retorno a las aulas en el semestre 2022-2 - Noticias","og_description":"La Facultad de Ciencias de la Comunicaci\u00f3n, Turismo y Psicolog\u00eda (FCCTP) de la Universidad de San Mart\u00edn de Porres anuncia que, durante el semestre 2022-2, las clases se desarrollar\u00e1n en las modalidades presencial, semipresencial y a distancia. En ese sentido, a fin de garantizar el bienestar y la salud de toda la comunidad universitaria, nuestra ... Read more","og_url":"https:\/\/fcctp.usmp.edu.pe\/noticias\/destacado\/pautas-a-tomar-en-cuenta-para-la-matricula-y-el-retorno-a-las-aulas-en-el-semestre-2022-2\/","og_site_name":"Noticias","article_publisher":"https:\/\/www.facebook.com\/fcctp","article_published_time":"2022-07-11T18:59:43+00:00","article_modified_time":"2022-07-12T19:02:07+00:00","og_image":[{"width":720,"height":450,"url":"https:\/\/fcctp.usmp.edu.pe\/noticias\/wp-content\/uploads\/2022\/07\/12-07_FCCTP_cabecera1.png","type":"image\/png"}],"author":"Omar Huaman","twitter_card":"summary_large_image","twitter_creator":"@fcctp_usmp","twitter_site":"@fcctp_usmp","twitter_misc":{"Written by":"Omar Huaman","Est. reading time":"2 minutos"},"schema":{"@context":"https:\/\/schema.org","@graph":[{"@type":"Article","@id":"https:\/\/fcctp.usmp.edu.pe\/noticias\/destacado\/pautas-a-tomar-en-cuenta-para-la-matricula-y-el-retorno-a-las-aulas-en-el-semestre-2022-2\/#article","isPartOf":{"@id":"https:\/\/fcctp.usmp.edu.pe\/noticias\/destacado\/pautas-a-tomar-en-cuenta-para-la-matricula-y-el-retorno-a-las-aulas-en-el-semestre-2022-2\/"},"author":{"name":"Omar Huaman","@id":"https:\/\/fcctp.usmp.edu.pe\/noticias\/#\/schema\/person\/4fdff53bd44bf6f645fe381e079e1252"},"headline":"Pautas a tomar en cuenta para la matr\u00edcula y el retorno a las aulas en el semestre 2022-2","datePublished":"2022-07-11T18:59:43+00:00","dateModified":"2022-07-12T19:02:07+00:00","mainEntityOfPage":{"@id":"https:\/\/fcctp.usmp.edu.pe\/noticias\/destacado\/pautas-a-tomar-en-cuenta-para-la-matricula-y-el-retorno-a-las-aulas-en-el-semestre-2022-2\/"},"wordCount":339,"publisher":{"@id":"https:\/\/fcctp.usmp.edu.pe\/noticias\/#organization"},"image":{"@id":"https:\/\/fcctp.usmp.edu.pe\/noticias\/destacado\/pautas-a-tomar-en-cuenta-para-la-matricula-y-el-retorno-a-las-aulas-en-el-semestre-2022-2\/#primaryimage"},"thumbnailUrl":"https:\/\/fcctp.usmp.edu.pe\/noticias\/wp-content\/uploads\/2022\/07\/12-07_FCCTP_cabecera1.png","keywords":["Home FCCTP","Lo mas destacado"],"articleSection":["Destacado"],"inLanguage":"es-PE"},{"@type":"WebPage","@id":"https:\/\/fcctp.usmp.edu.pe\/noticias\/destacado\/pautas-a-tomar-en-cuenta-para-la-matricula-y-el-retorno-a-las-aulas-en-el-semestre-2022-2\/","url":"https:\/\/fcctp.usmp.edu.pe\/noticias\/destacado\/pautas-a-tomar-en-cuenta-para-la-matricula-y-el-retorno-a-las-aulas-en-el-semestre-2022-2\/","name":"Pautas a tomar en cuenta para la matr\u00edcula y el retorno a las aulas en el semestre 2022-2 - Noticias","isPartOf":{"@id":"https:\/\/fcctp.usmp.edu.pe\/noticias\/#website"},"primaryImageOfPage":{"@id":"https:\/\/fcctp.usmp.edu.pe\/noticias\/destacado\/pautas-a-tomar-en-cuenta-para-la-matricula-y-el-retorno-a-las-aulas-en-el-semestre-2022-2\/#primaryimage"},"image":{"@id":"https:\/\/fcctp.usmp.edu.pe\/noticias\/destacado\/pautas-a-tomar-en-cuenta-para-la-matricula-y-el-retorno-a-las-aulas-en-el-semestre-2022-2\/#primaryimage"},"thumbnailUrl":"https:\/\/fcctp.usmp.edu.pe\/noticias\/wp-content\/uploads\/2022\/07\/12-07_FCCTP_cabecera1.png","datePublished":"2022-07-11T18:59:43+00:00","dateModified":"2022-07-12T19:02:07+00:00","breadcrumb":{"@id":"https:\/\/fcctp.usmp.edu.pe\/noticias\/destacado\/pautas-a-tomar-en-cuenta-para-la-matricula-y-el-retorno-a-las-aulas-en-el-semestre-2022-2\/#breadcrumb"},"inLanguage":"es-PE","potentialAction":[{"@type":"ReadAction","target":["https:\/\/fcctp.usmp.edu.pe\/noticias\/destacado\/pautas-a-tomar-en-cuenta-para-la-matricula-y-el-retorno-a-las-aulas-en-el-semestre-2022-2\/"]}]},{"@type":"ImageObject","inLanguage":"es-PE","@id":"https:\/\/fcctp.usmp.edu.pe\/noticias\/destacado\/pautas-a-tomar-en-cuenta-para-la-matricula-y-el-retorno-a-las-aulas-en-el-semestre-2022-2\/#primaryimage","url":"https:\/\/fcctp.usmp.edu.pe\/noticias\/wp-content\/uploads\/2022\/07\/12-07_FCCTP_cabecera1.png","contentUrl":"https:\/\/fcctp.usmp.edu.pe\/noticias\/wp-content\/uploads\/2022\/07\/12-07_FCCTP_cabecera1.png","width":720,"height":450,"caption":"Pautas para la matr\u00edcula y regreso a las aulas"},{"@type":"BreadcrumbList","@id":"https:\/\/fcctp.usmp.edu.pe\/noticias\/destacado\/pautas-a-tomar-en-cuenta-para-la-matricula-y-el-retorno-a-las-aulas-en-el-semestre-2022-2\/#breadcrumb","itemListElement":[{"@type":"ListItem","position":1,"name":"Portada","item":"https:\/\/fcctp.usmp.edu.pe\/noticias\/"},{"@type":"ListItem","position":2,"name":"Pautas a tomar en cuenta para la matr\u00edcula y el retorno a las aulas en el semestre 2022-2"}]},{"@type":"WebSite","@id":"https:\/\/fcctp.usmp.edu.pe\/noticias\/#website","url":"https:\/\/fcctp.usmp.edu.pe\/noticias\/","name":"Noticias FCCTP","description":"Facultad de Ciencias de la Comunicaci\u00f3n, Turismo y Psicolog\u00eda","publisher":{"@id":"https:\/\/fcctp.usmp.edu.pe\/noticias\/#organization"},"potentialAction":[{"@type":"SearchAction","target":{"@type":"EntryPoint","urlTemplate":"https:\/\/fcctp.usmp.edu.pe\/noticias\/?s={search_term_string}"},"query-input":{"@type":"PropertyValueSpecification","valueRequired":true,"valueName":"search_term_string"}}],"inLanguage":"es-PE"},{"@type":"Organization","@id":"https:\/\/fcctp.usmp.edu.pe\/noticias\/#organization","name":"Facultad de Ciencias de la Comunicaci\u00f3n, Turismo y Psicolog\u00eda","url":"https:\/\/fcctp.usmp.edu.pe\/noticias\/","logo":{"@type":"ImageObject","inLanguage":"es-PE","@id":"https:\/\/fcctp.usmp.edu.pe\/noticias\/#\/schema\/logo\/image\/","url":"https:\/\/fcctp.usmp.edu.pe\/noticias\/wp-content\/uploads\/2022\/03\/logoFCCTP_60.svg","contentUrl":"https:\/\/fcctp.usmp.edu.pe\/noticias\/wp-content\/uploads\/2022\/03\/logoFCCTP_60.svg","width":347,"height":66,"caption":"Facultad de Ciencias de la Comunicaci\u00f3n, Turismo y Psicolog\u00eda"},"image":{"@id":"https:\/\/fcctp.usmp.edu.pe\/noticias\/#\/schema\/logo\/image\/"},"sameAs":["https:\/\/www.facebook.com\/fcctp","https:\/\/x.com\/fcctp_usmp","https:\/\/www.instagram.com\/fcctp_usmp\/"]},{"@type":"Person","@id":"https:\/\/fcctp.usmp.edu.pe\/noticias\/#\/schema\/person\/4fdff53bd44bf6f645fe381e079e1252","name":"Omar Huaman","image":{"@type":"ImageObject","inLanguage":"es-PE","@id":"https:\/\/secure.gravatar.com\/avatar\/1ec290616e6e3dc043e286f62b87c0f992c4889ead141b3e3dfc70d018a983e0?s=96&d=mm&r=g","url":"https:\/\/secure.gravatar.com\/avatar\/1ec290616e6e3dc043e286f62b87c0f992c4889ead141b3e3dfc70d018a983e0?s=96&d=mm&r=g","contentUrl":"https:\/\/secure.gravatar.com\/avatar\/1ec290616e6e3dc043e286f62b87c0f992c4889ead141b3e3dfc70d018a983e0?s=96&d=mm&r=g","caption":"Omar Huaman"},"url":"https:\/\/fcctp.usmp.edu.pe\/noticias\/author\/notieditor\/"}]}},"_links":{"self":[{"href":"https:\/\/fcctp.usmp.edu.pe\/noticias\/wp-json\/wp\/v2\/posts\/8196","targetHints":{"allow":["GET"]}}],"collection":[{"href":"https:\/\/fcctp.usmp.edu.pe\/noticias\/wp-json\/wp\/v2\/posts"}],"about":[{"href":"https:\/\/fcctp.usmp.edu.pe\/noticias\/wp-json\/wp\/v2\/types\/post"}],"author":[{"embeddable":true,"href":"https:\/\/fcctp.usmp.edu.pe\/noticias\/wp-json\/wp\/v2\/users\/2"}],"replies":[{"embeddable":true,"href":"https:\/\/fcctp.usmp.edu.pe\/noticias\/wp-json\/wp\/v2\/comments?post=8196"}],"version-history":[{"count":1,"href":"https:\/\/fcctp.usmp.edu.pe\/noticias\/wp-json\/wp\/v2\/posts\/8196\/revisions"}],"predecessor-version":[{"id":8198,"href":"https:\/\/fcctp.usmp.edu.pe\/noticias\/wp-json\/wp\/v2\/posts\/8196\/revisions\/8198"}],"wp:featuredmedia":[{"embeddable":true,"href":"https:\/\/fcctp.usmp.edu.pe\/noticias\/wp-json\/wp\/v2\/media\/8197"}],"wp:attachment":[{"href":"https:\/\/fcctp.usmp.edu.pe\/noticias\/wp-json\/wp\/v2\/media?parent=8196"}],"wp:term":[{"taxonomy":"category","embeddable":true,"href":"https:\/\/fcctp.usmp.edu.pe\/noticias\/wp-json\/wp\/v2\/categories?post=8196"},{"taxonomy":"post_tag","embeddable":true,"href":"https:\/\/fcctp.usmp.edu.pe\/noticias\/wp-json\/wp\/v2\/tags?post=8196"}],"curies":[{"name":"wp","href":"https:\/\/api.w.org\/{rel}","templated":true}]}}