{"id":8192,"date":"2022-07-08T21:51:09","date_gmt":"2022-07-08T21:51:09","guid":{"rendered":"https:\/\/fcctp.usmp.edu.pe\/noticias\/?p=8192"},"modified":"2022-07-11T21:53:59","modified_gmt":"2022-07-11T21:53:59","slug":"como-ser-mas-empleable-para-las-empresas-en-esta-nueva-normalidad","status":"publish","type":"post","link":"https:\/\/fcctp.usmp.edu.pe\/noticias\/egresados-y-graduados\/como-ser-mas-empleable-para-las-empresas-en-esta-nueva-normalidad\/","title":{"rendered":"\u00bfC\u00f3mo ser m\u00e1s empleable para las empresas en esta nueva normalidad?"},"content":{"rendered":"<p style=\"text-align: justify;\"><em>Mediante el taller \u201cProcesos de selecci\u00f3n: nuevas tendencias\u201d, se dieron a conocer los puntos clave para convertirnos en profesionales m\u00e1s atractivos en el mundo laboral.<\/em><\/p>\n<p style=\"text-align: justify;\">La Facultad de Ciencias de la Comunicaci\u00f3n, Turismo y Psicolog\u00eda (FCCTP) de la USMP brind\u00f3 el primer taller de empleabilidad de este 2022 llamado \u201cProcesos de selecci\u00f3n: nuevas tendencias\u201d, el cual estuvo a cargo de la psic\u00f3loga y Mag. Julissa Sotomayor, subgerenta de Gesti\u00f3n del Talento y Compensaciones de Sodexo Per\u00fa.<\/p>\n<p style=\"text-align: justify;\">La especialista, quien fue presentada por Gianina Paz, responsable del Centro de Empleabilidad de la FCCTP, mencion\u00f3 una serie de pautas e indicaciones con el objetivo de ser m\u00e1s empleables y atractivos ante las empresas que han variado sus mecanismos de selecci\u00f3n a ra\u00edz de la pandemia.<\/p>\n<p style=\"text-align: justify;\">Como primer punto a tratar, explic\u00f3 que las redes sociales son una de las primeras impresiones que los reclutadores obtienen de los postulantes, debido a que, en ellas, las personas se desenvuelven tal y como son con sus entornos.<\/p>\n<p style=\"text-align: justify;\">\u201cDe nada servir\u00eda tener un perfil laboral extraordinario acad\u00e9micamente si el comportamiento del postulante en las redes sociales es opuesto a la cultura de la empresa\u201d, enfatiz\u00f3. Acorde a ello, resalt\u00f3 que es importante forjar nuestra \u201chuella digital\u201d ya que, gracias a esta, tendremos una reputaci\u00f3n al momento de que los empleadores busquen en Google los nombres de los entrevistados.<\/p>\n<p style=\"text-align: justify;\">Asimismo, recalc\u00f3 lo vital que es aplicar el \u201cEnfoque estrat\u00e9gico\u201d al momento de buscar un puesto de trabajo. A diferencia del \u201cEnfoque pasivo\u201d -el cual consiste en solo enviar tu hoja de vida y esperar alguna respuesta- este te invita a destacarte en tus redes sociales y empaparte de informaci\u00f3n sobre la empresa a la cual se postula.<\/p>\n<p style=\"text-align: justify;\">\u201c\u00bfEstoy siendo visible en mis redes? \u00bfSigo a las empresas a la que quiero entrar a trabajar? \u00bfMi CV est\u00e1 actualizado y contiene las keywords correspondientes? Tenemos que generar networking en todo momento\u201d, precis\u00f3 Sotomayor.<\/p>\n<p style=\"text-align: justify;\"><strong>LA IMPORTANCIA DE LA EMPLEABILIDAD<\/strong><\/p>\n<p style=\"text-align: justify;\">La ponente hizo hincapi\u00e9 en que \u201cser empleable consiste en crearse a uno mismo como una marca\u201d. Por ello, comparti\u00f3 con los invitados una f\u00f3rmula que resume c\u00f3mo lograr que las empresas se fijen en un potencial postulante:<\/p>\n<p style=\"text-align: justify;\">EMPLEABILIDAD = PERFIL PROFESIONAL (cualidades y destrezas de cada uno) + MARCA PERSONAL (forjar la reputaci\u00f3n) + MERCADO LABORAL (conocer la oferta y demanda laboral) + DOMINIO DEL PROCESO (correcto desenvolvimiento en la entrevista y proceso de selecci\u00f3n) + REDES (trabajar en nuestras referencias laborales)<\/p>\n<p style=\"text-align: justify;\">Finalmente, puntualiz\u00f3 que \u201cdebemos adaptarnos a las nuevas exigencias y que en nosotros se encuentra la oportunidad de sobresalir\u201d.<\/p>\n<p style=\"text-align: justify;\">\u201cCuando ustedes egresen de la carrera que escogieron, ese no ser\u00e1 el cierre de su objetivo, sino, una puerta abierta para que puedan enrumbarse a muchos m\u00e1s\u201d, reflexion\u00f3.<\/p>\n<p style=\"text-align: justify;\">Aqu\u00ed puedes ver la charla completa: <a href=\"https:\/\/youtu.be\/b2QSjZhgFww\">https:\/\/youtu.be\/b2QSjZhgFww<\/a><\/p>\n","protected":false},"excerpt":{"rendered":"<p>Mediante el taller \u201cProcesos de selecci\u00f3n: nuevas tendencias\u201d, se dieron a conocer los puntos clave para convertirnos en profesionales m\u00e1s atractivos en el mundo laboral.<\/p>\n","protected":false},"author":2,"featured_media":8193,"comment_status":"closed","ping_status":"closed","sticky":false,"template":"","format":"standard","meta":{"footnotes":""},"categories":[28],"tags":[47,46],"class_list":["post-8192","post","type-post","status-publish","format-standard","has-post-thumbnail","hentry","category-egresados-y-graduados","tag-home-fcctp","tag-lo-mas-destacado"],"yoast_head":"<!-- This site is optimized with the Yoast SEO plugin v28.3 - https:\/\/yoast.com\/product\/yoast-seo-wordpress\/ -->\n<title>\u00bfC\u00f3mo ser m\u00e1s empleable para las empresas en esta nueva normalidad? - Noticias<\/title>\n<meta name=\"robots\" content=\"index, follow, max-snippet:-1, max-image-preview:large, max-video-preview:-1\" \/>\n<link rel=\"canonical\" href=\"https:\/\/fcctp.usmp.edu.pe\/noticias\/egresados-y-graduados\/como-ser-mas-empleable-para-las-empresas-en-esta-nueva-normalidad\/\" \/>\n<meta property=\"og:locale\" content=\"es_ES\" \/>\n<meta property=\"og:type\" content=\"article\" \/>\n<meta property=\"og:title\" content=\"\u00bfC\u00f3mo ser m\u00e1s empleable para las empresas en esta nueva normalidad? - Noticias\" \/>\n<meta property=\"og:description\" content=\"Mediante el taller \u201cProcesos de selecci\u00f3n: nuevas tendencias\u201d, se dieron a conocer los puntos clave para convertirnos en profesionales m\u00e1s atractivos en el mundo laboral.\" \/>\n<meta property=\"og:url\" content=\"https:\/\/fcctp.usmp.edu.pe\/noticias\/egresados-y-graduados\/como-ser-mas-empleable-para-las-empresas-en-esta-nueva-normalidad\/\" \/>\n<meta property=\"og:site_name\" content=\"Noticias\" \/>\n<meta property=\"article:publisher\" content=\"https:\/\/www.facebook.com\/fcctp\" \/>\n<meta property=\"article:published_time\" content=\"2022-07-08T21:51:09+00:00\" \/>\n<meta property=\"article:modified_time\" content=\"2022-07-11T21:53:59+00:00\" \/>\n<meta property=\"og:image\" content=\"https:\/\/fcctp.usmp.edu.pe\/noticias\/wp-content\/uploads\/2022\/07\/08-07-CDE-POST-SER-MA\u0301S-EMPLEABLE-720X2450.jpg\" \/>\n\t<meta property=\"og:image:width\" content=\"720\" \/>\n\t<meta property=\"og:image:height\" content=\"450\" \/>\n\t<meta property=\"og:image:type\" content=\"image\/jpeg\" \/>\n<meta name=\"author\" content=\"Omar Huaman\" \/>\n<meta name=\"twitter:card\" content=\"summary_large_image\" \/>\n<meta name=\"twitter:creator\" content=\"@fcctp_usmp\" \/>\n<meta name=\"twitter:site\" content=\"@fcctp_usmp\" \/>\n<meta name=\"twitter:label1\" content=\"Written by\" \/>\n\t<meta name=\"twitter:data1\" content=\"Omar Huaman\" \/>\n\t<meta name=\"twitter:label2\" content=\"Est. reading time\" \/>\n\t<meta name=\"twitter:data2\" content=\"2 minutos\" \/>\n<script type=\"application\/ld+json\" class=\"yoast-schema-graph\">{\"@context\":\"https:\\\/\\\/schema.org\",\"@graph\":[{\"@type\":\"Article\",\"@id\":\"https:\\\/\\\/fcctp.usmp.edu.pe\\\/noticias\\\/egresados-y-graduados\\\/como-ser-mas-empleable-para-las-empresas-en-esta-nueva-normalidad\\\/#article\",\"isPartOf\":{\"@id\":\"https:\\\/\\\/fcctp.usmp.edu.pe\\\/noticias\\\/egresados-y-graduados\\\/como-ser-mas-empleable-para-las-empresas-en-esta-nueva-normalidad\\\/\"},\"author\":{\"name\":\"Omar Huaman\",\"@id\":\"https:\\\/\\\/fcctp.usmp.edu.pe\\\/noticias\\\/#\\\/schema\\\/person\\\/4fdff53bd44bf6f645fe381e079e1252\"},\"headline\":\"\u00bfC\u00f3mo ser m\u00e1s empleable para las empresas en esta nueva normalidad?\",\"datePublished\":\"2022-07-08T21:51:09+00:00\",\"dateModified\":\"2022-07-11T21:53:59+00:00\",\"mainEntityOfPage\":{\"@id\":\"https:\\\/\\\/fcctp.usmp.edu.pe\\\/noticias\\\/egresados-y-graduados\\\/como-ser-mas-empleable-para-las-empresas-en-esta-nueva-normalidad\\\/\"},\"wordCount\":488,\"publisher\":{\"@id\":\"https:\\\/\\\/fcctp.usmp.edu.pe\\\/noticias\\\/#organization\"},\"image\":{\"@id\":\"https:\\\/\\\/fcctp.usmp.edu.pe\\\/noticias\\\/egresados-y-graduados\\\/como-ser-mas-empleable-para-las-empresas-en-esta-nueva-normalidad\\\/#primaryimage\"},\"thumbnailUrl\":\"https:\\\/\\\/fcctp.usmp.edu.pe\\\/noticias\\\/wp-content\\\/uploads\\\/2022\\\/07\\\/08-07-CDE-POST-SER-MA\u0301S-EMPLEABLE-720X2450.jpg\",\"keywords\":[\"Home FCCTP\",\"Lo mas destacado\"],\"articleSection\":[\"Egresados y graduados\"],\"inLanguage\":\"es-PE\"},{\"@type\":\"WebPage\",\"@id\":\"https:\\\/\\\/fcctp.usmp.edu.pe\\\/noticias\\\/egresados-y-graduados\\\/como-ser-mas-empleable-para-las-empresas-en-esta-nueva-normalidad\\\/\",\"url\":\"https:\\\/\\\/fcctp.usmp.edu.pe\\\/noticias\\\/egresados-y-graduados\\\/como-ser-mas-empleable-para-las-empresas-en-esta-nueva-normalidad\\\/\",\"name\":\"\u00bfC\u00f3mo ser m\u00e1s empleable para las empresas en esta nueva normalidad? - Noticias\",\"isPartOf\":{\"@id\":\"https:\\\/\\\/fcctp.usmp.edu.pe\\\/noticias\\\/#website\"},\"primaryImageOfPage\":{\"@id\":\"https:\\\/\\\/fcctp.usmp.edu.pe\\\/noticias\\\/egresados-y-graduados\\\/como-ser-mas-empleable-para-las-empresas-en-esta-nueva-normalidad\\\/#primaryimage\"},\"image\":{\"@id\":\"https:\\\/\\\/fcctp.usmp.edu.pe\\\/noticias\\\/egresados-y-graduados\\\/como-ser-mas-empleable-para-las-empresas-en-esta-nueva-normalidad\\\/#primaryimage\"},\"thumbnailUrl\":\"https:\\\/\\\/fcctp.usmp.edu.pe\\\/noticias\\\/wp-content\\\/uploads\\\/2022\\\/07\\\/08-07-CDE-POST-SER-MA\u0301S-EMPLEABLE-720X2450.jpg\",\"datePublished\":\"2022-07-08T21:51:09+00:00\",\"dateModified\":\"2022-07-11T21:53:59+00:00\",\"breadcrumb\":{\"@id\":\"https:\\\/\\\/fcctp.usmp.edu.pe\\\/noticias\\\/egresados-y-graduados\\\/como-ser-mas-empleable-para-las-empresas-en-esta-nueva-normalidad\\\/#breadcrumb\"},\"inLanguage\":\"es-PE\",\"potentialAction\":[{\"@type\":\"ReadAction\",\"target\":[\"https:\\\/\\\/fcctp.usmp.edu.pe\\\/noticias\\\/egresados-y-graduados\\\/como-ser-mas-empleable-para-las-empresas-en-esta-nueva-normalidad\\\/\"]}]},{\"@type\":\"ImageObject\",\"inLanguage\":\"es-PE\",\"@id\":\"https:\\\/\\\/fcctp.usmp.edu.pe\\\/noticias\\\/egresados-y-graduados\\\/como-ser-mas-empleable-para-las-empresas-en-esta-nueva-normalidad\\\/#primaryimage\",\"url\":\"https:\\\/\\\/fcctp.usmp.edu.pe\\\/noticias\\\/wp-content\\\/uploads\\\/2022\\\/07\\\/08-07-CDE-POST-SER-MA\u0301S-EMPLEABLE-720X2450.jpg\",\"contentUrl\":\"https:\\\/\\\/fcctp.usmp.edu.pe\\\/noticias\\\/wp-content\\\/uploads\\\/2022\\\/07\\\/08-07-CDE-POST-SER-MA\u0301S-EMPLEABLE-720X2450.jpg\",\"width\":720,\"height\":450,\"caption\":\"Empleabilidad\"},{\"@type\":\"BreadcrumbList\",\"@id\":\"https:\\\/\\\/fcctp.usmp.edu.pe\\\/noticias\\\/egresados-y-graduados\\\/como-ser-mas-empleable-para-las-empresas-en-esta-nueva-normalidad\\\/#breadcrumb\",\"itemListElement\":[{\"@type\":\"ListItem\",\"position\":1,\"name\":\"Portada\",\"item\":\"https:\\\/\\\/fcctp.usmp.edu.pe\\\/noticias\\\/\"},{\"@type\":\"ListItem\",\"position\":2,\"name\":\"\u00bfC\u00f3mo ser m\u00e1s empleable para las empresas en esta nueva normalidad?\"}]},{\"@type\":\"WebSite\",\"@id\":\"https:\\\/\\\/fcctp.usmp.edu.pe\\\/noticias\\\/#website\",\"url\":\"https:\\\/\\\/fcctp.usmp.edu.pe\\\/noticias\\\/\",\"name\":\"Noticias FCCTP\",\"description\":\"Facultad de Ciencias de la Comunicaci\u00f3n, Turismo y Psicolog\u00eda\",\"publisher\":{\"@id\":\"https:\\\/\\\/fcctp.usmp.edu.pe\\\/noticias\\\/#organization\"},\"potentialAction\":[{\"@type\":\"SearchAction\",\"target\":{\"@type\":\"EntryPoint\",\"urlTemplate\":\"https:\\\/\\\/fcctp.usmp.edu.pe\\\/noticias\\\/?s={search_term_string}\"},\"query-input\":{\"@type\":\"PropertyValueSpecification\",\"valueRequired\":true,\"valueName\":\"search_term_string\"}}],\"inLanguage\":\"es-PE\"},{\"@type\":\"Organization\",\"@id\":\"https:\\\/\\\/fcctp.usmp.edu.pe\\\/noticias\\\/#organization\",\"name\":\"Facultad de Ciencias de la Comunicaci\u00f3n, Turismo y Psicolog\u00eda\",\"url\":\"https:\\\/\\\/fcctp.usmp.edu.pe\\\/noticias\\\/\",\"logo\":{\"@type\":\"ImageObject\",\"inLanguage\":\"es-PE\",\"@id\":\"https:\\\/\\\/fcctp.usmp.edu.pe\\\/noticias\\\/#\\\/schema\\\/logo\\\/image\\\/\",\"url\":\"https:\\\/\\\/fcctp.usmp.edu.pe\\\/noticias\\\/wp-content\\\/uploads\\\/2022\\\/03\\\/logoFCCTP_60.svg\",\"contentUrl\":\"https:\\\/\\\/fcctp.usmp.edu.pe\\\/noticias\\\/wp-content\\\/uploads\\\/2022\\\/03\\\/logoFCCTP_60.svg\",\"width\":347,\"height\":66,\"caption\":\"Facultad de Ciencias de la Comunicaci\u00f3n, Turismo y Psicolog\u00eda\"},\"image\":{\"@id\":\"https:\\\/\\\/fcctp.usmp.edu.pe\\\/noticias\\\/#\\\/schema\\\/logo\\\/image\\\/\"},\"sameAs\":[\"https:\\\/\\\/www.facebook.com\\\/fcctp\",\"https:\\\/\\\/x.com\\\/fcctp_usmp\",\"https:\\\/\\\/www.instagram.com\\\/fcctp_usmp\\\/\"]},{\"@type\":\"Person\",\"@id\":\"https:\\\/\\\/fcctp.usmp.edu.pe\\\/noticias\\\/#\\\/schema\\\/person\\\/4fdff53bd44bf6f645fe381e079e1252\",\"name\":\"Omar Huaman\",\"image\":{\"@type\":\"ImageObject\",\"inLanguage\":\"es-PE\",\"@id\":\"https:\\\/\\\/secure.gravatar.com\\\/avatar\\\/1ec290616e6e3dc043e286f62b87c0f992c4889ead141b3e3dfc70d018a983e0?s=96&d=mm&r=g\",\"url\":\"https:\\\/\\\/secure.gravatar.com\\\/avatar\\\/1ec290616e6e3dc043e286f62b87c0f992c4889ead141b3e3dfc70d018a983e0?s=96&d=mm&r=g\",\"contentUrl\":\"https:\\\/\\\/secure.gravatar.com\\\/avatar\\\/1ec290616e6e3dc043e286f62b87c0f992c4889ead141b3e3dfc70d018a983e0?s=96&d=mm&r=g\",\"caption\":\"Omar Huaman\"},\"url\":\"https:\\\/\\\/fcctp.usmp.edu.pe\\\/noticias\\\/author\\\/notieditor\\\/\"}]}<\/script>\n<!-- \/ Yoast SEO plugin. -->","yoast_head_json":{"title":"\u00bfC\u00f3mo ser m\u00e1s empleable para las empresas en esta nueva normalidad? - Noticias","robots":{"index":"index","follow":"follow","max-snippet":"max-snippet:-1","max-image-preview":"max-image-preview:large","max-video-preview":"max-video-preview:-1"},"canonical":"https:\/\/fcctp.usmp.edu.pe\/noticias\/egresados-y-graduados\/como-ser-mas-empleable-para-las-empresas-en-esta-nueva-normalidad\/","og_locale":"es_ES","og_type":"article","og_title":"\u00bfC\u00f3mo ser m\u00e1s empleable para las empresas en esta nueva normalidad? - Noticias","og_description":"Mediante el taller \u201cProcesos de selecci\u00f3n: nuevas tendencias\u201d, se dieron a conocer los puntos clave para convertirnos en profesionales m\u00e1s atractivos en el mundo laboral.","og_url":"https:\/\/fcctp.usmp.edu.pe\/noticias\/egresados-y-graduados\/como-ser-mas-empleable-para-las-empresas-en-esta-nueva-normalidad\/","og_site_name":"Noticias","article_publisher":"https:\/\/www.facebook.com\/fcctp","article_published_time":"2022-07-08T21:51:09+00:00","article_modified_time":"2022-07-11T21:53:59+00:00","og_image":[{"width":720,"height":450,"url":"https:\/\/fcctp.usmp.edu.pe\/noticias\/wp-content\/uploads\/2022\/07\/08-07-CDE-POST-SER-MA\u0301S-EMPLEABLE-720X2450.jpg","type":"image\/jpeg"}],"author":"Omar Huaman","twitter_card":"summary_large_image","twitter_creator":"@fcctp_usmp","twitter_site":"@fcctp_usmp","twitter_misc":{"Written by":"Omar Huaman","Est. reading time":"2 minutos"},"schema":{"@context":"https:\/\/schema.org","@graph":[{"@type":"Article","@id":"https:\/\/fcctp.usmp.edu.pe\/noticias\/egresados-y-graduados\/como-ser-mas-empleable-para-las-empresas-en-esta-nueva-normalidad\/#article","isPartOf":{"@id":"https:\/\/fcctp.usmp.edu.pe\/noticias\/egresados-y-graduados\/como-ser-mas-empleable-para-las-empresas-en-esta-nueva-normalidad\/"},"author":{"name":"Omar Huaman","@id":"https:\/\/fcctp.usmp.edu.pe\/noticias\/#\/schema\/person\/4fdff53bd44bf6f645fe381e079e1252"},"headline":"\u00bfC\u00f3mo ser m\u00e1s empleable para las empresas en esta nueva normalidad?","datePublished":"2022-07-08T21:51:09+00:00","dateModified":"2022-07-11T21:53:59+00:00","mainEntityOfPage":{"@id":"https:\/\/fcctp.usmp.edu.pe\/noticias\/egresados-y-graduados\/como-ser-mas-empleable-para-las-empresas-en-esta-nueva-normalidad\/"},"wordCount":488,"publisher":{"@id":"https:\/\/fcctp.usmp.edu.pe\/noticias\/#organization"},"image":{"@id":"https:\/\/fcctp.usmp.edu.pe\/noticias\/egresados-y-graduados\/como-ser-mas-empleable-para-las-empresas-en-esta-nueva-normalidad\/#primaryimage"},"thumbnailUrl":"https:\/\/fcctp.usmp.edu.pe\/noticias\/wp-content\/uploads\/2022\/07\/08-07-CDE-POST-SER-MA\u0301S-EMPLEABLE-720X2450.jpg","keywords":["Home FCCTP","Lo mas destacado"],"articleSection":["Egresados y graduados"],"inLanguage":"es-PE"},{"@type":"WebPage","@id":"https:\/\/fcctp.usmp.edu.pe\/noticias\/egresados-y-graduados\/como-ser-mas-empleable-para-las-empresas-en-esta-nueva-normalidad\/","url":"https:\/\/fcctp.usmp.edu.pe\/noticias\/egresados-y-graduados\/como-ser-mas-empleable-para-las-empresas-en-esta-nueva-normalidad\/","name":"\u00bfC\u00f3mo ser m\u00e1s empleable para las empresas en esta nueva normalidad? - Noticias","isPartOf":{"@id":"https:\/\/fcctp.usmp.edu.pe\/noticias\/#website"},"primaryImageOfPage":{"@id":"https:\/\/fcctp.usmp.edu.pe\/noticias\/egresados-y-graduados\/como-ser-mas-empleable-para-las-empresas-en-esta-nueva-normalidad\/#primaryimage"},"image":{"@id":"https:\/\/fcctp.usmp.edu.pe\/noticias\/egresados-y-graduados\/como-ser-mas-empleable-para-las-empresas-en-esta-nueva-normalidad\/#primaryimage"},"thumbnailUrl":"https:\/\/fcctp.usmp.edu.pe\/noticias\/wp-content\/uploads\/2022\/07\/08-07-CDE-POST-SER-MA\u0301S-EMPLEABLE-720X2450.jpg","datePublished":"2022-07-08T21:51:09+00:00","dateModified":"2022-07-11T21:53:59+00:00","breadcrumb":{"@id":"https:\/\/fcctp.usmp.edu.pe\/noticias\/egresados-y-graduados\/como-ser-mas-empleable-para-las-empresas-en-esta-nueva-normalidad\/#breadcrumb"},"inLanguage":"es-PE","potentialAction":[{"@type":"ReadAction","target":["https:\/\/fcctp.usmp.edu.pe\/noticias\/egresados-y-graduados\/como-ser-mas-empleable-para-las-empresas-en-esta-nueva-normalidad\/"]}]},{"@type":"ImageObject","inLanguage":"es-PE","@id":"https:\/\/fcctp.usmp.edu.pe\/noticias\/egresados-y-graduados\/como-ser-mas-empleable-para-las-empresas-en-esta-nueva-normalidad\/#primaryimage","url":"https:\/\/fcctp.usmp.edu.pe\/noticias\/wp-content\/uploads\/2022\/07\/08-07-CDE-POST-SER-MA\u0301S-EMPLEABLE-720X2450.jpg","contentUrl":"https:\/\/fcctp.usmp.edu.pe\/noticias\/wp-content\/uploads\/2022\/07\/08-07-CDE-POST-SER-MA\u0301S-EMPLEABLE-720X2450.jpg","width":720,"height":450,"caption":"Empleabilidad"},{"@type":"BreadcrumbList","@id":"https:\/\/fcctp.usmp.edu.pe\/noticias\/egresados-y-graduados\/como-ser-mas-empleable-para-las-empresas-en-esta-nueva-normalidad\/#breadcrumb","itemListElement":[{"@type":"ListItem","position":1,"name":"Portada","item":"https:\/\/fcctp.usmp.edu.pe\/noticias\/"},{"@type":"ListItem","position":2,"name":"\u00bfC\u00f3mo ser m\u00e1s empleable para las empresas en esta nueva normalidad?"}]},{"@type":"WebSite","@id":"https:\/\/fcctp.usmp.edu.pe\/noticias\/#website","url":"https:\/\/fcctp.usmp.edu.pe\/noticias\/","name":"Noticias FCCTP","description":"Facultad de Ciencias de la Comunicaci\u00f3n, Turismo y Psicolog\u00eda","publisher":{"@id":"https:\/\/fcctp.usmp.edu.pe\/noticias\/#organization"},"potentialAction":[{"@type":"SearchAction","target":{"@type":"EntryPoint","urlTemplate":"https:\/\/fcctp.usmp.edu.pe\/noticias\/?s={search_term_string}"},"query-input":{"@type":"PropertyValueSpecification","valueRequired":true,"valueName":"search_term_string"}}],"inLanguage":"es-PE"},{"@type":"Organization","@id":"https:\/\/fcctp.usmp.edu.pe\/noticias\/#organization","name":"Facultad de Ciencias de la Comunicaci\u00f3n, Turismo y Psicolog\u00eda","url":"https:\/\/fcctp.usmp.edu.pe\/noticias\/","logo":{"@type":"ImageObject","inLanguage":"es-PE","@id":"https:\/\/fcctp.usmp.edu.pe\/noticias\/#\/schema\/logo\/image\/","url":"https:\/\/fcctp.usmp.edu.pe\/noticias\/wp-content\/uploads\/2022\/03\/logoFCCTP_60.svg","contentUrl":"https:\/\/fcctp.usmp.edu.pe\/noticias\/wp-content\/uploads\/2022\/03\/logoFCCTP_60.svg","width":347,"height":66,"caption":"Facultad de Ciencias de la Comunicaci\u00f3n, Turismo y Psicolog\u00eda"},"image":{"@id":"https:\/\/fcctp.usmp.edu.pe\/noticias\/#\/schema\/logo\/image\/"},"sameAs":["https:\/\/www.facebook.com\/fcctp","https:\/\/x.com\/fcctp_usmp","https:\/\/www.instagram.com\/fcctp_usmp\/"]},{"@type":"Person","@id":"https:\/\/fcctp.usmp.edu.pe\/noticias\/#\/schema\/person\/4fdff53bd44bf6f645fe381e079e1252","name":"Omar Huaman","image":{"@type":"ImageObject","inLanguage":"es-PE","@id":"https:\/\/secure.gravatar.com\/avatar\/1ec290616e6e3dc043e286f62b87c0f992c4889ead141b3e3dfc70d018a983e0?s=96&d=mm&r=g","url":"https:\/\/secure.gravatar.com\/avatar\/1ec290616e6e3dc043e286f62b87c0f992c4889ead141b3e3dfc70d018a983e0?s=96&d=mm&r=g","contentUrl":"https:\/\/secure.gravatar.com\/avatar\/1ec290616e6e3dc043e286f62b87c0f992c4889ead141b3e3dfc70d018a983e0?s=96&d=mm&r=g","caption":"Omar Huaman"},"url":"https:\/\/fcctp.usmp.edu.pe\/noticias\/author\/notieditor\/"}]}},"_links":{"self":[{"href":"https:\/\/fcctp.usmp.edu.pe\/noticias\/wp-json\/wp\/v2\/posts\/8192","targetHints":{"allow":["GET"]}}],"collection":[{"href":"https:\/\/fcctp.usmp.edu.pe\/noticias\/wp-json\/wp\/v2\/posts"}],"about":[{"href":"https:\/\/fcctp.usmp.edu.pe\/noticias\/wp-json\/wp\/v2\/types\/post"}],"author":[{"embeddable":true,"href":"https:\/\/fcctp.usmp.edu.pe\/noticias\/wp-json\/wp\/v2\/users\/2"}],"replies":[{"embeddable":true,"href":"https:\/\/fcctp.usmp.edu.pe\/noticias\/wp-json\/wp\/v2\/comments?post=8192"}],"version-history":[{"count":1,"href":"https:\/\/fcctp.usmp.edu.pe\/noticias\/wp-json\/wp\/v2\/posts\/8192\/revisions"}],"predecessor-version":[{"id":8194,"href":"https:\/\/fcctp.usmp.edu.pe\/noticias\/wp-json\/wp\/v2\/posts\/8192\/revisions\/8194"}],"wp:featuredmedia":[{"embeddable":true,"href":"https:\/\/fcctp.usmp.edu.pe\/noticias\/wp-json\/wp\/v2\/media\/8193"}],"wp:attachment":[{"href":"https:\/\/fcctp.usmp.edu.pe\/noticias\/wp-json\/wp\/v2\/media?parent=8192"}],"wp:term":[{"taxonomy":"category","embeddable":true,"href":"https:\/\/fcctp.usmp.edu.pe\/noticias\/wp-json\/wp\/v2\/categories?post=8192"},{"taxonomy":"post_tag","embeddable":true,"href":"https:\/\/fcctp.usmp.edu.pe\/noticias\/wp-json\/wp\/v2\/tags?post=8192"}],"curies":[{"name":"wp","href":"https:\/\/api.w.org\/{rel}","templated":true}]}}