{"id":8128,"date":"2022-06-15T19:07:17","date_gmt":"2022-06-15T19:07:17","guid":{"rendered":"https:\/\/fcctp.usmp.edu.pe\/noticias\/?p=8128"},"modified":"2022-06-15T21:27:23","modified_gmt":"2022-06-15T21:27:23","slug":"representante-de-prestigiosa-institucion-educativa-espanola-visito-la-fcctp","status":"publish","type":"post","link":"https:\/\/fcctp.usmp.edu.pe\/noticias\/internacional\/representante-de-prestigiosa-institucion-educativa-espanola-visito-la-fcctp\/","title":{"rendered":"Representante de prestigiosa instituci\u00f3n educativa espa\u00f1ola visit\u00f3 la FCCTP"},"content":{"rendered":"<p style=\"text-align: justify;\"><em>Yusara Quispe Rodr\u00edguez, directora de Relaciones Internacionales y Admisiones de la Escuela Universitaria de Hoteler\u00eda y Turismo de la Universidad Sant Pol de Mar, visit\u00f3 nuestro campus para concretar acuerdos que beneficien a docentes y estudiantes.<\/em><\/p>\n<p style=\"text-align: justify;\">Con el prop\u00f3sito de estrechar v\u00ednculos entre instituciones, fomentar intercambios acad\u00e9micos y planificar proyectos de investigaci\u00f3n, la Facultad de Ciencias de la Comunicaci\u00f3n, Turismo y Psicolog\u00eda de la Universidad de San Mart\u00edn de Porres (FCCTP USMP) recibi\u00f3 la visita de Yusara Quispe Rodr\u00edguez, directora de Relaciones Internacionales y Admisiones de la Escuela Universitaria de Hoteler\u00eda y Turismo de la Universidad Sant Pol de Mar, de Barcelona.<\/p>\n<p style=\"text-align: justify;\">Durante su estancia en el campus, realiz\u00f3 un recorrido por los talleres de nuestra Escuela Profesional de Turismo y Hoteler\u00eda (EPTH). Al finalizar la visita, destac\u00f3 que nuestra universidad cuenta con todos los utensilios y equipos que se emplean en los hoteles y restaurantes m\u00e1s prestigiosos del mundo. Al respecto, resalt\u00f3 el esfuerzo de la USMP por brindar una formaci\u00f3n pr\u00e1ctica a sus estudiantes, lo que les permitir\u00e1 convertirse en gestores hoteleros de primer nivel.<\/p>\n<p style=\"text-align: justify;\">Posteriormente, sostuvo una reuni\u00f3n de trabajo con la Mag. Claudia \u00c1vila Huam\u00e1n, directora de la EPTH, y la Mag. Jessica Ascencio Yarmas, directora de Educaci\u00f3n Continua, Internacional, Sostenibilidad y Centro de Empleabilidad. A lo largo de este encuentro, las tres autoridades presentaron sus planes curriculares y describieron los beneficios que reciben los estudiantes extranjeros que llegan a sus instituciones.<\/p>\n<p style=\"text-align: justify;\">M\u00e1s adelante, Quispe dialog\u00f3 con la decana de la FCCTP, Dra. Amybel S\u00e1nchez de Walther, quien le expres\u00f3 su profundo agradecimiento por visitar nuestro campus y mostr\u00f3 su predisposici\u00f3n para establecer un convenio que beneficie a ambas universidades.<\/p>\n<p style=\"text-align: justify;\">Finalmente, la representante de la instituci\u00f3n espa\u00f1ola asegur\u00f3 que existe un gran inter\u00e9s por parte de su universidad de acoger a estudiantes y docentes sanmartinianos, quienes cuentan con una s\u00f3lida formaci\u00f3n acad\u00e9mica que permitir\u00eda un valioso intercambio de conocimientos con sus pares espa\u00f1oles.<\/p>\n<p style=\"text-align: justify;\">Es importante resaltar que la Oficina de Internacional de la FCCTP tiene como objetivo brindar oportunidades al estudiante para ampliar sus conocimientos mediante convenios con instituciones en Europa, Asia y Am\u00e9rica Latina. Mediante esta novedosa propuesta, los alumnos no solo viven nuevas experiencias, sino que se preparan para un mundo altamente competitivo.<\/p>\n","protected":false},"excerpt":{"rendered":"<p>Yusara Quispe Rodr\u00edguez, directora de Relaciones Internacionales y Admisiones de la Escuela Universitaria de Hoteler\u00eda y Turismo de la Universidad Sant Pol de Mar, visit\u00f3 nuestro campus para concretar acuerdos que beneficien a docentes y estudiantes.<\/p>\n","protected":false},"author":2,"featured_media":8129,"comment_status":"closed","ping_status":"closed","sticky":false,"template":"","format":"standard","meta":{"footnotes":""},"categories":[34],"tags":[47,46],"class_list":["post-8128","post","type-post","status-publish","format-standard","has-post-thumbnail","hentry","category-internacional","tag-home-fcctp","tag-lo-mas-destacado"],"yoast_head":"<!-- This site is optimized with the Yoast SEO plugin v28.3 - https:\/\/yoast.com\/product\/yoast-seo-wordpress\/ -->\n<title>Representante de prestigiosa instituci\u00f3n educativa espa\u00f1ola visit\u00f3 la FCCTP - Noticias<\/title>\n<meta name=\"robots\" content=\"index, follow, max-snippet:-1, max-image-preview:large, max-video-preview:-1\" \/>\n<link rel=\"canonical\" href=\"https:\/\/fcctp.usmp.edu.pe\/noticias\/internacional\/representante-de-prestigiosa-institucion-educativa-espanola-visito-la-fcctp\/\" \/>\n<meta property=\"og:locale\" content=\"es_ES\" \/>\n<meta property=\"og:type\" content=\"article\" \/>\n<meta property=\"og:title\" content=\"Representante de prestigiosa instituci\u00f3n educativa espa\u00f1ola visit\u00f3 la FCCTP - Noticias\" \/>\n<meta property=\"og:description\" content=\"Yusara Quispe Rodr\u00edguez, directora de Relaciones Internacionales y Admisiones de la Escuela Universitaria de Hoteler\u00eda y Turismo de la Universidad Sant Pol de Mar, visit\u00f3 nuestro campus para concretar acuerdos que beneficien a docentes y estudiantes.\" \/>\n<meta property=\"og:url\" content=\"https:\/\/fcctp.usmp.edu.pe\/noticias\/internacional\/representante-de-prestigiosa-institucion-educativa-espanola-visito-la-fcctp\/\" \/>\n<meta property=\"og:site_name\" content=\"Noticias\" \/>\n<meta property=\"article:publisher\" content=\"https:\/\/www.facebook.com\/fcctp\" \/>\n<meta property=\"article:published_time\" content=\"2022-06-15T19:07:17+00:00\" \/>\n<meta property=\"article:modified_time\" content=\"2022-06-15T21:27:23+00:00\" \/>\n<meta property=\"og:image\" content=\"https:\/\/fcctp.usmp.edu.pe\/noticias\/wp-content\/uploads\/2022\/06\/representante_institucion_espana_visita_head_720_450.png\" \/>\n\t<meta property=\"og:image:width\" content=\"720\" \/>\n\t<meta property=\"og:image:height\" content=\"450\" \/>\n\t<meta property=\"og:image:type\" content=\"image\/png\" \/>\n<meta name=\"author\" content=\"Omar Huaman\" \/>\n<meta name=\"twitter:card\" content=\"summary_large_image\" \/>\n<meta name=\"twitter:creator\" content=\"@fcctp_usmp\" \/>\n<meta name=\"twitter:site\" content=\"@fcctp_usmp\" \/>\n<meta name=\"twitter:label1\" content=\"Written by\" \/>\n\t<meta name=\"twitter:data1\" content=\"Omar Huaman\" \/>\n\t<meta name=\"twitter:label2\" content=\"Est. reading time\" \/>\n\t<meta name=\"twitter:data2\" content=\"2 minutos\" \/>\n<script type=\"application\/ld+json\" class=\"yoast-schema-graph\">{\"@context\":\"https:\\\/\\\/schema.org\",\"@graph\":[{\"@type\":\"Article\",\"@id\":\"https:\\\/\\\/fcctp.usmp.edu.pe\\\/noticias\\\/internacional\\\/representante-de-prestigiosa-institucion-educativa-espanola-visito-la-fcctp\\\/#article\",\"isPartOf\":{\"@id\":\"https:\\\/\\\/fcctp.usmp.edu.pe\\\/noticias\\\/internacional\\\/representante-de-prestigiosa-institucion-educativa-espanola-visito-la-fcctp\\\/\"},\"author\":{\"name\":\"Omar Huaman\",\"@id\":\"https:\\\/\\\/fcctp.usmp.edu.pe\\\/noticias\\\/#\\\/schema\\\/person\\\/4fdff53bd44bf6f645fe381e079e1252\"},\"headline\":\"Representante de prestigiosa instituci\u00f3n educativa espa\u00f1ola visit\u00f3 la FCCTP\",\"datePublished\":\"2022-06-15T19:07:17+00:00\",\"dateModified\":\"2022-06-15T21:27:23+00:00\",\"mainEntityOfPage\":{\"@id\":\"https:\\\/\\\/fcctp.usmp.edu.pe\\\/noticias\\\/internacional\\\/representante-de-prestigiosa-institucion-educativa-espanola-visito-la-fcctp\\\/\"},\"wordCount\":410,\"publisher\":{\"@id\":\"https:\\\/\\\/fcctp.usmp.edu.pe\\\/noticias\\\/#organization\"},\"image\":{\"@id\":\"https:\\\/\\\/fcctp.usmp.edu.pe\\\/noticias\\\/internacional\\\/representante-de-prestigiosa-institucion-educativa-espanola-visito-la-fcctp\\\/#primaryimage\"},\"thumbnailUrl\":\"https:\\\/\\\/fcctp.usmp.edu.pe\\\/noticias\\\/wp-content\\\/uploads\\\/2022\\\/06\\\/representante_institucion_espana_visita_head_720_450.png\",\"keywords\":[\"Home FCCTP\",\"Lo mas destacado\"],\"articleSection\":[\"Internacional\"],\"inLanguage\":\"es-PE\"},{\"@type\":\"WebPage\",\"@id\":\"https:\\\/\\\/fcctp.usmp.edu.pe\\\/noticias\\\/internacional\\\/representante-de-prestigiosa-institucion-educativa-espanola-visito-la-fcctp\\\/\",\"url\":\"https:\\\/\\\/fcctp.usmp.edu.pe\\\/noticias\\\/internacional\\\/representante-de-prestigiosa-institucion-educativa-espanola-visito-la-fcctp\\\/\",\"name\":\"Representante de prestigiosa instituci\u00f3n educativa espa\u00f1ola visit\u00f3 la FCCTP - Noticias\",\"isPartOf\":{\"@id\":\"https:\\\/\\\/fcctp.usmp.edu.pe\\\/noticias\\\/#website\"},\"primaryImageOfPage\":{\"@id\":\"https:\\\/\\\/fcctp.usmp.edu.pe\\\/noticias\\\/internacional\\\/representante-de-prestigiosa-institucion-educativa-espanola-visito-la-fcctp\\\/#primaryimage\"},\"image\":{\"@id\":\"https:\\\/\\\/fcctp.usmp.edu.pe\\\/noticias\\\/internacional\\\/representante-de-prestigiosa-institucion-educativa-espanola-visito-la-fcctp\\\/#primaryimage\"},\"thumbnailUrl\":\"https:\\\/\\\/fcctp.usmp.edu.pe\\\/noticias\\\/wp-content\\\/uploads\\\/2022\\\/06\\\/representante_institucion_espana_visita_head_720_450.png\",\"datePublished\":\"2022-06-15T19:07:17+00:00\",\"dateModified\":\"2022-06-15T21:27:23+00:00\",\"breadcrumb\":{\"@id\":\"https:\\\/\\\/fcctp.usmp.edu.pe\\\/noticias\\\/internacional\\\/representante-de-prestigiosa-institucion-educativa-espanola-visito-la-fcctp\\\/#breadcrumb\"},\"inLanguage\":\"es-PE\",\"potentialAction\":[{\"@type\":\"ReadAction\",\"target\":[\"https:\\\/\\\/fcctp.usmp.edu.pe\\\/noticias\\\/internacional\\\/representante-de-prestigiosa-institucion-educativa-espanola-visito-la-fcctp\\\/\"]}]},{\"@type\":\"ImageObject\",\"inLanguage\":\"es-PE\",\"@id\":\"https:\\\/\\\/fcctp.usmp.edu.pe\\\/noticias\\\/internacional\\\/representante-de-prestigiosa-institucion-educativa-espanola-visito-la-fcctp\\\/#primaryimage\",\"url\":\"https:\\\/\\\/fcctp.usmp.edu.pe\\\/noticias\\\/wp-content\\\/uploads\\\/2022\\\/06\\\/representante_institucion_espana_visita_head_720_450.png\",\"contentUrl\":\"https:\\\/\\\/fcctp.usmp.edu.pe\\\/noticias\\\/wp-content\\\/uploads\\\/2022\\\/06\\\/representante_institucion_espana_visita_head_720_450.png\",\"width\":720,\"height\":450,\"caption\":\"Visita de representante a la FCCTP\"},{\"@type\":\"BreadcrumbList\",\"@id\":\"https:\\\/\\\/fcctp.usmp.edu.pe\\\/noticias\\\/internacional\\\/representante-de-prestigiosa-institucion-educativa-espanola-visito-la-fcctp\\\/#breadcrumb\",\"itemListElement\":[{\"@type\":\"ListItem\",\"position\":1,\"name\":\"Portada\",\"item\":\"https:\\\/\\\/fcctp.usmp.edu.pe\\\/noticias\\\/\"},{\"@type\":\"ListItem\",\"position\":2,\"name\":\"Representante de prestigiosa instituci\u00f3n educativa espa\u00f1ola visit\u00f3 la FCCTP\"}]},{\"@type\":\"WebSite\",\"@id\":\"https:\\\/\\\/fcctp.usmp.edu.pe\\\/noticias\\\/#website\",\"url\":\"https:\\\/\\\/fcctp.usmp.edu.pe\\\/noticias\\\/\",\"name\":\"Noticias FCCTP\",\"description\":\"Facultad de Ciencias de la Comunicaci\u00f3n, Turismo y Psicolog\u00eda\",\"publisher\":{\"@id\":\"https:\\\/\\\/fcctp.usmp.edu.pe\\\/noticias\\\/#organization\"},\"potentialAction\":[{\"@type\":\"SearchAction\",\"target\":{\"@type\":\"EntryPoint\",\"urlTemplate\":\"https:\\\/\\\/fcctp.usmp.edu.pe\\\/noticias\\\/?s={search_term_string}\"},\"query-input\":{\"@type\":\"PropertyValueSpecification\",\"valueRequired\":true,\"valueName\":\"search_term_string\"}}],\"inLanguage\":\"es-PE\"},{\"@type\":\"Organization\",\"@id\":\"https:\\\/\\\/fcctp.usmp.edu.pe\\\/noticias\\\/#organization\",\"name\":\"Facultad de Ciencias de la Comunicaci\u00f3n, Turismo y Psicolog\u00eda\",\"url\":\"https:\\\/\\\/fcctp.usmp.edu.pe\\\/noticias\\\/\",\"logo\":{\"@type\":\"ImageObject\",\"inLanguage\":\"es-PE\",\"@id\":\"https:\\\/\\\/fcctp.usmp.edu.pe\\\/noticias\\\/#\\\/schema\\\/logo\\\/image\\\/\",\"url\":\"https:\\\/\\\/fcctp.usmp.edu.pe\\\/noticias\\\/wp-content\\\/uploads\\\/2022\\\/03\\\/logoFCCTP_60.svg\",\"contentUrl\":\"https:\\\/\\\/fcctp.usmp.edu.pe\\\/noticias\\\/wp-content\\\/uploads\\\/2022\\\/03\\\/logoFCCTP_60.svg\",\"width\":347,\"height\":66,\"caption\":\"Facultad de Ciencias de la Comunicaci\u00f3n, Turismo y Psicolog\u00eda\"},\"image\":{\"@id\":\"https:\\\/\\\/fcctp.usmp.edu.pe\\\/noticias\\\/#\\\/schema\\\/logo\\\/image\\\/\"},\"sameAs\":[\"https:\\\/\\\/www.facebook.com\\\/fcctp\",\"https:\\\/\\\/x.com\\\/fcctp_usmp\",\"https:\\\/\\\/www.instagram.com\\\/fcctp_usmp\\\/\"]},{\"@type\":\"Person\",\"@id\":\"https:\\\/\\\/fcctp.usmp.edu.pe\\\/noticias\\\/#\\\/schema\\\/person\\\/4fdff53bd44bf6f645fe381e079e1252\",\"name\":\"Omar Huaman\",\"image\":{\"@type\":\"ImageObject\",\"inLanguage\":\"es-PE\",\"@id\":\"https:\\\/\\\/secure.gravatar.com\\\/avatar\\\/1ec290616e6e3dc043e286f62b87c0f992c4889ead141b3e3dfc70d018a983e0?s=96&d=mm&r=g\",\"url\":\"https:\\\/\\\/secure.gravatar.com\\\/avatar\\\/1ec290616e6e3dc043e286f62b87c0f992c4889ead141b3e3dfc70d018a983e0?s=96&d=mm&r=g\",\"contentUrl\":\"https:\\\/\\\/secure.gravatar.com\\\/avatar\\\/1ec290616e6e3dc043e286f62b87c0f992c4889ead141b3e3dfc70d018a983e0?s=96&d=mm&r=g\",\"caption\":\"Omar Huaman\"},\"url\":\"https:\\\/\\\/fcctp.usmp.edu.pe\\\/noticias\\\/author\\\/notieditor\\\/\"}]}<\/script>\n<!-- \/ Yoast SEO plugin. -->","yoast_head_json":{"title":"Representante de prestigiosa instituci\u00f3n educativa espa\u00f1ola visit\u00f3 la FCCTP - Noticias","robots":{"index":"index","follow":"follow","max-snippet":"max-snippet:-1","max-image-preview":"max-image-preview:large","max-video-preview":"max-video-preview:-1"},"canonical":"https:\/\/fcctp.usmp.edu.pe\/noticias\/internacional\/representante-de-prestigiosa-institucion-educativa-espanola-visito-la-fcctp\/","og_locale":"es_ES","og_type":"article","og_title":"Representante de prestigiosa instituci\u00f3n educativa espa\u00f1ola visit\u00f3 la FCCTP - Noticias","og_description":"Yusara Quispe Rodr\u00edguez, directora de Relaciones Internacionales y Admisiones de la Escuela Universitaria de Hoteler\u00eda y Turismo de la Universidad Sant Pol de Mar, visit\u00f3 nuestro campus para concretar acuerdos que beneficien a docentes y estudiantes.","og_url":"https:\/\/fcctp.usmp.edu.pe\/noticias\/internacional\/representante-de-prestigiosa-institucion-educativa-espanola-visito-la-fcctp\/","og_site_name":"Noticias","article_publisher":"https:\/\/www.facebook.com\/fcctp","article_published_time":"2022-06-15T19:07:17+00:00","article_modified_time":"2022-06-15T21:27:23+00:00","og_image":[{"width":720,"height":450,"url":"https:\/\/fcctp.usmp.edu.pe\/noticias\/wp-content\/uploads\/2022\/06\/representante_institucion_espana_visita_head_720_450.png","type":"image\/png"}],"author":"Omar Huaman","twitter_card":"summary_large_image","twitter_creator":"@fcctp_usmp","twitter_site":"@fcctp_usmp","twitter_misc":{"Written by":"Omar Huaman","Est. reading time":"2 minutos"},"schema":{"@context":"https:\/\/schema.org","@graph":[{"@type":"Article","@id":"https:\/\/fcctp.usmp.edu.pe\/noticias\/internacional\/representante-de-prestigiosa-institucion-educativa-espanola-visito-la-fcctp\/#article","isPartOf":{"@id":"https:\/\/fcctp.usmp.edu.pe\/noticias\/internacional\/representante-de-prestigiosa-institucion-educativa-espanola-visito-la-fcctp\/"},"author":{"name":"Omar Huaman","@id":"https:\/\/fcctp.usmp.edu.pe\/noticias\/#\/schema\/person\/4fdff53bd44bf6f645fe381e079e1252"},"headline":"Representante de prestigiosa instituci\u00f3n educativa espa\u00f1ola visit\u00f3 la FCCTP","datePublished":"2022-06-15T19:07:17+00:00","dateModified":"2022-06-15T21:27:23+00:00","mainEntityOfPage":{"@id":"https:\/\/fcctp.usmp.edu.pe\/noticias\/internacional\/representante-de-prestigiosa-institucion-educativa-espanola-visito-la-fcctp\/"},"wordCount":410,"publisher":{"@id":"https:\/\/fcctp.usmp.edu.pe\/noticias\/#organization"},"image":{"@id":"https:\/\/fcctp.usmp.edu.pe\/noticias\/internacional\/representante-de-prestigiosa-institucion-educativa-espanola-visito-la-fcctp\/#primaryimage"},"thumbnailUrl":"https:\/\/fcctp.usmp.edu.pe\/noticias\/wp-content\/uploads\/2022\/06\/representante_institucion_espana_visita_head_720_450.png","keywords":["Home FCCTP","Lo mas destacado"],"articleSection":["Internacional"],"inLanguage":"es-PE"},{"@type":"WebPage","@id":"https:\/\/fcctp.usmp.edu.pe\/noticias\/internacional\/representante-de-prestigiosa-institucion-educativa-espanola-visito-la-fcctp\/","url":"https:\/\/fcctp.usmp.edu.pe\/noticias\/internacional\/representante-de-prestigiosa-institucion-educativa-espanola-visito-la-fcctp\/","name":"Representante de prestigiosa instituci\u00f3n educativa espa\u00f1ola visit\u00f3 la FCCTP - Noticias","isPartOf":{"@id":"https:\/\/fcctp.usmp.edu.pe\/noticias\/#website"},"primaryImageOfPage":{"@id":"https:\/\/fcctp.usmp.edu.pe\/noticias\/internacional\/representante-de-prestigiosa-institucion-educativa-espanola-visito-la-fcctp\/#primaryimage"},"image":{"@id":"https:\/\/fcctp.usmp.edu.pe\/noticias\/internacional\/representante-de-prestigiosa-institucion-educativa-espanola-visito-la-fcctp\/#primaryimage"},"thumbnailUrl":"https:\/\/fcctp.usmp.edu.pe\/noticias\/wp-content\/uploads\/2022\/06\/representante_institucion_espana_visita_head_720_450.png","datePublished":"2022-06-15T19:07:17+00:00","dateModified":"2022-06-15T21:27:23+00:00","breadcrumb":{"@id":"https:\/\/fcctp.usmp.edu.pe\/noticias\/internacional\/representante-de-prestigiosa-institucion-educativa-espanola-visito-la-fcctp\/#breadcrumb"},"inLanguage":"es-PE","potentialAction":[{"@type":"ReadAction","target":["https:\/\/fcctp.usmp.edu.pe\/noticias\/internacional\/representante-de-prestigiosa-institucion-educativa-espanola-visito-la-fcctp\/"]}]},{"@type":"ImageObject","inLanguage":"es-PE","@id":"https:\/\/fcctp.usmp.edu.pe\/noticias\/internacional\/representante-de-prestigiosa-institucion-educativa-espanola-visito-la-fcctp\/#primaryimage","url":"https:\/\/fcctp.usmp.edu.pe\/noticias\/wp-content\/uploads\/2022\/06\/representante_institucion_espana_visita_head_720_450.png","contentUrl":"https:\/\/fcctp.usmp.edu.pe\/noticias\/wp-content\/uploads\/2022\/06\/representante_institucion_espana_visita_head_720_450.png","width":720,"height":450,"caption":"Visita de representante a la FCCTP"},{"@type":"BreadcrumbList","@id":"https:\/\/fcctp.usmp.edu.pe\/noticias\/internacional\/representante-de-prestigiosa-institucion-educativa-espanola-visito-la-fcctp\/#breadcrumb","itemListElement":[{"@type":"ListItem","position":1,"name":"Portada","item":"https:\/\/fcctp.usmp.edu.pe\/noticias\/"},{"@type":"ListItem","position":2,"name":"Representante de prestigiosa instituci\u00f3n educativa espa\u00f1ola visit\u00f3 la FCCTP"}]},{"@type":"WebSite","@id":"https:\/\/fcctp.usmp.edu.pe\/noticias\/#website","url":"https:\/\/fcctp.usmp.edu.pe\/noticias\/","name":"Noticias FCCTP","description":"Facultad de Ciencias de la Comunicaci\u00f3n, Turismo y Psicolog\u00eda","publisher":{"@id":"https:\/\/fcctp.usmp.edu.pe\/noticias\/#organization"},"potentialAction":[{"@type":"SearchAction","target":{"@type":"EntryPoint","urlTemplate":"https:\/\/fcctp.usmp.edu.pe\/noticias\/?s={search_term_string}"},"query-input":{"@type":"PropertyValueSpecification","valueRequired":true,"valueName":"search_term_string"}}],"inLanguage":"es-PE"},{"@type":"Organization","@id":"https:\/\/fcctp.usmp.edu.pe\/noticias\/#organization","name":"Facultad de Ciencias de la Comunicaci\u00f3n, Turismo y Psicolog\u00eda","url":"https:\/\/fcctp.usmp.edu.pe\/noticias\/","logo":{"@type":"ImageObject","inLanguage":"es-PE","@id":"https:\/\/fcctp.usmp.edu.pe\/noticias\/#\/schema\/logo\/image\/","url":"https:\/\/fcctp.usmp.edu.pe\/noticias\/wp-content\/uploads\/2022\/03\/logoFCCTP_60.svg","contentUrl":"https:\/\/fcctp.usmp.edu.pe\/noticias\/wp-content\/uploads\/2022\/03\/logoFCCTP_60.svg","width":347,"height":66,"caption":"Facultad de Ciencias de la Comunicaci\u00f3n, Turismo y Psicolog\u00eda"},"image":{"@id":"https:\/\/fcctp.usmp.edu.pe\/noticias\/#\/schema\/logo\/image\/"},"sameAs":["https:\/\/www.facebook.com\/fcctp","https:\/\/x.com\/fcctp_usmp","https:\/\/www.instagram.com\/fcctp_usmp\/"]},{"@type":"Person","@id":"https:\/\/fcctp.usmp.edu.pe\/noticias\/#\/schema\/person\/4fdff53bd44bf6f645fe381e079e1252","name":"Omar Huaman","image":{"@type":"ImageObject","inLanguage":"es-PE","@id":"https:\/\/secure.gravatar.com\/avatar\/1ec290616e6e3dc043e286f62b87c0f992c4889ead141b3e3dfc70d018a983e0?s=96&d=mm&r=g","url":"https:\/\/secure.gravatar.com\/avatar\/1ec290616e6e3dc043e286f62b87c0f992c4889ead141b3e3dfc70d018a983e0?s=96&d=mm&r=g","contentUrl":"https:\/\/secure.gravatar.com\/avatar\/1ec290616e6e3dc043e286f62b87c0f992c4889ead141b3e3dfc70d018a983e0?s=96&d=mm&r=g","caption":"Omar Huaman"},"url":"https:\/\/fcctp.usmp.edu.pe\/noticias\/author\/notieditor\/"}]}},"_links":{"self":[{"href":"https:\/\/fcctp.usmp.edu.pe\/noticias\/wp-json\/wp\/v2\/posts\/8128","targetHints":{"allow":["GET"]}}],"collection":[{"href":"https:\/\/fcctp.usmp.edu.pe\/noticias\/wp-json\/wp\/v2\/posts"}],"about":[{"href":"https:\/\/fcctp.usmp.edu.pe\/noticias\/wp-json\/wp\/v2\/types\/post"}],"author":[{"embeddable":true,"href":"https:\/\/fcctp.usmp.edu.pe\/noticias\/wp-json\/wp\/v2\/users\/2"}],"replies":[{"embeddable":true,"href":"https:\/\/fcctp.usmp.edu.pe\/noticias\/wp-json\/wp\/v2\/comments?post=8128"}],"version-history":[{"count":1,"href":"https:\/\/fcctp.usmp.edu.pe\/noticias\/wp-json\/wp\/v2\/posts\/8128\/revisions"}],"predecessor-version":[{"id":8130,"href":"https:\/\/fcctp.usmp.edu.pe\/noticias\/wp-json\/wp\/v2\/posts\/8128\/revisions\/8130"}],"wp:featuredmedia":[{"embeddable":true,"href":"https:\/\/fcctp.usmp.edu.pe\/noticias\/wp-json\/wp\/v2\/media\/8129"}],"wp:attachment":[{"href":"https:\/\/fcctp.usmp.edu.pe\/noticias\/wp-json\/wp\/v2\/media?parent=8128"}],"wp:term":[{"taxonomy":"category","embeddable":true,"href":"https:\/\/fcctp.usmp.edu.pe\/noticias\/wp-json\/wp\/v2\/categories?post=8128"},{"taxonomy":"post_tag","embeddable":true,"href":"https:\/\/fcctp.usmp.edu.pe\/noticias\/wp-json\/wp\/v2\/tags?post=8128"}],"curies":[{"name":"wp","href":"https:\/\/api.w.org\/{rel}","templated":true}]}}