{"id":8125,"date":"2022-06-13T16:41:12","date_gmt":"2022-06-13T16:41:12","guid":{"rendered":"https:\/\/fcctp.usmp.edu.pe\/noticias\/?p=8125"},"modified":"2022-06-17T19:31:57","modified_gmt":"2022-06-17T19:31:57","slug":"egresadas-de-la-escuela-profesional-de-psicologia-brindaron-un-ciclo-de-talleres-para-alumnos-de-primer-y-segundo-ciclo","status":"publish","type":"post","link":"https:\/\/fcctp.usmp.edu.pe\/noticias\/sostenibilidad\/egresadas-de-la-escuela-profesional-de-psicologia-brindaron-un-ciclo-de-talleres-para-alumnos-de-primer-y-segundo-ciclo\/","title":{"rendered":"Egresadas de la Escuela Profesional de Psicolog\u00eda brindaron un ciclo de talleres para alumnos de primer y segundo ciclo"},"content":{"rendered":"<p style=\"text-align: justify;\"><em>Los m\u00f3dulos se desarrollaron en el marco del programa Convivencia Saludable.<\/em><\/p>\n<p style=\"text-align: justify;\">Durante mayo, la Oficina de Sostenibilidad desarroll\u00f3 el ciclo de talleres \u00abConvivencia Saludable en mi FCCTP\u00bb, cuyo objetivo fue sensibilizar a alumnos de primer y segundo ciclo de la Facultad de Ciencias de la Comunicaci\u00f3n, Turismo y Psicolog\u00eda (FCCTP) de la Universidad de San Mart\u00edn de Porres sobre la importancia de crear entornos inclusivos, participativos y seguros para todos los miembros de la comunidad, ya sean presenciales o virtuales.<\/p>\n<p style=\"text-align: justify;\">Esta serie de actividades fueron impartidas por las egresadas de nuestra casa de estudios Rosa Acosta y Joanna Carranza, flamantes profesionales de la Psicolog\u00eda y encargadas del dictado de cada sesi\u00f3n de aprendizaje. Acosta tuvo a su cargo el m\u00f3dulo \u00abTrabajando en mi amor propio\u00bb, mientras que Carranza desarroll\u00f3 el m\u00f3dulo \u00ab\u00bfSoy emp\u00e1tico con mi entorno?\u00bb.<\/p>\n<p style=\"text-align: justify;\">Noticias FCCTP convers\u00f3 con ambas profesionales. Visiblemente emocionada, Acosta detall\u00f3 que, a lo largo de cada sesi\u00f3n, abord\u00f3 puntos fundamentales como la autoaceptaci\u00f3n y la identificaci\u00f3n de pensamientos que pueden afectar este proceso, as\u00ed como las herramientas necesarias para mejorar el di\u00e1logo interno.<\/p>\n<p style=\"text-align: justify;\">Igualmente, afirm\u00f3 que es grato retornar al claustro sanmartiniano y estrechar v\u00ednculos con las nuevas generaciones de estudiantes, quienes se encuentran \u00e1vidos de conocer experiencias de personas que han logrado insertarse en distintas especialidades de la salud mental.<\/p>\n<p style=\"text-align: justify;\">Por su parte, Joanna Carranza incidi\u00f3 en puntos neur\u00e1lgicos como los elementos para ser m\u00e1s emp\u00e1ticos, el autoconocimiento y la autoempat\u00eda. Adem\u00e1s, relat\u00f3 que los alumnos que formaron parte de cada taller elaboraron una infograf\u00eda o video en formato de TikTok sobre alguno de los temas abordados en cada m\u00f3dulo.<\/p>\n<p style=\"text-align: justify;\">Finalmente, precis\u00f3 que los psic\u00f3logos cumplen un rol preponderante en el desarrollo del Per\u00fa y el mundo, puesto que ayudan a quienes m\u00e1s lo necesitan en el autodescubrimiento de sus potencialidades y a construir una s\u00f3lida autoestima, generando aceptaci\u00f3n y consolidando sus habilidades blandas. \u201cSomos de los pocos profesionales que se enfocan en el bienestar personal, aspecto fundamental para la felicidad de cada uno\u201d, detall\u00f3.<\/p>\n<p style=\"text-align: justify;\">La Oficina de Sostenibilidad apuesta por el desarrollo sostenible del pa\u00eds fomentando un mayor protagonismo en las acciones dirigidas a contribuir con el cumplimiento de los Objetivos de Desarrollo Sostenible de la Agenda 2030 de la Organizaci\u00f3n de las Naciones Unidas (ONU).<\/p>\n","protected":false},"excerpt":{"rendered":"<p>Los m\u00f3dulos se desarrollaron en el marco del programa Convivencia Saludable.<\/p>\n","protected":false},"author":2,"featured_media":8126,"comment_status":"closed","ping_status":"closed","sticky":false,"template":"","format":"standard","meta":{"footnotes":""},"categories":[33],"tags":[47,46],"class_list":["post-8125","post","type-post","status-publish","format-standard","has-post-thumbnail","hentry","category-sostenibilidad","tag-home-fcctp","tag-lo-mas-destacado"],"yoast_head":"<!-- This site is optimized with the Yoast SEO plugin v28.3 - https:\/\/yoast.com\/product\/yoast-seo-wordpress\/ -->\n<title>Egresadas de la Escuela Profesional de Psicolog\u00eda brindaron un ciclo de talleres para alumnos de primer y segundo ciclo - Noticias<\/title>\n<meta name=\"robots\" content=\"index, follow, max-snippet:-1, max-image-preview:large, max-video-preview:-1\" \/>\n<link rel=\"canonical\" href=\"https:\/\/fcctp.usmp.edu.pe\/noticias\/sostenibilidad\/egresadas-de-la-escuela-profesional-de-psicologia-brindaron-un-ciclo-de-talleres-para-alumnos-de-primer-y-segundo-ciclo\/\" \/>\n<meta property=\"og:locale\" content=\"es_ES\" \/>\n<meta property=\"og:type\" content=\"article\" \/>\n<meta property=\"og:title\" content=\"Egresadas de la Escuela Profesional de Psicolog\u00eda brindaron un ciclo de talleres para alumnos de primer y segundo ciclo - Noticias\" \/>\n<meta property=\"og:description\" content=\"Los m\u00f3dulos se desarrollaron en el marco del programa Convivencia Saludable.\" \/>\n<meta property=\"og:url\" content=\"https:\/\/fcctp.usmp.edu.pe\/noticias\/sostenibilidad\/egresadas-de-la-escuela-profesional-de-psicologia-brindaron-un-ciclo-de-talleres-para-alumnos-de-primer-y-segundo-ciclo\/\" \/>\n<meta property=\"og:site_name\" content=\"Noticias\" \/>\n<meta property=\"article:publisher\" content=\"https:\/\/www.facebook.com\/fcctp\" \/>\n<meta property=\"article:published_time\" content=\"2022-06-13T16:41:12+00:00\" \/>\n<meta property=\"article:modified_time\" content=\"2022-06-17T19:31:57+00:00\" \/>\n<meta property=\"og:image\" content=\"https:\/\/fcctp.usmp.edu.pe\/noticias\/wp-content\/uploads\/2022\/06\/egresadas_escuela_psicologia_taller_head_720_450.png\" \/>\n\t<meta property=\"og:image:width\" content=\"720\" \/>\n\t<meta property=\"og:image:height\" content=\"450\" \/>\n\t<meta property=\"og:image:type\" content=\"image\/png\" \/>\n<meta name=\"author\" content=\"Omar Huaman\" \/>\n<meta name=\"twitter:card\" content=\"summary_large_image\" \/>\n<meta name=\"twitter:creator\" content=\"@fcctp_usmp\" \/>\n<meta name=\"twitter:site\" content=\"@fcctp_usmp\" \/>\n<meta name=\"twitter:label1\" content=\"Written by\" \/>\n\t<meta name=\"twitter:data1\" content=\"Omar Huaman\" \/>\n\t<meta name=\"twitter:label2\" content=\"Est. reading time\" \/>\n\t<meta name=\"twitter:data2\" content=\"2 minutos\" \/>\n<script type=\"application\/ld+json\" class=\"yoast-schema-graph\">{\"@context\":\"https:\\\/\\\/schema.org\",\"@graph\":[{\"@type\":\"Article\",\"@id\":\"https:\\\/\\\/fcctp.usmp.edu.pe\\\/noticias\\\/sostenibilidad\\\/egresadas-de-la-escuela-profesional-de-psicologia-brindaron-un-ciclo-de-talleres-para-alumnos-de-primer-y-segundo-ciclo\\\/#article\",\"isPartOf\":{\"@id\":\"https:\\\/\\\/fcctp.usmp.edu.pe\\\/noticias\\\/sostenibilidad\\\/egresadas-de-la-escuela-profesional-de-psicologia-brindaron-un-ciclo-de-talleres-para-alumnos-de-primer-y-segundo-ciclo\\\/\"},\"author\":{\"name\":\"Omar Huaman\",\"@id\":\"https:\\\/\\\/fcctp.usmp.edu.pe\\\/noticias\\\/#\\\/schema\\\/person\\\/4fdff53bd44bf6f645fe381e079e1252\"},\"headline\":\"Egresadas de la Escuela Profesional de Psicolog\u00eda brindaron un ciclo de talleres para alumnos de primer y segundo ciclo\",\"datePublished\":\"2022-06-13T16:41:12+00:00\",\"dateModified\":\"2022-06-17T19:31:57+00:00\",\"mainEntityOfPage\":{\"@id\":\"https:\\\/\\\/fcctp.usmp.edu.pe\\\/noticias\\\/sostenibilidad\\\/egresadas-de-la-escuela-profesional-de-psicologia-brindaron-un-ciclo-de-talleres-para-alumnos-de-primer-y-segundo-ciclo\\\/\"},\"wordCount\":420,\"publisher\":{\"@id\":\"https:\\\/\\\/fcctp.usmp.edu.pe\\\/noticias\\\/#organization\"},\"image\":{\"@id\":\"https:\\\/\\\/fcctp.usmp.edu.pe\\\/noticias\\\/sostenibilidad\\\/egresadas-de-la-escuela-profesional-de-psicologia-brindaron-un-ciclo-de-talleres-para-alumnos-de-primer-y-segundo-ciclo\\\/#primaryimage\"},\"thumbnailUrl\":\"https:\\\/\\\/fcctp.usmp.edu.pe\\\/noticias\\\/wp-content\\\/uploads\\\/2022\\\/06\\\/egresadas_escuela_psicologia_taller_head_720_450.png\",\"keywords\":[\"Home FCCTP\",\"Lo mas destacado\"],\"articleSection\":[\"Sostenibilidad\"],\"inLanguage\":\"es-PE\"},{\"@type\":\"WebPage\",\"@id\":\"https:\\\/\\\/fcctp.usmp.edu.pe\\\/noticias\\\/sostenibilidad\\\/egresadas-de-la-escuela-profesional-de-psicologia-brindaron-un-ciclo-de-talleres-para-alumnos-de-primer-y-segundo-ciclo\\\/\",\"url\":\"https:\\\/\\\/fcctp.usmp.edu.pe\\\/noticias\\\/sostenibilidad\\\/egresadas-de-la-escuela-profesional-de-psicologia-brindaron-un-ciclo-de-talleres-para-alumnos-de-primer-y-segundo-ciclo\\\/\",\"name\":\"Egresadas de la Escuela Profesional de Psicolog\u00eda brindaron un ciclo de talleres para alumnos de primer y segundo ciclo - Noticias\",\"isPartOf\":{\"@id\":\"https:\\\/\\\/fcctp.usmp.edu.pe\\\/noticias\\\/#website\"},\"primaryImageOfPage\":{\"@id\":\"https:\\\/\\\/fcctp.usmp.edu.pe\\\/noticias\\\/sostenibilidad\\\/egresadas-de-la-escuela-profesional-de-psicologia-brindaron-un-ciclo-de-talleres-para-alumnos-de-primer-y-segundo-ciclo\\\/#primaryimage\"},\"image\":{\"@id\":\"https:\\\/\\\/fcctp.usmp.edu.pe\\\/noticias\\\/sostenibilidad\\\/egresadas-de-la-escuela-profesional-de-psicologia-brindaron-un-ciclo-de-talleres-para-alumnos-de-primer-y-segundo-ciclo\\\/#primaryimage\"},\"thumbnailUrl\":\"https:\\\/\\\/fcctp.usmp.edu.pe\\\/noticias\\\/wp-content\\\/uploads\\\/2022\\\/06\\\/egresadas_escuela_psicologia_taller_head_720_450.png\",\"datePublished\":\"2022-06-13T16:41:12+00:00\",\"dateModified\":\"2022-06-17T19:31:57+00:00\",\"breadcrumb\":{\"@id\":\"https:\\\/\\\/fcctp.usmp.edu.pe\\\/noticias\\\/sostenibilidad\\\/egresadas-de-la-escuela-profesional-de-psicologia-brindaron-un-ciclo-de-talleres-para-alumnos-de-primer-y-segundo-ciclo\\\/#breadcrumb\"},\"inLanguage\":\"es-PE\",\"potentialAction\":[{\"@type\":\"ReadAction\",\"target\":[\"https:\\\/\\\/fcctp.usmp.edu.pe\\\/noticias\\\/sostenibilidad\\\/egresadas-de-la-escuela-profesional-de-psicologia-brindaron-un-ciclo-de-talleres-para-alumnos-de-primer-y-segundo-ciclo\\\/\"]}]},{\"@type\":\"ImageObject\",\"inLanguage\":\"es-PE\",\"@id\":\"https:\\\/\\\/fcctp.usmp.edu.pe\\\/noticias\\\/sostenibilidad\\\/egresadas-de-la-escuela-profesional-de-psicologia-brindaron-un-ciclo-de-talleres-para-alumnos-de-primer-y-segundo-ciclo\\\/#primaryimage\",\"url\":\"https:\\\/\\\/fcctp.usmp.edu.pe\\\/noticias\\\/wp-content\\\/uploads\\\/2022\\\/06\\\/egresadas_escuela_psicologia_taller_head_720_450.png\",\"contentUrl\":\"https:\\\/\\\/fcctp.usmp.edu.pe\\\/noticias\\\/wp-content\\\/uploads\\\/2022\\\/06\\\/egresadas_escuela_psicologia_taller_head_720_450.png\",\"width\":720,\"height\":450,\"caption\":\"Ciclo de talleres para alumnos\"},{\"@type\":\"BreadcrumbList\",\"@id\":\"https:\\\/\\\/fcctp.usmp.edu.pe\\\/noticias\\\/sostenibilidad\\\/egresadas-de-la-escuela-profesional-de-psicologia-brindaron-un-ciclo-de-talleres-para-alumnos-de-primer-y-segundo-ciclo\\\/#breadcrumb\",\"itemListElement\":[{\"@type\":\"ListItem\",\"position\":1,\"name\":\"Portada\",\"item\":\"https:\\\/\\\/fcctp.usmp.edu.pe\\\/noticias\\\/\"},{\"@type\":\"ListItem\",\"position\":2,\"name\":\"Egresadas de la Escuela Profesional de Psicolog\u00eda brindaron un ciclo de talleres para alumnos de primer y segundo ciclo\"}]},{\"@type\":\"WebSite\",\"@id\":\"https:\\\/\\\/fcctp.usmp.edu.pe\\\/noticias\\\/#website\",\"url\":\"https:\\\/\\\/fcctp.usmp.edu.pe\\\/noticias\\\/\",\"name\":\"Noticias FCCTP\",\"description\":\"Facultad de Ciencias de la Comunicaci\u00f3n, Turismo y Psicolog\u00eda\",\"publisher\":{\"@id\":\"https:\\\/\\\/fcctp.usmp.edu.pe\\\/noticias\\\/#organization\"},\"potentialAction\":[{\"@type\":\"SearchAction\",\"target\":{\"@type\":\"EntryPoint\",\"urlTemplate\":\"https:\\\/\\\/fcctp.usmp.edu.pe\\\/noticias\\\/?s={search_term_string}\"},\"query-input\":{\"@type\":\"PropertyValueSpecification\",\"valueRequired\":true,\"valueName\":\"search_term_string\"}}],\"inLanguage\":\"es-PE\"},{\"@type\":\"Organization\",\"@id\":\"https:\\\/\\\/fcctp.usmp.edu.pe\\\/noticias\\\/#organization\",\"name\":\"Facultad de Ciencias de la Comunicaci\u00f3n, Turismo y Psicolog\u00eda\",\"url\":\"https:\\\/\\\/fcctp.usmp.edu.pe\\\/noticias\\\/\",\"logo\":{\"@type\":\"ImageObject\",\"inLanguage\":\"es-PE\",\"@id\":\"https:\\\/\\\/fcctp.usmp.edu.pe\\\/noticias\\\/#\\\/schema\\\/logo\\\/image\\\/\",\"url\":\"https:\\\/\\\/fcctp.usmp.edu.pe\\\/noticias\\\/wp-content\\\/uploads\\\/2022\\\/03\\\/logoFCCTP_60.svg\",\"contentUrl\":\"https:\\\/\\\/fcctp.usmp.edu.pe\\\/noticias\\\/wp-content\\\/uploads\\\/2022\\\/03\\\/logoFCCTP_60.svg\",\"width\":347,\"height\":66,\"caption\":\"Facultad de Ciencias de la Comunicaci\u00f3n, Turismo y Psicolog\u00eda\"},\"image\":{\"@id\":\"https:\\\/\\\/fcctp.usmp.edu.pe\\\/noticias\\\/#\\\/schema\\\/logo\\\/image\\\/\"},\"sameAs\":[\"https:\\\/\\\/www.facebook.com\\\/fcctp\",\"https:\\\/\\\/x.com\\\/fcctp_usmp\",\"https:\\\/\\\/www.instagram.com\\\/fcctp_usmp\\\/\"]},{\"@type\":\"Person\",\"@id\":\"https:\\\/\\\/fcctp.usmp.edu.pe\\\/noticias\\\/#\\\/schema\\\/person\\\/4fdff53bd44bf6f645fe381e079e1252\",\"name\":\"Omar Huaman\",\"image\":{\"@type\":\"ImageObject\",\"inLanguage\":\"es-PE\",\"@id\":\"https:\\\/\\\/secure.gravatar.com\\\/avatar\\\/1ec290616e6e3dc043e286f62b87c0f992c4889ead141b3e3dfc70d018a983e0?s=96&d=mm&r=g\",\"url\":\"https:\\\/\\\/secure.gravatar.com\\\/avatar\\\/1ec290616e6e3dc043e286f62b87c0f992c4889ead141b3e3dfc70d018a983e0?s=96&d=mm&r=g\",\"contentUrl\":\"https:\\\/\\\/secure.gravatar.com\\\/avatar\\\/1ec290616e6e3dc043e286f62b87c0f992c4889ead141b3e3dfc70d018a983e0?s=96&d=mm&r=g\",\"caption\":\"Omar Huaman\"},\"url\":\"https:\\\/\\\/fcctp.usmp.edu.pe\\\/noticias\\\/author\\\/notieditor\\\/\"}]}<\/script>\n<!-- \/ Yoast SEO plugin. -->","yoast_head_json":{"title":"Egresadas de la Escuela Profesional de Psicolog\u00eda brindaron un ciclo de talleres para alumnos de primer y segundo ciclo - Noticias","robots":{"index":"index","follow":"follow","max-snippet":"max-snippet:-1","max-image-preview":"max-image-preview:large","max-video-preview":"max-video-preview:-1"},"canonical":"https:\/\/fcctp.usmp.edu.pe\/noticias\/sostenibilidad\/egresadas-de-la-escuela-profesional-de-psicologia-brindaron-un-ciclo-de-talleres-para-alumnos-de-primer-y-segundo-ciclo\/","og_locale":"es_ES","og_type":"article","og_title":"Egresadas de la Escuela Profesional de Psicolog\u00eda brindaron un ciclo de talleres para alumnos de primer y segundo ciclo - Noticias","og_description":"Los m\u00f3dulos se desarrollaron en el marco del programa Convivencia Saludable.","og_url":"https:\/\/fcctp.usmp.edu.pe\/noticias\/sostenibilidad\/egresadas-de-la-escuela-profesional-de-psicologia-brindaron-un-ciclo-de-talleres-para-alumnos-de-primer-y-segundo-ciclo\/","og_site_name":"Noticias","article_publisher":"https:\/\/www.facebook.com\/fcctp","article_published_time":"2022-06-13T16:41:12+00:00","article_modified_time":"2022-06-17T19:31:57+00:00","og_image":[{"width":720,"height":450,"url":"https:\/\/fcctp.usmp.edu.pe\/noticias\/wp-content\/uploads\/2022\/06\/egresadas_escuela_psicologia_taller_head_720_450.png","type":"image\/png"}],"author":"Omar Huaman","twitter_card":"summary_large_image","twitter_creator":"@fcctp_usmp","twitter_site":"@fcctp_usmp","twitter_misc":{"Written by":"Omar Huaman","Est. reading time":"2 minutos"},"schema":{"@context":"https:\/\/schema.org","@graph":[{"@type":"Article","@id":"https:\/\/fcctp.usmp.edu.pe\/noticias\/sostenibilidad\/egresadas-de-la-escuela-profesional-de-psicologia-brindaron-un-ciclo-de-talleres-para-alumnos-de-primer-y-segundo-ciclo\/#article","isPartOf":{"@id":"https:\/\/fcctp.usmp.edu.pe\/noticias\/sostenibilidad\/egresadas-de-la-escuela-profesional-de-psicologia-brindaron-un-ciclo-de-talleres-para-alumnos-de-primer-y-segundo-ciclo\/"},"author":{"name":"Omar Huaman","@id":"https:\/\/fcctp.usmp.edu.pe\/noticias\/#\/schema\/person\/4fdff53bd44bf6f645fe381e079e1252"},"headline":"Egresadas de la Escuela Profesional de Psicolog\u00eda brindaron un ciclo de talleres para alumnos de primer y segundo ciclo","datePublished":"2022-06-13T16:41:12+00:00","dateModified":"2022-06-17T19:31:57+00:00","mainEntityOfPage":{"@id":"https:\/\/fcctp.usmp.edu.pe\/noticias\/sostenibilidad\/egresadas-de-la-escuela-profesional-de-psicologia-brindaron-un-ciclo-de-talleres-para-alumnos-de-primer-y-segundo-ciclo\/"},"wordCount":420,"publisher":{"@id":"https:\/\/fcctp.usmp.edu.pe\/noticias\/#organization"},"image":{"@id":"https:\/\/fcctp.usmp.edu.pe\/noticias\/sostenibilidad\/egresadas-de-la-escuela-profesional-de-psicologia-brindaron-un-ciclo-de-talleres-para-alumnos-de-primer-y-segundo-ciclo\/#primaryimage"},"thumbnailUrl":"https:\/\/fcctp.usmp.edu.pe\/noticias\/wp-content\/uploads\/2022\/06\/egresadas_escuela_psicologia_taller_head_720_450.png","keywords":["Home FCCTP","Lo mas destacado"],"articleSection":["Sostenibilidad"],"inLanguage":"es-PE"},{"@type":"WebPage","@id":"https:\/\/fcctp.usmp.edu.pe\/noticias\/sostenibilidad\/egresadas-de-la-escuela-profesional-de-psicologia-brindaron-un-ciclo-de-talleres-para-alumnos-de-primer-y-segundo-ciclo\/","url":"https:\/\/fcctp.usmp.edu.pe\/noticias\/sostenibilidad\/egresadas-de-la-escuela-profesional-de-psicologia-brindaron-un-ciclo-de-talleres-para-alumnos-de-primer-y-segundo-ciclo\/","name":"Egresadas de la Escuela Profesional de Psicolog\u00eda brindaron un ciclo de talleres para alumnos de primer y segundo ciclo - Noticias","isPartOf":{"@id":"https:\/\/fcctp.usmp.edu.pe\/noticias\/#website"},"primaryImageOfPage":{"@id":"https:\/\/fcctp.usmp.edu.pe\/noticias\/sostenibilidad\/egresadas-de-la-escuela-profesional-de-psicologia-brindaron-un-ciclo-de-talleres-para-alumnos-de-primer-y-segundo-ciclo\/#primaryimage"},"image":{"@id":"https:\/\/fcctp.usmp.edu.pe\/noticias\/sostenibilidad\/egresadas-de-la-escuela-profesional-de-psicologia-brindaron-un-ciclo-de-talleres-para-alumnos-de-primer-y-segundo-ciclo\/#primaryimage"},"thumbnailUrl":"https:\/\/fcctp.usmp.edu.pe\/noticias\/wp-content\/uploads\/2022\/06\/egresadas_escuela_psicologia_taller_head_720_450.png","datePublished":"2022-06-13T16:41:12+00:00","dateModified":"2022-06-17T19:31:57+00:00","breadcrumb":{"@id":"https:\/\/fcctp.usmp.edu.pe\/noticias\/sostenibilidad\/egresadas-de-la-escuela-profesional-de-psicologia-brindaron-un-ciclo-de-talleres-para-alumnos-de-primer-y-segundo-ciclo\/#breadcrumb"},"inLanguage":"es-PE","potentialAction":[{"@type":"ReadAction","target":["https:\/\/fcctp.usmp.edu.pe\/noticias\/sostenibilidad\/egresadas-de-la-escuela-profesional-de-psicologia-brindaron-un-ciclo-de-talleres-para-alumnos-de-primer-y-segundo-ciclo\/"]}]},{"@type":"ImageObject","inLanguage":"es-PE","@id":"https:\/\/fcctp.usmp.edu.pe\/noticias\/sostenibilidad\/egresadas-de-la-escuela-profesional-de-psicologia-brindaron-un-ciclo-de-talleres-para-alumnos-de-primer-y-segundo-ciclo\/#primaryimage","url":"https:\/\/fcctp.usmp.edu.pe\/noticias\/wp-content\/uploads\/2022\/06\/egresadas_escuela_psicologia_taller_head_720_450.png","contentUrl":"https:\/\/fcctp.usmp.edu.pe\/noticias\/wp-content\/uploads\/2022\/06\/egresadas_escuela_psicologia_taller_head_720_450.png","width":720,"height":450,"caption":"Ciclo de talleres para alumnos"},{"@type":"BreadcrumbList","@id":"https:\/\/fcctp.usmp.edu.pe\/noticias\/sostenibilidad\/egresadas-de-la-escuela-profesional-de-psicologia-brindaron-un-ciclo-de-talleres-para-alumnos-de-primer-y-segundo-ciclo\/#breadcrumb","itemListElement":[{"@type":"ListItem","position":1,"name":"Portada","item":"https:\/\/fcctp.usmp.edu.pe\/noticias\/"},{"@type":"ListItem","position":2,"name":"Egresadas de la Escuela Profesional de Psicolog\u00eda brindaron un ciclo de talleres para alumnos de primer y segundo ciclo"}]},{"@type":"WebSite","@id":"https:\/\/fcctp.usmp.edu.pe\/noticias\/#website","url":"https:\/\/fcctp.usmp.edu.pe\/noticias\/","name":"Noticias FCCTP","description":"Facultad de Ciencias de la Comunicaci\u00f3n, Turismo y Psicolog\u00eda","publisher":{"@id":"https:\/\/fcctp.usmp.edu.pe\/noticias\/#organization"},"potentialAction":[{"@type":"SearchAction","target":{"@type":"EntryPoint","urlTemplate":"https:\/\/fcctp.usmp.edu.pe\/noticias\/?s={search_term_string}"},"query-input":{"@type":"PropertyValueSpecification","valueRequired":true,"valueName":"search_term_string"}}],"inLanguage":"es-PE"},{"@type":"Organization","@id":"https:\/\/fcctp.usmp.edu.pe\/noticias\/#organization","name":"Facultad de Ciencias de la Comunicaci\u00f3n, Turismo y Psicolog\u00eda","url":"https:\/\/fcctp.usmp.edu.pe\/noticias\/","logo":{"@type":"ImageObject","inLanguage":"es-PE","@id":"https:\/\/fcctp.usmp.edu.pe\/noticias\/#\/schema\/logo\/image\/","url":"https:\/\/fcctp.usmp.edu.pe\/noticias\/wp-content\/uploads\/2022\/03\/logoFCCTP_60.svg","contentUrl":"https:\/\/fcctp.usmp.edu.pe\/noticias\/wp-content\/uploads\/2022\/03\/logoFCCTP_60.svg","width":347,"height":66,"caption":"Facultad de Ciencias de la Comunicaci\u00f3n, Turismo y Psicolog\u00eda"},"image":{"@id":"https:\/\/fcctp.usmp.edu.pe\/noticias\/#\/schema\/logo\/image\/"},"sameAs":["https:\/\/www.facebook.com\/fcctp","https:\/\/x.com\/fcctp_usmp","https:\/\/www.instagram.com\/fcctp_usmp\/"]},{"@type":"Person","@id":"https:\/\/fcctp.usmp.edu.pe\/noticias\/#\/schema\/person\/4fdff53bd44bf6f645fe381e079e1252","name":"Omar Huaman","image":{"@type":"ImageObject","inLanguage":"es-PE","@id":"https:\/\/secure.gravatar.com\/avatar\/1ec290616e6e3dc043e286f62b87c0f992c4889ead141b3e3dfc70d018a983e0?s=96&d=mm&r=g","url":"https:\/\/secure.gravatar.com\/avatar\/1ec290616e6e3dc043e286f62b87c0f992c4889ead141b3e3dfc70d018a983e0?s=96&d=mm&r=g","contentUrl":"https:\/\/secure.gravatar.com\/avatar\/1ec290616e6e3dc043e286f62b87c0f992c4889ead141b3e3dfc70d018a983e0?s=96&d=mm&r=g","caption":"Omar Huaman"},"url":"https:\/\/fcctp.usmp.edu.pe\/noticias\/author\/notieditor\/"}]}},"_links":{"self":[{"href":"https:\/\/fcctp.usmp.edu.pe\/noticias\/wp-json\/wp\/v2\/posts\/8125","targetHints":{"allow":["GET"]}}],"collection":[{"href":"https:\/\/fcctp.usmp.edu.pe\/noticias\/wp-json\/wp\/v2\/posts"}],"about":[{"href":"https:\/\/fcctp.usmp.edu.pe\/noticias\/wp-json\/wp\/v2\/types\/post"}],"author":[{"embeddable":true,"href":"https:\/\/fcctp.usmp.edu.pe\/noticias\/wp-json\/wp\/v2\/users\/2"}],"replies":[{"embeddable":true,"href":"https:\/\/fcctp.usmp.edu.pe\/noticias\/wp-json\/wp\/v2\/comments?post=8125"}],"version-history":[{"count":1,"href":"https:\/\/fcctp.usmp.edu.pe\/noticias\/wp-json\/wp\/v2\/posts\/8125\/revisions"}],"predecessor-version":[{"id":8127,"href":"https:\/\/fcctp.usmp.edu.pe\/noticias\/wp-json\/wp\/v2\/posts\/8125\/revisions\/8127"}],"wp:featuredmedia":[{"embeddable":true,"href":"https:\/\/fcctp.usmp.edu.pe\/noticias\/wp-json\/wp\/v2\/media\/8126"}],"wp:attachment":[{"href":"https:\/\/fcctp.usmp.edu.pe\/noticias\/wp-json\/wp\/v2\/media?parent=8125"}],"wp:term":[{"taxonomy":"category","embeddable":true,"href":"https:\/\/fcctp.usmp.edu.pe\/noticias\/wp-json\/wp\/v2\/categories?post=8125"},{"taxonomy":"post_tag","embeddable":true,"href":"https:\/\/fcctp.usmp.edu.pe\/noticias\/wp-json\/wp\/v2\/tags?post=8125"}],"curies":[{"name":"wp","href":"https:\/\/api.w.org\/{rel}","templated":true}]}}