{"id":8088,"date":"2022-05-30T14:05:19","date_gmt":"2022-05-30T14:05:19","guid":{"rendered":"https:\/\/fcctp.usmp.edu.pe\/noticias\/?p=8088"},"modified":"2022-09-12T23:33:58","modified_gmt":"2022-09-12T23:33:58","slug":"la-dra-amybel-sanchez-de-walther-fue-reelegida-como-directora-y-delegada-academica-de-la-global-alliance-for-public-relations-and-communications-management","status":"publish","type":"post","link":"https:\/\/fcctp.usmp.edu.pe\/noticias\/premios-y-reconocimientos\/la-dra-amybel-sanchez-de-walther-fue-reelegida-como-directora-y-delegada-academica-de-la-global-alliance-for-public-relations-and-communications-management\/","title":{"rendered":"La Dra. Amybel S\u00e1nchez de Walther fue reelegida como directora y delegada acad\u00e9mica de la Global Alliance for Public Relations and Communications Management"},"content":{"rendered":"<p style=\"text-align: left;\"><em>La decana de la Facultad de Ciencias de la Comunicaci\u00f3n, Turismo y Psicolog\u00eda particip\u00f3 en la 20.\u00aa Asamblea General Anual de esta organizaci\u00f3n en Estambul, Turqu\u00eda.<\/em><\/p>\n<p style=\"text-align: left;\">Desde hace m\u00e1s de 25 a\u00f1os, la <strong>Dra. Amybel S\u00e1nchez de Walther<\/strong> viene brindando valiosas contribuciones en el desarrollo de la investigaci\u00f3n cient\u00edfica en el campo de las relaciones p\u00fablicas. Por ello, la decana de la <strong>Facultad de Ciencias de la Comunicaci\u00f3n, Turismo y Psicolog\u00eda<\/strong> ha sido reelegida como directora y delegada acad\u00e9mica de la <strong>Global Alliance for Public Relations and Communications Management<\/strong>. Ella seguir\u00e1 ocupando este cargo hasta el 30 de junio de 2023.<\/p>\n<p style=\"text-align: left;\">La designaci\u00f3n ocurri\u00f3 durante su participaci\u00f3n en la 20.\u00aa Asamblea General Anual de la Global Alliance for Public Relations and Communications Management. Este evento se celebr\u00f3 el pasado 21 de mayo en Estambul, Turqu\u00eda. Cabe se\u00f1alar que esta es la primera Reuni\u00f3n General Anual que se realiz\u00f3 de manera presencial, luego de dos a\u00f1os de pandemia. Asimismo, durante este evento, el presidente y director general de la Global Alliance, Justin Green, encendi\u00f3 una vela en solidaridad con todas las personas que fallecieron a causa de la COVID-19.<\/p>\n<p style=\"text-align: left;\">En el pasado, la decana de la Facultad fue miembro del comit\u00e9 directivo de la Global Alliance para el periodo 2019-2020, ocupando el cargo de directora regional para Latinoam\u00e9rica. Este nombramiento se dio durante la 17.\u00aa Asamblea General Anual, celebrada el 6 de abril de 2019, en Sao Paulo.<\/p>\n<p style=\"text-align: left;\">Fundada en 2002, la Global Alliance for Public Relations and Communications Management es una organizaci\u00f3n que representa a 280 mil acad\u00e9micos de los principales organismos regionales e internacionales en el campo de las relaciones p\u00fablicas y se encarga de promover la importancia de la comunicaci\u00f3n como punto de partida para entablar relaciones fruct\u00edferas y positivas en el entorno en el que operan. Esto permite a la Global Alliance reforzar los est\u00e1ndares de las relaciones p\u00fablicas, la \u00e9tica, la internacionalizaci\u00f3n y la profesionalidad en todo el mundo.<\/p>\n","protected":false},"excerpt":{"rendered":"<p>La decana de la Facultad de Ciencias de la Comunicaci\u00f3n, Turismo y Psicolog\u00eda particip\u00f3 en la 20.\u00aa Asamblea General Anual de esta organizaci\u00f3n en Estambul, Turqu\u00eda.<\/p>\n","protected":false},"author":2,"featured_media":8089,"comment_status":"closed","ping_status":"closed","sticky":false,"template":"","format":"standard","meta":{"footnotes":""},"categories":[29],"tags":[47,46],"class_list":["post-8088","post","type-post","status-publish","format-standard","has-post-thumbnail","hentry","category-premios-y-reconocimientos","tag-home-fcctp","tag-lo-mas-destacado"],"_links":{"self":[{"href":"https:\/\/fcctp.usmp.edu.pe\/noticias\/wp-json\/wp\/v2\/posts\/8088","targetHints":{"allow":["GET"]}}],"collection":[{"href":"https:\/\/fcctp.usmp.edu.pe\/noticias\/wp-json\/wp\/v2\/posts"}],"about":[{"href":"https:\/\/fcctp.usmp.edu.pe\/noticias\/wp-json\/wp\/v2\/types\/post"}],"author":[{"embeddable":true,"href":"https:\/\/fcctp.usmp.edu.pe\/noticias\/wp-json\/wp\/v2\/users\/2"}],"replies":[{"embeddable":true,"href":"https:\/\/fcctp.usmp.edu.pe\/noticias\/wp-json\/wp\/v2\/comments?post=8088"}],"version-history":[{"count":2,"href":"https:\/\/fcctp.usmp.edu.pe\/noticias\/wp-json\/wp\/v2\/posts\/8088\/revisions"}],"predecessor-version":[{"id":8607,"href":"https:\/\/fcctp.usmp.edu.pe\/noticias\/wp-json\/wp\/v2\/posts\/8088\/revisions\/8607"}],"wp:featuredmedia":[{"embeddable":true,"href":"https:\/\/fcctp.usmp.edu.pe\/noticias\/wp-json\/wp\/v2\/media\/8089"}],"wp:attachment":[{"href":"https:\/\/fcctp.usmp.edu.pe\/noticias\/wp-json\/wp\/v2\/media?parent=8088"}],"wp:term":[{"taxonomy":"category","embeddable":true,"href":"https:\/\/fcctp.usmp.edu.pe\/noticias\/wp-json\/wp\/v2\/categories?post=8088"},{"taxonomy":"post_tag","embeddable":true,"href":"https:\/\/fcctp.usmp.edu.pe\/noticias\/wp-json\/wp\/v2\/tags?post=8088"}],"curies":[{"name":"wp","href":"https:\/\/api.w.org\/{rel}","templated":true}]}}