{"id":8071,"date":"2022-05-16T14:44:10","date_gmt":"2022-05-16T14:44:10","guid":{"rendered":"https:\/\/fcctp.usmp.edu.pe\/noticias\/?p=8071"},"modified":"2022-05-25T14:46:24","modified_gmt":"2022-05-25T14:46:24","slug":"el-director-de-la-obra-con-mi-mama-no-te-metas-participo-en-el-programa-arte-radio-de-rdn","status":"publish","type":"post","link":"https:\/\/fcctp.usmp.edu.pe\/noticias\/vida-universitaria\/el-director-de-la-obra-con-mi-mama-no-te-metas-participo-en-el-programa-arte-radio-de-rdn\/","title":{"rendered":"El director de la obra Con mi mam\u00e1 no te metas particip\u00f3 en el programa Arte Radio de RDN"},"content":{"rendered":"<p style=\"text-align: justify;\">El programa Arte Radio, que es impulsado por los alumnos de la Escuela Profesional de Ciencias de la Comunicaci\u00f3n de la Universidad de San Mart\u00edn de Porres (USMP), entrevist\u00f3 a Marco Antonio Huachaca, director de la obra de teatro Con mi mam\u00e1 no te metas.<\/p>\n<p style=\"text-align: justify;\">A lo largo de la entrevista, Huachaca se\u00f1al\u00f3 que esta obra relata la historia de do\u00f1a Cuca, una mujer fuerte y trabajadora que mantiene sola a sus dos hijos, Mayra y Pedro. Ambos han sido poco afectuosos con su progenitora debido a que no tiene demasiado tiempo para ellos a causa de sus m\u00faltiples empleos.<\/p>\n<p style=\"text-align: justify;\">En otro momento, explic\u00f3 que la historia de los tres personajes cambia completamente con la aparici\u00f3n de Luisito, sobrino de Cuca, cuya prioridad es engre\u00edrla y demostrarle afecto. Asimismo, detall\u00f3 que esta actitud provocar\u00e1 que Mayra y Pedro se pongan celosos y sean conscientes de que deben apreciar a su madre.<\/p>\n<p style=\"text-align: justify;\">Respecto al elenco que da vida a esta obra, resalt\u00f3 la participaci\u00f3n de los destacados artistas Elihu Leyva, Samir Sayac, Mayra Olivera y Mar\u00eda Victoria Santana \u201cLa P\u00e1nfila\u201d, quienes buscan llevar un mensaje al p\u00fablico sobre la importancia y los sacrificios que hacen nuestras madres.<\/p>\n<p style=\"text-align: justify;\">Finalmente, invit\u00f3 a toda la comunidad sanmartiniana a ver Con mi mam\u00e1 no te metas, obra que se presentar\u00e1 todos los s\u00e1bados y domingos de mayo a las 8:00 p.m. en el Teatro Auditorio Miraflores, ubicado en la avenida Larco 1150. Igualmente, inform\u00f3 que las entradas est\u00e1n a la venta a trav\u00e9s de la plataforma Joinnus.<\/p>\n<p style=\"text-align: justify;\">Es importante se\u00f1alar que RDN es parte fundamental del \u00c1rea de Radio de la Escuela Profesional de Ciencias de la Comunicaci\u00f3n de la Universidad de San Mart\u00edn de Porres. Al interior de esta plataforma, los estudiantes tienen la posibilidad de desenvolverse en una emisora universitaria con el mismo nivel de exigencia de un medio de comunicaci\u00f3n de se\u00f1al abierta.<\/p>\n","protected":false},"excerpt":{"rendered":"<p>El programa Arte Radio, que es impulsado por los alumnos de la Escuela Profesional de Ciencias de la Comunicaci\u00f3n de la Universidad de San Mart\u00edn de Porres (USMP), entrevist\u00f3 a Marco Antonio Huachaca, director de la obra de teatro Con mi mam\u00e1 no te metas. A lo largo de la entrevista, Huachaca se\u00f1al\u00f3 que esta &#8230; <a title=\"El director de la obra Con mi mam\u00e1 no te metas particip\u00f3 en el programa Arte Radio de RDN\" class=\"read-more\" href=\"https:\/\/fcctp.usmp.edu.pe\/noticias\/vida-universitaria\/el-director-de-la-obra-con-mi-mama-no-te-metas-participo-en-el-programa-arte-radio-de-rdn\/\" aria-label=\"More on El director de la obra Con mi mam\u00e1 no te metas particip\u00f3 en el programa Arte Radio de RDN\">Read more<\/a><\/p>\n","protected":false},"author":2,"featured_media":8072,"comment_status":"closed","ping_status":"closed","sticky":false,"template":"","format":"standard","meta":{"footnotes":""},"categories":[20],"tags":[47,46],"class_list":["post-8071","post","type-post","status-publish","format-standard","has-post-thumbnail","hentry","category-vida-universitaria","tag-home-fcctp","tag-lo-mas-destacado"],"yoast_head":"<!-- This site is optimized with the Yoast SEO plugin v28.3 - https:\/\/yoast.com\/product\/yoast-seo-wordpress\/ -->\n<title>El director de la obra Con mi mam\u00e1 no te metas particip\u00f3 en el programa Arte Radio de RDN - Noticias<\/title>\n<meta name=\"robots\" content=\"index, follow, max-snippet:-1, max-image-preview:large, max-video-preview:-1\" \/>\n<link rel=\"canonical\" href=\"https:\/\/fcctp.usmp.edu.pe\/noticias\/vida-universitaria\/el-director-de-la-obra-con-mi-mama-no-te-metas-participo-en-el-programa-arte-radio-de-rdn\/\" \/>\n<meta property=\"og:locale\" content=\"es_ES\" \/>\n<meta property=\"og:type\" content=\"article\" \/>\n<meta property=\"og:title\" content=\"El director de la obra Con mi mam\u00e1 no te metas particip\u00f3 en el programa Arte Radio de RDN - Noticias\" \/>\n<meta property=\"og:description\" content=\"El programa Arte Radio, que es impulsado por los alumnos de la Escuela Profesional de Ciencias de la Comunicaci\u00f3n de la Universidad de San Mart\u00edn de Porres (USMP), entrevist\u00f3 a Marco Antonio Huachaca, director de la obra de teatro Con mi mam\u00e1 no te metas. A lo largo de la entrevista, Huachaca se\u00f1al\u00f3 que esta ... Read more\" \/>\n<meta property=\"og:url\" content=\"https:\/\/fcctp.usmp.edu.pe\/noticias\/vida-universitaria\/el-director-de-la-obra-con-mi-mama-no-te-metas-participo-en-el-programa-arte-radio-de-rdn\/\" \/>\n<meta property=\"og:site_name\" content=\"Noticias\" \/>\n<meta property=\"article:publisher\" content=\"https:\/\/www.facebook.com\/fcctp\" \/>\n<meta property=\"article:published_time\" content=\"2022-05-16T14:44:10+00:00\" \/>\n<meta property=\"article:modified_time\" content=\"2022-05-25T14:46:24+00:00\" \/>\n<meta property=\"og:image\" content=\"https:\/\/fcctp.usmp.edu.pe\/noticias\/wp-content\/uploads\/2022\/05\/BANNERS_05.jpg\" \/>\n\t<meta property=\"og:image:width\" content=\"720\" \/>\n\t<meta property=\"og:image:height\" content=\"450\" \/>\n\t<meta property=\"og:image:type\" content=\"image\/jpeg\" \/>\n<meta name=\"author\" content=\"Omar Huaman\" \/>\n<meta name=\"twitter:card\" content=\"summary_large_image\" \/>\n<meta name=\"twitter:creator\" content=\"@fcctp_usmp\" \/>\n<meta name=\"twitter:site\" content=\"@fcctp_usmp\" \/>\n<meta name=\"twitter:label1\" content=\"Written by\" \/>\n\t<meta name=\"twitter:data1\" content=\"Omar Huaman\" \/>\n\t<meta name=\"twitter:label2\" content=\"Est. reading time\" \/>\n\t<meta name=\"twitter:data2\" content=\"2 minutos\" \/>\n<script type=\"application\/ld+json\" class=\"yoast-schema-graph\">{\"@context\":\"https:\\\/\\\/schema.org\",\"@graph\":[{\"@type\":\"Article\",\"@id\":\"https:\\\/\\\/fcctp.usmp.edu.pe\\\/noticias\\\/vida-universitaria\\\/el-director-de-la-obra-con-mi-mama-no-te-metas-participo-en-el-programa-arte-radio-de-rdn\\\/#article\",\"isPartOf\":{\"@id\":\"https:\\\/\\\/fcctp.usmp.edu.pe\\\/noticias\\\/vida-universitaria\\\/el-director-de-la-obra-con-mi-mama-no-te-metas-participo-en-el-programa-arte-radio-de-rdn\\\/\"},\"author\":{\"name\":\"Omar Huaman\",\"@id\":\"https:\\\/\\\/fcctp.usmp.edu.pe\\\/noticias\\\/#\\\/schema\\\/person\\\/4fdff53bd44bf6f645fe381e079e1252\"},\"headline\":\"El director de la obra Con mi mam\u00e1 no te metas particip\u00f3 en el programa Arte Radio de RDN\",\"datePublished\":\"2022-05-16T14:44:10+00:00\",\"dateModified\":\"2022-05-25T14:46:24+00:00\",\"mainEntityOfPage\":{\"@id\":\"https:\\\/\\\/fcctp.usmp.edu.pe\\\/noticias\\\/vida-universitaria\\\/el-director-de-la-obra-con-mi-mama-no-te-metas-participo-en-el-programa-arte-radio-de-rdn\\\/\"},\"wordCount\":348,\"publisher\":{\"@id\":\"https:\\\/\\\/fcctp.usmp.edu.pe\\\/noticias\\\/#organization\"},\"image\":{\"@id\":\"https:\\\/\\\/fcctp.usmp.edu.pe\\\/noticias\\\/vida-universitaria\\\/el-director-de-la-obra-con-mi-mama-no-te-metas-participo-en-el-programa-arte-radio-de-rdn\\\/#primaryimage\"},\"thumbnailUrl\":\"https:\\\/\\\/fcctp.usmp.edu.pe\\\/noticias\\\/wp-content\\\/uploads\\\/2022\\\/05\\\/BANNERS_05.jpg\",\"keywords\":[\"Home FCCTP\",\"Lo mas destacado\"],\"articleSection\":[\"Vida Universitaria\"],\"inLanguage\":\"es-PE\"},{\"@type\":\"WebPage\",\"@id\":\"https:\\\/\\\/fcctp.usmp.edu.pe\\\/noticias\\\/vida-universitaria\\\/el-director-de-la-obra-con-mi-mama-no-te-metas-participo-en-el-programa-arte-radio-de-rdn\\\/\",\"url\":\"https:\\\/\\\/fcctp.usmp.edu.pe\\\/noticias\\\/vida-universitaria\\\/el-director-de-la-obra-con-mi-mama-no-te-metas-participo-en-el-programa-arte-radio-de-rdn\\\/\",\"name\":\"El director de la obra Con mi mam\u00e1 no te metas particip\u00f3 en el programa Arte Radio de RDN - Noticias\",\"isPartOf\":{\"@id\":\"https:\\\/\\\/fcctp.usmp.edu.pe\\\/noticias\\\/#website\"},\"primaryImageOfPage\":{\"@id\":\"https:\\\/\\\/fcctp.usmp.edu.pe\\\/noticias\\\/vida-universitaria\\\/el-director-de-la-obra-con-mi-mama-no-te-metas-participo-en-el-programa-arte-radio-de-rdn\\\/#primaryimage\"},\"image\":{\"@id\":\"https:\\\/\\\/fcctp.usmp.edu.pe\\\/noticias\\\/vida-universitaria\\\/el-director-de-la-obra-con-mi-mama-no-te-metas-participo-en-el-programa-arte-radio-de-rdn\\\/#primaryimage\"},\"thumbnailUrl\":\"https:\\\/\\\/fcctp.usmp.edu.pe\\\/noticias\\\/wp-content\\\/uploads\\\/2022\\\/05\\\/BANNERS_05.jpg\",\"datePublished\":\"2022-05-16T14:44:10+00:00\",\"dateModified\":\"2022-05-25T14:46:24+00:00\",\"breadcrumb\":{\"@id\":\"https:\\\/\\\/fcctp.usmp.edu.pe\\\/noticias\\\/vida-universitaria\\\/el-director-de-la-obra-con-mi-mama-no-te-metas-participo-en-el-programa-arte-radio-de-rdn\\\/#breadcrumb\"},\"inLanguage\":\"es-PE\",\"potentialAction\":[{\"@type\":\"ReadAction\",\"target\":[\"https:\\\/\\\/fcctp.usmp.edu.pe\\\/noticias\\\/vida-universitaria\\\/el-director-de-la-obra-con-mi-mama-no-te-metas-participo-en-el-programa-arte-radio-de-rdn\\\/\"]}]},{\"@type\":\"ImageObject\",\"inLanguage\":\"es-PE\",\"@id\":\"https:\\\/\\\/fcctp.usmp.edu.pe\\\/noticias\\\/vida-universitaria\\\/el-director-de-la-obra-con-mi-mama-no-te-metas-participo-en-el-programa-arte-radio-de-rdn\\\/#primaryimage\",\"url\":\"https:\\\/\\\/fcctp.usmp.edu.pe\\\/noticias\\\/wp-content\\\/uploads\\\/2022\\\/05\\\/BANNERS_05.jpg\",\"contentUrl\":\"https:\\\/\\\/fcctp.usmp.edu.pe\\\/noticias\\\/wp-content\\\/uploads\\\/2022\\\/05\\\/BANNERS_05.jpg\",\"width\":720,\"height\":450,\"caption\":\"Arte Radio de RDN\"},{\"@type\":\"BreadcrumbList\",\"@id\":\"https:\\\/\\\/fcctp.usmp.edu.pe\\\/noticias\\\/vida-universitaria\\\/el-director-de-la-obra-con-mi-mama-no-te-metas-participo-en-el-programa-arte-radio-de-rdn\\\/#breadcrumb\",\"itemListElement\":[{\"@type\":\"ListItem\",\"position\":1,\"name\":\"Portada\",\"item\":\"https:\\\/\\\/fcctp.usmp.edu.pe\\\/noticias\\\/\"},{\"@type\":\"ListItem\",\"position\":2,\"name\":\"El director de la obra Con mi mam\u00e1 no te metas particip\u00f3 en el programa Arte Radio de RDN\"}]},{\"@type\":\"WebSite\",\"@id\":\"https:\\\/\\\/fcctp.usmp.edu.pe\\\/noticias\\\/#website\",\"url\":\"https:\\\/\\\/fcctp.usmp.edu.pe\\\/noticias\\\/\",\"name\":\"Noticias FCCTP\",\"description\":\"Facultad de Ciencias de la Comunicaci\u00f3n, Turismo y Psicolog\u00eda\",\"publisher\":{\"@id\":\"https:\\\/\\\/fcctp.usmp.edu.pe\\\/noticias\\\/#organization\"},\"potentialAction\":[{\"@type\":\"SearchAction\",\"target\":{\"@type\":\"EntryPoint\",\"urlTemplate\":\"https:\\\/\\\/fcctp.usmp.edu.pe\\\/noticias\\\/?s={search_term_string}\"},\"query-input\":{\"@type\":\"PropertyValueSpecification\",\"valueRequired\":true,\"valueName\":\"search_term_string\"}}],\"inLanguage\":\"es-PE\"},{\"@type\":\"Organization\",\"@id\":\"https:\\\/\\\/fcctp.usmp.edu.pe\\\/noticias\\\/#organization\",\"name\":\"Facultad de Ciencias de la Comunicaci\u00f3n, Turismo y Psicolog\u00eda\",\"url\":\"https:\\\/\\\/fcctp.usmp.edu.pe\\\/noticias\\\/\",\"logo\":{\"@type\":\"ImageObject\",\"inLanguage\":\"es-PE\",\"@id\":\"https:\\\/\\\/fcctp.usmp.edu.pe\\\/noticias\\\/#\\\/schema\\\/logo\\\/image\\\/\",\"url\":\"https:\\\/\\\/fcctp.usmp.edu.pe\\\/noticias\\\/wp-content\\\/uploads\\\/2022\\\/03\\\/logoFCCTP_60.svg\",\"contentUrl\":\"https:\\\/\\\/fcctp.usmp.edu.pe\\\/noticias\\\/wp-content\\\/uploads\\\/2022\\\/03\\\/logoFCCTP_60.svg\",\"width\":347,\"height\":66,\"caption\":\"Facultad de Ciencias de la Comunicaci\u00f3n, Turismo y Psicolog\u00eda\"},\"image\":{\"@id\":\"https:\\\/\\\/fcctp.usmp.edu.pe\\\/noticias\\\/#\\\/schema\\\/logo\\\/image\\\/\"},\"sameAs\":[\"https:\\\/\\\/www.facebook.com\\\/fcctp\",\"https:\\\/\\\/x.com\\\/fcctp_usmp\",\"https:\\\/\\\/www.instagram.com\\\/fcctp_usmp\\\/\"]},{\"@type\":\"Person\",\"@id\":\"https:\\\/\\\/fcctp.usmp.edu.pe\\\/noticias\\\/#\\\/schema\\\/person\\\/4fdff53bd44bf6f645fe381e079e1252\",\"name\":\"Omar Huaman\",\"image\":{\"@type\":\"ImageObject\",\"inLanguage\":\"es-PE\",\"@id\":\"https:\\\/\\\/secure.gravatar.com\\\/avatar\\\/1ec290616e6e3dc043e286f62b87c0f992c4889ead141b3e3dfc70d018a983e0?s=96&d=mm&r=g\",\"url\":\"https:\\\/\\\/secure.gravatar.com\\\/avatar\\\/1ec290616e6e3dc043e286f62b87c0f992c4889ead141b3e3dfc70d018a983e0?s=96&d=mm&r=g\",\"contentUrl\":\"https:\\\/\\\/secure.gravatar.com\\\/avatar\\\/1ec290616e6e3dc043e286f62b87c0f992c4889ead141b3e3dfc70d018a983e0?s=96&d=mm&r=g\",\"caption\":\"Omar Huaman\"},\"url\":\"https:\\\/\\\/fcctp.usmp.edu.pe\\\/noticias\\\/author\\\/notieditor\\\/\"}]}<\/script>\n<!-- \/ Yoast SEO plugin. -->","yoast_head_json":{"title":"El director de la obra Con mi mam\u00e1 no te metas particip\u00f3 en el programa Arte Radio de RDN - Noticias","robots":{"index":"index","follow":"follow","max-snippet":"max-snippet:-1","max-image-preview":"max-image-preview:large","max-video-preview":"max-video-preview:-1"},"canonical":"https:\/\/fcctp.usmp.edu.pe\/noticias\/vida-universitaria\/el-director-de-la-obra-con-mi-mama-no-te-metas-participo-en-el-programa-arte-radio-de-rdn\/","og_locale":"es_ES","og_type":"article","og_title":"El director de la obra Con mi mam\u00e1 no te metas particip\u00f3 en el programa Arte Radio de RDN - Noticias","og_description":"El programa Arte Radio, que es impulsado por los alumnos de la Escuela Profesional de Ciencias de la Comunicaci\u00f3n de la Universidad de San Mart\u00edn de Porres (USMP), entrevist\u00f3 a Marco Antonio Huachaca, director de la obra de teatro Con mi mam\u00e1 no te metas. A lo largo de la entrevista, Huachaca se\u00f1al\u00f3 que esta ... Read more","og_url":"https:\/\/fcctp.usmp.edu.pe\/noticias\/vida-universitaria\/el-director-de-la-obra-con-mi-mama-no-te-metas-participo-en-el-programa-arte-radio-de-rdn\/","og_site_name":"Noticias","article_publisher":"https:\/\/www.facebook.com\/fcctp","article_published_time":"2022-05-16T14:44:10+00:00","article_modified_time":"2022-05-25T14:46:24+00:00","og_image":[{"width":720,"height":450,"url":"https:\/\/fcctp.usmp.edu.pe\/noticias\/wp-content\/uploads\/2022\/05\/BANNERS_05.jpg","type":"image\/jpeg"}],"author":"Omar Huaman","twitter_card":"summary_large_image","twitter_creator":"@fcctp_usmp","twitter_site":"@fcctp_usmp","twitter_misc":{"Written by":"Omar Huaman","Est. reading time":"2 minutos"},"schema":{"@context":"https:\/\/schema.org","@graph":[{"@type":"Article","@id":"https:\/\/fcctp.usmp.edu.pe\/noticias\/vida-universitaria\/el-director-de-la-obra-con-mi-mama-no-te-metas-participo-en-el-programa-arte-radio-de-rdn\/#article","isPartOf":{"@id":"https:\/\/fcctp.usmp.edu.pe\/noticias\/vida-universitaria\/el-director-de-la-obra-con-mi-mama-no-te-metas-participo-en-el-programa-arte-radio-de-rdn\/"},"author":{"name":"Omar Huaman","@id":"https:\/\/fcctp.usmp.edu.pe\/noticias\/#\/schema\/person\/4fdff53bd44bf6f645fe381e079e1252"},"headline":"El director de la obra Con mi mam\u00e1 no te metas particip\u00f3 en el programa Arte Radio de RDN","datePublished":"2022-05-16T14:44:10+00:00","dateModified":"2022-05-25T14:46:24+00:00","mainEntityOfPage":{"@id":"https:\/\/fcctp.usmp.edu.pe\/noticias\/vida-universitaria\/el-director-de-la-obra-con-mi-mama-no-te-metas-participo-en-el-programa-arte-radio-de-rdn\/"},"wordCount":348,"publisher":{"@id":"https:\/\/fcctp.usmp.edu.pe\/noticias\/#organization"},"image":{"@id":"https:\/\/fcctp.usmp.edu.pe\/noticias\/vida-universitaria\/el-director-de-la-obra-con-mi-mama-no-te-metas-participo-en-el-programa-arte-radio-de-rdn\/#primaryimage"},"thumbnailUrl":"https:\/\/fcctp.usmp.edu.pe\/noticias\/wp-content\/uploads\/2022\/05\/BANNERS_05.jpg","keywords":["Home FCCTP","Lo mas destacado"],"articleSection":["Vida Universitaria"],"inLanguage":"es-PE"},{"@type":"WebPage","@id":"https:\/\/fcctp.usmp.edu.pe\/noticias\/vida-universitaria\/el-director-de-la-obra-con-mi-mama-no-te-metas-participo-en-el-programa-arte-radio-de-rdn\/","url":"https:\/\/fcctp.usmp.edu.pe\/noticias\/vida-universitaria\/el-director-de-la-obra-con-mi-mama-no-te-metas-participo-en-el-programa-arte-radio-de-rdn\/","name":"El director de la obra Con mi mam\u00e1 no te metas particip\u00f3 en el programa Arte Radio de RDN - Noticias","isPartOf":{"@id":"https:\/\/fcctp.usmp.edu.pe\/noticias\/#website"},"primaryImageOfPage":{"@id":"https:\/\/fcctp.usmp.edu.pe\/noticias\/vida-universitaria\/el-director-de-la-obra-con-mi-mama-no-te-metas-participo-en-el-programa-arte-radio-de-rdn\/#primaryimage"},"image":{"@id":"https:\/\/fcctp.usmp.edu.pe\/noticias\/vida-universitaria\/el-director-de-la-obra-con-mi-mama-no-te-metas-participo-en-el-programa-arte-radio-de-rdn\/#primaryimage"},"thumbnailUrl":"https:\/\/fcctp.usmp.edu.pe\/noticias\/wp-content\/uploads\/2022\/05\/BANNERS_05.jpg","datePublished":"2022-05-16T14:44:10+00:00","dateModified":"2022-05-25T14:46:24+00:00","breadcrumb":{"@id":"https:\/\/fcctp.usmp.edu.pe\/noticias\/vida-universitaria\/el-director-de-la-obra-con-mi-mama-no-te-metas-participo-en-el-programa-arte-radio-de-rdn\/#breadcrumb"},"inLanguage":"es-PE","potentialAction":[{"@type":"ReadAction","target":["https:\/\/fcctp.usmp.edu.pe\/noticias\/vida-universitaria\/el-director-de-la-obra-con-mi-mama-no-te-metas-participo-en-el-programa-arte-radio-de-rdn\/"]}]},{"@type":"ImageObject","inLanguage":"es-PE","@id":"https:\/\/fcctp.usmp.edu.pe\/noticias\/vida-universitaria\/el-director-de-la-obra-con-mi-mama-no-te-metas-participo-en-el-programa-arte-radio-de-rdn\/#primaryimage","url":"https:\/\/fcctp.usmp.edu.pe\/noticias\/wp-content\/uploads\/2022\/05\/BANNERS_05.jpg","contentUrl":"https:\/\/fcctp.usmp.edu.pe\/noticias\/wp-content\/uploads\/2022\/05\/BANNERS_05.jpg","width":720,"height":450,"caption":"Arte Radio de RDN"},{"@type":"BreadcrumbList","@id":"https:\/\/fcctp.usmp.edu.pe\/noticias\/vida-universitaria\/el-director-de-la-obra-con-mi-mama-no-te-metas-participo-en-el-programa-arte-radio-de-rdn\/#breadcrumb","itemListElement":[{"@type":"ListItem","position":1,"name":"Portada","item":"https:\/\/fcctp.usmp.edu.pe\/noticias\/"},{"@type":"ListItem","position":2,"name":"El director de la obra Con mi mam\u00e1 no te metas particip\u00f3 en el programa Arte Radio de RDN"}]},{"@type":"WebSite","@id":"https:\/\/fcctp.usmp.edu.pe\/noticias\/#website","url":"https:\/\/fcctp.usmp.edu.pe\/noticias\/","name":"Noticias FCCTP","description":"Facultad de Ciencias de la Comunicaci\u00f3n, Turismo y Psicolog\u00eda","publisher":{"@id":"https:\/\/fcctp.usmp.edu.pe\/noticias\/#organization"},"potentialAction":[{"@type":"SearchAction","target":{"@type":"EntryPoint","urlTemplate":"https:\/\/fcctp.usmp.edu.pe\/noticias\/?s={search_term_string}"},"query-input":{"@type":"PropertyValueSpecification","valueRequired":true,"valueName":"search_term_string"}}],"inLanguage":"es-PE"},{"@type":"Organization","@id":"https:\/\/fcctp.usmp.edu.pe\/noticias\/#organization","name":"Facultad de Ciencias de la Comunicaci\u00f3n, Turismo y Psicolog\u00eda","url":"https:\/\/fcctp.usmp.edu.pe\/noticias\/","logo":{"@type":"ImageObject","inLanguage":"es-PE","@id":"https:\/\/fcctp.usmp.edu.pe\/noticias\/#\/schema\/logo\/image\/","url":"https:\/\/fcctp.usmp.edu.pe\/noticias\/wp-content\/uploads\/2022\/03\/logoFCCTP_60.svg","contentUrl":"https:\/\/fcctp.usmp.edu.pe\/noticias\/wp-content\/uploads\/2022\/03\/logoFCCTP_60.svg","width":347,"height":66,"caption":"Facultad de Ciencias de la Comunicaci\u00f3n, Turismo y Psicolog\u00eda"},"image":{"@id":"https:\/\/fcctp.usmp.edu.pe\/noticias\/#\/schema\/logo\/image\/"},"sameAs":["https:\/\/www.facebook.com\/fcctp","https:\/\/x.com\/fcctp_usmp","https:\/\/www.instagram.com\/fcctp_usmp\/"]},{"@type":"Person","@id":"https:\/\/fcctp.usmp.edu.pe\/noticias\/#\/schema\/person\/4fdff53bd44bf6f645fe381e079e1252","name":"Omar Huaman","image":{"@type":"ImageObject","inLanguage":"es-PE","@id":"https:\/\/secure.gravatar.com\/avatar\/1ec290616e6e3dc043e286f62b87c0f992c4889ead141b3e3dfc70d018a983e0?s=96&d=mm&r=g","url":"https:\/\/secure.gravatar.com\/avatar\/1ec290616e6e3dc043e286f62b87c0f992c4889ead141b3e3dfc70d018a983e0?s=96&d=mm&r=g","contentUrl":"https:\/\/secure.gravatar.com\/avatar\/1ec290616e6e3dc043e286f62b87c0f992c4889ead141b3e3dfc70d018a983e0?s=96&d=mm&r=g","caption":"Omar Huaman"},"url":"https:\/\/fcctp.usmp.edu.pe\/noticias\/author\/notieditor\/"}]}},"_links":{"self":[{"href":"https:\/\/fcctp.usmp.edu.pe\/noticias\/wp-json\/wp\/v2\/posts\/8071","targetHints":{"allow":["GET"]}}],"collection":[{"href":"https:\/\/fcctp.usmp.edu.pe\/noticias\/wp-json\/wp\/v2\/posts"}],"about":[{"href":"https:\/\/fcctp.usmp.edu.pe\/noticias\/wp-json\/wp\/v2\/types\/post"}],"author":[{"embeddable":true,"href":"https:\/\/fcctp.usmp.edu.pe\/noticias\/wp-json\/wp\/v2\/users\/2"}],"replies":[{"embeddable":true,"href":"https:\/\/fcctp.usmp.edu.pe\/noticias\/wp-json\/wp\/v2\/comments?post=8071"}],"version-history":[{"count":1,"href":"https:\/\/fcctp.usmp.edu.pe\/noticias\/wp-json\/wp\/v2\/posts\/8071\/revisions"}],"predecessor-version":[{"id":8073,"href":"https:\/\/fcctp.usmp.edu.pe\/noticias\/wp-json\/wp\/v2\/posts\/8071\/revisions\/8073"}],"wp:featuredmedia":[{"embeddable":true,"href":"https:\/\/fcctp.usmp.edu.pe\/noticias\/wp-json\/wp\/v2\/media\/8072"}],"wp:attachment":[{"href":"https:\/\/fcctp.usmp.edu.pe\/noticias\/wp-json\/wp\/v2\/media?parent=8071"}],"wp:term":[{"taxonomy":"category","embeddable":true,"href":"https:\/\/fcctp.usmp.edu.pe\/noticias\/wp-json\/wp\/v2\/categories?post=8071"},{"taxonomy":"post_tag","embeddable":true,"href":"https:\/\/fcctp.usmp.edu.pe\/noticias\/wp-json\/wp\/v2\/tags?post=8071"}],"curies":[{"name":"wp","href":"https:\/\/api.w.org\/{rel}","templated":true}]}}