{"id":8047,"date":"2022-05-10T22:22:58","date_gmt":"2022-05-10T22:22:58","guid":{"rendered":"https:\/\/fcctp.usmp.edu.pe\/noticias\/?p=8047"},"modified":"2022-05-11T22:24:23","modified_gmt":"2022-05-11T22:24:23","slug":"como-afrontar-una-entrevista-de-trabajo-virtual","status":"publish","type":"post","link":"https:\/\/fcctp.usmp.edu.pe\/noticias\/egresados-y-graduados\/como-afrontar-una-entrevista-de-trabajo-virtual\/","title":{"rendered":"\u00bfC\u00f3mo afrontar una entrevista de trabajo virtual?"},"content":{"rendered":"<p>Valeria Lescano, egresada de la Escuela Profesional de Psicolog\u00eda y Junior HR Business Partner del grupo El Comercio, comparte una serie de recomendaciones para alcanzar el puesto que queremos.<\/p>\n<p>A causa de la pandemia de la COVID-19, las organizaciones experimentaron una serie de cambios, lo que incluy\u00f3 la aparici\u00f3n del teletrabajo y las entrevistas virtuales al momento de buscar un empleo. Por esta raz\u00f3n, Valeria Lescano, egresada sanmartiniana, nos brinda cinco tips para afrontar adecuadamente este proceso:<\/p>\n<p><strong>1. Revisa que el internet y tu computadora funcionen adecuadamente.<\/strong> Antes de la entrevista, aseg\u00farate de contar con una buena conexi\u00f3n a internet. Asimismo, revisa que el audio de tu computadora est\u00e9 funcionando correctamente y que la bater\u00eda est\u00e9 completa. Por \u00faltimo, es recomendable que explores la plataforma en la que establecer\u00e1s contacto con tu entrevistador.<br \/>\n<strong>2. Prepara un ambiente adecuado.<\/strong> Debes ubicarte en un lugar libre de ruidos, con suficiente iluminaci\u00f3n y fondo apropiado. Adem\u00e1s, es preciso que utilices aud\u00edfonos con micr\u00f3fono para que puedas escuchar a tu entrevistador.<br \/>\n<strong>3. S\u00e9 puntual.<\/strong> Ingresa 5 minutos antes de la hora pactada. De esta manera, podr\u00e1s estar preparado ante cualquier eventualidad y mostrar\u00e1s respeto a la persona que te ha convocado.<br \/>\n<strong>4. Cuida tu vestimenta, lenguaje verbal y no verbal.<\/strong> Aunque te encuentres en casa, es necesario contar con una presentaci\u00f3n personal adecuada. Igualmente, utiliza una postura adecuada y evita titubear.<br \/>\n<strong>5. Ubica tu c\u00e1mara en un lugar adecuado para que pueda captar todo tu rostro.<\/strong> Durante la entrevista, no debes dejar de mirar a la c\u00e1mara. Esto ayudar\u00e1 a crear la sensaci\u00f3n de contacto visual con el entrevistador. Antes de responder, espera unos segundos, puesto que se pueden generar demoras en el audio o el video.<\/p>\n","protected":false},"excerpt":{"rendered":"<p>Valeria Lescano, egresada de la Escuela Profesional de Psicolog\u00eda y Junior HR Business Partner del grupo El Comercio, comparte una serie de recomendaciones para alcanzar el puesto que queremos. A causa de la pandemia de la COVID-19, las organizaciones experimentaron una serie de cambios, lo que incluy\u00f3 la aparici\u00f3n del teletrabajo y las entrevistas virtuales &#8230; <a title=\"\u00bfC\u00f3mo afrontar una entrevista de trabajo virtual?\" class=\"read-more\" href=\"https:\/\/fcctp.usmp.edu.pe\/noticias\/egresados-y-graduados\/como-afrontar-una-entrevista-de-trabajo-virtual\/\" aria-label=\"More on \u00bfC\u00f3mo afrontar una entrevista de trabajo virtual?\">Read more<\/a><\/p>\n","protected":false},"author":2,"featured_media":8048,"comment_status":"closed","ping_status":"closed","sticky":false,"template":"","format":"standard","meta":{"footnotes":""},"categories":[28],"tags":[47,46],"class_list":["post-8047","post","type-post","status-publish","format-standard","has-post-thumbnail","hentry","category-egresados-y-graduados","tag-home-fcctp","tag-lo-mas-destacado"],"yoast_head":"<!-- This site is optimized with the Yoast SEO plugin v28.3 - https:\/\/yoast.com\/product\/yoast-seo-wordpress\/ -->\n<title>\u00bfC\u00f3mo afrontar una entrevista de trabajo virtual? - Noticias<\/title>\n<meta name=\"robots\" content=\"index, follow, max-snippet:-1, max-image-preview:large, max-video-preview:-1\" \/>\n<link rel=\"canonical\" href=\"https:\/\/fcctp.usmp.edu.pe\/noticias\/egresados-y-graduados\/como-afrontar-una-entrevista-de-trabajo-virtual\/\" \/>\n<meta property=\"og:locale\" content=\"es_ES\" \/>\n<meta property=\"og:type\" content=\"article\" \/>\n<meta property=\"og:title\" content=\"\u00bfC\u00f3mo afrontar una entrevista de trabajo virtual? - Noticias\" \/>\n<meta property=\"og:description\" content=\"Valeria Lescano, egresada de la Escuela Profesional de Psicolog\u00eda y Junior HR Business Partner del grupo El Comercio, comparte una serie de recomendaciones para alcanzar el puesto que queremos. A causa de la pandemia de la COVID-19, las organizaciones experimentaron una serie de cambios, lo que incluy\u00f3 la aparici\u00f3n del teletrabajo y las entrevistas virtuales ... Read more\" \/>\n<meta property=\"og:url\" content=\"https:\/\/fcctp.usmp.edu.pe\/noticias\/egresados-y-graduados\/como-afrontar-una-entrevista-de-trabajo-virtual\/\" \/>\n<meta property=\"og:site_name\" content=\"Noticias\" \/>\n<meta property=\"article:publisher\" content=\"https:\/\/www.facebook.com\/fcctp\" \/>\n<meta property=\"article:published_time\" content=\"2022-05-10T22:22:58+00:00\" \/>\n<meta property=\"article:modified_time\" content=\"2022-05-11T22:24:23+00:00\" \/>\n<meta property=\"og:image\" content=\"https:\/\/fcctp.usmp.edu.pe\/noticias\/wp-content\/uploads\/2022\/05\/11-05_Cabecera.jpg\" \/>\n\t<meta property=\"og:image:width\" content=\"750\" \/>\n\t<meta property=\"og:image:height\" content=\"420\" \/>\n\t<meta property=\"og:image:type\" content=\"image\/jpeg\" \/>\n<meta name=\"author\" content=\"Omar Huaman\" \/>\n<meta name=\"twitter:card\" content=\"summary_large_image\" \/>\n<meta name=\"twitter:creator\" content=\"@fcctp_usmp\" \/>\n<meta name=\"twitter:site\" content=\"@fcctp_usmp\" \/>\n<meta name=\"twitter:label1\" content=\"Written by\" \/>\n\t<meta name=\"twitter:data1\" content=\"Omar Huaman\" \/>\n\t<meta name=\"twitter:label2\" content=\"Est. reading time\" \/>\n\t<meta name=\"twitter:data2\" content=\"1 minuto\" \/>\n<script type=\"application\/ld+json\" class=\"yoast-schema-graph\">{\"@context\":\"https:\\\/\\\/schema.org\",\"@graph\":[{\"@type\":\"Article\",\"@id\":\"https:\\\/\\\/fcctp.usmp.edu.pe\\\/noticias\\\/egresados-y-graduados\\\/como-afrontar-una-entrevista-de-trabajo-virtual\\\/#article\",\"isPartOf\":{\"@id\":\"https:\\\/\\\/fcctp.usmp.edu.pe\\\/noticias\\\/egresados-y-graduados\\\/como-afrontar-una-entrevista-de-trabajo-virtual\\\/\"},\"author\":{\"name\":\"Omar Huaman\",\"@id\":\"https:\\\/\\\/fcctp.usmp.edu.pe\\\/noticias\\\/#\\\/schema\\\/person\\\/4fdff53bd44bf6f645fe381e079e1252\"},\"headline\":\"\u00bfC\u00f3mo afrontar una entrevista de trabajo virtual?\",\"datePublished\":\"2022-05-10T22:22:58+00:00\",\"dateModified\":\"2022-05-11T22:24:23+00:00\",\"mainEntityOfPage\":{\"@id\":\"https:\\\/\\\/fcctp.usmp.edu.pe\\\/noticias\\\/egresados-y-graduados\\\/como-afrontar-una-entrevista-de-trabajo-virtual\\\/\"},\"wordCount\":302,\"publisher\":{\"@id\":\"https:\\\/\\\/fcctp.usmp.edu.pe\\\/noticias\\\/#organization\"},\"image\":{\"@id\":\"https:\\\/\\\/fcctp.usmp.edu.pe\\\/noticias\\\/egresados-y-graduados\\\/como-afrontar-una-entrevista-de-trabajo-virtual\\\/#primaryimage\"},\"thumbnailUrl\":\"https:\\\/\\\/fcctp.usmp.edu.pe\\\/noticias\\\/wp-content\\\/uploads\\\/2022\\\/05\\\/11-05_Cabecera.jpg\",\"keywords\":[\"Home FCCTP\",\"Lo mas destacado\"],\"articleSection\":[\"Egresados y graduados\"],\"inLanguage\":\"es-PE\"},{\"@type\":\"WebPage\",\"@id\":\"https:\\\/\\\/fcctp.usmp.edu.pe\\\/noticias\\\/egresados-y-graduados\\\/como-afrontar-una-entrevista-de-trabajo-virtual\\\/\",\"url\":\"https:\\\/\\\/fcctp.usmp.edu.pe\\\/noticias\\\/egresados-y-graduados\\\/como-afrontar-una-entrevista-de-trabajo-virtual\\\/\",\"name\":\"\u00bfC\u00f3mo afrontar una entrevista de trabajo virtual? - Noticias\",\"isPartOf\":{\"@id\":\"https:\\\/\\\/fcctp.usmp.edu.pe\\\/noticias\\\/#website\"},\"primaryImageOfPage\":{\"@id\":\"https:\\\/\\\/fcctp.usmp.edu.pe\\\/noticias\\\/egresados-y-graduados\\\/como-afrontar-una-entrevista-de-trabajo-virtual\\\/#primaryimage\"},\"image\":{\"@id\":\"https:\\\/\\\/fcctp.usmp.edu.pe\\\/noticias\\\/egresados-y-graduados\\\/como-afrontar-una-entrevista-de-trabajo-virtual\\\/#primaryimage\"},\"thumbnailUrl\":\"https:\\\/\\\/fcctp.usmp.edu.pe\\\/noticias\\\/wp-content\\\/uploads\\\/2022\\\/05\\\/11-05_Cabecera.jpg\",\"datePublished\":\"2022-05-10T22:22:58+00:00\",\"dateModified\":\"2022-05-11T22:24:23+00:00\",\"breadcrumb\":{\"@id\":\"https:\\\/\\\/fcctp.usmp.edu.pe\\\/noticias\\\/egresados-y-graduados\\\/como-afrontar-una-entrevista-de-trabajo-virtual\\\/#breadcrumb\"},\"inLanguage\":\"es-PE\",\"potentialAction\":[{\"@type\":\"ReadAction\",\"target\":[\"https:\\\/\\\/fcctp.usmp.edu.pe\\\/noticias\\\/egresados-y-graduados\\\/como-afrontar-una-entrevista-de-trabajo-virtual\\\/\"]}]},{\"@type\":\"ImageObject\",\"inLanguage\":\"es-PE\",\"@id\":\"https:\\\/\\\/fcctp.usmp.edu.pe\\\/noticias\\\/egresados-y-graduados\\\/como-afrontar-una-entrevista-de-trabajo-virtual\\\/#primaryimage\",\"url\":\"https:\\\/\\\/fcctp.usmp.edu.pe\\\/noticias\\\/wp-content\\\/uploads\\\/2022\\\/05\\\/11-05_Cabecera.jpg\",\"contentUrl\":\"https:\\\/\\\/fcctp.usmp.edu.pe\\\/noticias\\\/wp-content\\\/uploads\\\/2022\\\/05\\\/11-05_Cabecera.jpg\",\"width\":750,\"height\":420,\"caption\":\"Entrevistas virtuales\"},{\"@type\":\"BreadcrumbList\",\"@id\":\"https:\\\/\\\/fcctp.usmp.edu.pe\\\/noticias\\\/egresados-y-graduados\\\/como-afrontar-una-entrevista-de-trabajo-virtual\\\/#breadcrumb\",\"itemListElement\":[{\"@type\":\"ListItem\",\"position\":1,\"name\":\"Portada\",\"item\":\"https:\\\/\\\/fcctp.usmp.edu.pe\\\/noticias\\\/\"},{\"@type\":\"ListItem\",\"position\":2,\"name\":\"\u00bfC\u00f3mo afrontar una entrevista de trabajo virtual?\"}]},{\"@type\":\"WebSite\",\"@id\":\"https:\\\/\\\/fcctp.usmp.edu.pe\\\/noticias\\\/#website\",\"url\":\"https:\\\/\\\/fcctp.usmp.edu.pe\\\/noticias\\\/\",\"name\":\"Noticias FCCTP\",\"description\":\"Facultad de Ciencias de la Comunicaci\u00f3n, Turismo y Psicolog\u00eda\",\"publisher\":{\"@id\":\"https:\\\/\\\/fcctp.usmp.edu.pe\\\/noticias\\\/#organization\"},\"potentialAction\":[{\"@type\":\"SearchAction\",\"target\":{\"@type\":\"EntryPoint\",\"urlTemplate\":\"https:\\\/\\\/fcctp.usmp.edu.pe\\\/noticias\\\/?s={search_term_string}\"},\"query-input\":{\"@type\":\"PropertyValueSpecification\",\"valueRequired\":true,\"valueName\":\"search_term_string\"}}],\"inLanguage\":\"es-PE\"},{\"@type\":\"Organization\",\"@id\":\"https:\\\/\\\/fcctp.usmp.edu.pe\\\/noticias\\\/#organization\",\"name\":\"Facultad de Ciencias de la Comunicaci\u00f3n, Turismo y Psicolog\u00eda\",\"url\":\"https:\\\/\\\/fcctp.usmp.edu.pe\\\/noticias\\\/\",\"logo\":{\"@type\":\"ImageObject\",\"inLanguage\":\"es-PE\",\"@id\":\"https:\\\/\\\/fcctp.usmp.edu.pe\\\/noticias\\\/#\\\/schema\\\/logo\\\/image\\\/\",\"url\":\"https:\\\/\\\/fcctp.usmp.edu.pe\\\/noticias\\\/wp-content\\\/uploads\\\/2022\\\/03\\\/logoFCCTP_60.svg\",\"contentUrl\":\"https:\\\/\\\/fcctp.usmp.edu.pe\\\/noticias\\\/wp-content\\\/uploads\\\/2022\\\/03\\\/logoFCCTP_60.svg\",\"width\":347,\"height\":66,\"caption\":\"Facultad de Ciencias de la Comunicaci\u00f3n, Turismo y Psicolog\u00eda\"},\"image\":{\"@id\":\"https:\\\/\\\/fcctp.usmp.edu.pe\\\/noticias\\\/#\\\/schema\\\/logo\\\/image\\\/\"},\"sameAs\":[\"https:\\\/\\\/www.facebook.com\\\/fcctp\",\"https:\\\/\\\/x.com\\\/fcctp_usmp\",\"https:\\\/\\\/www.instagram.com\\\/fcctp_usmp\\\/\"]},{\"@type\":\"Person\",\"@id\":\"https:\\\/\\\/fcctp.usmp.edu.pe\\\/noticias\\\/#\\\/schema\\\/person\\\/4fdff53bd44bf6f645fe381e079e1252\",\"name\":\"Omar Huaman\",\"image\":{\"@type\":\"ImageObject\",\"inLanguage\":\"es-PE\",\"@id\":\"https:\\\/\\\/secure.gravatar.com\\\/avatar\\\/1ec290616e6e3dc043e286f62b87c0f992c4889ead141b3e3dfc70d018a983e0?s=96&d=mm&r=g\",\"url\":\"https:\\\/\\\/secure.gravatar.com\\\/avatar\\\/1ec290616e6e3dc043e286f62b87c0f992c4889ead141b3e3dfc70d018a983e0?s=96&d=mm&r=g\",\"contentUrl\":\"https:\\\/\\\/secure.gravatar.com\\\/avatar\\\/1ec290616e6e3dc043e286f62b87c0f992c4889ead141b3e3dfc70d018a983e0?s=96&d=mm&r=g\",\"caption\":\"Omar Huaman\"},\"url\":\"https:\\\/\\\/fcctp.usmp.edu.pe\\\/noticias\\\/author\\\/notieditor\\\/\"}]}<\/script>\n<!-- \/ Yoast SEO plugin. -->","yoast_head_json":{"title":"\u00bfC\u00f3mo afrontar una entrevista de trabajo virtual? - Noticias","robots":{"index":"index","follow":"follow","max-snippet":"max-snippet:-1","max-image-preview":"max-image-preview:large","max-video-preview":"max-video-preview:-1"},"canonical":"https:\/\/fcctp.usmp.edu.pe\/noticias\/egresados-y-graduados\/como-afrontar-una-entrevista-de-trabajo-virtual\/","og_locale":"es_ES","og_type":"article","og_title":"\u00bfC\u00f3mo afrontar una entrevista de trabajo virtual? - Noticias","og_description":"Valeria Lescano, egresada de la Escuela Profesional de Psicolog\u00eda y Junior HR Business Partner del grupo El Comercio, comparte una serie de recomendaciones para alcanzar el puesto que queremos. A causa de la pandemia de la COVID-19, las organizaciones experimentaron una serie de cambios, lo que incluy\u00f3 la aparici\u00f3n del teletrabajo y las entrevistas virtuales ... Read more","og_url":"https:\/\/fcctp.usmp.edu.pe\/noticias\/egresados-y-graduados\/como-afrontar-una-entrevista-de-trabajo-virtual\/","og_site_name":"Noticias","article_publisher":"https:\/\/www.facebook.com\/fcctp","article_published_time":"2022-05-10T22:22:58+00:00","article_modified_time":"2022-05-11T22:24:23+00:00","og_image":[{"width":750,"height":420,"url":"https:\/\/fcctp.usmp.edu.pe\/noticias\/wp-content\/uploads\/2022\/05\/11-05_Cabecera.jpg","type":"image\/jpeg"}],"author":"Omar Huaman","twitter_card":"summary_large_image","twitter_creator":"@fcctp_usmp","twitter_site":"@fcctp_usmp","twitter_misc":{"Written by":"Omar Huaman","Est. reading time":"1 minuto"},"schema":{"@context":"https:\/\/schema.org","@graph":[{"@type":"Article","@id":"https:\/\/fcctp.usmp.edu.pe\/noticias\/egresados-y-graduados\/como-afrontar-una-entrevista-de-trabajo-virtual\/#article","isPartOf":{"@id":"https:\/\/fcctp.usmp.edu.pe\/noticias\/egresados-y-graduados\/como-afrontar-una-entrevista-de-trabajo-virtual\/"},"author":{"name":"Omar Huaman","@id":"https:\/\/fcctp.usmp.edu.pe\/noticias\/#\/schema\/person\/4fdff53bd44bf6f645fe381e079e1252"},"headline":"\u00bfC\u00f3mo afrontar una entrevista de trabajo virtual?","datePublished":"2022-05-10T22:22:58+00:00","dateModified":"2022-05-11T22:24:23+00:00","mainEntityOfPage":{"@id":"https:\/\/fcctp.usmp.edu.pe\/noticias\/egresados-y-graduados\/como-afrontar-una-entrevista-de-trabajo-virtual\/"},"wordCount":302,"publisher":{"@id":"https:\/\/fcctp.usmp.edu.pe\/noticias\/#organization"},"image":{"@id":"https:\/\/fcctp.usmp.edu.pe\/noticias\/egresados-y-graduados\/como-afrontar-una-entrevista-de-trabajo-virtual\/#primaryimage"},"thumbnailUrl":"https:\/\/fcctp.usmp.edu.pe\/noticias\/wp-content\/uploads\/2022\/05\/11-05_Cabecera.jpg","keywords":["Home FCCTP","Lo mas destacado"],"articleSection":["Egresados y graduados"],"inLanguage":"es-PE"},{"@type":"WebPage","@id":"https:\/\/fcctp.usmp.edu.pe\/noticias\/egresados-y-graduados\/como-afrontar-una-entrevista-de-trabajo-virtual\/","url":"https:\/\/fcctp.usmp.edu.pe\/noticias\/egresados-y-graduados\/como-afrontar-una-entrevista-de-trabajo-virtual\/","name":"\u00bfC\u00f3mo afrontar una entrevista de trabajo virtual? - Noticias","isPartOf":{"@id":"https:\/\/fcctp.usmp.edu.pe\/noticias\/#website"},"primaryImageOfPage":{"@id":"https:\/\/fcctp.usmp.edu.pe\/noticias\/egresados-y-graduados\/como-afrontar-una-entrevista-de-trabajo-virtual\/#primaryimage"},"image":{"@id":"https:\/\/fcctp.usmp.edu.pe\/noticias\/egresados-y-graduados\/como-afrontar-una-entrevista-de-trabajo-virtual\/#primaryimage"},"thumbnailUrl":"https:\/\/fcctp.usmp.edu.pe\/noticias\/wp-content\/uploads\/2022\/05\/11-05_Cabecera.jpg","datePublished":"2022-05-10T22:22:58+00:00","dateModified":"2022-05-11T22:24:23+00:00","breadcrumb":{"@id":"https:\/\/fcctp.usmp.edu.pe\/noticias\/egresados-y-graduados\/como-afrontar-una-entrevista-de-trabajo-virtual\/#breadcrumb"},"inLanguage":"es-PE","potentialAction":[{"@type":"ReadAction","target":["https:\/\/fcctp.usmp.edu.pe\/noticias\/egresados-y-graduados\/como-afrontar-una-entrevista-de-trabajo-virtual\/"]}]},{"@type":"ImageObject","inLanguage":"es-PE","@id":"https:\/\/fcctp.usmp.edu.pe\/noticias\/egresados-y-graduados\/como-afrontar-una-entrevista-de-trabajo-virtual\/#primaryimage","url":"https:\/\/fcctp.usmp.edu.pe\/noticias\/wp-content\/uploads\/2022\/05\/11-05_Cabecera.jpg","contentUrl":"https:\/\/fcctp.usmp.edu.pe\/noticias\/wp-content\/uploads\/2022\/05\/11-05_Cabecera.jpg","width":750,"height":420,"caption":"Entrevistas virtuales"},{"@type":"BreadcrumbList","@id":"https:\/\/fcctp.usmp.edu.pe\/noticias\/egresados-y-graduados\/como-afrontar-una-entrevista-de-trabajo-virtual\/#breadcrumb","itemListElement":[{"@type":"ListItem","position":1,"name":"Portada","item":"https:\/\/fcctp.usmp.edu.pe\/noticias\/"},{"@type":"ListItem","position":2,"name":"\u00bfC\u00f3mo afrontar una entrevista de trabajo virtual?"}]},{"@type":"WebSite","@id":"https:\/\/fcctp.usmp.edu.pe\/noticias\/#website","url":"https:\/\/fcctp.usmp.edu.pe\/noticias\/","name":"Noticias FCCTP","description":"Facultad de Ciencias de la Comunicaci\u00f3n, Turismo y Psicolog\u00eda","publisher":{"@id":"https:\/\/fcctp.usmp.edu.pe\/noticias\/#organization"},"potentialAction":[{"@type":"SearchAction","target":{"@type":"EntryPoint","urlTemplate":"https:\/\/fcctp.usmp.edu.pe\/noticias\/?s={search_term_string}"},"query-input":{"@type":"PropertyValueSpecification","valueRequired":true,"valueName":"search_term_string"}}],"inLanguage":"es-PE"},{"@type":"Organization","@id":"https:\/\/fcctp.usmp.edu.pe\/noticias\/#organization","name":"Facultad de Ciencias de la Comunicaci\u00f3n, Turismo y Psicolog\u00eda","url":"https:\/\/fcctp.usmp.edu.pe\/noticias\/","logo":{"@type":"ImageObject","inLanguage":"es-PE","@id":"https:\/\/fcctp.usmp.edu.pe\/noticias\/#\/schema\/logo\/image\/","url":"https:\/\/fcctp.usmp.edu.pe\/noticias\/wp-content\/uploads\/2022\/03\/logoFCCTP_60.svg","contentUrl":"https:\/\/fcctp.usmp.edu.pe\/noticias\/wp-content\/uploads\/2022\/03\/logoFCCTP_60.svg","width":347,"height":66,"caption":"Facultad de Ciencias de la Comunicaci\u00f3n, Turismo y Psicolog\u00eda"},"image":{"@id":"https:\/\/fcctp.usmp.edu.pe\/noticias\/#\/schema\/logo\/image\/"},"sameAs":["https:\/\/www.facebook.com\/fcctp","https:\/\/x.com\/fcctp_usmp","https:\/\/www.instagram.com\/fcctp_usmp\/"]},{"@type":"Person","@id":"https:\/\/fcctp.usmp.edu.pe\/noticias\/#\/schema\/person\/4fdff53bd44bf6f645fe381e079e1252","name":"Omar Huaman","image":{"@type":"ImageObject","inLanguage":"es-PE","@id":"https:\/\/secure.gravatar.com\/avatar\/1ec290616e6e3dc043e286f62b87c0f992c4889ead141b3e3dfc70d018a983e0?s=96&d=mm&r=g","url":"https:\/\/secure.gravatar.com\/avatar\/1ec290616e6e3dc043e286f62b87c0f992c4889ead141b3e3dfc70d018a983e0?s=96&d=mm&r=g","contentUrl":"https:\/\/secure.gravatar.com\/avatar\/1ec290616e6e3dc043e286f62b87c0f992c4889ead141b3e3dfc70d018a983e0?s=96&d=mm&r=g","caption":"Omar Huaman"},"url":"https:\/\/fcctp.usmp.edu.pe\/noticias\/author\/notieditor\/"}]}},"_links":{"self":[{"href":"https:\/\/fcctp.usmp.edu.pe\/noticias\/wp-json\/wp\/v2\/posts\/8047","targetHints":{"allow":["GET"]}}],"collection":[{"href":"https:\/\/fcctp.usmp.edu.pe\/noticias\/wp-json\/wp\/v2\/posts"}],"about":[{"href":"https:\/\/fcctp.usmp.edu.pe\/noticias\/wp-json\/wp\/v2\/types\/post"}],"author":[{"embeddable":true,"href":"https:\/\/fcctp.usmp.edu.pe\/noticias\/wp-json\/wp\/v2\/users\/2"}],"replies":[{"embeddable":true,"href":"https:\/\/fcctp.usmp.edu.pe\/noticias\/wp-json\/wp\/v2\/comments?post=8047"}],"version-history":[{"count":1,"href":"https:\/\/fcctp.usmp.edu.pe\/noticias\/wp-json\/wp\/v2\/posts\/8047\/revisions"}],"predecessor-version":[{"id":8049,"href":"https:\/\/fcctp.usmp.edu.pe\/noticias\/wp-json\/wp\/v2\/posts\/8047\/revisions\/8049"}],"wp:featuredmedia":[{"embeddable":true,"href":"https:\/\/fcctp.usmp.edu.pe\/noticias\/wp-json\/wp\/v2\/media\/8048"}],"wp:attachment":[{"href":"https:\/\/fcctp.usmp.edu.pe\/noticias\/wp-json\/wp\/v2\/media?parent=8047"}],"wp:term":[{"taxonomy":"category","embeddable":true,"href":"https:\/\/fcctp.usmp.edu.pe\/noticias\/wp-json\/wp\/v2\/categories?post=8047"},{"taxonomy":"post_tag","embeddable":true,"href":"https:\/\/fcctp.usmp.edu.pe\/noticias\/wp-json\/wp\/v2\/tags?post=8047"}],"curies":[{"name":"wp","href":"https:\/\/api.w.org\/{rel}","templated":true}]}}