{"id":8041,"date":"2022-05-05T23:55:27","date_gmt":"2022-05-05T23:55:27","guid":{"rendered":"https:\/\/fcctp.usmp.edu.pe\/noticias\/?p=8041"},"modified":"2022-05-07T00:05:15","modified_gmt":"2022-05-07T00:05:15","slug":"unete-al-ciclo-de-talleres-convivencia-saludable-en-mi-fcctp","status":"publish","type":"post","link":"https:\/\/fcctp.usmp.edu.pe\/noticias\/sostenibilidad\/unete-al-ciclo-de-talleres-convivencia-saludable-en-mi-fcctp\/","title":{"rendered":"\u00danete al ciclo de talleres \u201cConvivencia Saludable en mi FCCTP\u201d"},"content":{"rendered":"<p style=\"text-align: justify;\">La Oficina de Sostenibilidad invita a todos los alumnos de 1\u00b0 y 2\u00b0 ciclo de la Facultad de Ciencias de la Comunicaci\u00f3n, Turismo y Psicolog\u00eda (FCCTP) de la Universidad de San Mart\u00edn de Porres a formar parte del ciclo de talleres \u201cConvivencia Saludable en mi FCCTP\u201d. Esta serie de actividades tiene como objetivo sensibilizar a la comunidad universitaria sobre la importancia de crear entornos inclusivos, participativos y seguros para todos los miembros de la comunidad, ya sea presenciales o virtuales.<\/p>\n<p style=\"text-align: justify;\">Los talleres, los cuales ser\u00e1n dictados por egresados de nuestra casa de estudios, ser\u00e1n los siguientes:<\/p>\n<p style=\"text-align: justify;\">\u00b7 El superpoder de los valores, a cargo de Dayhana Bailetti, a partir del martes 17 de mayo a las 6:00 p.m.<\/p>\n<p style=\"text-align: justify;\">\u00b7 Trabajando en mi amor propio, a cargo de Rosa Acosta, a partir del jueves 19 de mayo a las 6:00 p.m.<\/p>\n<p style=\"text-align: justify;\">\u00b7 \u00bfSoy emp\u00e1tico con mi entorno?, a cargo de Joanna Carranza, a partir del lunes 23 de mayo a las 6:00 p.m.<\/p>\n<p style=\"text-align: justify;\">Cada taller se impartir\u00e1 de forma virtual en cuatro fechas y se llevar\u00e1 a cabo dos veces por semana entre el martes 17 y el viernes 27 de mayo. En la reuni\u00f3n de inducci\u00f3n previa a los talleres, se brindar\u00e1n los detalles sobre el proyecto final que cada grupo de trabajo tendr\u00e1 que elaborar.<\/p>\n<p style=\"text-align: justify;\">Dicho trabajo se centrar\u00e1 en elaborar una pieza gr\u00e1fica (infograf\u00eda) o video (en formato de TikTok) sobre alguno de los temas abordados en los talleres. Estos contenidos ser\u00e1n difundidos en las redes de Sostenibilidad y la FCCTP, como parte del aprendizaje de los estudiantes.<\/p>\n<p style=\"text-align: justify;\">La Oficina de Sostenibilidad apuesta por el desarrollo sostenible del pa\u00eds fomentando un mayor protagonismo en las acciones dirigidas a contribuir con el cumplimiento de los Objetivos de Desarrollo Sostenible de la Agenda 2030 de la Organizaci\u00f3n de las Naciones Unidas (ONU).<\/p>\n<p style=\"text-align: justify;\">Si deseas formar parte de esta iniciativa, completa el siguiente formulario: <a href=\"https:\/\/bit.ly\/3Fprk47\">https:\/\/bit.ly\/3Fprk47<\/a><\/p>\n","protected":false},"excerpt":{"rendered":"<p>La convocatoria est\u00e1 dirigida a estudiantes de 1\u00b0 y 2\u00b0 ciclo de nuestra Facultad.<\/p>\n","protected":false},"author":2,"featured_media":8042,"comment_status":"closed","ping_status":"closed","sticky":false,"template":"","format":"standard","meta":{"footnotes":""},"categories":[33],"tags":[47,46],"class_list":["post-8041","post","type-post","status-publish","format-standard","has-post-thumbnail","hentry","category-sostenibilidad","tag-home-fcctp","tag-lo-mas-destacado"],"yoast_head":"<!-- This site is optimized with the Yoast SEO plugin v28.3 - https:\/\/yoast.com\/product\/yoast-seo-wordpress\/ -->\n<title>\u00danete al ciclo de talleres \u201cConvivencia Saludable en mi FCCTP\u201d - Noticias<\/title>\n<meta name=\"robots\" content=\"index, follow, max-snippet:-1, max-image-preview:large, max-video-preview:-1\" \/>\n<link rel=\"canonical\" href=\"https:\/\/fcctp.usmp.edu.pe\/noticias\/sostenibilidad\/unete-al-ciclo-de-talleres-convivencia-saludable-en-mi-fcctp\/\" \/>\n<meta property=\"og:locale\" content=\"es_ES\" \/>\n<meta property=\"og:type\" content=\"article\" \/>\n<meta property=\"og:title\" content=\"\u00danete al ciclo de talleres \u201cConvivencia Saludable en mi FCCTP\u201d - Noticias\" \/>\n<meta property=\"og:description\" content=\"La convocatoria est\u00e1 dirigida a estudiantes de 1\u00b0 y 2\u00b0 ciclo de nuestra Facultad.\" \/>\n<meta property=\"og:url\" content=\"https:\/\/fcctp.usmp.edu.pe\/noticias\/sostenibilidad\/unete-al-ciclo-de-talleres-convivencia-saludable-en-mi-fcctp\/\" \/>\n<meta property=\"og:site_name\" content=\"Noticias\" \/>\n<meta property=\"article:publisher\" content=\"https:\/\/www.facebook.com\/fcctp\" \/>\n<meta property=\"article:published_time\" content=\"2022-05-05T23:55:27+00:00\" \/>\n<meta property=\"article:modified_time\" content=\"2022-05-07T00:05:15+00:00\" \/>\n<meta property=\"og:image\" content=\"https:\/\/fcctp.usmp.edu.pe\/noticias\/wp-content\/uploads\/2022\/05\/02-05-CONVOCATORIA-cabecera2.jpg\" \/>\n\t<meta property=\"og:image:width\" content=\"750\" \/>\n\t<meta property=\"og:image:height\" content=\"420\" \/>\n\t<meta property=\"og:image:type\" content=\"image\/jpeg\" \/>\n<meta name=\"author\" content=\"Omar Huaman\" \/>\n<meta name=\"twitter:card\" content=\"summary_large_image\" \/>\n<meta name=\"twitter:creator\" content=\"@fcctp_usmp\" \/>\n<meta name=\"twitter:site\" content=\"@fcctp_usmp\" \/>\n<meta name=\"twitter:label1\" content=\"Written by\" \/>\n\t<meta name=\"twitter:data1\" content=\"Omar Huaman\" \/>\n\t<meta name=\"twitter:label2\" content=\"Est. reading time\" \/>\n\t<meta name=\"twitter:data2\" content=\"2 minutos\" \/>\n<script type=\"application\/ld+json\" class=\"yoast-schema-graph\">{\"@context\":\"https:\\\/\\\/schema.org\",\"@graph\":[{\"@type\":\"Article\",\"@id\":\"https:\\\/\\\/fcctp.usmp.edu.pe\\\/noticias\\\/sostenibilidad\\\/unete-al-ciclo-de-talleres-convivencia-saludable-en-mi-fcctp\\\/#article\",\"isPartOf\":{\"@id\":\"https:\\\/\\\/fcctp.usmp.edu.pe\\\/noticias\\\/sostenibilidad\\\/unete-al-ciclo-de-talleres-convivencia-saludable-en-mi-fcctp\\\/\"},\"author\":{\"name\":\"Omar Huaman\",\"@id\":\"https:\\\/\\\/fcctp.usmp.edu.pe\\\/noticias\\\/#\\\/schema\\\/person\\\/4fdff53bd44bf6f645fe381e079e1252\"},\"headline\":\"\u00danete al ciclo de talleres \u201cConvivencia Saludable en mi FCCTP\u201d\",\"datePublished\":\"2022-05-05T23:55:27+00:00\",\"dateModified\":\"2022-05-07T00:05:15+00:00\",\"mainEntityOfPage\":{\"@id\":\"https:\\\/\\\/fcctp.usmp.edu.pe\\\/noticias\\\/sostenibilidad\\\/unete-al-ciclo-de-talleres-convivencia-saludable-en-mi-fcctp\\\/\"},\"wordCount\":330,\"publisher\":{\"@id\":\"https:\\\/\\\/fcctp.usmp.edu.pe\\\/noticias\\\/#organization\"},\"image\":{\"@id\":\"https:\\\/\\\/fcctp.usmp.edu.pe\\\/noticias\\\/sostenibilidad\\\/unete-al-ciclo-de-talleres-convivencia-saludable-en-mi-fcctp\\\/#primaryimage\"},\"thumbnailUrl\":\"https:\\\/\\\/fcctp.usmp.edu.pe\\\/noticias\\\/wp-content\\\/uploads\\\/2022\\\/05\\\/02-05-CONVOCATORIA-cabecera2.jpg\",\"keywords\":[\"Home FCCTP\",\"Lo mas destacado\"],\"articleSection\":[\"Sostenibilidad\"],\"inLanguage\":\"es-PE\"},{\"@type\":\"WebPage\",\"@id\":\"https:\\\/\\\/fcctp.usmp.edu.pe\\\/noticias\\\/sostenibilidad\\\/unete-al-ciclo-de-talleres-convivencia-saludable-en-mi-fcctp\\\/\",\"url\":\"https:\\\/\\\/fcctp.usmp.edu.pe\\\/noticias\\\/sostenibilidad\\\/unete-al-ciclo-de-talleres-convivencia-saludable-en-mi-fcctp\\\/\",\"name\":\"\u00danete al ciclo de talleres \u201cConvivencia Saludable en mi FCCTP\u201d - Noticias\",\"isPartOf\":{\"@id\":\"https:\\\/\\\/fcctp.usmp.edu.pe\\\/noticias\\\/#website\"},\"primaryImageOfPage\":{\"@id\":\"https:\\\/\\\/fcctp.usmp.edu.pe\\\/noticias\\\/sostenibilidad\\\/unete-al-ciclo-de-talleres-convivencia-saludable-en-mi-fcctp\\\/#primaryimage\"},\"image\":{\"@id\":\"https:\\\/\\\/fcctp.usmp.edu.pe\\\/noticias\\\/sostenibilidad\\\/unete-al-ciclo-de-talleres-convivencia-saludable-en-mi-fcctp\\\/#primaryimage\"},\"thumbnailUrl\":\"https:\\\/\\\/fcctp.usmp.edu.pe\\\/noticias\\\/wp-content\\\/uploads\\\/2022\\\/05\\\/02-05-CONVOCATORIA-cabecera2.jpg\",\"datePublished\":\"2022-05-05T23:55:27+00:00\",\"dateModified\":\"2022-05-07T00:05:15+00:00\",\"breadcrumb\":{\"@id\":\"https:\\\/\\\/fcctp.usmp.edu.pe\\\/noticias\\\/sostenibilidad\\\/unete-al-ciclo-de-talleres-convivencia-saludable-en-mi-fcctp\\\/#breadcrumb\"},\"inLanguage\":\"es-PE\",\"potentialAction\":[{\"@type\":\"ReadAction\",\"target\":[\"https:\\\/\\\/fcctp.usmp.edu.pe\\\/noticias\\\/sostenibilidad\\\/unete-al-ciclo-de-talleres-convivencia-saludable-en-mi-fcctp\\\/\"]}]},{\"@type\":\"ImageObject\",\"inLanguage\":\"es-PE\",\"@id\":\"https:\\\/\\\/fcctp.usmp.edu.pe\\\/noticias\\\/sostenibilidad\\\/unete-al-ciclo-de-talleres-convivencia-saludable-en-mi-fcctp\\\/#primaryimage\",\"url\":\"https:\\\/\\\/fcctp.usmp.edu.pe\\\/noticias\\\/wp-content\\\/uploads\\\/2022\\\/05\\\/02-05-CONVOCATORIA-cabecera2.jpg\",\"contentUrl\":\"https:\\\/\\\/fcctp.usmp.edu.pe\\\/noticias\\\/wp-content\\\/uploads\\\/2022\\\/05\\\/02-05-CONVOCATORIA-cabecera2.jpg\",\"width\":750,\"height\":420,\"caption\":\"Convivencia Saludable FCCTP\"},{\"@type\":\"BreadcrumbList\",\"@id\":\"https:\\\/\\\/fcctp.usmp.edu.pe\\\/noticias\\\/sostenibilidad\\\/unete-al-ciclo-de-talleres-convivencia-saludable-en-mi-fcctp\\\/#breadcrumb\",\"itemListElement\":[{\"@type\":\"ListItem\",\"position\":1,\"name\":\"Portada\",\"item\":\"https:\\\/\\\/fcctp.usmp.edu.pe\\\/noticias\\\/\"},{\"@type\":\"ListItem\",\"position\":2,\"name\":\"\u00danete al ciclo de talleres \u201cConvivencia Saludable en mi FCCTP\u201d\"}]},{\"@type\":\"WebSite\",\"@id\":\"https:\\\/\\\/fcctp.usmp.edu.pe\\\/noticias\\\/#website\",\"url\":\"https:\\\/\\\/fcctp.usmp.edu.pe\\\/noticias\\\/\",\"name\":\"Noticias FCCTP\",\"description\":\"Facultad de Ciencias de la Comunicaci\u00f3n, Turismo y Psicolog\u00eda\",\"publisher\":{\"@id\":\"https:\\\/\\\/fcctp.usmp.edu.pe\\\/noticias\\\/#organization\"},\"potentialAction\":[{\"@type\":\"SearchAction\",\"target\":{\"@type\":\"EntryPoint\",\"urlTemplate\":\"https:\\\/\\\/fcctp.usmp.edu.pe\\\/noticias\\\/?s={search_term_string}\"},\"query-input\":{\"@type\":\"PropertyValueSpecification\",\"valueRequired\":true,\"valueName\":\"search_term_string\"}}],\"inLanguage\":\"es-PE\"},{\"@type\":\"Organization\",\"@id\":\"https:\\\/\\\/fcctp.usmp.edu.pe\\\/noticias\\\/#organization\",\"name\":\"Facultad de Ciencias de la Comunicaci\u00f3n, Turismo y Psicolog\u00eda\",\"url\":\"https:\\\/\\\/fcctp.usmp.edu.pe\\\/noticias\\\/\",\"logo\":{\"@type\":\"ImageObject\",\"inLanguage\":\"es-PE\",\"@id\":\"https:\\\/\\\/fcctp.usmp.edu.pe\\\/noticias\\\/#\\\/schema\\\/logo\\\/image\\\/\",\"url\":\"https:\\\/\\\/fcctp.usmp.edu.pe\\\/noticias\\\/wp-content\\\/uploads\\\/2022\\\/03\\\/logoFCCTP_60.svg\",\"contentUrl\":\"https:\\\/\\\/fcctp.usmp.edu.pe\\\/noticias\\\/wp-content\\\/uploads\\\/2022\\\/03\\\/logoFCCTP_60.svg\",\"width\":347,\"height\":66,\"caption\":\"Facultad de Ciencias de la Comunicaci\u00f3n, Turismo y Psicolog\u00eda\"},\"image\":{\"@id\":\"https:\\\/\\\/fcctp.usmp.edu.pe\\\/noticias\\\/#\\\/schema\\\/logo\\\/image\\\/\"},\"sameAs\":[\"https:\\\/\\\/www.facebook.com\\\/fcctp\",\"https:\\\/\\\/x.com\\\/fcctp_usmp\",\"https:\\\/\\\/www.instagram.com\\\/fcctp_usmp\\\/\"]},{\"@type\":\"Person\",\"@id\":\"https:\\\/\\\/fcctp.usmp.edu.pe\\\/noticias\\\/#\\\/schema\\\/person\\\/4fdff53bd44bf6f645fe381e079e1252\",\"name\":\"Omar Huaman\",\"image\":{\"@type\":\"ImageObject\",\"inLanguage\":\"es-PE\",\"@id\":\"https:\\\/\\\/secure.gravatar.com\\\/avatar\\\/1ec290616e6e3dc043e286f62b87c0f992c4889ead141b3e3dfc70d018a983e0?s=96&d=mm&r=g\",\"url\":\"https:\\\/\\\/secure.gravatar.com\\\/avatar\\\/1ec290616e6e3dc043e286f62b87c0f992c4889ead141b3e3dfc70d018a983e0?s=96&d=mm&r=g\",\"contentUrl\":\"https:\\\/\\\/secure.gravatar.com\\\/avatar\\\/1ec290616e6e3dc043e286f62b87c0f992c4889ead141b3e3dfc70d018a983e0?s=96&d=mm&r=g\",\"caption\":\"Omar Huaman\"},\"url\":\"https:\\\/\\\/fcctp.usmp.edu.pe\\\/noticias\\\/author\\\/notieditor\\\/\"}]}<\/script>\n<!-- \/ Yoast SEO plugin. -->","yoast_head_json":{"title":"\u00danete al ciclo de talleres \u201cConvivencia Saludable en mi FCCTP\u201d - Noticias","robots":{"index":"index","follow":"follow","max-snippet":"max-snippet:-1","max-image-preview":"max-image-preview:large","max-video-preview":"max-video-preview:-1"},"canonical":"https:\/\/fcctp.usmp.edu.pe\/noticias\/sostenibilidad\/unete-al-ciclo-de-talleres-convivencia-saludable-en-mi-fcctp\/","og_locale":"es_ES","og_type":"article","og_title":"\u00danete al ciclo de talleres \u201cConvivencia Saludable en mi FCCTP\u201d - Noticias","og_description":"La convocatoria est\u00e1 dirigida a estudiantes de 1\u00b0 y 2\u00b0 ciclo de nuestra Facultad.","og_url":"https:\/\/fcctp.usmp.edu.pe\/noticias\/sostenibilidad\/unete-al-ciclo-de-talleres-convivencia-saludable-en-mi-fcctp\/","og_site_name":"Noticias","article_publisher":"https:\/\/www.facebook.com\/fcctp","article_published_time":"2022-05-05T23:55:27+00:00","article_modified_time":"2022-05-07T00:05:15+00:00","og_image":[{"width":750,"height":420,"url":"https:\/\/fcctp.usmp.edu.pe\/noticias\/wp-content\/uploads\/2022\/05\/02-05-CONVOCATORIA-cabecera2.jpg","type":"image\/jpeg"}],"author":"Omar Huaman","twitter_card":"summary_large_image","twitter_creator":"@fcctp_usmp","twitter_site":"@fcctp_usmp","twitter_misc":{"Written by":"Omar Huaman","Est. reading time":"2 minutos"},"schema":{"@context":"https:\/\/schema.org","@graph":[{"@type":"Article","@id":"https:\/\/fcctp.usmp.edu.pe\/noticias\/sostenibilidad\/unete-al-ciclo-de-talleres-convivencia-saludable-en-mi-fcctp\/#article","isPartOf":{"@id":"https:\/\/fcctp.usmp.edu.pe\/noticias\/sostenibilidad\/unete-al-ciclo-de-talleres-convivencia-saludable-en-mi-fcctp\/"},"author":{"name":"Omar Huaman","@id":"https:\/\/fcctp.usmp.edu.pe\/noticias\/#\/schema\/person\/4fdff53bd44bf6f645fe381e079e1252"},"headline":"\u00danete al ciclo de talleres \u201cConvivencia Saludable en mi FCCTP\u201d","datePublished":"2022-05-05T23:55:27+00:00","dateModified":"2022-05-07T00:05:15+00:00","mainEntityOfPage":{"@id":"https:\/\/fcctp.usmp.edu.pe\/noticias\/sostenibilidad\/unete-al-ciclo-de-talleres-convivencia-saludable-en-mi-fcctp\/"},"wordCount":330,"publisher":{"@id":"https:\/\/fcctp.usmp.edu.pe\/noticias\/#organization"},"image":{"@id":"https:\/\/fcctp.usmp.edu.pe\/noticias\/sostenibilidad\/unete-al-ciclo-de-talleres-convivencia-saludable-en-mi-fcctp\/#primaryimage"},"thumbnailUrl":"https:\/\/fcctp.usmp.edu.pe\/noticias\/wp-content\/uploads\/2022\/05\/02-05-CONVOCATORIA-cabecera2.jpg","keywords":["Home FCCTP","Lo mas destacado"],"articleSection":["Sostenibilidad"],"inLanguage":"es-PE"},{"@type":"WebPage","@id":"https:\/\/fcctp.usmp.edu.pe\/noticias\/sostenibilidad\/unete-al-ciclo-de-talleres-convivencia-saludable-en-mi-fcctp\/","url":"https:\/\/fcctp.usmp.edu.pe\/noticias\/sostenibilidad\/unete-al-ciclo-de-talleres-convivencia-saludable-en-mi-fcctp\/","name":"\u00danete al ciclo de talleres \u201cConvivencia Saludable en mi FCCTP\u201d - Noticias","isPartOf":{"@id":"https:\/\/fcctp.usmp.edu.pe\/noticias\/#website"},"primaryImageOfPage":{"@id":"https:\/\/fcctp.usmp.edu.pe\/noticias\/sostenibilidad\/unete-al-ciclo-de-talleres-convivencia-saludable-en-mi-fcctp\/#primaryimage"},"image":{"@id":"https:\/\/fcctp.usmp.edu.pe\/noticias\/sostenibilidad\/unete-al-ciclo-de-talleres-convivencia-saludable-en-mi-fcctp\/#primaryimage"},"thumbnailUrl":"https:\/\/fcctp.usmp.edu.pe\/noticias\/wp-content\/uploads\/2022\/05\/02-05-CONVOCATORIA-cabecera2.jpg","datePublished":"2022-05-05T23:55:27+00:00","dateModified":"2022-05-07T00:05:15+00:00","breadcrumb":{"@id":"https:\/\/fcctp.usmp.edu.pe\/noticias\/sostenibilidad\/unete-al-ciclo-de-talleres-convivencia-saludable-en-mi-fcctp\/#breadcrumb"},"inLanguage":"es-PE","potentialAction":[{"@type":"ReadAction","target":["https:\/\/fcctp.usmp.edu.pe\/noticias\/sostenibilidad\/unete-al-ciclo-de-talleres-convivencia-saludable-en-mi-fcctp\/"]}]},{"@type":"ImageObject","inLanguage":"es-PE","@id":"https:\/\/fcctp.usmp.edu.pe\/noticias\/sostenibilidad\/unete-al-ciclo-de-talleres-convivencia-saludable-en-mi-fcctp\/#primaryimage","url":"https:\/\/fcctp.usmp.edu.pe\/noticias\/wp-content\/uploads\/2022\/05\/02-05-CONVOCATORIA-cabecera2.jpg","contentUrl":"https:\/\/fcctp.usmp.edu.pe\/noticias\/wp-content\/uploads\/2022\/05\/02-05-CONVOCATORIA-cabecera2.jpg","width":750,"height":420,"caption":"Convivencia Saludable FCCTP"},{"@type":"BreadcrumbList","@id":"https:\/\/fcctp.usmp.edu.pe\/noticias\/sostenibilidad\/unete-al-ciclo-de-talleres-convivencia-saludable-en-mi-fcctp\/#breadcrumb","itemListElement":[{"@type":"ListItem","position":1,"name":"Portada","item":"https:\/\/fcctp.usmp.edu.pe\/noticias\/"},{"@type":"ListItem","position":2,"name":"\u00danete al ciclo de talleres \u201cConvivencia Saludable en mi FCCTP\u201d"}]},{"@type":"WebSite","@id":"https:\/\/fcctp.usmp.edu.pe\/noticias\/#website","url":"https:\/\/fcctp.usmp.edu.pe\/noticias\/","name":"Noticias FCCTP","description":"Facultad de Ciencias de la Comunicaci\u00f3n, Turismo y Psicolog\u00eda","publisher":{"@id":"https:\/\/fcctp.usmp.edu.pe\/noticias\/#organization"},"potentialAction":[{"@type":"SearchAction","target":{"@type":"EntryPoint","urlTemplate":"https:\/\/fcctp.usmp.edu.pe\/noticias\/?s={search_term_string}"},"query-input":{"@type":"PropertyValueSpecification","valueRequired":true,"valueName":"search_term_string"}}],"inLanguage":"es-PE"},{"@type":"Organization","@id":"https:\/\/fcctp.usmp.edu.pe\/noticias\/#organization","name":"Facultad de Ciencias de la Comunicaci\u00f3n, Turismo y Psicolog\u00eda","url":"https:\/\/fcctp.usmp.edu.pe\/noticias\/","logo":{"@type":"ImageObject","inLanguage":"es-PE","@id":"https:\/\/fcctp.usmp.edu.pe\/noticias\/#\/schema\/logo\/image\/","url":"https:\/\/fcctp.usmp.edu.pe\/noticias\/wp-content\/uploads\/2022\/03\/logoFCCTP_60.svg","contentUrl":"https:\/\/fcctp.usmp.edu.pe\/noticias\/wp-content\/uploads\/2022\/03\/logoFCCTP_60.svg","width":347,"height":66,"caption":"Facultad de Ciencias de la Comunicaci\u00f3n, Turismo y Psicolog\u00eda"},"image":{"@id":"https:\/\/fcctp.usmp.edu.pe\/noticias\/#\/schema\/logo\/image\/"},"sameAs":["https:\/\/www.facebook.com\/fcctp","https:\/\/x.com\/fcctp_usmp","https:\/\/www.instagram.com\/fcctp_usmp\/"]},{"@type":"Person","@id":"https:\/\/fcctp.usmp.edu.pe\/noticias\/#\/schema\/person\/4fdff53bd44bf6f645fe381e079e1252","name":"Omar Huaman","image":{"@type":"ImageObject","inLanguage":"es-PE","@id":"https:\/\/secure.gravatar.com\/avatar\/1ec290616e6e3dc043e286f62b87c0f992c4889ead141b3e3dfc70d018a983e0?s=96&d=mm&r=g","url":"https:\/\/secure.gravatar.com\/avatar\/1ec290616e6e3dc043e286f62b87c0f992c4889ead141b3e3dfc70d018a983e0?s=96&d=mm&r=g","contentUrl":"https:\/\/secure.gravatar.com\/avatar\/1ec290616e6e3dc043e286f62b87c0f992c4889ead141b3e3dfc70d018a983e0?s=96&d=mm&r=g","caption":"Omar Huaman"},"url":"https:\/\/fcctp.usmp.edu.pe\/noticias\/author\/notieditor\/"}]}},"_links":{"self":[{"href":"https:\/\/fcctp.usmp.edu.pe\/noticias\/wp-json\/wp\/v2\/posts\/8041","targetHints":{"allow":["GET"]}}],"collection":[{"href":"https:\/\/fcctp.usmp.edu.pe\/noticias\/wp-json\/wp\/v2\/posts"}],"about":[{"href":"https:\/\/fcctp.usmp.edu.pe\/noticias\/wp-json\/wp\/v2\/types\/post"}],"author":[{"embeddable":true,"href":"https:\/\/fcctp.usmp.edu.pe\/noticias\/wp-json\/wp\/v2\/users\/2"}],"replies":[{"embeddable":true,"href":"https:\/\/fcctp.usmp.edu.pe\/noticias\/wp-json\/wp\/v2\/comments?post=8041"}],"version-history":[{"count":1,"href":"https:\/\/fcctp.usmp.edu.pe\/noticias\/wp-json\/wp\/v2\/posts\/8041\/revisions"}],"predecessor-version":[{"id":8043,"href":"https:\/\/fcctp.usmp.edu.pe\/noticias\/wp-json\/wp\/v2\/posts\/8041\/revisions\/8043"}],"wp:featuredmedia":[{"embeddable":true,"href":"https:\/\/fcctp.usmp.edu.pe\/noticias\/wp-json\/wp\/v2\/media\/8042"}],"wp:attachment":[{"href":"https:\/\/fcctp.usmp.edu.pe\/noticias\/wp-json\/wp\/v2\/media?parent=8041"}],"wp:term":[{"taxonomy":"category","embeddable":true,"href":"https:\/\/fcctp.usmp.edu.pe\/noticias\/wp-json\/wp\/v2\/categories?post=8041"},{"taxonomy":"post_tag","embeddable":true,"href":"https:\/\/fcctp.usmp.edu.pe\/noticias\/wp-json\/wp\/v2\/tags?post=8041"}],"curies":[{"name":"wp","href":"https:\/\/api.w.org\/{rel}","templated":true}]}}