{"id":7960,"date":"2022-04-04T23:48:24","date_gmt":"2022-04-04T23:48:24","guid":{"rendered":"https:\/\/fcctp.usmp.edu.pe\/noticias\/?p=7960"},"modified":"2022-04-12T00:00:24","modified_gmt":"2022-04-12T00:00:24","slug":"no-bajemos-la-guardia-ante-la-llegada-de-la-variante-deltacron","status":"publish","type":"post","link":"https:\/\/fcctp.usmp.edu.pe\/noticias\/articulos-tips-y-consejos\/no-bajemos-la-guardia-ante-la-llegada-de-la-variante-deltacron\/","title":{"rendered":"No bajemos la guardia ante la llegada de la variante deltacron"},"content":{"rendered":"<p style=\"text-align: justify;\"><strong>Por: Dra. Nieves Altamirano Peceros<\/strong><br \/>\n<strong>Servicio Psicol\u00f3gico de la FCCTP<\/strong><\/p>\n<p style=\"text-align: justify;\">El retorno a clases puede dar la sensaci\u00f3n de que hemos regresado a la normalidad. Lentamente, algunas actividades cotidianas regresan a nuestra rutina y las personas, en especial los j\u00f3venes, expresan una exagerada autopercepci\u00f3n de buena salud que limita su autocuidado y el cuidado de los dem\u00e1s.<\/p>\n<p style=\"text-align: justify;\">No hay que olvidar que seguimos viviendo en medio de una pandemia. A pesar de que las estad\u00edsticas est\u00e1n bajando, la Organizaci\u00f3n Mundial de la Salud (OMS) advirti\u00f3 hace unas semanas el aumento de casos de COVID-19 en el mundo. Asimismo, ha detectado la existencia de la variante deltacron, una cepa sumamente contagiosa que combina la variante delta y \u00f3micron.<\/p>\n<p style=\"text-align: justify;\">Las medidas sanitarias se empiezan a relajar. La guerra en Ucrania, la elevaci\u00f3n del precio de los alimentos y el desequilibrio econ\u00f3mico han desviado la atenci\u00f3n mundial. Esto da la sensaci\u00f3n de que el riesgo tambi\u00e9n ha bajado. Sin embargo, recordemos que las pandemias duran en promedio entre 4 a 5 a\u00f1os y estar\u00edamos en la mitad de esta. En conclusi\u00f3n, la pandemia est\u00e1 lejos de terminar.<\/p>\n<p style=\"text-align: justify;\">\u00bfCu\u00e1n grave puede ser la variante deltacron?<\/p>\n<p style=\"text-align: justify;\">Esta respuesta la dar\u00e1n las estad\u00edsticas futuras. Debido a la combinaci\u00f3n de dos variantes, a\u00fan no se conoce su repercusi\u00f3n. Es probable que las cifras vayan elev\u00e1ndose.<\/p>\n<p style=\"text-align: justify;\">El virus va evolucionando, se transforman para vivir el mayor tiempo posible en el organismo humano. La combinaci\u00f3n de las variantes delta y \u00f3micron combinan sus caracter\u00edsticas m\u00e1s saltantes: el \u00f3micron complica las v\u00edas respiratorias , mientras que delta es muy contagiosa y tiene mayor capacidad de causar una forma grave de la enfermedad.<\/p>\n<p style=\"text-align: justify;\">Este virus ha sido reducido a 3 d\u00edas de malestar promedio y parece que no es necesario guardar cama . Por ello, no se le da mayor importancia. Los s\u00edntomas que se presentan son dolor de cabeza, fatiga, dolor de garganta parecido a una faringitis, secreci\u00f3n nasal, fiebre y pulso elevado, cierto dolor muscular, estornudos y tos.<\/p>\n<p style=\"text-align: justify;\">Probablemente, t\u00fa que eres joven sientas que has pasado por situaciones similares a un resfriado y no has tenido nada que lamentar. Sin embargo, si no te cuidas, puedes contagiar. Este cuadro cl\u00ednico aparentemente sencillo puede agravarse en personas mayores y de alto riesgo. Por ejemplo, los que tienen problemas de salud preexistentes y las personas inmunodeprimidas. Si se contagian, ellos s\u00ed pueden morir.<\/p>\n<p style=\"text-align: justify;\">Por otra parte, entramos en oto\u00f1o y comienza el frio; este escenario es propicio para el contagio. Solo es necesario que una persona se enferme para contagiar a toda la colectividad. La universidad es tambi\u00e9n un espacio propicio de infecci\u00f3n si no se respetan los protocolos vigentes.<\/p>\n<p style=\"text-align: justify;\">Por ello, necesitamos promover una cultura de prevenci\u00f3n de la COVID-19 al interior de la comunidad universitaria que propicie la participaci\u00f3n y la responsabilidad social de los universitarios, docentes, administrativos y dem\u00e1s actores que la conforman. De esta manera, se podr\u00e1 favorecer de manera equitativa el desarrollo humano y la calidad de vida de los universitarios.<\/p>\n<p style=\"text-align: justify;\"><em>Adopta comportamientos protectores de tu salud y act\u00faa con responsabilidad social. Vac\u00fanate para protegerte y proteger a los dem\u00e1s.<\/em><\/p>\n","protected":false},"excerpt":{"rendered":"<p>Por: Dra. Nieves Altamirano Peceros Servicio Psicol\u00f3gico de la FCCTP El retorno a clases puede dar la sensaci\u00f3n de que hemos regresado a la normalidad. Lentamente, algunas actividades cotidianas regresan a nuestra rutina y las personas, en especial los j\u00f3venes, expresan una exagerada autopercepci\u00f3n de buena salud que limita su autocuidado y el cuidado de &#8230; <a title=\"No bajemos la guardia ante la llegada de la variante deltacron\" class=\"read-more\" href=\"https:\/\/fcctp.usmp.edu.pe\/noticias\/articulos-tips-y-consejos\/no-bajemos-la-guardia-ante-la-llegada-de-la-variante-deltacron\/\" aria-label=\"More on No bajemos la guardia ante la llegada de la variante deltacron\">Read more<\/a><\/p>\n","protected":false},"author":2,"featured_media":7961,"comment_status":"closed","ping_status":"closed","sticky":false,"template":"","format":"standard","meta":{"footnotes":""},"categories":[32],"tags":[46],"class_list":["post-7960","post","type-post","status-publish","format-standard","has-post-thumbnail","hentry","category-articulos-tips-y-consejos","tag-lo-mas-destacado"],"yoast_head":"<!-- This site is optimized with the Yoast SEO plugin v28.3 - https:\/\/yoast.com\/product\/yoast-seo-wordpress\/ -->\n<title>No bajemos la guardia ante la llegada de la variante deltacron - Noticias<\/title>\n<meta name=\"robots\" content=\"index, follow, max-snippet:-1, max-image-preview:large, max-video-preview:-1\" \/>\n<link rel=\"canonical\" href=\"https:\/\/fcctp.usmp.edu.pe\/noticias\/articulos-tips-y-consejos\/no-bajemos-la-guardia-ante-la-llegada-de-la-variante-deltacron\/\" \/>\n<meta property=\"og:locale\" content=\"es_ES\" \/>\n<meta property=\"og:type\" content=\"article\" \/>\n<meta property=\"og:title\" content=\"No bajemos la guardia ante la llegada de la variante deltacron - Noticias\" \/>\n<meta property=\"og:description\" content=\"Por: Dra. Nieves Altamirano Peceros Servicio Psicol\u00f3gico de la FCCTP El retorno a clases puede dar la sensaci\u00f3n de que hemos regresado a la normalidad. Lentamente, algunas actividades cotidianas regresan a nuestra rutina y las personas, en especial los j\u00f3venes, expresan una exagerada autopercepci\u00f3n de buena salud que limita su autocuidado y el cuidado de ... Read more\" \/>\n<meta property=\"og:url\" content=\"https:\/\/fcctp.usmp.edu.pe\/noticias\/articulos-tips-y-consejos\/no-bajemos-la-guardia-ante-la-llegada-de-la-variante-deltacron\/\" \/>\n<meta property=\"og:site_name\" content=\"Noticias\" \/>\n<meta property=\"article:publisher\" content=\"https:\/\/www.facebook.com\/fcctp\" \/>\n<meta property=\"article:published_time\" content=\"2022-04-04T23:48:24+00:00\" \/>\n<meta property=\"article:modified_time\" content=\"2022-04-12T00:00:24+00:00\" \/>\n<meta property=\"og:image\" content=\"https:\/\/fcctp.usmp.edu.pe\/noticias\/wp-content\/uploads\/2022\/04\/05-04_Cabecera-1.jpg\" \/>\n\t<meta property=\"og:image:width\" content=\"750\" \/>\n\t<meta property=\"og:image:height\" content=\"420\" \/>\n\t<meta property=\"og:image:type\" content=\"image\/jpeg\" \/>\n<meta name=\"author\" content=\"Omar Huaman\" \/>\n<meta name=\"twitter:card\" content=\"summary_large_image\" \/>\n<meta name=\"twitter:creator\" content=\"@fcctp_usmp\" \/>\n<meta name=\"twitter:site\" content=\"@fcctp_usmp\" \/>\n<meta name=\"twitter:label1\" content=\"Written by\" \/>\n\t<meta name=\"twitter:data1\" content=\"Omar Huaman\" \/>\n\t<meta name=\"twitter:label2\" content=\"Est. reading time\" \/>\n\t<meta name=\"twitter:data2\" content=\"3 minutos\" \/>\n<script type=\"application\/ld+json\" class=\"yoast-schema-graph\">{\"@context\":\"https:\\\/\\\/schema.org\",\"@graph\":[{\"@type\":\"Article\",\"@id\":\"https:\\\/\\\/fcctp.usmp.edu.pe\\\/noticias\\\/articulos-tips-y-consejos\\\/no-bajemos-la-guardia-ante-la-llegada-de-la-variante-deltacron\\\/#article\",\"isPartOf\":{\"@id\":\"https:\\\/\\\/fcctp.usmp.edu.pe\\\/noticias\\\/articulos-tips-y-consejos\\\/no-bajemos-la-guardia-ante-la-llegada-de-la-variante-deltacron\\\/\"},\"author\":{\"name\":\"Omar Huaman\",\"@id\":\"https:\\\/\\\/fcctp.usmp.edu.pe\\\/noticias\\\/#\\\/schema\\\/person\\\/4fdff53bd44bf6f645fe381e079e1252\"},\"headline\":\"No bajemos la guardia ante la llegada de la variante deltacron\",\"datePublished\":\"2022-04-04T23:48:24+00:00\",\"dateModified\":\"2022-04-12T00:00:24+00:00\",\"mainEntityOfPage\":{\"@id\":\"https:\\\/\\\/fcctp.usmp.edu.pe\\\/noticias\\\/articulos-tips-y-consejos\\\/no-bajemos-la-guardia-ante-la-llegada-de-la-variante-deltacron\\\/\"},\"wordCount\":561,\"publisher\":{\"@id\":\"https:\\\/\\\/fcctp.usmp.edu.pe\\\/noticias\\\/#organization\"},\"image\":{\"@id\":\"https:\\\/\\\/fcctp.usmp.edu.pe\\\/noticias\\\/articulos-tips-y-consejos\\\/no-bajemos-la-guardia-ante-la-llegada-de-la-variante-deltacron\\\/#primaryimage\"},\"thumbnailUrl\":\"https:\\\/\\\/fcctp.usmp.edu.pe\\\/noticias\\\/wp-content\\\/uploads\\\/2022\\\/04\\\/05-04_Cabecera-1.jpg\",\"keywords\":[\"Lo mas destacado\"],\"articleSection\":[\"Art\u00edculos, tips y consejos\"],\"inLanguage\":\"es-PE\"},{\"@type\":\"WebPage\",\"@id\":\"https:\\\/\\\/fcctp.usmp.edu.pe\\\/noticias\\\/articulos-tips-y-consejos\\\/no-bajemos-la-guardia-ante-la-llegada-de-la-variante-deltacron\\\/\",\"url\":\"https:\\\/\\\/fcctp.usmp.edu.pe\\\/noticias\\\/articulos-tips-y-consejos\\\/no-bajemos-la-guardia-ante-la-llegada-de-la-variante-deltacron\\\/\",\"name\":\"No bajemos la guardia ante la llegada de la variante deltacron - Noticias\",\"isPartOf\":{\"@id\":\"https:\\\/\\\/fcctp.usmp.edu.pe\\\/noticias\\\/#website\"},\"primaryImageOfPage\":{\"@id\":\"https:\\\/\\\/fcctp.usmp.edu.pe\\\/noticias\\\/articulos-tips-y-consejos\\\/no-bajemos-la-guardia-ante-la-llegada-de-la-variante-deltacron\\\/#primaryimage\"},\"image\":{\"@id\":\"https:\\\/\\\/fcctp.usmp.edu.pe\\\/noticias\\\/articulos-tips-y-consejos\\\/no-bajemos-la-guardia-ante-la-llegada-de-la-variante-deltacron\\\/#primaryimage\"},\"thumbnailUrl\":\"https:\\\/\\\/fcctp.usmp.edu.pe\\\/noticias\\\/wp-content\\\/uploads\\\/2022\\\/04\\\/05-04_Cabecera-1.jpg\",\"datePublished\":\"2022-04-04T23:48:24+00:00\",\"dateModified\":\"2022-04-12T00:00:24+00:00\",\"breadcrumb\":{\"@id\":\"https:\\\/\\\/fcctp.usmp.edu.pe\\\/noticias\\\/articulos-tips-y-consejos\\\/no-bajemos-la-guardia-ante-la-llegada-de-la-variante-deltacron\\\/#breadcrumb\"},\"inLanguage\":\"es-PE\",\"potentialAction\":[{\"@type\":\"ReadAction\",\"target\":[\"https:\\\/\\\/fcctp.usmp.edu.pe\\\/noticias\\\/articulos-tips-y-consejos\\\/no-bajemos-la-guardia-ante-la-llegada-de-la-variante-deltacron\\\/\"]}]},{\"@type\":\"ImageObject\",\"inLanguage\":\"es-PE\",\"@id\":\"https:\\\/\\\/fcctp.usmp.edu.pe\\\/noticias\\\/articulos-tips-y-consejos\\\/no-bajemos-la-guardia-ante-la-llegada-de-la-variante-deltacron\\\/#primaryimage\",\"url\":\"https:\\\/\\\/fcctp.usmp.edu.pe\\\/noticias\\\/wp-content\\\/uploads\\\/2022\\\/04\\\/05-04_Cabecera-1.jpg\",\"contentUrl\":\"https:\\\/\\\/fcctp.usmp.edu.pe\\\/noticias\\\/wp-content\\\/uploads\\\/2022\\\/04\\\/05-04_Cabecera-1.jpg\",\"width\":750,\"height\":420,\"caption\":\"Variante deltacron cuidados\"},{\"@type\":\"BreadcrumbList\",\"@id\":\"https:\\\/\\\/fcctp.usmp.edu.pe\\\/noticias\\\/articulos-tips-y-consejos\\\/no-bajemos-la-guardia-ante-la-llegada-de-la-variante-deltacron\\\/#breadcrumb\",\"itemListElement\":[{\"@type\":\"ListItem\",\"position\":1,\"name\":\"Portada\",\"item\":\"https:\\\/\\\/fcctp.usmp.edu.pe\\\/noticias\\\/\"},{\"@type\":\"ListItem\",\"position\":2,\"name\":\"No bajemos la guardia ante la llegada de la variante deltacron\"}]},{\"@type\":\"WebSite\",\"@id\":\"https:\\\/\\\/fcctp.usmp.edu.pe\\\/noticias\\\/#website\",\"url\":\"https:\\\/\\\/fcctp.usmp.edu.pe\\\/noticias\\\/\",\"name\":\"Noticias FCCTP\",\"description\":\"Facultad de Ciencias de la Comunicaci\u00f3n, Turismo y Psicolog\u00eda\",\"publisher\":{\"@id\":\"https:\\\/\\\/fcctp.usmp.edu.pe\\\/noticias\\\/#organization\"},\"potentialAction\":[{\"@type\":\"SearchAction\",\"target\":{\"@type\":\"EntryPoint\",\"urlTemplate\":\"https:\\\/\\\/fcctp.usmp.edu.pe\\\/noticias\\\/?s={search_term_string}\"},\"query-input\":{\"@type\":\"PropertyValueSpecification\",\"valueRequired\":true,\"valueName\":\"search_term_string\"}}],\"inLanguage\":\"es-PE\"},{\"@type\":\"Organization\",\"@id\":\"https:\\\/\\\/fcctp.usmp.edu.pe\\\/noticias\\\/#organization\",\"name\":\"Facultad de Ciencias de la Comunicaci\u00f3n, Turismo y Psicolog\u00eda\",\"url\":\"https:\\\/\\\/fcctp.usmp.edu.pe\\\/noticias\\\/\",\"logo\":{\"@type\":\"ImageObject\",\"inLanguage\":\"es-PE\",\"@id\":\"https:\\\/\\\/fcctp.usmp.edu.pe\\\/noticias\\\/#\\\/schema\\\/logo\\\/image\\\/\",\"url\":\"https:\\\/\\\/fcctp.usmp.edu.pe\\\/noticias\\\/wp-content\\\/uploads\\\/2022\\\/03\\\/logoFCCTP_60.svg\",\"contentUrl\":\"https:\\\/\\\/fcctp.usmp.edu.pe\\\/noticias\\\/wp-content\\\/uploads\\\/2022\\\/03\\\/logoFCCTP_60.svg\",\"width\":347,\"height\":66,\"caption\":\"Facultad de Ciencias de la Comunicaci\u00f3n, Turismo y Psicolog\u00eda\"},\"image\":{\"@id\":\"https:\\\/\\\/fcctp.usmp.edu.pe\\\/noticias\\\/#\\\/schema\\\/logo\\\/image\\\/\"},\"sameAs\":[\"https:\\\/\\\/www.facebook.com\\\/fcctp\",\"https:\\\/\\\/x.com\\\/fcctp_usmp\",\"https:\\\/\\\/www.instagram.com\\\/fcctp_usmp\\\/\"]},{\"@type\":\"Person\",\"@id\":\"https:\\\/\\\/fcctp.usmp.edu.pe\\\/noticias\\\/#\\\/schema\\\/person\\\/4fdff53bd44bf6f645fe381e079e1252\",\"name\":\"Omar Huaman\",\"image\":{\"@type\":\"ImageObject\",\"inLanguage\":\"es-PE\",\"@id\":\"https:\\\/\\\/secure.gravatar.com\\\/avatar\\\/1ec290616e6e3dc043e286f62b87c0f992c4889ead141b3e3dfc70d018a983e0?s=96&d=mm&r=g\",\"url\":\"https:\\\/\\\/secure.gravatar.com\\\/avatar\\\/1ec290616e6e3dc043e286f62b87c0f992c4889ead141b3e3dfc70d018a983e0?s=96&d=mm&r=g\",\"contentUrl\":\"https:\\\/\\\/secure.gravatar.com\\\/avatar\\\/1ec290616e6e3dc043e286f62b87c0f992c4889ead141b3e3dfc70d018a983e0?s=96&d=mm&r=g\",\"caption\":\"Omar Huaman\"},\"url\":\"https:\\\/\\\/fcctp.usmp.edu.pe\\\/noticias\\\/author\\\/notieditor\\\/\"}]}<\/script>\n<!-- \/ Yoast SEO plugin. -->","yoast_head_json":{"title":"No bajemos la guardia ante la llegada de la variante deltacron - Noticias","robots":{"index":"index","follow":"follow","max-snippet":"max-snippet:-1","max-image-preview":"max-image-preview:large","max-video-preview":"max-video-preview:-1"},"canonical":"https:\/\/fcctp.usmp.edu.pe\/noticias\/articulos-tips-y-consejos\/no-bajemos-la-guardia-ante-la-llegada-de-la-variante-deltacron\/","og_locale":"es_ES","og_type":"article","og_title":"No bajemos la guardia ante la llegada de la variante deltacron - Noticias","og_description":"Por: Dra. Nieves Altamirano Peceros Servicio Psicol\u00f3gico de la FCCTP El retorno a clases puede dar la sensaci\u00f3n de que hemos regresado a la normalidad. Lentamente, algunas actividades cotidianas regresan a nuestra rutina y las personas, en especial los j\u00f3venes, expresan una exagerada autopercepci\u00f3n de buena salud que limita su autocuidado y el cuidado de ... Read more","og_url":"https:\/\/fcctp.usmp.edu.pe\/noticias\/articulos-tips-y-consejos\/no-bajemos-la-guardia-ante-la-llegada-de-la-variante-deltacron\/","og_site_name":"Noticias","article_publisher":"https:\/\/www.facebook.com\/fcctp","article_published_time":"2022-04-04T23:48:24+00:00","article_modified_time":"2022-04-12T00:00:24+00:00","og_image":[{"width":750,"height":420,"url":"https:\/\/fcctp.usmp.edu.pe\/noticias\/wp-content\/uploads\/2022\/04\/05-04_Cabecera-1.jpg","type":"image\/jpeg"}],"author":"Omar Huaman","twitter_card":"summary_large_image","twitter_creator":"@fcctp_usmp","twitter_site":"@fcctp_usmp","twitter_misc":{"Written by":"Omar Huaman","Est. reading time":"3 minutos"},"schema":{"@context":"https:\/\/schema.org","@graph":[{"@type":"Article","@id":"https:\/\/fcctp.usmp.edu.pe\/noticias\/articulos-tips-y-consejos\/no-bajemos-la-guardia-ante-la-llegada-de-la-variante-deltacron\/#article","isPartOf":{"@id":"https:\/\/fcctp.usmp.edu.pe\/noticias\/articulos-tips-y-consejos\/no-bajemos-la-guardia-ante-la-llegada-de-la-variante-deltacron\/"},"author":{"name":"Omar Huaman","@id":"https:\/\/fcctp.usmp.edu.pe\/noticias\/#\/schema\/person\/4fdff53bd44bf6f645fe381e079e1252"},"headline":"No bajemos la guardia ante la llegada de la variante deltacron","datePublished":"2022-04-04T23:48:24+00:00","dateModified":"2022-04-12T00:00:24+00:00","mainEntityOfPage":{"@id":"https:\/\/fcctp.usmp.edu.pe\/noticias\/articulos-tips-y-consejos\/no-bajemos-la-guardia-ante-la-llegada-de-la-variante-deltacron\/"},"wordCount":561,"publisher":{"@id":"https:\/\/fcctp.usmp.edu.pe\/noticias\/#organization"},"image":{"@id":"https:\/\/fcctp.usmp.edu.pe\/noticias\/articulos-tips-y-consejos\/no-bajemos-la-guardia-ante-la-llegada-de-la-variante-deltacron\/#primaryimage"},"thumbnailUrl":"https:\/\/fcctp.usmp.edu.pe\/noticias\/wp-content\/uploads\/2022\/04\/05-04_Cabecera-1.jpg","keywords":["Lo mas destacado"],"articleSection":["Art\u00edculos, tips y consejos"],"inLanguage":"es-PE"},{"@type":"WebPage","@id":"https:\/\/fcctp.usmp.edu.pe\/noticias\/articulos-tips-y-consejos\/no-bajemos-la-guardia-ante-la-llegada-de-la-variante-deltacron\/","url":"https:\/\/fcctp.usmp.edu.pe\/noticias\/articulos-tips-y-consejos\/no-bajemos-la-guardia-ante-la-llegada-de-la-variante-deltacron\/","name":"No bajemos la guardia ante la llegada de la variante deltacron - Noticias","isPartOf":{"@id":"https:\/\/fcctp.usmp.edu.pe\/noticias\/#website"},"primaryImageOfPage":{"@id":"https:\/\/fcctp.usmp.edu.pe\/noticias\/articulos-tips-y-consejos\/no-bajemos-la-guardia-ante-la-llegada-de-la-variante-deltacron\/#primaryimage"},"image":{"@id":"https:\/\/fcctp.usmp.edu.pe\/noticias\/articulos-tips-y-consejos\/no-bajemos-la-guardia-ante-la-llegada-de-la-variante-deltacron\/#primaryimage"},"thumbnailUrl":"https:\/\/fcctp.usmp.edu.pe\/noticias\/wp-content\/uploads\/2022\/04\/05-04_Cabecera-1.jpg","datePublished":"2022-04-04T23:48:24+00:00","dateModified":"2022-04-12T00:00:24+00:00","breadcrumb":{"@id":"https:\/\/fcctp.usmp.edu.pe\/noticias\/articulos-tips-y-consejos\/no-bajemos-la-guardia-ante-la-llegada-de-la-variante-deltacron\/#breadcrumb"},"inLanguage":"es-PE","potentialAction":[{"@type":"ReadAction","target":["https:\/\/fcctp.usmp.edu.pe\/noticias\/articulos-tips-y-consejos\/no-bajemos-la-guardia-ante-la-llegada-de-la-variante-deltacron\/"]}]},{"@type":"ImageObject","inLanguage":"es-PE","@id":"https:\/\/fcctp.usmp.edu.pe\/noticias\/articulos-tips-y-consejos\/no-bajemos-la-guardia-ante-la-llegada-de-la-variante-deltacron\/#primaryimage","url":"https:\/\/fcctp.usmp.edu.pe\/noticias\/wp-content\/uploads\/2022\/04\/05-04_Cabecera-1.jpg","contentUrl":"https:\/\/fcctp.usmp.edu.pe\/noticias\/wp-content\/uploads\/2022\/04\/05-04_Cabecera-1.jpg","width":750,"height":420,"caption":"Variante deltacron cuidados"},{"@type":"BreadcrumbList","@id":"https:\/\/fcctp.usmp.edu.pe\/noticias\/articulos-tips-y-consejos\/no-bajemos-la-guardia-ante-la-llegada-de-la-variante-deltacron\/#breadcrumb","itemListElement":[{"@type":"ListItem","position":1,"name":"Portada","item":"https:\/\/fcctp.usmp.edu.pe\/noticias\/"},{"@type":"ListItem","position":2,"name":"No bajemos la guardia ante la llegada de la variante deltacron"}]},{"@type":"WebSite","@id":"https:\/\/fcctp.usmp.edu.pe\/noticias\/#website","url":"https:\/\/fcctp.usmp.edu.pe\/noticias\/","name":"Noticias FCCTP","description":"Facultad de Ciencias de la Comunicaci\u00f3n, Turismo y Psicolog\u00eda","publisher":{"@id":"https:\/\/fcctp.usmp.edu.pe\/noticias\/#organization"},"potentialAction":[{"@type":"SearchAction","target":{"@type":"EntryPoint","urlTemplate":"https:\/\/fcctp.usmp.edu.pe\/noticias\/?s={search_term_string}"},"query-input":{"@type":"PropertyValueSpecification","valueRequired":true,"valueName":"search_term_string"}}],"inLanguage":"es-PE"},{"@type":"Organization","@id":"https:\/\/fcctp.usmp.edu.pe\/noticias\/#organization","name":"Facultad de Ciencias de la Comunicaci\u00f3n, Turismo y Psicolog\u00eda","url":"https:\/\/fcctp.usmp.edu.pe\/noticias\/","logo":{"@type":"ImageObject","inLanguage":"es-PE","@id":"https:\/\/fcctp.usmp.edu.pe\/noticias\/#\/schema\/logo\/image\/","url":"https:\/\/fcctp.usmp.edu.pe\/noticias\/wp-content\/uploads\/2022\/03\/logoFCCTP_60.svg","contentUrl":"https:\/\/fcctp.usmp.edu.pe\/noticias\/wp-content\/uploads\/2022\/03\/logoFCCTP_60.svg","width":347,"height":66,"caption":"Facultad de Ciencias de la Comunicaci\u00f3n, Turismo y Psicolog\u00eda"},"image":{"@id":"https:\/\/fcctp.usmp.edu.pe\/noticias\/#\/schema\/logo\/image\/"},"sameAs":["https:\/\/www.facebook.com\/fcctp","https:\/\/x.com\/fcctp_usmp","https:\/\/www.instagram.com\/fcctp_usmp\/"]},{"@type":"Person","@id":"https:\/\/fcctp.usmp.edu.pe\/noticias\/#\/schema\/person\/4fdff53bd44bf6f645fe381e079e1252","name":"Omar Huaman","image":{"@type":"ImageObject","inLanguage":"es-PE","@id":"https:\/\/secure.gravatar.com\/avatar\/1ec290616e6e3dc043e286f62b87c0f992c4889ead141b3e3dfc70d018a983e0?s=96&d=mm&r=g","url":"https:\/\/secure.gravatar.com\/avatar\/1ec290616e6e3dc043e286f62b87c0f992c4889ead141b3e3dfc70d018a983e0?s=96&d=mm&r=g","contentUrl":"https:\/\/secure.gravatar.com\/avatar\/1ec290616e6e3dc043e286f62b87c0f992c4889ead141b3e3dfc70d018a983e0?s=96&d=mm&r=g","caption":"Omar Huaman"},"url":"https:\/\/fcctp.usmp.edu.pe\/noticias\/author\/notieditor\/"}]}},"_links":{"self":[{"href":"https:\/\/fcctp.usmp.edu.pe\/noticias\/wp-json\/wp\/v2\/posts\/7960","targetHints":{"allow":["GET"]}}],"collection":[{"href":"https:\/\/fcctp.usmp.edu.pe\/noticias\/wp-json\/wp\/v2\/posts"}],"about":[{"href":"https:\/\/fcctp.usmp.edu.pe\/noticias\/wp-json\/wp\/v2\/types\/post"}],"author":[{"embeddable":true,"href":"https:\/\/fcctp.usmp.edu.pe\/noticias\/wp-json\/wp\/v2\/users\/2"}],"replies":[{"embeddable":true,"href":"https:\/\/fcctp.usmp.edu.pe\/noticias\/wp-json\/wp\/v2\/comments?post=7960"}],"version-history":[{"count":2,"href":"https:\/\/fcctp.usmp.edu.pe\/noticias\/wp-json\/wp\/v2\/posts\/7960\/revisions"}],"predecessor-version":[{"id":7984,"href":"https:\/\/fcctp.usmp.edu.pe\/noticias\/wp-json\/wp\/v2\/posts\/7960\/revisions\/7984"}],"wp:featuredmedia":[{"embeddable":true,"href":"https:\/\/fcctp.usmp.edu.pe\/noticias\/wp-json\/wp\/v2\/media\/7961"}],"wp:attachment":[{"href":"https:\/\/fcctp.usmp.edu.pe\/noticias\/wp-json\/wp\/v2\/media?parent=7960"}],"wp:term":[{"taxonomy":"category","embeddable":true,"href":"https:\/\/fcctp.usmp.edu.pe\/noticias\/wp-json\/wp\/v2\/categories?post=7960"},{"taxonomy":"post_tag","embeddable":true,"href":"https:\/\/fcctp.usmp.edu.pe\/noticias\/wp-json\/wp\/v2\/tags?post=7960"}],"curies":[{"name":"wp","href":"https:\/\/api.w.org\/{rel}","templated":true}]}}