{"id":7934,"date":"2022-03-22T01:57:38","date_gmt":"2022-03-22T01:57:38","guid":{"rendered":"https:\/\/fcctp.usmp.edu.pe\/noticias\/?p=7934"},"modified":"2022-03-24T02:02:12","modified_gmt":"2022-03-24T02:02:12","slug":"la-usmp-presenta-la-edicion-n-35-de-la-revista-cultura","status":"publish","type":"post","link":"https:\/\/fcctp.usmp.edu.pe\/noticias\/publicaciones\/la-usmp-presenta-la-edicion-n-35-de-la-revista-cultura\/","title":{"rendered":"La USMP presenta la edici\u00f3n N\u00b0 35 de la revista Cultura"},"content":{"rendered":"<p style=\"text-align: justify;\"><em>La publicaci\u00f3n cient\u00edfica contiene un selecto grupo de art\u00edculos relacionados con las \u00e1reas de comunicaciones, psicolog\u00eda y turismo.<\/em><\/p>\n<p style=\"text-align: justify;\">A lo largo de sus 60 a\u00f1os de vida institucional, nuestra casa de estudios ha demostrado un compromiso con la investigaci\u00f3n acad\u00e9mica y el desarrollo del pa\u00eds en las diferentes ramas del conocimiento. En ese sentido, la Asociaci\u00f3n de Docentes de la Universidad de San Mart\u00edn de Porres presenta la edici\u00f3n N\u00b0 35 de la revista Cultura, publicaci\u00f3n que cuenta 11 art\u00edculos sobre diversas especialidades como psicolog\u00eda, comunicaciones y turismo.<\/p>\n<p style=\"text-align: justify;\">Sobre temas relacionados con las comunicaciones, se han presentado los siguientes trabajos: \u201cLa contribuci\u00f3n de las relaciones p\u00fablicas en el di\u00e1logo intercultural dentro de las organizaciones sociales\u201d de Azucena Montalva Mi\u00f1\u00e1n y \u201cSocializaci\u00f3n, medios de comunicaci\u00f3n y \u00e9tica\u201d de Zoila Guzm\u00e1n Hurtado. Asimismo, Alan Patroni Marinovich, coordinador de la Escuela Profesional de Ciencias de la Comunicaci\u00f3n, ha contribuido con el art\u00edculo \u201cLos avatares de la meritocracia\u201d.<\/p>\n<p style=\"text-align: justify;\">Con relaci\u00f3n a la especialidad de psicolog\u00eda, se han publicado los art\u00edculos \u201cConducta prosocial en ni\u00f1os de padres separados en relaci\u00f3n con estilos de afrontamiento\u201d de Jes\u00fas Romero Croce, Liz Flower Quenta y Roxana Huamantica Valverde; \u201cEscala de aprendizajes percibidos en la experiencia curricular \u00abProgramas de Intervenci\u00f3n en Psicolog\u00eda\u00bb: evidencias psicom\u00e9tricas\u201d de Marivel Aguirre-Morales y Lizley Tantale\u00e1n-Terrones; y \u201cAnsiedad y depresi\u00f3n en pacientes posquir\u00fargicos en un hospital p\u00fablico de Lima\u201d de Mar\u00eda del Rosario Mendoza Romero.<\/p>\n<p style=\"text-align: justify;\">Por su parte, Fabrizio Alberca Sialer, coordinador de Posgrado e Investigaci\u00f3n de la Escuela Profesional de Turismo y Hoteler\u00eda, ha participado en esta edici\u00f3n con el art\u00edculo \u201cCaracterizaci\u00f3n del turismo patrimonial\u201d.<\/p>\n<p style=\"text-align: justify;\">Respecto a colaboraciones de otras especialidades, esta edici\u00f3n cuenta con los trabajos \u201cEl mensaje materialista de las ideolog\u00edas del liberalismo, del socialismo y de la tecnolog\u00eda\u201d de Johan Leuridan Huys; \u201cLa participaci\u00f3n de los millennials en el marco de la democracia representativa en Per\u00fa durante el 2019\u201d de Odar Carranza Reyes y Martha Romero Echevarr\u00eda; \u201cLa educaci\u00f3n del siglo XXI: un proceso de formaci\u00f3n integral de la persona humana\u201d de Wilfredo Montenegro Carrasco; y \u201cComunicaci\u00f3n y religi\u00f3n: la comunicaci\u00f3n a la luz del Tratado de historia de las religiones de Mircea Eliade\u201d por Mercedes Sarapura Sarapura.<\/p>\n<p style=\"text-align: justify;\">Accede a todos los art\u00edculos de la revista haciendo clic <a href=\"https:\/\/www.revistacultura.com.pe\/portfolio-item\/cultura-35\/\">aqu\u00ed<\/a>.<\/p>\n","protected":false},"excerpt":{"rendered":"<p>La publicaci\u00f3n cient\u00edfica contiene un selecto grupo de art\u00edculos relacionados con las \u00e1reas de comunicaciones, psicolog\u00eda y turismo. A lo largo de sus 60 a\u00f1os de vida institucional, nuestra casa de estudios ha demostrado un compromiso con la investigaci\u00f3n acad\u00e9mica y el desarrollo del pa\u00eds en las diferentes ramas del conocimiento. En ese sentido, la &#8230; <a title=\"La USMP presenta la edici\u00f3n N\u00b0 35 de la revista Cultura\" class=\"read-more\" href=\"https:\/\/fcctp.usmp.edu.pe\/noticias\/publicaciones\/la-usmp-presenta-la-edicion-n-35-de-la-revista-cultura\/\" aria-label=\"More on La USMP presenta la edici\u00f3n N\u00b0 35 de la revista Cultura\">Read more<\/a><\/p>\n","protected":false},"author":2,"featured_media":7935,"comment_status":"closed","ping_status":"closed","sticky":false,"template":"","format":"standard","meta":{"footnotes":""},"categories":[30],"tags":[46],"class_list":["post-7934","post","type-post","status-publish","format-standard","has-post-thumbnail","hentry","category-publicaciones","tag-lo-mas-destacado"],"_links":{"self":[{"href":"https:\/\/fcctp.usmp.edu.pe\/noticias\/wp-json\/wp\/v2\/posts\/7934","targetHints":{"allow":["GET"]}}],"collection":[{"href":"https:\/\/fcctp.usmp.edu.pe\/noticias\/wp-json\/wp\/v2\/posts"}],"about":[{"href":"https:\/\/fcctp.usmp.edu.pe\/noticias\/wp-json\/wp\/v2\/types\/post"}],"author":[{"embeddable":true,"href":"https:\/\/fcctp.usmp.edu.pe\/noticias\/wp-json\/wp\/v2\/users\/2"}],"replies":[{"embeddable":true,"href":"https:\/\/fcctp.usmp.edu.pe\/noticias\/wp-json\/wp\/v2\/comments?post=7934"}],"version-history":[{"count":1,"href":"https:\/\/fcctp.usmp.edu.pe\/noticias\/wp-json\/wp\/v2\/posts\/7934\/revisions"}],"predecessor-version":[{"id":7936,"href":"https:\/\/fcctp.usmp.edu.pe\/noticias\/wp-json\/wp\/v2\/posts\/7934\/revisions\/7936"}],"wp:featuredmedia":[{"embeddable":true,"href":"https:\/\/fcctp.usmp.edu.pe\/noticias\/wp-json\/wp\/v2\/media\/7935"}],"wp:attachment":[{"href":"https:\/\/fcctp.usmp.edu.pe\/noticias\/wp-json\/wp\/v2\/media?parent=7934"}],"wp:term":[{"taxonomy":"category","embeddable":true,"href":"https:\/\/fcctp.usmp.edu.pe\/noticias\/wp-json\/wp\/v2\/categories?post=7934"},{"taxonomy":"post_tag","embeddable":true,"href":"https:\/\/fcctp.usmp.edu.pe\/noticias\/wp-json\/wp\/v2\/tags?post=7934"}],"curies":[{"name":"wp","href":"https:\/\/api.w.org\/{rel}","templated":true}]}}