{"id":6617,"date":"2022-03-11T16:16:26","date_gmt":"2022-03-11T16:16:26","guid":{"rendered":"https:\/\/fcctp.usmp.edu.pe\/noticias\/?p=6617"},"modified":"2022-03-11T18:42:54","modified_gmt":"2022-03-11T18:42:54","slug":"bienvenidos-al-semestre-2022-1","status":"publish","type":"post","link":"https:\/\/fcctp.usmp.edu.pe\/noticias\/actividades-destacadas\/bienvenidos-al-semestre-2022-1\/","title":{"rendered":"\u00a1Bienvenidos al semestre 2022-1!"},"content":{"rendered":"<p style=\"text-align: justify;\"><em>La Escuela Profesional de Ciencias de la Comunicaci\u00f3n ama lo que hace y no se detiene. <\/em><\/p>\n<p style=\"text-align: justify;\">Con gran entusiasmo, alumnos de 9\u00b0 ciclo y docentes de la Escuela Profesional de Ciencias de la Comunicaci\u00f3n de la Universidad de San Mart\u00edn de Porres \u2014pertenecientes a las especialidades de radio, televisi\u00f3n y periodismo\u2014 iniciaron sus actividades acad\u00e9micas en la modalidad semipresencial.<\/p>\n<p style=\"text-align: justify;\">Desde las 7:30 a.m. y guardando el distanciamiento f\u00edsico correspondiente, los miembros de la comunidad universitaria se acercaron a la entrada del campus. A fin de velar por la seguridad de todos, ellos llevaban puestas sus dos mascarillas o una KN95. Antes de ingresar al recinto estudiantil, presentaron el Documento Nacional de Identidad (DNI) y la ficha sintomatol\u00f3gica debidamente firmada o el c\u00f3digo QR entregado por el Servicio M\u00e9dico. Igualmente, se procedi\u00f3 a medirles la temperatura.<\/p>\n<p style=\"text-align: justify;\">Por su parte, aquellos alumnos que optaron por no vacunarse o no contaban con las dosis completas, presentaron una prueba negativa de ant\u00edgenos o PCR con antig\u00fcedad no mayor de 7 d\u00edas calendario.<\/p>\n<p style=\"text-align: justify;\">Visiblemente felices, los estudiantes tuvieron la oportunidad de reencontrarse con sus compa\u00f1eros y docentes, a quienes no ve\u00edan desde hace dos a\u00f1os, y expresaron su satisfacci\u00f3n por volver a las aulas sanmartinianas.<\/p>\n<p style=\"text-align: justify;\">Fue una jornada cargada de emociones que cont\u00f3 con la participaci\u00f3n de las principales autoridades de nuestra casa de estudios como la Dra. Amybel S\u00e1nchez de Walther, decana de la Facultad de Ciencias de la Comunicaci\u00f3n, Turismo y Psicolog\u00eda; la Mag. Patricia Bobadilla Ter\u00e1n, directora de la Escuela Profesional de Ciencias de la Comunicaci\u00f3n; la Mag. Claudia \u00c1vila Huam\u00e1n, directora de la Escuela Profesional de Turismo y Hoteler\u00eda; y la Dra. Carmen Rozas Ponce de Le\u00f3n, directora de la Escuela Profesional de Psicolog\u00eda.<\/p>\n<p style=\"text-align: justify;\">\u00a1Porque amamos lo que hacemos no nos detenemos!<\/p>\n<p style=\"text-align: justify;\"><strong><em>Revive los mejores momentos de este emotivo reencuentro en la siguiente galer\u00eda fotogr\u00e1fica<\/em><\/strong><\/p>\n<div><\/div>\n","protected":false},"excerpt":{"rendered":"<p>Con gran entusiasmo, alumnos de 9\u00b0 ciclo y docentes de la Universidad de San Mart\u00edn de Porres pertenecientes a las especialidades de radio, televisi\u00f3n y periodismo, iniciaron sus actividades acad\u00e9micas en la modalidad semipresencial.<\/p>\n","protected":false},"author":1,"featured_media":6622,"comment_status":"closed","ping_status":"closed","sticky":false,"template":"","format":"standard","meta":{"footnotes":""},"categories":[31],"tags":[46],"class_list":["post-6617","post","type-post","status-publish","format-standard","has-post-thumbnail","hentry","category-actividades-destacadas","tag-lo-mas-destacado"],"_links":{"self":[{"href":"https:\/\/fcctp.usmp.edu.pe\/noticias\/wp-json\/wp\/v2\/posts\/6617","targetHints":{"allow":["GET"]}}],"collection":[{"href":"https:\/\/fcctp.usmp.edu.pe\/noticias\/wp-json\/wp\/v2\/posts"}],"about":[{"href":"https:\/\/fcctp.usmp.edu.pe\/noticias\/wp-json\/wp\/v2\/types\/post"}],"author":[{"embeddable":true,"href":"https:\/\/fcctp.usmp.edu.pe\/noticias\/wp-json\/wp\/v2\/users\/1"}],"replies":[{"embeddable":true,"href":"https:\/\/fcctp.usmp.edu.pe\/noticias\/wp-json\/wp\/v2\/comments?post=6617"}],"version-history":[{"count":6,"href":"https:\/\/fcctp.usmp.edu.pe\/noticias\/wp-json\/wp\/v2\/posts\/6617\/revisions"}],"predecessor-version":[{"id":8798,"href":"https:\/\/fcctp.usmp.edu.pe\/noticias\/wp-json\/wp\/v2\/posts\/6617\/revisions\/8798"}],"wp:featuredmedia":[{"embeddable":true,"href":"https:\/\/fcctp.usmp.edu.pe\/noticias\/wp-json\/wp\/v2\/media\/6622"}],"wp:attachment":[{"href":"https:\/\/fcctp.usmp.edu.pe\/noticias\/wp-json\/wp\/v2\/media?parent=6617"}],"wp:term":[{"taxonomy":"category","embeddable":true,"href":"https:\/\/fcctp.usmp.edu.pe\/noticias\/wp-json\/wp\/v2\/categories?post=6617"},{"taxonomy":"post_tag","embeddable":true,"href":"https:\/\/fcctp.usmp.edu.pe\/noticias\/wp-json\/wp\/v2\/tags?post=6617"}],"curies":[{"name":"wp","href":"https:\/\/api.w.org\/{rel}","templated":true}]}}