{"id":5779,"date":"2022-02-08T17:14:00","date_gmt":"2022-02-08T17:14:00","guid":{"rendered":"http:\/\/noticias.test\/2022\/02\/08\/historias-que-inspiran-ong-hiperderecho\/"},"modified":"2022-02-08T17:14:00","modified_gmt":"2022-02-08T17:14:00","slug":"historias-que-inspiran-ong-hiperderecho","status":"publish","type":"post","link":"https:\/\/fcctp.usmp.edu.pe\/noticias\/sostenibilidad\/historias-que-inspiran-ong-hiperderecho\/","title":{"rendered":"Historias que inspiran: ONG Hiperderecho"},"content":{"rendered":"<p style=\"text-align:justify;\">Hiperderecho es una asociaci\u00f3n civil peruana sin fines de lucro dedicada a investigar y promover el respeto de los derechos y libertades en entornos digitales. Adem\u00e1s, realiza distintas iniciativas para que la internet se consolide como un espacio libre de intromisiones estatales y privadas al ejercicio de cualquier derecho.&nbsp;<\/p>\n<p style=\"text-align:justify;\">Para conocer la opini\u00f3n de esta instituci\u00f3n respecto a la evoluci\u00f3n del entorno virtual y los retos que enfrentamos como pa\u00eds tras la pandemia, Noticias FCCTP convers\u00f3 con su director legal, Dilmar Villena. \u00c9l es abogado y su inter\u00e9s est\u00e1 enfocado en temas relacionados al derecho constitucional, as\u00ed como libertades y derechos en entornos digitales. Tambi\u00e9n se ha desempe\u00f1ado como miembro del equipo de investigaci\u00f3n de Gaceta Jur\u00eddica.&nbsp;<\/p>\n<p style=\"text-align:justify;\"><strong>A ra\u00edz del inicio de la pandemia, el uso de plataformas virtuales se increment\u00f3 considerablemente. Al respecto, \u00bfcu\u00e1les son las principales oportunidades y amenazas que se han evidenciado?&nbsp;<\/strong><\/p>\n<p style=\"text-align:justify;\">Durante la crisis de la COVID-19, el uso de la tecnolog\u00eda creci\u00f3 de forma exponencial y no solo se emple\u00f3 con fines espec\u00edficos como suced\u00eda hasta el 2020, sino que se convirti\u00f3 en una herramienta fundamental para poder trabajar, estudiar o reunirse con amigos o compa\u00f1eros. En ese sentido, los colaboradores de las organizaciones adquirieron habilidades digitales para desenvolverse en este nuevo contexto. Anteriormente, solo 5 de cada 100 personas sab\u00edan emplear Zoom, pero hoy la realidad es otra. Lamentablemente, Per\u00fa tiene una brecha digital muy grande y no cuenta con la infraestructura necesaria para brindar internet a todos los rincones de la sierra y la selva.&nbsp;<\/p>\n<p style=\"text-align:justify;\"><strong>En una coyuntura polarizada como la que vive nuestro pa\u00eds, surgen dos interrogantes: \u00bfa qu\u00e9 se denomina libertad de expresi\u00f3n? \u00bfC\u00f3mo se maneja, desde el derecho, el tema de la libertad de expresi\u00f3n en redes sociales? &nbsp;<\/strong><\/p>\n<p style=\"text-align:justify;\">La libertad de expresi\u00f3n es un derecho humano fundamental que se encuentra citado en los tratados internacionales, a fin de garantizar que la ciudadan\u00eda pueda manifestar su posici\u00f3n en torno a un tema o realizar diferentes cr\u00edticas con total independencia. Aquellas personas que desean dar a conocer sus opiniones a trav\u00e9s de internet tienen la posibilidad de utilizar plataformas como Facebook, Twitter, Instagram, TikTok o blogs. &nbsp;<\/p>\n<p style=\"text-align:justify;\">Sin embargo, las redes sociales han sido desarrolladas por personas que no necesariamente permitir\u00e1n que se visibilicen todas las opiniones y es ah\u00ed donde inicia un nuevo debate: \u00bfmi libertad es o no aceptada en el entorno digital? En caso de que una red social no acepte mi opini\u00f3n, puedo buscar otro medio de comunicaci\u00f3n o puedo empezar a crear un espacio en el que tenga la libertad de manifestar mis planteamientos.&nbsp;<\/p>\n<p style=\"text-align:justify;\">Al final de la campa\u00f1a presidencial, se vivi\u00f3 una coyuntura polarizada que gener\u00f3 gran tensi\u00f3n en la poblaci\u00f3n, ya que la mitad de los peruanos apoyaba a un candidato, mientras que la otra parte se inclinaba por la alternativa pol\u00edtica contraria. Muchas personas lanzaban afirmaciones como \u201cSi no est\u00e1s conmigo, est\u00e1s en mi contra\u201d o \u201cSi no piensas como yo, eres un\u2026\u201d. Fueron momentos muy duros.&nbsp;<\/p>\n<p style=\"text-align:justify;\"><strong>\u00bfSe puede afirmar que el acceso a internet es un derecho fundamental? &nbsp;<\/strong><\/p>\n<p style=\"text-align:justify;\">S\u00ed. El Congreso anterior se aboc\u00f3 al tema, pues un grupo de parlamentarios ten\u00eda la voluntad de incorporar el acceso a internet como un derecho fundamental en la Constituci\u00f3n Pol\u00edtica del Per\u00fa. Sin embargo, la iniciativa no prosper\u00f3, ya que coincidi\u00f3 con el cambio de autoridades en el poder legislativo. &nbsp;<\/p>\n<p style=\"text-align:justify;\">Es necesario que dicho proyecto se apruebe, debido a que toda persona que ingresa al mundo digital podr\u00e1 ejercer otros derechos como el trabajo, la educaci\u00f3n, el desarrollo de la personalidad y la creaci\u00f3n de iniciativas empresariales. En M\u00e9xico, el acceso al ciberespacio est\u00e1 contemplado en su Carta Magna desde el 2014, mientras que en Chile se viene discutiendo su aplicaci\u00f3n a corto plazo.&nbsp;<\/p>\n<p style=\"text-align:justify;\"><strong>\u00bfQu\u00e9 retos enfrentamos como pa\u00eds ante la amplia brecha digital que se registra en las regiones?&nbsp;<\/strong><\/p>\n<p style=\"text-align:justify;\">De acuerdo a diversos estudios, uno de los principales problemas es la falta de una adecuada infraestructura que permita conectar la costa, la sierra y la selva. Al respecto, es necesario precisar que nuestra accidentada geograf\u00eda origina que este proceso de conexi\u00f3n digital sea lento, ya que la instalaci\u00f3n y la puesta en marcha de proyectos de este tipo resultan sumamente costosas. Por otro lado, existen pueblos que tienen pocos habitantes y las empresas deciden dejarlos de lado. Sobre este punto, el Estado tendr\u00eda que asumir dicho rol y proveer de internet a todos los peruanos.&nbsp;<\/p>\n<p style=\"text-align:justify;\"><strong>\u00bfDe qu\u00e9 manera la ciudadan\u00eda puede comprometerse con el desarrollo digital del pa\u00eds? \u00bfQu\u00e9 actores deben intervenir para que este sea seguro y accesible para todos?&nbsp;<\/strong><\/p>\n<p style=\"text-align:justify;\">Quienes trabajamos en el \u00e1mbito digital, somos conscientes de que no basta que el Estado brinde normas o dispositivos legales, pues existen diversos estamentos como las empresas privadas o la sociedad civil que podr\u00edan brindar s\u00f3lidos aportes a fin de posibilitar que todo peruano cuente con acceso a internet.&nbsp;<\/p>\n<p style=\"text-align:justify;\">Adicionalmente, la ciudadan\u00eda juega un rol preponderante en el desarrollo del entorno digital. Considero que deber\u00edan organizarse y participar en foros de discusi\u00f3n sobre la materia. Igualmente, podr\u00edan contactarse con aquellos legisladores que asumen esta causa como algo propio o con organizaciones que promueven la conectividad a nivel nacional.&nbsp;<\/p>\n","protected":false},"excerpt":{"rendered":"<p>Dilmar Villena, director legal en esta organizaci\u00f3n, abord\u00f3 el problema de la conectividad en el Per\u00fa.<\/p>\n","protected":false},"author":1,"featured_media":5780,"comment_status":"open","ping_status":"open","sticky":false,"template":"","format":"standard","meta":{"footnotes":""},"categories":[33],"tags":[],"class_list":["post-5779","post","type-post","status-publish","format-standard","has-post-thumbnail","hentry","category-sostenibilidad"],"yoast_head":"<!-- This site is optimized with the Yoast SEO plugin v28.3 - https:\/\/yoast.com\/product\/yoast-seo-wordpress\/ -->\n<title>Historias que inspiran: ONG Hiperderecho - Noticias<\/title>\n<meta name=\"robots\" content=\"index, follow, max-snippet:-1, max-image-preview:large, max-video-preview:-1\" \/>\n<link rel=\"canonical\" href=\"https:\/\/fcctp.usmp.edu.pe\/noticias\/sostenibilidad\/historias-que-inspiran-ong-hiperderecho\/\" \/>\n<meta property=\"og:locale\" content=\"es_ES\" \/>\n<meta property=\"og:type\" content=\"article\" \/>\n<meta property=\"og:title\" content=\"Historias que inspiran: ONG Hiperderecho - Noticias\" \/>\n<meta property=\"og:description\" content=\"Dilmar Villena, director legal en esta organizaci\u00f3n, abord\u00f3 el problema de la conectividad en el Per\u00fa.\" \/>\n<meta property=\"og:url\" content=\"https:\/\/fcctp.usmp.edu.pe\/noticias\/sostenibilidad\/historias-que-inspiran-ong-hiperderecho\/\" \/>\n<meta property=\"og:site_name\" content=\"Noticias\" \/>\n<meta property=\"article:publisher\" content=\"https:\/\/www.facebook.com\/fcctp\" \/>\n<meta property=\"article:published_time\" content=\"2022-02-08T17:14:00+00:00\" \/>\n<meta property=\"og:image\" content=\"https:\/\/fcctp.usmp.edu.pe\/noticias\/wp-content\/uploads\/2022\/03\/historias_inspiran_ong_hiperderecho_header_1_1644531254.png\" \/>\n\t<meta property=\"og:image:width\" content=\"1110\" \/>\n\t<meta property=\"og:image:height\" content=\"624\" \/>\n\t<meta property=\"og:image:type\" content=\"image\/png\" \/>\n<meta name=\"author\" content=\"gestornoticias\" \/>\n<meta name=\"twitter:card\" content=\"summary_large_image\" \/>\n<meta name=\"twitter:creator\" content=\"@fcctp_usmp\" \/>\n<meta name=\"twitter:site\" content=\"@fcctp_usmp\" \/>\n<meta name=\"twitter:label1\" content=\"Written by\" \/>\n\t<meta name=\"twitter:data1\" content=\"gestornoticias\" \/>\n\t<meta name=\"twitter:label2\" content=\"Est. reading time\" \/>\n\t<meta name=\"twitter:data2\" content=\"5 minutos\" \/>\n<script type=\"application\/ld+json\" class=\"yoast-schema-graph\">{\"@context\":\"https:\\\/\\\/schema.org\",\"@graph\":[{\"@type\":\"Article\",\"@id\":\"https:\\\/\\\/fcctp.usmp.edu.pe\\\/noticias\\\/sostenibilidad\\\/historias-que-inspiran-ong-hiperderecho\\\/#article\",\"isPartOf\":{\"@id\":\"https:\\\/\\\/fcctp.usmp.edu.pe\\\/noticias\\\/sostenibilidad\\\/historias-que-inspiran-ong-hiperderecho\\\/\"},\"author\":{\"name\":\"gestornoticias\",\"@id\":\"https:\\\/\\\/fcctp.usmp.edu.pe\\\/noticias\\\/#\\\/schema\\\/person\\\/61b8ffd72776c00a25323e609ff2aad6\"},\"headline\":\"Historias que inspiran: ONG Hiperderecho\",\"datePublished\":\"2022-02-08T17:14:00+00:00\",\"mainEntityOfPage\":{\"@id\":\"https:\\\/\\\/fcctp.usmp.edu.pe\\\/noticias\\\/sostenibilidad\\\/historias-que-inspiran-ong-hiperderecho\\\/\"},\"wordCount\":927,\"commentCount\":0,\"publisher\":{\"@id\":\"https:\\\/\\\/fcctp.usmp.edu.pe\\\/noticias\\\/#organization\"},\"image\":{\"@id\":\"https:\\\/\\\/fcctp.usmp.edu.pe\\\/noticias\\\/sostenibilidad\\\/historias-que-inspiran-ong-hiperderecho\\\/#primaryimage\"},\"thumbnailUrl\":\"https:\\\/\\\/fcctp.usmp.edu.pe\\\/noticias\\\/wp-content\\\/uploads\\\/2022\\\/03\\\/historias_inspiran_ong_hiperderecho_header_1_1644531254.png\",\"articleSection\":[\"Sostenibilidad\"],\"inLanguage\":\"es-PE\"},{\"@type\":\"WebPage\",\"@id\":\"https:\\\/\\\/fcctp.usmp.edu.pe\\\/noticias\\\/sostenibilidad\\\/historias-que-inspiran-ong-hiperderecho\\\/\",\"url\":\"https:\\\/\\\/fcctp.usmp.edu.pe\\\/noticias\\\/sostenibilidad\\\/historias-que-inspiran-ong-hiperderecho\\\/\",\"name\":\"Historias que inspiran: ONG Hiperderecho - Noticias\",\"isPartOf\":{\"@id\":\"https:\\\/\\\/fcctp.usmp.edu.pe\\\/noticias\\\/#website\"},\"primaryImageOfPage\":{\"@id\":\"https:\\\/\\\/fcctp.usmp.edu.pe\\\/noticias\\\/sostenibilidad\\\/historias-que-inspiran-ong-hiperderecho\\\/#primaryimage\"},\"image\":{\"@id\":\"https:\\\/\\\/fcctp.usmp.edu.pe\\\/noticias\\\/sostenibilidad\\\/historias-que-inspiran-ong-hiperderecho\\\/#primaryimage\"},\"thumbnailUrl\":\"https:\\\/\\\/fcctp.usmp.edu.pe\\\/noticias\\\/wp-content\\\/uploads\\\/2022\\\/03\\\/historias_inspiran_ong_hiperderecho_header_1_1644531254.png\",\"datePublished\":\"2022-02-08T17:14:00+00:00\",\"breadcrumb\":{\"@id\":\"https:\\\/\\\/fcctp.usmp.edu.pe\\\/noticias\\\/sostenibilidad\\\/historias-que-inspiran-ong-hiperderecho\\\/#breadcrumb\"},\"inLanguage\":\"es-PE\",\"potentialAction\":[{\"@type\":\"ReadAction\",\"target\":[\"https:\\\/\\\/fcctp.usmp.edu.pe\\\/noticias\\\/sostenibilidad\\\/historias-que-inspiran-ong-hiperderecho\\\/\"]}]},{\"@type\":\"ImageObject\",\"inLanguage\":\"es-PE\",\"@id\":\"https:\\\/\\\/fcctp.usmp.edu.pe\\\/noticias\\\/sostenibilidad\\\/historias-que-inspiran-ong-hiperderecho\\\/#primaryimage\",\"url\":\"https:\\\/\\\/fcctp.usmp.edu.pe\\\/noticias\\\/wp-content\\\/uploads\\\/2022\\\/03\\\/historias_inspiran_ong_hiperderecho_header_1_1644531254.png\",\"contentUrl\":\"https:\\\/\\\/fcctp.usmp.edu.pe\\\/noticias\\\/wp-content\\\/uploads\\\/2022\\\/03\\\/historias_inspiran_ong_hiperderecho_header_1_1644531254.png\",\"width\":1110,\"height\":624,\"caption\":\"ONG Hiperderecho\"},{\"@type\":\"BreadcrumbList\",\"@id\":\"https:\\\/\\\/fcctp.usmp.edu.pe\\\/noticias\\\/sostenibilidad\\\/historias-que-inspiran-ong-hiperderecho\\\/#breadcrumb\",\"itemListElement\":[{\"@type\":\"ListItem\",\"position\":1,\"name\":\"Portada\",\"item\":\"https:\\\/\\\/fcctp.usmp.edu.pe\\\/noticias\\\/\"},{\"@type\":\"ListItem\",\"position\":2,\"name\":\"Historias que inspiran: ONG Hiperderecho\"}]},{\"@type\":\"WebSite\",\"@id\":\"https:\\\/\\\/fcctp.usmp.edu.pe\\\/noticias\\\/#website\",\"url\":\"https:\\\/\\\/fcctp.usmp.edu.pe\\\/noticias\\\/\",\"name\":\"Noticias FCCTP\",\"description\":\"Facultad de Ciencias de la Comunicaci\u00f3n, Turismo y Psicolog\u00eda\",\"publisher\":{\"@id\":\"https:\\\/\\\/fcctp.usmp.edu.pe\\\/noticias\\\/#organization\"},\"potentialAction\":[{\"@type\":\"SearchAction\",\"target\":{\"@type\":\"EntryPoint\",\"urlTemplate\":\"https:\\\/\\\/fcctp.usmp.edu.pe\\\/noticias\\\/?s={search_term_string}\"},\"query-input\":{\"@type\":\"PropertyValueSpecification\",\"valueRequired\":true,\"valueName\":\"search_term_string\"}}],\"inLanguage\":\"es-PE\"},{\"@type\":\"Organization\",\"@id\":\"https:\\\/\\\/fcctp.usmp.edu.pe\\\/noticias\\\/#organization\",\"name\":\"Facultad de Ciencias de la Comunicaci\u00f3n, Turismo y Psicolog\u00eda\",\"url\":\"https:\\\/\\\/fcctp.usmp.edu.pe\\\/noticias\\\/\",\"logo\":{\"@type\":\"ImageObject\",\"inLanguage\":\"es-PE\",\"@id\":\"https:\\\/\\\/fcctp.usmp.edu.pe\\\/noticias\\\/#\\\/schema\\\/logo\\\/image\\\/\",\"url\":\"https:\\\/\\\/fcctp.usmp.edu.pe\\\/noticias\\\/wp-content\\\/uploads\\\/2022\\\/03\\\/logoFCCTP_60.svg\",\"contentUrl\":\"https:\\\/\\\/fcctp.usmp.edu.pe\\\/noticias\\\/wp-content\\\/uploads\\\/2022\\\/03\\\/logoFCCTP_60.svg\",\"width\":347,\"height\":66,\"caption\":\"Facultad de Ciencias de la Comunicaci\u00f3n, Turismo y Psicolog\u00eda\"},\"image\":{\"@id\":\"https:\\\/\\\/fcctp.usmp.edu.pe\\\/noticias\\\/#\\\/schema\\\/logo\\\/image\\\/\"},\"sameAs\":[\"https:\\\/\\\/www.facebook.com\\\/fcctp\",\"https:\\\/\\\/x.com\\\/fcctp_usmp\",\"https:\\\/\\\/www.instagram.com\\\/fcctp_usmp\\\/\"]},{\"@type\":\"Person\",\"@id\":\"https:\\\/\\\/fcctp.usmp.edu.pe\\\/noticias\\\/#\\\/schema\\\/person\\\/61b8ffd72776c00a25323e609ff2aad6\",\"name\":\"gestornoticias\",\"image\":{\"@type\":\"ImageObject\",\"inLanguage\":\"es-PE\",\"@id\":\"https:\\\/\\\/secure.gravatar.com\\\/avatar\\\/9956d6a8168de87560ad6918838818f2c3a1995f2575285da6609a748322863c?s=96&d=mm&r=g\",\"url\":\"https:\\\/\\\/secure.gravatar.com\\\/avatar\\\/9956d6a8168de87560ad6918838818f2c3a1995f2575285da6609a748322863c?s=96&d=mm&r=g\",\"contentUrl\":\"https:\\\/\\\/secure.gravatar.com\\\/avatar\\\/9956d6a8168de87560ad6918838818f2c3a1995f2575285da6609a748322863c?s=96&d=mm&r=g\",\"caption\":\"gestornoticias\"},\"sameAs\":[\"http:\\\/\\\/noticias.test\"],\"url\":\"https:\\\/\\\/fcctp.usmp.edu.pe\\\/noticias\\\/author\\\/gestornoticias\\\/\"}]}<\/script>\n<!-- \/ Yoast SEO plugin. -->","yoast_head_json":{"title":"Historias que inspiran: ONG Hiperderecho - Noticias","robots":{"index":"index","follow":"follow","max-snippet":"max-snippet:-1","max-image-preview":"max-image-preview:large","max-video-preview":"max-video-preview:-1"},"canonical":"https:\/\/fcctp.usmp.edu.pe\/noticias\/sostenibilidad\/historias-que-inspiran-ong-hiperderecho\/","og_locale":"es_ES","og_type":"article","og_title":"Historias que inspiran: ONG Hiperderecho - Noticias","og_description":"Dilmar Villena, director legal en esta organizaci\u00f3n, abord\u00f3 el problema de la conectividad en el Per\u00fa.","og_url":"https:\/\/fcctp.usmp.edu.pe\/noticias\/sostenibilidad\/historias-que-inspiran-ong-hiperderecho\/","og_site_name":"Noticias","article_publisher":"https:\/\/www.facebook.com\/fcctp","article_published_time":"2022-02-08T17:14:00+00:00","og_image":[{"width":1110,"height":624,"url":"https:\/\/fcctp.usmp.edu.pe\/noticias\/wp-content\/uploads\/2022\/03\/historias_inspiran_ong_hiperderecho_header_1_1644531254.png","type":"image\/png"}],"author":"gestornoticias","twitter_card":"summary_large_image","twitter_creator":"@fcctp_usmp","twitter_site":"@fcctp_usmp","twitter_misc":{"Written by":"gestornoticias","Est. reading time":"5 minutos"},"schema":{"@context":"https:\/\/schema.org","@graph":[{"@type":"Article","@id":"https:\/\/fcctp.usmp.edu.pe\/noticias\/sostenibilidad\/historias-que-inspiran-ong-hiperderecho\/#article","isPartOf":{"@id":"https:\/\/fcctp.usmp.edu.pe\/noticias\/sostenibilidad\/historias-que-inspiran-ong-hiperderecho\/"},"author":{"name":"gestornoticias","@id":"https:\/\/fcctp.usmp.edu.pe\/noticias\/#\/schema\/person\/61b8ffd72776c00a25323e609ff2aad6"},"headline":"Historias que inspiran: ONG Hiperderecho","datePublished":"2022-02-08T17:14:00+00:00","mainEntityOfPage":{"@id":"https:\/\/fcctp.usmp.edu.pe\/noticias\/sostenibilidad\/historias-que-inspiran-ong-hiperderecho\/"},"wordCount":927,"commentCount":0,"publisher":{"@id":"https:\/\/fcctp.usmp.edu.pe\/noticias\/#organization"},"image":{"@id":"https:\/\/fcctp.usmp.edu.pe\/noticias\/sostenibilidad\/historias-que-inspiran-ong-hiperderecho\/#primaryimage"},"thumbnailUrl":"https:\/\/fcctp.usmp.edu.pe\/noticias\/wp-content\/uploads\/2022\/03\/historias_inspiran_ong_hiperderecho_header_1_1644531254.png","articleSection":["Sostenibilidad"],"inLanguage":"es-PE"},{"@type":"WebPage","@id":"https:\/\/fcctp.usmp.edu.pe\/noticias\/sostenibilidad\/historias-que-inspiran-ong-hiperderecho\/","url":"https:\/\/fcctp.usmp.edu.pe\/noticias\/sostenibilidad\/historias-que-inspiran-ong-hiperderecho\/","name":"Historias que inspiran: ONG Hiperderecho - Noticias","isPartOf":{"@id":"https:\/\/fcctp.usmp.edu.pe\/noticias\/#website"},"primaryImageOfPage":{"@id":"https:\/\/fcctp.usmp.edu.pe\/noticias\/sostenibilidad\/historias-que-inspiran-ong-hiperderecho\/#primaryimage"},"image":{"@id":"https:\/\/fcctp.usmp.edu.pe\/noticias\/sostenibilidad\/historias-que-inspiran-ong-hiperderecho\/#primaryimage"},"thumbnailUrl":"https:\/\/fcctp.usmp.edu.pe\/noticias\/wp-content\/uploads\/2022\/03\/historias_inspiran_ong_hiperderecho_header_1_1644531254.png","datePublished":"2022-02-08T17:14:00+00:00","breadcrumb":{"@id":"https:\/\/fcctp.usmp.edu.pe\/noticias\/sostenibilidad\/historias-que-inspiran-ong-hiperderecho\/#breadcrumb"},"inLanguage":"es-PE","potentialAction":[{"@type":"ReadAction","target":["https:\/\/fcctp.usmp.edu.pe\/noticias\/sostenibilidad\/historias-que-inspiran-ong-hiperderecho\/"]}]},{"@type":"ImageObject","inLanguage":"es-PE","@id":"https:\/\/fcctp.usmp.edu.pe\/noticias\/sostenibilidad\/historias-que-inspiran-ong-hiperderecho\/#primaryimage","url":"https:\/\/fcctp.usmp.edu.pe\/noticias\/wp-content\/uploads\/2022\/03\/historias_inspiran_ong_hiperderecho_header_1_1644531254.png","contentUrl":"https:\/\/fcctp.usmp.edu.pe\/noticias\/wp-content\/uploads\/2022\/03\/historias_inspiran_ong_hiperderecho_header_1_1644531254.png","width":1110,"height":624,"caption":"ONG Hiperderecho"},{"@type":"BreadcrumbList","@id":"https:\/\/fcctp.usmp.edu.pe\/noticias\/sostenibilidad\/historias-que-inspiran-ong-hiperderecho\/#breadcrumb","itemListElement":[{"@type":"ListItem","position":1,"name":"Portada","item":"https:\/\/fcctp.usmp.edu.pe\/noticias\/"},{"@type":"ListItem","position":2,"name":"Historias que inspiran: ONG Hiperderecho"}]},{"@type":"WebSite","@id":"https:\/\/fcctp.usmp.edu.pe\/noticias\/#website","url":"https:\/\/fcctp.usmp.edu.pe\/noticias\/","name":"Noticias FCCTP","description":"Facultad de Ciencias de la Comunicaci\u00f3n, Turismo y Psicolog\u00eda","publisher":{"@id":"https:\/\/fcctp.usmp.edu.pe\/noticias\/#organization"},"potentialAction":[{"@type":"SearchAction","target":{"@type":"EntryPoint","urlTemplate":"https:\/\/fcctp.usmp.edu.pe\/noticias\/?s={search_term_string}"},"query-input":{"@type":"PropertyValueSpecification","valueRequired":true,"valueName":"search_term_string"}}],"inLanguage":"es-PE"},{"@type":"Organization","@id":"https:\/\/fcctp.usmp.edu.pe\/noticias\/#organization","name":"Facultad de Ciencias de la Comunicaci\u00f3n, Turismo y Psicolog\u00eda","url":"https:\/\/fcctp.usmp.edu.pe\/noticias\/","logo":{"@type":"ImageObject","inLanguage":"es-PE","@id":"https:\/\/fcctp.usmp.edu.pe\/noticias\/#\/schema\/logo\/image\/","url":"https:\/\/fcctp.usmp.edu.pe\/noticias\/wp-content\/uploads\/2022\/03\/logoFCCTP_60.svg","contentUrl":"https:\/\/fcctp.usmp.edu.pe\/noticias\/wp-content\/uploads\/2022\/03\/logoFCCTP_60.svg","width":347,"height":66,"caption":"Facultad de Ciencias de la Comunicaci\u00f3n, Turismo y Psicolog\u00eda"},"image":{"@id":"https:\/\/fcctp.usmp.edu.pe\/noticias\/#\/schema\/logo\/image\/"},"sameAs":["https:\/\/www.facebook.com\/fcctp","https:\/\/x.com\/fcctp_usmp","https:\/\/www.instagram.com\/fcctp_usmp\/"]},{"@type":"Person","@id":"https:\/\/fcctp.usmp.edu.pe\/noticias\/#\/schema\/person\/61b8ffd72776c00a25323e609ff2aad6","name":"gestornoticias","image":{"@type":"ImageObject","inLanguage":"es-PE","@id":"https:\/\/secure.gravatar.com\/avatar\/9956d6a8168de87560ad6918838818f2c3a1995f2575285da6609a748322863c?s=96&d=mm&r=g","url":"https:\/\/secure.gravatar.com\/avatar\/9956d6a8168de87560ad6918838818f2c3a1995f2575285da6609a748322863c?s=96&d=mm&r=g","contentUrl":"https:\/\/secure.gravatar.com\/avatar\/9956d6a8168de87560ad6918838818f2c3a1995f2575285da6609a748322863c?s=96&d=mm&r=g","caption":"gestornoticias"},"sameAs":["http:\/\/noticias.test"],"url":"https:\/\/fcctp.usmp.edu.pe\/noticias\/author\/gestornoticias\/"}]}},"_links":{"self":[{"href":"https:\/\/fcctp.usmp.edu.pe\/noticias\/wp-json\/wp\/v2\/posts\/5779","targetHints":{"allow":["GET"]}}],"collection":[{"href":"https:\/\/fcctp.usmp.edu.pe\/noticias\/wp-json\/wp\/v2\/posts"}],"about":[{"href":"https:\/\/fcctp.usmp.edu.pe\/noticias\/wp-json\/wp\/v2\/types\/post"}],"author":[{"embeddable":true,"href":"https:\/\/fcctp.usmp.edu.pe\/noticias\/wp-json\/wp\/v2\/users\/1"}],"replies":[{"embeddable":true,"href":"https:\/\/fcctp.usmp.edu.pe\/noticias\/wp-json\/wp\/v2\/comments?post=5779"}],"version-history":[{"count":0,"href":"https:\/\/fcctp.usmp.edu.pe\/noticias\/wp-json\/wp\/v2\/posts\/5779\/revisions"}],"wp:featuredmedia":[{"embeddable":true,"href":"https:\/\/fcctp.usmp.edu.pe\/noticias\/wp-json\/wp\/v2\/media\/5780"}],"wp:attachment":[{"href":"https:\/\/fcctp.usmp.edu.pe\/noticias\/wp-json\/wp\/v2\/media?parent=5779"}],"wp:term":[{"taxonomy":"category","embeddable":true,"href":"https:\/\/fcctp.usmp.edu.pe\/noticias\/wp-json\/wp\/v2\/categories?post=5779"},{"taxonomy":"post_tag","embeddable":true,"href":"https:\/\/fcctp.usmp.edu.pe\/noticias\/wp-json\/wp\/v2\/tags?post=5779"}],"curies":[{"name":"wp","href":"https:\/\/api.w.org\/{rel}","templated":true}]}}