{"id":10105,"date":"2026-08-12T11:08:46","date_gmt":"2026-08-12T11:08:46","guid":{"rendered":"https:\/\/fcctp.usmp.edu.pe\/noticias\/?p=10105"},"modified":"2026-08-12T16:07:05","modified_gmt":"2026-08-12T16:07:05","slug":"la-fcctp-da-la-bienvenida-al-ciclo-academico-2026-ii-con-jornada-de-integracion-para-sus-estudiantes","status":"publish","type":"post","link":"https:\/\/fcctp.usmp.edu.pe\/noticias\/actividades-destacadas\/la-fcctp-da-la-bienvenida-al-ciclo-academico-2026-ii-con-jornada-de-integracion-para-sus-estudiantes\/","title":{"rendered":"La FCCTP da la bienvenida al ciclo acad\u00e9mico 2026-II con jornada de integraci\u00f3n para sus estudiantes"},"content":{"rendered":"<p>La actividad acerc\u00f3 a la comunidad estudiantil a los recursos y oportunidades institucionales que acompa\u00f1an su formaci\u00f3n acad\u00e9mica y bienestar desde el inicio del semestre.<\/p>\n<p>En el marco del inicio del ciclo acad\u00e9mico 2026-II, la Facultad de Ciencias de la Comunicaci\u00f3n, Turismo y Psicolog\u00eda (FCCTP) de la Universidad de San Mart\u00edn de Porres realiz\u00f3 una jornada de bienvenida dirigida a los estudiantes, con el prop\u00f3sito de promover la integraci\u00f3n de la comunidad estudiantil y brindar informaci\u00f3n sobre los servicios, programas y oportunidades que acompa\u00f1an su formaci\u00f3n durante su experiencia universitaria.<\/p>\n<p>En la jornada participaron representantes del Instituto de Investigaci\u00f3n (IDI), Bienestar Universitario, Empleabilidad, Internacional, Sostenibilidad, Biblioteca, Servicio Psicol\u00f3gico y Servicio M\u00e9dico. Cada unidad present\u00f3 sus principales programas e iniciativas, brindando informaci\u00f3n sobre las alternativas que los estudiantes tienen a su disposici\u00f3n.<\/p>\n<p>Los estudiantes conocieron las distintas acciones vinculadas con el bienestar f\u00edsico y emocional, los recursos acad\u00e9micos y herramientas, as\u00ed como las iniciativas orientadas a la empleabilidad, investigaci\u00f3n, sostenibilidad e internacionalizaci\u00f3n, reuniendo as\u00ed en un mismo espacio las diferentes propuestas que complementan su formaci\u00f3n acad\u00e9mica y contribuyen a una experiencia universitaria integral.<\/p>\n<p>Asimismo, la interacci\u00f3n directa con los representantes de cada unidad facilit\u00f3 la atenci\u00f3n de consultas y permiti\u00f3 conocer los canales disponibles para que los j\u00f3venes puedan acceder a sus diferentes servicios y programas. Este acercamiento busca fomentar una mayor participaci\u00f3n de los estudiantes en las actividades desarrolladas desde nuestra facultad.<\/p>\n<p>Como parte de la jornada, Kai, mascota institucional de la Facultad, comparti\u00f3 con los estudiantes y acompa\u00f1\u00f3 las actividades, sum\u00e1ndose a la celebraci\u00f3n por el inicio del ciclo acad\u00e9mico 2026-II.<\/p>\n<p>Con estas iniciativas, la Facultad de Ciencias de la Comunicaci\u00f3n, Turismo y Psicolog\u00eda reafirma su compromiso de acompa\u00f1ar a los estudiantes en cada etapa de su vida universitaria, promoviendo una experiencia formativa que articula aprendizaje, bienestar, integraci\u00f3n y oportunidades para su desarrollo profesional.<\/p>\n<div id='gallery-1' class='gallery galleryid-10105 gallery-columns-2 gallery-size-full'><figure class='gallery-item'>\n\t\t\t<div class='gallery-icon landscape'>\n\t\t\t\t<a href='https:\/\/fcctp.usmp.edu.pe\/noticias\/wp-content\/uploads\/2026\/08\/bienvenida-2026-2-01.jpg'><img loading=\"lazy\" decoding=\"async\" width=\"1200\" height=\"800\" src=\"https:\/\/fcctp.usmp.edu.pe\/noticias\/wp-content\/uploads\/2026\/08\/bienvenida-2026-2-01.jpg\" class=\"attachment-full size-full\" alt=\"\" \/><\/a>\n\t\t\t<\/div><\/figure><figure class='gallery-item'>\n\t\t\t<div class='gallery-icon landscape'>\n\t\t\t\t<a href='https:\/\/fcctp.usmp.edu.pe\/noticias\/wp-content\/uploads\/2026\/08\/bienvenida-2026-2-02.jpg'><img loading=\"lazy\" decoding=\"async\" width=\"1200\" height=\"800\" src=\"https:\/\/fcctp.usmp.edu.pe\/noticias\/wp-content\/uploads\/2026\/08\/bienvenida-2026-2-02.jpg\" class=\"attachment-full size-full\" alt=\"\" \/><\/a>\n\t\t\t<\/div><\/figure><figure class='gallery-item'>\n\t\t\t<div class='gallery-icon landscape'>\n\t\t\t\t<a href='https:\/\/fcctp.usmp.edu.pe\/noticias\/wp-content\/uploads\/2026\/08\/bienvenida-2026-2-04.jpg'><img loading=\"lazy\" decoding=\"async\" width=\"1200\" height=\"800\" src=\"https:\/\/fcctp.usmp.edu.pe\/noticias\/wp-content\/uploads\/2026\/08\/bienvenida-2026-2-04.jpg\" class=\"attachment-full size-full\" alt=\"\" \/><\/a>\n\t\t\t<\/div><\/figure><figure class='gallery-item'>\n\t\t\t<div class='gallery-icon landscape'>\n\t\t\t\t<a href='https:\/\/fcctp.usmp.edu.pe\/noticias\/wp-content\/uploads\/2026\/08\/bienvenida-2026-2-05.jpg'><img loading=\"lazy\" decoding=\"async\" width=\"1200\" height=\"800\" src=\"https:\/\/fcctp.usmp.edu.pe\/noticias\/wp-content\/uploads\/2026\/08\/bienvenida-2026-2-05.jpg\" class=\"attachment-full size-full\" alt=\"\" \/><\/a>\n\t\t\t<\/div><\/figure><figure class='gallery-item'>\n\t\t\t<div class='gallery-icon portrait'>\n\t\t\t\t<a href='https:\/\/fcctp.usmp.edu.pe\/noticias\/wp-content\/uploads\/2026\/08\/bienvenida-2026-2-03.jpg'><img loading=\"lazy\" decoding=\"async\" width=\"800\" height=\"1200\" src=\"https:\/\/fcctp.usmp.edu.pe\/noticias\/wp-content\/uploads\/2026\/08\/bienvenida-2026-2-03.jpg\" class=\"attachment-full size-full\" alt=\"\" \/><\/a>\n\t\t\t<\/div><\/figure><figure class='gallery-item'>\n\t\t\t<div class='gallery-icon portrait'>\n\t\t\t\t<a href='https:\/\/fcctp.usmp.edu.pe\/noticias\/wp-content\/uploads\/2026\/08\/bienvenida-2026-2-06.jpg'><img loading=\"lazy\" decoding=\"async\" width=\"800\" height=\"1200\" src=\"https:\/\/fcctp.usmp.edu.pe\/noticias\/wp-content\/uploads\/2026\/08\/bienvenida-2026-2-06.jpg\" class=\"attachment-full size-full\" alt=\"\" \/><\/a>\n\t\t\t<\/div><\/figure><figure class='gallery-item'>\n\t\t\t<div class='gallery-icon portrait'>\n\t\t\t\t<a href='https:\/\/fcctp.usmp.edu.pe\/noticias\/wp-content\/uploads\/2026\/08\/bienvenida-2026-2-07.jpg'><img loading=\"lazy\" decoding=\"async\" width=\"800\" height=\"1200\" src=\"https:\/\/fcctp.usmp.edu.pe\/noticias\/wp-content\/uploads\/2026\/08\/bienvenida-2026-2-07.jpg\" class=\"attachment-full size-full\" alt=\"\" \/><\/a>\n\t\t\t<\/div><\/figure>\n\t\t<\/div>\n\n","protected":false},"excerpt":{"rendered":"<p>La actividad acerc\u00f3 a la comunidad estudiantil a los recursos y oportunidades institucionales que acompa\u00f1an su formaci\u00f3n acad\u00e9mica y bienestar desde el inicio del semestre. En el marco del inicio del ciclo acad\u00e9mico 2026-II, la Facultad de Ciencias de la Comunicaci\u00f3n, Turismo y Psicolog\u00eda (FCCTP) de la Universidad de San Mart\u00edn de Porres realiz\u00f3 una &#8230; <a title=\"La FCCTP da la bienvenida al ciclo acad\u00e9mico 2026-II con jornada de integraci\u00f3n para sus estudiantes\" class=\"read-more\" href=\"https:\/\/fcctp.usmp.edu.pe\/noticias\/actividades-destacadas\/la-fcctp-da-la-bienvenida-al-ciclo-academico-2026-ii-con-jornada-de-integracion-para-sus-estudiantes\/\" aria-label=\"More on La FCCTP da la bienvenida al ciclo acad\u00e9mico 2026-II con jornada de integraci\u00f3n para sus estudiantes\">Read more<\/a><\/p>\n","protected":false},"author":2,"featured_media":10116,"comment_status":"closed","ping_status":"closed","sticky":false,"template":"","format":"standard","meta":{"footnotes":""},"categories":[31,35],"tags":[147,47,46],"class_list":["post-10105","post","type-post","status-publish","format-standard","has-post-thumbnail","hentry","category-actividades-destacadas","category-actualidad","tag-fcctp","tag-home-fcctp","tag-lo-mas-destacado"],"yoast_head":"<!-- This site is optimized with the Yoast SEO plugin v28.3 - https:\/\/yoast.com\/product\/yoast-seo-wordpress\/ -->\n<title>La FCCTP da la bienvenida al ciclo acad\u00e9mico 2026-II con jornada de integraci\u00f3n para sus estudiantes - Noticias<\/title>\n<meta name=\"robots\" content=\"index, follow, max-snippet:-1, max-image-preview:large, max-video-preview:-1\" \/>\n<link rel=\"canonical\" href=\"https:\/\/fcctp.usmp.edu.pe\/noticias\/actividades-destacadas\/la-fcctp-da-la-bienvenida-al-ciclo-academico-2026-ii-con-jornada-de-integracion-para-sus-estudiantes\/\" \/>\n<meta property=\"og:locale\" content=\"es_ES\" \/>\n<meta property=\"og:type\" content=\"article\" \/>\n<meta property=\"og:title\" content=\"La FCCTP da la bienvenida al ciclo acad\u00e9mico 2026-II con jornada de integraci\u00f3n para sus estudiantes - Noticias\" \/>\n<meta property=\"og:description\" content=\"La actividad acerc\u00f3 a la comunidad estudiantil a los recursos y oportunidades institucionales que acompa\u00f1an su formaci\u00f3n acad\u00e9mica y bienestar desde el inicio del semestre. En el marco del inicio del ciclo acad\u00e9mico 2026-II, la Facultad de Ciencias de la Comunicaci\u00f3n, Turismo y Psicolog\u00eda (FCCTP) de la Universidad de San Mart\u00edn de Porres realiz\u00f3 una ... Read more\" \/>\n<meta property=\"og:url\" content=\"https:\/\/fcctp.usmp.edu.pe\/noticias\/actividades-destacadas\/la-fcctp-da-la-bienvenida-al-ciclo-academico-2026-ii-con-jornada-de-integracion-para-sus-estudiantes\/\" \/>\n<meta property=\"og:site_name\" content=\"Noticias\" \/>\n<meta property=\"article:publisher\" content=\"https:\/\/www.facebook.com\/fcctp\" \/>\n<meta property=\"article:published_time\" content=\"2026-08-12T11:08:46+00:00\" \/>\n<meta property=\"article:modified_time\" content=\"2026-08-12T16:07:05+00:00\" \/>\n<meta property=\"og:image\" content=\"https:\/\/fcctp.usmp.edu.pe\/noticias\/wp-content\/uploads\/2026\/08\/bienvenida-2026-2-portada.jpg\" \/>\n\t<meta property=\"og:image:width\" content=\"720\" \/>\n\t<meta property=\"og:image:height\" content=\"450\" \/>\n\t<meta property=\"og:image:type\" content=\"image\/jpeg\" \/>\n<meta name=\"author\" content=\"Omar Huaman\" \/>\n<meta name=\"twitter:card\" content=\"summary_large_image\" \/>\n<meta name=\"twitter:creator\" content=\"@fcctp_usmp\" \/>\n<meta name=\"twitter:site\" content=\"@fcctp_usmp\" \/>\n<meta name=\"twitter:label1\" content=\"Written by\" \/>\n\t<meta name=\"twitter:data1\" content=\"Omar Huaman\" \/>\n\t<meta name=\"twitter:label2\" content=\"Est. reading time\" \/>\n\t<meta name=\"twitter:data2\" content=\"2 minutos\" \/>\n<script type=\"application\/ld+json\" class=\"yoast-schema-graph\">{\"@context\":\"https:\\\/\\\/schema.org\",\"@graph\":[{\"@type\":\"Article\",\"@id\":\"https:\\\/\\\/fcctp.usmp.edu.pe\\\/noticias\\\/actividades-destacadas\\\/la-fcctp-da-la-bienvenida-al-ciclo-academico-2026-ii-con-jornada-de-integracion-para-sus-estudiantes\\\/#article\",\"isPartOf\":{\"@id\":\"https:\\\/\\\/fcctp.usmp.edu.pe\\\/noticias\\\/actividades-destacadas\\\/la-fcctp-da-la-bienvenida-al-ciclo-academico-2026-ii-con-jornada-de-integracion-para-sus-estudiantes\\\/\"},\"author\":{\"name\":\"Omar Huaman\",\"@id\":\"https:\\\/\\\/fcctp.usmp.edu.pe\\\/noticias\\\/#\\\/schema\\\/person\\\/4fdff53bd44bf6f645fe381e079e1252\"},\"headline\":\"La FCCTP da la bienvenida al ciclo acad\u00e9mico 2026-II con jornada de integraci\u00f3n para sus estudiantes\",\"datePublished\":\"2026-08-12T11:08:46+00:00\",\"dateModified\":\"2026-08-12T16:07:05+00:00\",\"mainEntityOfPage\":{\"@id\":\"https:\\\/\\\/fcctp.usmp.edu.pe\\\/noticias\\\/actividades-destacadas\\\/la-fcctp-da-la-bienvenida-al-ciclo-academico-2026-ii-con-jornada-de-integracion-para-sus-estudiantes\\\/\"},\"wordCount\":364,\"publisher\":{\"@id\":\"https:\\\/\\\/fcctp.usmp.edu.pe\\\/noticias\\\/#organization\"},\"image\":{\"@id\":\"https:\\\/\\\/fcctp.usmp.edu.pe\\\/noticias\\\/actividades-destacadas\\\/la-fcctp-da-la-bienvenida-al-ciclo-academico-2026-ii-con-jornada-de-integracion-para-sus-estudiantes\\\/#primaryimage\"},\"thumbnailUrl\":\"https:\\\/\\\/fcctp.usmp.edu.pe\\\/noticias\\\/wp-content\\\/uploads\\\/2026\\\/08\\\/bienvenida-2026-2-portada.jpg\",\"keywords\":[\"FCCTP\",\"Home FCCTP\",\"Lo mas destacado\"],\"articleSection\":[\"Actividades destacadas\",\"Actualidad\"],\"inLanguage\":\"es-PE\"},{\"@type\":\"WebPage\",\"@id\":\"https:\\\/\\\/fcctp.usmp.edu.pe\\\/noticias\\\/actividades-destacadas\\\/la-fcctp-da-la-bienvenida-al-ciclo-academico-2026-ii-con-jornada-de-integracion-para-sus-estudiantes\\\/\",\"url\":\"https:\\\/\\\/fcctp.usmp.edu.pe\\\/noticias\\\/actividades-destacadas\\\/la-fcctp-da-la-bienvenida-al-ciclo-academico-2026-ii-con-jornada-de-integracion-para-sus-estudiantes\\\/\",\"name\":\"La FCCTP da la bienvenida al ciclo acad\u00e9mico 2026-II con jornada de integraci\u00f3n para sus estudiantes - Noticias\",\"isPartOf\":{\"@id\":\"https:\\\/\\\/fcctp.usmp.edu.pe\\\/noticias\\\/#website\"},\"primaryImageOfPage\":{\"@id\":\"https:\\\/\\\/fcctp.usmp.edu.pe\\\/noticias\\\/actividades-destacadas\\\/la-fcctp-da-la-bienvenida-al-ciclo-academico-2026-ii-con-jornada-de-integracion-para-sus-estudiantes\\\/#primaryimage\"},\"image\":{\"@id\":\"https:\\\/\\\/fcctp.usmp.edu.pe\\\/noticias\\\/actividades-destacadas\\\/la-fcctp-da-la-bienvenida-al-ciclo-academico-2026-ii-con-jornada-de-integracion-para-sus-estudiantes\\\/#primaryimage\"},\"thumbnailUrl\":\"https:\\\/\\\/fcctp.usmp.edu.pe\\\/noticias\\\/wp-content\\\/uploads\\\/2026\\\/08\\\/bienvenida-2026-2-portada.jpg\",\"datePublished\":\"2026-08-12T11:08:46+00:00\",\"dateModified\":\"2026-08-12T16:07:05+00:00\",\"breadcrumb\":{\"@id\":\"https:\\\/\\\/fcctp.usmp.edu.pe\\\/noticias\\\/actividades-destacadas\\\/la-fcctp-da-la-bienvenida-al-ciclo-academico-2026-ii-con-jornada-de-integracion-para-sus-estudiantes\\\/#breadcrumb\"},\"inLanguage\":\"es-PE\",\"potentialAction\":[{\"@type\":\"ReadAction\",\"target\":[\"https:\\\/\\\/fcctp.usmp.edu.pe\\\/noticias\\\/actividades-destacadas\\\/la-fcctp-da-la-bienvenida-al-ciclo-academico-2026-ii-con-jornada-de-integracion-para-sus-estudiantes\\\/\"]}]},{\"@type\":\"ImageObject\",\"inLanguage\":\"es-PE\",\"@id\":\"https:\\\/\\\/fcctp.usmp.edu.pe\\\/noticias\\\/actividades-destacadas\\\/la-fcctp-da-la-bienvenida-al-ciclo-academico-2026-ii-con-jornada-de-integracion-para-sus-estudiantes\\\/#primaryimage\",\"url\":\"https:\\\/\\\/fcctp.usmp.edu.pe\\\/noticias\\\/wp-content\\\/uploads\\\/2026\\\/08\\\/bienvenida-2026-2-portada.jpg\",\"contentUrl\":\"https:\\\/\\\/fcctp.usmp.edu.pe\\\/noticias\\\/wp-content\\\/uploads\\\/2026\\\/08\\\/bienvenida-2026-2-portada.jpg\",\"width\":720,\"height\":450},{\"@type\":\"BreadcrumbList\",\"@id\":\"https:\\\/\\\/fcctp.usmp.edu.pe\\\/noticias\\\/actividades-destacadas\\\/la-fcctp-da-la-bienvenida-al-ciclo-academico-2026-ii-con-jornada-de-integracion-para-sus-estudiantes\\\/#breadcrumb\",\"itemListElement\":[{\"@type\":\"ListItem\",\"position\":1,\"name\":\"Portada\",\"item\":\"https:\\\/\\\/fcctp.usmp.edu.pe\\\/noticias\\\/\"},{\"@type\":\"ListItem\",\"position\":2,\"name\":\"La FCCTP da la bienvenida al ciclo acad\u00e9mico 2026-II con jornada de integraci\u00f3n para sus estudiantes\"}]},{\"@type\":\"WebSite\",\"@id\":\"https:\\\/\\\/fcctp.usmp.edu.pe\\\/noticias\\\/#website\",\"url\":\"https:\\\/\\\/fcctp.usmp.edu.pe\\\/noticias\\\/\",\"name\":\"Noticias FCCTP\",\"description\":\"Facultad de Ciencias de la Comunicaci\u00f3n, Turismo y Psicolog\u00eda\",\"publisher\":{\"@id\":\"https:\\\/\\\/fcctp.usmp.edu.pe\\\/noticias\\\/#organization\"},\"potentialAction\":[{\"@type\":\"SearchAction\",\"target\":{\"@type\":\"EntryPoint\",\"urlTemplate\":\"https:\\\/\\\/fcctp.usmp.edu.pe\\\/noticias\\\/?s={search_term_string}\"},\"query-input\":{\"@type\":\"PropertyValueSpecification\",\"valueRequired\":true,\"valueName\":\"search_term_string\"}}],\"inLanguage\":\"es-PE\"},{\"@type\":\"Organization\",\"@id\":\"https:\\\/\\\/fcctp.usmp.edu.pe\\\/noticias\\\/#organization\",\"name\":\"Facultad de Ciencias de la Comunicaci\u00f3n, Turismo y Psicolog\u00eda\",\"url\":\"https:\\\/\\\/fcctp.usmp.edu.pe\\\/noticias\\\/\",\"logo\":{\"@type\":\"ImageObject\",\"inLanguage\":\"es-PE\",\"@id\":\"https:\\\/\\\/fcctp.usmp.edu.pe\\\/noticias\\\/#\\\/schema\\\/logo\\\/image\\\/\",\"url\":\"https:\\\/\\\/fcctp.usmp.edu.pe\\\/noticias\\\/wp-content\\\/uploads\\\/2022\\\/03\\\/logoFCCTP_60.svg\",\"contentUrl\":\"https:\\\/\\\/fcctp.usmp.edu.pe\\\/noticias\\\/wp-content\\\/uploads\\\/2022\\\/03\\\/logoFCCTP_60.svg\",\"width\":347,\"height\":66,\"caption\":\"Facultad de Ciencias de la Comunicaci\u00f3n, Turismo y Psicolog\u00eda\"},\"image\":{\"@id\":\"https:\\\/\\\/fcctp.usmp.edu.pe\\\/noticias\\\/#\\\/schema\\\/logo\\\/image\\\/\"},\"sameAs\":[\"https:\\\/\\\/www.facebook.com\\\/fcctp\",\"https:\\\/\\\/x.com\\\/fcctp_usmp\",\"https:\\\/\\\/www.instagram.com\\\/fcctp_usmp\\\/\"]},{\"@type\":\"Person\",\"@id\":\"https:\\\/\\\/fcctp.usmp.edu.pe\\\/noticias\\\/#\\\/schema\\\/person\\\/4fdff53bd44bf6f645fe381e079e1252\",\"name\":\"Omar Huaman\",\"image\":{\"@type\":\"ImageObject\",\"inLanguage\":\"es-PE\",\"@id\":\"https:\\\/\\\/secure.gravatar.com\\\/avatar\\\/1ec290616e6e3dc043e286f62b87c0f992c4889ead141b3e3dfc70d018a983e0?s=96&d=mm&r=g\",\"url\":\"https:\\\/\\\/secure.gravatar.com\\\/avatar\\\/1ec290616e6e3dc043e286f62b87c0f992c4889ead141b3e3dfc70d018a983e0?s=96&d=mm&r=g\",\"contentUrl\":\"https:\\\/\\\/secure.gravatar.com\\\/avatar\\\/1ec290616e6e3dc043e286f62b87c0f992c4889ead141b3e3dfc70d018a983e0?s=96&d=mm&r=g\",\"caption\":\"Omar Huaman\"},\"url\":\"https:\\\/\\\/fcctp.usmp.edu.pe\\\/noticias\\\/author\\\/notieditor\\\/\"}]}<\/script>\n<!-- \/ Yoast SEO plugin. -->","yoast_head_json":{"title":"La FCCTP da la bienvenida al ciclo acad\u00e9mico 2026-II con jornada de integraci\u00f3n para sus estudiantes - Noticias","robots":{"index":"index","follow":"follow","max-snippet":"max-snippet:-1","max-image-preview":"max-image-preview:large","max-video-preview":"max-video-preview:-1"},"canonical":"https:\/\/fcctp.usmp.edu.pe\/noticias\/actividades-destacadas\/la-fcctp-da-la-bienvenida-al-ciclo-academico-2026-ii-con-jornada-de-integracion-para-sus-estudiantes\/","og_locale":"es_ES","og_type":"article","og_title":"La FCCTP da la bienvenida al ciclo acad\u00e9mico 2026-II con jornada de integraci\u00f3n para sus estudiantes - Noticias","og_description":"La actividad acerc\u00f3 a la comunidad estudiantil a los recursos y oportunidades institucionales que acompa\u00f1an su formaci\u00f3n acad\u00e9mica y bienestar desde el inicio del semestre. En el marco del inicio del ciclo acad\u00e9mico 2026-II, la Facultad de Ciencias de la Comunicaci\u00f3n, Turismo y Psicolog\u00eda (FCCTP) de la Universidad de San Mart\u00edn de Porres realiz\u00f3 una ... Read more","og_url":"https:\/\/fcctp.usmp.edu.pe\/noticias\/actividades-destacadas\/la-fcctp-da-la-bienvenida-al-ciclo-academico-2026-ii-con-jornada-de-integracion-para-sus-estudiantes\/","og_site_name":"Noticias","article_publisher":"https:\/\/www.facebook.com\/fcctp","article_published_time":"2026-08-12T11:08:46+00:00","article_modified_time":"2026-08-12T16:07:05+00:00","og_image":[{"width":720,"height":450,"url":"https:\/\/fcctp.usmp.edu.pe\/noticias\/wp-content\/uploads\/2026\/08\/bienvenida-2026-2-portada.jpg","type":"image\/jpeg"}],"author":"Omar Huaman","twitter_card":"summary_large_image","twitter_creator":"@fcctp_usmp","twitter_site":"@fcctp_usmp","twitter_misc":{"Written by":"Omar Huaman","Est. reading time":"2 minutos"},"schema":{"@context":"https:\/\/schema.org","@graph":[{"@type":"Article","@id":"https:\/\/fcctp.usmp.edu.pe\/noticias\/actividades-destacadas\/la-fcctp-da-la-bienvenida-al-ciclo-academico-2026-ii-con-jornada-de-integracion-para-sus-estudiantes\/#article","isPartOf":{"@id":"https:\/\/fcctp.usmp.edu.pe\/noticias\/actividades-destacadas\/la-fcctp-da-la-bienvenida-al-ciclo-academico-2026-ii-con-jornada-de-integracion-para-sus-estudiantes\/"},"author":{"name":"Omar Huaman","@id":"https:\/\/fcctp.usmp.edu.pe\/noticias\/#\/schema\/person\/4fdff53bd44bf6f645fe381e079e1252"},"headline":"La FCCTP da la bienvenida al ciclo acad\u00e9mico 2026-II con jornada de integraci\u00f3n para sus estudiantes","datePublished":"2026-08-12T11:08:46+00:00","dateModified":"2026-08-12T16:07:05+00:00","mainEntityOfPage":{"@id":"https:\/\/fcctp.usmp.edu.pe\/noticias\/actividades-destacadas\/la-fcctp-da-la-bienvenida-al-ciclo-academico-2026-ii-con-jornada-de-integracion-para-sus-estudiantes\/"},"wordCount":364,"publisher":{"@id":"https:\/\/fcctp.usmp.edu.pe\/noticias\/#organization"},"image":{"@id":"https:\/\/fcctp.usmp.edu.pe\/noticias\/actividades-destacadas\/la-fcctp-da-la-bienvenida-al-ciclo-academico-2026-ii-con-jornada-de-integracion-para-sus-estudiantes\/#primaryimage"},"thumbnailUrl":"https:\/\/fcctp.usmp.edu.pe\/noticias\/wp-content\/uploads\/2026\/08\/bienvenida-2026-2-portada.jpg","keywords":["FCCTP","Home FCCTP","Lo mas destacado"],"articleSection":["Actividades destacadas","Actualidad"],"inLanguage":"es-PE"},{"@type":"WebPage","@id":"https:\/\/fcctp.usmp.edu.pe\/noticias\/actividades-destacadas\/la-fcctp-da-la-bienvenida-al-ciclo-academico-2026-ii-con-jornada-de-integracion-para-sus-estudiantes\/","url":"https:\/\/fcctp.usmp.edu.pe\/noticias\/actividades-destacadas\/la-fcctp-da-la-bienvenida-al-ciclo-academico-2026-ii-con-jornada-de-integracion-para-sus-estudiantes\/","name":"La FCCTP da la bienvenida al ciclo acad\u00e9mico 2026-II con jornada de integraci\u00f3n para sus estudiantes - Noticias","isPartOf":{"@id":"https:\/\/fcctp.usmp.edu.pe\/noticias\/#website"},"primaryImageOfPage":{"@id":"https:\/\/fcctp.usmp.edu.pe\/noticias\/actividades-destacadas\/la-fcctp-da-la-bienvenida-al-ciclo-academico-2026-ii-con-jornada-de-integracion-para-sus-estudiantes\/#primaryimage"},"image":{"@id":"https:\/\/fcctp.usmp.edu.pe\/noticias\/actividades-destacadas\/la-fcctp-da-la-bienvenida-al-ciclo-academico-2026-ii-con-jornada-de-integracion-para-sus-estudiantes\/#primaryimage"},"thumbnailUrl":"https:\/\/fcctp.usmp.edu.pe\/noticias\/wp-content\/uploads\/2026\/08\/bienvenida-2026-2-portada.jpg","datePublished":"2026-08-12T11:08:46+00:00","dateModified":"2026-08-12T16:07:05+00:00","breadcrumb":{"@id":"https:\/\/fcctp.usmp.edu.pe\/noticias\/actividades-destacadas\/la-fcctp-da-la-bienvenida-al-ciclo-academico-2026-ii-con-jornada-de-integracion-para-sus-estudiantes\/#breadcrumb"},"inLanguage":"es-PE","potentialAction":[{"@type":"ReadAction","target":["https:\/\/fcctp.usmp.edu.pe\/noticias\/actividades-destacadas\/la-fcctp-da-la-bienvenida-al-ciclo-academico-2026-ii-con-jornada-de-integracion-para-sus-estudiantes\/"]}]},{"@type":"ImageObject","inLanguage":"es-PE","@id":"https:\/\/fcctp.usmp.edu.pe\/noticias\/actividades-destacadas\/la-fcctp-da-la-bienvenida-al-ciclo-academico-2026-ii-con-jornada-de-integracion-para-sus-estudiantes\/#primaryimage","url":"https:\/\/fcctp.usmp.edu.pe\/noticias\/wp-content\/uploads\/2026\/08\/bienvenida-2026-2-portada.jpg","contentUrl":"https:\/\/fcctp.usmp.edu.pe\/noticias\/wp-content\/uploads\/2026\/08\/bienvenida-2026-2-portada.jpg","width":720,"height":450},{"@type":"BreadcrumbList","@id":"https:\/\/fcctp.usmp.edu.pe\/noticias\/actividades-destacadas\/la-fcctp-da-la-bienvenida-al-ciclo-academico-2026-ii-con-jornada-de-integracion-para-sus-estudiantes\/#breadcrumb","itemListElement":[{"@type":"ListItem","position":1,"name":"Portada","item":"https:\/\/fcctp.usmp.edu.pe\/noticias\/"},{"@type":"ListItem","position":2,"name":"La FCCTP da la bienvenida al ciclo acad\u00e9mico 2026-II con jornada de integraci\u00f3n para sus estudiantes"}]},{"@type":"WebSite","@id":"https:\/\/fcctp.usmp.edu.pe\/noticias\/#website","url":"https:\/\/fcctp.usmp.edu.pe\/noticias\/","name":"Noticias FCCTP","description":"Facultad de Ciencias de la Comunicaci\u00f3n, Turismo y Psicolog\u00eda","publisher":{"@id":"https:\/\/fcctp.usmp.edu.pe\/noticias\/#organization"},"potentialAction":[{"@type":"SearchAction","target":{"@type":"EntryPoint","urlTemplate":"https:\/\/fcctp.usmp.edu.pe\/noticias\/?s={search_term_string}"},"query-input":{"@type":"PropertyValueSpecification","valueRequired":true,"valueName":"search_term_string"}}],"inLanguage":"es-PE"},{"@type":"Organization","@id":"https:\/\/fcctp.usmp.edu.pe\/noticias\/#organization","name":"Facultad de Ciencias de la Comunicaci\u00f3n, Turismo y Psicolog\u00eda","url":"https:\/\/fcctp.usmp.edu.pe\/noticias\/","logo":{"@type":"ImageObject","inLanguage":"es-PE","@id":"https:\/\/fcctp.usmp.edu.pe\/noticias\/#\/schema\/logo\/image\/","url":"https:\/\/fcctp.usmp.edu.pe\/noticias\/wp-content\/uploads\/2022\/03\/logoFCCTP_60.svg","contentUrl":"https:\/\/fcctp.usmp.edu.pe\/noticias\/wp-content\/uploads\/2022\/03\/logoFCCTP_60.svg","width":347,"height":66,"caption":"Facultad de Ciencias de la Comunicaci\u00f3n, Turismo y Psicolog\u00eda"},"image":{"@id":"https:\/\/fcctp.usmp.edu.pe\/noticias\/#\/schema\/logo\/image\/"},"sameAs":["https:\/\/www.facebook.com\/fcctp","https:\/\/x.com\/fcctp_usmp","https:\/\/www.instagram.com\/fcctp_usmp\/"]},{"@type":"Person","@id":"https:\/\/fcctp.usmp.edu.pe\/noticias\/#\/schema\/person\/4fdff53bd44bf6f645fe381e079e1252","name":"Omar Huaman","image":{"@type":"ImageObject","inLanguage":"es-PE","@id":"https:\/\/secure.gravatar.com\/avatar\/1ec290616e6e3dc043e286f62b87c0f992c4889ead141b3e3dfc70d018a983e0?s=96&d=mm&r=g","url":"https:\/\/secure.gravatar.com\/avatar\/1ec290616e6e3dc043e286f62b87c0f992c4889ead141b3e3dfc70d018a983e0?s=96&d=mm&r=g","contentUrl":"https:\/\/secure.gravatar.com\/avatar\/1ec290616e6e3dc043e286f62b87c0f992c4889ead141b3e3dfc70d018a983e0?s=96&d=mm&r=g","caption":"Omar Huaman"},"url":"https:\/\/fcctp.usmp.edu.pe\/noticias\/author\/notieditor\/"}]}},"_links":{"self":[{"href":"https:\/\/fcctp.usmp.edu.pe\/noticias\/wp-json\/wp\/v2\/posts\/10105","targetHints":{"allow":["GET"]}}],"collection":[{"href":"https:\/\/fcctp.usmp.edu.pe\/noticias\/wp-json\/wp\/v2\/posts"}],"about":[{"href":"https:\/\/fcctp.usmp.edu.pe\/noticias\/wp-json\/wp\/v2\/types\/post"}],"author":[{"embeddable":true,"href":"https:\/\/fcctp.usmp.edu.pe\/noticias\/wp-json\/wp\/v2\/users\/2"}],"replies":[{"embeddable":true,"href":"https:\/\/fcctp.usmp.edu.pe\/noticias\/wp-json\/wp\/v2\/comments?post=10105"}],"version-history":[{"count":4,"href":"https:\/\/fcctp.usmp.edu.pe\/noticias\/wp-json\/wp\/v2\/posts\/10105\/revisions"}],"predecessor-version":[{"id":10117,"href":"https:\/\/fcctp.usmp.edu.pe\/noticias\/wp-json\/wp\/v2\/posts\/10105\/revisions\/10117"}],"wp:featuredmedia":[{"embeddable":true,"href":"https:\/\/fcctp.usmp.edu.pe\/noticias\/wp-json\/wp\/v2\/media\/10116"}],"wp:attachment":[{"href":"https:\/\/fcctp.usmp.edu.pe\/noticias\/wp-json\/wp\/v2\/media?parent=10105"}],"wp:term":[{"taxonomy":"category","embeddable":true,"href":"https:\/\/fcctp.usmp.edu.pe\/noticias\/wp-json\/wp\/v2\/categories?post=10105"},{"taxonomy":"post_tag","embeddable":true,"href":"https:\/\/fcctp.usmp.edu.pe\/noticias\/wp-json\/wp\/v2\/tags?post=10105"}],"curies":[{"name":"wp","href":"https:\/\/api.w.org\/{rel}","templated":true}]}}