{"id":10081,"date":"2026-05-20T14:01:15","date_gmt":"2026-05-20T14:01:15","guid":{"rendered":"https:\/\/fcctp.usmp.edu.pe\/noticias\/?p=10081"},"modified":"2026-05-20T14:01:15","modified_gmt":"2026-05-20T14:01:15","slug":"estudiantes-de-la-fcctp-fortalecieron-su-empleabilidad-a-traves-de-talleres-y-feria-laboral","status":"publish","type":"post","link":"https:\/\/fcctp.usmp.edu.pe\/noticias\/actividades-destacadas\/estudiantes-de-la-fcctp-fortalecieron-su-empleabilidad-a-traves-de-talleres-y-feria-laboral\/","title":{"rendered":"Estudiantes de la FCCTP fortalecieron su empleabilidad a trav\u00e9s de talleres y feria laboral"},"content":{"rendered":"<p>Con el objetivo de fortalecer la empleabilidad y acercar a los estudiantes al entorno laboral, el Centro de Empleabilidad de la Facultad de Ciencias de la Comunicaci\u00f3n, Turismo y Psicolog\u00eda de la Universidad de San Mart\u00edn de Porres desarroll\u00f3 \u201cConecta Talento\u201d, una iniciativa que reuni\u00f3 talleres especializados y una feria laboral orientados al desarrollo profesional de la comunidad estudiantil.<\/p>\n<p>Las actividades se realizaron los d\u00edas 11 y 15 de mayo y estuvieron enfocadas en brindar herramientas, experiencias y oportunidades de inserci\u00f3n laboral para estudiantes y egresados de las diferentes escuelas profesionales de la facultad.<\/p>\n<p>Como parte de la programaci\u00f3n, se llevaron a cabo talleres y charlas a cargo de profesionales invitados, quienes compartieron experiencias y conocimientos vinculados al ejercicio profesional en distintos sectores. Entre los participantes destacaron Jackeline Olivo Belsuzarri, directora de Acompa\u00f1\u00e9monos Centro Psicol\u00f3gico Terap\u00e9utico Virtual; Jorge Quiroz, director de proyectos audiovisuales; y Manuel Saravia, psic\u00f3logo terap\u00e9utico del Instituto Gestalt.<\/p>\n<p>Asimismo, el 15 de mayo se desarroll\u00f3 la Feria Laboral FCCTP, espacio que permiti\u00f3 a los estudiantes conectar directamente con empresas, conocer convocatorias vigentes y recibir orientaci\u00f3n para fortalecer su perfil profesional y ampliar sus oportunidades de empleabilidad.<\/p>\n<p>A trav\u00e9s de estas iniciativas, la FCCTP promueve espacios que fortalecen competencias, vinculaci\u00f3n con el sector profesional y preparaci\u00f3n para los desaf\u00edos del mercado laboral actual.<\/p>\n<div id='gallery-1' class='gallery galleryid-10081 gallery-columns-2 gallery-size-full'><figure class='gallery-item'>\n\t\t\t<div class='gallery-icon landscape'>\n\t\t\t\t<a href='https:\/\/fcctp.usmp.edu.pe\/noticias\/wp-content\/uploads\/2026\/05\/ferial-aboral-02.jpg'><img loading=\"lazy\" decoding=\"async\" width=\"1024\" height=\"700\" src=\"https:\/\/fcctp.usmp.edu.pe\/noticias\/wp-content\/uploads\/2026\/05\/ferial-aboral-02.jpg\" class=\"attachment-full size-full\" alt=\"\" \/><\/a>\n\t\t\t<\/div><\/figure><figure class='gallery-item'>\n\t\t\t<div class='gallery-icon landscape'>\n\t\t\t\t<a href='https:\/\/fcctp.usmp.edu.pe\/noticias\/wp-content\/uploads\/2026\/05\/ferial-aboral-03.jpg'><img loading=\"lazy\" decoding=\"async\" width=\"1024\" height=\"700\" src=\"https:\/\/fcctp.usmp.edu.pe\/noticias\/wp-content\/uploads\/2026\/05\/ferial-aboral-03.jpg\" class=\"attachment-full size-full\" alt=\"\" \/><\/a>\n\t\t\t<\/div><\/figure><figure class='gallery-item'>\n\t\t\t<div class='gallery-icon portrait'>\n\t\t\t\t<a href='https:\/\/fcctp.usmp.edu.pe\/noticias\/wp-content\/uploads\/2026\/05\/ferial-aboral-04.jpg'><img loading=\"lazy\" decoding=\"async\" width=\"800\" height=\"1000\" src=\"https:\/\/fcctp.usmp.edu.pe\/noticias\/wp-content\/uploads\/2026\/05\/ferial-aboral-04.jpg\" class=\"attachment-full size-full\" alt=\"\" \/><\/a>\n\t\t\t<\/div><\/figure><figure class='gallery-item'>\n\t\t\t<div class='gallery-icon portrait'>\n\t\t\t\t<a href='https:\/\/fcctp.usmp.edu.pe\/noticias\/wp-content\/uploads\/2026\/05\/ferial-aboral-05.jpg'><img loading=\"lazy\" decoding=\"async\" width=\"800\" height=\"1000\" src=\"https:\/\/fcctp.usmp.edu.pe\/noticias\/wp-content\/uploads\/2026\/05\/ferial-aboral-05.jpg\" class=\"attachment-full size-full\" alt=\"\" \/><\/a>\n\t\t\t<\/div><\/figure><figure class='gallery-item'>\n\t\t\t<div class='gallery-icon landscape'>\n\t\t\t\t<a href='https:\/\/fcctp.usmp.edu.pe\/noticias\/wp-content\/uploads\/2026\/05\/ferial-aboral-06.jpg'><img loading=\"lazy\" decoding=\"async\" width=\"1024\" height=\"700\" src=\"https:\/\/fcctp.usmp.edu.pe\/noticias\/wp-content\/uploads\/2026\/05\/ferial-aboral-06.jpg\" class=\"attachment-full size-full\" alt=\"\" \/><\/a>\n\t\t\t<\/div><\/figure><figure class='gallery-item'>\n\t\t\t<div class='gallery-icon landscape'>\n\t\t\t\t<a href='https:\/\/fcctp.usmp.edu.pe\/noticias\/wp-content\/uploads\/2026\/05\/ferial-aboral-07.jpg'><img loading=\"lazy\" decoding=\"async\" width=\"1024\" height=\"700\" src=\"https:\/\/fcctp.usmp.edu.pe\/noticias\/wp-content\/uploads\/2026\/05\/ferial-aboral-07.jpg\" class=\"attachment-full size-full\" alt=\"\" \/><\/a>\n\t\t\t<\/div><\/figure><figure class='gallery-item'>\n\t\t\t<div class='gallery-icon landscape'>\n\t\t\t\t<a href='https:\/\/fcctp.usmp.edu.pe\/noticias\/wp-content\/uploads\/2026\/05\/ferial-aboral-08.jpg'><img loading=\"lazy\" decoding=\"async\" width=\"1024\" height=\"700\" src=\"https:\/\/fcctp.usmp.edu.pe\/noticias\/wp-content\/uploads\/2026\/05\/ferial-aboral-08.jpg\" class=\"attachment-full size-full\" alt=\"\" \/><\/a>\n\t\t\t<\/div><\/figure><figure class='gallery-item'>\n\t\t\t<div class='gallery-icon landscape'>\n\t\t\t\t<a href='https:\/\/fcctp.usmp.edu.pe\/noticias\/wp-content\/uploads\/2026\/05\/ferial-aboral-09.jpg'><img loading=\"lazy\" decoding=\"async\" width=\"1024\" height=\"700\" src=\"https:\/\/fcctp.usmp.edu.pe\/noticias\/wp-content\/uploads\/2026\/05\/ferial-aboral-09.jpg\" class=\"attachment-full size-full\" alt=\"\" \/><\/a>\n\t\t\t<\/div><\/figure>\n\t\t<\/div>\n\n","protected":false},"excerpt":{"rendered":"<p>Con el objetivo de fortalecer la empleabilidad y acercar a los estudiantes al entorno laboral, el Centro de Empleabilidad de la Facultad de Ciencias de la Comunicaci\u00f3n, Turismo y Psicolog\u00eda de la Universidad de San Mart\u00edn de Porres desarroll\u00f3 \u201cConecta Talento\u201d, una iniciativa que reuni\u00f3 talleres especializados y una feria laboral orientados al desarrollo profesional &#8230; <a title=\"Estudiantes de la FCCTP fortalecieron su empleabilidad a trav\u00e9s de talleres y feria laboral\" class=\"read-more\" href=\"https:\/\/fcctp.usmp.edu.pe\/noticias\/actividades-destacadas\/estudiantes-de-la-fcctp-fortalecieron-su-empleabilidad-a-traves-de-talleres-y-feria-laboral\/\" aria-label=\"More on Estudiantes de la FCCTP fortalecieron su empleabilidad a trav\u00e9s de talleres y feria laboral\">Read more<\/a><\/p>\n","protected":false},"author":2,"featured_media":10082,"comment_status":"closed","ping_status":"closed","sticky":false,"template":"","format":"standard","meta":{"footnotes":""},"categories":[31,35],"tags":[147,141,47,46],"class_list":["post-10081","post","type-post","status-publish","format-standard","has-post-thumbnail","hentry","category-actividades-destacadas","category-actualidad","tag-fcctp","tag-feria-laboral-fcctp","tag-home-fcctp","tag-lo-mas-destacado"],"yoast_head":"<!-- This site is optimized with the Yoast SEO plugin v28.3 - https:\/\/yoast.com\/product\/yoast-seo-wordpress\/ -->\n<title>Estudiantes de la FCCTP fortalecieron su empleabilidad a trav\u00e9s de talleres y feria laboral - Noticias<\/title>\n<meta name=\"robots\" content=\"index, follow, max-snippet:-1, max-image-preview:large, max-video-preview:-1\" \/>\n<link rel=\"canonical\" href=\"https:\/\/fcctp.usmp.edu.pe\/noticias\/actividades-destacadas\/estudiantes-de-la-fcctp-fortalecieron-su-empleabilidad-a-traves-de-talleres-y-feria-laboral\/\" \/>\n<meta property=\"og:locale\" content=\"es_ES\" \/>\n<meta property=\"og:type\" content=\"article\" \/>\n<meta property=\"og:title\" content=\"Estudiantes de la FCCTP fortalecieron su empleabilidad a trav\u00e9s de talleres y feria laboral - Noticias\" \/>\n<meta property=\"og:description\" content=\"Con el objetivo de fortalecer la empleabilidad y acercar a los estudiantes al entorno laboral, el Centro de Empleabilidad de la Facultad de Ciencias de la Comunicaci\u00f3n, Turismo y Psicolog\u00eda de la Universidad de San Mart\u00edn de Porres desarroll\u00f3 \u201cConecta Talento\u201d, una iniciativa que reuni\u00f3 talleres especializados y una feria laboral orientados al desarrollo profesional ... Read more\" \/>\n<meta property=\"og:url\" content=\"https:\/\/fcctp.usmp.edu.pe\/noticias\/actividades-destacadas\/estudiantes-de-la-fcctp-fortalecieron-su-empleabilidad-a-traves-de-talleres-y-feria-laboral\/\" \/>\n<meta property=\"og:site_name\" content=\"Noticias\" \/>\n<meta property=\"article:publisher\" content=\"https:\/\/www.facebook.com\/fcctp\" \/>\n<meta property=\"article:published_time\" content=\"2026-05-20T14:01:15+00:00\" \/>\n<meta property=\"og:image\" content=\"https:\/\/fcctp.usmp.edu.pe\/noticias\/wp-content\/uploads\/2026\/05\/cover-ferial-aboral.jpg\" \/>\n\t<meta property=\"og:image:width\" content=\"720\" \/>\n\t<meta property=\"og:image:height\" content=\"450\" \/>\n\t<meta property=\"og:image:type\" content=\"image\/jpeg\" \/>\n<meta name=\"author\" content=\"Omar Huaman\" \/>\n<meta name=\"twitter:card\" content=\"summary_large_image\" \/>\n<meta name=\"twitter:creator\" content=\"@fcctp_usmp\" \/>\n<meta name=\"twitter:site\" content=\"@fcctp_usmp\" \/>\n<meta name=\"twitter:label1\" content=\"Written by\" \/>\n\t<meta name=\"twitter:data1\" content=\"Omar Huaman\" \/>\n\t<meta name=\"twitter:label2\" content=\"Est. reading time\" \/>\n\t<meta name=\"twitter:data2\" content=\"1 minuto\" \/>\n<script type=\"application\/ld+json\" class=\"yoast-schema-graph\">{\"@context\":\"https:\\\/\\\/schema.org\",\"@graph\":[{\"@type\":\"Article\",\"@id\":\"https:\\\/\\\/fcctp.usmp.edu.pe\\\/noticias\\\/actividades-destacadas\\\/estudiantes-de-la-fcctp-fortalecieron-su-empleabilidad-a-traves-de-talleres-y-feria-laboral\\\/#article\",\"isPartOf\":{\"@id\":\"https:\\\/\\\/fcctp.usmp.edu.pe\\\/noticias\\\/actividades-destacadas\\\/estudiantes-de-la-fcctp-fortalecieron-su-empleabilidad-a-traves-de-talleres-y-feria-laboral\\\/\"},\"author\":{\"name\":\"Omar Huaman\",\"@id\":\"https:\\\/\\\/fcctp.usmp.edu.pe\\\/noticias\\\/#\\\/schema\\\/person\\\/4fdff53bd44bf6f645fe381e079e1252\"},\"headline\":\"Estudiantes de la FCCTP fortalecieron su empleabilidad a trav\u00e9s de talleres y feria laboral\",\"datePublished\":\"2026-05-20T14:01:15+00:00\",\"mainEntityOfPage\":{\"@id\":\"https:\\\/\\\/fcctp.usmp.edu.pe\\\/noticias\\\/actividades-destacadas\\\/estudiantes-de-la-fcctp-fortalecieron-su-empleabilidad-a-traves-de-talleres-y-feria-laboral\\\/\"},\"wordCount\":250,\"publisher\":{\"@id\":\"https:\\\/\\\/fcctp.usmp.edu.pe\\\/noticias\\\/#organization\"},\"image\":{\"@id\":\"https:\\\/\\\/fcctp.usmp.edu.pe\\\/noticias\\\/actividades-destacadas\\\/estudiantes-de-la-fcctp-fortalecieron-su-empleabilidad-a-traves-de-talleres-y-feria-laboral\\\/#primaryimage\"},\"thumbnailUrl\":\"https:\\\/\\\/fcctp.usmp.edu.pe\\\/noticias\\\/wp-content\\\/uploads\\\/2026\\\/05\\\/cover-ferial-aboral.jpg\",\"keywords\":[\"FCCTP\",\"Feria Laboral FCCTP\",\"Home FCCTP\",\"Lo mas destacado\"],\"articleSection\":[\"Actividades destacadas\",\"Actualidad\"],\"inLanguage\":\"es-PE\"},{\"@type\":\"WebPage\",\"@id\":\"https:\\\/\\\/fcctp.usmp.edu.pe\\\/noticias\\\/actividades-destacadas\\\/estudiantes-de-la-fcctp-fortalecieron-su-empleabilidad-a-traves-de-talleres-y-feria-laboral\\\/\",\"url\":\"https:\\\/\\\/fcctp.usmp.edu.pe\\\/noticias\\\/actividades-destacadas\\\/estudiantes-de-la-fcctp-fortalecieron-su-empleabilidad-a-traves-de-talleres-y-feria-laboral\\\/\",\"name\":\"Estudiantes de la FCCTP fortalecieron su empleabilidad a trav\u00e9s de talleres y feria laboral - Noticias\",\"isPartOf\":{\"@id\":\"https:\\\/\\\/fcctp.usmp.edu.pe\\\/noticias\\\/#website\"},\"primaryImageOfPage\":{\"@id\":\"https:\\\/\\\/fcctp.usmp.edu.pe\\\/noticias\\\/actividades-destacadas\\\/estudiantes-de-la-fcctp-fortalecieron-su-empleabilidad-a-traves-de-talleres-y-feria-laboral\\\/#primaryimage\"},\"image\":{\"@id\":\"https:\\\/\\\/fcctp.usmp.edu.pe\\\/noticias\\\/actividades-destacadas\\\/estudiantes-de-la-fcctp-fortalecieron-su-empleabilidad-a-traves-de-talleres-y-feria-laboral\\\/#primaryimage\"},\"thumbnailUrl\":\"https:\\\/\\\/fcctp.usmp.edu.pe\\\/noticias\\\/wp-content\\\/uploads\\\/2026\\\/05\\\/cover-ferial-aboral.jpg\",\"datePublished\":\"2026-05-20T14:01:15+00:00\",\"breadcrumb\":{\"@id\":\"https:\\\/\\\/fcctp.usmp.edu.pe\\\/noticias\\\/actividades-destacadas\\\/estudiantes-de-la-fcctp-fortalecieron-su-empleabilidad-a-traves-de-talleres-y-feria-laboral\\\/#breadcrumb\"},\"inLanguage\":\"es-PE\",\"potentialAction\":[{\"@type\":\"ReadAction\",\"target\":[\"https:\\\/\\\/fcctp.usmp.edu.pe\\\/noticias\\\/actividades-destacadas\\\/estudiantes-de-la-fcctp-fortalecieron-su-empleabilidad-a-traves-de-talleres-y-feria-laboral\\\/\"]}]},{\"@type\":\"ImageObject\",\"inLanguage\":\"es-PE\",\"@id\":\"https:\\\/\\\/fcctp.usmp.edu.pe\\\/noticias\\\/actividades-destacadas\\\/estudiantes-de-la-fcctp-fortalecieron-su-empleabilidad-a-traves-de-talleres-y-feria-laboral\\\/#primaryimage\",\"url\":\"https:\\\/\\\/fcctp.usmp.edu.pe\\\/noticias\\\/wp-content\\\/uploads\\\/2026\\\/05\\\/cover-ferial-aboral.jpg\",\"contentUrl\":\"https:\\\/\\\/fcctp.usmp.edu.pe\\\/noticias\\\/wp-content\\\/uploads\\\/2026\\\/05\\\/cover-ferial-aboral.jpg\",\"width\":720,\"height\":450,\"caption\":\"Feria Laboral FCCTP\"},{\"@type\":\"BreadcrumbList\",\"@id\":\"https:\\\/\\\/fcctp.usmp.edu.pe\\\/noticias\\\/actividades-destacadas\\\/estudiantes-de-la-fcctp-fortalecieron-su-empleabilidad-a-traves-de-talleres-y-feria-laboral\\\/#breadcrumb\",\"itemListElement\":[{\"@type\":\"ListItem\",\"position\":1,\"name\":\"Portada\",\"item\":\"https:\\\/\\\/fcctp.usmp.edu.pe\\\/noticias\\\/\"},{\"@type\":\"ListItem\",\"position\":2,\"name\":\"Estudiantes de la FCCTP fortalecieron su empleabilidad a trav\u00e9s de talleres y feria laboral\"}]},{\"@type\":\"WebSite\",\"@id\":\"https:\\\/\\\/fcctp.usmp.edu.pe\\\/noticias\\\/#website\",\"url\":\"https:\\\/\\\/fcctp.usmp.edu.pe\\\/noticias\\\/\",\"name\":\"Noticias FCCTP\",\"description\":\"Facultad de Ciencias de la Comunicaci\u00f3n, Turismo y Psicolog\u00eda\",\"publisher\":{\"@id\":\"https:\\\/\\\/fcctp.usmp.edu.pe\\\/noticias\\\/#organization\"},\"potentialAction\":[{\"@type\":\"SearchAction\",\"target\":{\"@type\":\"EntryPoint\",\"urlTemplate\":\"https:\\\/\\\/fcctp.usmp.edu.pe\\\/noticias\\\/?s={search_term_string}\"},\"query-input\":{\"@type\":\"PropertyValueSpecification\",\"valueRequired\":true,\"valueName\":\"search_term_string\"}}],\"inLanguage\":\"es-PE\"},{\"@type\":\"Organization\",\"@id\":\"https:\\\/\\\/fcctp.usmp.edu.pe\\\/noticias\\\/#organization\",\"name\":\"Facultad de Ciencias de la Comunicaci\u00f3n, Turismo y Psicolog\u00eda\",\"url\":\"https:\\\/\\\/fcctp.usmp.edu.pe\\\/noticias\\\/\",\"logo\":{\"@type\":\"ImageObject\",\"inLanguage\":\"es-PE\",\"@id\":\"https:\\\/\\\/fcctp.usmp.edu.pe\\\/noticias\\\/#\\\/schema\\\/logo\\\/image\\\/\",\"url\":\"https:\\\/\\\/fcctp.usmp.edu.pe\\\/noticias\\\/wp-content\\\/uploads\\\/2022\\\/03\\\/logoFCCTP_60.svg\",\"contentUrl\":\"https:\\\/\\\/fcctp.usmp.edu.pe\\\/noticias\\\/wp-content\\\/uploads\\\/2022\\\/03\\\/logoFCCTP_60.svg\",\"width\":347,\"height\":66,\"caption\":\"Facultad de Ciencias de la Comunicaci\u00f3n, Turismo y Psicolog\u00eda\"},\"image\":{\"@id\":\"https:\\\/\\\/fcctp.usmp.edu.pe\\\/noticias\\\/#\\\/schema\\\/logo\\\/image\\\/\"},\"sameAs\":[\"https:\\\/\\\/www.facebook.com\\\/fcctp\",\"https:\\\/\\\/x.com\\\/fcctp_usmp\",\"https:\\\/\\\/www.instagram.com\\\/fcctp_usmp\\\/\"]},{\"@type\":\"Person\",\"@id\":\"https:\\\/\\\/fcctp.usmp.edu.pe\\\/noticias\\\/#\\\/schema\\\/person\\\/4fdff53bd44bf6f645fe381e079e1252\",\"name\":\"Omar Huaman\",\"image\":{\"@type\":\"ImageObject\",\"inLanguage\":\"es-PE\",\"@id\":\"https:\\\/\\\/secure.gravatar.com\\\/avatar\\\/1ec290616e6e3dc043e286f62b87c0f992c4889ead141b3e3dfc70d018a983e0?s=96&d=mm&r=g\",\"url\":\"https:\\\/\\\/secure.gravatar.com\\\/avatar\\\/1ec290616e6e3dc043e286f62b87c0f992c4889ead141b3e3dfc70d018a983e0?s=96&d=mm&r=g\",\"contentUrl\":\"https:\\\/\\\/secure.gravatar.com\\\/avatar\\\/1ec290616e6e3dc043e286f62b87c0f992c4889ead141b3e3dfc70d018a983e0?s=96&d=mm&r=g\",\"caption\":\"Omar Huaman\"},\"url\":\"https:\\\/\\\/fcctp.usmp.edu.pe\\\/noticias\\\/author\\\/notieditor\\\/\"}]}<\/script>\n<!-- \/ Yoast SEO plugin. -->","yoast_head_json":{"title":"Estudiantes de la FCCTP fortalecieron su empleabilidad a trav\u00e9s de talleres y feria laboral - Noticias","robots":{"index":"index","follow":"follow","max-snippet":"max-snippet:-1","max-image-preview":"max-image-preview:large","max-video-preview":"max-video-preview:-1"},"canonical":"https:\/\/fcctp.usmp.edu.pe\/noticias\/actividades-destacadas\/estudiantes-de-la-fcctp-fortalecieron-su-empleabilidad-a-traves-de-talleres-y-feria-laboral\/","og_locale":"es_ES","og_type":"article","og_title":"Estudiantes de la FCCTP fortalecieron su empleabilidad a trav\u00e9s de talleres y feria laboral - Noticias","og_description":"Con el objetivo de fortalecer la empleabilidad y acercar a los estudiantes al entorno laboral, el Centro de Empleabilidad de la Facultad de Ciencias de la Comunicaci\u00f3n, Turismo y Psicolog\u00eda de la Universidad de San Mart\u00edn de Porres desarroll\u00f3 \u201cConecta Talento\u201d, una iniciativa que reuni\u00f3 talleres especializados y una feria laboral orientados al desarrollo profesional ... Read more","og_url":"https:\/\/fcctp.usmp.edu.pe\/noticias\/actividades-destacadas\/estudiantes-de-la-fcctp-fortalecieron-su-empleabilidad-a-traves-de-talleres-y-feria-laboral\/","og_site_name":"Noticias","article_publisher":"https:\/\/www.facebook.com\/fcctp","article_published_time":"2026-05-20T14:01:15+00:00","og_image":[{"width":720,"height":450,"url":"https:\/\/fcctp.usmp.edu.pe\/noticias\/wp-content\/uploads\/2026\/05\/cover-ferial-aboral.jpg","type":"image\/jpeg"}],"author":"Omar Huaman","twitter_card":"summary_large_image","twitter_creator":"@fcctp_usmp","twitter_site":"@fcctp_usmp","twitter_misc":{"Written by":"Omar Huaman","Est. reading time":"1 minuto"},"schema":{"@context":"https:\/\/schema.org","@graph":[{"@type":"Article","@id":"https:\/\/fcctp.usmp.edu.pe\/noticias\/actividades-destacadas\/estudiantes-de-la-fcctp-fortalecieron-su-empleabilidad-a-traves-de-talleres-y-feria-laboral\/#article","isPartOf":{"@id":"https:\/\/fcctp.usmp.edu.pe\/noticias\/actividades-destacadas\/estudiantes-de-la-fcctp-fortalecieron-su-empleabilidad-a-traves-de-talleres-y-feria-laboral\/"},"author":{"name":"Omar Huaman","@id":"https:\/\/fcctp.usmp.edu.pe\/noticias\/#\/schema\/person\/4fdff53bd44bf6f645fe381e079e1252"},"headline":"Estudiantes de la FCCTP fortalecieron su empleabilidad a trav\u00e9s de talleres y feria laboral","datePublished":"2026-05-20T14:01:15+00:00","mainEntityOfPage":{"@id":"https:\/\/fcctp.usmp.edu.pe\/noticias\/actividades-destacadas\/estudiantes-de-la-fcctp-fortalecieron-su-empleabilidad-a-traves-de-talleres-y-feria-laboral\/"},"wordCount":250,"publisher":{"@id":"https:\/\/fcctp.usmp.edu.pe\/noticias\/#organization"},"image":{"@id":"https:\/\/fcctp.usmp.edu.pe\/noticias\/actividades-destacadas\/estudiantes-de-la-fcctp-fortalecieron-su-empleabilidad-a-traves-de-talleres-y-feria-laboral\/#primaryimage"},"thumbnailUrl":"https:\/\/fcctp.usmp.edu.pe\/noticias\/wp-content\/uploads\/2026\/05\/cover-ferial-aboral.jpg","keywords":["FCCTP","Feria Laboral FCCTP","Home FCCTP","Lo mas destacado"],"articleSection":["Actividades destacadas","Actualidad"],"inLanguage":"es-PE"},{"@type":"WebPage","@id":"https:\/\/fcctp.usmp.edu.pe\/noticias\/actividades-destacadas\/estudiantes-de-la-fcctp-fortalecieron-su-empleabilidad-a-traves-de-talleres-y-feria-laboral\/","url":"https:\/\/fcctp.usmp.edu.pe\/noticias\/actividades-destacadas\/estudiantes-de-la-fcctp-fortalecieron-su-empleabilidad-a-traves-de-talleres-y-feria-laboral\/","name":"Estudiantes de la FCCTP fortalecieron su empleabilidad a trav\u00e9s de talleres y feria laboral - Noticias","isPartOf":{"@id":"https:\/\/fcctp.usmp.edu.pe\/noticias\/#website"},"primaryImageOfPage":{"@id":"https:\/\/fcctp.usmp.edu.pe\/noticias\/actividades-destacadas\/estudiantes-de-la-fcctp-fortalecieron-su-empleabilidad-a-traves-de-talleres-y-feria-laboral\/#primaryimage"},"image":{"@id":"https:\/\/fcctp.usmp.edu.pe\/noticias\/actividades-destacadas\/estudiantes-de-la-fcctp-fortalecieron-su-empleabilidad-a-traves-de-talleres-y-feria-laboral\/#primaryimage"},"thumbnailUrl":"https:\/\/fcctp.usmp.edu.pe\/noticias\/wp-content\/uploads\/2026\/05\/cover-ferial-aboral.jpg","datePublished":"2026-05-20T14:01:15+00:00","breadcrumb":{"@id":"https:\/\/fcctp.usmp.edu.pe\/noticias\/actividades-destacadas\/estudiantes-de-la-fcctp-fortalecieron-su-empleabilidad-a-traves-de-talleres-y-feria-laboral\/#breadcrumb"},"inLanguage":"es-PE","potentialAction":[{"@type":"ReadAction","target":["https:\/\/fcctp.usmp.edu.pe\/noticias\/actividades-destacadas\/estudiantes-de-la-fcctp-fortalecieron-su-empleabilidad-a-traves-de-talleres-y-feria-laboral\/"]}]},{"@type":"ImageObject","inLanguage":"es-PE","@id":"https:\/\/fcctp.usmp.edu.pe\/noticias\/actividades-destacadas\/estudiantes-de-la-fcctp-fortalecieron-su-empleabilidad-a-traves-de-talleres-y-feria-laboral\/#primaryimage","url":"https:\/\/fcctp.usmp.edu.pe\/noticias\/wp-content\/uploads\/2026\/05\/cover-ferial-aboral.jpg","contentUrl":"https:\/\/fcctp.usmp.edu.pe\/noticias\/wp-content\/uploads\/2026\/05\/cover-ferial-aboral.jpg","width":720,"height":450,"caption":"Feria Laboral FCCTP"},{"@type":"BreadcrumbList","@id":"https:\/\/fcctp.usmp.edu.pe\/noticias\/actividades-destacadas\/estudiantes-de-la-fcctp-fortalecieron-su-empleabilidad-a-traves-de-talleres-y-feria-laboral\/#breadcrumb","itemListElement":[{"@type":"ListItem","position":1,"name":"Portada","item":"https:\/\/fcctp.usmp.edu.pe\/noticias\/"},{"@type":"ListItem","position":2,"name":"Estudiantes de la FCCTP fortalecieron su empleabilidad a trav\u00e9s de talleres y feria laboral"}]},{"@type":"WebSite","@id":"https:\/\/fcctp.usmp.edu.pe\/noticias\/#website","url":"https:\/\/fcctp.usmp.edu.pe\/noticias\/","name":"Noticias FCCTP","description":"Facultad de Ciencias de la Comunicaci\u00f3n, Turismo y Psicolog\u00eda","publisher":{"@id":"https:\/\/fcctp.usmp.edu.pe\/noticias\/#organization"},"potentialAction":[{"@type":"SearchAction","target":{"@type":"EntryPoint","urlTemplate":"https:\/\/fcctp.usmp.edu.pe\/noticias\/?s={search_term_string}"},"query-input":{"@type":"PropertyValueSpecification","valueRequired":true,"valueName":"search_term_string"}}],"inLanguage":"es-PE"},{"@type":"Organization","@id":"https:\/\/fcctp.usmp.edu.pe\/noticias\/#organization","name":"Facultad de Ciencias de la Comunicaci\u00f3n, Turismo y Psicolog\u00eda","url":"https:\/\/fcctp.usmp.edu.pe\/noticias\/","logo":{"@type":"ImageObject","inLanguage":"es-PE","@id":"https:\/\/fcctp.usmp.edu.pe\/noticias\/#\/schema\/logo\/image\/","url":"https:\/\/fcctp.usmp.edu.pe\/noticias\/wp-content\/uploads\/2022\/03\/logoFCCTP_60.svg","contentUrl":"https:\/\/fcctp.usmp.edu.pe\/noticias\/wp-content\/uploads\/2022\/03\/logoFCCTP_60.svg","width":347,"height":66,"caption":"Facultad de Ciencias de la Comunicaci\u00f3n, Turismo y Psicolog\u00eda"},"image":{"@id":"https:\/\/fcctp.usmp.edu.pe\/noticias\/#\/schema\/logo\/image\/"},"sameAs":["https:\/\/www.facebook.com\/fcctp","https:\/\/x.com\/fcctp_usmp","https:\/\/www.instagram.com\/fcctp_usmp\/"]},{"@type":"Person","@id":"https:\/\/fcctp.usmp.edu.pe\/noticias\/#\/schema\/person\/4fdff53bd44bf6f645fe381e079e1252","name":"Omar Huaman","image":{"@type":"ImageObject","inLanguage":"es-PE","@id":"https:\/\/secure.gravatar.com\/avatar\/1ec290616e6e3dc043e286f62b87c0f992c4889ead141b3e3dfc70d018a983e0?s=96&d=mm&r=g","url":"https:\/\/secure.gravatar.com\/avatar\/1ec290616e6e3dc043e286f62b87c0f992c4889ead141b3e3dfc70d018a983e0?s=96&d=mm&r=g","contentUrl":"https:\/\/secure.gravatar.com\/avatar\/1ec290616e6e3dc043e286f62b87c0f992c4889ead141b3e3dfc70d018a983e0?s=96&d=mm&r=g","caption":"Omar Huaman"},"url":"https:\/\/fcctp.usmp.edu.pe\/noticias\/author\/notieditor\/"}]}},"_links":{"self":[{"href":"https:\/\/fcctp.usmp.edu.pe\/noticias\/wp-json\/wp\/v2\/posts\/10081","targetHints":{"allow":["GET"]}}],"collection":[{"href":"https:\/\/fcctp.usmp.edu.pe\/noticias\/wp-json\/wp\/v2\/posts"}],"about":[{"href":"https:\/\/fcctp.usmp.edu.pe\/noticias\/wp-json\/wp\/v2\/types\/post"}],"author":[{"embeddable":true,"href":"https:\/\/fcctp.usmp.edu.pe\/noticias\/wp-json\/wp\/v2\/users\/2"}],"replies":[{"embeddable":true,"href":"https:\/\/fcctp.usmp.edu.pe\/noticias\/wp-json\/wp\/v2\/comments?post=10081"}],"version-history":[{"count":1,"href":"https:\/\/fcctp.usmp.edu.pe\/noticias\/wp-json\/wp\/v2\/posts\/10081\/revisions"}],"predecessor-version":[{"id":10091,"href":"https:\/\/fcctp.usmp.edu.pe\/noticias\/wp-json\/wp\/v2\/posts\/10081\/revisions\/10091"}],"wp:featuredmedia":[{"embeddable":true,"href":"https:\/\/fcctp.usmp.edu.pe\/noticias\/wp-json\/wp\/v2\/media\/10082"}],"wp:attachment":[{"href":"https:\/\/fcctp.usmp.edu.pe\/noticias\/wp-json\/wp\/v2\/media?parent=10081"}],"wp:term":[{"taxonomy":"category","embeddable":true,"href":"https:\/\/fcctp.usmp.edu.pe\/noticias\/wp-json\/wp\/v2\/categories?post=10081"},{"taxonomy":"post_tag","embeddable":true,"href":"https:\/\/fcctp.usmp.edu.pe\/noticias\/wp-json\/wp\/v2\/tags?post=10081"}],"curies":[{"name":"wp","href":"https:\/\/api.w.org\/{rel}","templated":true}]}}