{"id":10045,"date":"2026-05-05T20:30:00","date_gmt":"2026-05-05T20:30:00","guid":{"rendered":"https:\/\/fcctp.usmp.edu.pe\/noticias\/?p=10045"},"modified":"2026-05-05T20:34:09","modified_gmt":"2026-05-05T20:34:09","slug":"la-fcctp-fortalece-la-formacion-de-sus-estudiantes-con-jornada-academica-por-el-dia-del-psicologo","status":"publish","type":"post","link":"https:\/\/fcctp.usmp.edu.pe\/noticias\/psicologia\/la-fcctp-fortalece-la-formacion-de-sus-estudiantes-con-jornada-academica-por-el-dia-del-psicologo\/","title":{"rendered":"La FCCTP fortalece la formaci\u00f3n de sus estudiantes con jornada acad\u00e9mica por el D\u00eda del Psic\u00f3logo"},"content":{"rendered":"<p>En el marco del D\u00eda del Psic\u00f3logo, la Escuela Profesional de Psicolog\u00eda de la Facultad de Ciencias de la Comunicaci\u00f3n, Turismo y Psicolog\u00eda de la Universidad de San Mart\u00edn de Porres desarroll\u00f3 una jornada acad\u00e9mica que reuni\u00f3 a estudiantes de distintos ciclos en espacios de aprendizaje, reflexi\u00f3n y participaci\u00f3n activa.<\/p>\n<p>La programaci\u00f3n incluy\u00f3 diversas actividades orientadas a fortalecer la formaci\u00f3n integral de los estudiantes, promoviendo su involucramiento directo en experiencias acad\u00e9micas y din\u00e1micas que articulan la teor\u00eda con la pr\u00e1ctica profesional.<\/p>\n<p>La jornada inici\u00f3 con la ponencia internacional \u201cSer psic\u00f3logo\/a hoy: ciencia, \u00e9xito profesional y marca personal\u201d, a cargo del Dr. Ferm\u00edn Carrillo Gonz\u00e1les, Director de Relaciones Internacionales del Instituto Raimon Gaja (Espa\u00f1a), quien abord\u00f3 los desaf\u00edos actuales del ejercicio profesional, destacando la importancia de la evidencia cient\u00edfica y la construcci\u00f3n del perfil profesional en un entorno altamente competitivo.<\/p>\n<p>Posteriormente, se desarroll\u00f3 la feria \u201cPsicoespacio\u201d, un espacio experiencial en el que los estudiantes participaron activamente en din\u00e1micas dise\u00f1adas para poner a prueba sus habilidades, fomentar el trabajo en equipo y reforzar competencias propias de la disciplina psicol\u00f3gica en un entorno l\u00fadico y formativo.<\/p>\n<p>La jornada culmin\u00f3 con un conversatorio sobre el rol del psic\u00f3logo en la actualidad, que cont\u00f3 con la participaci\u00f3n de especialistas como Eduardo Haro Estabridi, Yanira Peralta Burga y Dante Guevara Baca, generando un espacio de di\u00e1logo en el que los estudiantes pudieron reflexionar, intercambiar ideas y profundizar en los retos y oportunidades de la profesi\u00f3n.<\/p>\n<p>A trav\u00e9s de estas iniciativas, la Escuela Profesional de Psicolog\u00eda consolida su propuesta acad\u00e9mica basada en el aprendizaje activo, la vinculaci\u00f3n con especialistas y la generaci\u00f3n de espacios que fortalecen la formaci\u00f3n profesional de sus estudiantes, posicion\u00e1ndose como una de las escuelas m\u00e1s din\u00e1micas y s\u00f3lidas en la formaci\u00f3n de futuros psic\u00f3logos en el pa\u00eds.<\/p>\n<div id='gallery-1' class='gallery galleryid-10045 gallery-columns-2 gallery-size-full'><figure class='gallery-item'>\n\t\t\t<div class='gallery-icon landscape'>\n\t\t\t\t<a href='https:\/\/fcctp.usmp.edu.pe\/noticias\/wp-content\/uploads\/2026\/05\/dia-del-psicologo-01.jpg'><img loading=\"lazy\" decoding=\"async\" width=\"1024\" height=\"683\" src=\"https:\/\/fcctp.usmp.edu.pe\/noticias\/wp-content\/uploads\/2026\/05\/dia-del-psicologo-01.jpg\" class=\"attachment-full size-full\" alt=\"\" \/><\/a>\n\t\t\t<\/div><\/figure><figure class='gallery-item'>\n\t\t\t<div class='gallery-icon landscape'>\n\t\t\t\t<a href='https:\/\/fcctp.usmp.edu.pe\/noticias\/wp-content\/uploads\/2026\/05\/dia-del-psicologo-02.jpg'><img loading=\"lazy\" decoding=\"async\" width=\"1024\" height=\"683\" src=\"https:\/\/fcctp.usmp.edu.pe\/noticias\/wp-content\/uploads\/2026\/05\/dia-del-psicologo-02.jpg\" class=\"attachment-full size-full\" alt=\"\" \/><\/a>\n\t\t\t<\/div><\/figure><figure class='gallery-item'>\n\t\t\t<div class='gallery-icon landscape'>\n\t\t\t\t<a href='https:\/\/fcctp.usmp.edu.pe\/noticias\/wp-content\/uploads\/2026\/05\/dia-del-psicologo-03.jpg'><img loading=\"lazy\" decoding=\"async\" width=\"1024\" height=\"683\" src=\"https:\/\/fcctp.usmp.edu.pe\/noticias\/wp-content\/uploads\/2026\/05\/dia-del-psicologo-03.jpg\" class=\"attachment-full size-full\" alt=\"\" \/><\/a>\n\t\t\t<\/div><\/figure><figure class='gallery-item'>\n\t\t\t<div class='gallery-icon landscape'>\n\t\t\t\t<a href='https:\/\/fcctp.usmp.edu.pe\/noticias\/wp-content\/uploads\/2026\/05\/dia-del-psicologo-04.jpg'><img loading=\"lazy\" decoding=\"async\" width=\"1024\" height=\"683\" src=\"https:\/\/fcctp.usmp.edu.pe\/noticias\/wp-content\/uploads\/2026\/05\/dia-del-psicologo-04.jpg\" class=\"attachment-full size-full\" alt=\"\" \/><\/a>\n\t\t\t<\/div><\/figure><figure class='gallery-item'>\n\t\t\t<div class='gallery-icon landscape'>\n\t\t\t\t<a href='https:\/\/fcctp.usmp.edu.pe\/noticias\/wp-content\/uploads\/2026\/05\/dia-del-psicologo-05.jpg'><img loading=\"lazy\" decoding=\"async\" width=\"1024\" height=\"683\" src=\"https:\/\/fcctp.usmp.edu.pe\/noticias\/wp-content\/uploads\/2026\/05\/dia-del-psicologo-05.jpg\" class=\"attachment-full size-full\" alt=\"\" \/><\/a>\n\t\t\t<\/div><\/figure><figure class='gallery-item'>\n\t\t\t<div class='gallery-icon landscape'>\n\t\t\t\t<a href='https:\/\/fcctp.usmp.edu.pe\/noticias\/wp-content\/uploads\/2026\/05\/dia-del-psicologo-06.jpg'><img loading=\"lazy\" decoding=\"async\" width=\"1024\" height=\"683\" src=\"https:\/\/fcctp.usmp.edu.pe\/noticias\/wp-content\/uploads\/2026\/05\/dia-del-psicologo-06.jpg\" class=\"attachment-full size-full\" alt=\"\" \/><\/a>\n\t\t\t<\/div><\/figure>\n\t\t<\/div>\n\n","protected":false},"excerpt":{"rendered":"<p>En el marco del D\u00eda del Psic\u00f3logo, la Escuela Profesional de Psicolog\u00eda de la Facultad de Ciencias de la Comunicaci\u00f3n, Turismo y Psicolog\u00eda de la Universidad de San Mart\u00edn de Porres desarroll\u00f3 una jornada acad\u00e9mica que reuni\u00f3 a estudiantes de distintos ciclos en espacios de aprendizaje, reflexi\u00f3n y participaci\u00f3n activa. La programaci\u00f3n incluy\u00f3 diversas actividades &#8230; <a title=\"La FCCTP fortalece la formaci\u00f3n de sus estudiantes con jornada acad\u00e9mica por el D\u00eda del Psic\u00f3logo\" class=\"read-more\" href=\"https:\/\/fcctp.usmp.edu.pe\/noticias\/psicologia\/la-fcctp-fortalece-la-formacion-de-sus-estudiantes-con-jornada-academica-por-el-dia-del-psicologo\/\" aria-label=\"More on La FCCTP fortalece la formaci\u00f3n de sus estudiantes con jornada acad\u00e9mica por el D\u00eda del Psic\u00f3logo\">Read more<\/a><\/p>\n","protected":false},"author":2,"featured_media":10052,"comment_status":"closed","ping_status":"closed","sticky":false,"template":"","format":"standard","meta":{"footnotes":""},"categories":[31,35,23],"tags":[150,147,47,46,98],"class_list":["post-10045","post","type-post","status-publish","format-standard","has-post-thumbnail","hentry","category-actividades-destacadas","category-actualidad","category-psicologia","tag-brasil","tag-fcctp","tag-home-fcctp","tag-lo-mas-destacado","tag-psicologia"],"yoast_head":"<!-- This site is optimized with the Yoast SEO plugin v28.3 - https:\/\/yoast.com\/product\/yoast-seo-wordpress\/ -->\n<title>La FCCTP fortalece la formaci\u00f3n de sus estudiantes con jornada acad\u00e9mica por el D\u00eda del Psic\u00f3logo - Noticias<\/title>\n<meta name=\"robots\" content=\"index, follow, max-snippet:-1, max-image-preview:large, max-video-preview:-1\" \/>\n<link rel=\"canonical\" href=\"https:\/\/fcctp.usmp.edu.pe\/noticias\/psicologia\/la-fcctp-fortalece-la-formacion-de-sus-estudiantes-con-jornada-academica-por-el-dia-del-psicologo\/\" \/>\n<meta property=\"og:locale\" content=\"es_ES\" \/>\n<meta property=\"og:type\" content=\"article\" \/>\n<meta property=\"og:title\" content=\"La FCCTP fortalece la formaci\u00f3n de sus estudiantes con jornada acad\u00e9mica por el D\u00eda del Psic\u00f3logo - Noticias\" \/>\n<meta property=\"og:description\" content=\"En el marco del D\u00eda del Psic\u00f3logo, la Escuela Profesional de Psicolog\u00eda de la Facultad de Ciencias de la Comunicaci\u00f3n, Turismo y Psicolog\u00eda de la Universidad de San Mart\u00edn de Porres desarroll\u00f3 una jornada acad\u00e9mica que reuni\u00f3 a estudiantes de distintos ciclos en espacios de aprendizaje, reflexi\u00f3n y participaci\u00f3n activa. La programaci\u00f3n incluy\u00f3 diversas actividades ... Read more\" \/>\n<meta property=\"og:url\" content=\"https:\/\/fcctp.usmp.edu.pe\/noticias\/psicologia\/la-fcctp-fortalece-la-formacion-de-sus-estudiantes-con-jornada-academica-por-el-dia-del-psicologo\/\" \/>\n<meta property=\"og:site_name\" content=\"Noticias\" \/>\n<meta property=\"article:publisher\" content=\"https:\/\/www.facebook.com\/fcctp\" \/>\n<meta property=\"article:published_time\" content=\"2026-05-05T20:30:00+00:00\" \/>\n<meta property=\"article:modified_time\" content=\"2026-05-05T20:34:09+00:00\" \/>\n<meta property=\"og:image\" content=\"https:\/\/fcctp.usmp.edu.pe\/noticias\/wp-content\/uploads\/2026\/05\/cover-psicologia.jpg\" \/>\n\t<meta property=\"og:image:width\" content=\"720\" \/>\n\t<meta property=\"og:image:height\" content=\"450\" \/>\n\t<meta property=\"og:image:type\" content=\"image\/jpeg\" \/>\n<meta name=\"author\" content=\"Omar Huaman\" \/>\n<meta name=\"twitter:card\" content=\"summary_large_image\" \/>\n<meta name=\"twitter:creator\" content=\"@fcctp_usmp\" \/>\n<meta name=\"twitter:site\" content=\"@fcctp_usmp\" \/>\n<meta name=\"twitter:label1\" content=\"Written by\" \/>\n\t<meta name=\"twitter:data1\" content=\"Omar Huaman\" \/>\n\t<meta name=\"twitter:label2\" content=\"Est. reading time\" \/>\n\t<meta name=\"twitter:data2\" content=\"2 minutos\" \/>\n<script type=\"application\/ld+json\" class=\"yoast-schema-graph\">{\"@context\":\"https:\\\/\\\/schema.org\",\"@graph\":[{\"@type\":\"Article\",\"@id\":\"https:\\\/\\\/fcctp.usmp.edu.pe\\\/noticias\\\/psicologia\\\/la-fcctp-fortalece-la-formacion-de-sus-estudiantes-con-jornada-academica-por-el-dia-del-psicologo\\\/#article\",\"isPartOf\":{\"@id\":\"https:\\\/\\\/fcctp.usmp.edu.pe\\\/noticias\\\/psicologia\\\/la-fcctp-fortalece-la-formacion-de-sus-estudiantes-con-jornada-academica-por-el-dia-del-psicologo\\\/\"},\"author\":{\"name\":\"Omar Huaman\",\"@id\":\"https:\\\/\\\/fcctp.usmp.edu.pe\\\/noticias\\\/#\\\/schema\\\/person\\\/4fdff53bd44bf6f645fe381e079e1252\"},\"headline\":\"La FCCTP fortalece la formaci\u00f3n de sus estudiantes con jornada acad\u00e9mica por el D\u00eda del Psic\u00f3logo\",\"datePublished\":\"2026-05-05T20:30:00+00:00\",\"dateModified\":\"2026-05-05T20:34:09+00:00\",\"mainEntityOfPage\":{\"@id\":\"https:\\\/\\\/fcctp.usmp.edu.pe\\\/noticias\\\/psicologia\\\/la-fcctp-fortalece-la-formacion-de-sus-estudiantes-con-jornada-academica-por-el-dia-del-psicologo\\\/\"},\"wordCount\":365,\"publisher\":{\"@id\":\"https:\\\/\\\/fcctp.usmp.edu.pe\\\/noticias\\\/#organization\"},\"image\":{\"@id\":\"https:\\\/\\\/fcctp.usmp.edu.pe\\\/noticias\\\/psicologia\\\/la-fcctp-fortalece-la-formacion-de-sus-estudiantes-con-jornada-academica-por-el-dia-del-psicologo\\\/#primaryimage\"},\"thumbnailUrl\":\"https:\\\/\\\/fcctp.usmp.edu.pe\\\/noticias\\\/wp-content\\\/uploads\\\/2026\\\/05\\\/cover-psicologia.jpg\",\"keywords\":[\"Brasil\",\"FCCTP\",\"Home FCCTP\",\"Lo mas destacado\",\"Psicolog\u00eda\"],\"articleSection\":[\"Actividades destacadas\",\"Actualidad\",\"Psicolog\u00eda\"],\"inLanguage\":\"es-PE\"},{\"@type\":\"WebPage\",\"@id\":\"https:\\\/\\\/fcctp.usmp.edu.pe\\\/noticias\\\/psicologia\\\/la-fcctp-fortalece-la-formacion-de-sus-estudiantes-con-jornada-academica-por-el-dia-del-psicologo\\\/\",\"url\":\"https:\\\/\\\/fcctp.usmp.edu.pe\\\/noticias\\\/psicologia\\\/la-fcctp-fortalece-la-formacion-de-sus-estudiantes-con-jornada-academica-por-el-dia-del-psicologo\\\/\",\"name\":\"La FCCTP fortalece la formaci\u00f3n de sus estudiantes con jornada acad\u00e9mica por el D\u00eda del Psic\u00f3logo - Noticias\",\"isPartOf\":{\"@id\":\"https:\\\/\\\/fcctp.usmp.edu.pe\\\/noticias\\\/#website\"},\"primaryImageOfPage\":{\"@id\":\"https:\\\/\\\/fcctp.usmp.edu.pe\\\/noticias\\\/psicologia\\\/la-fcctp-fortalece-la-formacion-de-sus-estudiantes-con-jornada-academica-por-el-dia-del-psicologo\\\/#primaryimage\"},\"image\":{\"@id\":\"https:\\\/\\\/fcctp.usmp.edu.pe\\\/noticias\\\/psicologia\\\/la-fcctp-fortalece-la-formacion-de-sus-estudiantes-con-jornada-academica-por-el-dia-del-psicologo\\\/#primaryimage\"},\"thumbnailUrl\":\"https:\\\/\\\/fcctp.usmp.edu.pe\\\/noticias\\\/wp-content\\\/uploads\\\/2026\\\/05\\\/cover-psicologia.jpg\",\"datePublished\":\"2026-05-05T20:30:00+00:00\",\"dateModified\":\"2026-05-05T20:34:09+00:00\",\"breadcrumb\":{\"@id\":\"https:\\\/\\\/fcctp.usmp.edu.pe\\\/noticias\\\/psicologia\\\/la-fcctp-fortalece-la-formacion-de-sus-estudiantes-con-jornada-academica-por-el-dia-del-psicologo\\\/#breadcrumb\"},\"inLanguage\":\"es-PE\",\"potentialAction\":[{\"@type\":\"ReadAction\",\"target\":[\"https:\\\/\\\/fcctp.usmp.edu.pe\\\/noticias\\\/psicologia\\\/la-fcctp-fortalece-la-formacion-de-sus-estudiantes-con-jornada-academica-por-el-dia-del-psicologo\\\/\"]}]},{\"@type\":\"ImageObject\",\"inLanguage\":\"es-PE\",\"@id\":\"https:\\\/\\\/fcctp.usmp.edu.pe\\\/noticias\\\/psicologia\\\/la-fcctp-fortalece-la-formacion-de-sus-estudiantes-con-jornada-academica-por-el-dia-del-psicologo\\\/#primaryimage\",\"url\":\"https:\\\/\\\/fcctp.usmp.edu.pe\\\/noticias\\\/wp-content\\\/uploads\\\/2026\\\/05\\\/cover-psicologia.jpg\",\"contentUrl\":\"https:\\\/\\\/fcctp.usmp.edu.pe\\\/noticias\\\/wp-content\\\/uploads\\\/2026\\\/05\\\/cover-psicologia.jpg\",\"width\":720,\"height\":450},{\"@type\":\"BreadcrumbList\",\"@id\":\"https:\\\/\\\/fcctp.usmp.edu.pe\\\/noticias\\\/psicologia\\\/la-fcctp-fortalece-la-formacion-de-sus-estudiantes-con-jornada-academica-por-el-dia-del-psicologo\\\/#breadcrumb\",\"itemListElement\":[{\"@type\":\"ListItem\",\"position\":1,\"name\":\"Portada\",\"item\":\"https:\\\/\\\/fcctp.usmp.edu.pe\\\/noticias\\\/\"},{\"@type\":\"ListItem\",\"position\":2,\"name\":\"La FCCTP fortalece la formaci\u00f3n de sus estudiantes con jornada acad\u00e9mica por el D\u00eda del Psic\u00f3logo\"}]},{\"@type\":\"WebSite\",\"@id\":\"https:\\\/\\\/fcctp.usmp.edu.pe\\\/noticias\\\/#website\",\"url\":\"https:\\\/\\\/fcctp.usmp.edu.pe\\\/noticias\\\/\",\"name\":\"Noticias FCCTP\",\"description\":\"Facultad de Ciencias de la Comunicaci\u00f3n, Turismo y Psicolog\u00eda\",\"publisher\":{\"@id\":\"https:\\\/\\\/fcctp.usmp.edu.pe\\\/noticias\\\/#organization\"},\"potentialAction\":[{\"@type\":\"SearchAction\",\"target\":{\"@type\":\"EntryPoint\",\"urlTemplate\":\"https:\\\/\\\/fcctp.usmp.edu.pe\\\/noticias\\\/?s={search_term_string}\"},\"query-input\":{\"@type\":\"PropertyValueSpecification\",\"valueRequired\":true,\"valueName\":\"search_term_string\"}}],\"inLanguage\":\"es-PE\"},{\"@type\":\"Organization\",\"@id\":\"https:\\\/\\\/fcctp.usmp.edu.pe\\\/noticias\\\/#organization\",\"name\":\"Facultad de Ciencias de la Comunicaci\u00f3n, Turismo y Psicolog\u00eda\",\"url\":\"https:\\\/\\\/fcctp.usmp.edu.pe\\\/noticias\\\/\",\"logo\":{\"@type\":\"ImageObject\",\"inLanguage\":\"es-PE\",\"@id\":\"https:\\\/\\\/fcctp.usmp.edu.pe\\\/noticias\\\/#\\\/schema\\\/logo\\\/image\\\/\",\"url\":\"https:\\\/\\\/fcctp.usmp.edu.pe\\\/noticias\\\/wp-content\\\/uploads\\\/2022\\\/03\\\/logoFCCTP_60.svg\",\"contentUrl\":\"https:\\\/\\\/fcctp.usmp.edu.pe\\\/noticias\\\/wp-content\\\/uploads\\\/2022\\\/03\\\/logoFCCTP_60.svg\",\"width\":347,\"height\":66,\"caption\":\"Facultad de Ciencias de la Comunicaci\u00f3n, Turismo y Psicolog\u00eda\"},\"image\":{\"@id\":\"https:\\\/\\\/fcctp.usmp.edu.pe\\\/noticias\\\/#\\\/schema\\\/logo\\\/image\\\/\"},\"sameAs\":[\"https:\\\/\\\/www.facebook.com\\\/fcctp\",\"https:\\\/\\\/x.com\\\/fcctp_usmp\",\"https:\\\/\\\/www.instagram.com\\\/fcctp_usmp\\\/\"]},{\"@type\":\"Person\",\"@id\":\"https:\\\/\\\/fcctp.usmp.edu.pe\\\/noticias\\\/#\\\/schema\\\/person\\\/4fdff53bd44bf6f645fe381e079e1252\",\"name\":\"Omar Huaman\",\"image\":{\"@type\":\"ImageObject\",\"inLanguage\":\"es-PE\",\"@id\":\"https:\\\/\\\/secure.gravatar.com\\\/avatar\\\/1ec290616e6e3dc043e286f62b87c0f992c4889ead141b3e3dfc70d018a983e0?s=96&d=mm&r=g\",\"url\":\"https:\\\/\\\/secure.gravatar.com\\\/avatar\\\/1ec290616e6e3dc043e286f62b87c0f992c4889ead141b3e3dfc70d018a983e0?s=96&d=mm&r=g\",\"contentUrl\":\"https:\\\/\\\/secure.gravatar.com\\\/avatar\\\/1ec290616e6e3dc043e286f62b87c0f992c4889ead141b3e3dfc70d018a983e0?s=96&d=mm&r=g\",\"caption\":\"Omar Huaman\"},\"url\":\"https:\\\/\\\/fcctp.usmp.edu.pe\\\/noticias\\\/author\\\/notieditor\\\/\"}]}<\/script>\n<!-- \/ Yoast SEO plugin. -->","yoast_head_json":{"title":"La FCCTP fortalece la formaci\u00f3n de sus estudiantes con jornada acad\u00e9mica por el D\u00eda del Psic\u00f3logo - Noticias","robots":{"index":"index","follow":"follow","max-snippet":"max-snippet:-1","max-image-preview":"max-image-preview:large","max-video-preview":"max-video-preview:-1"},"canonical":"https:\/\/fcctp.usmp.edu.pe\/noticias\/psicologia\/la-fcctp-fortalece-la-formacion-de-sus-estudiantes-con-jornada-academica-por-el-dia-del-psicologo\/","og_locale":"es_ES","og_type":"article","og_title":"La FCCTP fortalece la formaci\u00f3n de sus estudiantes con jornada acad\u00e9mica por el D\u00eda del Psic\u00f3logo - Noticias","og_description":"En el marco del D\u00eda del Psic\u00f3logo, la Escuela Profesional de Psicolog\u00eda de la Facultad de Ciencias de la Comunicaci\u00f3n, Turismo y Psicolog\u00eda de la Universidad de San Mart\u00edn de Porres desarroll\u00f3 una jornada acad\u00e9mica que reuni\u00f3 a estudiantes de distintos ciclos en espacios de aprendizaje, reflexi\u00f3n y participaci\u00f3n activa. La programaci\u00f3n incluy\u00f3 diversas actividades ... Read more","og_url":"https:\/\/fcctp.usmp.edu.pe\/noticias\/psicologia\/la-fcctp-fortalece-la-formacion-de-sus-estudiantes-con-jornada-academica-por-el-dia-del-psicologo\/","og_site_name":"Noticias","article_publisher":"https:\/\/www.facebook.com\/fcctp","article_published_time":"2026-05-05T20:30:00+00:00","article_modified_time":"2026-05-05T20:34:09+00:00","og_image":[{"width":720,"height":450,"url":"https:\/\/fcctp.usmp.edu.pe\/noticias\/wp-content\/uploads\/2026\/05\/cover-psicologia.jpg","type":"image\/jpeg"}],"author":"Omar Huaman","twitter_card":"summary_large_image","twitter_creator":"@fcctp_usmp","twitter_site":"@fcctp_usmp","twitter_misc":{"Written by":"Omar Huaman","Est. reading time":"2 minutos"},"schema":{"@context":"https:\/\/schema.org","@graph":[{"@type":"Article","@id":"https:\/\/fcctp.usmp.edu.pe\/noticias\/psicologia\/la-fcctp-fortalece-la-formacion-de-sus-estudiantes-con-jornada-academica-por-el-dia-del-psicologo\/#article","isPartOf":{"@id":"https:\/\/fcctp.usmp.edu.pe\/noticias\/psicologia\/la-fcctp-fortalece-la-formacion-de-sus-estudiantes-con-jornada-academica-por-el-dia-del-psicologo\/"},"author":{"name":"Omar Huaman","@id":"https:\/\/fcctp.usmp.edu.pe\/noticias\/#\/schema\/person\/4fdff53bd44bf6f645fe381e079e1252"},"headline":"La FCCTP fortalece la formaci\u00f3n de sus estudiantes con jornada acad\u00e9mica por el D\u00eda del Psic\u00f3logo","datePublished":"2026-05-05T20:30:00+00:00","dateModified":"2026-05-05T20:34:09+00:00","mainEntityOfPage":{"@id":"https:\/\/fcctp.usmp.edu.pe\/noticias\/psicologia\/la-fcctp-fortalece-la-formacion-de-sus-estudiantes-con-jornada-academica-por-el-dia-del-psicologo\/"},"wordCount":365,"publisher":{"@id":"https:\/\/fcctp.usmp.edu.pe\/noticias\/#organization"},"image":{"@id":"https:\/\/fcctp.usmp.edu.pe\/noticias\/psicologia\/la-fcctp-fortalece-la-formacion-de-sus-estudiantes-con-jornada-academica-por-el-dia-del-psicologo\/#primaryimage"},"thumbnailUrl":"https:\/\/fcctp.usmp.edu.pe\/noticias\/wp-content\/uploads\/2026\/05\/cover-psicologia.jpg","keywords":["Brasil","FCCTP","Home FCCTP","Lo mas destacado","Psicolog\u00eda"],"articleSection":["Actividades destacadas","Actualidad","Psicolog\u00eda"],"inLanguage":"es-PE"},{"@type":"WebPage","@id":"https:\/\/fcctp.usmp.edu.pe\/noticias\/psicologia\/la-fcctp-fortalece-la-formacion-de-sus-estudiantes-con-jornada-academica-por-el-dia-del-psicologo\/","url":"https:\/\/fcctp.usmp.edu.pe\/noticias\/psicologia\/la-fcctp-fortalece-la-formacion-de-sus-estudiantes-con-jornada-academica-por-el-dia-del-psicologo\/","name":"La FCCTP fortalece la formaci\u00f3n de sus estudiantes con jornada acad\u00e9mica por el D\u00eda del Psic\u00f3logo - Noticias","isPartOf":{"@id":"https:\/\/fcctp.usmp.edu.pe\/noticias\/#website"},"primaryImageOfPage":{"@id":"https:\/\/fcctp.usmp.edu.pe\/noticias\/psicologia\/la-fcctp-fortalece-la-formacion-de-sus-estudiantes-con-jornada-academica-por-el-dia-del-psicologo\/#primaryimage"},"image":{"@id":"https:\/\/fcctp.usmp.edu.pe\/noticias\/psicologia\/la-fcctp-fortalece-la-formacion-de-sus-estudiantes-con-jornada-academica-por-el-dia-del-psicologo\/#primaryimage"},"thumbnailUrl":"https:\/\/fcctp.usmp.edu.pe\/noticias\/wp-content\/uploads\/2026\/05\/cover-psicologia.jpg","datePublished":"2026-05-05T20:30:00+00:00","dateModified":"2026-05-05T20:34:09+00:00","breadcrumb":{"@id":"https:\/\/fcctp.usmp.edu.pe\/noticias\/psicologia\/la-fcctp-fortalece-la-formacion-de-sus-estudiantes-con-jornada-academica-por-el-dia-del-psicologo\/#breadcrumb"},"inLanguage":"es-PE","potentialAction":[{"@type":"ReadAction","target":["https:\/\/fcctp.usmp.edu.pe\/noticias\/psicologia\/la-fcctp-fortalece-la-formacion-de-sus-estudiantes-con-jornada-academica-por-el-dia-del-psicologo\/"]}]},{"@type":"ImageObject","inLanguage":"es-PE","@id":"https:\/\/fcctp.usmp.edu.pe\/noticias\/psicologia\/la-fcctp-fortalece-la-formacion-de-sus-estudiantes-con-jornada-academica-por-el-dia-del-psicologo\/#primaryimage","url":"https:\/\/fcctp.usmp.edu.pe\/noticias\/wp-content\/uploads\/2026\/05\/cover-psicologia.jpg","contentUrl":"https:\/\/fcctp.usmp.edu.pe\/noticias\/wp-content\/uploads\/2026\/05\/cover-psicologia.jpg","width":720,"height":450},{"@type":"BreadcrumbList","@id":"https:\/\/fcctp.usmp.edu.pe\/noticias\/psicologia\/la-fcctp-fortalece-la-formacion-de-sus-estudiantes-con-jornada-academica-por-el-dia-del-psicologo\/#breadcrumb","itemListElement":[{"@type":"ListItem","position":1,"name":"Portada","item":"https:\/\/fcctp.usmp.edu.pe\/noticias\/"},{"@type":"ListItem","position":2,"name":"La FCCTP fortalece la formaci\u00f3n de sus estudiantes con jornada acad\u00e9mica por el D\u00eda del Psic\u00f3logo"}]},{"@type":"WebSite","@id":"https:\/\/fcctp.usmp.edu.pe\/noticias\/#website","url":"https:\/\/fcctp.usmp.edu.pe\/noticias\/","name":"Noticias FCCTP","description":"Facultad de Ciencias de la Comunicaci\u00f3n, Turismo y Psicolog\u00eda","publisher":{"@id":"https:\/\/fcctp.usmp.edu.pe\/noticias\/#organization"},"potentialAction":[{"@type":"SearchAction","target":{"@type":"EntryPoint","urlTemplate":"https:\/\/fcctp.usmp.edu.pe\/noticias\/?s={search_term_string}"},"query-input":{"@type":"PropertyValueSpecification","valueRequired":true,"valueName":"search_term_string"}}],"inLanguage":"es-PE"},{"@type":"Organization","@id":"https:\/\/fcctp.usmp.edu.pe\/noticias\/#organization","name":"Facultad de Ciencias de la Comunicaci\u00f3n, Turismo y Psicolog\u00eda","url":"https:\/\/fcctp.usmp.edu.pe\/noticias\/","logo":{"@type":"ImageObject","inLanguage":"es-PE","@id":"https:\/\/fcctp.usmp.edu.pe\/noticias\/#\/schema\/logo\/image\/","url":"https:\/\/fcctp.usmp.edu.pe\/noticias\/wp-content\/uploads\/2022\/03\/logoFCCTP_60.svg","contentUrl":"https:\/\/fcctp.usmp.edu.pe\/noticias\/wp-content\/uploads\/2022\/03\/logoFCCTP_60.svg","width":347,"height":66,"caption":"Facultad de Ciencias de la Comunicaci\u00f3n, Turismo y Psicolog\u00eda"},"image":{"@id":"https:\/\/fcctp.usmp.edu.pe\/noticias\/#\/schema\/logo\/image\/"},"sameAs":["https:\/\/www.facebook.com\/fcctp","https:\/\/x.com\/fcctp_usmp","https:\/\/www.instagram.com\/fcctp_usmp\/"]},{"@type":"Person","@id":"https:\/\/fcctp.usmp.edu.pe\/noticias\/#\/schema\/person\/4fdff53bd44bf6f645fe381e079e1252","name":"Omar Huaman","image":{"@type":"ImageObject","inLanguage":"es-PE","@id":"https:\/\/secure.gravatar.com\/avatar\/1ec290616e6e3dc043e286f62b87c0f992c4889ead141b3e3dfc70d018a983e0?s=96&d=mm&r=g","url":"https:\/\/secure.gravatar.com\/avatar\/1ec290616e6e3dc043e286f62b87c0f992c4889ead141b3e3dfc70d018a983e0?s=96&d=mm&r=g","contentUrl":"https:\/\/secure.gravatar.com\/avatar\/1ec290616e6e3dc043e286f62b87c0f992c4889ead141b3e3dfc70d018a983e0?s=96&d=mm&r=g","caption":"Omar Huaman"},"url":"https:\/\/fcctp.usmp.edu.pe\/noticias\/author\/notieditor\/"}]}},"_links":{"self":[{"href":"https:\/\/fcctp.usmp.edu.pe\/noticias\/wp-json\/wp\/v2\/posts\/10045","targetHints":{"allow":["GET"]}}],"collection":[{"href":"https:\/\/fcctp.usmp.edu.pe\/noticias\/wp-json\/wp\/v2\/posts"}],"about":[{"href":"https:\/\/fcctp.usmp.edu.pe\/noticias\/wp-json\/wp\/v2\/types\/post"}],"author":[{"embeddable":true,"href":"https:\/\/fcctp.usmp.edu.pe\/noticias\/wp-json\/wp\/v2\/users\/2"}],"replies":[{"embeddable":true,"href":"https:\/\/fcctp.usmp.edu.pe\/noticias\/wp-json\/wp\/v2\/comments?post=10045"}],"version-history":[{"count":2,"href":"https:\/\/fcctp.usmp.edu.pe\/noticias\/wp-json\/wp\/v2\/posts\/10045\/revisions"}],"predecessor-version":[{"id":10054,"href":"https:\/\/fcctp.usmp.edu.pe\/noticias\/wp-json\/wp\/v2\/posts\/10045\/revisions\/10054"}],"wp:featuredmedia":[{"embeddable":true,"href":"https:\/\/fcctp.usmp.edu.pe\/noticias\/wp-json\/wp\/v2\/media\/10052"}],"wp:attachment":[{"href":"https:\/\/fcctp.usmp.edu.pe\/noticias\/wp-json\/wp\/v2\/media?parent=10045"}],"wp:term":[{"taxonomy":"category","embeddable":true,"href":"https:\/\/fcctp.usmp.edu.pe\/noticias\/wp-json\/wp\/v2\/categories?post=10045"},{"taxonomy":"post_tag","embeddable":true,"href":"https:\/\/fcctp.usmp.edu.pe\/noticias\/wp-json\/wp\/v2\/tags?post=10045"}],"curies":[{"name":"wp","href":"https:\/\/api.w.org\/{rel}","templated":true}]}}