{"id":10037,"date":"2026-04-27T21:32:20","date_gmt":"2026-04-27T21:32:20","guid":{"rendered":"https:\/\/fcctp.usmp.edu.pe\/noticias\/?p=10037"},"modified":"2026-04-27T21:32:20","modified_gmt":"2026-04-27T21:32:20","slug":"la-fcctp-impulsa-alianza-academica-internacional-con-visita-de-destacada-investigadora-de-la-pucrs-de-brasil","status":"publish","type":"post","link":"https:\/\/fcctp.usmp.edu.pe\/noticias\/actividades-destacadas\/la-fcctp-impulsa-alianza-academica-internacional-con-visita-de-destacada-investigadora-de-la-pucrs-de-brasil\/","title":{"rendered":"La FCCTP impulsa alianza acad\u00e9mica internacional con visita de destacada investigadora de la PUCRS de Brasil"},"content":{"rendered":"<p>La Facultad de Ciencias de la Comunicaci\u00f3n, Turismo y Psicolog\u00eda de la USMP recibi\u00f3 la visita acad\u00e9mica internacional de la Dra. Karen P. Del Rio Szupszynski, especialista de la Pontif\u00edcia Universidade Cat\u00f3lica do Rio Grande do Sul, en una jornada orientada al fortalecimiento acad\u00e9mico, la internacionalizaci\u00f3n y la proyecci\u00f3n de futuras acciones conjuntas entre ambas instituciones.<\/p>\n<p>En el marco de esta visita, la Dra. Amybel S\u00e1nchez de Walther, decana de la Facultad, sostuvo una reuni\u00f3n institucional con la Dra. Del Rio Szupszynski, en la que dialogaron sobre oportunidades de cooperaci\u00f3n acad\u00e9mica, movilidad docente, investigaci\u00f3n conjunta y desarrollo de iniciativas orientadas al crecimiento de ambas comunidades universitarias.<\/p>\n<p>Este encuentro permiti\u00f3 sentar las bases para una futura alianza estrat\u00e9gica entre la Universidad de San Mart\u00edn de Porres y la Pontif\u00edcia Universidade Cat\u00f3lica do Rio Grande do Sul, abriendo nuevas posibilidades de colaboraci\u00f3n en beneficio de estudiantes, docentes e investigadores.<\/p>\n<p>Como parte de su agenda en la facultad, la reconocida investigadora ofreci\u00f3 la ponencia \u201cLa pr\u00e1ctica basada en evidencias: la ciencia en conexi\u00f3n con la pr\u00e1ctica\u201d, dirigida a estudiantes de Psicolog\u00eda. La actividad permiti\u00f3 reflexionar sobre la integraci\u00f3n entre la investigaci\u00f3n cient\u00edfica y el ejercicio profesional, aportando herramientas actuales para una formaci\u00f3n universitaria de excelencia.<\/p>\n<p>Esta actividad reafirma el compromiso de la Universidad de San Mart\u00edn de Porres con la internacionalizaci\u00f3n, la excelencia acad\u00e9mica y la generaci\u00f3n de espacios de intercambio que contribuyen al desarrollo profesional de su comunidad universitaria.<\/p>\n<div id='gallery-1' class='gallery galleryid-10037 gallery-columns-2 gallery-size-full'><figure class='gallery-item'>\n\t\t\t<div class='gallery-icon portrait'>\n\t\t\t\t<img loading=\"lazy\" decoding=\"async\" width=\"1024\" height=\"1280\" src=\"https:\/\/fcctp.usmp.edu.pe\/noticias\/wp-content\/uploads\/2026\/04\/visita-rio-01.jpg\" class=\"attachment-full size-full\" alt=\"\" \/>\n\t\t\t<\/div><\/figure><figure class='gallery-item'>\n\t\t\t<div class='gallery-icon portrait'>\n\t\t\t\t<img loading=\"lazy\" decoding=\"async\" width=\"1024\" height=\"1280\" src=\"https:\/\/fcctp.usmp.edu.pe\/noticias\/wp-content\/uploads\/2026\/04\/visita-rio-02.jpg\" class=\"attachment-full size-full\" alt=\"\" \/>\n\t\t\t<\/div><\/figure><figure class='gallery-item'>\n\t\t\t<div class='gallery-icon portrait'>\n\t\t\t\t<img loading=\"lazy\" decoding=\"async\" width=\"1024\" height=\"1280\" src=\"https:\/\/fcctp.usmp.edu.pe\/noticias\/wp-content\/uploads\/2026\/04\/visita-rio-03.jpg\" class=\"attachment-full size-full\" alt=\"\" \/>\n\t\t\t<\/div><\/figure><figure class='gallery-item'>\n\t\t\t<div class='gallery-icon portrait'>\n\t\t\t\t<img loading=\"lazy\" decoding=\"async\" width=\"1024\" height=\"1280\" src=\"https:\/\/fcctp.usmp.edu.pe\/noticias\/wp-content\/uploads\/2026\/04\/visita-rio-04.jpg\" class=\"attachment-full size-full\" alt=\"\" \/>\n\t\t\t<\/div><\/figure>\n\t\t<\/div>\n\n","protected":false},"excerpt":{"rendered":"<p>La Facultad de Ciencias de la Comunicaci\u00f3n, Turismo y Psicolog\u00eda de la USMP recibi\u00f3 la visita acad\u00e9mica internacional de la Dra. Karen P. Del Rio Szupszynski, especialista de la Pontif\u00edcia Universidade Cat\u00f3lica do Rio Grande do Sul, en una jornada orientada al fortalecimiento acad\u00e9mico, la internacionalizaci\u00f3n y la proyecci\u00f3n de futuras acciones conjuntas entre ambas &#8230; <a title=\"La FCCTP impulsa alianza acad\u00e9mica internacional con visita de destacada investigadora de la PUCRS de Brasil\" class=\"read-more\" href=\"https:\/\/fcctp.usmp.edu.pe\/noticias\/actividades-destacadas\/la-fcctp-impulsa-alianza-academica-internacional-con-visita-de-destacada-investigadora-de-la-pucrs-de-brasil\/\" aria-label=\"More on La FCCTP impulsa alianza acad\u00e9mica internacional con visita de destacada investigadora de la PUCRS de Brasil\">Read more<\/a><\/p>\n","protected":false},"author":2,"featured_media":10038,"comment_status":"closed","ping_status":"closed","sticky":false,"template":"","format":"standard","meta":{"footnotes":""},"categories":[31,35],"tags":[150,147,47,46],"class_list":["post-10037","post","type-post","status-publish","format-standard","has-post-thumbnail","hentry","category-actividades-destacadas","category-actualidad","tag-brasil","tag-fcctp","tag-home-fcctp","tag-lo-mas-destacado"],"_links":{"self":[{"href":"https:\/\/fcctp.usmp.edu.pe\/noticias\/wp-json\/wp\/v2\/posts\/10037","targetHints":{"allow":["GET"]}}],"collection":[{"href":"https:\/\/fcctp.usmp.edu.pe\/noticias\/wp-json\/wp\/v2\/posts"}],"about":[{"href":"https:\/\/fcctp.usmp.edu.pe\/noticias\/wp-json\/wp\/v2\/types\/post"}],"author":[{"embeddable":true,"href":"https:\/\/fcctp.usmp.edu.pe\/noticias\/wp-json\/wp\/v2\/users\/2"}],"replies":[{"embeddable":true,"href":"https:\/\/fcctp.usmp.edu.pe\/noticias\/wp-json\/wp\/v2\/comments?post=10037"}],"version-history":[{"count":1,"href":"https:\/\/fcctp.usmp.edu.pe\/noticias\/wp-json\/wp\/v2\/posts\/10037\/revisions"}],"predecessor-version":[{"id":10043,"href":"https:\/\/fcctp.usmp.edu.pe\/noticias\/wp-json\/wp\/v2\/posts\/10037\/revisions\/10043"}],"wp:featuredmedia":[{"embeddable":true,"href":"https:\/\/fcctp.usmp.edu.pe\/noticias\/wp-json\/wp\/v2\/media\/10038"}],"wp:attachment":[{"href":"https:\/\/fcctp.usmp.edu.pe\/noticias\/wp-json\/wp\/v2\/media?parent=10037"}],"wp:term":[{"taxonomy":"category","embeddable":true,"href":"https:\/\/fcctp.usmp.edu.pe\/noticias\/wp-json\/wp\/v2\/categories?post=10037"},{"taxonomy":"post_tag","embeddable":true,"href":"https:\/\/fcctp.usmp.edu.pe\/noticias\/wp-json\/wp\/v2\/tags?post=10037"}],"curies":[{"name":"wp","href":"https:\/\/api.w.org\/{rel}","templated":true}]}}