{"id":10028,"date":"2026-04-24T14:27:33","date_gmt":"2026-04-24T14:27:33","guid":{"rendered":"https:\/\/fcctp.usmp.edu.pe\/noticias\/?p=10028"},"modified":"2026-04-24T14:27:33","modified_gmt":"2026-04-24T14:27:33","slug":"fcctp-consolida-vinculos-de-cooperacion-con-la-universidad-autonoma-de-bucaramanga","status":"publish","type":"post","link":"https:\/\/fcctp.usmp.edu.pe\/noticias\/actividades-destacadas\/fcctp-consolida-vinculos-de-cooperacion-con-la-universidad-autonoma-de-bucaramanga\/","title":{"rendered":"FCCTP consolida v\u00ednculos de cooperaci\u00f3n con la Universidad Aut\u00f3noma de Bucaramanga"},"content":{"rendered":"<p>En el marco del convenio suscrito entre la USMP y la Universidad Aut\u00f3noma de Bucaramanga (Colombia), la Facultad de Ciencias de la Comunicaci\u00f3n, Turismo y Psicolog\u00eda (FCCTP) recibi\u00f3 la visita del Dr. Franz Dieter Hensel Riveros, Vicerrector Acad\u00e9mico, y la Mag. Claudia Marcela Molina G\u00f3mez, Directora de Relaciones Nacionales e Internacionales de dicha casa de estudios, con el objetivo de fortalecer los lazos de cooperaci\u00f3n y el intercambio acad\u00e9mico entre ambas instituciones.<\/p>\n<p>Durante la jornada, la decana de la FCCTP, Dra. Amybel S\u00e1nchez de Walther, acompa\u00f1\u00f3 a la delegaci\u00f3n internacional en un recorrido por las instalaciones de la Facultad, presentando los principales espacios acad\u00e9micos, tecnol\u00f3gicos y de soporte estudiantil que forman parte de la propuesta educativa de nuestras tres escuelas profesionales.<\/p>\n<p>En el caso de Ciencias de la Comunicaci\u00f3n, se destac\u00f3 su estructura formativa orientada al desarrollo de competencias en \u00e1reas como publicidad, comunicaci\u00f3n audiovisual, periodismo y relaciones p\u00fablicas. Asimismo, se dieron a conocer los enfoques acad\u00e9micos de las escuelas de Turismo y Psicolog\u00eda, que integran formaci\u00f3n te\u00f3rica, pr\u00e1cticas preprofesionales y actividades de proyecci\u00f3n social.<\/p>\n<p>La comitiva tambi\u00e9n visit\u00f3 ambientes dise\u00f1ados para fomentar la creatividad, la innovaci\u00f3n y el trabajo colaborativo, entre ellos salas de c\u00f3mputo, biblioteca y espacios destinados al acompa\u00f1amiento acad\u00e9mico del alumnado.<\/p>\n<p>Como parte del v\u00ednculo entre ambas instituciones, se resalt\u00f3 la vigencia del convenio de beca de reciprocidad para el intercambio estudiantil, mediante el cual anualmente se recibe a estudiantes internacionales y, a su vez, estudiantes de la FCCTP realizan una estancia acad\u00e9mica en el extranjero.<\/p>\n<div id='gallery-1' class='gallery galleryid-10028 gallery-columns-1 gallery-size-full'><figure class='gallery-item'>\n\t\t\t<div class='gallery-icon landscape'>\n\t\t\t\t<img loading=\"lazy\" decoding=\"async\" width=\"1024\" height=\"683\" src=\"https:\/\/fcctp.usmp.edu.pe\/noticias\/wp-content\/uploads\/2026\/04\/cooperacion-universidad-autonoma-bucaramanga-01.jpg\" class=\"attachment-full size-full\" alt=\"\" \/>\n\t\t\t<\/div><\/figure><figure class='gallery-item'>\n\t\t\t<div class='gallery-icon landscape'>\n\t\t\t\t<img loading=\"lazy\" decoding=\"async\" width=\"1024\" height=\"683\" src=\"https:\/\/fcctp.usmp.edu.pe\/noticias\/wp-content\/uploads\/2026\/04\/cooperacion-universidad-autonoma-bucaramanga-02.jpg\" class=\"attachment-full size-full\" alt=\"\" \/>\n\t\t\t<\/div><\/figure><figure class='gallery-item'>\n\t\t\t<div class='gallery-icon landscape'>\n\t\t\t\t<img loading=\"lazy\" decoding=\"async\" width=\"1024\" height=\"683\" src=\"https:\/\/fcctp.usmp.edu.pe\/noticias\/wp-content\/uploads\/2026\/04\/cooperacion-universidad-autonoma-bucaramanga-03.jpg\" class=\"attachment-full size-full\" alt=\"\" \/>\n\t\t\t<\/div><\/figure><figure class='gallery-item'>\n\t\t\t<div class='gallery-icon landscape'>\n\t\t\t\t<img loading=\"lazy\" decoding=\"async\" width=\"1024\" height=\"683\" src=\"https:\/\/fcctp.usmp.edu.pe\/noticias\/wp-content\/uploads\/2026\/04\/cooperacion-universidad-autonoma-bucaramanga-04.jpg\" class=\"attachment-full size-full\" alt=\"\" \/>\n\t\t\t<\/div><\/figure>\n\t\t<\/div>\n\n<p>&nbsp;<\/p>\n<p>&nbsp;<\/p>\n","protected":false},"excerpt":{"rendered":"<p>En el marco del convenio suscrito entre la USMP y la Universidad Aut\u00f3noma de Bucaramanga (Colombia), la Facultad de Ciencias de la Comunicaci\u00f3n, Turismo y Psicolog\u00eda (FCCTP) recibi\u00f3 la visita del Dr. Franz Dieter Hensel Riveros, Vicerrector Acad\u00e9mico, y la Mag. Claudia Marcela Molina G\u00f3mez, Directora de Relaciones Nacionales e Internacionales de dicha casa de &#8230; <a title=\"FCCTP consolida v\u00ednculos de cooperaci\u00f3n con la Universidad Aut\u00f3noma de Bucaramanga\" class=\"read-more\" href=\"https:\/\/fcctp.usmp.edu.pe\/noticias\/actividades-destacadas\/fcctp-consolida-vinculos-de-cooperacion-con-la-universidad-autonoma-de-bucaramanga\/\" aria-label=\"More on FCCTP consolida v\u00ednculos de cooperaci\u00f3n con la Universidad Aut\u00f3noma de Bucaramanga\">Read more<\/a><\/p>\n","protected":false},"author":2,"featured_media":10033,"comment_status":"closed","ping_status":"closed","sticky":false,"template":"","format":"standard","meta":{"footnotes":""},"categories":[31,35],"tags":[118,147,47,46],"class_list":["post-10028","post","type-post","status-publish","format-standard","has-post-thumbnail","hentry","category-actividades-destacadas","category-actualidad","tag-colombia","tag-fcctp","tag-home-fcctp","tag-lo-mas-destacado"],"yoast_head":"<!-- This site is optimized with the Yoast SEO plugin v28.3 - https:\/\/yoast.com\/product\/yoast-seo-wordpress\/ -->\n<title>FCCTP consolida v\u00ednculos de cooperaci\u00f3n con la Universidad Aut\u00f3noma de Bucaramanga - Noticias<\/title>\n<meta name=\"robots\" content=\"index, follow, max-snippet:-1, max-image-preview:large, max-video-preview:-1\" \/>\n<link rel=\"canonical\" href=\"https:\/\/fcctp.usmp.edu.pe\/noticias\/actividades-destacadas\/fcctp-consolida-vinculos-de-cooperacion-con-la-universidad-autonoma-de-bucaramanga\/\" \/>\n<meta property=\"og:locale\" content=\"es_ES\" \/>\n<meta property=\"og:type\" content=\"article\" \/>\n<meta property=\"og:title\" content=\"FCCTP consolida v\u00ednculos de cooperaci\u00f3n con la Universidad Aut\u00f3noma de Bucaramanga - Noticias\" \/>\n<meta property=\"og:description\" content=\"En el marco del convenio suscrito entre la USMP y la Universidad Aut\u00f3noma de Bucaramanga (Colombia), la Facultad de Ciencias de la Comunicaci\u00f3n, Turismo y Psicolog\u00eda (FCCTP) recibi\u00f3 la visita del Dr. Franz Dieter Hensel Riveros, Vicerrector Acad\u00e9mico, y la Mag. Claudia Marcela Molina G\u00f3mez, Directora de Relaciones Nacionales e Internacionales de dicha casa de ... Read more\" \/>\n<meta property=\"og:url\" content=\"https:\/\/fcctp.usmp.edu.pe\/noticias\/actividades-destacadas\/fcctp-consolida-vinculos-de-cooperacion-con-la-universidad-autonoma-de-bucaramanga\/\" \/>\n<meta property=\"og:site_name\" content=\"Noticias\" \/>\n<meta property=\"article:publisher\" content=\"https:\/\/www.facebook.com\/fcctp\" \/>\n<meta property=\"article:published_time\" content=\"2026-04-24T14:27:33+00:00\" \/>\n<meta property=\"og:image\" content=\"https:\/\/fcctp.usmp.edu.pe\/noticias\/wp-content\/uploads\/2026\/04\/cover-cooperacion-universidad-autonoma-bucaramanga.jpg\" \/>\n\t<meta property=\"og:image:width\" content=\"720\" \/>\n\t<meta property=\"og:image:height\" content=\"450\" \/>\n\t<meta property=\"og:image:type\" content=\"image\/jpeg\" \/>\n<meta name=\"author\" content=\"Omar Huaman\" \/>\n<meta name=\"twitter:card\" content=\"summary_large_image\" \/>\n<meta name=\"twitter:creator\" content=\"@fcctp_usmp\" \/>\n<meta name=\"twitter:site\" content=\"@fcctp_usmp\" \/>\n<meta name=\"twitter:label1\" content=\"Written by\" \/>\n\t<meta name=\"twitter:data1\" content=\"Omar Huaman\" \/>\n\t<meta name=\"twitter:label2\" content=\"Est. reading time\" \/>\n\t<meta name=\"twitter:data2\" content=\"1 minuto\" \/>\n<script type=\"application\/ld+json\" class=\"yoast-schema-graph\">{\"@context\":\"https:\\\/\\\/schema.org\",\"@graph\":[{\"@type\":\"Article\",\"@id\":\"https:\\\/\\\/fcctp.usmp.edu.pe\\\/noticias\\\/actividades-destacadas\\\/fcctp-consolida-vinculos-de-cooperacion-con-la-universidad-autonoma-de-bucaramanga\\\/#article\",\"isPartOf\":{\"@id\":\"https:\\\/\\\/fcctp.usmp.edu.pe\\\/noticias\\\/actividades-destacadas\\\/fcctp-consolida-vinculos-de-cooperacion-con-la-universidad-autonoma-de-bucaramanga\\\/\"},\"author\":{\"name\":\"Omar Huaman\",\"@id\":\"https:\\\/\\\/fcctp.usmp.edu.pe\\\/noticias\\\/#\\\/schema\\\/person\\\/4fdff53bd44bf6f645fe381e079e1252\"},\"headline\":\"FCCTP consolida v\u00ednculos de cooperaci\u00f3n con la Universidad Aut\u00f3noma de Bucaramanga\",\"datePublished\":\"2026-04-24T14:27:33+00:00\",\"mainEntityOfPage\":{\"@id\":\"https:\\\/\\\/fcctp.usmp.edu.pe\\\/noticias\\\/actividades-destacadas\\\/fcctp-consolida-vinculos-de-cooperacion-con-la-universidad-autonoma-de-bucaramanga\\\/\"},\"wordCount\":301,\"publisher\":{\"@id\":\"https:\\\/\\\/fcctp.usmp.edu.pe\\\/noticias\\\/#organization\"},\"image\":{\"@id\":\"https:\\\/\\\/fcctp.usmp.edu.pe\\\/noticias\\\/actividades-destacadas\\\/fcctp-consolida-vinculos-de-cooperacion-con-la-universidad-autonoma-de-bucaramanga\\\/#primaryimage\"},\"thumbnailUrl\":\"https:\\\/\\\/fcctp.usmp.edu.pe\\\/noticias\\\/wp-content\\\/uploads\\\/2026\\\/04\\\/cover-cooperacion-universidad-autonoma-bucaramanga.jpg\",\"keywords\":[\"Colombia\",\"FCCTP\",\"Home FCCTP\",\"Lo mas destacado\"],\"articleSection\":[\"Actividades destacadas\",\"Actualidad\"],\"inLanguage\":\"es-PE\"},{\"@type\":\"WebPage\",\"@id\":\"https:\\\/\\\/fcctp.usmp.edu.pe\\\/noticias\\\/actividades-destacadas\\\/fcctp-consolida-vinculos-de-cooperacion-con-la-universidad-autonoma-de-bucaramanga\\\/\",\"url\":\"https:\\\/\\\/fcctp.usmp.edu.pe\\\/noticias\\\/actividades-destacadas\\\/fcctp-consolida-vinculos-de-cooperacion-con-la-universidad-autonoma-de-bucaramanga\\\/\",\"name\":\"FCCTP consolida v\u00ednculos de cooperaci\u00f3n con la Universidad Aut\u00f3noma de Bucaramanga - Noticias\",\"isPartOf\":{\"@id\":\"https:\\\/\\\/fcctp.usmp.edu.pe\\\/noticias\\\/#website\"},\"primaryImageOfPage\":{\"@id\":\"https:\\\/\\\/fcctp.usmp.edu.pe\\\/noticias\\\/actividades-destacadas\\\/fcctp-consolida-vinculos-de-cooperacion-con-la-universidad-autonoma-de-bucaramanga\\\/#primaryimage\"},\"image\":{\"@id\":\"https:\\\/\\\/fcctp.usmp.edu.pe\\\/noticias\\\/actividades-destacadas\\\/fcctp-consolida-vinculos-de-cooperacion-con-la-universidad-autonoma-de-bucaramanga\\\/#primaryimage\"},\"thumbnailUrl\":\"https:\\\/\\\/fcctp.usmp.edu.pe\\\/noticias\\\/wp-content\\\/uploads\\\/2026\\\/04\\\/cover-cooperacion-universidad-autonoma-bucaramanga.jpg\",\"datePublished\":\"2026-04-24T14:27:33+00:00\",\"breadcrumb\":{\"@id\":\"https:\\\/\\\/fcctp.usmp.edu.pe\\\/noticias\\\/actividades-destacadas\\\/fcctp-consolida-vinculos-de-cooperacion-con-la-universidad-autonoma-de-bucaramanga\\\/#breadcrumb\"},\"inLanguage\":\"es-PE\",\"potentialAction\":[{\"@type\":\"ReadAction\",\"target\":[\"https:\\\/\\\/fcctp.usmp.edu.pe\\\/noticias\\\/actividades-destacadas\\\/fcctp-consolida-vinculos-de-cooperacion-con-la-universidad-autonoma-de-bucaramanga\\\/\"]}]},{\"@type\":\"ImageObject\",\"inLanguage\":\"es-PE\",\"@id\":\"https:\\\/\\\/fcctp.usmp.edu.pe\\\/noticias\\\/actividades-destacadas\\\/fcctp-consolida-vinculos-de-cooperacion-con-la-universidad-autonoma-de-bucaramanga\\\/#primaryimage\",\"url\":\"https:\\\/\\\/fcctp.usmp.edu.pe\\\/noticias\\\/wp-content\\\/uploads\\\/2026\\\/04\\\/cover-cooperacion-universidad-autonoma-bucaramanga.jpg\",\"contentUrl\":\"https:\\\/\\\/fcctp.usmp.edu.pe\\\/noticias\\\/wp-content\\\/uploads\\\/2026\\\/04\\\/cover-cooperacion-universidad-autonoma-bucaramanga.jpg\",\"width\":720,\"height\":450},{\"@type\":\"BreadcrumbList\",\"@id\":\"https:\\\/\\\/fcctp.usmp.edu.pe\\\/noticias\\\/actividades-destacadas\\\/fcctp-consolida-vinculos-de-cooperacion-con-la-universidad-autonoma-de-bucaramanga\\\/#breadcrumb\",\"itemListElement\":[{\"@type\":\"ListItem\",\"position\":1,\"name\":\"Portada\",\"item\":\"https:\\\/\\\/fcctp.usmp.edu.pe\\\/noticias\\\/\"},{\"@type\":\"ListItem\",\"position\":2,\"name\":\"FCCTP consolida v\u00ednculos de cooperaci\u00f3n con la Universidad Aut\u00f3noma de Bucaramanga\"}]},{\"@type\":\"WebSite\",\"@id\":\"https:\\\/\\\/fcctp.usmp.edu.pe\\\/noticias\\\/#website\",\"url\":\"https:\\\/\\\/fcctp.usmp.edu.pe\\\/noticias\\\/\",\"name\":\"Noticias FCCTP\",\"description\":\"Facultad de Ciencias de la Comunicaci\u00f3n, Turismo y Psicolog\u00eda\",\"publisher\":{\"@id\":\"https:\\\/\\\/fcctp.usmp.edu.pe\\\/noticias\\\/#organization\"},\"potentialAction\":[{\"@type\":\"SearchAction\",\"target\":{\"@type\":\"EntryPoint\",\"urlTemplate\":\"https:\\\/\\\/fcctp.usmp.edu.pe\\\/noticias\\\/?s={search_term_string}\"},\"query-input\":{\"@type\":\"PropertyValueSpecification\",\"valueRequired\":true,\"valueName\":\"search_term_string\"}}],\"inLanguage\":\"es-PE\"},{\"@type\":\"Organization\",\"@id\":\"https:\\\/\\\/fcctp.usmp.edu.pe\\\/noticias\\\/#organization\",\"name\":\"Facultad de Ciencias de la Comunicaci\u00f3n, Turismo y Psicolog\u00eda\",\"url\":\"https:\\\/\\\/fcctp.usmp.edu.pe\\\/noticias\\\/\",\"logo\":{\"@type\":\"ImageObject\",\"inLanguage\":\"es-PE\",\"@id\":\"https:\\\/\\\/fcctp.usmp.edu.pe\\\/noticias\\\/#\\\/schema\\\/logo\\\/image\\\/\",\"url\":\"https:\\\/\\\/fcctp.usmp.edu.pe\\\/noticias\\\/wp-content\\\/uploads\\\/2022\\\/03\\\/logoFCCTP_60.svg\",\"contentUrl\":\"https:\\\/\\\/fcctp.usmp.edu.pe\\\/noticias\\\/wp-content\\\/uploads\\\/2022\\\/03\\\/logoFCCTP_60.svg\",\"width\":347,\"height\":66,\"caption\":\"Facultad de Ciencias de la Comunicaci\u00f3n, Turismo y Psicolog\u00eda\"},\"image\":{\"@id\":\"https:\\\/\\\/fcctp.usmp.edu.pe\\\/noticias\\\/#\\\/schema\\\/logo\\\/image\\\/\"},\"sameAs\":[\"https:\\\/\\\/www.facebook.com\\\/fcctp\",\"https:\\\/\\\/x.com\\\/fcctp_usmp\",\"https:\\\/\\\/www.instagram.com\\\/fcctp_usmp\\\/\"]},{\"@type\":\"Person\",\"@id\":\"https:\\\/\\\/fcctp.usmp.edu.pe\\\/noticias\\\/#\\\/schema\\\/person\\\/4fdff53bd44bf6f645fe381e079e1252\",\"name\":\"Omar Huaman\",\"image\":{\"@type\":\"ImageObject\",\"inLanguage\":\"es-PE\",\"@id\":\"https:\\\/\\\/secure.gravatar.com\\\/avatar\\\/1ec290616e6e3dc043e286f62b87c0f992c4889ead141b3e3dfc70d018a983e0?s=96&d=mm&r=g\",\"url\":\"https:\\\/\\\/secure.gravatar.com\\\/avatar\\\/1ec290616e6e3dc043e286f62b87c0f992c4889ead141b3e3dfc70d018a983e0?s=96&d=mm&r=g\",\"contentUrl\":\"https:\\\/\\\/secure.gravatar.com\\\/avatar\\\/1ec290616e6e3dc043e286f62b87c0f992c4889ead141b3e3dfc70d018a983e0?s=96&d=mm&r=g\",\"caption\":\"Omar Huaman\"},\"url\":\"https:\\\/\\\/fcctp.usmp.edu.pe\\\/noticias\\\/author\\\/notieditor\\\/\"}]}<\/script>\n<!-- \/ Yoast SEO plugin. -->","yoast_head_json":{"title":"FCCTP consolida v\u00ednculos de cooperaci\u00f3n con la Universidad Aut\u00f3noma de Bucaramanga - Noticias","robots":{"index":"index","follow":"follow","max-snippet":"max-snippet:-1","max-image-preview":"max-image-preview:large","max-video-preview":"max-video-preview:-1"},"canonical":"https:\/\/fcctp.usmp.edu.pe\/noticias\/actividades-destacadas\/fcctp-consolida-vinculos-de-cooperacion-con-la-universidad-autonoma-de-bucaramanga\/","og_locale":"es_ES","og_type":"article","og_title":"FCCTP consolida v\u00ednculos de cooperaci\u00f3n con la Universidad Aut\u00f3noma de Bucaramanga - Noticias","og_description":"En el marco del convenio suscrito entre la USMP y la Universidad Aut\u00f3noma de Bucaramanga (Colombia), la Facultad de Ciencias de la Comunicaci\u00f3n, Turismo y Psicolog\u00eda (FCCTP) recibi\u00f3 la visita del Dr. Franz Dieter Hensel Riveros, Vicerrector Acad\u00e9mico, y la Mag. Claudia Marcela Molina G\u00f3mez, Directora de Relaciones Nacionales e Internacionales de dicha casa de ... Read more","og_url":"https:\/\/fcctp.usmp.edu.pe\/noticias\/actividades-destacadas\/fcctp-consolida-vinculos-de-cooperacion-con-la-universidad-autonoma-de-bucaramanga\/","og_site_name":"Noticias","article_publisher":"https:\/\/www.facebook.com\/fcctp","article_published_time":"2026-04-24T14:27:33+00:00","og_image":[{"width":720,"height":450,"url":"https:\/\/fcctp.usmp.edu.pe\/noticias\/wp-content\/uploads\/2026\/04\/cover-cooperacion-universidad-autonoma-bucaramanga.jpg","type":"image\/jpeg"}],"author":"Omar Huaman","twitter_card":"summary_large_image","twitter_creator":"@fcctp_usmp","twitter_site":"@fcctp_usmp","twitter_misc":{"Written by":"Omar Huaman","Est. reading time":"1 minuto"},"schema":{"@context":"https:\/\/schema.org","@graph":[{"@type":"Article","@id":"https:\/\/fcctp.usmp.edu.pe\/noticias\/actividades-destacadas\/fcctp-consolida-vinculos-de-cooperacion-con-la-universidad-autonoma-de-bucaramanga\/#article","isPartOf":{"@id":"https:\/\/fcctp.usmp.edu.pe\/noticias\/actividades-destacadas\/fcctp-consolida-vinculos-de-cooperacion-con-la-universidad-autonoma-de-bucaramanga\/"},"author":{"name":"Omar Huaman","@id":"https:\/\/fcctp.usmp.edu.pe\/noticias\/#\/schema\/person\/4fdff53bd44bf6f645fe381e079e1252"},"headline":"FCCTP consolida v\u00ednculos de cooperaci\u00f3n con la Universidad Aut\u00f3noma de Bucaramanga","datePublished":"2026-04-24T14:27:33+00:00","mainEntityOfPage":{"@id":"https:\/\/fcctp.usmp.edu.pe\/noticias\/actividades-destacadas\/fcctp-consolida-vinculos-de-cooperacion-con-la-universidad-autonoma-de-bucaramanga\/"},"wordCount":301,"publisher":{"@id":"https:\/\/fcctp.usmp.edu.pe\/noticias\/#organization"},"image":{"@id":"https:\/\/fcctp.usmp.edu.pe\/noticias\/actividades-destacadas\/fcctp-consolida-vinculos-de-cooperacion-con-la-universidad-autonoma-de-bucaramanga\/#primaryimage"},"thumbnailUrl":"https:\/\/fcctp.usmp.edu.pe\/noticias\/wp-content\/uploads\/2026\/04\/cover-cooperacion-universidad-autonoma-bucaramanga.jpg","keywords":["Colombia","FCCTP","Home FCCTP","Lo mas destacado"],"articleSection":["Actividades destacadas","Actualidad"],"inLanguage":"es-PE"},{"@type":"WebPage","@id":"https:\/\/fcctp.usmp.edu.pe\/noticias\/actividades-destacadas\/fcctp-consolida-vinculos-de-cooperacion-con-la-universidad-autonoma-de-bucaramanga\/","url":"https:\/\/fcctp.usmp.edu.pe\/noticias\/actividades-destacadas\/fcctp-consolida-vinculos-de-cooperacion-con-la-universidad-autonoma-de-bucaramanga\/","name":"FCCTP consolida v\u00ednculos de cooperaci\u00f3n con la Universidad Aut\u00f3noma de Bucaramanga - Noticias","isPartOf":{"@id":"https:\/\/fcctp.usmp.edu.pe\/noticias\/#website"},"primaryImageOfPage":{"@id":"https:\/\/fcctp.usmp.edu.pe\/noticias\/actividades-destacadas\/fcctp-consolida-vinculos-de-cooperacion-con-la-universidad-autonoma-de-bucaramanga\/#primaryimage"},"image":{"@id":"https:\/\/fcctp.usmp.edu.pe\/noticias\/actividades-destacadas\/fcctp-consolida-vinculos-de-cooperacion-con-la-universidad-autonoma-de-bucaramanga\/#primaryimage"},"thumbnailUrl":"https:\/\/fcctp.usmp.edu.pe\/noticias\/wp-content\/uploads\/2026\/04\/cover-cooperacion-universidad-autonoma-bucaramanga.jpg","datePublished":"2026-04-24T14:27:33+00:00","breadcrumb":{"@id":"https:\/\/fcctp.usmp.edu.pe\/noticias\/actividades-destacadas\/fcctp-consolida-vinculos-de-cooperacion-con-la-universidad-autonoma-de-bucaramanga\/#breadcrumb"},"inLanguage":"es-PE","potentialAction":[{"@type":"ReadAction","target":["https:\/\/fcctp.usmp.edu.pe\/noticias\/actividades-destacadas\/fcctp-consolida-vinculos-de-cooperacion-con-la-universidad-autonoma-de-bucaramanga\/"]}]},{"@type":"ImageObject","inLanguage":"es-PE","@id":"https:\/\/fcctp.usmp.edu.pe\/noticias\/actividades-destacadas\/fcctp-consolida-vinculos-de-cooperacion-con-la-universidad-autonoma-de-bucaramanga\/#primaryimage","url":"https:\/\/fcctp.usmp.edu.pe\/noticias\/wp-content\/uploads\/2026\/04\/cover-cooperacion-universidad-autonoma-bucaramanga.jpg","contentUrl":"https:\/\/fcctp.usmp.edu.pe\/noticias\/wp-content\/uploads\/2026\/04\/cover-cooperacion-universidad-autonoma-bucaramanga.jpg","width":720,"height":450},{"@type":"BreadcrumbList","@id":"https:\/\/fcctp.usmp.edu.pe\/noticias\/actividades-destacadas\/fcctp-consolida-vinculos-de-cooperacion-con-la-universidad-autonoma-de-bucaramanga\/#breadcrumb","itemListElement":[{"@type":"ListItem","position":1,"name":"Portada","item":"https:\/\/fcctp.usmp.edu.pe\/noticias\/"},{"@type":"ListItem","position":2,"name":"FCCTP consolida v\u00ednculos de cooperaci\u00f3n con la Universidad Aut\u00f3noma de Bucaramanga"}]},{"@type":"WebSite","@id":"https:\/\/fcctp.usmp.edu.pe\/noticias\/#website","url":"https:\/\/fcctp.usmp.edu.pe\/noticias\/","name":"Noticias FCCTP","description":"Facultad de Ciencias de la Comunicaci\u00f3n, Turismo y Psicolog\u00eda","publisher":{"@id":"https:\/\/fcctp.usmp.edu.pe\/noticias\/#organization"},"potentialAction":[{"@type":"SearchAction","target":{"@type":"EntryPoint","urlTemplate":"https:\/\/fcctp.usmp.edu.pe\/noticias\/?s={search_term_string}"},"query-input":{"@type":"PropertyValueSpecification","valueRequired":true,"valueName":"search_term_string"}}],"inLanguage":"es-PE"},{"@type":"Organization","@id":"https:\/\/fcctp.usmp.edu.pe\/noticias\/#organization","name":"Facultad de Ciencias de la Comunicaci\u00f3n, Turismo y Psicolog\u00eda","url":"https:\/\/fcctp.usmp.edu.pe\/noticias\/","logo":{"@type":"ImageObject","inLanguage":"es-PE","@id":"https:\/\/fcctp.usmp.edu.pe\/noticias\/#\/schema\/logo\/image\/","url":"https:\/\/fcctp.usmp.edu.pe\/noticias\/wp-content\/uploads\/2022\/03\/logoFCCTP_60.svg","contentUrl":"https:\/\/fcctp.usmp.edu.pe\/noticias\/wp-content\/uploads\/2022\/03\/logoFCCTP_60.svg","width":347,"height":66,"caption":"Facultad de Ciencias de la Comunicaci\u00f3n, Turismo y Psicolog\u00eda"},"image":{"@id":"https:\/\/fcctp.usmp.edu.pe\/noticias\/#\/schema\/logo\/image\/"},"sameAs":["https:\/\/www.facebook.com\/fcctp","https:\/\/x.com\/fcctp_usmp","https:\/\/www.instagram.com\/fcctp_usmp\/"]},{"@type":"Person","@id":"https:\/\/fcctp.usmp.edu.pe\/noticias\/#\/schema\/person\/4fdff53bd44bf6f645fe381e079e1252","name":"Omar Huaman","image":{"@type":"ImageObject","inLanguage":"es-PE","@id":"https:\/\/secure.gravatar.com\/avatar\/1ec290616e6e3dc043e286f62b87c0f992c4889ead141b3e3dfc70d018a983e0?s=96&d=mm&r=g","url":"https:\/\/secure.gravatar.com\/avatar\/1ec290616e6e3dc043e286f62b87c0f992c4889ead141b3e3dfc70d018a983e0?s=96&d=mm&r=g","contentUrl":"https:\/\/secure.gravatar.com\/avatar\/1ec290616e6e3dc043e286f62b87c0f992c4889ead141b3e3dfc70d018a983e0?s=96&d=mm&r=g","caption":"Omar Huaman"},"url":"https:\/\/fcctp.usmp.edu.pe\/noticias\/author\/notieditor\/"}]}},"_links":{"self":[{"href":"https:\/\/fcctp.usmp.edu.pe\/noticias\/wp-json\/wp\/v2\/posts\/10028","targetHints":{"allow":["GET"]}}],"collection":[{"href":"https:\/\/fcctp.usmp.edu.pe\/noticias\/wp-json\/wp\/v2\/posts"}],"about":[{"href":"https:\/\/fcctp.usmp.edu.pe\/noticias\/wp-json\/wp\/v2\/types\/post"}],"author":[{"embeddable":true,"href":"https:\/\/fcctp.usmp.edu.pe\/noticias\/wp-json\/wp\/v2\/users\/2"}],"replies":[{"embeddable":true,"href":"https:\/\/fcctp.usmp.edu.pe\/noticias\/wp-json\/wp\/v2\/comments?post=10028"}],"version-history":[{"count":2,"href":"https:\/\/fcctp.usmp.edu.pe\/noticias\/wp-json\/wp\/v2\/posts\/10028\/revisions"}],"predecessor-version":[{"id":10035,"href":"https:\/\/fcctp.usmp.edu.pe\/noticias\/wp-json\/wp\/v2\/posts\/10028\/revisions\/10035"}],"wp:featuredmedia":[{"embeddable":true,"href":"https:\/\/fcctp.usmp.edu.pe\/noticias\/wp-json\/wp\/v2\/media\/10033"}],"wp:attachment":[{"href":"https:\/\/fcctp.usmp.edu.pe\/noticias\/wp-json\/wp\/v2\/media?parent=10028"}],"wp:term":[{"taxonomy":"category","embeddable":true,"href":"https:\/\/fcctp.usmp.edu.pe\/noticias\/wp-json\/wp\/v2\/categories?post=10028"},{"taxonomy":"post_tag","embeddable":true,"href":"https:\/\/fcctp.usmp.edu.pe\/noticias\/wp-json\/wp\/v2\/tags?post=10028"}],"curies":[{"name":"wp","href":"https:\/\/api.w.org\/{rel}","templated":true}]}}