

{"id":2343,"date":"2023-02-20T15:20:40","date_gmt":"2023-02-20T15:20:40","guid":{"rendered":"https:\/\/work.epu.edu.pe\/biblioteca\/?p=2343"},"modified":"2023-02-20T15:41:10","modified_gmt":"2023-02-20T15:41:10","slug":"optimiza-tus-conocimientos-en-el-taller-formacion-de-competencias-para-la-gestion-de-la-informacion","status":"publish","type":"post","link":"https:\/\/fcctp.usmp.edu.pe\/biblioteca\/2023\/02\/20\/optimiza-tus-conocimientos-en-el-taller-formacion-de-competencias-para-la-gestion-de-la-informacion\/","title":{"rendered":"Optimiza tus conocimientos en el taller Formaci\u00f3n de Competencias para la Gesti\u00f3n de la Informaci\u00f3n"},"content":{"rendered":"\t\t<div data-elementor-type=\"wp-post\" data-elementor-id=\"2343\" class=\"elementor elementor-2343\">\n\t\t\t\t\t\t\t\t\t<section class=\"elementor-section elementor-top-section elementor-element elementor-element-7ab22ff elementor-section-boxed elementor-section-height-default elementor-section-height-default\" data-id=\"7ab22ff\" data-element_type=\"section\">\n\t\t\t\t\t\t<div class=\"elementor-container elementor-column-gap-default\">\n\t\t\t\t\t<div class=\"elementor-column elementor-col-100 elementor-top-column elementor-element elementor-element-7f2848b\" data-id=\"7f2848b\" data-element_type=\"column\">\n\t\t\t<div class=\"elementor-widget-wrap elementor-element-populated\">\n\t\t\t\t\t\t\t\t<div class=\"elementor-element elementor-element-8b29865 elementor-widget elementor-widget-spacer\" data-id=\"8b29865\" data-element_type=\"widget\" data-widget_type=\"spacer.default\">\n\t\t\t\t<div class=\"elementor-widget-container\">\n\t\t\t<style>\/*! elementor - v3.14.0 - 26-06-2023 *\/\n.elementor-column .elementor-spacer-inner{height:var(--spacer-size)}.e-con{--container-widget-width:100%}.e-con-inner>.elementor-widget-spacer,.e-con>.elementor-widget-spacer{width:var(--container-widget-width,var(--spacer-size));--align-self:var(--container-widget-align-self,initial);--flex-shrink:0}.e-con-inner>.elementor-widget-spacer>.elementor-widget-container,.e-con-inner>.elementor-widget-spacer>.elementor-widget-container>.elementor-spacer,.e-con>.elementor-widget-spacer>.elementor-widget-container,.e-con>.elementor-widget-spacer>.elementor-widget-container>.elementor-spacer{height:100%}.e-con-inner>.elementor-widget-spacer>.elementor-widget-container>.elementor-spacer>.elementor-spacer-inner,.e-con>.elementor-widget-spacer>.elementor-widget-container>.elementor-spacer>.elementor-spacer-inner{height:var(--container-widget-height,var(--spacer-size))}<\/style>\t\t<div class=\"elementor-spacer\">\n\t\t\t<div class=\"elementor-spacer-inner\"><\/div>\n\t\t<\/div>\n\t\t\t\t<\/div>\n\t\t\t\t<\/div>\n\t\t\t\t\t<\/div>\n\t\t<\/div>\n\t\t\t\t\t\t\t<\/div>\n\t\t<\/section>\n\t\t\t\t<section class=\"elementor-section elementor-top-section elementor-element elementor-element-4b47726 elementor-section-boxed elementor-section-height-default elementor-section-height-default\" data-id=\"4b47726\" data-element_type=\"section\">\n\t\t\t\t\t\t<div class=\"elementor-container elementor-column-gap-default\">\n\t\t\t\t\t<div class=\"elementor-column elementor-col-50 elementor-top-column elementor-element elementor-element-639d654\" data-id=\"639d654\" data-element_type=\"column\">\n\t\t\t<div class=\"elementor-widget-wrap elementor-element-populated\">\n\t\t\t\t\t\t\t\t<div class=\"elementor-element elementor-element-889d6a2 elementor-widget elementor-widget-heading\" data-id=\"889d6a2\" data-element_type=\"widget\" data-widget_type=\"heading.default\">\n\t\t\t\t<div class=\"elementor-widget-container\">\n\t\t\t<style>\/*! elementor - v3.14.0 - 26-06-2023 *\/\n.elementor-heading-title{padding:0;margin:0;line-height:1}.elementor-widget-heading .elementor-heading-title[class*=elementor-size-]>a{color:inherit;font-size:inherit;line-height:inherit}.elementor-widget-heading .elementor-heading-title.elementor-size-small{font-size:15px}.elementor-widget-heading .elementor-heading-title.elementor-size-medium{font-size:19px}.elementor-widget-heading .elementor-heading-title.elementor-size-large{font-size:29px}.elementor-widget-heading .elementor-heading-title.elementor-size-xl{font-size:39px}.elementor-widget-heading .elementor-heading-title.elementor-size-xxl{font-size:59px}<\/style><h1 class=\"elementor-heading-title elementor-size-default\">Optimiza tus conocimientos en el taller Formaci\u00f3n de Competencias para la Gesti\u00f3n de la Informaci\u00f3n<\/h1>\t\t<\/div>\n\t\t\t\t<\/div>\n\t\t\t\t<div class=\"elementor-element elementor-element-a13739e elementor-widget elementor-widget-heading\" data-id=\"a13739e\" data-element_type=\"widget\" data-widget_type=\"heading.default\">\n\t\t\t\t<div class=\"elementor-widget-container\">\n\t\t\t<h2 class=\"elementor-heading-title elementor-size-default\">Septiembre 26, 2022\n\n<\/h2>\t\t<\/div>\n\t\t\t\t<\/div>\n\t\t\t\t<div class=\"elementor-element elementor-element-670d424 elementor-widget elementor-widget-image\" data-id=\"670d424\" data-element_type=\"widget\" data-widget_type=\"image.default\">\n\t\t\t\t<div class=\"elementor-widget-container\">\n\t\t\t<style>\/*! elementor - v3.14.0 - 26-06-2023 *\/\n.elementor-widget-image{text-align:center}.elementor-widget-image a{display:inline-block}.elementor-widget-image a img[src$=\".svg\"]{width:48px}.elementor-widget-image img{vertical-align:middle;display:inline-block}<\/style>\t\t\t\t\t\t\t\t\t\t\t\t<img loading=\"lazy\" decoding=\"async\" width=\"720\" height=\"450\" src=\"https:\/\/fcctp.usmp.edu.pe\/biblioteca\/wp-content\/uploads\/2023\/02\/taller_formacion_de_competencias.jpg\" class=\"attachment-full size-full wp-image-2347\" alt=\"taller_formacion_de_competencias\" srcset=\"https:\/\/fcctp.usmp.edu.pe\/biblioteca\/wp-content\/uploads\/2023\/02\/taller_formacion_de_competencias.jpg 720w, https:\/\/fcctp.usmp.edu.pe\/biblioteca\/wp-content\/uploads\/2023\/02\/taller_formacion_de_competencias-300x188.jpg 300w\" sizes=\"auto, (max-width: 720px) 100vw, 720px\" \/>\t\t\t\t\t\t\t\t\t\t\t\t\t\t\t<\/div>\n\t\t\t\t<\/div>\n\t\t\t\t<div class=\"elementor-element elementor-element-6097121 elementor-widget elementor-widget-text-editor\" data-id=\"6097121\" data-element_type=\"widget\" data-widget_type=\"text-editor.default\">\n\t\t\t\t<div class=\"elementor-widget-container\">\n\t\t\t<style>\/*! elementor - v3.14.0 - 26-06-2023 *\/\n.elementor-widget-text-editor.elementor-drop-cap-view-stacked .elementor-drop-cap{background-color:#69727d;color:#fff}.elementor-widget-text-editor.elementor-drop-cap-view-framed .elementor-drop-cap{color:#69727d;border:3px solid;background-color:transparent}.elementor-widget-text-editor:not(.elementor-drop-cap-view-default) .elementor-drop-cap{margin-top:8px}.elementor-widget-text-editor:not(.elementor-drop-cap-view-default) .elementor-drop-cap-letter{width:1em;height:1em}.elementor-widget-text-editor .elementor-drop-cap{float:left;text-align:center;line-height:1;font-size:50px}.elementor-widget-text-editor .elementor-drop-cap-letter{display:inline-block}<\/style>\t\t\t\t<p>Si buscas desarrollar tus habilidades en la investigaci\u00f3n para realizar trabajos con altos est\u00e1ndares de calidad, la Biblioteca de la FCCTP USMP te invita a formar parte del taller \u201cFormaci\u00f3n de Competencias para la Gesti\u00f3n de la Informaci\u00f3n\u201d.<\/p><p>Este ciclo de actividades gratuitas se desarrollar\u00e1 en cuatro m\u00f3dulos:<\/p><p><strong>\u2022 Martes 4 de octubre<\/strong><br \/><strong>Primera sesi\u00f3n: Introducci\u00f3n a la gesti\u00f3n de informaci\u00f3n<\/strong><\/p><p>En esta sesi\u00f3n, aprender\u00e1s a identificar tus necesidades de informaci\u00f3n, reconocer los criterios de calidad de fuentes confiables y, sobre todo, planificar tus b\u00fasquedas para recuperar informaci\u00f3n de forma efectiva.<\/p><p><strong>\u2022 Martes 11 de octubre<\/strong><br \/><strong>Segunda sesi\u00f3n: Recuperaci\u00f3n de informaci\u00f3n para trabajos de alto impacto<\/strong><\/p><p>Aqu\u00ed aprender\u00e1s a realizar estrategias de b\u00fasqueda (especializadas, avanzadas y automatizadas) en bases de datos como Ebsco y Scopus. Adem\u00e1s, reconocer\u00e1s plataformas como E-libro Proquest Central, eLibrary OMT, ScienceDirect, ClinicalKey, repositorios y otros recursos bibliogr\u00e1ficos.<\/p><p><strong>\u2022 Martes 18 de octubre<\/strong><br \/><strong>Tercera sesi\u00f3n: Organizaci\u00f3n de la informaci\u00f3n y normas de estilo<\/strong><\/p><p>Obtendr\u00e1s alcances b\u00e1sicos sobre las normas APA 7 e identificar\u00e1s los principales tipos de citas y referencias. Adem\u00e1s, optimizar\u00e1s tus conocimientos en gestores bibliogr\u00e1ficos como Mendeley, as\u00ed como aspectos relacionados a la importaci\u00f3n de datos y organizaci\u00f3n de la informaci\u00f3n.<\/p><p><strong>\u2022 Martes 25 de octubre<\/strong><br \/><strong>Cuarta sesi\u00f3n: Integridad acad\u00e9mica y prevenci\u00f3n del plagio<\/strong><\/p><p>A lo largo de este m\u00f3dulo, identificar\u00e1s el rol de Turnitin y su relaci\u00f3n con la integridad acad\u00e9mica, reportes de similitud e interpretaci\u00f3n de resultados para la autoevaluaci\u00f3n y prevenci\u00f3n del plagio.<\/p><p>Es importante se\u00f1alar que, si asistes a una o m\u00e1s sesiones, recibir\u00e1s una constancia de participaci\u00f3n. Por otro lado, si formas parte de las cuatro sesiones, obtendr\u00e1s un certificado firmado por la decana de la Facultad. En caso no puedas conectarte a los talleres en el horario establecido, puedes contactarte al correo bibliotecafcctp@usmp.pe<\/p><p>*Inscr\u00edbete a trav\u00e9s del siguiente link:\u00a0<a href=\"https:\/\/cutt.ly\/tallerbiblioteca\" target=\"_blank\" rel=\"noopener\">https:\/\/cutt.ly\/tallerbiblioteca<\/a><br \/>*Revisa nuestro brochure informativo:\u00a0<a href=\"https:\/\/cutt.ly\/BrochureBibliotecaFCCTP\" target=\"_blank\" rel=\"noopener\">https:\/\/cutt.ly\/BrochureBibliotecaFCCTP<\/a><\/p>\t\t\t\t\t\t<\/div>\n\t\t\t\t<\/div>\n\t\t\t\t\t<\/div>\n\t\t<\/div>\n\t\t\t\t<div class=\"elementor-column elementor-col-50 elementor-top-column elementor-element elementor-element-314048b\" data-id=\"314048b\" data-element_type=\"column\">\n\t\t\t<div class=\"elementor-widget-wrap elementor-element-populated\">\n\t\t\t\t\t\t\t\t<div class=\"elementor-element elementor-element-8080da3 elementor-widget elementor-widget-spacer\" data-id=\"8080da3\" data-element_type=\"widget\" data-widget_type=\"spacer.default\">\n\t\t\t\t<div class=\"elementor-widget-container\">\n\t\t\t\t\t<div class=\"elementor-spacer\">\n\t\t\t<div class=\"elementor-spacer-inner\"><\/div>\n\t\t<\/div>\n\t\t\t\t<\/div>\n\t\t\t\t<\/div>\n\t\t\t\t<div class=\"elementor-element elementor-element-8bbe411 elementor-widget elementor-widget-heading\" data-id=\"8bbe411\" data-element_type=\"widget\" data-widget_type=\"heading.default\">\n\t\t\t\t<div class=\"elementor-widget-container\">\n\t\t\t<h2 class=\"elementor-heading-title elementor-size-default\">Noticias<\/h2>\t\t<\/div>\n\t\t\t\t<\/div>\n\t\t\t\t<div class=\"elementor-element elementor-element-9215bc6 elementor-widget-divider--view-line elementor-widget elementor-widget-divider\" data-id=\"9215bc6\" data-element_type=\"widget\" data-widget_type=\"divider.default\">\n\t\t\t\t<div class=\"elementor-widget-container\">\n\t\t\t<style>\/*! elementor - v3.14.0 - 26-06-2023 *\/\n.elementor-widget-divider{--divider-border-style:none;--divider-border-width:1px;--divider-color:#0c0d0e;--divider-icon-size:20px;--divider-element-spacing:10px;--divider-pattern-height:24px;--divider-pattern-size:20px;--divider-pattern-url:none;--divider-pattern-repeat:repeat-x}.elementor-widget-divider .elementor-divider{display:flex}.elementor-widget-divider .elementor-divider__text{font-size:15px;line-height:1;max-width:95%}.elementor-widget-divider .elementor-divider__element{margin:0 var(--divider-element-spacing);flex-shrink:0}.elementor-widget-divider .elementor-icon{font-size:var(--divider-icon-size)}.elementor-widget-divider .elementor-divider-separator{display:flex;margin:0;direction:ltr}.elementor-widget-divider--view-line_icon .elementor-divider-separator,.elementor-widget-divider--view-line_text .elementor-divider-separator{align-items:center}.elementor-widget-divider--view-line_icon .elementor-divider-separator:after,.elementor-widget-divider--view-line_icon .elementor-divider-separator:before,.elementor-widget-divider--view-line_text .elementor-divider-separator:after,.elementor-widget-divider--view-line_text .elementor-divider-separator:before{display:block;content:\"\";border-bottom:0;flex-grow:1;border-top:var(--divider-border-width) var(--divider-border-style) var(--divider-color)}.elementor-widget-divider--element-align-left .elementor-divider .elementor-divider-separator>.elementor-divider__svg:first-of-type{flex-grow:0;flex-shrink:100}.elementor-widget-divider--element-align-left .elementor-divider-separator:before{content:none}.elementor-widget-divider--element-align-left .elementor-divider__element{margin-left:0}.elementor-widget-divider--element-align-right .elementor-divider .elementor-divider-separator>.elementor-divider__svg:last-of-type{flex-grow:0;flex-shrink:100}.elementor-widget-divider--element-align-right .elementor-divider-separator:after{content:none}.elementor-widget-divider--element-align-right .elementor-divider__element{margin-right:0}.elementor-widget-divider:not(.elementor-widget-divider--view-line_text):not(.elementor-widget-divider--view-line_icon) .elementor-divider-separator{border-top:var(--divider-border-width) var(--divider-border-style) var(--divider-color)}.elementor-widget-divider--separator-type-pattern{--divider-border-style:none}.elementor-widget-divider--separator-type-pattern.elementor-widget-divider--view-line .elementor-divider-separator,.elementor-widget-divider--separator-type-pattern:not(.elementor-widget-divider--view-line) .elementor-divider-separator:after,.elementor-widget-divider--separator-type-pattern:not(.elementor-widget-divider--view-line) .elementor-divider-separator:before,.elementor-widget-divider--separator-type-pattern:not([class*=elementor-widget-divider--view]) .elementor-divider-separator{width:100%;min-height:var(--divider-pattern-height);-webkit-mask-size:var(--divider-pattern-size) 100%;mask-size:var(--divider-pattern-size) 100%;-webkit-mask-repeat:var(--divider-pattern-repeat);mask-repeat:var(--divider-pattern-repeat);background-color:var(--divider-color);-webkit-mask-image:var(--divider-pattern-url);mask-image:var(--divider-pattern-url)}.elementor-widget-divider--no-spacing{--divider-pattern-size:auto}.elementor-widget-divider--bg-round{--divider-pattern-repeat:round}.rtl .elementor-widget-divider .elementor-divider__text{direction:rtl}.e-con-inner>.elementor-widget-divider,.e-con>.elementor-widget-divider{width:var(--container-widget-width,100%);--flex-grow:var(--container-widget-flex-grow)}<\/style>\t\t<div class=\"elementor-divider\">\n\t\t\t<span class=\"elementor-divider-separator\">\n\t\t\t\t\t\t<\/span>\n\t\t<\/div>\n\t\t\t\t<\/div>\n\t\t\t\t<\/div>\n\t\t\t\t<div class=\"elementor-element elementor-element-2c3bc07 elementor-grid-1 elementor-grid-tablet-2 elementor-grid-mobile-1 elementor-posts--thumbnail-top elementor-widget elementor-widget-posts\" data-id=\"2c3bc07\" data-element_type=\"widget\" data-settings=\"{&quot;classic_columns&quot;:&quot;1&quot;,&quot;classic_columns_tablet&quot;:&quot;2&quot;,&quot;classic_columns_mobile&quot;:&quot;1&quot;,&quot;classic_row_gap&quot;:{&quot;unit&quot;:&quot;px&quot;,&quot;size&quot;:35,&quot;sizes&quot;:[]},&quot;classic_row_gap_tablet&quot;:{&quot;unit&quot;:&quot;px&quot;,&quot;size&quot;:&quot;&quot;,&quot;sizes&quot;:[]},&quot;classic_row_gap_mobile&quot;:{&quot;unit&quot;:&quot;px&quot;,&quot;size&quot;:&quot;&quot;,&quot;sizes&quot;:[]}}\" data-widget_type=\"posts.classic\">\n\t\t\t\t<div class=\"elementor-widget-container\">\n\t\t\t<link rel=\"stylesheet\" href=\"https:\/\/fcctp.usmp.edu.pe\/biblioteca\/wp-content\/plugins\/elementor-pro\/assets\/css\/widget-posts.min.css\">\t\t<div class=\"elementor-posts-container elementor-posts elementor-posts--skin-classic elementor-grid\">\r\n\t\t\t\t<article class=\"elementor-post elementor-grid-item post-12711 post type-post status-publish format-standard has-post-thumbnail hentry category-noticias category-ultimas-noticias\">\r\n\t\t\t\t<a class=\"elementor-post__thumbnail__link\" href=\"https:\/\/fcctp.usmp.edu.pe\/biblioteca\/2026\/03\/27\/capacitacion-en-inteligencia-artificial\/\">\r\n\t\t\t<div class=\"elementor-post__thumbnail\"><img loading=\"lazy\" decoding=\"async\" width=\"300\" height=\"171\" src=\"https:\/\/fcctp.usmp.edu.pe\/biblioteca\/wp-content\/uploads\/2026\/04\/capacitacion-estudiantes-IA-300x171.png\" class=\"attachment-medium size-medium wp-image-12712\" alt=\"Capacitaci\u00f3n en Inteligencia Artificial\" srcset=\"https:\/\/fcctp.usmp.edu.pe\/biblioteca\/wp-content\/uploads\/2026\/04\/capacitacion-estudiantes-IA-300x171.png 300w, https:\/\/fcctp.usmp.edu.pe\/biblioteca\/wp-content\/uploads\/2026\/04\/capacitacion-estudiantes-IA-768x437.png 768w, https:\/\/fcctp.usmp.edu.pe\/biblioteca\/wp-content\/uploads\/2026\/04\/capacitacion-estudiantes-IA.png 800w\" sizes=\"auto, (max-width: 300px) 100vw, 300px\" \/><\/div>\r\n\t\t<\/a>\r\n\t\t\t\t<div class=\"elementor-post__text\">\r\n\t\t\t\t<h3 class=\"elementor-post__title\">\r\n\t\t\t<a href=\"https:\/\/fcctp.usmp.edu.pe\/biblioteca\/2026\/03\/27\/capacitacion-en-inteligencia-artificial\/\">\r\n\t\t\t\tCapacitaci\u00f3n en Inteligencia Artificial\t\t\t<\/a>\r\n\t\t<\/h3>\r\n\t\t\t\t<div class=\"elementor-post__meta-data\">\r\n\t\t\t\t\t<span class=\"elementor-post-date\">\r\n\t\t\t27 de marzo de 2026\t\t<\/span>\r\n\t\t\t\t<\/div>\r\n\t\t\t\t<div class=\"elementor-post__excerpt\">\r\n\t\t\t<p>Capacitaci\u00f3n en Inteligencia Artificial 27 de marzo de 2026 La Biblioteca realiz\u00f3, el viernes 27 de marzo, la capacitaci\u00f3n \u201cInteligencia Artificial Generativa\u201d, dirigida a estudiantes de las carreras de Psicolog\u00eda,<\/p>\n\t\t<\/div>\r\n\t\t\t\t\t<a class=\"elementor-post__read-more\" href=\"https:\/\/fcctp.usmp.edu.pe\/biblioteca\/2026\/03\/27\/capacitacion-en-inteligencia-artificial\/\" target=\"_blank\">\r\n\t\t\t\tleer m\u00e1s &gt;\t\t\t<\/a>\r\n\t\t\t\t<\/div>\r\n\t\t\t\t<\/article>\r\n\t\t\t\t<article class=\"elementor-post elementor-grid-item post-12706 post type-post status-publish format-standard has-post-thumbnail hentry category-noticias category-ultimas-noticias\">\r\n\t\t\t\t<a class=\"elementor-post__thumbnail__link\" href=\"https:\/\/fcctp.usmp.edu.pe\/biblioteca\/2026\/03\/16\/capacitacion-a-estudiantes-2026-i\/\">\r\n\t\t\t<div class=\"elementor-post__thumbnail\"><img loading=\"lazy\" decoding=\"async\" width=\"300\" height=\"171\" src=\"https:\/\/fcctp.usmp.edu.pe\/biblioteca\/wp-content\/uploads\/2026\/04\/capacitacion-noticia-300x171.jpg\" class=\"attachment-medium size-medium wp-image-12681\" alt=\"Capacitaci\u00f3n para estudiantes 2026-1\" srcset=\"https:\/\/fcctp.usmp.edu.pe\/biblioteca\/wp-content\/uploads\/2026\/04\/capacitacion-noticia-300x171.jpg 300w, https:\/\/fcctp.usmp.edu.pe\/biblioteca\/wp-content\/uploads\/2026\/04\/capacitacion-noticia-768x437.jpg 768w, https:\/\/fcctp.usmp.edu.pe\/biblioteca\/wp-content\/uploads\/2026\/04\/capacitacion-noticia.jpg 800w\" sizes=\"auto, (max-width: 300px) 100vw, 300px\" \/><\/div>\r\n\t\t<\/a>\r\n\t\t\t\t<div class=\"elementor-post__text\">\r\n\t\t\t\t<h3 class=\"elementor-post__title\">\r\n\t\t\t<a href=\"https:\/\/fcctp.usmp.edu.pe\/biblioteca\/2026\/03\/16\/capacitacion-a-estudiantes-2026-i\/\">\r\n\t\t\t\tCapacitaci\u00f3n a estudiantes 2026-I\t\t\t<\/a>\r\n\t\t<\/h3>\r\n\t\t\t\t<div class=\"elementor-post__meta-data\">\r\n\t\t\t\t\t<span class=\"elementor-post-date\">\r\n\t\t\t16 de marzo de 2026\t\t<\/span>\r\n\t\t\t\t<\/div>\r\n\t\t\t\t<div class=\"elementor-post__excerpt\">\r\n\t\t\t<p>Capacitaci\u00f3n para estudiantes 2026-I 16 de marzo de 2026 El lunes 16 de marzo se llev\u00f3 a cabo una capacitaci\u00f3n dirigida a los estudiantes ingresantes del ciclo 2026-I, con el<\/p>\n\t\t<\/div>\r\n\t\t\t\t\t<a class=\"elementor-post__read-more\" href=\"https:\/\/fcctp.usmp.edu.pe\/biblioteca\/2026\/03\/16\/capacitacion-a-estudiantes-2026-i\/\" target=\"_blank\">\r\n\t\t\t\tleer m\u00e1s &gt;\t\t\t<\/a>\r\n\t\t\t\t<\/div>\r\n\t\t\t\t<\/article>\r\n\t\t\t\t<article class=\"elementor-post elementor-grid-item post-12674 post type-post status-publish format-standard has-post-thumbnail hentry category-noticias category-ultimas-noticias\">\r\n\t\t\t\t<a class=\"elementor-post__thumbnail__link\" href=\"https:\/\/fcctp.usmp.edu.pe\/biblioteca\/2026\/03\/06\/capacitacion-para-docentes-2026-i\/\">\r\n\t\t\t<div class=\"elementor-post__thumbnail\"><img loading=\"lazy\" decoding=\"async\" width=\"300\" height=\"171\" src=\"https:\/\/fcctp.usmp.edu.pe\/biblioteca\/wp-content\/uploads\/2026\/03\/capacitacion-docentes-noticia-300x171.jpg\" class=\"attachment-medium size-medium wp-image-12693\" alt=\"Capacitaci\u00f3n a docentes 2026-1\" srcset=\"https:\/\/fcctp.usmp.edu.pe\/biblioteca\/wp-content\/uploads\/2026\/03\/capacitacion-docentes-noticia-300x171.jpg 300w, https:\/\/fcctp.usmp.edu.pe\/biblioteca\/wp-content\/uploads\/2026\/03\/capacitacion-docentes-noticia-768x437.jpg 768w, https:\/\/fcctp.usmp.edu.pe\/biblioteca\/wp-content\/uploads\/2026\/03\/capacitacion-docentes-noticia.jpg 800w\" sizes=\"auto, (max-width: 300px) 100vw, 300px\" \/><\/div>\r\n\t\t<\/a>\r\n\t\t\t\t<div class=\"elementor-post__text\">\r\n\t\t\t\t<h3 class=\"elementor-post__title\">\r\n\t\t\t<a href=\"https:\/\/fcctp.usmp.edu.pe\/biblioteca\/2026\/03\/06\/capacitacion-para-docentes-2026-i\/\">\r\n\t\t\t\tCapacitaci\u00f3n para docentes 2026-I\t\t\t<\/a>\r\n\t\t<\/h3>\r\n\t\t\t\t<div class=\"elementor-post__meta-data\">\r\n\t\t\t\t\t<span class=\"elementor-post-date\">\r\n\t\t\t6 de marzo de 2026\t\t<\/span>\r\n\t\t\t\t<\/div>\r\n\t\t\t\t<div class=\"elementor-post__excerpt\">\r\n\t\t\t<p>Capacitaci\u00f3n para docentes 2026-I 6 de marzo de 2026 El viernes 6 de marzo se llev\u00f3 a cabo una capacitaci\u00f3n dirigida a docentes, orientada a difundir los servicios y recursos<\/p>\n\t\t<\/div>\r\n\t\t\t\t\t<a class=\"elementor-post__read-more\" href=\"https:\/\/fcctp.usmp.edu.pe\/biblioteca\/2026\/03\/06\/capacitacion-para-docentes-2026-i\/\" target=\"_blank\">\r\n\t\t\t\tleer m\u00e1s &gt;\t\t\t<\/a>\r\n\t\t\t\t<\/div>\r\n\t\t\t\t<\/article>\r\n\t\t\t\t<article class=\"elementor-post elementor-grid-item post-12668 post type-post status-publish format-standard has-post-thumbnail hentry category-noticias category-ultimas-noticias\">\r\n\t\t\t\t<a class=\"elementor-post__thumbnail__link\" href=\"https:\/\/fcctp.usmp.edu.pe\/biblioteca\/2026\/03\/04\/participacion-en-activacion-bienvenida-a-alumnos-2026-i\/\">\r\n\t\t\t<div class=\"elementor-post__thumbnail\"><img loading=\"lazy\" decoding=\"async\" width=\"300\" height=\"171\" src=\"https:\/\/fcctp.usmp.edu.pe\/biblioteca\/wp-content\/uploads\/2026\/03\/Participacion-en-Activacion-Bienvenida-a-alumnos-2026-I-300x171.jpg\" class=\"attachment-medium size-medium wp-image-12683\" alt=\"\" srcset=\"https:\/\/fcctp.usmp.edu.pe\/biblioteca\/wp-content\/uploads\/2026\/03\/Participacion-en-Activacion-Bienvenida-a-alumnos-2026-I-300x171.jpg 300w, https:\/\/fcctp.usmp.edu.pe\/biblioteca\/wp-content\/uploads\/2026\/03\/Participacion-en-Activacion-Bienvenida-a-alumnos-2026-I-768x437.jpg 768w, https:\/\/fcctp.usmp.edu.pe\/biblioteca\/wp-content\/uploads\/2026\/03\/Participacion-en-Activacion-Bienvenida-a-alumnos-2026-I.jpg 800w\" sizes=\"auto, (max-width: 300px) 100vw, 300px\" \/><\/div>\r\n\t\t<\/a>\r\n\t\t\t\t<div class=\"elementor-post__text\">\r\n\t\t\t\t<h3 class=\"elementor-post__title\">\r\n\t\t\t<a href=\"https:\/\/fcctp.usmp.edu.pe\/biblioteca\/2026\/03\/04\/participacion-en-activacion-bienvenida-a-alumnos-2026-i\/\">\r\n\t\t\t\tParticipaci\u00f3n en Activaci\u00f3n Bienvenida a alumnos 2026-I\t\t\t<\/a>\r\n\t\t<\/h3>\r\n\t\t\t\t<div class=\"elementor-post__meta-data\">\r\n\t\t\t\t\t<span class=\"elementor-post-date\">\r\n\t\t\t4 de marzo de 2026\t\t<\/span>\r\n\t\t\t\t<\/div>\r\n\t\t\t\t<div class=\"elementor-post__excerpt\">\r\n\t\t\t<p>Participaci\u00f3n en Activaci\u00f3n Bienvenida a alumnos 2026-I 4 de marzo de 2026 El mi\u00e9rcoles 4 de marzo, la Biblioteca particip\u00f3 en la \u201cActivaci\u00f3n Bienvenida a alumnos 2026-I\u201d, un espacio estrat\u00e9gico<\/p>\n\t\t<\/div>\r\n\t\t\t\t\t<a class=\"elementor-post__read-more\" href=\"https:\/\/fcctp.usmp.edu.pe\/biblioteca\/2026\/03\/04\/participacion-en-activacion-bienvenida-a-alumnos-2026-i\/\" target=\"_blank\">\r\n\t\t\t\tleer m\u00e1s &gt;\t\t\t<\/a>\r\n\t\t\t\t<\/div>\r\n\t\t\t\t<\/article>\r\n\t\t\t\t<article class=\"elementor-post elementor-grid-item post-12325 post type-post status-publish format-standard has-post-thumbnail hentry category-noticias category-ultimas-noticias\">\r\n\t\t\t\t<a class=\"elementor-post__thumbnail__link\" href=\"https:\/\/fcctp.usmp.edu.pe\/biblioteca\/2024\/03\/20\/potencia-tu-saber-con-las-capacitaciones-de-la-biblioteca\/\">\r\n\t\t\t<div class=\"elementor-post__thumbnail\"><img loading=\"lazy\" decoding=\"async\" width=\"300\" height=\"171\" src=\"https:\/\/fcctp.usmp.edu.pe\/biblioteca\/wp-content\/uploads\/2024\/06\/Mesa-de-trabajo-1_21-300x171.jpg\" class=\"attachment-medium size-medium wp-image-12362\" alt=\"\" srcset=\"https:\/\/fcctp.usmp.edu.pe\/biblioteca\/wp-content\/uploads\/2024\/06\/Mesa-de-trabajo-1_21-300x171.jpg 300w, https:\/\/fcctp.usmp.edu.pe\/biblioteca\/wp-content\/uploads\/2024\/06\/Mesa-de-trabajo-1_21-1024x583.jpg 1024w, https:\/\/fcctp.usmp.edu.pe\/biblioteca\/wp-content\/uploads\/2024\/06\/Mesa-de-trabajo-1_21-768x437.jpg 768w, https:\/\/fcctp.usmp.edu.pe\/biblioteca\/wp-content\/uploads\/2024\/06\/Mesa-de-trabajo-1_21-1536x874.jpg 1536w, https:\/\/fcctp.usmp.edu.pe\/biblioteca\/wp-content\/uploads\/2024\/06\/Mesa-de-trabajo-1_21.jpg 1581w\" sizes=\"auto, (max-width: 300px) 100vw, 300px\" \/><\/div>\r\n\t\t<\/a>\r\n\t\t\t\t<div class=\"elementor-post__text\">\r\n\t\t\t\t<h3 class=\"elementor-post__title\">\r\n\t\t\t<a href=\"https:\/\/fcctp.usmp.edu.pe\/biblioteca\/2024\/03\/20\/potencia-tu-saber-con-las-capacitaciones-de-la-biblioteca\/\">\r\n\t\t\t\tPotencia tu saber con las capacitaciones de la Biblioteca\t\t\t<\/a>\r\n\t\t<\/h3>\r\n\t\t\t\t<div class=\"elementor-post__meta-data\">\r\n\t\t\t\t\t<span class=\"elementor-post-date\">\r\n\t\t\t20 de marzo de 2024\t\t<\/span>\r\n\t\t\t\t<\/div>\r\n\t\t\t\t<div class=\"elementor-post__excerpt\">\r\n\t\t\t<p>Potencia tu saber con las capacitaciones de la Biblioteca Martes 20, 2024 La Biblioteca se encuentra en temporada de capacitaciones del Programa de Formaci\u00f3n de Competencias Informacionales e ingresa a<\/p>\n\t\t<\/div>\r\n\t\t\t\t\t<a class=\"elementor-post__read-more\" href=\"https:\/\/fcctp.usmp.edu.pe\/biblioteca\/2024\/03\/20\/potencia-tu-saber-con-las-capacitaciones-de-la-biblioteca\/\" target=\"_blank\">\r\n\t\t\t\tleer m\u00e1s &gt;\t\t\t<\/a>\r\n\t\t\t\t<\/div>\r\n\t\t\t\t<\/article>\r\n\t\t\t\t<article class=\"elementor-post elementor-grid-item post-12326 post type-post status-publish format-standard has-post-thumbnail hentry category-noticias category-ultimas-noticias\">\r\n\t\t\t\t<a class=\"elementor-post__thumbnail__link\" href=\"https:\/\/fcctp.usmp.edu.pe\/biblioteca\/2024\/03\/19\/alertas-bibliograficas-servicio-de-la-biblioteca-que-te-mantiene-al-dia\/\">\r\n\t\t\t<div class=\"elementor-post__thumbnail\"><img loading=\"lazy\" decoding=\"async\" width=\"300\" height=\"171\" src=\"https:\/\/fcctp.usmp.edu.pe\/biblioteca\/wp-content\/uploads\/2024\/06\/Mesa-de-trabajo-1_11-300x171.jpg\" class=\"attachment-medium size-medium wp-image-12361\" alt=\"\" srcset=\"https:\/\/fcctp.usmp.edu.pe\/biblioteca\/wp-content\/uploads\/2024\/06\/Mesa-de-trabajo-1_11-300x171.jpg 300w, https:\/\/fcctp.usmp.edu.pe\/biblioteca\/wp-content\/uploads\/2024\/06\/Mesa-de-trabajo-1_11-1024x582.jpg 1024w, https:\/\/fcctp.usmp.edu.pe\/biblioteca\/wp-content\/uploads\/2024\/06\/Mesa-de-trabajo-1_11-768x437.jpg 768w, https:\/\/fcctp.usmp.edu.pe\/biblioteca\/wp-content\/uploads\/2024\/06\/Mesa-de-trabajo-1_11-1536x873.jpg 1536w, https:\/\/fcctp.usmp.edu.pe\/biblioteca\/wp-content\/uploads\/2024\/06\/Mesa-de-trabajo-1_11.jpg 1581w\" sizes=\"auto, (max-width: 300px) 100vw, 300px\" \/><\/div>\r\n\t\t<\/a>\r\n\t\t\t\t<div class=\"elementor-post__text\">\r\n\t\t\t\t<h3 class=\"elementor-post__title\">\r\n\t\t\t<a href=\"https:\/\/fcctp.usmp.edu.pe\/biblioteca\/2024\/03\/19\/alertas-bibliograficas-servicio-de-la-biblioteca-que-te-mantiene-al-dia\/\">\r\n\t\t\t\tAlertas bibliogr\u00e1ficas: servicio de la Biblioteca que te mantiene al d\u00eda\t\t\t<\/a>\r\n\t\t<\/h3>\r\n\t\t\t\t<div class=\"elementor-post__meta-data\">\r\n\t\t\t\t\t<span class=\"elementor-post-date\">\r\n\t\t\t19 de marzo de 2024\t\t<\/span>\r\n\t\t\t\t<\/div>\r\n\t\t\t\t<div class=\"elementor-post__excerpt\">\r\n\t\t\t<p>Alertas bibliogr\u00e1ficas: servicio de la Biblioteca que te mantiene al d\u00eda Martes 19, 2024 El servicio de alertas bibliogr\u00e1ficas permite mantener actualizados a los estudiantes sobre publicaciones especializadas en su<\/p>\n\t\t<\/div>\r\n\t\t\t\t\t<a class=\"elementor-post__read-more\" href=\"https:\/\/fcctp.usmp.edu.pe\/biblioteca\/2024\/03\/19\/alertas-bibliograficas-servicio-de-la-biblioteca-que-te-mantiene-al-dia\/\" target=\"_blank\">\r\n\t\t\t\tleer m\u00e1s &gt;\t\t\t<\/a>\r\n\t\t\t\t<\/div>\r\n\t\t\t\t<\/article>\r\n\t\t\t\t<\/div>\r\n\r\n\r\n\t\t\r\n\t\t\t\t<\/div>\n\t\t\t\t<\/div>\n\t\t\t\t\t<\/div>\n\t\t<\/div>\n\t\t\t\t\t\t\t<\/div>\n\t\t<\/section>\n\t\t\t\t\t\t\t<\/div>\n\t\t","protected":false},"excerpt":{"rendered":"<p>Optimiza tus conocimientos en el taller Formaci\u00f3n de Competencias para la Gesti\u00f3n de la Informaci\u00f3n Septiembre 26, 2022 Si buscas desarrollar tus habilidades en la investigaci\u00f3n para realizar trabajos con &#8230; <a title=\"Alertas bibliogr\u00e1ficas: servicio de la Biblioteca que te mantiene al d\u00eda\" class=\"read-more\" href=\"https:\/\/fcctp.usmp.edu.pe\/biblioteca\/2024\/03\/19\/alertas-bibliograficas-servicio-de-la-biblioteca-que-te-mantiene-al-dia\/\" aria-label=\"M\u00e1s en Alertas bibliogr\u00e1ficas: servicio de la Biblioteca que te mantiene al d\u00eda\">Leer m\u00e1s<\/a><\/p>\n","protected":false},"author":1,"featured_media":2347,"comment_status":"closed","ping_status":"closed","sticky":false,"template":"elementor_header_footer","format":"standard","meta":{"footnotes":""},"categories":[20,18],"tags":[],"class_list":["post-2343","post","type-post","status-publish","format-standard","has-post-thumbnail","hentry","category-capacitaciones","category-noticias"],"_links":{"self":[{"href":"https:\/\/fcctp.usmp.edu.pe\/biblioteca\/wp-json\/wp\/v2\/posts\/2343","targetHints":{"allow":["GET"]}}],"collection":[{"href":"https:\/\/fcctp.usmp.edu.pe\/biblioteca\/wp-json\/wp\/v2\/posts"}],"about":[{"href":"https:\/\/fcctp.usmp.edu.pe\/biblioteca\/wp-json\/wp\/v2\/types\/post"}],"author":[{"embeddable":true,"href":"https:\/\/fcctp.usmp.edu.pe\/biblioteca\/wp-json\/wp\/v2\/users\/1"}],"replies":[{"embeddable":true,"href":"https:\/\/fcctp.usmp.edu.pe\/biblioteca\/wp-json\/wp\/v2\/comments?post=2343"}],"version-history":[{"count":10,"href":"https:\/\/fcctp.usmp.edu.pe\/biblioteca\/wp-json\/wp\/v2\/posts\/2343\/revisions"}],"predecessor-version":[{"id":2354,"href":"https:\/\/fcctp.usmp.edu.pe\/biblioteca\/wp-json\/wp\/v2\/posts\/2343\/revisions\/2354"}],"wp:featuredmedia":[{"embeddable":true,"href":"https:\/\/fcctp.usmp.edu.pe\/biblioteca\/wp-json\/wp\/v2\/media\/2347"}],"wp:attachment":[{"href":"https:\/\/fcctp.usmp.edu.pe\/biblioteca\/wp-json\/wp\/v2\/media?parent=2343"}],"wp:term":[{"taxonomy":"category","embeddable":true,"href":"https:\/\/fcctp.usmp.edu.pe\/biblioteca\/wp-json\/wp\/v2\/categories?post=2343"},{"taxonomy":"post_tag","embeddable":true,"href":"https:\/\/fcctp.usmp.edu.pe\/biblioteca\/wp-json\/wp\/v2\/tags?post=2343"}],"curies":[{"name":"wp","href":"https:\/\/api.w.org\/{rel}","templated":true}]}}