

{"id":12245,"date":"2024-06-26T14:29:21","date_gmt":"2024-06-26T14:29:21","guid":{"rendered":"https:\/\/fcctp.usmp.edu.pe\/biblioteca\/?p=12245"},"modified":"2026-04-13T13:25:29","modified_gmt":"2026-04-13T13:25:29","slug":"la-comunicacion-en-los-medios-audiovisuales-publicos-ante-la-geopolitica-del-siglo-xxi","status":"publish","type":"post","link":"https:\/\/fcctp.usmp.edu.pe\/biblioteca\/2024\/06\/26\/la-comunicacion-en-los-medios-audiovisuales-publicos-ante-la-geopolitica-del-siglo-xxi\/","title":{"rendered":"La comunicaci\u00f3n en los medios audiovisuales p\u00fablicos ante la geopol\u00edtica del siglo XXI"},"content":{"rendered":"\t\t<div data-elementor-type=\"wp-post\" data-elementor-id=\"12245\" class=\"elementor elementor-12245\">\n\t\t\t\t\t\t\t\t\t<section class=\"elementor-section elementor-top-section elementor-element elementor-element-db9db59 elementor-section-boxed elementor-section-height-default elementor-section-height-default\" data-id=\"db9db59\" data-element_type=\"section\">\n\t\t\t\t\t\t<div class=\"elementor-container elementor-column-gap-default\">\n\t\t\t\t\t<div class=\"elementor-column elementor-col-100 elementor-top-column elementor-element elementor-element-adadcef\" data-id=\"adadcef\" data-element_type=\"column\">\n\t\t\t<div class=\"elementor-widget-wrap elementor-element-populated\">\n\t\t\t\t\t\t\t\t<div class=\"elementor-element elementor-element-ea57353 elementor-widget elementor-widget-spacer\" data-id=\"ea57353\" data-element_type=\"widget\" data-widget_type=\"spacer.default\">\n\t\t\t\t<div class=\"elementor-widget-container\">\n\t\t\t<style>\/*! elementor - v3.14.0 - 26-06-2023 *\/\n.elementor-column .elementor-spacer-inner{height:var(--spacer-size)}.e-con{--container-widget-width:100%}.e-con-inner>.elementor-widget-spacer,.e-con>.elementor-widget-spacer{width:var(--container-widget-width,var(--spacer-size));--align-self:var(--container-widget-align-self,initial);--flex-shrink:0}.e-con-inner>.elementor-widget-spacer>.elementor-widget-container,.e-con-inner>.elementor-widget-spacer>.elementor-widget-container>.elementor-spacer,.e-con>.elementor-widget-spacer>.elementor-widget-container,.e-con>.elementor-widget-spacer>.elementor-widget-container>.elementor-spacer{height:100%}.e-con-inner>.elementor-widget-spacer>.elementor-widget-container>.elementor-spacer>.elementor-spacer-inner,.e-con>.elementor-widget-spacer>.elementor-widget-container>.elementor-spacer>.elementor-spacer-inner{height:var(--container-widget-height,var(--spacer-size))}<\/style>\t\t<div class=\"elementor-spacer\">\n\t\t\t<div class=\"elementor-spacer-inner\"><\/div>\n\t\t<\/div>\n\t\t\t\t<\/div>\n\t\t\t\t<\/div>\n\t\t\t\t<div class=\"elementor-element elementor-element-56dfee2 elementor-widget elementor-widget-heading\" data-id=\"56dfee2\" data-element_type=\"widget\" data-widget_type=\"heading.default\">\n\t\t\t\t<div class=\"elementor-widget-container\">\n\t\t\t<style>\/*! elementor - v3.14.0 - 26-06-2023 *\/\n.elementor-heading-title{padding:0;margin:0;line-height:1}.elementor-widget-heading .elementor-heading-title[class*=elementor-size-]>a{color:inherit;font-size:inherit;line-height:inherit}.elementor-widget-heading .elementor-heading-title.elementor-size-small{font-size:15px}.elementor-widget-heading .elementor-heading-title.elementor-size-medium{font-size:19px}.elementor-widget-heading .elementor-heading-title.elementor-size-large{font-size:29px}.elementor-widget-heading .elementor-heading-title.elementor-size-xl{font-size:39px}.elementor-widget-heading .elementor-heading-title.elementor-size-xxl{font-size:59px}<\/style><h2 class=\"elementor-heading-title elementor-size-default\">> Colecci\u00f3n: Ciencias de la Comunicaci\u00f3n\n<\/h2>\t\t<\/div>\n\t\t\t\t<\/div>\n\t\t\t\t<div class=\"elementor-element elementor-element-338b291 elementor-widget-divider--view-line elementor-widget elementor-widget-divider\" data-id=\"338b291\" data-element_type=\"widget\" data-widget_type=\"divider.default\">\n\t\t\t\t<div class=\"elementor-widget-container\">\n\t\t\t<style>\/*! elementor - v3.14.0 - 26-06-2023 *\/\n.elementor-widget-divider{--divider-border-style:none;--divider-border-width:1px;--divider-color:#0c0d0e;--divider-icon-size:20px;--divider-element-spacing:10px;--divider-pattern-height:24px;--divider-pattern-size:20px;--divider-pattern-url:none;--divider-pattern-repeat:repeat-x}.elementor-widget-divider .elementor-divider{display:flex}.elementor-widget-divider .elementor-divider__text{font-size:15px;line-height:1;max-width:95%}.elementor-widget-divider .elementor-divider__element{margin:0 var(--divider-element-spacing);flex-shrink:0}.elementor-widget-divider .elementor-icon{font-size:var(--divider-icon-size)}.elementor-widget-divider .elementor-divider-separator{display:flex;margin:0;direction:ltr}.elementor-widget-divider--view-line_icon .elementor-divider-separator,.elementor-widget-divider--view-line_text .elementor-divider-separator{align-items:center}.elementor-widget-divider--view-line_icon .elementor-divider-separator:after,.elementor-widget-divider--view-line_icon .elementor-divider-separator:before,.elementor-widget-divider--view-line_text .elementor-divider-separator:after,.elementor-widget-divider--view-line_text .elementor-divider-separator:before{display:block;content:\"\";border-bottom:0;flex-grow:1;border-top:var(--divider-border-width) var(--divider-border-style) var(--divider-color)}.elementor-widget-divider--element-align-left .elementor-divider .elementor-divider-separator>.elementor-divider__svg:first-of-type{flex-grow:0;flex-shrink:100}.elementor-widget-divider--element-align-left .elementor-divider-separator:before{content:none}.elementor-widget-divider--element-align-left .elementor-divider__element{margin-left:0}.elementor-widget-divider--element-align-right .elementor-divider .elementor-divider-separator>.elementor-divider__svg:last-of-type{flex-grow:0;flex-shrink:100}.elementor-widget-divider--element-align-right .elementor-divider-separator:after{content:none}.elementor-widget-divider--element-align-right .elementor-divider__element{margin-right:0}.elementor-widget-divider:not(.elementor-widget-divider--view-line_text):not(.elementor-widget-divider--view-line_icon) .elementor-divider-separator{border-top:var(--divider-border-width) var(--divider-border-style) var(--divider-color)}.elementor-widget-divider--separator-type-pattern{--divider-border-style:none}.elementor-widget-divider--separator-type-pattern.elementor-widget-divider--view-line .elementor-divider-separator,.elementor-widget-divider--separator-type-pattern:not(.elementor-widget-divider--view-line) .elementor-divider-separator:after,.elementor-widget-divider--separator-type-pattern:not(.elementor-widget-divider--view-line) .elementor-divider-separator:before,.elementor-widget-divider--separator-type-pattern:not([class*=elementor-widget-divider--view]) .elementor-divider-separator{width:100%;min-height:var(--divider-pattern-height);-webkit-mask-size:var(--divider-pattern-size) 100%;mask-size:var(--divider-pattern-size) 100%;-webkit-mask-repeat:var(--divider-pattern-repeat);mask-repeat:var(--divider-pattern-repeat);background-color:var(--divider-color);-webkit-mask-image:var(--divider-pattern-url);mask-image:var(--divider-pattern-url)}.elementor-widget-divider--no-spacing{--divider-pattern-size:auto}.elementor-widget-divider--bg-round{--divider-pattern-repeat:round}.rtl .elementor-widget-divider .elementor-divider__text{direction:rtl}.e-con-inner>.elementor-widget-divider,.e-con>.elementor-widget-divider{width:var(--container-widget-width,100%);--flex-grow:var(--container-widget-flex-grow)}<\/style>\t\t<div class=\"elementor-divider\">\n\t\t\t<span class=\"elementor-divider-separator\">\n\t\t\t\t\t\t<\/span>\n\t\t<\/div>\n\t\t\t\t<\/div>\n\t\t\t\t<\/div>\n\t\t\t\t\t<\/div>\n\t\t<\/div>\n\t\t\t\t\t\t\t<\/div>\n\t\t<\/section>\n\t\t\t\t<section class=\"elementor-section elementor-top-section elementor-element elementor-element-81ea73d elementor-section-boxed elementor-section-height-default elementor-section-height-default\" data-id=\"81ea73d\" data-element_type=\"section\">\n\t\t\t\t\t\t<div class=\"elementor-container elementor-column-gap-default\">\n\t\t\t\t\t<div class=\"elementor-column elementor-col-50 elementor-top-column elementor-element elementor-element-2df90fe\" data-id=\"2df90fe\" data-element_type=\"column\">\n\t\t\t<div class=\"elementor-widget-wrap elementor-element-populated\">\n\t\t\t\t\t\t\t\t<div class=\"elementor-element elementor-element-77babbb elementor-widget elementor-widget-heading\" data-id=\"77babbb\" data-element_type=\"widget\" data-widget_type=\"heading.default\">\n\t\t\t\t<div class=\"elementor-widget-container\">\n\t\t\t<h1 class=\"elementor-heading-title elementor-size-default\">La comunicaci\u00f3n en los medios audiovisuales p\u00fablicos ante la geopol\u00edtica del siglo XXI<\/h1>\t\t<\/div>\n\t\t\t\t<\/div>\n\t\t\t\t<div class=\"elementor-element elementor-element-b74cbbd elementor-widget elementor-widget-heading\" data-id=\"b74cbbd\" data-element_type=\"widget\" data-widget_type=\"heading.default\">\n\t\t\t\t<div class=\"elementor-widget-container\">\n\t\t\t<h2 class=\"elementor-heading-title elementor-size-default\"><b>Autor:<\/b> Franc\u00e9s, Miquel & Torres, Gabriel<br>\n<b>A\u00f1o:<\/b> 2023<\/h2>\t\t<\/div>\n\t\t\t\t<\/div>\n\t\t\t\t\t<\/div>\n\t\t<\/div>\n\t\t\t\t<div class=\"elementor-column elementor-col-50 elementor-top-column elementor-element elementor-element-8ef58a9\" data-id=\"8ef58a9\" data-element_type=\"column\">\n\t\t\t<div class=\"elementor-widget-wrap\">\n\t\t\t\t\t\t\t\t\t<\/div>\n\t\t<\/div>\n\t\t\t\t\t\t\t<\/div>\n\t\t<\/section>\n\t\t\t\t<section class=\"elementor-section elementor-top-section elementor-element elementor-element-ba60f2a elementor-section-boxed elementor-section-height-default elementor-section-height-default\" data-id=\"ba60f2a\" data-element_type=\"section\">\n\t\t\t\t\t\t<div class=\"elementor-container elementor-column-gap-default\">\n\t\t\t\t\t<div class=\"elementor-column elementor-col-50 elementor-top-column elementor-element elementor-element-9fa9d48\" data-id=\"9fa9d48\" data-element_type=\"column\">\n\t\t\t<div class=\"elementor-widget-wrap elementor-element-populated\">\n\t\t\t\t\t\t\t\t<div class=\"elementor-element elementor-element-173b726 elementor-widget elementor-widget-image\" data-id=\"173b726\" data-element_type=\"widget\" data-widget_type=\"image.default\">\n\t\t\t\t<div class=\"elementor-widget-container\">\n\t\t\t<style>\/*! elementor - v3.14.0 - 26-06-2023 *\/\n.elementor-widget-image{text-align:center}.elementor-widget-image a{display:inline-block}.elementor-widget-image a img[src$=\".svg\"]{width:48px}.elementor-widget-image img{vertical-align:middle;display:inline-block}<\/style>\t\t\t\t\t\t\t\t\t\t\t\t<img loading=\"lazy\" decoding=\"async\" width=\"332\" height=\"488\" src=\"https:\/\/fcctp.usmp.edu.pe\/biblioteca\/wp-content\/uploads\/2024\/06\/La-comunicacion-en-los-medios-audiovisuales-publicos-ante-la-geopolitica-del-siglo-XXI.png\" class=\"attachment-full size-full wp-image-12246\" alt=\"\" srcset=\"https:\/\/fcctp.usmp.edu.pe\/biblioteca\/wp-content\/uploads\/2024\/06\/La-comunicacion-en-los-medios-audiovisuales-publicos-ante-la-geopolitica-del-siglo-XXI.png 332w, https:\/\/fcctp.usmp.edu.pe\/biblioteca\/wp-content\/uploads\/2024\/06\/La-comunicacion-en-los-medios-audiovisuales-publicos-ante-la-geopolitica-del-siglo-XXI-204x300.png 204w\" sizes=\"auto, (max-width: 332px) 100vw, 332px\" \/>\t\t\t\t\t\t\t\t\t\t\t\t\t\t\t<\/div>\n\t\t\t\t<\/div>\n\t\t\t\t<div class=\"elementor-element elementor-element-2302d35 elementor-widget elementor-widget-heading\" data-id=\"2302d35\" data-element_type=\"widget\" data-widget_type=\"heading.default\">\n\t\t\t\t<div class=\"elementor-widget-container\">\n\t\t\t<h2 class=\"elementor-heading-title elementor-size-default\">Libro en formato digital<\/h2>\t\t<\/div>\n\t\t\t\t<\/div>\n\t\t\t\t\t<\/div>\n\t\t<\/div>\n\t\t\t\t<div class=\"elementor-column elementor-col-50 elementor-top-column elementor-element elementor-element-f79c1f8\" data-id=\"f79c1f8\" data-element_type=\"column\">\n\t\t\t<div class=\"elementor-widget-wrap elementor-element-populated\">\n\t\t\t\t\t\t\t\t<div class=\"elementor-element elementor-element-8a3718b elementor-widget elementor-widget-text-editor\" data-id=\"8a3718b\" data-element_type=\"widget\" data-widget_type=\"text-editor.default\">\n\t\t\t\t<div class=\"elementor-widget-container\">\n\t\t\t<style>\/*! elementor - v3.14.0 - 26-06-2023 *\/\n.elementor-widget-text-editor.elementor-drop-cap-view-stacked .elementor-drop-cap{background-color:#69727d;color:#fff}.elementor-widget-text-editor.elementor-drop-cap-view-framed .elementor-drop-cap{color:#69727d;border:3px solid;background-color:transparent}.elementor-widget-text-editor:not(.elementor-drop-cap-view-default) .elementor-drop-cap{margin-top:8px}.elementor-widget-text-editor:not(.elementor-drop-cap-view-default) .elementor-drop-cap-letter{width:1em;height:1em}.elementor-widget-text-editor .elementor-drop-cap{float:left;text-align:center;line-height:1;font-size:50px}.elementor-widget-text-editor .elementor-drop-cap-letter{display:inline-block}<\/style>\t\t\t\t<p><strong>Resumen:<\/strong><\/p><p>En todos los periodos hist\u00f3ricos de relevancia, los medios de comunicaci\u00f3n p\u00fablicos han sido fundamentales para proporcionar informaci\u00f3n contrastada y de calidad. El con\ufb02icto actual entre Rusia y Ucrania, as\u00ed como ciertos contextos de populismo autocr\u00e1tico, han evidenciado las di\ufb01cultades y retos que pueden surgir, especialmente la tentaci\u00f3n del intrusismo progubernamental que puede alejar a las gobernanzas de sus obligaciones de garantizar una informaci\u00f3n independiente y veri\ufb01cada para los ciudadanos. La reciente experiencia postpand\u00e9mica ha demostrado a\u00fan m\u00e1s la responsabilidad de los medios de comunicaci\u00f3n. Esta coyuntura sin precedentes, resultado del con\ufb01namiento global, marcar\u00e1 un hito en la evoluci\u00f3n de la comunicaci\u00f3n global. Ante estas circunstancias, este libro propone un debate esencial sobre el papel que deben desempe\u00f1ar los medios de comunicaci\u00f3n p\u00fablicos. Ofrece una re\ufb02exi\u00f3n cr\u00edtica sobre el periodismo como mediador social y su rol en la recon\ufb01guraci\u00f3n del espacio p\u00fablico. Se analizan las causas y consecuencias de la crisis de la mediaci\u00f3n period\u00edstica, se exploran nuevos enfoques period\u00edsticos y pr\u00e1cticas de veri\ufb01caci\u00f3n, y se presta atenci\u00f3n a la emergencia de discursos polarizadores en la sociedad.<\/p>\t\t\t\t\t\t<\/div>\n\t\t\t\t<\/div>\n\t\t\t\t\t<\/div>\n\t\t<\/div>\n\t\t\t\t\t\t\t<\/div>\n\t\t<\/section>\n\t\t\t\t<section class=\"elementor-section elementor-top-section elementor-element elementor-element-94d8f6d elementor-section-boxed elementor-section-height-default elementor-section-height-default\" data-id=\"94d8f6d\" data-element_type=\"section\">\n\t\t\t\t\t\t<div class=\"elementor-container elementor-column-gap-default\">\n\t\t\t\t\t<div class=\"elementor-column elementor-col-100 elementor-top-column elementor-element elementor-element-3e9a545\" data-id=\"3e9a545\" data-element_type=\"column\">\n\t\t\t<div class=\"elementor-widget-wrap elementor-element-populated\">\n\t\t\t\t\t\t\t\t<div class=\"elementor-element elementor-element-b6a1603 elementor-widget elementor-widget-text-editor\" data-id=\"b6a1603\" data-element_type=\"widget\" data-widget_type=\"text-editor.default\">\n\t\t\t\t<div class=\"elementor-widget-container\">\n\t\t\t\t\t\t\t<h2 class=\"elementor-heading-title elementor-size-default elementor-inline-editing pen\" style=\"font-family: var( --e-global-typography-83641c3-font-family ), Sans-serif; font-size: var( --e-global-typography-83641c3-font-size ); font-style: normal; font-weight: var( --e-global-typography-83641c3-font-weight ); line-height: var( --e-global-typography-83641c3-line-height ); color: var( --e-global-color-text ); text-align: center;\" spellcheck=\"false\" data-elementor-setting-key=\"title\" data-pen-placeholder=\"Teclea aqu\u00ed...\" data-ms-editor=\"true\"><em>* Recuerda que, para consultar esta publicaci\u00f3n, debes logearte previamente con tu ususario y contrase\u00f1a del moodle del aula virtual en Mi Campus.<\/em><\/h2>\t\t\t\t\t\t<\/div>\n\t\t\t\t<\/div>\n\t\t\t\t<div class=\"elementor-element elementor-element-ec0058c elementor-align-center elementor-widget elementor-widget-button\" data-id=\"ec0058c\" data-element_type=\"widget\" data-widget_type=\"button.default\">\n\t\t\t\t<div class=\"elementor-widget-container\">\n\t\t\t\t\t<div class=\"elementor-button-wrapper\">\n\t\t\t<a class=\"elementor-button elementor-button-link elementor-size-sm\" href=\"https:\/\/elibro.net\/es\/lc\/bibliotecafmh\/titulos\/245898\" target=\"_blank\" rel=\"noopener\">\n\t\t\t\t\t\t<span class=\"elementor-button-content-wrapper\">\n\t\t\t\t\t\t<span class=\"elementor-button-text\">Encu\u00e9ntralo aqu\u00ed<\/span>\n\t\t<\/span>\n\t\t\t\t\t<\/a>\n\t\t<\/div>\n\t\t\t\t<\/div>\n\t\t\t\t<\/div>\n\t\t\t\t<div class=\"elementor-element elementor-element-dde1470 elementor-widget elementor-widget-spacer\" data-id=\"dde1470\" data-element_type=\"widget\" data-widget_type=\"spacer.default\">\n\t\t\t\t<div class=\"elementor-widget-container\">\n\t\t\t\t\t<div class=\"elementor-spacer\">\n\t\t\t<div class=\"elementor-spacer-inner\"><\/div>\n\t\t<\/div>\n\t\t\t\t<\/div>\n\t\t\t\t<\/div>\n\t\t\t\t\t<\/div>\n\t\t<\/div>\n\t\t\t\t\t\t\t<\/div>\n\t\t<\/section>\n\t\t\t\t\t\t\t<\/div>\n\t\t","protected":false},"excerpt":{"rendered":"<p>> Colecci\u00f3n: Ciencias de la Comunicaci\u00f3n La comunicaci\u00f3n en los medios audiovisuales p\u00fablicos ante la geopol\u00edtica del siglo XXI Autor: Franc\u00e9s, Miquel &#038; Torres, Gabriel A\u00f1o: 2023 Libro en formato &#8230; <a title=\"La comunicaci\u00f3n en los medios audiovisuales p\u00fablicos ante la geopol\u00edtica del siglo XXI\" class=\"read-more\" href=\"https:\/\/fcctp.usmp.edu.pe\/biblioteca\/2024\/06\/26\/la-comunicacion-en-los-medios-audiovisuales-publicos-ante-la-geopolitica-del-siglo-xxi\/\" aria-label=\"M\u00e1s en La comunicaci\u00f3n en los medios audiovisuales p\u00fablicos ante la geopol\u00edtica del siglo XXI\">Leer m\u00e1s<\/a><\/p>\n","protected":false},"author":2,"featured_media":12591,"comment_status":"closed","ping_status":"closed","sticky":false,"template":"elementor_header_footer","format":"standard","meta":{"footnotes":""},"categories":[6],"tags":[],"class_list":["post-12245","post","type-post","status-publish","format-standard","has-post-thumbnail","hentry","category-comunicaciones"],"_links":{"self":[{"href":"https:\/\/fcctp.usmp.edu.pe\/biblioteca\/wp-json\/wp\/v2\/posts\/12245","targetHints":{"allow":["GET"]}}],"collection":[{"href":"https:\/\/fcctp.usmp.edu.pe\/biblioteca\/wp-json\/wp\/v2\/posts"}],"about":[{"href":"https:\/\/fcctp.usmp.edu.pe\/biblioteca\/wp-json\/wp\/v2\/types\/post"}],"author":[{"embeddable":true,"href":"https:\/\/fcctp.usmp.edu.pe\/biblioteca\/wp-json\/wp\/v2\/users\/2"}],"replies":[{"embeddable":true,"href":"https:\/\/fcctp.usmp.edu.pe\/biblioteca\/wp-json\/wp\/v2\/comments?post=12245"}],"version-history":[{"count":4,"href":"https:\/\/fcctp.usmp.edu.pe\/biblioteca\/wp-json\/wp\/v2\/posts\/12245\/revisions"}],"predecessor-version":[{"id":12251,"href":"https:\/\/fcctp.usmp.edu.pe\/biblioteca\/wp-json\/wp\/v2\/posts\/12245\/revisions\/12251"}],"wp:featuredmedia":[{"embeddable":true,"href":"https:\/\/fcctp.usmp.edu.pe\/biblioteca\/wp-json\/wp\/v2\/media\/12591"}],"wp:attachment":[{"href":"https:\/\/fcctp.usmp.edu.pe\/biblioteca\/wp-json\/wp\/v2\/media?parent=12245"}],"wp:term":[{"taxonomy":"category","embeddable":true,"href":"https:\/\/fcctp.usmp.edu.pe\/biblioteca\/wp-json\/wp\/v2\/categories?post=12245"},{"taxonomy":"post_tag","embeddable":true,"href":"https:\/\/fcctp.usmp.edu.pe\/biblioteca\/wp-json\/wp\/v2\/tags?post=12245"}],"curies":[{"name":"wp","href":"https:\/\/api.w.org\/{rel}","templated":true}]}}